{"id":4953,"date":"2020-12-29T19:45:00","date_gmt":"2020-12-29T19:45:00","guid":{"rendered":"https:\/\/algarve7.pt\/?p=4953"},"modified":"2020-12-29T17:43:26","modified_gmt":"2020-12-29T17:43:26","slug":"pandemia-agrava-o-defice-orcamental-em-9267-milhoes-de-euros-ate-novembro","status":"publish","type":"post","link":"https:\/\/algarve7.pt\/index.php\/2020\/12\/pandemia-agrava-o-defice-orcamental-em-9267-milhoes-de-euros-ate-novembro\/economia\/19\/45\/","title":{"rendered":"Pandemia agrava o d\u00e9fice or\u00e7amental em 9267 milh\u00f5es de euros at\u00e9 novembro"},"content":{"rendered":"\n<p>At\u00e9 novembro, a execu\u00e7\u00e3o or\u00e7amental em contabilidade p\u00fablica das Administra\u00e7\u00f5es P\u00fablicas (AP) apresentou um d\u00e9fice de 8691 ME, o que representa um agravamento de 9267 ME face ao per\u00edodo hom\u00f3logo, que se justifica pelos impactos da Covid-19.<br>A degrada\u00e7\u00e3o do saldo, em consequ\u00eancia da pandemia, resulta do efeito combinado de redu\u00e7\u00e3o da receita (-6,3%) e acr\u00e9scimo da despesa (+5,3%), quer pelos impactos adversos na economia que se refletem na redu\u00e7\u00e3o acentuada da receita fiscal e contributiva, quer pelo acr\u00e9scimo na despesa associado \u00e0s medidas extraordin\u00e1rias direcionadas ao apoio \u00e0s fam\u00edlias e \u00e0s empresas.&nbsp;<br>Estes efeitos levaram a um agravamento adicional do saldo at\u00e9 novembro justificados:&nbsp;<\/p>\n\n\n\n<ul class=\"wp-block-list\"><li>Pela quebra de receita (-1 574 ME), refletindo principalmente os impactos da suspens\u00e3o dos pagamentos por conta (-791 ME) e da perda de receita contributiva pela isen\u00e7\u00e3o de pagamento de TSU no \u00e2mbito do regime de lay-off simplificado, apoio \u00e0 retoma progressiva e incentivo financeiro \u00e0 normaliza\u00e7\u00e3o da atividade empresarial estimada em cerca 518 ME. A estes efeitos acresce o diferimento da receita do IVA liquidado em novembro e que ser\u00e1 pago atrav\u00e9s de planos prestacionais e as medidas de isen\u00e7\u00e3o ou redu\u00e7\u00e3o da taxa contributiva (-265 ME).&nbsp;<\/li><li>Pelo crescimento da despesa (+2 663 ME), sobretudo associado \u00e0s medidas de lay-off (+880 ME), incluindo o complemento de estabiliza\u00e7\u00e3o, aquisi\u00e7\u00e3o de equipamentos na sa\u00fade (+491 ME), apoios \u00e0 redu\u00e7\u00e3o da atividade econ\u00f3mica e retoma progressiva (+385 ME) e no \u00e2mbito do incentivo extraordin\u00e1rio \u00e0 normaliza\u00e7\u00e3o (+248 ME).&nbsp;<\/li><\/ul>\n\n\n\n<p><strong>Receita fiscal e contributiva com forte deteriora\u00e7\u00e3o na sequ\u00eancia da pandemia<\/strong><br>A receita fiscal recuou 7,4%, com a generalidade dos impostos a evidenciar quebras que refletem a contra\u00e7\u00e3o da atividade econ\u00f3mica, destacando-se a redu\u00e7\u00e3o de 9,4% no IVA. As contribui\u00e7\u00f5es para a Seguran\u00e7a Social reduziram-se em 1,1% na sequ\u00eancia do abrandamento da atividade econ\u00f3mica e dos meses mais intensos do lay-off simplificado.&nbsp;<br><strong>Despesa prim\u00e1ria cresce 6,6% pelo refor\u00e7o das presta\u00e7\u00f5es sociais, Servi\u00e7o Nacional de Sa\u00fade e investimento p\u00fablico&nbsp;<\/strong><br>A despesa prim\u00e1ria cresceu 6,6%, significativamente influenciada pelo forte crescimento da despesa da Seguran\u00e7a Social (+12,9%, +3 017 ME), dos quais 1781 ME associados \u00e0 Covid-19, representando 92% do or\u00e7amentado em sede de or\u00e7amento suplementar, o que permite antecipar a sua plena execu\u00e7\u00e3o. Destacam-se os acr\u00e9scimos na despesa com pens\u00f5es (3,3%) e outras presta\u00e7\u00f5es sociais excluindo medidas espec\u00edficas Covid-19 (11,1%) com particular destaque para as Presta\u00e7\u00f5es de Desemprego (26,1 %), Subs\u00eddio por Doen\u00e7a (17,6%) e Presta\u00e7\u00e3o Social para a Inclus\u00e3o dirigida a pessoas com defici\u00eancia (19,7%).&nbsp;<br>A despesa com sal\u00e1rios dos funcion\u00e1rios p\u00fablicos cresceu 3,7% refletindo o descongelamento das carreiras, destacando-se o forte aumento de 5,6% da despesa com sal\u00e1rios dos professores.<br><strong>Investimento no Servi\u00e7o Nacional de Sa\u00fade (SNS) cresce 96,1% e ultrapassa m\u00e1ximos hist\u00f3ricos atingindo 242 ME&nbsp;<\/strong><br>Em resposta \u00e0 pandemia, a despesa do SNS aumentou de forma muito expressiva a um ritmo de 6%, destacando-se o crescimento extraordin\u00e1rio do investimento (+96,1%) que atinge os 242 ME, um aumento de 55,2% face \u00e0 execu\u00e7\u00e3o integral de 2019 (156 ME), e das despesas com pessoal (5,9%) devido tamb\u00e9m ao acr\u00e9scimo do n\u00famero de profissionais de sa\u00fade do SNS de 5,9% at\u00e9 novembro (+7 893 trabalhadores).&nbsp;<\/p>\n","protected":false},"excerpt":{"rendered":"<p>At\u00e9 novembro, a execu\u00e7\u00e3o or\u00e7amental em contabilidade p\u00fablica das Administra\u00e7\u00f5es P\u00fablicas (AP) apresentou um d\u00e9fice de 8691 ME, o que<\/p>\n","protected":false},"author":1,"featured_media":4954,"comment_status":"closed","ping_status":"open","sticky":false,"template":"","format":"standard","meta":{"colormag_page_container_layout":"default_layout","colormag_page_sidebar_layout":"default_layout","_monsterinsights_skip_tracking":false,"_monsterinsights_sitenote_active":false,"_monsterinsights_sitenote_note":"","_monsterinsights_sitenote_category":0,"jetpack_post_was_ever_published":false,"_jetpack_newsletter_access":"","_jetpack_dont_email_post_to_subs":false,"_jetpack_newsletter_tier_id":0,"_jetpack_memberships_contains_paywalled_content":false,"_jetpack_memberships_contains_paid_content":false,"footnotes":"","jetpack_publicize_message":"","jetpack_publicize_feature_enabled":true,"jetpack_social_post_already_shared":true,"jetpack_social_options":{"image_generator_settings":{"template":"highway","default_image_id":0,"font":"","enabled":false},"version":2}},"categories":[151,189],"tags":[153,98],"class_list":["post-4953","post","type-post","status-publish","format-standard","has-post-thumbnail","hentry","category-economia","category-nacional","tag-economia","tag-nacional"],"yoast_head":"<!-- This site is optimized with the Yoast SEO plugin v27.5 - https:\/\/yoast.com\/product\/yoast-seo-wordpress\/ -->\n<title>Pandemia agrava o d\u00e9fice or\u00e7amental em 9267 milh\u00f5es de euros at\u00e9 novembro - Algarve 7<\/title>\n<meta name=\"description\" content=\"Pandemia agrava o d\u00e9fice or\u00e7amental em 9267 milh\u00f5es de euros at\u00e9 novembro Economia\" \/>\n<meta name=\"robots\" content=\"index, follow, max-snippet:-1, max-image-preview:large, max-video-preview:-1\" \/>\n<link rel=\"canonical\" href=\"https:\/\/algarve7.pt\/index.php\/2020\/12\/pandemia-agrava-o-defice-orcamental-em-9267-milhoes-de-euros-ate-novembro\/economia\/19\/45\/\" \/>\n<meta property=\"og:locale\" content=\"pt_PT\" \/>\n<meta property=\"og:type\" content=\"article\" \/>\n<meta property=\"og:title\" content=\"Pandemia agrava o d\u00e9fice or\u00e7amental em 9267 milh\u00f5es de euros at\u00e9 novembro - Algarve 7\" \/>\n<meta property=\"og:description\" content=\"Pandemia agrava o d\u00e9fice or\u00e7amental em 9267 milh\u00f5es de euros at\u00e9 novembro Economia\" \/>\n<meta property=\"og:url\" content=\"https:\/\/algarve7.pt\/index.php\/2020\/12\/pandemia-agrava-o-defice-orcamental-em-9267-milhoes-de-euros-ate-novembro\/economia\/19\/45\/\" \/>\n<meta property=\"og:site_name\" content=\"Algarve 7\" \/>\n<meta property=\"article:publisher\" content=\"https:\/\/www.facebook.com\/algarve7\" \/>\n<meta property=\"article:author\" content=\"https:\/\/www.facebook.com\/algarve7\" \/>\n<meta property=\"article:published_time\" content=\"2020-12-29T19:45:00+00:00\" \/>\n<meta property=\"og:image\" content=\"https:\/\/algarve7.pt\/wp-content\/uploads\/2020\/12\/i050784.jpg\" \/>\n\t<meta property=\"og:image:width\" content=\"1920\" \/>\n\t<meta property=\"og:image:height\" content=\"1280\" \/>\n\t<meta property=\"og:image:type\" content=\"image\/jpeg\" \/>\n<meta name=\"author\" content=\"Algarve 7\" \/>\n<meta name=\"twitter:card\" content=\"summary_large_image\" \/>\n<meta name=\"twitter:creator\" content=\"@Algarvesete\" \/>\n<meta name=\"twitter:site\" content=\"@Algarvesete\" \/>\n<meta name=\"twitter:label1\" content=\"Escrito por\" \/>\n\t<meta name=\"twitter:data1\" content=\"Algarve 7\" \/>\n\t<meta name=\"twitter:label2\" content=\"Tempo estimado de leitura\" \/>\n\t<meta name=\"twitter:data2\" content=\"3 minutos\" \/>\n<script type=\"application\/ld+json\" class=\"yoast-schema-graph\">{\"@context\":\"https:\\\/\\\/schema.org\",\"@graph\":[{\"@type\":\"Article\",\"@id\":\"https:\\\/\\\/algarve7.pt\\\/index.php\\\/2020\\\/12\\\/pandemia-agrava-o-defice-orcamental-em-9267-milhoes-de-euros-ate-novembro\\\/economia\\\/19\\\/45\\\/#article\",\"isPartOf\":{\"@id\":\"https:\\\/\\\/algarve7.pt\\\/index.php\\\/2020\\\/12\\\/pandemia-agrava-o-defice-orcamental-em-9267-milhoes-de-euros-ate-novembro\\\/economia\\\/19\\\/45\\\/\"},\"author\":{\"name\":\"Algarve 7\",\"@id\":\"https:\\\/\\\/algarve7.pt\\\/#\\\/schema\\\/person\\\/23fa70681308e7b319a3204bcea45e0c\"},\"headline\":\"Pandemia agrava o d\u00e9fice or\u00e7amental em 9267 milh\u00f5es de euros at\u00e9 novembro\",\"datePublished\":\"2020-12-29T19:45:00+00:00\",\"mainEntityOfPage\":{\"@id\":\"https:\\\/\\\/algarve7.pt\\\/index.php\\\/2020\\\/12\\\/pandemia-agrava-o-defice-orcamental-em-9267-milhoes-de-euros-ate-novembro\\\/economia\\\/19\\\/45\\\/\"},\"wordCount\":562,\"publisher\":{\"@id\":\"https:\\\/\\\/algarve7.pt\\\/#organization\"},\"image\":{\"@id\":\"https:\\\/\\\/algarve7.pt\\\/index.php\\\/2020\\\/12\\\/pandemia-agrava-o-defice-orcamental-em-9267-milhoes-de-euros-ate-novembro\\\/economia\\\/19\\\/45\\\/#primaryimage\"},\"thumbnailUrl\":\"https:\\\/\\\/algarve7.pt\\\/wp-content\\\/uploads\\\/2020\\\/12\\\/i050784.jpg\",\"keywords\":[\"Economia\",\"Nacional\"],\"articleSection\":[\"Economia\",\"Nacional\"],\"inLanguage\":\"pt-PT\"},{\"@type\":\"WebPage\",\"@id\":\"https:\\\/\\\/algarve7.pt\\\/index.php\\\/2020\\\/12\\\/pandemia-agrava-o-defice-orcamental-em-9267-milhoes-de-euros-ate-novembro\\\/economia\\\/19\\\/45\\\/\",\"url\":\"https:\\\/\\\/algarve7.pt\\\/index.php\\\/2020\\\/12\\\/pandemia-agrava-o-defice-orcamental-em-9267-milhoes-de-euros-ate-novembro\\\/economia\\\/19\\\/45\\\/\",\"name\":\"Pandemia agrava o d\u00e9fice or\u00e7amental em 9267 milh\u00f5es de euros at\u00e9 novembro - Algarve 7\",\"isPartOf\":{\"@id\":\"https:\\\/\\\/algarve7.pt\\\/#website\"},\"primaryImageOfPage\":{\"@id\":\"https:\\\/\\\/algarve7.pt\\\/index.php\\\/2020\\\/12\\\/pandemia-agrava-o-defice-orcamental-em-9267-milhoes-de-euros-ate-novembro\\\/economia\\\/19\\\/45\\\/#primaryimage\"},\"image\":{\"@id\":\"https:\\\/\\\/algarve7.pt\\\/index.php\\\/2020\\\/12\\\/pandemia-agrava-o-defice-orcamental-em-9267-milhoes-de-euros-ate-novembro\\\/economia\\\/19\\\/45\\\/#primaryimage\"},\"thumbnailUrl\":\"https:\\\/\\\/algarve7.pt\\\/wp-content\\\/uploads\\\/2020\\\/12\\\/i050784.jpg\",\"datePublished\":\"2020-12-29T19:45:00+00:00\",\"description\":\"Pandemia agrava o d\u00e9fice or\u00e7amental em 9267 milh\u00f5es de euros at\u00e9 novembro Economia\",\"breadcrumb\":{\"@id\":\"https:\\\/\\\/algarve7.pt\\\/index.php\\\/2020\\\/12\\\/pandemia-agrava-o-defice-orcamental-em-9267-milhoes-de-euros-ate-novembro\\\/economia\\\/19\\\/45\\\/#breadcrumb\"},\"inLanguage\":\"pt-PT\",\"potentialAction\":[{\"@type\":\"ReadAction\",\"target\":[\"https:\\\/\\\/algarve7.pt\\\/index.php\\\/2020\\\/12\\\/pandemia-agrava-o-defice-orcamental-em-9267-milhoes-de-euros-ate-novembro\\\/economia\\\/19\\\/45\\\/\"]}]},{\"@type\":\"ImageObject\",\"inLanguage\":\"pt-PT\",\"@id\":\"https:\\\/\\\/algarve7.pt\\\/index.php\\\/2020\\\/12\\\/pandemia-agrava-o-defice-orcamental-em-9267-milhoes-de-euros-ate-novembro\\\/economia\\\/19\\\/45\\\/#primaryimage\",\"url\":\"https:\\\/\\\/algarve7.pt\\\/wp-content\\\/uploads\\\/2020\\\/12\\\/i050784.jpg\",\"contentUrl\":\"https:\\\/\\\/algarve7.pt\\\/wp-content\\\/uploads\\\/2020\\\/12\\\/i050784.jpg\",\"width\":1920,\"height\":1280},{\"@type\":\"BreadcrumbList\",\"@id\":\"https:\\\/\\\/algarve7.pt\\\/index.php\\\/2020\\\/12\\\/pandemia-agrava-o-defice-orcamental-em-9267-milhoes-de-euros-ate-novembro\\\/economia\\\/19\\\/45\\\/#breadcrumb\",\"itemListElement\":[{\"@type\":\"ListItem\",\"position\":1,\"name\":\"In\u00edcio\",\"item\":\"https:\\\/\\\/algarve7.pt\\\/\"},{\"@type\":\"ListItem\",\"position\":2,\"name\":\"Pandemia agrava o d\u00e9fice or\u00e7amental em 9267 milh\u00f5es de euros at\u00e9 novembro\"}]},{\"@type\":\"WebSite\",\"@id\":\"https:\\\/\\\/algarve7.pt\\\/#website\",\"url\":\"https:\\\/\\\/algarve7.pt\\\/\",\"name\":\"Algarve 7\",\"description\":\"Informa\u00e7\u00e3o sobre o Algarve\",\"publisher\":{\"@id\":\"https:\\\/\\\/algarve7.pt\\\/#organization\"},\"potentialAction\":[{\"@type\":\"SearchAction\",\"target\":{\"@type\":\"EntryPoint\",\"urlTemplate\":\"https:\\\/\\\/algarve7.pt\\\/?s={search_term_string}\"},\"query-input\":{\"@type\":\"PropertyValueSpecification\",\"valueRequired\":true,\"valueName\":\"search_term_string\"}}],\"inLanguage\":\"pt-PT\"},{\"@type\":\"Organization\",\"@id\":\"https:\\\/\\\/algarve7.pt\\\/#organization\",\"name\":\"Algarve 7\",\"url\":\"https:\\\/\\\/algarve7.pt\\\/\",\"logo\":{\"@type\":\"ImageObject\",\"inLanguage\":\"pt-PT\",\"@id\":\"https:\\\/\\\/algarve7.pt\\\/#\\\/schema\\\/logo\\\/image\\\/\",\"url\":\"https:\\\/\\\/algarve7.pt\\\/wp-content\\\/uploads\\\/2020\\\/10\\\/Logo-8.jpg\",\"contentUrl\":\"https:\\\/\\\/algarve7.pt\\\/wp-content\\\/uploads\\\/2020\\\/10\\\/Logo-8.jpg\",\"width\":1680,\"height\":1186,\"caption\":\"Algarve 7\"},\"image\":{\"@id\":\"https:\\\/\\\/algarve7.pt\\\/#\\\/schema\\\/logo\\\/image\\\/\"},\"sameAs\":[\"https:\\\/\\\/www.facebook.com\\\/algarve7\",\"https:\\\/\\\/x.com\\\/Algarvesete\",\"https:\\\/\\\/www.instagram.com\\\/jornalalgarve7\\\/\",\"https:\\\/\\\/www.linkedin.com\\\/company\\\/algarve7\",\"https:\\\/\\\/www.pinterest.pt\\\/geral0939\\\/_created\\\/\"]},{\"@type\":\"Person\",\"@id\":\"https:\\\/\\\/algarve7.pt\\\/#\\\/schema\\\/person\\\/23fa70681308e7b319a3204bcea45e0c\",\"name\":\"Algarve 7\",\"sameAs\":[\"https:\\\/\\\/algarve7.pt\",\"https:\\\/\\\/www.facebook.com\\\/algarve7\"],\"url\":\"https:\\\/\\\/algarve7.pt\\\/index.php\\\/author\\\/geralalgarve7-pt\\\/\"}]}<\/script>\n<!-- \/ Yoast SEO plugin. -->","yoast_head_json":{"title":"Pandemia agrava o d\u00e9fice or\u00e7amental em 9267 milh\u00f5es de euros at\u00e9 novembro - Algarve 7","description":"Pandemia agrava o d\u00e9fice or\u00e7amental em 9267 milh\u00f5es de euros at\u00e9 novembro Economia","robots":{"index":"index","follow":"follow","max-snippet":"max-snippet:-1","max-image-preview":"max-image-preview:large","max-video-preview":"max-video-preview:-1"},"canonical":"https:\/\/algarve7.pt\/index.php\/2020\/12\/pandemia-agrava-o-defice-orcamental-em-9267-milhoes-de-euros-ate-novembro\/economia\/19\/45\/","og_locale":"pt_PT","og_type":"article","og_title":"Pandemia agrava o d\u00e9fice or\u00e7amental em 9267 milh\u00f5es de euros at\u00e9 novembro - Algarve 7","og_description":"Pandemia agrava o d\u00e9fice or\u00e7amental em 9267 milh\u00f5es de euros at\u00e9 novembro Economia","og_url":"https:\/\/algarve7.pt\/index.php\/2020\/12\/pandemia-agrava-o-defice-orcamental-em-9267-milhoes-de-euros-ate-novembro\/economia\/19\/45\/","og_site_name":"Algarve 7","article_publisher":"https:\/\/www.facebook.com\/algarve7","article_author":"https:\/\/www.facebook.com\/algarve7","article_published_time":"2020-12-29T19:45:00+00:00","og_image":[{"width":1920,"height":1280,"url":"https:\/\/algarve7.pt\/wp-content\/uploads\/2020\/12\/i050784.jpg","type":"image\/jpeg"}],"author":"Algarve 7","twitter_card":"summary_large_image","twitter_creator":"@Algarvesete","twitter_site":"@Algarvesete","twitter_misc":{"Escrito por":"Algarve 7","Tempo estimado de leitura":"3 minutos"},"schema":{"@context":"https:\/\/schema.org","@graph":[{"@type":"Article","@id":"https:\/\/algarve7.pt\/index.php\/2020\/12\/pandemia-agrava-o-defice-orcamental-em-9267-milhoes-de-euros-ate-novembro\/economia\/19\/45\/#article","isPartOf":{"@id":"https:\/\/algarve7.pt\/index.php\/2020\/12\/pandemia-agrava-o-defice-orcamental-em-9267-milhoes-de-euros-ate-novembro\/economia\/19\/45\/"},"author":{"name":"Algarve 7","@id":"https:\/\/algarve7.pt\/#\/schema\/person\/23fa70681308e7b319a3204bcea45e0c"},"headline":"Pandemia agrava o d\u00e9fice or\u00e7amental em 9267 milh\u00f5es de euros at\u00e9 novembro","datePublished":"2020-12-29T19:45:00+00:00","mainEntityOfPage":{"@id":"https:\/\/algarve7.pt\/index.php\/2020\/12\/pandemia-agrava-o-defice-orcamental-em-9267-milhoes-de-euros-ate-novembro\/economia\/19\/45\/"},"wordCount":562,"publisher":{"@id":"https:\/\/algarve7.pt\/#organization"},"image":{"@id":"https:\/\/algarve7.pt\/index.php\/2020\/12\/pandemia-agrava-o-defice-orcamental-em-9267-milhoes-de-euros-ate-novembro\/economia\/19\/45\/#primaryimage"},"thumbnailUrl":"https:\/\/algarve7.pt\/wp-content\/uploads\/2020\/12\/i050784.jpg","keywords":["Economia","Nacional"],"articleSection":["Economia","Nacional"],"inLanguage":"pt-PT"},{"@type":"WebPage","@id":"https:\/\/algarve7.pt\/index.php\/2020\/12\/pandemia-agrava-o-defice-orcamental-em-9267-milhoes-de-euros-ate-novembro\/economia\/19\/45\/","url":"https:\/\/algarve7.pt\/index.php\/2020\/12\/pandemia-agrava-o-defice-orcamental-em-9267-milhoes-de-euros-ate-novembro\/economia\/19\/45\/","name":"Pandemia agrava o d\u00e9fice or\u00e7amental em 9267 milh\u00f5es de euros at\u00e9 novembro - Algarve 7","isPartOf":{"@id":"https:\/\/algarve7.pt\/#website"},"primaryImageOfPage":{"@id":"https:\/\/algarve7.pt\/index.php\/2020\/12\/pandemia-agrava-o-defice-orcamental-em-9267-milhoes-de-euros-ate-novembro\/economia\/19\/45\/#primaryimage"},"image":{"@id":"https:\/\/algarve7.pt\/index.php\/2020\/12\/pandemia-agrava-o-defice-orcamental-em-9267-milhoes-de-euros-ate-novembro\/economia\/19\/45\/#primaryimage"},"thumbnailUrl":"https:\/\/algarve7.pt\/wp-content\/uploads\/2020\/12\/i050784.jpg","datePublished":"2020-12-29T19:45:00+00:00","description":"Pandemia agrava o d\u00e9fice or\u00e7amental em 9267 milh\u00f5es de euros at\u00e9 novembro Economia","breadcrumb":{"@id":"https:\/\/algarve7.pt\/index.php\/2020\/12\/pandemia-agrava-o-defice-orcamental-em-9267-milhoes-de-euros-ate-novembro\/economia\/19\/45\/#breadcrumb"},"inLanguage":"pt-PT","potentialAction":[{"@type":"ReadAction","target":["https:\/\/algarve7.pt\/index.php\/2020\/12\/pandemia-agrava-o-defice-orcamental-em-9267-milhoes-de-euros-ate-novembro\/economia\/19\/45\/"]}]},{"@type":"ImageObject","inLanguage":"pt-PT","@id":"https:\/\/algarve7.pt\/index.php\/2020\/12\/pandemia-agrava-o-defice-orcamental-em-9267-milhoes-de-euros-ate-novembro\/economia\/19\/45\/#primaryimage","url":"https:\/\/algarve7.pt\/wp-content\/uploads\/2020\/12\/i050784.jpg","contentUrl":"https:\/\/algarve7.pt\/wp-content\/uploads\/2020\/12\/i050784.jpg","width":1920,"height":1280},{"@type":"BreadcrumbList","@id":"https:\/\/algarve7.pt\/index.php\/2020\/12\/pandemia-agrava-o-defice-orcamental-em-9267-milhoes-de-euros-ate-novembro\/economia\/19\/45\/#breadcrumb","itemListElement":[{"@type":"ListItem","position":1,"name":"In\u00edcio","item":"https:\/\/algarve7.pt\/"},{"@type":"ListItem","position":2,"name":"Pandemia agrava o d\u00e9fice or\u00e7amental em 9267 milh\u00f5es de euros at\u00e9 novembro"}]},{"@type":"WebSite","@id":"https:\/\/algarve7.pt\/#website","url":"https:\/\/algarve7.pt\/","name":"Algarve 7","description":"Informa\u00e7\u00e3o sobre o Algarve","publisher":{"@id":"https:\/\/algarve7.pt\/#organization"},"potentialAction":[{"@type":"SearchAction","target":{"@type":"EntryPoint","urlTemplate":"https:\/\/algarve7.pt\/?s={search_term_string}"},"query-input":{"@type":"PropertyValueSpecification","valueRequired":true,"valueName":"search_term_string"}}],"inLanguage":"pt-PT"},{"@type":"Organization","@id":"https:\/\/algarve7.pt\/#organization","name":"Algarve 7","url":"https:\/\/algarve7.pt\/","logo":{"@type":"ImageObject","inLanguage":"pt-PT","@id":"https:\/\/algarve7.pt\/#\/schema\/logo\/image\/","url":"https:\/\/algarve7.pt\/wp-content\/uploads\/2020\/10\/Logo-8.jpg","contentUrl":"https:\/\/algarve7.pt\/wp-content\/uploads\/2020\/10\/Logo-8.jpg","width":1680,"height":1186,"caption":"Algarve 7"},"image":{"@id":"https:\/\/algarve7.pt\/#\/schema\/logo\/image\/"},"sameAs":["https:\/\/www.facebook.com\/algarve7","https:\/\/x.com\/Algarvesete","https:\/\/www.instagram.com\/jornalalgarve7\/","https:\/\/www.linkedin.com\/company\/algarve7","https:\/\/www.pinterest.pt\/geral0939\/_created\/"]},{"@type":"Person","@id":"https:\/\/algarve7.pt\/#\/schema\/person\/23fa70681308e7b319a3204bcea45e0c","name":"Algarve 7","sameAs":["https:\/\/algarve7.pt","https:\/\/www.facebook.com\/algarve7"],"url":"https:\/\/algarve7.pt\/index.php\/author\/geralalgarve7-pt\/"}]}},"jetpack_publicize_connections":[],"jetpack_featured_media_url":"https:\/\/algarve7.pt\/wp-content\/uploads\/2020\/12\/i050784.jpg","jetpack_shortlink":"https:\/\/wp.me\/pcezmW-1hT","jetpack_sharing_enabled":true,"_links":{"self":[{"href":"https:\/\/algarve7.pt\/index.php\/wp-json\/wp\/v2\/posts\/4953","targetHints":{"allow":["GET"]}}],"collection":[{"href":"https:\/\/algarve7.pt\/index.php\/wp-json\/wp\/v2\/posts"}],"about":[{"href":"https:\/\/algarve7.pt\/index.php\/wp-json\/wp\/v2\/types\/post"}],"author":[{"embeddable":true,"href":"https:\/\/algarve7.pt\/index.php\/wp-json\/wp\/v2\/users\/1"}],"replies":[{"embeddable":true,"href":"https:\/\/algarve7.pt\/index.php\/wp-json\/wp\/v2\/comments?post=4953"}],"version-history":[{"count":0,"href":"https:\/\/algarve7.pt\/index.php\/wp-json\/wp\/v2\/posts\/4953\/revisions"}],"wp:featuredmedia":[{"embeddable":true,"href":"https:\/\/algarve7.pt\/index.php\/wp-json\/wp\/v2\/media\/4954"}],"wp:attachment":[{"href":"https:\/\/algarve7.pt\/index.php\/wp-json\/wp\/v2\/media?parent=4953"}],"wp:term":[{"taxonomy":"category","embeddable":true,"href":"https:\/\/algarve7.pt\/index.php\/wp-json\/wp\/v2\/categories?post=4953"},{"taxonomy":"post_tag","embeddable":true,"href":"https:\/\/algarve7.pt\/index.php\/wp-json\/wp\/v2\/tags?post=4953"}],"curies":[{"name":"wp","href":"https:\/\/api.w.org\/{rel}","templated":true}]}}