{"id":49478,"date":"2025-04-14T14:13:11","date_gmt":"2025-04-14T13:13:11","guid":{"rendered":"https:\/\/algarve7.pt\/?p=49478"},"modified":"2025-04-14T14:13:14","modified_gmt":"2025-04-14T13:13:14","slug":"faro-volta-a-ser-capital-dos-sabores-tradicionais-com-a-10a-feira-de-queijos-vinhos-e-enchidos","status":"publish","type":"post","link":"https:\/\/algarve7.pt\/index.php\/2025\/04\/faro-volta-a-ser-capital-dos-sabores-tradicionais-com-a-10a-feira-de-queijos-vinhos-e-enchidos\/cultura\/14\/13\/","title":{"rendered":"Faro volta a ser capital dos sabores tradicionais com a 10\u00aa Feira de Queijos, Vinhos e Enchidos"},"content":{"rendered":"\n<p>Entre os dias 16 e 20 de abril, o Jardim Manuel Bivar, em Faro, recebe a 10\u00aa edi\u00e7\u00e3o da Feira de Queijos, Vinhos e Enchidos, uma organiza\u00e7\u00e3o da Uni\u00e3o das Freguesias de Faro, que mostra ao longo destes cinco dias de certame os melhores sabores do pa\u00eds e que promete atrair milhares de visitantes \u00e0 baixa da cidade.<\/p>\n\n\n\n<p>A feira, j\u00e1 uma refer\u00eancia no calend\u00e1rio gastron\u00f3mico regional, contar\u00e1 com cerca de trinta expositores oriundos de v\u00e1rios pontos do pa\u00eds, que dar\u00e3o a conhecer e a provar queijos, enchidos e vinhos de excel\u00eancia, numa mostra onde tradi\u00e7\u00e3o, qualidade e autenticidade andam de m\u00e3os dadas.<\/p>\n\n\n\n<p>Entre os produtos em destaque estar\u00e3o os queijos e enchidos da Serra da Estrela, os famosos queijos de Serpa, os genu\u00ednos enchidos do Alentejo, bem como vinhos de regi\u00f5es t\u00e3o distintas como o Algarve, Alentejo, Douro, Tejo, D\u00e3o, Bairrada, Beira Interior e outras denomina\u00e7\u00f5es nacionais.<\/p>\n\n\n\n<p>De referir que a maioria dos queijos e enchidos presentes, para al\u00e9m de oriundos de regi\u00f5es DOP (Denomina\u00e7\u00e3o de Origem Protegida) j\u00e1 foram premiados em diferentes concursos e provas de queijos nacionais e internacionais o que disponibiliza a este certame uma vasta gama de produtos genu\u00ednos e de grande qualidade.<\/p>\n\n\n\n<p>Tal como nos anos anteriores, o evento ter\u00e1 ainda uma \u00e1rea coberta com cinco tasquinhas e estar\u00e1 aberta ao p\u00fablico logo \u00e0 hora de almo\u00e7o, prolongando-se o seu funcionamento ininterruptamente por toda a tarde e at\u00e9 ao seu encerramento \u00e0s 23h, convidando \u00e0 degusta\u00e7\u00e3o e ao conv\u00edvio \u00e0 mesa, num ambiente descontra\u00eddo e acolhedor.<\/p>\n\n\n\n<p>Os apreciadores de vinho poder\u00e3o adquirir o copo alusivo ao evento e percorrer os stands para degustar os diferentes tipos de vinhos ou aproveitar as promo\u00e7\u00f5es de feira e comprar para al\u00e9m de garrafas, o vinho a copo das suas marcas favoritas.&nbsp;<\/p>\n\n\n\n<p>A feira estar\u00e1 em funcionamento diariamente entre as 12h e as 23h, proporcionando momentos de prazer gastron\u00f3mico a farenses e visitantes, com entrada livre.<\/p>\n\n\n\n<p>Esta \u00e9 uma oportunidade \u00fanica para quem aprecia os sabores tradicionais portugueses, num cen\u00e1rio privilegiado, junto \u00e0 ria e ao cora\u00e7\u00e3o da cidade de Faro.<\/p>\n","protected":false},"excerpt":{"rendered":"<p>Entre os dias 16 e 20 de abril, o Jardim Manuel Bivar, em Faro, recebe a 10\u00aa edi\u00e7\u00e3o da Feira<\/p>\n","protected":false},"author":1,"featured_media":49479,"comment_status":"closed","ping_status":"closed","sticky":false,"template":"","format":"standard","meta":{"colormag_page_container_layout":"default_layout","colormag_page_sidebar_layout":"default_layout","_monsterinsights_skip_tracking":false,"_monsterinsights_sitenote_active":false,"_monsterinsights_sitenote_note":"","_monsterinsights_sitenote_category":0,"jetpack_post_was_ever_published":false,"_jetpack_newsletter_access":"","_jetpack_dont_email_post_to_subs":false,"_jetpack_newsletter_tier_id":0,"_jetpack_memberships_contains_paywalled_content":false,"_jetpack_memberships_contains_paid_content":false,"footnotes":"","jetpack_publicize_message":"","jetpack_publicize_feature_enabled":true,"jetpack_social_post_already_shared":true,"jetpack_social_options":{"image_generator_settings":{"template":"highway","default_image_id":0,"font":"","enabled":false},"version":2}},"categories":[14],"tags":[36,35,57],"class_list":["post-49478","post","type-post","status-publish","format-standard","has-post-thumbnail","hentry","category-cultura","tag-algarve","tag-cultura","tag-faro"],"yoast_head":"<!-- This site is optimized with the Yoast SEO plugin v27.5 - https:\/\/yoast.com\/product\/yoast-seo-wordpress\/ -->\n<title>Faro volta a ser capital dos sabores tradicionais com a 10\u00aa Feira de Queijos, Vinhos e Enchidos - Algarve 7<\/title>\n<meta name=\"description\" content=\"Faro volta a ser capital dos sabores tradicionais com a 10\u00aa Feira de Queijos, Vinhos e Enchidos Cultura\" \/>\n<meta name=\"robots\" content=\"index, follow, max-snippet:-1, max-image-preview:large, max-video-preview:-1\" \/>\n<link rel=\"canonical\" href=\"https:\/\/algarve7.pt\/index.php\/2025\/04\/faro-volta-a-ser-capital-dos-sabores-tradicionais-com-a-10a-feira-de-queijos-vinhos-e-enchidos\/cultura\/14\/13\/\" \/>\n<meta property=\"og:locale\" content=\"pt_PT\" \/>\n<meta property=\"og:type\" content=\"article\" \/>\n<meta property=\"og:title\" content=\"Faro volta a ser capital dos sabores tradicionais com a 10\u00aa Feira de Queijos, Vinhos e Enchidos - Algarve 7\" \/>\n<meta property=\"og:description\" content=\"Faro volta a ser capital dos sabores tradicionais com a 10\u00aa Feira de Queijos, Vinhos e Enchidos Cultura\" \/>\n<meta property=\"og:url\" content=\"https:\/\/algarve7.pt\/index.php\/2025\/04\/faro-volta-a-ser-capital-dos-sabores-tradicionais-com-a-10a-feira-de-queijos-vinhos-e-enchidos\/cultura\/14\/13\/\" \/>\n<meta property=\"og:site_name\" content=\"Algarve 7\" \/>\n<meta property=\"article:publisher\" content=\"https:\/\/www.facebook.com\/algarve7\" \/>\n<meta property=\"article:author\" content=\"https:\/\/www.facebook.com\/algarve7\" \/>\n<meta property=\"article:published_time\" content=\"2025-04-14T13:13:11+00:00\" \/>\n<meta property=\"article:modified_time\" content=\"2025-04-14T13:13:14+00:00\" \/>\n<meta property=\"og:image\" content=\"https:\/\/algarve7.pt\/wp-content\/uploads\/2025\/04\/FEIRA_Q_V__E_2025.jpg\" \/>\n\t<meta property=\"og:image:width\" content=\"800\" \/>\n\t<meta property=\"og:image:height\" content=\"500\" \/>\n\t<meta property=\"og:image:type\" content=\"image\/jpeg\" \/>\n<meta name=\"author\" content=\"Algarve 7\" \/>\n<meta name=\"twitter:card\" content=\"summary_large_image\" \/>\n<meta name=\"twitter:creator\" content=\"@Algarvesete\" \/>\n<meta name=\"twitter:site\" content=\"@Algarvesete\" \/>\n<meta name=\"twitter:label1\" content=\"Escrito por\" \/>\n\t<meta name=\"twitter:data1\" content=\"Algarve 7\" \/>\n\t<meta name=\"twitter:label2\" content=\"Tempo estimado de leitura\" \/>\n\t<meta name=\"twitter:data2\" content=\"3 minutos\" \/>\n<script type=\"application\/ld+json\" class=\"yoast-schema-graph\">{\"@context\":\"https:\\\/\\\/schema.org\",\"@graph\":[{\"@type\":\"Article\",\"@id\":\"https:\\\/\\\/algarve7.pt\\\/index.php\\\/2025\\\/04\\\/faro-volta-a-ser-capital-dos-sabores-tradicionais-com-a-10a-feira-de-queijos-vinhos-e-enchidos\\\/cultura\\\/14\\\/13\\\/#article\",\"isPartOf\":{\"@id\":\"https:\\\/\\\/algarve7.pt\\\/index.php\\\/2025\\\/04\\\/faro-volta-a-ser-capital-dos-sabores-tradicionais-com-a-10a-feira-de-queijos-vinhos-e-enchidos\\\/cultura\\\/14\\\/13\\\/\"},\"author\":{\"name\":\"Algarve 7\",\"@id\":\"https:\\\/\\\/algarve7.pt\\\/#\\\/schema\\\/person\\\/23fa70681308e7b319a3204bcea45e0c\"},\"headline\":\"Faro volta a ser capital dos sabores tradicionais com a 10\u00aa Feira de Queijos, Vinhos e Enchidos\",\"datePublished\":\"2025-04-14T13:13:11+00:00\",\"dateModified\":\"2025-04-14T13:13:14+00:00\",\"mainEntityOfPage\":{\"@id\":\"https:\\\/\\\/algarve7.pt\\\/index.php\\\/2025\\\/04\\\/faro-volta-a-ser-capital-dos-sabores-tradicionais-com-a-10a-feira-de-queijos-vinhos-e-enchidos\\\/cultura\\\/14\\\/13\\\/\"},\"wordCount\":385,\"publisher\":{\"@id\":\"https:\\\/\\\/algarve7.pt\\\/#organization\"},\"image\":{\"@id\":\"https:\\\/\\\/algarve7.pt\\\/index.php\\\/2025\\\/04\\\/faro-volta-a-ser-capital-dos-sabores-tradicionais-com-a-10a-feira-de-queijos-vinhos-e-enchidos\\\/cultura\\\/14\\\/13\\\/#primaryimage\"},\"thumbnailUrl\":\"https:\\\/\\\/algarve7.pt\\\/wp-content\\\/uploads\\\/2025\\\/04\\\/FEIRA_Q_V__E_2025.jpg\",\"keywords\":[\"Algarve\",\"Cultura\",\"Faro\"],\"articleSection\":[\"Cultura\"],\"inLanguage\":\"pt-PT\"},{\"@type\":\"WebPage\",\"@id\":\"https:\\\/\\\/algarve7.pt\\\/index.php\\\/2025\\\/04\\\/faro-volta-a-ser-capital-dos-sabores-tradicionais-com-a-10a-feira-de-queijos-vinhos-e-enchidos\\\/cultura\\\/14\\\/13\\\/\",\"url\":\"https:\\\/\\\/algarve7.pt\\\/index.php\\\/2025\\\/04\\\/faro-volta-a-ser-capital-dos-sabores-tradicionais-com-a-10a-feira-de-queijos-vinhos-e-enchidos\\\/cultura\\\/14\\\/13\\\/\",\"name\":\"Faro volta a ser capital dos sabores tradicionais com a 10\u00aa Feira de Queijos, Vinhos e Enchidos - Algarve 7\",\"isPartOf\":{\"@id\":\"https:\\\/\\\/algarve7.pt\\\/#website\"},\"primaryImageOfPage\":{\"@id\":\"https:\\\/\\\/algarve7.pt\\\/index.php\\\/2025\\\/04\\\/faro-volta-a-ser-capital-dos-sabores-tradicionais-com-a-10a-feira-de-queijos-vinhos-e-enchidos\\\/cultura\\\/14\\\/13\\\/#primaryimage\"},\"image\":{\"@id\":\"https:\\\/\\\/algarve7.pt\\\/index.php\\\/2025\\\/04\\\/faro-volta-a-ser-capital-dos-sabores-tradicionais-com-a-10a-feira-de-queijos-vinhos-e-enchidos\\\/cultura\\\/14\\\/13\\\/#primaryimage\"},\"thumbnailUrl\":\"https:\\\/\\\/algarve7.pt\\\/wp-content\\\/uploads\\\/2025\\\/04\\\/FEIRA_Q_V__E_2025.jpg\",\"datePublished\":\"2025-04-14T13:13:11+00:00\",\"dateModified\":\"2025-04-14T13:13:14+00:00\",\"description\":\"Faro volta a ser capital dos sabores tradicionais com a 10\u00aa Feira de Queijos, Vinhos e Enchidos Cultura\",\"breadcrumb\":{\"@id\":\"https:\\\/\\\/algarve7.pt\\\/index.php\\\/2025\\\/04\\\/faro-volta-a-ser-capital-dos-sabores-tradicionais-com-a-10a-feira-de-queijos-vinhos-e-enchidos\\\/cultura\\\/14\\\/13\\\/#breadcrumb\"},\"inLanguage\":\"pt-PT\",\"potentialAction\":[{\"@type\":\"ReadAction\",\"target\":[\"https:\\\/\\\/algarve7.pt\\\/index.php\\\/2025\\\/04\\\/faro-volta-a-ser-capital-dos-sabores-tradicionais-com-a-10a-feira-de-queijos-vinhos-e-enchidos\\\/cultura\\\/14\\\/13\\\/\"]}]},{\"@type\":\"ImageObject\",\"inLanguage\":\"pt-PT\",\"@id\":\"https:\\\/\\\/algarve7.pt\\\/index.php\\\/2025\\\/04\\\/faro-volta-a-ser-capital-dos-sabores-tradicionais-com-a-10a-feira-de-queijos-vinhos-e-enchidos\\\/cultura\\\/14\\\/13\\\/#primaryimage\",\"url\":\"https:\\\/\\\/algarve7.pt\\\/wp-content\\\/uploads\\\/2025\\\/04\\\/FEIRA_Q_V__E_2025.jpg\",\"contentUrl\":\"https:\\\/\\\/algarve7.pt\\\/wp-content\\\/uploads\\\/2025\\\/04\\\/FEIRA_Q_V__E_2025.jpg\",\"width\":800,\"height\":500},{\"@type\":\"BreadcrumbList\",\"@id\":\"https:\\\/\\\/algarve7.pt\\\/index.php\\\/2025\\\/04\\\/faro-volta-a-ser-capital-dos-sabores-tradicionais-com-a-10a-feira-de-queijos-vinhos-e-enchidos\\\/cultura\\\/14\\\/13\\\/#breadcrumb\",\"itemListElement\":[{\"@type\":\"ListItem\",\"position\":1,\"name\":\"In\u00edcio\",\"item\":\"https:\\\/\\\/algarve7.pt\\\/\"},{\"@type\":\"ListItem\",\"position\":2,\"name\":\"Faro volta a ser capital dos sabores tradicionais com a 10\u00aa Feira de Queijos, Vinhos e Enchidos\"}]},{\"@type\":\"WebSite\",\"@id\":\"https:\\\/\\\/algarve7.pt\\\/#website\",\"url\":\"https:\\\/\\\/algarve7.pt\\\/\",\"name\":\"Algarve 7\",\"description\":\"Informa\u00e7\u00e3o sobre o Algarve\",\"publisher\":{\"@id\":\"https:\\\/\\\/algarve7.pt\\\/#organization\"},\"potentialAction\":[{\"@type\":\"SearchAction\",\"target\":{\"@type\":\"EntryPoint\",\"urlTemplate\":\"https:\\\/\\\/algarve7.pt\\\/?s={search_term_string}\"},\"query-input\":{\"@type\":\"PropertyValueSpecification\",\"valueRequired\":true,\"valueName\":\"search_term_string\"}}],\"inLanguage\":\"pt-PT\"},{\"@type\":\"Organization\",\"@id\":\"https:\\\/\\\/algarve7.pt\\\/#organization\",\"name\":\"Algarve 7\",\"url\":\"https:\\\/\\\/algarve7.pt\\\/\",\"logo\":{\"@type\":\"ImageObject\",\"inLanguage\":\"pt-PT\",\"@id\":\"https:\\\/\\\/algarve7.pt\\\/#\\\/schema\\\/logo\\\/image\\\/\",\"url\":\"https:\\\/\\\/algarve7.pt\\\/wp-content\\\/uploads\\\/2020\\\/10\\\/Logo-8.jpg\",\"contentUrl\":\"https:\\\/\\\/algarve7.pt\\\/wp-content\\\/uploads\\\/2020\\\/10\\\/Logo-8.jpg\",\"width\":1680,\"height\":1186,\"caption\":\"Algarve 7\"},\"image\":{\"@id\":\"https:\\\/\\\/algarve7.pt\\\/#\\\/schema\\\/logo\\\/image\\\/\"},\"sameAs\":[\"https:\\\/\\\/www.facebook.com\\\/algarve7\",\"https:\\\/\\\/x.com\\\/Algarvesete\",\"https:\\\/\\\/www.instagram.com\\\/jornalalgarve7\\\/\",\"https:\\\/\\\/www.linkedin.com\\\/company\\\/algarve7\",\"https:\\\/\\\/www.pinterest.pt\\\/geral0939\\\/_created\\\/\"]},{\"@type\":\"Person\",\"@id\":\"https:\\\/\\\/algarve7.pt\\\/#\\\/schema\\\/person\\\/23fa70681308e7b319a3204bcea45e0c\",\"name\":\"Algarve 7\",\"sameAs\":[\"https:\\\/\\\/algarve7.pt\",\"https:\\\/\\\/www.facebook.com\\\/algarve7\"],\"url\":\"https:\\\/\\\/algarve7.pt\\\/index.php\\\/author\\\/geralalgarve7-pt\\\/\"}]}<\/script>\n<!-- \/ Yoast SEO plugin. -->","yoast_head_json":{"title":"Faro volta a ser capital dos sabores tradicionais com a 10\u00aa Feira de Queijos, Vinhos e Enchidos - Algarve 7","description":"Faro volta a ser capital dos sabores tradicionais com a 10\u00aa Feira de Queijos, Vinhos e Enchidos Cultura","robots":{"index":"index","follow":"follow","max-snippet":"max-snippet:-1","max-image-preview":"max-image-preview:large","max-video-preview":"max-video-preview:-1"},"canonical":"https:\/\/algarve7.pt\/index.php\/2025\/04\/faro-volta-a-ser-capital-dos-sabores-tradicionais-com-a-10a-feira-de-queijos-vinhos-e-enchidos\/cultura\/14\/13\/","og_locale":"pt_PT","og_type":"article","og_title":"Faro volta a ser capital dos sabores tradicionais com a 10\u00aa Feira de Queijos, Vinhos e Enchidos - Algarve 7","og_description":"Faro volta a ser capital dos sabores tradicionais com a 10\u00aa Feira de Queijos, Vinhos e Enchidos Cultura","og_url":"https:\/\/algarve7.pt\/index.php\/2025\/04\/faro-volta-a-ser-capital-dos-sabores-tradicionais-com-a-10a-feira-de-queijos-vinhos-e-enchidos\/cultura\/14\/13\/","og_site_name":"Algarve 7","article_publisher":"https:\/\/www.facebook.com\/algarve7","article_author":"https:\/\/www.facebook.com\/algarve7","article_published_time":"2025-04-14T13:13:11+00:00","article_modified_time":"2025-04-14T13:13:14+00:00","og_image":[{"width":800,"height":500,"url":"https:\/\/algarve7.pt\/wp-content\/uploads\/2025\/04\/FEIRA_Q_V__E_2025.jpg","type":"image\/jpeg"}],"author":"Algarve 7","twitter_card":"summary_large_image","twitter_creator":"@Algarvesete","twitter_site":"@Algarvesete","twitter_misc":{"Escrito por":"Algarve 7","Tempo estimado de leitura":"3 minutos"},"schema":{"@context":"https:\/\/schema.org","@graph":[{"@type":"Article","@id":"https:\/\/algarve7.pt\/index.php\/2025\/04\/faro-volta-a-ser-capital-dos-sabores-tradicionais-com-a-10a-feira-de-queijos-vinhos-e-enchidos\/cultura\/14\/13\/#article","isPartOf":{"@id":"https:\/\/algarve7.pt\/index.php\/2025\/04\/faro-volta-a-ser-capital-dos-sabores-tradicionais-com-a-10a-feira-de-queijos-vinhos-e-enchidos\/cultura\/14\/13\/"},"author":{"name":"Algarve 7","@id":"https:\/\/algarve7.pt\/#\/schema\/person\/23fa70681308e7b319a3204bcea45e0c"},"headline":"Faro volta a ser capital dos sabores tradicionais com a 10\u00aa Feira de Queijos, Vinhos e Enchidos","datePublished":"2025-04-14T13:13:11+00:00","dateModified":"2025-04-14T13:13:14+00:00","mainEntityOfPage":{"@id":"https:\/\/algarve7.pt\/index.php\/2025\/04\/faro-volta-a-ser-capital-dos-sabores-tradicionais-com-a-10a-feira-de-queijos-vinhos-e-enchidos\/cultura\/14\/13\/"},"wordCount":385,"publisher":{"@id":"https:\/\/algarve7.pt\/#organization"},"image":{"@id":"https:\/\/algarve7.pt\/index.php\/2025\/04\/faro-volta-a-ser-capital-dos-sabores-tradicionais-com-a-10a-feira-de-queijos-vinhos-e-enchidos\/cultura\/14\/13\/#primaryimage"},"thumbnailUrl":"https:\/\/algarve7.pt\/wp-content\/uploads\/2025\/04\/FEIRA_Q_V__E_2025.jpg","keywords":["Algarve","Cultura","Faro"],"articleSection":["Cultura"],"inLanguage":"pt-PT"},{"@type":"WebPage","@id":"https:\/\/algarve7.pt\/index.php\/2025\/04\/faro-volta-a-ser-capital-dos-sabores-tradicionais-com-a-10a-feira-de-queijos-vinhos-e-enchidos\/cultura\/14\/13\/","url":"https:\/\/algarve7.pt\/index.php\/2025\/04\/faro-volta-a-ser-capital-dos-sabores-tradicionais-com-a-10a-feira-de-queijos-vinhos-e-enchidos\/cultura\/14\/13\/","name":"Faro volta a ser capital dos sabores tradicionais com a 10\u00aa Feira de Queijos, Vinhos e Enchidos - Algarve 7","isPartOf":{"@id":"https:\/\/algarve7.pt\/#website"},"primaryImageOfPage":{"@id":"https:\/\/algarve7.pt\/index.php\/2025\/04\/faro-volta-a-ser-capital-dos-sabores-tradicionais-com-a-10a-feira-de-queijos-vinhos-e-enchidos\/cultura\/14\/13\/#primaryimage"},"image":{"@id":"https:\/\/algarve7.pt\/index.php\/2025\/04\/faro-volta-a-ser-capital-dos-sabores-tradicionais-com-a-10a-feira-de-queijos-vinhos-e-enchidos\/cultura\/14\/13\/#primaryimage"},"thumbnailUrl":"https:\/\/algarve7.pt\/wp-content\/uploads\/2025\/04\/FEIRA_Q_V__E_2025.jpg","datePublished":"2025-04-14T13:13:11+00:00","dateModified":"2025-04-14T13:13:14+00:00","description":"Faro volta a ser capital dos sabores tradicionais com a 10\u00aa Feira de Queijos, Vinhos e Enchidos Cultura","breadcrumb":{"@id":"https:\/\/algarve7.pt\/index.php\/2025\/04\/faro-volta-a-ser-capital-dos-sabores-tradicionais-com-a-10a-feira-de-queijos-vinhos-e-enchidos\/cultura\/14\/13\/#breadcrumb"},"inLanguage":"pt-PT","potentialAction":[{"@type":"ReadAction","target":["https:\/\/algarve7.pt\/index.php\/2025\/04\/faro-volta-a-ser-capital-dos-sabores-tradicionais-com-a-10a-feira-de-queijos-vinhos-e-enchidos\/cultura\/14\/13\/"]}]},{"@type":"ImageObject","inLanguage":"pt-PT","@id":"https:\/\/algarve7.pt\/index.php\/2025\/04\/faro-volta-a-ser-capital-dos-sabores-tradicionais-com-a-10a-feira-de-queijos-vinhos-e-enchidos\/cultura\/14\/13\/#primaryimage","url":"https:\/\/algarve7.pt\/wp-content\/uploads\/2025\/04\/FEIRA_Q_V__E_2025.jpg","contentUrl":"https:\/\/algarve7.pt\/wp-content\/uploads\/2025\/04\/FEIRA_Q_V__E_2025.jpg","width":800,"height":500},{"@type":"BreadcrumbList","@id":"https:\/\/algarve7.pt\/index.php\/2025\/04\/faro-volta-a-ser-capital-dos-sabores-tradicionais-com-a-10a-feira-de-queijos-vinhos-e-enchidos\/cultura\/14\/13\/#breadcrumb","itemListElement":[{"@type":"ListItem","position":1,"name":"In\u00edcio","item":"https:\/\/algarve7.pt\/"},{"@type":"ListItem","position":2,"name":"Faro volta a ser capital dos sabores tradicionais com a 10\u00aa Feira de Queijos, Vinhos e Enchidos"}]},{"@type":"WebSite","@id":"https:\/\/algarve7.pt\/#website","url":"https:\/\/algarve7.pt\/","name":"Algarve 7","description":"Informa\u00e7\u00e3o sobre o Algarve","publisher":{"@id":"https:\/\/algarve7.pt\/#organization"},"potentialAction":[{"@type":"SearchAction","target":{"@type":"EntryPoint","urlTemplate":"https:\/\/algarve7.pt\/?s={search_term_string}"},"query-input":{"@type":"PropertyValueSpecification","valueRequired":true,"valueName":"search_term_string"}}],"inLanguage":"pt-PT"},{"@type":"Organization","@id":"https:\/\/algarve7.pt\/#organization","name":"Algarve 7","url":"https:\/\/algarve7.pt\/","logo":{"@type":"ImageObject","inLanguage":"pt-PT","@id":"https:\/\/algarve7.pt\/#\/schema\/logo\/image\/","url":"https:\/\/algarve7.pt\/wp-content\/uploads\/2020\/10\/Logo-8.jpg","contentUrl":"https:\/\/algarve7.pt\/wp-content\/uploads\/2020\/10\/Logo-8.jpg","width":1680,"height":1186,"caption":"Algarve 7"},"image":{"@id":"https:\/\/algarve7.pt\/#\/schema\/logo\/image\/"},"sameAs":["https:\/\/www.facebook.com\/algarve7","https:\/\/x.com\/Algarvesete","https:\/\/www.instagram.com\/jornalalgarve7\/","https:\/\/www.linkedin.com\/company\/algarve7","https:\/\/www.pinterest.pt\/geral0939\/_created\/"]},{"@type":"Person","@id":"https:\/\/algarve7.pt\/#\/schema\/person\/23fa70681308e7b319a3204bcea45e0c","name":"Algarve 7","sameAs":["https:\/\/algarve7.pt","https:\/\/www.facebook.com\/algarve7"],"url":"https:\/\/algarve7.pt\/index.php\/author\/geralalgarve7-pt\/"}]}},"jetpack_publicize_connections":[],"jetpack_featured_media_url":"https:\/\/algarve7.pt\/wp-content\/uploads\/2025\/04\/FEIRA_Q_V__E_2025.jpg","jetpack_shortlink":"https:\/\/wp.me\/pcezmW-cS2","jetpack_sharing_enabled":true,"_links":{"self":[{"href":"https:\/\/algarve7.pt\/index.php\/wp-json\/wp\/v2\/posts\/49478","targetHints":{"allow":["GET"]}}],"collection":[{"href":"https:\/\/algarve7.pt\/index.php\/wp-json\/wp\/v2\/posts"}],"about":[{"href":"https:\/\/algarve7.pt\/index.php\/wp-json\/wp\/v2\/types\/post"}],"author":[{"embeddable":true,"href":"https:\/\/algarve7.pt\/index.php\/wp-json\/wp\/v2\/users\/1"}],"replies":[{"embeddable":true,"href":"https:\/\/algarve7.pt\/index.php\/wp-json\/wp\/v2\/comments?post=49478"}],"version-history":[{"count":0,"href":"https:\/\/algarve7.pt\/index.php\/wp-json\/wp\/v2\/posts\/49478\/revisions"}],"wp:featuredmedia":[{"embeddable":true,"href":"https:\/\/algarve7.pt\/index.php\/wp-json\/wp\/v2\/media\/49479"}],"wp:attachment":[{"href":"https:\/\/algarve7.pt\/index.php\/wp-json\/wp\/v2\/media?parent=49478"}],"wp:term":[{"taxonomy":"category","embeddable":true,"href":"https:\/\/algarve7.pt\/index.php\/wp-json\/wp\/v2\/categories?post=49478"},{"taxonomy":"post_tag","embeddable":true,"href":"https:\/\/algarve7.pt\/index.php\/wp-json\/wp\/v2\/tags?post=49478"}],"curies":[{"name":"wp","href":"https:\/\/api.w.org\/{rel}","templated":true}]}}