{"id":4946,"date":"2020-12-29T17:12:32","date_gmt":"2020-12-29T17:12:32","guid":{"rendered":"https:\/\/algarve7.pt\/?p=4946"},"modified":"2020-12-29T17:12:55","modified_gmt":"2020-12-29T17:12:55","slug":"surto-de-covid-19-no-lar-de-santa-maria-em-tavira","status":"publish","type":"post","link":"https:\/\/algarve7.pt\/index.php\/2020\/12\/surto-de-covid-19-no-lar-de-santa-maria-em-tavira\/saude\/17\/12\/","title":{"rendered":"Surto de COVID 19 no Lar de Santa Maria em Tavira"},"content":{"rendered":"\n<p><strong>Comunicado enviado pelo  Presidente da Dire\u00e7\u00e3o do Centro Social e Paroquial de Santa Maria de Tavira. Pe Miguel Neto<\/strong><\/p>\n\n\n\n<p>\u00c9 com profundo pesar que vos comunico que hoje, dia 29 de dezembro de 2020, foi diagnosticada a um grupo de 25 utentes e um funcion\u00e1rio, a doen\u00e7a COVID-19, provocada pelo v\u00edrus SARS-COV2.\u00a0\u00a0<\/p>\n\n\n\n<p>Pese embora todas as medidas que, desde a primeira hora e logo em mar\u00e7o de 2020 tom\u00e1mos, a nossa institui\u00e7\u00e3o, tal como outras, v\u00ea-se afligida de forma mais intensa por esta pandemia que persiste em nos acompanhar.&nbsp;<\/p>\n\n\n\n<p>Os utentes infetados encontram-se isolados dos restantes, nas instala\u00e7\u00f5es do Lar de Santa Maria, onde uma equipa dedicada lhes presta cuidados de forma regular, garantindo, todo o apoio e tratamento que necessitem. Essa equipa segue as indica\u00e7\u00f5es prestadas pelo Ex.mo Sr. Delegado de Sa\u00fade de Tavira e conta com o apoio de um m\u00e9dico e um enfermeiro do Servi\u00e7o Nacional de Sa\u00fade.&nbsp;<\/p>\n\n\n\n<p>Para organiza\u00e7\u00e3o de toda esta opera\u00e7\u00e3o, os familiares respons\u00e1veis pelos utentes, sendo estes aqueles que est\u00e3o identificados no contrato de presta\u00e7\u00e3o de servi\u00e7os, ser\u00e3o diariamente contactados pela nossa institui\u00e7\u00e3o, afim de dar conta do ponto de situa\u00e7\u00e3o de cada familiar. J\u00e1 foram contactados primeiramente os familiares dos utentes infetados e, posteriormente, os familiares dos utentes n\u00e3o infetados. Desde j\u00e1 solicitamos que n\u00e3o efetuem chamadas telef\u00f3nicas para a institui\u00e7\u00e3o, por forma a n\u00e3o sobrecarregar as linhas telef\u00f3nicas, garantindo que toda a informa\u00e7\u00e3o vos ser\u00e1 prestada atempadamente e de forma clara e esclarecedora.&nbsp;<\/p>\n\n\n\n<p>Agradecemos penhoradamente todo o apoio prestado pelos Exmos Senhores Delegado de Sa\u00fade, Diretora do Centro Regional de Seguran\u00e7a Social e Presidente de C\u00e2mara, que, desde a primeira hora, estiveram presentes e mobilizaram esfor\u00e7os para que possamos conter este surto e que aos nossos utentes nada falte.&nbsp;<\/p>\n\n\n\n<p>A todos os nossos trabalhadores, que est\u00e3o a demonstrar para com os utentes toda a dedica\u00e7\u00e3o e empenho, o nosso muito obrigado.<\/p>\n\n\n\n<p>Pedimos, como crentes que somos, a Santa Maria, especial protetora desta cidade de Tavira e padroeira da nossa institui\u00e7\u00e3o, que nos proteja a todos e, sobretudo, que rogue ao Pai Celeste para que esta seja uma breve prova\u00e7\u00e3o.<\/p>\n","protected":false},"excerpt":{"rendered":"<p>Comunicado enviado pelo Presidente da Dire\u00e7\u00e3o do Centro Social e Paroquial de Santa Maria de Tavira. Pe Miguel Neto \u00c9<\/p>\n","protected":false},"author":1,"featured_media":4947,"comment_status":"closed","ping_status":"open","sticky":false,"template":"","format":"standard","meta":{"colormag_page_container_layout":"default_layout","colormag_page_sidebar_layout":"default_layout","_monsterinsights_skip_tracking":false,"_monsterinsights_sitenote_active":false,"_monsterinsights_sitenote_note":"","_monsterinsights_sitenote_category":0,"jetpack_post_was_ever_published":false,"_jetpack_newsletter_access":"","_jetpack_dont_email_post_to_subs":false,"_jetpack_newsletter_tier_id":0,"_jetpack_memberships_contains_paywalled_content":false,"_jetpack_memberships_contains_paid_content":false,"footnotes":"","jetpack_publicize_message":"","jetpack_publicize_feature_enabled":true,"jetpack_social_post_already_shared":true,"jetpack_social_options":{"image_generator_settings":{"template":"highway","default_image_id":0,"font":"","enabled":false},"version":2}},"categories":[59],"tags":[36,51,208,58,54],"class_list":["post-4946","post","type-post","status-publish","format-standard","has-post-thumbnail","hentry","category-saude","tag-algarve","tag-covid-19","tag-lar","tag-saude","tag-tavira"],"yoast_head":"<!-- This site is optimized with the Yoast SEO plugin v27.5 - https:\/\/yoast.com\/product\/yoast-seo-wordpress\/ -->\n<title>Surto de COVID 19 no Lar de Santa Maria em Tavira - Algarve 7<\/title>\n<meta name=\"description\" content=\"Surto de COVID 19 no Lar de Santa Maria em Tavira Sa\u00fade\" \/>\n<meta name=\"robots\" content=\"index, follow, max-snippet:-1, max-image-preview:large, max-video-preview:-1\" \/>\n<link rel=\"canonical\" href=\"https:\/\/algarve7.pt\/index.php\/2020\/12\/surto-de-covid-19-no-lar-de-santa-maria-em-tavira\/saude\/17\/12\/\" \/>\n<meta property=\"og:locale\" content=\"pt_PT\" \/>\n<meta property=\"og:type\" content=\"article\" \/>\n<meta property=\"og:title\" content=\"Surto de COVID 19 no Lar de Santa Maria em Tavira - Algarve 7\" \/>\n<meta property=\"og:description\" content=\"Surto de COVID 19 no Lar de Santa Maria em Tavira Sa\u00fade\" \/>\n<meta property=\"og:url\" content=\"https:\/\/algarve7.pt\/index.php\/2020\/12\/surto-de-covid-19-no-lar-de-santa-maria-em-tavira\/saude\/17\/12\/\" \/>\n<meta property=\"og:site_name\" content=\"Algarve 7\" \/>\n<meta property=\"article:publisher\" content=\"https:\/\/www.facebook.com\/algarve7\" \/>\n<meta property=\"article:author\" content=\"https:\/\/www.facebook.com\/algarve7\" \/>\n<meta property=\"article:published_time\" content=\"2020-12-29T17:12:32+00:00\" \/>\n<meta property=\"article:modified_time\" content=\"2020-12-29T17:12:55+00:00\" \/>\n<meta property=\"og:image\" content=\"https:\/\/algarve7.pt\/wp-content\/uploads\/2020\/12\/lar-de-santa-Maria.jpg\" \/>\n\t<meta property=\"og:image:width\" content=\"901\" \/>\n\t<meta property=\"og:image:height\" content=\"389\" \/>\n\t<meta property=\"og:image:type\" content=\"image\/jpeg\" \/>\n<meta name=\"author\" content=\"Algarve 7\" \/>\n<meta name=\"twitter:card\" content=\"summary_large_image\" \/>\n<meta name=\"twitter:creator\" content=\"@Algarvesete\" \/>\n<meta name=\"twitter:site\" content=\"@Algarvesete\" \/>\n<meta name=\"twitter:label1\" content=\"Escrito por\" \/>\n\t<meta name=\"twitter:data1\" content=\"Algarve 7\" \/>\n\t<meta name=\"twitter:label2\" content=\"Tempo estimado de leitura\" \/>\n\t<meta name=\"twitter:data2\" content=\"2 minutos\" \/>\n<script type=\"application\/ld+json\" class=\"yoast-schema-graph\">{\"@context\":\"https:\\\/\\\/schema.org\",\"@graph\":[{\"@type\":\"Article\",\"@id\":\"https:\\\/\\\/algarve7.pt\\\/index.php\\\/2020\\\/12\\\/surto-de-covid-19-no-lar-de-santa-maria-em-tavira\\\/saude\\\/17\\\/12\\\/#article\",\"isPartOf\":{\"@id\":\"https:\\\/\\\/algarve7.pt\\\/index.php\\\/2020\\\/12\\\/surto-de-covid-19-no-lar-de-santa-maria-em-tavira\\\/saude\\\/17\\\/12\\\/\"},\"author\":{\"name\":\"Algarve 7\",\"@id\":\"https:\\\/\\\/algarve7.pt\\\/#\\\/schema\\\/person\\\/23fa70681308e7b319a3204bcea45e0c\"},\"headline\":\"Surto de COVID 19 no Lar de Santa Maria em Tavira\",\"datePublished\":\"2020-12-29T17:12:32+00:00\",\"dateModified\":\"2020-12-29T17:12:55+00:00\",\"mainEntityOfPage\":{\"@id\":\"https:\\\/\\\/algarve7.pt\\\/index.php\\\/2020\\\/12\\\/surto-de-covid-19-no-lar-de-santa-maria-em-tavira\\\/saude\\\/17\\\/12\\\/\"},\"wordCount\":396,\"publisher\":{\"@id\":\"https:\\\/\\\/algarve7.pt\\\/#organization\"},\"image\":{\"@id\":\"https:\\\/\\\/algarve7.pt\\\/index.php\\\/2020\\\/12\\\/surto-de-covid-19-no-lar-de-santa-maria-em-tavira\\\/saude\\\/17\\\/12\\\/#primaryimage\"},\"thumbnailUrl\":\"https:\\\/\\\/algarve7.pt\\\/wp-content\\\/uploads\\\/2020\\\/12\\\/lar-de-santa-Maria.jpg\",\"keywords\":[\"Algarve\",\"Covid-19\",\"Lar\",\"Sa\u00fade\",\"Tavira\"],\"articleSection\":[\"Sa\u00fade\"],\"inLanguage\":\"pt-PT\"},{\"@type\":\"WebPage\",\"@id\":\"https:\\\/\\\/algarve7.pt\\\/index.php\\\/2020\\\/12\\\/surto-de-covid-19-no-lar-de-santa-maria-em-tavira\\\/saude\\\/17\\\/12\\\/\",\"url\":\"https:\\\/\\\/algarve7.pt\\\/index.php\\\/2020\\\/12\\\/surto-de-covid-19-no-lar-de-santa-maria-em-tavira\\\/saude\\\/17\\\/12\\\/\",\"name\":\"Surto de COVID 19 no Lar de Santa Maria em Tavira - Algarve 7\",\"isPartOf\":{\"@id\":\"https:\\\/\\\/algarve7.pt\\\/#website\"},\"primaryImageOfPage\":{\"@id\":\"https:\\\/\\\/algarve7.pt\\\/index.php\\\/2020\\\/12\\\/surto-de-covid-19-no-lar-de-santa-maria-em-tavira\\\/saude\\\/17\\\/12\\\/#primaryimage\"},\"image\":{\"@id\":\"https:\\\/\\\/algarve7.pt\\\/index.php\\\/2020\\\/12\\\/surto-de-covid-19-no-lar-de-santa-maria-em-tavira\\\/saude\\\/17\\\/12\\\/#primaryimage\"},\"thumbnailUrl\":\"https:\\\/\\\/algarve7.pt\\\/wp-content\\\/uploads\\\/2020\\\/12\\\/lar-de-santa-Maria.jpg\",\"datePublished\":\"2020-12-29T17:12:32+00:00\",\"dateModified\":\"2020-12-29T17:12:55+00:00\",\"description\":\"Surto de COVID 19 no Lar de Santa Maria em Tavira Sa\u00fade\",\"breadcrumb\":{\"@id\":\"https:\\\/\\\/algarve7.pt\\\/index.php\\\/2020\\\/12\\\/surto-de-covid-19-no-lar-de-santa-maria-em-tavira\\\/saude\\\/17\\\/12\\\/#breadcrumb\"},\"inLanguage\":\"pt-PT\",\"potentialAction\":[{\"@type\":\"ReadAction\",\"target\":[\"https:\\\/\\\/algarve7.pt\\\/index.php\\\/2020\\\/12\\\/surto-de-covid-19-no-lar-de-santa-maria-em-tavira\\\/saude\\\/17\\\/12\\\/\"]}]},{\"@type\":\"ImageObject\",\"inLanguage\":\"pt-PT\",\"@id\":\"https:\\\/\\\/algarve7.pt\\\/index.php\\\/2020\\\/12\\\/surto-de-covid-19-no-lar-de-santa-maria-em-tavira\\\/saude\\\/17\\\/12\\\/#primaryimage\",\"url\":\"https:\\\/\\\/algarve7.pt\\\/wp-content\\\/uploads\\\/2020\\\/12\\\/lar-de-santa-Maria.jpg\",\"contentUrl\":\"https:\\\/\\\/algarve7.pt\\\/wp-content\\\/uploads\\\/2020\\\/12\\\/lar-de-santa-Maria.jpg\",\"width\":901,\"height\":389},{\"@type\":\"BreadcrumbList\",\"@id\":\"https:\\\/\\\/algarve7.pt\\\/index.php\\\/2020\\\/12\\\/surto-de-covid-19-no-lar-de-santa-maria-em-tavira\\\/saude\\\/17\\\/12\\\/#breadcrumb\",\"itemListElement\":[{\"@type\":\"ListItem\",\"position\":1,\"name\":\"In\u00edcio\",\"item\":\"https:\\\/\\\/algarve7.pt\\\/\"},{\"@type\":\"ListItem\",\"position\":2,\"name\":\"Surto de COVID 19 no Lar de Santa Maria em Tavira\"}]},{\"@type\":\"WebSite\",\"@id\":\"https:\\\/\\\/algarve7.pt\\\/#website\",\"url\":\"https:\\\/\\\/algarve7.pt\\\/\",\"name\":\"Algarve 7\",\"description\":\"Informa\u00e7\u00e3o sobre o Algarve\",\"publisher\":{\"@id\":\"https:\\\/\\\/algarve7.pt\\\/#organization\"},\"potentialAction\":[{\"@type\":\"SearchAction\",\"target\":{\"@type\":\"EntryPoint\",\"urlTemplate\":\"https:\\\/\\\/algarve7.pt\\\/?s={search_term_string}\"},\"query-input\":{\"@type\":\"PropertyValueSpecification\",\"valueRequired\":true,\"valueName\":\"search_term_string\"}}],\"inLanguage\":\"pt-PT\"},{\"@type\":\"Organization\",\"@id\":\"https:\\\/\\\/algarve7.pt\\\/#organization\",\"name\":\"Algarve 7\",\"url\":\"https:\\\/\\\/algarve7.pt\\\/\",\"logo\":{\"@type\":\"ImageObject\",\"inLanguage\":\"pt-PT\",\"@id\":\"https:\\\/\\\/algarve7.pt\\\/#\\\/schema\\\/logo\\\/image\\\/\",\"url\":\"https:\\\/\\\/algarve7.pt\\\/wp-content\\\/uploads\\\/2020\\\/10\\\/Logo-8.jpg\",\"contentUrl\":\"https:\\\/\\\/algarve7.pt\\\/wp-content\\\/uploads\\\/2020\\\/10\\\/Logo-8.jpg\",\"width\":1680,\"height\":1186,\"caption\":\"Algarve 7\"},\"image\":{\"@id\":\"https:\\\/\\\/algarve7.pt\\\/#\\\/schema\\\/logo\\\/image\\\/\"},\"sameAs\":[\"https:\\\/\\\/www.facebook.com\\\/algarve7\",\"https:\\\/\\\/x.com\\\/Algarvesete\",\"https:\\\/\\\/www.instagram.com\\\/jornalalgarve7\\\/\",\"https:\\\/\\\/www.linkedin.com\\\/company\\\/algarve7\",\"https:\\\/\\\/www.pinterest.pt\\\/geral0939\\\/_created\\\/\"]},{\"@type\":\"Person\",\"@id\":\"https:\\\/\\\/algarve7.pt\\\/#\\\/schema\\\/person\\\/23fa70681308e7b319a3204bcea45e0c\",\"name\":\"Algarve 7\",\"sameAs\":[\"https:\\\/\\\/algarve7.pt\",\"https:\\\/\\\/www.facebook.com\\\/algarve7\"],\"url\":\"https:\\\/\\\/algarve7.pt\\\/index.php\\\/author\\\/geralalgarve7-pt\\\/\"}]}<\/script>\n<!-- \/ Yoast SEO plugin. -->","yoast_head_json":{"title":"Surto de COVID 19 no Lar de Santa Maria em Tavira - Algarve 7","description":"Surto de COVID 19 no Lar de Santa Maria em Tavira Sa\u00fade","robots":{"index":"index","follow":"follow","max-snippet":"max-snippet:-1","max-image-preview":"max-image-preview:large","max-video-preview":"max-video-preview:-1"},"canonical":"https:\/\/algarve7.pt\/index.php\/2020\/12\/surto-de-covid-19-no-lar-de-santa-maria-em-tavira\/saude\/17\/12\/","og_locale":"pt_PT","og_type":"article","og_title":"Surto de COVID 19 no Lar de Santa Maria em Tavira - Algarve 7","og_description":"Surto de COVID 19 no Lar de Santa Maria em Tavira Sa\u00fade","og_url":"https:\/\/algarve7.pt\/index.php\/2020\/12\/surto-de-covid-19-no-lar-de-santa-maria-em-tavira\/saude\/17\/12\/","og_site_name":"Algarve 7","article_publisher":"https:\/\/www.facebook.com\/algarve7","article_author":"https:\/\/www.facebook.com\/algarve7","article_published_time":"2020-12-29T17:12:32+00:00","article_modified_time":"2020-12-29T17:12:55+00:00","og_image":[{"width":901,"height":389,"url":"https:\/\/algarve7.pt\/wp-content\/uploads\/2020\/12\/lar-de-santa-Maria.jpg","type":"image\/jpeg"}],"author":"Algarve 7","twitter_card":"summary_large_image","twitter_creator":"@Algarvesete","twitter_site":"@Algarvesete","twitter_misc":{"Escrito por":"Algarve 7","Tempo estimado de leitura":"2 minutos"},"schema":{"@context":"https:\/\/schema.org","@graph":[{"@type":"Article","@id":"https:\/\/algarve7.pt\/index.php\/2020\/12\/surto-de-covid-19-no-lar-de-santa-maria-em-tavira\/saude\/17\/12\/#article","isPartOf":{"@id":"https:\/\/algarve7.pt\/index.php\/2020\/12\/surto-de-covid-19-no-lar-de-santa-maria-em-tavira\/saude\/17\/12\/"},"author":{"name":"Algarve 7","@id":"https:\/\/algarve7.pt\/#\/schema\/person\/23fa70681308e7b319a3204bcea45e0c"},"headline":"Surto de COVID 19 no Lar de Santa Maria em Tavira","datePublished":"2020-12-29T17:12:32+00:00","dateModified":"2020-12-29T17:12:55+00:00","mainEntityOfPage":{"@id":"https:\/\/algarve7.pt\/index.php\/2020\/12\/surto-de-covid-19-no-lar-de-santa-maria-em-tavira\/saude\/17\/12\/"},"wordCount":396,"publisher":{"@id":"https:\/\/algarve7.pt\/#organization"},"image":{"@id":"https:\/\/algarve7.pt\/index.php\/2020\/12\/surto-de-covid-19-no-lar-de-santa-maria-em-tavira\/saude\/17\/12\/#primaryimage"},"thumbnailUrl":"https:\/\/algarve7.pt\/wp-content\/uploads\/2020\/12\/lar-de-santa-Maria.jpg","keywords":["Algarve","Covid-19","Lar","Sa\u00fade","Tavira"],"articleSection":["Sa\u00fade"],"inLanguage":"pt-PT"},{"@type":"WebPage","@id":"https:\/\/algarve7.pt\/index.php\/2020\/12\/surto-de-covid-19-no-lar-de-santa-maria-em-tavira\/saude\/17\/12\/","url":"https:\/\/algarve7.pt\/index.php\/2020\/12\/surto-de-covid-19-no-lar-de-santa-maria-em-tavira\/saude\/17\/12\/","name":"Surto de COVID 19 no Lar de Santa Maria em Tavira - Algarve 7","isPartOf":{"@id":"https:\/\/algarve7.pt\/#website"},"primaryImageOfPage":{"@id":"https:\/\/algarve7.pt\/index.php\/2020\/12\/surto-de-covid-19-no-lar-de-santa-maria-em-tavira\/saude\/17\/12\/#primaryimage"},"image":{"@id":"https:\/\/algarve7.pt\/index.php\/2020\/12\/surto-de-covid-19-no-lar-de-santa-maria-em-tavira\/saude\/17\/12\/#primaryimage"},"thumbnailUrl":"https:\/\/algarve7.pt\/wp-content\/uploads\/2020\/12\/lar-de-santa-Maria.jpg","datePublished":"2020-12-29T17:12:32+00:00","dateModified":"2020-12-29T17:12:55+00:00","description":"Surto de COVID 19 no Lar de Santa Maria em Tavira Sa\u00fade","breadcrumb":{"@id":"https:\/\/algarve7.pt\/index.php\/2020\/12\/surto-de-covid-19-no-lar-de-santa-maria-em-tavira\/saude\/17\/12\/#breadcrumb"},"inLanguage":"pt-PT","potentialAction":[{"@type":"ReadAction","target":["https:\/\/algarve7.pt\/index.php\/2020\/12\/surto-de-covid-19-no-lar-de-santa-maria-em-tavira\/saude\/17\/12\/"]}]},{"@type":"ImageObject","inLanguage":"pt-PT","@id":"https:\/\/algarve7.pt\/index.php\/2020\/12\/surto-de-covid-19-no-lar-de-santa-maria-em-tavira\/saude\/17\/12\/#primaryimage","url":"https:\/\/algarve7.pt\/wp-content\/uploads\/2020\/12\/lar-de-santa-Maria.jpg","contentUrl":"https:\/\/algarve7.pt\/wp-content\/uploads\/2020\/12\/lar-de-santa-Maria.jpg","width":901,"height":389},{"@type":"BreadcrumbList","@id":"https:\/\/algarve7.pt\/index.php\/2020\/12\/surto-de-covid-19-no-lar-de-santa-maria-em-tavira\/saude\/17\/12\/#breadcrumb","itemListElement":[{"@type":"ListItem","position":1,"name":"In\u00edcio","item":"https:\/\/algarve7.pt\/"},{"@type":"ListItem","position":2,"name":"Surto de COVID 19 no Lar de Santa Maria em Tavira"}]},{"@type":"WebSite","@id":"https:\/\/algarve7.pt\/#website","url":"https:\/\/algarve7.pt\/","name":"Algarve 7","description":"Informa\u00e7\u00e3o sobre o Algarve","publisher":{"@id":"https:\/\/algarve7.pt\/#organization"},"potentialAction":[{"@type":"SearchAction","target":{"@type":"EntryPoint","urlTemplate":"https:\/\/algarve7.pt\/?s={search_term_string}"},"query-input":{"@type":"PropertyValueSpecification","valueRequired":true,"valueName":"search_term_string"}}],"inLanguage":"pt-PT"},{"@type":"Organization","@id":"https:\/\/algarve7.pt\/#organization","name":"Algarve 7","url":"https:\/\/algarve7.pt\/","logo":{"@type":"ImageObject","inLanguage":"pt-PT","@id":"https:\/\/algarve7.pt\/#\/schema\/logo\/image\/","url":"https:\/\/algarve7.pt\/wp-content\/uploads\/2020\/10\/Logo-8.jpg","contentUrl":"https:\/\/algarve7.pt\/wp-content\/uploads\/2020\/10\/Logo-8.jpg","width":1680,"height":1186,"caption":"Algarve 7"},"image":{"@id":"https:\/\/algarve7.pt\/#\/schema\/logo\/image\/"},"sameAs":["https:\/\/www.facebook.com\/algarve7","https:\/\/x.com\/Algarvesete","https:\/\/www.instagram.com\/jornalalgarve7\/","https:\/\/www.linkedin.com\/company\/algarve7","https:\/\/www.pinterest.pt\/geral0939\/_created\/"]},{"@type":"Person","@id":"https:\/\/algarve7.pt\/#\/schema\/person\/23fa70681308e7b319a3204bcea45e0c","name":"Algarve 7","sameAs":["https:\/\/algarve7.pt","https:\/\/www.facebook.com\/algarve7"],"url":"https:\/\/algarve7.pt\/index.php\/author\/geralalgarve7-pt\/"}]}},"jetpack_publicize_connections":[],"jetpack_featured_media_url":"https:\/\/algarve7.pt\/wp-content\/uploads\/2020\/12\/lar-de-santa-Maria.jpg","jetpack_shortlink":"https:\/\/wp.me\/pcezmW-1hM","jetpack_sharing_enabled":true,"_links":{"self":[{"href":"https:\/\/algarve7.pt\/index.php\/wp-json\/wp\/v2\/posts\/4946","targetHints":{"allow":["GET"]}}],"collection":[{"href":"https:\/\/algarve7.pt\/index.php\/wp-json\/wp\/v2\/posts"}],"about":[{"href":"https:\/\/algarve7.pt\/index.php\/wp-json\/wp\/v2\/types\/post"}],"author":[{"embeddable":true,"href":"https:\/\/algarve7.pt\/index.php\/wp-json\/wp\/v2\/users\/1"}],"replies":[{"embeddable":true,"href":"https:\/\/algarve7.pt\/index.php\/wp-json\/wp\/v2\/comments?post=4946"}],"version-history":[{"count":0,"href":"https:\/\/algarve7.pt\/index.php\/wp-json\/wp\/v2\/posts\/4946\/revisions"}],"wp:featuredmedia":[{"embeddable":true,"href":"https:\/\/algarve7.pt\/index.php\/wp-json\/wp\/v2\/media\/4947"}],"wp:attachment":[{"href":"https:\/\/algarve7.pt\/index.php\/wp-json\/wp\/v2\/media?parent=4946"}],"wp:term":[{"taxonomy":"category","embeddable":true,"href":"https:\/\/algarve7.pt\/index.php\/wp-json\/wp\/v2\/categories?post=4946"},{"taxonomy":"post_tag","embeddable":true,"href":"https:\/\/algarve7.pt\/index.php\/wp-json\/wp\/v2\/tags?post=4946"}],"curies":[{"name":"wp","href":"https:\/\/api.w.org\/{rel}","templated":true}]}}