{"id":49454,"date":"2025-04-14T07:55:00","date_gmt":"2025-04-14T06:55:00","guid":{"rendered":"https:\/\/algarve7.pt\/?p=49454"},"modified":"2025-04-13T09:33:19","modified_gmt":"2025-04-13T08:33:19","slug":"encerramento-temporario-da-biblioteca-municipal-de-faro-para-obras-de-beneficiacao","status":"publish","type":"post","link":"https:\/\/algarve7.pt\/index.php\/2025\/04\/encerramento-temporario-da-biblioteca-municipal-de-faro-para-obras-de-beneficiacao\/cultura\/07\/55\/","title":{"rendered":"Encerramento tempor\u00e1rio da biblioteca municipal de Faro para obras de beneficia\u00e7\u00e3o"},"content":{"rendered":"\n<p>O Munic\u00edpio de Faro informa que a Biblioteca Municipal Ant\u00f3nio Ramos Rosa vai encerrar temporariamente os seus servi\u00e7os ao p\u00fablico, entre os dias 21 de abril e 4 de maio, para obras de conserva\u00e7\u00e3o e beneficia\u00e7\u00e3o.<\/p>\n\n\n\n<p>Esta interven\u00e7\u00e3o visa garantir melhores condi\u00e7\u00f5es de seguran\u00e7a, conforto e qualidade dos servi\u00e7os prestados a todos os utilizadores. Durante este per\u00edodo, ser\u00e1 garantido o prolongamento dos empr\u00e9stimos domicili\u00e1rios at\u00e9 ao final do encerramento.<\/p>\n\n\n\n<p>Coincidindo este encerramento com a data de comemora\u00e7\u00e3o do seu 24\u00ba anivers\u00e1rio e o Dia Mundial do Livro, a Biblioteca ir\u00e1 manter o espet\u00e1culo agendado para o dia 23 de abril, \u00e0s 21h30, \u201cNos Olhos da Noite\u201d, por Tiago Marcos e Alfaro, numa sess\u00e3o de poesia dita, acompanhada por sonoridades envolventes.<\/p>\n\n\n\n<p>Informa- se tamb\u00e9m que a Oficina \u201cComo os livros para os mais novos acompanham e antecipam os momentos de viragem hist\u00f3rica\u201d, dinamizada por Carla Maia de Almeida, acontecer\u00e1 no dia 22 de abril, alterando apenas o local de realiza\u00e7\u00e3o para o Instituto Portugu\u00eas do Desporto e Juventude. Esta a\u00e7\u00e3o, certificada pelo Centro de Forma\u00e7\u00e3o Ria Formosa, convida professores, educadores e t\u00e9cnicos de biblioteca a refletirem sobre literatura infantojuvenil e sociedade. As inscri\u00e7\u00f5es s\u00e3o gratuitas e dever\u00e3o ser efetuadas atrav\u00e9s do endere\u00e7o eletr\u00f3nico&nbsp;<a href=\"mailto:biblioteca.arquivo@cm-faro.pt\">biblioteca.arquivo@cm-faro.pt<\/a><\/p>\n\n\n\n<p>O Munic\u00edpio de Faro pede desculpa por qualquer inconveniente causado e agradece a compreens\u00e3o de todos os utilizadores da biblioteca, prometendo ser o mais breve poss\u00edvel.<\/p>\n","protected":false},"excerpt":{"rendered":"<p>O Munic\u00edpio de Faro informa que a Biblioteca Municipal Ant\u00f3nio Ramos Rosa vai encerrar temporariamente os seus servi\u00e7os ao p\u00fablico,<\/p>\n","protected":false},"author":1,"featured_media":49455,"comment_status":"closed","ping_status":"closed","sticky":false,"template":"","format":"standard","meta":{"colormag_page_container_layout":"default_layout","colormag_page_sidebar_layout":"default_layout","_monsterinsights_skip_tracking":false,"_monsterinsights_sitenote_active":false,"_monsterinsights_sitenote_note":"","_monsterinsights_sitenote_category":0,"jetpack_post_was_ever_published":false,"_jetpack_newsletter_access":"","_jetpack_dont_email_post_to_subs":false,"_jetpack_newsletter_tier_id":0,"_jetpack_memberships_contains_paywalled_content":false,"_jetpack_memberships_contains_paid_content":false,"footnotes":"","jetpack_publicize_message":"","jetpack_publicize_feature_enabled":true,"jetpack_social_post_already_shared":true,"jetpack_social_options":{"image_generator_settings":{"template":"highway","default_image_id":0,"font":"","enabled":false},"version":2}},"categories":[14],"tags":[36,35,57],"class_list":["post-49454","post","type-post","status-publish","format-standard","has-post-thumbnail","hentry","category-cultura","tag-algarve","tag-cultura","tag-faro"],"yoast_head":"<!-- This site is optimized with the Yoast SEO plugin v27.5 - https:\/\/yoast.com\/product\/yoast-seo-wordpress\/ -->\n<title>Encerramento tempor\u00e1rio da biblioteca municipal de Faro para obras de beneficia\u00e7\u00e3o - Algarve 7<\/title>\n<meta name=\"description\" content=\"Encerramento tempor\u00e1rio da biblioteca municipal de Faro para obras de beneficia\u00e7\u00e3o Cultura\" \/>\n<meta name=\"robots\" content=\"index, follow, max-snippet:-1, max-image-preview:large, max-video-preview:-1\" \/>\n<link rel=\"canonical\" href=\"https:\/\/algarve7.pt\/index.php\/2025\/04\/encerramento-temporario-da-biblioteca-municipal-de-faro-para-obras-de-beneficiacao\/cultura\/07\/55\/\" \/>\n<meta property=\"og:locale\" content=\"pt_PT\" \/>\n<meta property=\"og:type\" content=\"article\" \/>\n<meta property=\"og:title\" content=\"Encerramento tempor\u00e1rio da biblioteca municipal de Faro para obras de beneficia\u00e7\u00e3o - Algarve 7\" \/>\n<meta property=\"og:description\" content=\"Encerramento tempor\u00e1rio da biblioteca municipal de Faro para obras de beneficia\u00e7\u00e3o Cultura\" \/>\n<meta property=\"og:url\" content=\"https:\/\/algarve7.pt\/index.php\/2025\/04\/encerramento-temporario-da-biblioteca-municipal-de-faro-para-obras-de-beneficiacao\/cultura\/07\/55\/\" \/>\n<meta property=\"og:site_name\" content=\"Algarve 7\" \/>\n<meta property=\"article:publisher\" content=\"https:\/\/www.facebook.com\/algarve7\" \/>\n<meta property=\"article:author\" content=\"https:\/\/www.facebook.com\/algarve7\" \/>\n<meta property=\"article:published_time\" content=\"2025-04-14T06:55:00+00:00\" \/>\n<meta property=\"og:image\" content=\"https:\/\/algarve7.pt\/wp-content\/uploads\/2025\/04\/imgLoader.ashx_.jpeg\" \/>\n\t<meta property=\"og:image:width\" content=\"800\" \/>\n\t<meta property=\"og:image:height\" content=\"500\" \/>\n\t<meta property=\"og:image:type\" content=\"image\/jpeg\" \/>\n<meta name=\"author\" content=\"Algarve 7\" \/>\n<meta name=\"twitter:card\" content=\"summary_large_image\" \/>\n<meta name=\"twitter:creator\" content=\"@Algarvesete\" \/>\n<meta name=\"twitter:site\" content=\"@Algarvesete\" \/>\n<meta name=\"twitter:label1\" content=\"Escrito por\" \/>\n\t<meta name=\"twitter:data1\" content=\"Algarve 7\" \/>\n\t<meta name=\"twitter:label2\" content=\"Tempo estimado de leitura\" \/>\n\t<meta name=\"twitter:data2\" content=\"2 minutos\" \/>\n<script type=\"application\/ld+json\" class=\"yoast-schema-graph\">{\"@context\":\"https:\\\/\\\/schema.org\",\"@graph\":[{\"@type\":\"Article\",\"@id\":\"https:\\\/\\\/algarve7.pt\\\/index.php\\\/2025\\\/04\\\/encerramento-temporario-da-biblioteca-municipal-de-faro-para-obras-de-beneficiacao\\\/cultura\\\/07\\\/55\\\/#article\",\"isPartOf\":{\"@id\":\"https:\\\/\\\/algarve7.pt\\\/index.php\\\/2025\\\/04\\\/encerramento-temporario-da-biblioteca-municipal-de-faro-para-obras-de-beneficiacao\\\/cultura\\\/07\\\/55\\\/\"},\"author\":{\"name\":\"Algarve 7\",\"@id\":\"https:\\\/\\\/algarve7.pt\\\/#\\\/schema\\\/person\\\/23fa70681308e7b319a3204bcea45e0c\"},\"headline\":\"Encerramento tempor\u00e1rio da biblioteca municipal de Faro para obras de beneficia\u00e7\u00e3o\",\"datePublished\":\"2025-04-14T06:55:00+00:00\",\"mainEntityOfPage\":{\"@id\":\"https:\\\/\\\/algarve7.pt\\\/index.php\\\/2025\\\/04\\\/encerramento-temporario-da-biblioteca-municipal-de-faro-para-obras-de-beneficiacao\\\/cultura\\\/07\\\/55\\\/\"},\"wordCount\":274,\"publisher\":{\"@id\":\"https:\\\/\\\/algarve7.pt\\\/#organization\"},\"image\":{\"@id\":\"https:\\\/\\\/algarve7.pt\\\/index.php\\\/2025\\\/04\\\/encerramento-temporario-da-biblioteca-municipal-de-faro-para-obras-de-beneficiacao\\\/cultura\\\/07\\\/55\\\/#primaryimage\"},\"thumbnailUrl\":\"https:\\\/\\\/algarve7.pt\\\/wp-content\\\/uploads\\\/2025\\\/04\\\/imgLoader.ashx_.jpeg\",\"keywords\":[\"Algarve\",\"Cultura\",\"Faro\"],\"articleSection\":[\"Cultura\"],\"inLanguage\":\"pt-PT\"},{\"@type\":\"WebPage\",\"@id\":\"https:\\\/\\\/algarve7.pt\\\/index.php\\\/2025\\\/04\\\/encerramento-temporario-da-biblioteca-municipal-de-faro-para-obras-de-beneficiacao\\\/cultura\\\/07\\\/55\\\/\",\"url\":\"https:\\\/\\\/algarve7.pt\\\/index.php\\\/2025\\\/04\\\/encerramento-temporario-da-biblioteca-municipal-de-faro-para-obras-de-beneficiacao\\\/cultura\\\/07\\\/55\\\/\",\"name\":\"Encerramento tempor\u00e1rio da biblioteca municipal de Faro para obras de beneficia\u00e7\u00e3o - Algarve 7\",\"isPartOf\":{\"@id\":\"https:\\\/\\\/algarve7.pt\\\/#website\"},\"primaryImageOfPage\":{\"@id\":\"https:\\\/\\\/algarve7.pt\\\/index.php\\\/2025\\\/04\\\/encerramento-temporario-da-biblioteca-municipal-de-faro-para-obras-de-beneficiacao\\\/cultura\\\/07\\\/55\\\/#primaryimage\"},\"image\":{\"@id\":\"https:\\\/\\\/algarve7.pt\\\/index.php\\\/2025\\\/04\\\/encerramento-temporario-da-biblioteca-municipal-de-faro-para-obras-de-beneficiacao\\\/cultura\\\/07\\\/55\\\/#primaryimage\"},\"thumbnailUrl\":\"https:\\\/\\\/algarve7.pt\\\/wp-content\\\/uploads\\\/2025\\\/04\\\/imgLoader.ashx_.jpeg\",\"datePublished\":\"2025-04-14T06:55:00+00:00\",\"description\":\"Encerramento tempor\u00e1rio da biblioteca municipal de Faro para obras de beneficia\u00e7\u00e3o Cultura\",\"breadcrumb\":{\"@id\":\"https:\\\/\\\/algarve7.pt\\\/index.php\\\/2025\\\/04\\\/encerramento-temporario-da-biblioteca-municipal-de-faro-para-obras-de-beneficiacao\\\/cultura\\\/07\\\/55\\\/#breadcrumb\"},\"inLanguage\":\"pt-PT\",\"potentialAction\":[{\"@type\":\"ReadAction\",\"target\":[\"https:\\\/\\\/algarve7.pt\\\/index.php\\\/2025\\\/04\\\/encerramento-temporario-da-biblioteca-municipal-de-faro-para-obras-de-beneficiacao\\\/cultura\\\/07\\\/55\\\/\"]}]},{\"@type\":\"ImageObject\",\"inLanguage\":\"pt-PT\",\"@id\":\"https:\\\/\\\/algarve7.pt\\\/index.php\\\/2025\\\/04\\\/encerramento-temporario-da-biblioteca-municipal-de-faro-para-obras-de-beneficiacao\\\/cultura\\\/07\\\/55\\\/#primaryimage\",\"url\":\"https:\\\/\\\/algarve7.pt\\\/wp-content\\\/uploads\\\/2025\\\/04\\\/imgLoader.ashx_.jpeg\",\"contentUrl\":\"https:\\\/\\\/algarve7.pt\\\/wp-content\\\/uploads\\\/2025\\\/04\\\/imgLoader.ashx_.jpeg\",\"width\":800,\"height\":500},{\"@type\":\"BreadcrumbList\",\"@id\":\"https:\\\/\\\/algarve7.pt\\\/index.php\\\/2025\\\/04\\\/encerramento-temporario-da-biblioteca-municipal-de-faro-para-obras-de-beneficiacao\\\/cultura\\\/07\\\/55\\\/#breadcrumb\",\"itemListElement\":[{\"@type\":\"ListItem\",\"position\":1,\"name\":\"In\u00edcio\",\"item\":\"https:\\\/\\\/algarve7.pt\\\/\"},{\"@type\":\"ListItem\",\"position\":2,\"name\":\"Encerramento tempor\u00e1rio da biblioteca municipal de Faro para obras de beneficia\u00e7\u00e3o\"}]},{\"@type\":\"WebSite\",\"@id\":\"https:\\\/\\\/algarve7.pt\\\/#website\",\"url\":\"https:\\\/\\\/algarve7.pt\\\/\",\"name\":\"Algarve 7\",\"description\":\"Informa\u00e7\u00e3o sobre o Algarve\",\"publisher\":{\"@id\":\"https:\\\/\\\/algarve7.pt\\\/#organization\"},\"potentialAction\":[{\"@type\":\"SearchAction\",\"target\":{\"@type\":\"EntryPoint\",\"urlTemplate\":\"https:\\\/\\\/algarve7.pt\\\/?s={search_term_string}\"},\"query-input\":{\"@type\":\"PropertyValueSpecification\",\"valueRequired\":true,\"valueName\":\"search_term_string\"}}],\"inLanguage\":\"pt-PT\"},{\"@type\":\"Organization\",\"@id\":\"https:\\\/\\\/algarve7.pt\\\/#organization\",\"name\":\"Algarve 7\",\"url\":\"https:\\\/\\\/algarve7.pt\\\/\",\"logo\":{\"@type\":\"ImageObject\",\"inLanguage\":\"pt-PT\",\"@id\":\"https:\\\/\\\/algarve7.pt\\\/#\\\/schema\\\/logo\\\/image\\\/\",\"url\":\"https:\\\/\\\/algarve7.pt\\\/wp-content\\\/uploads\\\/2020\\\/10\\\/Logo-8.jpg\",\"contentUrl\":\"https:\\\/\\\/algarve7.pt\\\/wp-content\\\/uploads\\\/2020\\\/10\\\/Logo-8.jpg\",\"width\":1680,\"height\":1186,\"caption\":\"Algarve 7\"},\"image\":{\"@id\":\"https:\\\/\\\/algarve7.pt\\\/#\\\/schema\\\/logo\\\/image\\\/\"},\"sameAs\":[\"https:\\\/\\\/www.facebook.com\\\/algarve7\",\"https:\\\/\\\/x.com\\\/Algarvesete\",\"https:\\\/\\\/www.instagram.com\\\/jornalalgarve7\\\/\",\"https:\\\/\\\/www.linkedin.com\\\/company\\\/algarve7\",\"https:\\\/\\\/www.pinterest.pt\\\/geral0939\\\/_created\\\/\"]},{\"@type\":\"Person\",\"@id\":\"https:\\\/\\\/algarve7.pt\\\/#\\\/schema\\\/person\\\/23fa70681308e7b319a3204bcea45e0c\",\"name\":\"Algarve 7\",\"sameAs\":[\"https:\\\/\\\/algarve7.pt\",\"https:\\\/\\\/www.facebook.com\\\/algarve7\"],\"url\":\"https:\\\/\\\/algarve7.pt\\\/index.php\\\/author\\\/geralalgarve7-pt\\\/\"}]}<\/script>\n<!-- \/ Yoast SEO plugin. -->","yoast_head_json":{"title":"Encerramento tempor\u00e1rio da biblioteca municipal de Faro para obras de beneficia\u00e7\u00e3o - Algarve 7","description":"Encerramento tempor\u00e1rio da biblioteca municipal de Faro para obras de beneficia\u00e7\u00e3o Cultura","robots":{"index":"index","follow":"follow","max-snippet":"max-snippet:-1","max-image-preview":"max-image-preview:large","max-video-preview":"max-video-preview:-1"},"canonical":"https:\/\/algarve7.pt\/index.php\/2025\/04\/encerramento-temporario-da-biblioteca-municipal-de-faro-para-obras-de-beneficiacao\/cultura\/07\/55\/","og_locale":"pt_PT","og_type":"article","og_title":"Encerramento tempor\u00e1rio da biblioteca municipal de Faro para obras de beneficia\u00e7\u00e3o - Algarve 7","og_description":"Encerramento tempor\u00e1rio da biblioteca municipal de Faro para obras de beneficia\u00e7\u00e3o Cultura","og_url":"https:\/\/algarve7.pt\/index.php\/2025\/04\/encerramento-temporario-da-biblioteca-municipal-de-faro-para-obras-de-beneficiacao\/cultura\/07\/55\/","og_site_name":"Algarve 7","article_publisher":"https:\/\/www.facebook.com\/algarve7","article_author":"https:\/\/www.facebook.com\/algarve7","article_published_time":"2025-04-14T06:55:00+00:00","og_image":[{"width":800,"height":500,"url":"https:\/\/algarve7.pt\/wp-content\/uploads\/2025\/04\/imgLoader.ashx_.jpeg","type":"image\/jpeg"}],"author":"Algarve 7","twitter_card":"summary_large_image","twitter_creator":"@Algarvesete","twitter_site":"@Algarvesete","twitter_misc":{"Escrito por":"Algarve 7","Tempo estimado de leitura":"2 minutos"},"schema":{"@context":"https:\/\/schema.org","@graph":[{"@type":"Article","@id":"https:\/\/algarve7.pt\/index.php\/2025\/04\/encerramento-temporario-da-biblioteca-municipal-de-faro-para-obras-de-beneficiacao\/cultura\/07\/55\/#article","isPartOf":{"@id":"https:\/\/algarve7.pt\/index.php\/2025\/04\/encerramento-temporario-da-biblioteca-municipal-de-faro-para-obras-de-beneficiacao\/cultura\/07\/55\/"},"author":{"name":"Algarve 7","@id":"https:\/\/algarve7.pt\/#\/schema\/person\/23fa70681308e7b319a3204bcea45e0c"},"headline":"Encerramento tempor\u00e1rio da biblioteca municipal de Faro para obras de beneficia\u00e7\u00e3o","datePublished":"2025-04-14T06:55:00+00:00","mainEntityOfPage":{"@id":"https:\/\/algarve7.pt\/index.php\/2025\/04\/encerramento-temporario-da-biblioteca-municipal-de-faro-para-obras-de-beneficiacao\/cultura\/07\/55\/"},"wordCount":274,"publisher":{"@id":"https:\/\/algarve7.pt\/#organization"},"image":{"@id":"https:\/\/algarve7.pt\/index.php\/2025\/04\/encerramento-temporario-da-biblioteca-municipal-de-faro-para-obras-de-beneficiacao\/cultura\/07\/55\/#primaryimage"},"thumbnailUrl":"https:\/\/algarve7.pt\/wp-content\/uploads\/2025\/04\/imgLoader.ashx_.jpeg","keywords":["Algarve","Cultura","Faro"],"articleSection":["Cultura"],"inLanguage":"pt-PT"},{"@type":"WebPage","@id":"https:\/\/algarve7.pt\/index.php\/2025\/04\/encerramento-temporario-da-biblioteca-municipal-de-faro-para-obras-de-beneficiacao\/cultura\/07\/55\/","url":"https:\/\/algarve7.pt\/index.php\/2025\/04\/encerramento-temporario-da-biblioteca-municipal-de-faro-para-obras-de-beneficiacao\/cultura\/07\/55\/","name":"Encerramento tempor\u00e1rio da biblioteca municipal de Faro para obras de beneficia\u00e7\u00e3o - Algarve 7","isPartOf":{"@id":"https:\/\/algarve7.pt\/#website"},"primaryImageOfPage":{"@id":"https:\/\/algarve7.pt\/index.php\/2025\/04\/encerramento-temporario-da-biblioteca-municipal-de-faro-para-obras-de-beneficiacao\/cultura\/07\/55\/#primaryimage"},"image":{"@id":"https:\/\/algarve7.pt\/index.php\/2025\/04\/encerramento-temporario-da-biblioteca-municipal-de-faro-para-obras-de-beneficiacao\/cultura\/07\/55\/#primaryimage"},"thumbnailUrl":"https:\/\/algarve7.pt\/wp-content\/uploads\/2025\/04\/imgLoader.ashx_.jpeg","datePublished":"2025-04-14T06:55:00+00:00","description":"Encerramento tempor\u00e1rio da biblioteca municipal de Faro para obras de beneficia\u00e7\u00e3o Cultura","breadcrumb":{"@id":"https:\/\/algarve7.pt\/index.php\/2025\/04\/encerramento-temporario-da-biblioteca-municipal-de-faro-para-obras-de-beneficiacao\/cultura\/07\/55\/#breadcrumb"},"inLanguage":"pt-PT","potentialAction":[{"@type":"ReadAction","target":["https:\/\/algarve7.pt\/index.php\/2025\/04\/encerramento-temporario-da-biblioteca-municipal-de-faro-para-obras-de-beneficiacao\/cultura\/07\/55\/"]}]},{"@type":"ImageObject","inLanguage":"pt-PT","@id":"https:\/\/algarve7.pt\/index.php\/2025\/04\/encerramento-temporario-da-biblioteca-municipal-de-faro-para-obras-de-beneficiacao\/cultura\/07\/55\/#primaryimage","url":"https:\/\/algarve7.pt\/wp-content\/uploads\/2025\/04\/imgLoader.ashx_.jpeg","contentUrl":"https:\/\/algarve7.pt\/wp-content\/uploads\/2025\/04\/imgLoader.ashx_.jpeg","width":800,"height":500},{"@type":"BreadcrumbList","@id":"https:\/\/algarve7.pt\/index.php\/2025\/04\/encerramento-temporario-da-biblioteca-municipal-de-faro-para-obras-de-beneficiacao\/cultura\/07\/55\/#breadcrumb","itemListElement":[{"@type":"ListItem","position":1,"name":"In\u00edcio","item":"https:\/\/algarve7.pt\/"},{"@type":"ListItem","position":2,"name":"Encerramento tempor\u00e1rio da biblioteca municipal de Faro para obras de beneficia\u00e7\u00e3o"}]},{"@type":"WebSite","@id":"https:\/\/algarve7.pt\/#website","url":"https:\/\/algarve7.pt\/","name":"Algarve 7","description":"Informa\u00e7\u00e3o sobre o Algarve","publisher":{"@id":"https:\/\/algarve7.pt\/#organization"},"potentialAction":[{"@type":"SearchAction","target":{"@type":"EntryPoint","urlTemplate":"https:\/\/algarve7.pt\/?s={search_term_string}"},"query-input":{"@type":"PropertyValueSpecification","valueRequired":true,"valueName":"search_term_string"}}],"inLanguage":"pt-PT"},{"@type":"Organization","@id":"https:\/\/algarve7.pt\/#organization","name":"Algarve 7","url":"https:\/\/algarve7.pt\/","logo":{"@type":"ImageObject","inLanguage":"pt-PT","@id":"https:\/\/algarve7.pt\/#\/schema\/logo\/image\/","url":"https:\/\/algarve7.pt\/wp-content\/uploads\/2020\/10\/Logo-8.jpg","contentUrl":"https:\/\/algarve7.pt\/wp-content\/uploads\/2020\/10\/Logo-8.jpg","width":1680,"height":1186,"caption":"Algarve 7"},"image":{"@id":"https:\/\/algarve7.pt\/#\/schema\/logo\/image\/"},"sameAs":["https:\/\/www.facebook.com\/algarve7","https:\/\/x.com\/Algarvesete","https:\/\/www.instagram.com\/jornalalgarve7\/","https:\/\/www.linkedin.com\/company\/algarve7","https:\/\/www.pinterest.pt\/geral0939\/_created\/"]},{"@type":"Person","@id":"https:\/\/algarve7.pt\/#\/schema\/person\/23fa70681308e7b319a3204bcea45e0c","name":"Algarve 7","sameAs":["https:\/\/algarve7.pt","https:\/\/www.facebook.com\/algarve7"],"url":"https:\/\/algarve7.pt\/index.php\/author\/geralalgarve7-pt\/"}]}},"jetpack_publicize_connections":[],"jetpack_featured_media_url":"https:\/\/algarve7.pt\/wp-content\/uploads\/2025\/04\/imgLoader.ashx_.jpeg","jetpack_shortlink":"https:\/\/wp.me\/pcezmW-cRE","jetpack_sharing_enabled":true,"_links":{"self":[{"href":"https:\/\/algarve7.pt\/index.php\/wp-json\/wp\/v2\/posts\/49454","targetHints":{"allow":["GET"]}}],"collection":[{"href":"https:\/\/algarve7.pt\/index.php\/wp-json\/wp\/v2\/posts"}],"about":[{"href":"https:\/\/algarve7.pt\/index.php\/wp-json\/wp\/v2\/types\/post"}],"author":[{"embeddable":true,"href":"https:\/\/algarve7.pt\/index.php\/wp-json\/wp\/v2\/users\/1"}],"replies":[{"embeddable":true,"href":"https:\/\/algarve7.pt\/index.php\/wp-json\/wp\/v2\/comments?post=49454"}],"version-history":[{"count":0,"href":"https:\/\/algarve7.pt\/index.php\/wp-json\/wp\/v2\/posts\/49454\/revisions"}],"wp:featuredmedia":[{"embeddable":true,"href":"https:\/\/algarve7.pt\/index.php\/wp-json\/wp\/v2\/media\/49455"}],"wp:attachment":[{"href":"https:\/\/algarve7.pt\/index.php\/wp-json\/wp\/v2\/media?parent=49454"}],"wp:term":[{"taxonomy":"category","embeddable":true,"href":"https:\/\/algarve7.pt\/index.php\/wp-json\/wp\/v2\/categories?post=49454"},{"taxonomy":"post_tag","embeddable":true,"href":"https:\/\/algarve7.pt\/index.php\/wp-json\/wp\/v2\/tags?post=49454"}],"curies":[{"name":"wp","href":"https:\/\/api.w.org\/{rel}","templated":true}]}}