{"id":49420,"date":"2025-04-13T11:00:00","date_gmt":"2025-04-13T10:00:00","guid":{"rendered":"https:\/\/algarve7.pt\/?p=49420"},"modified":"2025-04-11T20:44:25","modified_gmt":"2025-04-11T19:44:25","slug":"ansr-e-liga-dos-bombeiros-portugueses-assinam-protocolo-para-a-desmaterializacao-de-processoscontraordenacionais","status":"publish","type":"post","link":"https:\/\/algarve7.pt\/index.php\/2025\/04\/ansr-e-liga-dos-bombeiros-portugueses-assinam-protocolo-para-a-desmaterializacao-de-processoscontraordenacionais\/nacional\/11\/00\/","title":{"rendered":"ANSR\u00a0e Liga dos Bombeiros Portugueses\u00a0assinam\u00a0Protocolo para a desmaterializa\u00e7\u00e3o de processoscontraordenacionais"},"content":{"rendered":"\n<p>A Autoridade Nacional de Seguran\u00e7a Rodovi\u00e1ria (ANSR) e&nbsp;a Liga dos Bombeiros Portugueses (LBP)&nbsp;assinaram hoje,&nbsp;com a homologa\u00e7\u00e3o&nbsp;do Secret\u00e1rio de Estado da Prote\u00e7\u00e3o Civil, Paulo Sim\u00f5es Ribeiro, o Protocolo de Colabora\u00e7\u00e3o para a desmaterializa\u00e7\u00e3o dos processos relativos \u00e0s infra\u00e7\u00f5es ao C\u00f3digo da Estrada a celebrar entre as duas entidades.<\/p>\n\n\n\n<p>O C\u00f3digo da Estrada prev\u00ea que os condutores de ve\u00edculos em miss\u00e3o urgente de presta\u00e7\u00e3o de socorro possam deixar de observar certas regras e sinais de tr\u00e2nsito, desde que a marcha esteja sinalizada e n\u00e3o ponha em risco outras pessoas, dispensando a instaura\u00e7\u00e3o de procedimento pela pr\u00e1tica de factos tipificados como contraordena\u00e7\u00e3o, desde que justificados.<\/p>\n\n\n\n<p>Contudo, o procedimento e os fundamentos da justifica\u00e7\u00e3o nos casos de infra\u00e7\u00e3o e respetiva prova da miss\u00e3o de presta\u00e7\u00e3o de socorro, previstos na lei, implicam sucessivas notifica\u00e7\u00f5es e limites de prazos, s\u00e3o morosos e dispendiosos.<\/p>\n\n\n\n<p>Torna-se, assim, importante alterar o fluxo de tratamento destas ocorr\u00eancias, potenciando a celeridade quer da resposta quer da valida\u00e7\u00e3o de justifica\u00e7\u00f5es, com o objetivo de incrementar a celeridade e economia do referido procedimento.<\/p>\n\n\n\n<p>Desta forma, a ANSR desenvolveu uma medida que ir\u00e1 facilitar, agilizar e promover o cumprimento da justifica\u00e7\u00e3o da pr\u00e1tica de factos tipificados como contraordena\u00e7\u00e3o no caso de condutores de ve\u00edculos em miss\u00e3o urgente de presta\u00e7\u00e3o de socorro.<\/p>\n\n\n\n<p>Este protocolo ir\u00e1, assim, permitir o acesso desmaterializado e expedito \u00e0 informa\u00e7\u00e3o relativa \u00e0 justifica\u00e7\u00e3o de contraordena\u00e7\u00f5es, atrav\u00e9s da comunica\u00e7\u00e3o entre o aplicativo inform\u00e1tico Sistema de Gest\u00e3o de Evento de Tr\u00e2nsito (SIGET) e a base de dados dos ve\u00edculos afetos a miss\u00e3o urgente de presta\u00e7\u00e3o de socorro da LBP e suas associa\u00e7\u00f5es humanit\u00e1rias de bombeiros, federa\u00e7\u00f5es de bombeiros e entidades p\u00fablicas, sociais e privadas, que mant\u00eam corpos de bombeiros.&nbsp;<\/p>\n\n\n\n<p>Este \u00e9 mais um passo importante na coopera\u00e7\u00e3o entre as duas institui\u00e7\u00f5es, visando n\u00e3o s\u00f3 a celeridade e a efici\u00eancia, mas tamb\u00e9m a redu\u00e7\u00e3o de custos, a pegada ambiental, e principalmente salvar vidas.<\/p>\n","protected":false},"excerpt":{"rendered":"<p>A Autoridade Nacional de Seguran\u00e7a Rodovi\u00e1ria (ANSR) e&nbsp;a Liga dos Bombeiros Portugueses (LBP)&nbsp;assinaram hoje,&nbsp;com a homologa\u00e7\u00e3o&nbsp;do Secret\u00e1rio de Estado da<\/p>\n","protected":false},"author":1,"featured_media":49421,"comment_status":"closed","ping_status":"closed","sticky":false,"template":"","format":"standard","meta":{"colormag_page_container_layout":"default_layout","colormag_page_sidebar_layout":"default_layout","_monsterinsights_skip_tracking":false,"_monsterinsights_sitenote_active":false,"_monsterinsights_sitenote_note":"","_monsterinsights_sitenote_category":0,"jetpack_post_was_ever_published":false,"_jetpack_newsletter_access":"","_jetpack_dont_email_post_to_subs":false,"_jetpack_newsletter_tier_id":0,"_jetpack_memberships_contains_paywalled_content":false,"_jetpack_memberships_contains_paid_content":false,"footnotes":"","jetpack_publicize_message":"","jetpack_publicize_feature_enabled":true,"jetpack_social_post_already_shared":true,"jetpack_social_options":{"image_generator_settings":{"template":"highway","default_image_id":0,"font":"","enabled":false},"version":2}},"categories":[189],"tags":[62,98],"class_list":["post-49420","post","type-post","status-publish","format-standard","has-post-thumbnail","hentry","category-nacional","tag-atualidade","tag-nacional"],"yoast_head":"<!-- This site is optimized with the Yoast SEO plugin v27.5 - https:\/\/yoast.com\/product\/yoast-seo-wordpress\/ -->\n<title>ANSR\u00a0e Liga dos Bombeiros Portugueses\u00a0assinam\u00a0Protocolo para a desmaterializa\u00e7\u00e3o de processoscontraordenacionais - Algarve 7<\/title>\n<meta name=\"description\" content=\"ANSR\u00a0e Liga dos Bombeiros Portugueses\u00a0assinam\u00a0Protocolo para a desmaterializa\u00e7\u00e3o de processoscontraordenacionais Nacional\" \/>\n<meta name=\"robots\" content=\"index, follow, max-snippet:-1, max-image-preview:large, max-video-preview:-1\" \/>\n<link rel=\"canonical\" href=\"https:\/\/algarve7.pt\/index.php\/2025\/04\/ansr-e-liga-dos-bombeiros-portugueses-assinam-protocolo-para-a-desmaterializacao-de-processoscontraordenacionais\/nacional\/11\/00\/\" \/>\n<meta property=\"og:locale\" content=\"pt_PT\" \/>\n<meta property=\"og:type\" content=\"article\" \/>\n<meta property=\"og:title\" content=\"ANSR\u00a0e Liga dos Bombeiros Portugueses\u00a0assinam\u00a0Protocolo para a desmaterializa\u00e7\u00e3o de processoscontraordenacionais - Algarve 7\" \/>\n<meta property=\"og:description\" content=\"ANSR\u00a0e Liga dos Bombeiros Portugueses\u00a0assinam\u00a0Protocolo para a desmaterializa\u00e7\u00e3o de processoscontraordenacionais Nacional\" \/>\n<meta property=\"og:url\" content=\"https:\/\/algarve7.pt\/index.php\/2025\/04\/ansr-e-liga-dos-bombeiros-portugueses-assinam-protocolo-para-a-desmaterializacao-de-processoscontraordenacionais\/nacional\/11\/00\/\" \/>\n<meta property=\"og:site_name\" content=\"Algarve 7\" \/>\n<meta property=\"article:publisher\" content=\"https:\/\/www.facebook.com\/algarve7\" \/>\n<meta property=\"article:author\" content=\"https:\/\/www.facebook.com\/algarve7\" \/>\n<meta property=\"article:published_time\" content=\"2025-04-13T10:00:00+00:00\" \/>\n<meta property=\"og:image\" content=\"https:\/\/algarve7.pt\/wp-content\/uploads\/2025\/04\/FOTO3.jpg\" \/>\n\t<meta property=\"og:image:width\" content=\"900\" \/>\n\t<meta property=\"og:image:height\" content=\"500\" \/>\n\t<meta property=\"og:image:type\" content=\"image\/jpeg\" \/>\n<meta name=\"author\" content=\"Algarve 7\" \/>\n<meta name=\"twitter:card\" content=\"summary_large_image\" \/>\n<meta name=\"twitter:creator\" content=\"@Algarvesete\" \/>\n<meta name=\"twitter:site\" content=\"@Algarvesete\" \/>\n<meta name=\"twitter:label1\" content=\"Escrito por\" \/>\n\t<meta name=\"twitter:data1\" content=\"Algarve 7\" \/>\n\t<meta name=\"twitter:label2\" content=\"Tempo estimado de leitura\" \/>\n\t<meta name=\"twitter:data2\" content=\"2 minutos\" \/>\n<script type=\"application\/ld+json\" class=\"yoast-schema-graph\">{\"@context\":\"https:\\\/\\\/schema.org\",\"@graph\":[{\"@type\":\"Article\",\"@id\":\"https:\\\/\\\/algarve7.pt\\\/index.php\\\/2025\\\/04\\\/ansr-e-liga-dos-bombeiros-portugueses-assinam-protocolo-para-a-desmaterializacao-de-processoscontraordenacionais\\\/nacional\\\/11\\\/00\\\/#article\",\"isPartOf\":{\"@id\":\"https:\\\/\\\/algarve7.pt\\\/index.php\\\/2025\\\/04\\\/ansr-e-liga-dos-bombeiros-portugueses-assinam-protocolo-para-a-desmaterializacao-de-processoscontraordenacionais\\\/nacional\\\/11\\\/00\\\/\"},\"author\":{\"name\":\"Algarve 7\",\"@id\":\"https:\\\/\\\/algarve7.pt\\\/#\\\/schema\\\/person\\\/23fa70681308e7b319a3204bcea45e0c\"},\"headline\":\"ANSR\u00a0e Liga dos Bombeiros Portugueses\u00a0assinam\u00a0Protocolo para a desmaterializa\u00e7\u00e3o de processoscontraordenacionais\",\"datePublished\":\"2025-04-13T10:00:00+00:00\",\"mainEntityOfPage\":{\"@id\":\"https:\\\/\\\/algarve7.pt\\\/index.php\\\/2025\\\/04\\\/ansr-e-liga-dos-bombeiros-portugueses-assinam-protocolo-para-a-desmaterializacao-de-processoscontraordenacionais\\\/nacional\\\/11\\\/00\\\/\"},\"wordCount\":385,\"publisher\":{\"@id\":\"https:\\\/\\\/algarve7.pt\\\/#organization\"},\"image\":{\"@id\":\"https:\\\/\\\/algarve7.pt\\\/index.php\\\/2025\\\/04\\\/ansr-e-liga-dos-bombeiros-portugueses-assinam-protocolo-para-a-desmaterializacao-de-processoscontraordenacionais\\\/nacional\\\/11\\\/00\\\/#primaryimage\"},\"thumbnailUrl\":\"https:\\\/\\\/algarve7.pt\\\/wp-content\\\/uploads\\\/2025\\\/04\\\/FOTO3.jpg\",\"keywords\":[\"Atualidade\",\"Nacional\"],\"articleSection\":[\"Nacional\"],\"inLanguage\":\"pt-PT\"},{\"@type\":\"WebPage\",\"@id\":\"https:\\\/\\\/algarve7.pt\\\/index.php\\\/2025\\\/04\\\/ansr-e-liga-dos-bombeiros-portugueses-assinam-protocolo-para-a-desmaterializacao-de-processoscontraordenacionais\\\/nacional\\\/11\\\/00\\\/\",\"url\":\"https:\\\/\\\/algarve7.pt\\\/index.php\\\/2025\\\/04\\\/ansr-e-liga-dos-bombeiros-portugueses-assinam-protocolo-para-a-desmaterializacao-de-processoscontraordenacionais\\\/nacional\\\/11\\\/00\\\/\",\"name\":\"ANSR\u00a0e Liga dos Bombeiros Portugueses\u00a0assinam\u00a0Protocolo para a desmaterializa\u00e7\u00e3o de processoscontraordenacionais - Algarve 7\",\"isPartOf\":{\"@id\":\"https:\\\/\\\/algarve7.pt\\\/#website\"},\"primaryImageOfPage\":{\"@id\":\"https:\\\/\\\/algarve7.pt\\\/index.php\\\/2025\\\/04\\\/ansr-e-liga-dos-bombeiros-portugueses-assinam-protocolo-para-a-desmaterializacao-de-processoscontraordenacionais\\\/nacional\\\/11\\\/00\\\/#primaryimage\"},\"image\":{\"@id\":\"https:\\\/\\\/algarve7.pt\\\/index.php\\\/2025\\\/04\\\/ansr-e-liga-dos-bombeiros-portugueses-assinam-protocolo-para-a-desmaterializacao-de-processoscontraordenacionais\\\/nacional\\\/11\\\/00\\\/#primaryimage\"},\"thumbnailUrl\":\"https:\\\/\\\/algarve7.pt\\\/wp-content\\\/uploads\\\/2025\\\/04\\\/FOTO3.jpg\",\"datePublished\":\"2025-04-13T10:00:00+00:00\",\"description\":\"ANSR\u00a0e Liga dos Bombeiros Portugueses\u00a0assinam\u00a0Protocolo para a desmaterializa\u00e7\u00e3o de processoscontraordenacionais Nacional\",\"breadcrumb\":{\"@id\":\"https:\\\/\\\/algarve7.pt\\\/index.php\\\/2025\\\/04\\\/ansr-e-liga-dos-bombeiros-portugueses-assinam-protocolo-para-a-desmaterializacao-de-processoscontraordenacionais\\\/nacional\\\/11\\\/00\\\/#breadcrumb\"},\"inLanguage\":\"pt-PT\",\"potentialAction\":[{\"@type\":\"ReadAction\",\"target\":[\"https:\\\/\\\/algarve7.pt\\\/index.php\\\/2025\\\/04\\\/ansr-e-liga-dos-bombeiros-portugueses-assinam-protocolo-para-a-desmaterializacao-de-processoscontraordenacionais\\\/nacional\\\/11\\\/00\\\/\"]}]},{\"@type\":\"ImageObject\",\"inLanguage\":\"pt-PT\",\"@id\":\"https:\\\/\\\/algarve7.pt\\\/index.php\\\/2025\\\/04\\\/ansr-e-liga-dos-bombeiros-portugueses-assinam-protocolo-para-a-desmaterializacao-de-processoscontraordenacionais\\\/nacional\\\/11\\\/00\\\/#primaryimage\",\"url\":\"https:\\\/\\\/algarve7.pt\\\/wp-content\\\/uploads\\\/2025\\\/04\\\/FOTO3.jpg\",\"contentUrl\":\"https:\\\/\\\/algarve7.pt\\\/wp-content\\\/uploads\\\/2025\\\/04\\\/FOTO3.jpg\",\"width\":900,\"height\":500},{\"@type\":\"BreadcrumbList\",\"@id\":\"https:\\\/\\\/algarve7.pt\\\/index.php\\\/2025\\\/04\\\/ansr-e-liga-dos-bombeiros-portugueses-assinam-protocolo-para-a-desmaterializacao-de-processoscontraordenacionais\\\/nacional\\\/11\\\/00\\\/#breadcrumb\",\"itemListElement\":[{\"@type\":\"ListItem\",\"position\":1,\"name\":\"In\u00edcio\",\"item\":\"https:\\\/\\\/algarve7.pt\\\/\"},{\"@type\":\"ListItem\",\"position\":2,\"name\":\"ANSR\u00a0e Liga dos Bombeiros Portugueses\u00a0assinam\u00a0Protocolo para a desmaterializa\u00e7\u00e3o de processoscontraordenacionais\"}]},{\"@type\":\"WebSite\",\"@id\":\"https:\\\/\\\/algarve7.pt\\\/#website\",\"url\":\"https:\\\/\\\/algarve7.pt\\\/\",\"name\":\"Algarve 7\",\"description\":\"Informa\u00e7\u00e3o sobre o Algarve\",\"publisher\":{\"@id\":\"https:\\\/\\\/algarve7.pt\\\/#organization\"},\"potentialAction\":[{\"@type\":\"SearchAction\",\"target\":{\"@type\":\"EntryPoint\",\"urlTemplate\":\"https:\\\/\\\/algarve7.pt\\\/?s={search_term_string}\"},\"query-input\":{\"@type\":\"PropertyValueSpecification\",\"valueRequired\":true,\"valueName\":\"search_term_string\"}}],\"inLanguage\":\"pt-PT\"},{\"@type\":\"Organization\",\"@id\":\"https:\\\/\\\/algarve7.pt\\\/#organization\",\"name\":\"Algarve 7\",\"url\":\"https:\\\/\\\/algarve7.pt\\\/\",\"logo\":{\"@type\":\"ImageObject\",\"inLanguage\":\"pt-PT\",\"@id\":\"https:\\\/\\\/algarve7.pt\\\/#\\\/schema\\\/logo\\\/image\\\/\",\"url\":\"https:\\\/\\\/algarve7.pt\\\/wp-content\\\/uploads\\\/2020\\\/10\\\/Logo-8.jpg\",\"contentUrl\":\"https:\\\/\\\/algarve7.pt\\\/wp-content\\\/uploads\\\/2020\\\/10\\\/Logo-8.jpg\",\"width\":1680,\"height\":1186,\"caption\":\"Algarve 7\"},\"image\":{\"@id\":\"https:\\\/\\\/algarve7.pt\\\/#\\\/schema\\\/logo\\\/image\\\/\"},\"sameAs\":[\"https:\\\/\\\/www.facebook.com\\\/algarve7\",\"https:\\\/\\\/x.com\\\/Algarvesete\",\"https:\\\/\\\/www.instagram.com\\\/jornalalgarve7\\\/\",\"https:\\\/\\\/www.linkedin.com\\\/company\\\/algarve7\",\"https:\\\/\\\/www.pinterest.pt\\\/geral0939\\\/_created\\\/\"]},{\"@type\":\"Person\",\"@id\":\"https:\\\/\\\/algarve7.pt\\\/#\\\/schema\\\/person\\\/23fa70681308e7b319a3204bcea45e0c\",\"name\":\"Algarve 7\",\"sameAs\":[\"https:\\\/\\\/algarve7.pt\",\"https:\\\/\\\/www.facebook.com\\\/algarve7\"],\"url\":\"https:\\\/\\\/algarve7.pt\\\/index.php\\\/author\\\/geralalgarve7-pt\\\/\"}]}<\/script>\n<!-- \/ Yoast SEO plugin. -->","yoast_head_json":{"title":"ANSR\u00a0e Liga dos Bombeiros Portugueses\u00a0assinam\u00a0Protocolo para a desmaterializa\u00e7\u00e3o de processoscontraordenacionais - Algarve 7","description":"ANSR\u00a0e Liga dos Bombeiros Portugueses\u00a0assinam\u00a0Protocolo para a desmaterializa\u00e7\u00e3o de processoscontraordenacionais Nacional","robots":{"index":"index","follow":"follow","max-snippet":"max-snippet:-1","max-image-preview":"max-image-preview:large","max-video-preview":"max-video-preview:-1"},"canonical":"https:\/\/algarve7.pt\/index.php\/2025\/04\/ansr-e-liga-dos-bombeiros-portugueses-assinam-protocolo-para-a-desmaterializacao-de-processoscontraordenacionais\/nacional\/11\/00\/","og_locale":"pt_PT","og_type":"article","og_title":"ANSR\u00a0e Liga dos Bombeiros Portugueses\u00a0assinam\u00a0Protocolo para a desmaterializa\u00e7\u00e3o de processoscontraordenacionais - Algarve 7","og_description":"ANSR\u00a0e Liga dos Bombeiros Portugueses\u00a0assinam\u00a0Protocolo para a desmaterializa\u00e7\u00e3o de processoscontraordenacionais Nacional","og_url":"https:\/\/algarve7.pt\/index.php\/2025\/04\/ansr-e-liga-dos-bombeiros-portugueses-assinam-protocolo-para-a-desmaterializacao-de-processoscontraordenacionais\/nacional\/11\/00\/","og_site_name":"Algarve 7","article_publisher":"https:\/\/www.facebook.com\/algarve7","article_author":"https:\/\/www.facebook.com\/algarve7","article_published_time":"2025-04-13T10:00:00+00:00","og_image":[{"width":900,"height":500,"url":"https:\/\/algarve7.pt\/wp-content\/uploads\/2025\/04\/FOTO3.jpg","type":"image\/jpeg"}],"author":"Algarve 7","twitter_card":"summary_large_image","twitter_creator":"@Algarvesete","twitter_site":"@Algarvesete","twitter_misc":{"Escrito por":"Algarve 7","Tempo estimado de leitura":"2 minutos"},"schema":{"@context":"https:\/\/schema.org","@graph":[{"@type":"Article","@id":"https:\/\/algarve7.pt\/index.php\/2025\/04\/ansr-e-liga-dos-bombeiros-portugueses-assinam-protocolo-para-a-desmaterializacao-de-processoscontraordenacionais\/nacional\/11\/00\/#article","isPartOf":{"@id":"https:\/\/algarve7.pt\/index.php\/2025\/04\/ansr-e-liga-dos-bombeiros-portugueses-assinam-protocolo-para-a-desmaterializacao-de-processoscontraordenacionais\/nacional\/11\/00\/"},"author":{"name":"Algarve 7","@id":"https:\/\/algarve7.pt\/#\/schema\/person\/23fa70681308e7b319a3204bcea45e0c"},"headline":"ANSR\u00a0e Liga dos Bombeiros Portugueses\u00a0assinam\u00a0Protocolo para a desmaterializa\u00e7\u00e3o de processoscontraordenacionais","datePublished":"2025-04-13T10:00:00+00:00","mainEntityOfPage":{"@id":"https:\/\/algarve7.pt\/index.php\/2025\/04\/ansr-e-liga-dos-bombeiros-portugueses-assinam-protocolo-para-a-desmaterializacao-de-processoscontraordenacionais\/nacional\/11\/00\/"},"wordCount":385,"publisher":{"@id":"https:\/\/algarve7.pt\/#organization"},"image":{"@id":"https:\/\/algarve7.pt\/index.php\/2025\/04\/ansr-e-liga-dos-bombeiros-portugueses-assinam-protocolo-para-a-desmaterializacao-de-processoscontraordenacionais\/nacional\/11\/00\/#primaryimage"},"thumbnailUrl":"https:\/\/algarve7.pt\/wp-content\/uploads\/2025\/04\/FOTO3.jpg","keywords":["Atualidade","Nacional"],"articleSection":["Nacional"],"inLanguage":"pt-PT"},{"@type":"WebPage","@id":"https:\/\/algarve7.pt\/index.php\/2025\/04\/ansr-e-liga-dos-bombeiros-portugueses-assinam-protocolo-para-a-desmaterializacao-de-processoscontraordenacionais\/nacional\/11\/00\/","url":"https:\/\/algarve7.pt\/index.php\/2025\/04\/ansr-e-liga-dos-bombeiros-portugueses-assinam-protocolo-para-a-desmaterializacao-de-processoscontraordenacionais\/nacional\/11\/00\/","name":"ANSR\u00a0e Liga dos Bombeiros Portugueses\u00a0assinam\u00a0Protocolo para a desmaterializa\u00e7\u00e3o de processoscontraordenacionais - Algarve 7","isPartOf":{"@id":"https:\/\/algarve7.pt\/#website"},"primaryImageOfPage":{"@id":"https:\/\/algarve7.pt\/index.php\/2025\/04\/ansr-e-liga-dos-bombeiros-portugueses-assinam-protocolo-para-a-desmaterializacao-de-processoscontraordenacionais\/nacional\/11\/00\/#primaryimage"},"image":{"@id":"https:\/\/algarve7.pt\/index.php\/2025\/04\/ansr-e-liga-dos-bombeiros-portugueses-assinam-protocolo-para-a-desmaterializacao-de-processoscontraordenacionais\/nacional\/11\/00\/#primaryimage"},"thumbnailUrl":"https:\/\/algarve7.pt\/wp-content\/uploads\/2025\/04\/FOTO3.jpg","datePublished":"2025-04-13T10:00:00+00:00","description":"ANSR\u00a0e Liga dos Bombeiros Portugueses\u00a0assinam\u00a0Protocolo para a desmaterializa\u00e7\u00e3o de processoscontraordenacionais Nacional","breadcrumb":{"@id":"https:\/\/algarve7.pt\/index.php\/2025\/04\/ansr-e-liga-dos-bombeiros-portugueses-assinam-protocolo-para-a-desmaterializacao-de-processoscontraordenacionais\/nacional\/11\/00\/#breadcrumb"},"inLanguage":"pt-PT","potentialAction":[{"@type":"ReadAction","target":["https:\/\/algarve7.pt\/index.php\/2025\/04\/ansr-e-liga-dos-bombeiros-portugueses-assinam-protocolo-para-a-desmaterializacao-de-processoscontraordenacionais\/nacional\/11\/00\/"]}]},{"@type":"ImageObject","inLanguage":"pt-PT","@id":"https:\/\/algarve7.pt\/index.php\/2025\/04\/ansr-e-liga-dos-bombeiros-portugueses-assinam-protocolo-para-a-desmaterializacao-de-processoscontraordenacionais\/nacional\/11\/00\/#primaryimage","url":"https:\/\/algarve7.pt\/wp-content\/uploads\/2025\/04\/FOTO3.jpg","contentUrl":"https:\/\/algarve7.pt\/wp-content\/uploads\/2025\/04\/FOTO3.jpg","width":900,"height":500},{"@type":"BreadcrumbList","@id":"https:\/\/algarve7.pt\/index.php\/2025\/04\/ansr-e-liga-dos-bombeiros-portugueses-assinam-protocolo-para-a-desmaterializacao-de-processoscontraordenacionais\/nacional\/11\/00\/#breadcrumb","itemListElement":[{"@type":"ListItem","position":1,"name":"In\u00edcio","item":"https:\/\/algarve7.pt\/"},{"@type":"ListItem","position":2,"name":"ANSR\u00a0e Liga dos Bombeiros Portugueses\u00a0assinam\u00a0Protocolo para a desmaterializa\u00e7\u00e3o de processoscontraordenacionais"}]},{"@type":"WebSite","@id":"https:\/\/algarve7.pt\/#website","url":"https:\/\/algarve7.pt\/","name":"Algarve 7","description":"Informa\u00e7\u00e3o sobre o Algarve","publisher":{"@id":"https:\/\/algarve7.pt\/#organization"},"potentialAction":[{"@type":"SearchAction","target":{"@type":"EntryPoint","urlTemplate":"https:\/\/algarve7.pt\/?s={search_term_string}"},"query-input":{"@type":"PropertyValueSpecification","valueRequired":true,"valueName":"search_term_string"}}],"inLanguage":"pt-PT"},{"@type":"Organization","@id":"https:\/\/algarve7.pt\/#organization","name":"Algarve 7","url":"https:\/\/algarve7.pt\/","logo":{"@type":"ImageObject","inLanguage":"pt-PT","@id":"https:\/\/algarve7.pt\/#\/schema\/logo\/image\/","url":"https:\/\/algarve7.pt\/wp-content\/uploads\/2020\/10\/Logo-8.jpg","contentUrl":"https:\/\/algarve7.pt\/wp-content\/uploads\/2020\/10\/Logo-8.jpg","width":1680,"height":1186,"caption":"Algarve 7"},"image":{"@id":"https:\/\/algarve7.pt\/#\/schema\/logo\/image\/"},"sameAs":["https:\/\/www.facebook.com\/algarve7","https:\/\/x.com\/Algarvesete","https:\/\/www.instagram.com\/jornalalgarve7\/","https:\/\/www.linkedin.com\/company\/algarve7","https:\/\/www.pinterest.pt\/geral0939\/_created\/"]},{"@type":"Person","@id":"https:\/\/algarve7.pt\/#\/schema\/person\/23fa70681308e7b319a3204bcea45e0c","name":"Algarve 7","sameAs":["https:\/\/algarve7.pt","https:\/\/www.facebook.com\/algarve7"],"url":"https:\/\/algarve7.pt\/index.php\/author\/geralalgarve7-pt\/"}]}},"jetpack_publicize_connections":[],"jetpack_featured_media_url":"https:\/\/algarve7.pt\/wp-content\/uploads\/2025\/04\/FOTO3.jpg","jetpack_shortlink":"https:\/\/wp.me\/pcezmW-cR6","jetpack_sharing_enabled":true,"_links":{"self":[{"href":"https:\/\/algarve7.pt\/index.php\/wp-json\/wp\/v2\/posts\/49420","targetHints":{"allow":["GET"]}}],"collection":[{"href":"https:\/\/algarve7.pt\/index.php\/wp-json\/wp\/v2\/posts"}],"about":[{"href":"https:\/\/algarve7.pt\/index.php\/wp-json\/wp\/v2\/types\/post"}],"author":[{"embeddable":true,"href":"https:\/\/algarve7.pt\/index.php\/wp-json\/wp\/v2\/users\/1"}],"replies":[{"embeddable":true,"href":"https:\/\/algarve7.pt\/index.php\/wp-json\/wp\/v2\/comments?post=49420"}],"version-history":[{"count":0,"href":"https:\/\/algarve7.pt\/index.php\/wp-json\/wp\/v2\/posts\/49420\/revisions"}],"wp:featuredmedia":[{"embeddable":true,"href":"https:\/\/algarve7.pt\/index.php\/wp-json\/wp\/v2\/media\/49421"}],"wp:attachment":[{"href":"https:\/\/algarve7.pt\/index.php\/wp-json\/wp\/v2\/media?parent=49420"}],"wp:term":[{"taxonomy":"category","embeddable":true,"href":"https:\/\/algarve7.pt\/index.php\/wp-json\/wp\/v2\/categories?post=49420"},{"taxonomy":"post_tag","embeddable":true,"href":"https:\/\/algarve7.pt\/index.php\/wp-json\/wp\/v2\/tags?post=49420"}],"curies":[{"name":"wp","href":"https:\/\/api.w.org\/{rel}","templated":true}]}}