{"id":49410,"date":"2025-04-12T12:20:00","date_gmt":"2025-04-12T11:20:00","guid":{"rendered":"https:\/\/algarve7.pt\/?p=49410"},"modified":"2025-04-11T20:34:15","modified_gmt":"2025-04-11T19:34:15","slug":"radar-social-lagos-esta-em-campo-a-identificar-situacoes-de-risco","status":"publish","type":"post","link":"https:\/\/algarve7.pt\/index.php\/2025\/04\/radar-social-lagos-esta-em-campo-a-identificar-situacoes-de-risco\/atualidade\/12\/20\/","title":{"rendered":"Radar Social Lagos est\u00e1 em campo a identificar situa\u00e7\u00f5es de risco"},"content":{"rendered":"\n<p>Depois das fases preparat\u00f3rias que envolveram a constitui\u00e7\u00e3o de uma equipa t\u00e9cnica dedicada, planeamento das a\u00e7\u00f5es, apetrechamento, forma\u00e7\u00e3o e envolvimento das entidades que integram a Rede Social, o Radar Social Lagos est\u00e1 em plena atividade e atento a todas as situa\u00e7\u00f5es de vulnerabilidade sinalizadas no concelho.<\/p>\n\n\n\n<p>Em paralelo, o Radar Social Lagos lan\u00e7ou um question\u00e1rio dirigido \u00e0 popula\u00e7\u00e3o residente com mais de 65 anos n\u00e3o institucionalizada. O objetivo \u00e9 fazer um diagn\u00f3stico aprofundado e atualizado sobre as necessidades espec\u00edficas deste grupo et\u00e1rio, para, com base na an\u00e1lise dos dados recolhidos, propor o eventual ajustamento das respostas j\u00e1 existentes ou novas medidas a implementar nas mais variadas \u00e1reas que contribuem para o seu bem-estar. Para garantir o maior n\u00famero de participa\u00e7\u00f5es neste inqu\u00e9rito, que est\u00e1 a decorrer at\u00e9 ao final do m\u00eas de maio, o munic\u00edpio conta com a colabora\u00e7\u00e3o das entidades parceiras cujo contacto com esta popula\u00e7\u00e3o \u00e9 mais regular, designadamente juntas de freguesia, servi\u00e7os de sa\u00fade, IPSS, coletividades locais e outros servi\u00e7os de proximidade.<\/p>\n\n\n\n<p>A\u00e7\u00e3o semelhante est\u00e1 j\u00e1 a ser preparada com um segundo inqu\u00e9rito a realizar este ano, visando diagnosticar a situa\u00e7\u00e3o da popula\u00e7\u00e3o migrante a residir no concelho de Lagos e identificar oportunidades para melhorar a sua integra\u00e7\u00e3o na comunidade local.<\/p>\n\n\n\n<p>Outra das vertentes que tem estado a ser trabalhada pelo Radar Social Lagos \u00e9 o apoio ao N\u00facleo Local da Garantia para a Inf\u00e2ncia (NLGPI). Trata-se de um grupo de trabalho formado no \u00e2mbito do Conselho Local de A\u00e7\u00e3o Social que envolve os diferentes atores sociais e tem como miss\u00e3o garantir&nbsp;o acesso de todas as crian\u00e7as e jovens, em situa\u00e7\u00e3o de maior&nbsp;vulnerabilidade,&nbsp;a um conjunto de servi\u00e7os essenciais, contribuindo para a erradica\u00e7\u00e3o da pobreza infantil.<\/p>\n\n\n\n<p>Merece recordar que o Radar Social \u00e9 um projeto de interven\u00e7\u00e3o social da Nova Gera\u00e7\u00e3o de Equipamentos e Respostas Sociais do Plano de Recupera\u00e7\u00e3o e Resili\u00eancia (PRR), a que o munic\u00edpio se candidatou, obtendo o enquadramento t\u00e9cnico e financeiro necess\u00e1rio \u00e0 sua implementa\u00e7\u00e3o em Lagos.&nbsp;<\/p>\n\n\n\n<p>O que diferencia o Radar Social de outros projetos \u00e9 o facto de este efetuar a georreferencia\u00e7\u00e3o e vigil\u00e2ncia das situa\u00e7\u00f5es sociais vulner\u00e1veis. O modelo foi testado na capital, abrangendo a popula\u00e7\u00e3o idosa em situa\u00e7\u00e3o de isolamento, mas o seu alargamento \u00e0 totalidade do territ\u00f3rio nacional pretende ir mais longe, abrangendo qualquer pessoa em risco.&nbsp;<\/p>\n\n\n\n<p>Toda a abordagem assenta no princ\u00edpio do envolvimento da comunidade, apelando \u00e0 responsabilidade social das entidades e dos cidad\u00e3os, no sentido de n\u00e3o ficarem indiferentes a situa\u00e7\u00f5es de vulnerabilidade suscet\u00edveis de configurarem casos de exclus\u00e3o social, sinalizando-as junto da equipa que corporiza o Radar Social em Lagos.&nbsp;<\/p>\n\n\n\n<p>Para lhe dar visibilidade, arranca este m\u00eas uma campanha de comunica\u00e7\u00e3o em v\u00e1rios meios que pretende chamar a aten\u00e7\u00e3o da comunidade para a import\u00e2ncia do seu envolvimento no projeto e enquadrar o trabalho da equipa Radar Social Lagos, nesta fase de contacto direto com as pessoas no terreno.<\/p>\n","protected":false},"excerpt":{"rendered":"<p>Depois das fases preparat\u00f3rias que envolveram a constitui\u00e7\u00e3o de uma equipa t\u00e9cnica dedicada, planeamento das a\u00e7\u00f5es, apetrechamento, forma\u00e7\u00e3o e envolvimento<\/p>\n","protected":false},"author":1,"featured_media":49411,"comment_status":"closed","ping_status":"closed","sticky":false,"template":"","format":"standard","meta":{"colormag_page_container_layout":"default_layout","colormag_page_sidebar_layout":"default_layout","_monsterinsights_skip_tracking":false,"_monsterinsights_sitenote_active":false,"_monsterinsights_sitenote_note":"","_monsterinsights_sitenote_category":0,"jetpack_post_was_ever_published":false,"_jetpack_newsletter_access":"","_jetpack_dont_email_post_to_subs":false,"_jetpack_newsletter_tier_id":0,"_jetpack_memberships_contains_paywalled_content":false,"_jetpack_memberships_contains_paid_content":false,"footnotes":"","jetpack_publicize_message":"","jetpack_publicize_feature_enabled":true,"jetpack_social_post_already_shared":true,"jetpack_social_options":{"image_generator_settings":{"template":"highway","default_image_id":0,"font":"","enabled":false},"version":2}},"categories":[11],"tags":[36,62,68],"class_list":["post-49410","post","type-post","status-publish","format-standard","has-post-thumbnail","hentry","category-atualidade","tag-algarve","tag-atualidade","tag-lagos"],"yoast_head":"<!-- This site is optimized with the Yoast SEO plugin v27.5 - https:\/\/yoast.com\/product\/yoast-seo-wordpress\/ -->\n<title>Radar Social Lagos est\u00e1 em campo a identificar situa\u00e7\u00f5es de risco - Algarve 7<\/title>\n<meta name=\"description\" content=\"Radar Social Lagos est\u00e1 em campo a identificar situa\u00e7\u00f5es de risco Atualidade\" \/>\n<meta name=\"robots\" content=\"index, follow, max-snippet:-1, max-image-preview:large, max-video-preview:-1\" \/>\n<link rel=\"canonical\" href=\"https:\/\/algarve7.pt\/index.php\/2025\/04\/radar-social-lagos-esta-em-campo-a-identificar-situacoes-de-risco\/atualidade\/12\/20\/\" \/>\n<meta property=\"og:locale\" content=\"pt_PT\" \/>\n<meta property=\"og:type\" content=\"article\" \/>\n<meta property=\"og:title\" content=\"Radar Social Lagos est\u00e1 em campo a identificar situa\u00e7\u00f5es de risco - Algarve 7\" \/>\n<meta property=\"og:description\" content=\"Radar Social Lagos est\u00e1 em campo a identificar situa\u00e7\u00f5es de risco Atualidade\" \/>\n<meta property=\"og:url\" content=\"https:\/\/algarve7.pt\/index.php\/2025\/04\/radar-social-lagos-esta-em-campo-a-identificar-situacoes-de-risco\/atualidade\/12\/20\/\" \/>\n<meta property=\"og:site_name\" content=\"Algarve 7\" \/>\n<meta property=\"article:publisher\" content=\"https:\/\/www.facebook.com\/algarve7\" \/>\n<meta property=\"article:author\" content=\"https:\/\/www.facebook.com\/algarve7\" \/>\n<meta property=\"article:published_time\" content=\"2025-04-12T11:20:00+00:00\" \/>\n<meta property=\"og:image\" content=\"https:\/\/algarve7.pt\/wp-content\/uploads\/2025\/04\/Captura-de-ecra-2025-04-11-as-20.31.12.png\" \/>\n\t<meta property=\"og:image:width\" content=\"800\" \/>\n\t<meta property=\"og:image:height\" content=\"500\" \/>\n\t<meta property=\"og:image:type\" content=\"image\/png\" \/>\n<meta name=\"author\" content=\"Algarve 7\" \/>\n<meta name=\"twitter:card\" content=\"summary_large_image\" \/>\n<meta name=\"twitter:creator\" content=\"@Algarvesete\" \/>\n<meta name=\"twitter:site\" content=\"@Algarvesete\" \/>\n<meta name=\"twitter:label1\" content=\"Escrito por\" \/>\n\t<meta name=\"twitter:data1\" content=\"Algarve 7\" \/>\n\t<meta name=\"twitter:label2\" content=\"Tempo estimado de leitura\" \/>\n\t<meta name=\"twitter:data2\" content=\"3 minutos\" \/>\n<script type=\"application\/ld+json\" class=\"yoast-schema-graph\">{\"@context\":\"https:\\\/\\\/schema.org\",\"@graph\":[{\"@type\":\"Article\",\"@id\":\"https:\\\/\\\/algarve7.pt\\\/index.php\\\/2025\\\/04\\\/radar-social-lagos-esta-em-campo-a-identificar-situacoes-de-risco\\\/atualidade\\\/12\\\/20\\\/#article\",\"isPartOf\":{\"@id\":\"https:\\\/\\\/algarve7.pt\\\/index.php\\\/2025\\\/04\\\/radar-social-lagos-esta-em-campo-a-identificar-situacoes-de-risco\\\/atualidade\\\/12\\\/20\\\/\"},\"author\":{\"name\":\"Algarve 7\",\"@id\":\"https:\\\/\\\/algarve7.pt\\\/#\\\/schema\\\/person\\\/23fa70681308e7b319a3204bcea45e0c\"},\"headline\":\"Radar Social Lagos est\u00e1 em campo a identificar situa\u00e7\u00f5es de risco\",\"datePublished\":\"2025-04-12T11:20:00+00:00\",\"mainEntityOfPage\":{\"@id\":\"https:\\\/\\\/algarve7.pt\\\/index.php\\\/2025\\\/04\\\/radar-social-lagos-esta-em-campo-a-identificar-situacoes-de-risco\\\/atualidade\\\/12\\\/20\\\/\"},\"wordCount\":547,\"publisher\":{\"@id\":\"https:\\\/\\\/algarve7.pt\\\/#organization\"},\"image\":{\"@id\":\"https:\\\/\\\/algarve7.pt\\\/index.php\\\/2025\\\/04\\\/radar-social-lagos-esta-em-campo-a-identificar-situacoes-de-risco\\\/atualidade\\\/12\\\/20\\\/#primaryimage\"},\"thumbnailUrl\":\"https:\\\/\\\/algarve7.pt\\\/wp-content\\\/uploads\\\/2025\\\/04\\\/Captura-de-ecra-2025-04-11-as-20.31.12.png\",\"keywords\":[\"Algarve\",\"Atualidade\",\"Lagos\"],\"articleSection\":[\"Atualidade\"],\"inLanguage\":\"pt-PT\"},{\"@type\":\"WebPage\",\"@id\":\"https:\\\/\\\/algarve7.pt\\\/index.php\\\/2025\\\/04\\\/radar-social-lagos-esta-em-campo-a-identificar-situacoes-de-risco\\\/atualidade\\\/12\\\/20\\\/\",\"url\":\"https:\\\/\\\/algarve7.pt\\\/index.php\\\/2025\\\/04\\\/radar-social-lagos-esta-em-campo-a-identificar-situacoes-de-risco\\\/atualidade\\\/12\\\/20\\\/\",\"name\":\"Radar Social Lagos est\u00e1 em campo a identificar situa\u00e7\u00f5es de risco - Algarve 7\",\"isPartOf\":{\"@id\":\"https:\\\/\\\/algarve7.pt\\\/#website\"},\"primaryImageOfPage\":{\"@id\":\"https:\\\/\\\/algarve7.pt\\\/index.php\\\/2025\\\/04\\\/radar-social-lagos-esta-em-campo-a-identificar-situacoes-de-risco\\\/atualidade\\\/12\\\/20\\\/#primaryimage\"},\"image\":{\"@id\":\"https:\\\/\\\/algarve7.pt\\\/index.php\\\/2025\\\/04\\\/radar-social-lagos-esta-em-campo-a-identificar-situacoes-de-risco\\\/atualidade\\\/12\\\/20\\\/#primaryimage\"},\"thumbnailUrl\":\"https:\\\/\\\/algarve7.pt\\\/wp-content\\\/uploads\\\/2025\\\/04\\\/Captura-de-ecra-2025-04-11-as-20.31.12.png\",\"datePublished\":\"2025-04-12T11:20:00+00:00\",\"description\":\"Radar Social Lagos est\u00e1 em campo a identificar situa\u00e7\u00f5es de risco Atualidade\",\"breadcrumb\":{\"@id\":\"https:\\\/\\\/algarve7.pt\\\/index.php\\\/2025\\\/04\\\/radar-social-lagos-esta-em-campo-a-identificar-situacoes-de-risco\\\/atualidade\\\/12\\\/20\\\/#breadcrumb\"},\"inLanguage\":\"pt-PT\",\"potentialAction\":[{\"@type\":\"ReadAction\",\"target\":[\"https:\\\/\\\/algarve7.pt\\\/index.php\\\/2025\\\/04\\\/radar-social-lagos-esta-em-campo-a-identificar-situacoes-de-risco\\\/atualidade\\\/12\\\/20\\\/\"]}]},{\"@type\":\"ImageObject\",\"inLanguage\":\"pt-PT\",\"@id\":\"https:\\\/\\\/algarve7.pt\\\/index.php\\\/2025\\\/04\\\/radar-social-lagos-esta-em-campo-a-identificar-situacoes-de-risco\\\/atualidade\\\/12\\\/20\\\/#primaryimage\",\"url\":\"https:\\\/\\\/algarve7.pt\\\/wp-content\\\/uploads\\\/2025\\\/04\\\/Captura-de-ecra-2025-04-11-as-20.31.12.png\",\"contentUrl\":\"https:\\\/\\\/algarve7.pt\\\/wp-content\\\/uploads\\\/2025\\\/04\\\/Captura-de-ecra-2025-04-11-as-20.31.12.png\",\"width\":800,\"height\":500},{\"@type\":\"BreadcrumbList\",\"@id\":\"https:\\\/\\\/algarve7.pt\\\/index.php\\\/2025\\\/04\\\/radar-social-lagos-esta-em-campo-a-identificar-situacoes-de-risco\\\/atualidade\\\/12\\\/20\\\/#breadcrumb\",\"itemListElement\":[{\"@type\":\"ListItem\",\"position\":1,\"name\":\"In\u00edcio\",\"item\":\"https:\\\/\\\/algarve7.pt\\\/\"},{\"@type\":\"ListItem\",\"position\":2,\"name\":\"Radar Social Lagos est\u00e1 em campo a identificar situa\u00e7\u00f5es de risco\"}]},{\"@type\":\"WebSite\",\"@id\":\"https:\\\/\\\/algarve7.pt\\\/#website\",\"url\":\"https:\\\/\\\/algarve7.pt\\\/\",\"name\":\"Algarve 7\",\"description\":\"Informa\u00e7\u00e3o sobre o Algarve\",\"publisher\":{\"@id\":\"https:\\\/\\\/algarve7.pt\\\/#organization\"},\"potentialAction\":[{\"@type\":\"SearchAction\",\"target\":{\"@type\":\"EntryPoint\",\"urlTemplate\":\"https:\\\/\\\/algarve7.pt\\\/?s={search_term_string}\"},\"query-input\":{\"@type\":\"PropertyValueSpecification\",\"valueRequired\":true,\"valueName\":\"search_term_string\"}}],\"inLanguage\":\"pt-PT\"},{\"@type\":\"Organization\",\"@id\":\"https:\\\/\\\/algarve7.pt\\\/#organization\",\"name\":\"Algarve 7\",\"url\":\"https:\\\/\\\/algarve7.pt\\\/\",\"logo\":{\"@type\":\"ImageObject\",\"inLanguage\":\"pt-PT\",\"@id\":\"https:\\\/\\\/algarve7.pt\\\/#\\\/schema\\\/logo\\\/image\\\/\",\"url\":\"https:\\\/\\\/algarve7.pt\\\/wp-content\\\/uploads\\\/2020\\\/10\\\/Logo-8.jpg\",\"contentUrl\":\"https:\\\/\\\/algarve7.pt\\\/wp-content\\\/uploads\\\/2020\\\/10\\\/Logo-8.jpg\",\"width\":1680,\"height\":1186,\"caption\":\"Algarve 7\"},\"image\":{\"@id\":\"https:\\\/\\\/algarve7.pt\\\/#\\\/schema\\\/logo\\\/image\\\/\"},\"sameAs\":[\"https:\\\/\\\/www.facebook.com\\\/algarve7\",\"https:\\\/\\\/x.com\\\/Algarvesete\",\"https:\\\/\\\/www.instagram.com\\\/jornalalgarve7\\\/\",\"https:\\\/\\\/www.linkedin.com\\\/company\\\/algarve7\",\"https:\\\/\\\/www.pinterest.pt\\\/geral0939\\\/_created\\\/\"]},{\"@type\":\"Person\",\"@id\":\"https:\\\/\\\/algarve7.pt\\\/#\\\/schema\\\/person\\\/23fa70681308e7b319a3204bcea45e0c\",\"name\":\"Algarve 7\",\"sameAs\":[\"https:\\\/\\\/algarve7.pt\",\"https:\\\/\\\/www.facebook.com\\\/algarve7\"],\"url\":\"https:\\\/\\\/algarve7.pt\\\/index.php\\\/author\\\/geralalgarve7-pt\\\/\"}]}<\/script>\n<!-- \/ Yoast SEO plugin. -->","yoast_head_json":{"title":"Radar Social Lagos est\u00e1 em campo a identificar situa\u00e7\u00f5es de risco - Algarve 7","description":"Radar Social Lagos est\u00e1 em campo a identificar situa\u00e7\u00f5es de risco Atualidade","robots":{"index":"index","follow":"follow","max-snippet":"max-snippet:-1","max-image-preview":"max-image-preview:large","max-video-preview":"max-video-preview:-1"},"canonical":"https:\/\/algarve7.pt\/index.php\/2025\/04\/radar-social-lagos-esta-em-campo-a-identificar-situacoes-de-risco\/atualidade\/12\/20\/","og_locale":"pt_PT","og_type":"article","og_title":"Radar Social Lagos est\u00e1 em campo a identificar situa\u00e7\u00f5es de risco - Algarve 7","og_description":"Radar Social Lagos est\u00e1 em campo a identificar situa\u00e7\u00f5es de risco Atualidade","og_url":"https:\/\/algarve7.pt\/index.php\/2025\/04\/radar-social-lagos-esta-em-campo-a-identificar-situacoes-de-risco\/atualidade\/12\/20\/","og_site_name":"Algarve 7","article_publisher":"https:\/\/www.facebook.com\/algarve7","article_author":"https:\/\/www.facebook.com\/algarve7","article_published_time":"2025-04-12T11:20:00+00:00","og_image":[{"width":800,"height":500,"url":"https:\/\/algarve7.pt\/wp-content\/uploads\/2025\/04\/Captura-de-ecra-2025-04-11-as-20.31.12.png","type":"image\/png"}],"author":"Algarve 7","twitter_card":"summary_large_image","twitter_creator":"@Algarvesete","twitter_site":"@Algarvesete","twitter_misc":{"Escrito por":"Algarve 7","Tempo estimado de leitura":"3 minutos"},"schema":{"@context":"https:\/\/schema.org","@graph":[{"@type":"Article","@id":"https:\/\/algarve7.pt\/index.php\/2025\/04\/radar-social-lagos-esta-em-campo-a-identificar-situacoes-de-risco\/atualidade\/12\/20\/#article","isPartOf":{"@id":"https:\/\/algarve7.pt\/index.php\/2025\/04\/radar-social-lagos-esta-em-campo-a-identificar-situacoes-de-risco\/atualidade\/12\/20\/"},"author":{"name":"Algarve 7","@id":"https:\/\/algarve7.pt\/#\/schema\/person\/23fa70681308e7b319a3204bcea45e0c"},"headline":"Radar Social Lagos est\u00e1 em campo a identificar situa\u00e7\u00f5es de risco","datePublished":"2025-04-12T11:20:00+00:00","mainEntityOfPage":{"@id":"https:\/\/algarve7.pt\/index.php\/2025\/04\/radar-social-lagos-esta-em-campo-a-identificar-situacoes-de-risco\/atualidade\/12\/20\/"},"wordCount":547,"publisher":{"@id":"https:\/\/algarve7.pt\/#organization"},"image":{"@id":"https:\/\/algarve7.pt\/index.php\/2025\/04\/radar-social-lagos-esta-em-campo-a-identificar-situacoes-de-risco\/atualidade\/12\/20\/#primaryimage"},"thumbnailUrl":"https:\/\/algarve7.pt\/wp-content\/uploads\/2025\/04\/Captura-de-ecra-2025-04-11-as-20.31.12.png","keywords":["Algarve","Atualidade","Lagos"],"articleSection":["Atualidade"],"inLanguage":"pt-PT"},{"@type":"WebPage","@id":"https:\/\/algarve7.pt\/index.php\/2025\/04\/radar-social-lagos-esta-em-campo-a-identificar-situacoes-de-risco\/atualidade\/12\/20\/","url":"https:\/\/algarve7.pt\/index.php\/2025\/04\/radar-social-lagos-esta-em-campo-a-identificar-situacoes-de-risco\/atualidade\/12\/20\/","name":"Radar Social Lagos est\u00e1 em campo a identificar situa\u00e7\u00f5es de risco - Algarve 7","isPartOf":{"@id":"https:\/\/algarve7.pt\/#website"},"primaryImageOfPage":{"@id":"https:\/\/algarve7.pt\/index.php\/2025\/04\/radar-social-lagos-esta-em-campo-a-identificar-situacoes-de-risco\/atualidade\/12\/20\/#primaryimage"},"image":{"@id":"https:\/\/algarve7.pt\/index.php\/2025\/04\/radar-social-lagos-esta-em-campo-a-identificar-situacoes-de-risco\/atualidade\/12\/20\/#primaryimage"},"thumbnailUrl":"https:\/\/algarve7.pt\/wp-content\/uploads\/2025\/04\/Captura-de-ecra-2025-04-11-as-20.31.12.png","datePublished":"2025-04-12T11:20:00+00:00","description":"Radar Social Lagos est\u00e1 em campo a identificar situa\u00e7\u00f5es de risco Atualidade","breadcrumb":{"@id":"https:\/\/algarve7.pt\/index.php\/2025\/04\/radar-social-lagos-esta-em-campo-a-identificar-situacoes-de-risco\/atualidade\/12\/20\/#breadcrumb"},"inLanguage":"pt-PT","potentialAction":[{"@type":"ReadAction","target":["https:\/\/algarve7.pt\/index.php\/2025\/04\/radar-social-lagos-esta-em-campo-a-identificar-situacoes-de-risco\/atualidade\/12\/20\/"]}]},{"@type":"ImageObject","inLanguage":"pt-PT","@id":"https:\/\/algarve7.pt\/index.php\/2025\/04\/radar-social-lagos-esta-em-campo-a-identificar-situacoes-de-risco\/atualidade\/12\/20\/#primaryimage","url":"https:\/\/algarve7.pt\/wp-content\/uploads\/2025\/04\/Captura-de-ecra-2025-04-11-as-20.31.12.png","contentUrl":"https:\/\/algarve7.pt\/wp-content\/uploads\/2025\/04\/Captura-de-ecra-2025-04-11-as-20.31.12.png","width":800,"height":500},{"@type":"BreadcrumbList","@id":"https:\/\/algarve7.pt\/index.php\/2025\/04\/radar-social-lagos-esta-em-campo-a-identificar-situacoes-de-risco\/atualidade\/12\/20\/#breadcrumb","itemListElement":[{"@type":"ListItem","position":1,"name":"In\u00edcio","item":"https:\/\/algarve7.pt\/"},{"@type":"ListItem","position":2,"name":"Radar Social Lagos est\u00e1 em campo a identificar situa\u00e7\u00f5es de risco"}]},{"@type":"WebSite","@id":"https:\/\/algarve7.pt\/#website","url":"https:\/\/algarve7.pt\/","name":"Algarve 7","description":"Informa\u00e7\u00e3o sobre o Algarve","publisher":{"@id":"https:\/\/algarve7.pt\/#organization"},"potentialAction":[{"@type":"SearchAction","target":{"@type":"EntryPoint","urlTemplate":"https:\/\/algarve7.pt\/?s={search_term_string}"},"query-input":{"@type":"PropertyValueSpecification","valueRequired":true,"valueName":"search_term_string"}}],"inLanguage":"pt-PT"},{"@type":"Organization","@id":"https:\/\/algarve7.pt\/#organization","name":"Algarve 7","url":"https:\/\/algarve7.pt\/","logo":{"@type":"ImageObject","inLanguage":"pt-PT","@id":"https:\/\/algarve7.pt\/#\/schema\/logo\/image\/","url":"https:\/\/algarve7.pt\/wp-content\/uploads\/2020\/10\/Logo-8.jpg","contentUrl":"https:\/\/algarve7.pt\/wp-content\/uploads\/2020\/10\/Logo-8.jpg","width":1680,"height":1186,"caption":"Algarve 7"},"image":{"@id":"https:\/\/algarve7.pt\/#\/schema\/logo\/image\/"},"sameAs":["https:\/\/www.facebook.com\/algarve7","https:\/\/x.com\/Algarvesete","https:\/\/www.instagram.com\/jornalalgarve7\/","https:\/\/www.linkedin.com\/company\/algarve7","https:\/\/www.pinterest.pt\/geral0939\/_created\/"]},{"@type":"Person","@id":"https:\/\/algarve7.pt\/#\/schema\/person\/23fa70681308e7b319a3204bcea45e0c","name":"Algarve 7","sameAs":["https:\/\/algarve7.pt","https:\/\/www.facebook.com\/algarve7"],"url":"https:\/\/algarve7.pt\/index.php\/author\/geralalgarve7-pt\/"}]}},"jetpack_publicize_connections":[],"jetpack_featured_media_url":"https:\/\/algarve7.pt\/wp-content\/uploads\/2025\/04\/Captura-de-ecra-2025-04-11-as-20.31.12.png","jetpack_shortlink":"https:\/\/wp.me\/pcezmW-cQW","jetpack_sharing_enabled":true,"_links":{"self":[{"href":"https:\/\/algarve7.pt\/index.php\/wp-json\/wp\/v2\/posts\/49410","targetHints":{"allow":["GET"]}}],"collection":[{"href":"https:\/\/algarve7.pt\/index.php\/wp-json\/wp\/v2\/posts"}],"about":[{"href":"https:\/\/algarve7.pt\/index.php\/wp-json\/wp\/v2\/types\/post"}],"author":[{"embeddable":true,"href":"https:\/\/algarve7.pt\/index.php\/wp-json\/wp\/v2\/users\/1"}],"replies":[{"embeddable":true,"href":"https:\/\/algarve7.pt\/index.php\/wp-json\/wp\/v2\/comments?post=49410"}],"version-history":[{"count":0,"href":"https:\/\/algarve7.pt\/index.php\/wp-json\/wp\/v2\/posts\/49410\/revisions"}],"wp:featuredmedia":[{"embeddable":true,"href":"https:\/\/algarve7.pt\/index.php\/wp-json\/wp\/v2\/media\/49411"}],"wp:attachment":[{"href":"https:\/\/algarve7.pt\/index.php\/wp-json\/wp\/v2\/media?parent=49410"}],"wp:term":[{"taxonomy":"category","embeddable":true,"href":"https:\/\/algarve7.pt\/index.php\/wp-json\/wp\/v2\/categories?post=49410"},{"taxonomy":"post_tag","embeddable":true,"href":"https:\/\/algarve7.pt\/index.php\/wp-json\/wp\/v2\/tags?post=49410"}],"curies":[{"name":"wp","href":"https:\/\/api.w.org\/{rel}","templated":true}]}}