{"id":49310,"date":"2025-04-09T13:12:32","date_gmt":"2025-04-09T12:12:32","guid":{"rendered":"https:\/\/algarve7.pt\/?p=49310"},"modified":"2025-04-09T13:12:34","modified_gmt":"2025-04-09T12:12:34","slug":"castelo-de-silves-volta-a-ser-distinguido-com-premio-cinco-estrelas-2025","status":"publish","type":"post","link":"https:\/\/algarve7.pt\/index.php\/2025\/04\/castelo-de-silves-volta-a-ser-distinguido-com-premio-cinco-estrelas-2025\/atualidade\/13\/12\/","title":{"rendered":"Castelo de Silves volta a ser distinguido com pr\u00e9mio cinco estrelas 2025"},"content":{"rendered":"\n<p>O Castelo de Silves volta a receber o galard\u00e3o de um dos principais \u00edcones culturais e tur\u00edsticos da regi\u00e3o do Algarve.<\/p>\n\n\n\n<p>Nesta 8\u00aa edi\u00e7\u00e3o, a regi\u00e3o algarvia recebeu nove Pr\u00e9mios Cinco Estrelas : cinco \u00edcones regionais e quatro marcas locais de excel\u00eancia. Os vencedores deste ano no distrito de Faro s\u00e3o: Castelo de Silves (Silves),&nbsp;&nbsp;Praia da Rocha (Portim\u00e3o), Festival do Marisco (Olh\u00e3o), Barragem de Odeleite (Castro Marim) e Castro Marim (Castro Marim).<\/p>\n\n\n\n<p>Este prestigiado galard\u00e3o distingue, tanto elementos emblem\u00e1ticos das regi\u00f5es, como praias, aldeias e vilas, monumentos e festividades tradicionais. Mas tamb\u00e9m marcas locais que se destacam pela sua qualidade, confiabilidade e inova\u00e7\u00e3o.<\/p>\n\n\n\n<p>Para a edi\u00e7\u00e3o de 2025, as categorias de Praias, Reservas, Aldeias\/Vilas, Monumentos, Festas e Romarias e Museus foram as mais valorizadas pelos portugueses. Demonstra\u00e7\u00e3o de um pa\u00eds com um patrim\u00f3nio natural de cortar a respira\u00e7\u00e3o, bem como de uma hist\u00f3ria e cultura que simbolizam um povo quase milenar e que deu novos mundos ao mundo.<\/p>\n\n\n\n<p>A n\u00edvel nacional, destacaram-se 100 \u00edcones regionais e 141 marcas locais que se evidenciaram pela sua qualidade e excel\u00eancia em todo o territ\u00f3rio nacional. Ao todo, a ins\u00edgnia reconhece, assim, 241 vencedores, os quais representam o melhor e mais deslumbrante que cada regi\u00e3o de Portugal tem para oferecer a todos aqueles que os que desfrutam diariamente ou pretendem visitar.<\/p>\n\n\n\n<p>A sele\u00e7\u00e3o dos vencedores envolveu um rigoroso processo de avalia\u00e7\u00e3o, contando com a participa\u00e7\u00e3o de 498.660 consumidores, os quais analisaram mais de 1.022 marcas. Destas, apenas 141 alcan\u00e7aram o estatuto Cinco Estrelas, ou seja, pouco mais de 13% do total analisado. Esta \u00e9, pois, a demonstra\u00e7\u00e3o da sua excel\u00eancia, por via de um amplo reconhecimento p\u00fablico por parte de quase meio milh\u00e3o de pessoas, bem como do rigor metodol\u00f3gico por que se rege aquele que \u00e9 o melhor sistema de avalia\u00e7\u00e3o nacional.<\/p>\n","protected":false},"excerpt":{"rendered":"<p>O Castelo de Silves volta a receber o galard\u00e3o de um dos principais \u00edcones culturais e tur\u00edsticos da regi\u00e3o do<\/p>\n","protected":false},"author":1,"featured_media":49311,"comment_status":"closed","ping_status":"closed","sticky":false,"template":"","format":"standard","meta":{"colormag_page_container_layout":"default_layout","colormag_page_sidebar_layout":"default_layout","_monsterinsights_skip_tracking":false,"_monsterinsights_sitenote_active":false,"_monsterinsights_sitenote_note":"","_monsterinsights_sitenote_category":0,"jetpack_post_was_ever_published":false,"_jetpack_newsletter_access":"","_jetpack_dont_email_post_to_subs":false,"_jetpack_newsletter_tier_id":0,"_jetpack_memberships_contains_paywalled_content":false,"_jetpack_memberships_contains_paid_content":false,"footnotes":"","jetpack_publicize_message":"","jetpack_publicize_feature_enabled":true,"jetpack_social_post_already_shared":true,"jetpack_social_options":{"image_generator_settings":{"template":"highway","default_image_id":0,"font":"","enabled":false},"version":2}},"categories":[11],"tags":[36,62,42],"class_list":["post-49310","post","type-post","status-publish","format-standard","has-post-thumbnail","hentry","category-atualidade","tag-algarve","tag-atualidade","tag-silves"],"yoast_head":"<!-- This site is optimized with the Yoast SEO plugin v27.5 - https:\/\/yoast.com\/product\/yoast-seo-wordpress\/ -->\n<title>Castelo de Silves volta a ser distinguido com pr\u00e9mio cinco estrelas 2025 - Algarve 7<\/title>\n<meta name=\"description\" content=\"Castelo de Silves volta a ser distinguido com pr\u00e9mio cinco estrelas 2025 Atualidade\" \/>\n<meta name=\"robots\" content=\"index, follow, max-snippet:-1, max-image-preview:large, max-video-preview:-1\" \/>\n<link rel=\"canonical\" href=\"https:\/\/algarve7.pt\/index.php\/2025\/04\/castelo-de-silves-volta-a-ser-distinguido-com-premio-cinco-estrelas-2025\/atualidade\/13\/12\/\" \/>\n<meta property=\"og:locale\" content=\"pt_PT\" \/>\n<meta property=\"og:type\" content=\"article\" \/>\n<meta property=\"og:title\" content=\"Castelo de Silves volta a ser distinguido com pr\u00e9mio cinco estrelas 2025 - Algarve 7\" \/>\n<meta property=\"og:description\" content=\"Castelo de Silves volta a ser distinguido com pr\u00e9mio cinco estrelas 2025 Atualidade\" \/>\n<meta property=\"og:url\" content=\"https:\/\/algarve7.pt\/index.php\/2025\/04\/castelo-de-silves-volta-a-ser-distinguido-com-premio-cinco-estrelas-2025\/atualidade\/13\/12\/\" \/>\n<meta property=\"og:site_name\" content=\"Algarve 7\" \/>\n<meta property=\"article:publisher\" content=\"https:\/\/www.facebook.com\/algarve7\" \/>\n<meta property=\"article:author\" content=\"https:\/\/www.facebook.com\/algarve7\" \/>\n<meta property=\"article:published_time\" content=\"2025-04-09T12:12:32+00:00\" \/>\n<meta property=\"article:modified_time\" content=\"2025-04-09T12:12:34+00:00\" \/>\n<meta property=\"og:image\" content=\"https:\/\/algarve7.pt\/wp-content\/uploads\/2025\/04\/castelo-de-Silves.png\" \/>\n\t<meta property=\"og:image:width\" content=\"800\" \/>\n\t<meta property=\"og:image:height\" content=\"500\" \/>\n\t<meta property=\"og:image:type\" content=\"image\/png\" \/>\n<meta name=\"author\" content=\"Algarve 7\" \/>\n<meta name=\"twitter:card\" content=\"summary_large_image\" \/>\n<meta name=\"twitter:creator\" content=\"@Algarvesete\" \/>\n<meta name=\"twitter:site\" content=\"@Algarvesete\" \/>\n<meta name=\"twitter:label1\" content=\"Escrito por\" \/>\n\t<meta name=\"twitter:data1\" content=\"Algarve 7\" \/>\n\t<meta name=\"twitter:label2\" content=\"Tempo estimado de leitura\" \/>\n\t<meta name=\"twitter:data2\" content=\"2 minutos\" \/>\n<script type=\"application\/ld+json\" class=\"yoast-schema-graph\">{\"@context\":\"https:\\\/\\\/schema.org\",\"@graph\":[{\"@type\":\"Article\",\"@id\":\"https:\\\/\\\/algarve7.pt\\\/index.php\\\/2025\\\/04\\\/castelo-de-silves-volta-a-ser-distinguido-com-premio-cinco-estrelas-2025\\\/atualidade\\\/13\\\/12\\\/#article\",\"isPartOf\":{\"@id\":\"https:\\\/\\\/algarve7.pt\\\/index.php\\\/2025\\\/04\\\/castelo-de-silves-volta-a-ser-distinguido-com-premio-cinco-estrelas-2025\\\/atualidade\\\/13\\\/12\\\/\"},\"author\":{\"name\":\"Algarve 7\",\"@id\":\"https:\\\/\\\/algarve7.pt\\\/#\\\/schema\\\/person\\\/23fa70681308e7b319a3204bcea45e0c\"},\"headline\":\"Castelo de Silves volta a ser distinguido com pr\u00e9mio cinco estrelas 2025\",\"datePublished\":\"2025-04-09T12:12:32+00:00\",\"dateModified\":\"2025-04-09T12:12:34+00:00\",\"mainEntityOfPage\":{\"@id\":\"https:\\\/\\\/algarve7.pt\\\/index.php\\\/2025\\\/04\\\/castelo-de-silves-volta-a-ser-distinguido-com-premio-cinco-estrelas-2025\\\/atualidade\\\/13\\\/12\\\/\"},\"wordCount\":339,\"publisher\":{\"@id\":\"https:\\\/\\\/algarve7.pt\\\/#organization\"},\"image\":{\"@id\":\"https:\\\/\\\/algarve7.pt\\\/index.php\\\/2025\\\/04\\\/castelo-de-silves-volta-a-ser-distinguido-com-premio-cinco-estrelas-2025\\\/atualidade\\\/13\\\/12\\\/#primaryimage\"},\"thumbnailUrl\":\"https:\\\/\\\/algarve7.pt\\\/wp-content\\\/uploads\\\/2025\\\/04\\\/castelo-de-Silves.png\",\"keywords\":[\"Algarve\",\"Atualidade\",\"Silves\"],\"articleSection\":[\"Atualidade\"],\"inLanguage\":\"pt-PT\"},{\"@type\":\"WebPage\",\"@id\":\"https:\\\/\\\/algarve7.pt\\\/index.php\\\/2025\\\/04\\\/castelo-de-silves-volta-a-ser-distinguido-com-premio-cinco-estrelas-2025\\\/atualidade\\\/13\\\/12\\\/\",\"url\":\"https:\\\/\\\/algarve7.pt\\\/index.php\\\/2025\\\/04\\\/castelo-de-silves-volta-a-ser-distinguido-com-premio-cinco-estrelas-2025\\\/atualidade\\\/13\\\/12\\\/\",\"name\":\"Castelo de Silves volta a ser distinguido com pr\u00e9mio cinco estrelas 2025 - Algarve 7\",\"isPartOf\":{\"@id\":\"https:\\\/\\\/algarve7.pt\\\/#website\"},\"primaryImageOfPage\":{\"@id\":\"https:\\\/\\\/algarve7.pt\\\/index.php\\\/2025\\\/04\\\/castelo-de-silves-volta-a-ser-distinguido-com-premio-cinco-estrelas-2025\\\/atualidade\\\/13\\\/12\\\/#primaryimage\"},\"image\":{\"@id\":\"https:\\\/\\\/algarve7.pt\\\/index.php\\\/2025\\\/04\\\/castelo-de-silves-volta-a-ser-distinguido-com-premio-cinco-estrelas-2025\\\/atualidade\\\/13\\\/12\\\/#primaryimage\"},\"thumbnailUrl\":\"https:\\\/\\\/algarve7.pt\\\/wp-content\\\/uploads\\\/2025\\\/04\\\/castelo-de-Silves.png\",\"datePublished\":\"2025-04-09T12:12:32+00:00\",\"dateModified\":\"2025-04-09T12:12:34+00:00\",\"description\":\"Castelo de Silves volta a ser distinguido com pr\u00e9mio cinco estrelas 2025 Atualidade\",\"breadcrumb\":{\"@id\":\"https:\\\/\\\/algarve7.pt\\\/index.php\\\/2025\\\/04\\\/castelo-de-silves-volta-a-ser-distinguido-com-premio-cinco-estrelas-2025\\\/atualidade\\\/13\\\/12\\\/#breadcrumb\"},\"inLanguage\":\"pt-PT\",\"potentialAction\":[{\"@type\":\"ReadAction\",\"target\":[\"https:\\\/\\\/algarve7.pt\\\/index.php\\\/2025\\\/04\\\/castelo-de-silves-volta-a-ser-distinguido-com-premio-cinco-estrelas-2025\\\/atualidade\\\/13\\\/12\\\/\"]}]},{\"@type\":\"ImageObject\",\"inLanguage\":\"pt-PT\",\"@id\":\"https:\\\/\\\/algarve7.pt\\\/index.php\\\/2025\\\/04\\\/castelo-de-silves-volta-a-ser-distinguido-com-premio-cinco-estrelas-2025\\\/atualidade\\\/13\\\/12\\\/#primaryimage\",\"url\":\"https:\\\/\\\/algarve7.pt\\\/wp-content\\\/uploads\\\/2025\\\/04\\\/castelo-de-Silves.png\",\"contentUrl\":\"https:\\\/\\\/algarve7.pt\\\/wp-content\\\/uploads\\\/2025\\\/04\\\/castelo-de-Silves.png\",\"width\":800,\"height\":500},{\"@type\":\"BreadcrumbList\",\"@id\":\"https:\\\/\\\/algarve7.pt\\\/index.php\\\/2025\\\/04\\\/castelo-de-silves-volta-a-ser-distinguido-com-premio-cinco-estrelas-2025\\\/atualidade\\\/13\\\/12\\\/#breadcrumb\",\"itemListElement\":[{\"@type\":\"ListItem\",\"position\":1,\"name\":\"In\u00edcio\",\"item\":\"https:\\\/\\\/algarve7.pt\\\/\"},{\"@type\":\"ListItem\",\"position\":2,\"name\":\"Castelo de Silves volta a ser distinguido com pr\u00e9mio cinco estrelas 2025\"}]},{\"@type\":\"WebSite\",\"@id\":\"https:\\\/\\\/algarve7.pt\\\/#website\",\"url\":\"https:\\\/\\\/algarve7.pt\\\/\",\"name\":\"Algarve 7\",\"description\":\"Informa\u00e7\u00e3o sobre o Algarve\",\"publisher\":{\"@id\":\"https:\\\/\\\/algarve7.pt\\\/#organization\"},\"potentialAction\":[{\"@type\":\"SearchAction\",\"target\":{\"@type\":\"EntryPoint\",\"urlTemplate\":\"https:\\\/\\\/algarve7.pt\\\/?s={search_term_string}\"},\"query-input\":{\"@type\":\"PropertyValueSpecification\",\"valueRequired\":true,\"valueName\":\"search_term_string\"}}],\"inLanguage\":\"pt-PT\"},{\"@type\":\"Organization\",\"@id\":\"https:\\\/\\\/algarve7.pt\\\/#organization\",\"name\":\"Algarve 7\",\"url\":\"https:\\\/\\\/algarve7.pt\\\/\",\"logo\":{\"@type\":\"ImageObject\",\"inLanguage\":\"pt-PT\",\"@id\":\"https:\\\/\\\/algarve7.pt\\\/#\\\/schema\\\/logo\\\/image\\\/\",\"url\":\"https:\\\/\\\/algarve7.pt\\\/wp-content\\\/uploads\\\/2020\\\/10\\\/Logo-8.jpg\",\"contentUrl\":\"https:\\\/\\\/algarve7.pt\\\/wp-content\\\/uploads\\\/2020\\\/10\\\/Logo-8.jpg\",\"width\":1680,\"height\":1186,\"caption\":\"Algarve 7\"},\"image\":{\"@id\":\"https:\\\/\\\/algarve7.pt\\\/#\\\/schema\\\/logo\\\/image\\\/\"},\"sameAs\":[\"https:\\\/\\\/www.facebook.com\\\/algarve7\",\"https:\\\/\\\/x.com\\\/Algarvesete\",\"https:\\\/\\\/www.instagram.com\\\/jornalalgarve7\\\/\",\"https:\\\/\\\/www.linkedin.com\\\/company\\\/algarve7\",\"https:\\\/\\\/www.pinterest.pt\\\/geral0939\\\/_created\\\/\"]},{\"@type\":\"Person\",\"@id\":\"https:\\\/\\\/algarve7.pt\\\/#\\\/schema\\\/person\\\/23fa70681308e7b319a3204bcea45e0c\",\"name\":\"Algarve 7\",\"sameAs\":[\"https:\\\/\\\/algarve7.pt\",\"https:\\\/\\\/www.facebook.com\\\/algarve7\"],\"url\":\"https:\\\/\\\/algarve7.pt\\\/index.php\\\/author\\\/geralalgarve7-pt\\\/\"}]}<\/script>\n<!-- \/ Yoast SEO plugin. -->","yoast_head_json":{"title":"Castelo de Silves volta a ser distinguido com pr\u00e9mio cinco estrelas 2025 - Algarve 7","description":"Castelo de Silves volta a ser distinguido com pr\u00e9mio cinco estrelas 2025 Atualidade","robots":{"index":"index","follow":"follow","max-snippet":"max-snippet:-1","max-image-preview":"max-image-preview:large","max-video-preview":"max-video-preview:-1"},"canonical":"https:\/\/algarve7.pt\/index.php\/2025\/04\/castelo-de-silves-volta-a-ser-distinguido-com-premio-cinco-estrelas-2025\/atualidade\/13\/12\/","og_locale":"pt_PT","og_type":"article","og_title":"Castelo de Silves volta a ser distinguido com pr\u00e9mio cinco estrelas 2025 - Algarve 7","og_description":"Castelo de Silves volta a ser distinguido com pr\u00e9mio cinco estrelas 2025 Atualidade","og_url":"https:\/\/algarve7.pt\/index.php\/2025\/04\/castelo-de-silves-volta-a-ser-distinguido-com-premio-cinco-estrelas-2025\/atualidade\/13\/12\/","og_site_name":"Algarve 7","article_publisher":"https:\/\/www.facebook.com\/algarve7","article_author":"https:\/\/www.facebook.com\/algarve7","article_published_time":"2025-04-09T12:12:32+00:00","article_modified_time":"2025-04-09T12:12:34+00:00","og_image":[{"width":800,"height":500,"url":"https:\/\/algarve7.pt\/wp-content\/uploads\/2025\/04\/castelo-de-Silves.png","type":"image\/png"}],"author":"Algarve 7","twitter_card":"summary_large_image","twitter_creator":"@Algarvesete","twitter_site":"@Algarvesete","twitter_misc":{"Escrito por":"Algarve 7","Tempo estimado de leitura":"2 minutos"},"schema":{"@context":"https:\/\/schema.org","@graph":[{"@type":"Article","@id":"https:\/\/algarve7.pt\/index.php\/2025\/04\/castelo-de-silves-volta-a-ser-distinguido-com-premio-cinco-estrelas-2025\/atualidade\/13\/12\/#article","isPartOf":{"@id":"https:\/\/algarve7.pt\/index.php\/2025\/04\/castelo-de-silves-volta-a-ser-distinguido-com-premio-cinco-estrelas-2025\/atualidade\/13\/12\/"},"author":{"name":"Algarve 7","@id":"https:\/\/algarve7.pt\/#\/schema\/person\/23fa70681308e7b319a3204bcea45e0c"},"headline":"Castelo de Silves volta a ser distinguido com pr\u00e9mio cinco estrelas 2025","datePublished":"2025-04-09T12:12:32+00:00","dateModified":"2025-04-09T12:12:34+00:00","mainEntityOfPage":{"@id":"https:\/\/algarve7.pt\/index.php\/2025\/04\/castelo-de-silves-volta-a-ser-distinguido-com-premio-cinco-estrelas-2025\/atualidade\/13\/12\/"},"wordCount":339,"publisher":{"@id":"https:\/\/algarve7.pt\/#organization"},"image":{"@id":"https:\/\/algarve7.pt\/index.php\/2025\/04\/castelo-de-silves-volta-a-ser-distinguido-com-premio-cinco-estrelas-2025\/atualidade\/13\/12\/#primaryimage"},"thumbnailUrl":"https:\/\/algarve7.pt\/wp-content\/uploads\/2025\/04\/castelo-de-Silves.png","keywords":["Algarve","Atualidade","Silves"],"articleSection":["Atualidade"],"inLanguage":"pt-PT"},{"@type":"WebPage","@id":"https:\/\/algarve7.pt\/index.php\/2025\/04\/castelo-de-silves-volta-a-ser-distinguido-com-premio-cinco-estrelas-2025\/atualidade\/13\/12\/","url":"https:\/\/algarve7.pt\/index.php\/2025\/04\/castelo-de-silves-volta-a-ser-distinguido-com-premio-cinco-estrelas-2025\/atualidade\/13\/12\/","name":"Castelo de Silves volta a ser distinguido com pr\u00e9mio cinco estrelas 2025 - Algarve 7","isPartOf":{"@id":"https:\/\/algarve7.pt\/#website"},"primaryImageOfPage":{"@id":"https:\/\/algarve7.pt\/index.php\/2025\/04\/castelo-de-silves-volta-a-ser-distinguido-com-premio-cinco-estrelas-2025\/atualidade\/13\/12\/#primaryimage"},"image":{"@id":"https:\/\/algarve7.pt\/index.php\/2025\/04\/castelo-de-silves-volta-a-ser-distinguido-com-premio-cinco-estrelas-2025\/atualidade\/13\/12\/#primaryimage"},"thumbnailUrl":"https:\/\/algarve7.pt\/wp-content\/uploads\/2025\/04\/castelo-de-Silves.png","datePublished":"2025-04-09T12:12:32+00:00","dateModified":"2025-04-09T12:12:34+00:00","description":"Castelo de Silves volta a ser distinguido com pr\u00e9mio cinco estrelas 2025 Atualidade","breadcrumb":{"@id":"https:\/\/algarve7.pt\/index.php\/2025\/04\/castelo-de-silves-volta-a-ser-distinguido-com-premio-cinco-estrelas-2025\/atualidade\/13\/12\/#breadcrumb"},"inLanguage":"pt-PT","potentialAction":[{"@type":"ReadAction","target":["https:\/\/algarve7.pt\/index.php\/2025\/04\/castelo-de-silves-volta-a-ser-distinguido-com-premio-cinco-estrelas-2025\/atualidade\/13\/12\/"]}]},{"@type":"ImageObject","inLanguage":"pt-PT","@id":"https:\/\/algarve7.pt\/index.php\/2025\/04\/castelo-de-silves-volta-a-ser-distinguido-com-premio-cinco-estrelas-2025\/atualidade\/13\/12\/#primaryimage","url":"https:\/\/algarve7.pt\/wp-content\/uploads\/2025\/04\/castelo-de-Silves.png","contentUrl":"https:\/\/algarve7.pt\/wp-content\/uploads\/2025\/04\/castelo-de-Silves.png","width":800,"height":500},{"@type":"BreadcrumbList","@id":"https:\/\/algarve7.pt\/index.php\/2025\/04\/castelo-de-silves-volta-a-ser-distinguido-com-premio-cinco-estrelas-2025\/atualidade\/13\/12\/#breadcrumb","itemListElement":[{"@type":"ListItem","position":1,"name":"In\u00edcio","item":"https:\/\/algarve7.pt\/"},{"@type":"ListItem","position":2,"name":"Castelo de Silves volta a ser distinguido com pr\u00e9mio cinco estrelas 2025"}]},{"@type":"WebSite","@id":"https:\/\/algarve7.pt\/#website","url":"https:\/\/algarve7.pt\/","name":"Algarve 7","description":"Informa\u00e7\u00e3o sobre o Algarve","publisher":{"@id":"https:\/\/algarve7.pt\/#organization"},"potentialAction":[{"@type":"SearchAction","target":{"@type":"EntryPoint","urlTemplate":"https:\/\/algarve7.pt\/?s={search_term_string}"},"query-input":{"@type":"PropertyValueSpecification","valueRequired":true,"valueName":"search_term_string"}}],"inLanguage":"pt-PT"},{"@type":"Organization","@id":"https:\/\/algarve7.pt\/#organization","name":"Algarve 7","url":"https:\/\/algarve7.pt\/","logo":{"@type":"ImageObject","inLanguage":"pt-PT","@id":"https:\/\/algarve7.pt\/#\/schema\/logo\/image\/","url":"https:\/\/algarve7.pt\/wp-content\/uploads\/2020\/10\/Logo-8.jpg","contentUrl":"https:\/\/algarve7.pt\/wp-content\/uploads\/2020\/10\/Logo-8.jpg","width":1680,"height":1186,"caption":"Algarve 7"},"image":{"@id":"https:\/\/algarve7.pt\/#\/schema\/logo\/image\/"},"sameAs":["https:\/\/www.facebook.com\/algarve7","https:\/\/x.com\/Algarvesete","https:\/\/www.instagram.com\/jornalalgarve7\/","https:\/\/www.linkedin.com\/company\/algarve7","https:\/\/www.pinterest.pt\/geral0939\/_created\/"]},{"@type":"Person","@id":"https:\/\/algarve7.pt\/#\/schema\/person\/23fa70681308e7b319a3204bcea45e0c","name":"Algarve 7","sameAs":["https:\/\/algarve7.pt","https:\/\/www.facebook.com\/algarve7"],"url":"https:\/\/algarve7.pt\/index.php\/author\/geralalgarve7-pt\/"}]}},"jetpack_publicize_connections":[],"jetpack_featured_media_url":"https:\/\/algarve7.pt\/wp-content\/uploads\/2025\/04\/castelo-de-Silves.png","jetpack_shortlink":"https:\/\/wp.me\/pcezmW-cPk","jetpack_sharing_enabled":true,"_links":{"self":[{"href":"https:\/\/algarve7.pt\/index.php\/wp-json\/wp\/v2\/posts\/49310","targetHints":{"allow":["GET"]}}],"collection":[{"href":"https:\/\/algarve7.pt\/index.php\/wp-json\/wp\/v2\/posts"}],"about":[{"href":"https:\/\/algarve7.pt\/index.php\/wp-json\/wp\/v2\/types\/post"}],"author":[{"embeddable":true,"href":"https:\/\/algarve7.pt\/index.php\/wp-json\/wp\/v2\/users\/1"}],"replies":[{"embeddable":true,"href":"https:\/\/algarve7.pt\/index.php\/wp-json\/wp\/v2\/comments?post=49310"}],"version-history":[{"count":0,"href":"https:\/\/algarve7.pt\/index.php\/wp-json\/wp\/v2\/posts\/49310\/revisions"}],"wp:featuredmedia":[{"embeddable":true,"href":"https:\/\/algarve7.pt\/index.php\/wp-json\/wp\/v2\/media\/49311"}],"wp:attachment":[{"href":"https:\/\/algarve7.pt\/index.php\/wp-json\/wp\/v2\/media?parent=49310"}],"wp:term":[{"taxonomy":"category","embeddable":true,"href":"https:\/\/algarve7.pt\/index.php\/wp-json\/wp\/v2\/categories?post=49310"},{"taxonomy":"post_tag","embeddable":true,"href":"https:\/\/algarve7.pt\/index.php\/wp-json\/wp\/v2\/tags?post=49310"}],"curies":[{"name":"wp","href":"https:\/\/api.w.org\/{rel}","templated":true}]}}