{"id":49271,"date":"2025-04-09T08:39:00","date_gmt":"2025-04-09T07:39:00","guid":{"rendered":"https:\/\/algarve7.pt\/?p=49271"},"modified":"2025-04-07T18:44:07","modified_gmt":"2025-04-07T17:44:07","slug":"vila-real-de-santo-antonio-acolhe-torneio-fip-silver-e-reforca-estatuto-como-berco-do-padel-em-portugal","status":"publish","type":"post","link":"https:\/\/algarve7.pt\/index.php\/2025\/04\/vila-real-de-santo-antonio-acolhe-torneio-fip-silver-e-reforca-estatuto-como-berco-do-padel-em-portugal\/desporto\/08\/39\/","title":{"rendered":"Vila Real de Santo Ant\u00f3nio acolhe torneio FIP Silver e refor\u00e7a estatuto como ber\u00e7o do padel em Portugal"},"content":{"rendered":"\n<p>De 5 a 11 de maio, Vila Real de Santo Ant\u00f3nio ser\u00e1 o centro das aten\u00e7\u00f5es do circuito internacional de padel ao receber o FIP Silver Vila Real de Santo Ant\u00f3nio, evento integrado no calend\u00e1rio da Federa\u00e7\u00e3o Internacional de Padel (FIP). O torneio \u00e9 organizado pelo Padel Clube de VRSA, com o apoio imprescind\u00edvel do Munic\u00edpio de Vila Real de Santo Ant\u00f3nio.<\/p>\n\n\n\n<p>Reconhecida como o ber\u00e7o do padel em Portugal, a cidade algarvia prepara-se para acolher alguns dos melhores atletas nacionais e internacionais, numa competi\u00e7\u00e3o que promete afirmar ainda mais o Algarve como destino de excel\u00eancia para o desporto.<\/p>\n\n\n\n<p>Segundo Oct\u00e1vio Salvador, presidente do Padel Clube de VRSA, \u201ceste torneio representa muito mais do que competi\u00e7\u00e3o \u2013 \u00e9 o reconhecimento da hist\u00f3ria e da paix\u00e3o que Vila Real de Santo Ant\u00f3nio tem pelo padel. Foi aqui que tudo come\u00e7ou em Portugal, e \u00e9 com enorme orgulho que continuamos a fazer parte do crescimento da modalidade a n\u00edvel global. O FIP Silver ser\u00e1, sem d\u00favida, uma celebra\u00e7\u00e3o do padel, da nossa cidade e da energia dos nossos atletas e adeptos\u201d.<\/p>\n\n\n\n<p>Para \u00c1lvaro Leal, Vereador do Desporto da C\u00e2mara Municipal de Vila Real de Santo Ant\u00f3nio, o apoio a este evento representa um investimento estrat\u00e9gico:<\/p>\n\n\n\n<p>\u201cO apoio da autarquia aos v\u00e1rios eventos desportivos realizados no nosso concelho visa estimular a economia local, promover o concelho como destino tur\u00edstico e dar notoriedade desportiva \u00e0 cidade. Acreditamos que apoiar o Padel Clube de VRSA na organiza\u00e7\u00e3o deste FIP Silver \u00e9 uma decis\u00e3o acertada a todos os n\u00edveis. Esperamos uma semana memor\u00e1vel de padel nacional e internacional, que certamente atrair\u00e1 visitantes e entusiasmar\u00e1 os mais jovens a praticar a modalidade\u201d.<\/p>\n\n\n\n<p>O FIP Silver Vila Real de Santo Ant\u00f3nio ter\u00e1 um prize money de 15.000 euros, cobertura medi\u00e1tica alargada e ter\u00e1 entrada livre. A cidade transformar-se-\u00e1, durante uma semana, num verdadeiro epicentro da modalidade, estando todos os amantes do desporto e visitantes convidados a viverem de perto a emo\u00e7\u00e3o do padel ao mais alto n\u00edvel.<\/p>\n","protected":false},"excerpt":{"rendered":"<p>De 5 a 11 de maio, Vila Real de Santo Ant\u00f3nio ser\u00e1 o centro das aten\u00e7\u00f5es do circuito internacional de<\/p>\n","protected":false},"author":1,"featured_media":49272,"comment_status":"closed","ping_status":"closed","sticky":false,"template":"","format":"standard","meta":{"colormag_page_container_layout":"default_layout","colormag_page_sidebar_layout":"default_layout","_monsterinsights_skip_tracking":false,"_monsterinsights_sitenote_active":false,"_monsterinsights_sitenote_note":"","_monsterinsights_sitenote_category":0,"jetpack_post_was_ever_published":false,"_jetpack_newsletter_access":"","_jetpack_dont_email_post_to_subs":false,"_jetpack_newsletter_tier_id":0,"_jetpack_memberships_contains_paywalled_content":false,"_jetpack_memberships_contains_paid_content":false,"footnotes":"","jetpack_publicize_message":"","jetpack_publicize_feature_enabled":true,"jetpack_social_post_already_shared":true,"jetpack_social_options":{"image_generator_settings":{"template":"highway","default_image_id":0,"font":"","enabled":false},"version":2}},"categories":[15],"tags":[36,40,154,123],"class_list":["post-49271","post","type-post","status-publish","format-standard","has-post-thumbnail","hentry","category-desporto","tag-algarve","tag-desporto","tag-padel","tag-vila-real-de-sto-antonio"],"yoast_head":"<!-- This site is optimized with the Yoast SEO plugin v27.5 - https:\/\/yoast.com\/product\/yoast-seo-wordpress\/ -->\n<title>Vila Real de Santo Ant\u00f3nio acolhe torneio FIP Silver e refor\u00e7a estatuto como ber\u00e7o do padel em Portugal - Algarve 7<\/title>\n<meta name=\"description\" content=\"Vila Real de Santo Ant\u00f3nio acolhe torneio FIP Silver e refor\u00e7a estatuto como ber\u00e7o do padel em Portugal Desporto\" \/>\n<meta name=\"robots\" content=\"index, follow, max-snippet:-1, max-image-preview:large, max-video-preview:-1\" \/>\n<link rel=\"canonical\" href=\"https:\/\/algarve7.pt\/index.php\/2025\/04\/vila-real-de-santo-antonio-acolhe-torneio-fip-silver-e-reforca-estatuto-como-berco-do-padel-em-portugal\/desporto\/08\/39\/\" \/>\n<meta property=\"og:locale\" content=\"pt_PT\" \/>\n<meta property=\"og:type\" content=\"article\" \/>\n<meta property=\"og:title\" content=\"Vila Real de Santo Ant\u00f3nio acolhe torneio FIP Silver e refor\u00e7a estatuto como ber\u00e7o do padel em Portugal - Algarve 7\" \/>\n<meta property=\"og:description\" content=\"Vila Real de Santo Ant\u00f3nio acolhe torneio FIP Silver e refor\u00e7a estatuto como ber\u00e7o do padel em Portugal Desporto\" \/>\n<meta property=\"og:url\" content=\"https:\/\/algarve7.pt\/index.php\/2025\/04\/vila-real-de-santo-antonio-acolhe-torneio-fip-silver-e-reforca-estatuto-como-berco-do-padel-em-portugal\/desporto\/08\/39\/\" \/>\n<meta property=\"og:site_name\" content=\"Algarve 7\" \/>\n<meta property=\"article:publisher\" content=\"https:\/\/www.facebook.com\/algarve7\" \/>\n<meta property=\"article:author\" content=\"https:\/\/www.facebook.com\/algarve7\" \/>\n<meta property=\"article:published_time\" content=\"2025-04-09T07:39:00+00:00\" \/>\n<meta property=\"og:image\" content=\"https:\/\/algarve7.pt\/wp-content\/uploads\/2025\/04\/Captura-de-ecra-2025-04-07-as-18.42.17.png\" \/>\n\t<meta property=\"og:image:width\" content=\"800\" \/>\n\t<meta property=\"og:image:height\" content=\"500\" \/>\n\t<meta property=\"og:image:type\" content=\"image\/png\" \/>\n<meta name=\"author\" content=\"Algarve 7\" \/>\n<meta name=\"twitter:card\" content=\"summary_large_image\" \/>\n<meta name=\"twitter:creator\" content=\"@Algarvesete\" \/>\n<meta name=\"twitter:site\" content=\"@Algarvesete\" \/>\n<meta name=\"twitter:label1\" content=\"Escrito por\" \/>\n\t<meta name=\"twitter:data1\" content=\"Algarve 7\" \/>\n\t<meta name=\"twitter:label2\" content=\"Tempo estimado de leitura\" \/>\n\t<meta name=\"twitter:data2\" content=\"3 minutos\" \/>\n<script type=\"application\/ld+json\" class=\"yoast-schema-graph\">{\"@context\":\"https:\\\/\\\/schema.org\",\"@graph\":[{\"@type\":\"Article\",\"@id\":\"https:\\\/\\\/algarve7.pt\\\/index.php\\\/2025\\\/04\\\/vila-real-de-santo-antonio-acolhe-torneio-fip-silver-e-reforca-estatuto-como-berco-do-padel-em-portugal\\\/desporto\\\/08\\\/39\\\/#article\",\"isPartOf\":{\"@id\":\"https:\\\/\\\/algarve7.pt\\\/index.php\\\/2025\\\/04\\\/vila-real-de-santo-antonio-acolhe-torneio-fip-silver-e-reforca-estatuto-como-berco-do-padel-em-portugal\\\/desporto\\\/08\\\/39\\\/\"},\"author\":{\"name\":\"Algarve 7\",\"@id\":\"https:\\\/\\\/algarve7.pt\\\/#\\\/schema\\\/person\\\/23fa70681308e7b319a3204bcea45e0c\"},\"headline\":\"Vila Real de Santo Ant\u00f3nio acolhe torneio FIP Silver e refor\u00e7a estatuto como ber\u00e7o do padel em Portugal\",\"datePublished\":\"2025-04-09T07:39:00+00:00\",\"mainEntityOfPage\":{\"@id\":\"https:\\\/\\\/algarve7.pt\\\/index.php\\\/2025\\\/04\\\/vila-real-de-santo-antonio-acolhe-torneio-fip-silver-e-reforca-estatuto-como-berco-do-padel-em-portugal\\\/desporto\\\/08\\\/39\\\/\"},\"wordCount\":374,\"publisher\":{\"@id\":\"https:\\\/\\\/algarve7.pt\\\/#organization\"},\"image\":{\"@id\":\"https:\\\/\\\/algarve7.pt\\\/index.php\\\/2025\\\/04\\\/vila-real-de-santo-antonio-acolhe-torneio-fip-silver-e-reforca-estatuto-como-berco-do-padel-em-portugal\\\/desporto\\\/08\\\/39\\\/#primaryimage\"},\"thumbnailUrl\":\"https:\\\/\\\/algarve7.pt\\\/wp-content\\\/uploads\\\/2025\\\/04\\\/Captura-de-ecra-2025-04-07-as-18.42.17.png\",\"keywords\":[\"Algarve\",\"Desporto\",\"Padel\",\"Vila Real de St\u00ba Ant\u00f3nio\"],\"articleSection\":[\"Desporto\"],\"inLanguage\":\"pt-PT\"},{\"@type\":\"WebPage\",\"@id\":\"https:\\\/\\\/algarve7.pt\\\/index.php\\\/2025\\\/04\\\/vila-real-de-santo-antonio-acolhe-torneio-fip-silver-e-reforca-estatuto-como-berco-do-padel-em-portugal\\\/desporto\\\/08\\\/39\\\/\",\"url\":\"https:\\\/\\\/algarve7.pt\\\/index.php\\\/2025\\\/04\\\/vila-real-de-santo-antonio-acolhe-torneio-fip-silver-e-reforca-estatuto-como-berco-do-padel-em-portugal\\\/desporto\\\/08\\\/39\\\/\",\"name\":\"Vila Real de Santo Ant\u00f3nio acolhe torneio FIP Silver e refor\u00e7a estatuto como ber\u00e7o do padel em Portugal - Algarve 7\",\"isPartOf\":{\"@id\":\"https:\\\/\\\/algarve7.pt\\\/#website\"},\"primaryImageOfPage\":{\"@id\":\"https:\\\/\\\/algarve7.pt\\\/index.php\\\/2025\\\/04\\\/vila-real-de-santo-antonio-acolhe-torneio-fip-silver-e-reforca-estatuto-como-berco-do-padel-em-portugal\\\/desporto\\\/08\\\/39\\\/#primaryimage\"},\"image\":{\"@id\":\"https:\\\/\\\/algarve7.pt\\\/index.php\\\/2025\\\/04\\\/vila-real-de-santo-antonio-acolhe-torneio-fip-silver-e-reforca-estatuto-como-berco-do-padel-em-portugal\\\/desporto\\\/08\\\/39\\\/#primaryimage\"},\"thumbnailUrl\":\"https:\\\/\\\/algarve7.pt\\\/wp-content\\\/uploads\\\/2025\\\/04\\\/Captura-de-ecra-2025-04-07-as-18.42.17.png\",\"datePublished\":\"2025-04-09T07:39:00+00:00\",\"description\":\"Vila Real de Santo Ant\u00f3nio acolhe torneio FIP Silver e refor\u00e7a estatuto como ber\u00e7o do padel em Portugal Desporto\",\"breadcrumb\":{\"@id\":\"https:\\\/\\\/algarve7.pt\\\/index.php\\\/2025\\\/04\\\/vila-real-de-santo-antonio-acolhe-torneio-fip-silver-e-reforca-estatuto-como-berco-do-padel-em-portugal\\\/desporto\\\/08\\\/39\\\/#breadcrumb\"},\"inLanguage\":\"pt-PT\",\"potentialAction\":[{\"@type\":\"ReadAction\",\"target\":[\"https:\\\/\\\/algarve7.pt\\\/index.php\\\/2025\\\/04\\\/vila-real-de-santo-antonio-acolhe-torneio-fip-silver-e-reforca-estatuto-como-berco-do-padel-em-portugal\\\/desporto\\\/08\\\/39\\\/\"]}]},{\"@type\":\"ImageObject\",\"inLanguage\":\"pt-PT\",\"@id\":\"https:\\\/\\\/algarve7.pt\\\/index.php\\\/2025\\\/04\\\/vila-real-de-santo-antonio-acolhe-torneio-fip-silver-e-reforca-estatuto-como-berco-do-padel-em-portugal\\\/desporto\\\/08\\\/39\\\/#primaryimage\",\"url\":\"https:\\\/\\\/algarve7.pt\\\/wp-content\\\/uploads\\\/2025\\\/04\\\/Captura-de-ecra-2025-04-07-as-18.42.17.png\",\"contentUrl\":\"https:\\\/\\\/algarve7.pt\\\/wp-content\\\/uploads\\\/2025\\\/04\\\/Captura-de-ecra-2025-04-07-as-18.42.17.png\",\"width\":800,\"height\":500},{\"@type\":\"BreadcrumbList\",\"@id\":\"https:\\\/\\\/algarve7.pt\\\/index.php\\\/2025\\\/04\\\/vila-real-de-santo-antonio-acolhe-torneio-fip-silver-e-reforca-estatuto-como-berco-do-padel-em-portugal\\\/desporto\\\/08\\\/39\\\/#breadcrumb\",\"itemListElement\":[{\"@type\":\"ListItem\",\"position\":1,\"name\":\"In\u00edcio\",\"item\":\"https:\\\/\\\/algarve7.pt\\\/\"},{\"@type\":\"ListItem\",\"position\":2,\"name\":\"Vila Real de Santo Ant\u00f3nio acolhe torneio FIP Silver e refor\u00e7a estatuto como ber\u00e7o do padel em Portugal\"}]},{\"@type\":\"WebSite\",\"@id\":\"https:\\\/\\\/algarve7.pt\\\/#website\",\"url\":\"https:\\\/\\\/algarve7.pt\\\/\",\"name\":\"Algarve 7\",\"description\":\"Informa\u00e7\u00e3o sobre o Algarve\",\"publisher\":{\"@id\":\"https:\\\/\\\/algarve7.pt\\\/#organization\"},\"potentialAction\":[{\"@type\":\"SearchAction\",\"target\":{\"@type\":\"EntryPoint\",\"urlTemplate\":\"https:\\\/\\\/algarve7.pt\\\/?s={search_term_string}\"},\"query-input\":{\"@type\":\"PropertyValueSpecification\",\"valueRequired\":true,\"valueName\":\"search_term_string\"}}],\"inLanguage\":\"pt-PT\"},{\"@type\":\"Organization\",\"@id\":\"https:\\\/\\\/algarve7.pt\\\/#organization\",\"name\":\"Algarve 7\",\"url\":\"https:\\\/\\\/algarve7.pt\\\/\",\"logo\":{\"@type\":\"ImageObject\",\"inLanguage\":\"pt-PT\",\"@id\":\"https:\\\/\\\/algarve7.pt\\\/#\\\/schema\\\/logo\\\/image\\\/\",\"url\":\"https:\\\/\\\/algarve7.pt\\\/wp-content\\\/uploads\\\/2020\\\/10\\\/Logo-8.jpg\",\"contentUrl\":\"https:\\\/\\\/algarve7.pt\\\/wp-content\\\/uploads\\\/2020\\\/10\\\/Logo-8.jpg\",\"width\":1680,\"height\":1186,\"caption\":\"Algarve 7\"},\"image\":{\"@id\":\"https:\\\/\\\/algarve7.pt\\\/#\\\/schema\\\/logo\\\/image\\\/\"},\"sameAs\":[\"https:\\\/\\\/www.facebook.com\\\/algarve7\",\"https:\\\/\\\/x.com\\\/Algarvesete\",\"https:\\\/\\\/www.instagram.com\\\/jornalalgarve7\\\/\",\"https:\\\/\\\/www.linkedin.com\\\/company\\\/algarve7\",\"https:\\\/\\\/www.pinterest.pt\\\/geral0939\\\/_created\\\/\"]},{\"@type\":\"Person\",\"@id\":\"https:\\\/\\\/algarve7.pt\\\/#\\\/schema\\\/person\\\/23fa70681308e7b319a3204bcea45e0c\",\"name\":\"Algarve 7\",\"sameAs\":[\"https:\\\/\\\/algarve7.pt\",\"https:\\\/\\\/www.facebook.com\\\/algarve7\"],\"url\":\"https:\\\/\\\/algarve7.pt\\\/index.php\\\/author\\\/geralalgarve7-pt\\\/\"}]}<\/script>\n<!-- \/ Yoast SEO plugin. -->","yoast_head_json":{"title":"Vila Real de Santo Ant\u00f3nio acolhe torneio FIP Silver e refor\u00e7a estatuto como ber\u00e7o do padel em Portugal - Algarve 7","description":"Vila Real de Santo Ant\u00f3nio acolhe torneio FIP Silver e refor\u00e7a estatuto como ber\u00e7o do padel em Portugal Desporto","robots":{"index":"index","follow":"follow","max-snippet":"max-snippet:-1","max-image-preview":"max-image-preview:large","max-video-preview":"max-video-preview:-1"},"canonical":"https:\/\/algarve7.pt\/index.php\/2025\/04\/vila-real-de-santo-antonio-acolhe-torneio-fip-silver-e-reforca-estatuto-como-berco-do-padel-em-portugal\/desporto\/08\/39\/","og_locale":"pt_PT","og_type":"article","og_title":"Vila Real de Santo Ant\u00f3nio acolhe torneio FIP Silver e refor\u00e7a estatuto como ber\u00e7o do padel em Portugal - Algarve 7","og_description":"Vila Real de Santo Ant\u00f3nio acolhe torneio FIP Silver e refor\u00e7a estatuto como ber\u00e7o do padel em Portugal Desporto","og_url":"https:\/\/algarve7.pt\/index.php\/2025\/04\/vila-real-de-santo-antonio-acolhe-torneio-fip-silver-e-reforca-estatuto-como-berco-do-padel-em-portugal\/desporto\/08\/39\/","og_site_name":"Algarve 7","article_publisher":"https:\/\/www.facebook.com\/algarve7","article_author":"https:\/\/www.facebook.com\/algarve7","article_published_time":"2025-04-09T07:39:00+00:00","og_image":[{"width":800,"height":500,"url":"https:\/\/algarve7.pt\/wp-content\/uploads\/2025\/04\/Captura-de-ecra-2025-04-07-as-18.42.17.png","type":"image\/png"}],"author":"Algarve 7","twitter_card":"summary_large_image","twitter_creator":"@Algarvesete","twitter_site":"@Algarvesete","twitter_misc":{"Escrito por":"Algarve 7","Tempo estimado de leitura":"3 minutos"},"schema":{"@context":"https:\/\/schema.org","@graph":[{"@type":"Article","@id":"https:\/\/algarve7.pt\/index.php\/2025\/04\/vila-real-de-santo-antonio-acolhe-torneio-fip-silver-e-reforca-estatuto-como-berco-do-padel-em-portugal\/desporto\/08\/39\/#article","isPartOf":{"@id":"https:\/\/algarve7.pt\/index.php\/2025\/04\/vila-real-de-santo-antonio-acolhe-torneio-fip-silver-e-reforca-estatuto-como-berco-do-padel-em-portugal\/desporto\/08\/39\/"},"author":{"name":"Algarve 7","@id":"https:\/\/algarve7.pt\/#\/schema\/person\/23fa70681308e7b319a3204bcea45e0c"},"headline":"Vila Real de Santo Ant\u00f3nio acolhe torneio FIP Silver e refor\u00e7a estatuto como ber\u00e7o do padel em Portugal","datePublished":"2025-04-09T07:39:00+00:00","mainEntityOfPage":{"@id":"https:\/\/algarve7.pt\/index.php\/2025\/04\/vila-real-de-santo-antonio-acolhe-torneio-fip-silver-e-reforca-estatuto-como-berco-do-padel-em-portugal\/desporto\/08\/39\/"},"wordCount":374,"publisher":{"@id":"https:\/\/algarve7.pt\/#organization"},"image":{"@id":"https:\/\/algarve7.pt\/index.php\/2025\/04\/vila-real-de-santo-antonio-acolhe-torneio-fip-silver-e-reforca-estatuto-como-berco-do-padel-em-portugal\/desporto\/08\/39\/#primaryimage"},"thumbnailUrl":"https:\/\/algarve7.pt\/wp-content\/uploads\/2025\/04\/Captura-de-ecra-2025-04-07-as-18.42.17.png","keywords":["Algarve","Desporto","Padel","Vila Real de St\u00ba Ant\u00f3nio"],"articleSection":["Desporto"],"inLanguage":"pt-PT"},{"@type":"WebPage","@id":"https:\/\/algarve7.pt\/index.php\/2025\/04\/vila-real-de-santo-antonio-acolhe-torneio-fip-silver-e-reforca-estatuto-como-berco-do-padel-em-portugal\/desporto\/08\/39\/","url":"https:\/\/algarve7.pt\/index.php\/2025\/04\/vila-real-de-santo-antonio-acolhe-torneio-fip-silver-e-reforca-estatuto-como-berco-do-padel-em-portugal\/desporto\/08\/39\/","name":"Vila Real de Santo Ant\u00f3nio acolhe torneio FIP Silver e refor\u00e7a estatuto como ber\u00e7o do padel em Portugal - Algarve 7","isPartOf":{"@id":"https:\/\/algarve7.pt\/#website"},"primaryImageOfPage":{"@id":"https:\/\/algarve7.pt\/index.php\/2025\/04\/vila-real-de-santo-antonio-acolhe-torneio-fip-silver-e-reforca-estatuto-como-berco-do-padel-em-portugal\/desporto\/08\/39\/#primaryimage"},"image":{"@id":"https:\/\/algarve7.pt\/index.php\/2025\/04\/vila-real-de-santo-antonio-acolhe-torneio-fip-silver-e-reforca-estatuto-como-berco-do-padel-em-portugal\/desporto\/08\/39\/#primaryimage"},"thumbnailUrl":"https:\/\/algarve7.pt\/wp-content\/uploads\/2025\/04\/Captura-de-ecra-2025-04-07-as-18.42.17.png","datePublished":"2025-04-09T07:39:00+00:00","description":"Vila Real de Santo Ant\u00f3nio acolhe torneio FIP Silver e refor\u00e7a estatuto como ber\u00e7o do padel em Portugal Desporto","breadcrumb":{"@id":"https:\/\/algarve7.pt\/index.php\/2025\/04\/vila-real-de-santo-antonio-acolhe-torneio-fip-silver-e-reforca-estatuto-como-berco-do-padel-em-portugal\/desporto\/08\/39\/#breadcrumb"},"inLanguage":"pt-PT","potentialAction":[{"@type":"ReadAction","target":["https:\/\/algarve7.pt\/index.php\/2025\/04\/vila-real-de-santo-antonio-acolhe-torneio-fip-silver-e-reforca-estatuto-como-berco-do-padel-em-portugal\/desporto\/08\/39\/"]}]},{"@type":"ImageObject","inLanguage":"pt-PT","@id":"https:\/\/algarve7.pt\/index.php\/2025\/04\/vila-real-de-santo-antonio-acolhe-torneio-fip-silver-e-reforca-estatuto-como-berco-do-padel-em-portugal\/desporto\/08\/39\/#primaryimage","url":"https:\/\/algarve7.pt\/wp-content\/uploads\/2025\/04\/Captura-de-ecra-2025-04-07-as-18.42.17.png","contentUrl":"https:\/\/algarve7.pt\/wp-content\/uploads\/2025\/04\/Captura-de-ecra-2025-04-07-as-18.42.17.png","width":800,"height":500},{"@type":"BreadcrumbList","@id":"https:\/\/algarve7.pt\/index.php\/2025\/04\/vila-real-de-santo-antonio-acolhe-torneio-fip-silver-e-reforca-estatuto-como-berco-do-padel-em-portugal\/desporto\/08\/39\/#breadcrumb","itemListElement":[{"@type":"ListItem","position":1,"name":"In\u00edcio","item":"https:\/\/algarve7.pt\/"},{"@type":"ListItem","position":2,"name":"Vila Real de Santo Ant\u00f3nio acolhe torneio FIP Silver e refor\u00e7a estatuto como ber\u00e7o do padel em Portugal"}]},{"@type":"WebSite","@id":"https:\/\/algarve7.pt\/#website","url":"https:\/\/algarve7.pt\/","name":"Algarve 7","description":"Informa\u00e7\u00e3o sobre o Algarve","publisher":{"@id":"https:\/\/algarve7.pt\/#organization"},"potentialAction":[{"@type":"SearchAction","target":{"@type":"EntryPoint","urlTemplate":"https:\/\/algarve7.pt\/?s={search_term_string}"},"query-input":{"@type":"PropertyValueSpecification","valueRequired":true,"valueName":"search_term_string"}}],"inLanguage":"pt-PT"},{"@type":"Organization","@id":"https:\/\/algarve7.pt\/#organization","name":"Algarve 7","url":"https:\/\/algarve7.pt\/","logo":{"@type":"ImageObject","inLanguage":"pt-PT","@id":"https:\/\/algarve7.pt\/#\/schema\/logo\/image\/","url":"https:\/\/algarve7.pt\/wp-content\/uploads\/2020\/10\/Logo-8.jpg","contentUrl":"https:\/\/algarve7.pt\/wp-content\/uploads\/2020\/10\/Logo-8.jpg","width":1680,"height":1186,"caption":"Algarve 7"},"image":{"@id":"https:\/\/algarve7.pt\/#\/schema\/logo\/image\/"},"sameAs":["https:\/\/www.facebook.com\/algarve7","https:\/\/x.com\/Algarvesete","https:\/\/www.instagram.com\/jornalalgarve7\/","https:\/\/www.linkedin.com\/company\/algarve7","https:\/\/www.pinterest.pt\/geral0939\/_created\/"]},{"@type":"Person","@id":"https:\/\/algarve7.pt\/#\/schema\/person\/23fa70681308e7b319a3204bcea45e0c","name":"Algarve 7","sameAs":["https:\/\/algarve7.pt","https:\/\/www.facebook.com\/algarve7"],"url":"https:\/\/algarve7.pt\/index.php\/author\/geralalgarve7-pt\/"}]}},"jetpack_publicize_connections":[],"jetpack_featured_media_url":"https:\/\/algarve7.pt\/wp-content\/uploads\/2025\/04\/Captura-de-ecra-2025-04-07-as-18.42.17.png","jetpack_shortlink":"https:\/\/wp.me\/pcezmW-cOH","jetpack_sharing_enabled":true,"_links":{"self":[{"href":"https:\/\/algarve7.pt\/index.php\/wp-json\/wp\/v2\/posts\/49271","targetHints":{"allow":["GET"]}}],"collection":[{"href":"https:\/\/algarve7.pt\/index.php\/wp-json\/wp\/v2\/posts"}],"about":[{"href":"https:\/\/algarve7.pt\/index.php\/wp-json\/wp\/v2\/types\/post"}],"author":[{"embeddable":true,"href":"https:\/\/algarve7.pt\/index.php\/wp-json\/wp\/v2\/users\/1"}],"replies":[{"embeddable":true,"href":"https:\/\/algarve7.pt\/index.php\/wp-json\/wp\/v2\/comments?post=49271"}],"version-history":[{"count":0,"href":"https:\/\/algarve7.pt\/index.php\/wp-json\/wp\/v2\/posts\/49271\/revisions"}],"wp:featuredmedia":[{"embeddable":true,"href":"https:\/\/algarve7.pt\/index.php\/wp-json\/wp\/v2\/media\/49272"}],"wp:attachment":[{"href":"https:\/\/algarve7.pt\/index.php\/wp-json\/wp\/v2\/media?parent=49271"}],"wp:term":[{"taxonomy":"category","embeddable":true,"href":"https:\/\/algarve7.pt\/index.php\/wp-json\/wp\/v2\/categories?post=49271"},{"taxonomy":"post_tag","embeddable":true,"href":"https:\/\/algarve7.pt\/index.php\/wp-json\/wp\/v2\/tags?post=49271"}],"curies":[{"name":"wp","href":"https:\/\/api.w.org\/{rel}","templated":true}]}}