{"id":49248,"date":"2025-04-07T16:41:11","date_gmt":"2025-04-07T15:41:11","guid":{"rendered":"https:\/\/algarve7.pt\/?p=49248"},"modified":"2025-04-07T16:41:12","modified_gmt":"2025-04-07T15:41:12","slug":"programa-regional-algarve-2030-participa-no-17o-congresso-da-agua-em-lagos","status":"publish","type":"post","link":"https:\/\/algarve7.pt\/index.php\/2025\/04\/programa-regional-algarve-2030-participa-no-17o-congresso-da-agua-em-lagos\/ambiente\/16\/41\/","title":{"rendered":"Programa regional Algarve 2030 participa no 17\u00ba congresso da \u00e1gua em Lagos"},"content":{"rendered":"\n<p>A&nbsp;<strong>Associa\u00e7\u00e3o Portuguesa dos Recursos H\u00eddricos<\/strong>&nbsp;(APRH) realiza o seu&nbsp;<strong>17\u00ba Congresso da \u00c1gua,&nbsp;<\/strong>entre os dias&nbsp;<strong>8 a 11 de abril de 2025<\/strong>, no Hotel Vila Gal\u00e9, em Lagos. Sob o mote &#8220;<strong>A\u00e7\u00e3o&nbsp;Rumo \u00e0&nbsp;Sustentabilidade&#8221;<\/strong>, a APRH, convida profissionais do setor e estudantes a discutir desafios, solu\u00e7\u00f5es e o futuro da gest\u00e3o da \u00e1gua. A sess\u00e3o de abertura do congresso conta com a presen\u00e7a do Presidente da CCDR Algarve IP e Presidente do Conselho Diretivo do Programa Regional ALGARVE 2030, Jos\u00e9 Apolin\u00e1rio.<\/p>\n\n\n\n<p>O Congresso da \u00c1gua \u00e9 o maior e mais emblem\u00e1tico evento nacional sobre Recursos H\u00eddricos, que re\u00fane h\u00e1 d\u00e9cadas profissionais de diversas forma\u00e7\u00f5es e campos de atividade. Ser\u00e1 um espa\u00e7o privilegiado de divulga\u00e7\u00e3o de trabalhos t\u00e9cnico-cient\u00edficos desenvolvidos e em desenvolvimento.<\/p>\n\n\n\n<p><strong>O Programa Regional ALGARVE 2030, no \u00e2mbito da sua miss\u00e3o, associa-se a esta iniciativa com o objetivo de apoiar, contribuir e refor\u00e7ar a visibilidade desta a\u00e7\u00e3o, com a integra\u00e7\u00e3o de um tema de sess\u00e3o, dedicado \u00e0 apresenta\u00e7\u00e3o do Instrumento Territorial Integrado (ITI) \u00c1gua e Ecossistemas de Paisagem \u2013 Algarve e Alentejo, divulgando as oportunidades de financiamento no \u00e2mbito do Programa Regional articulados com esta tem\u00e1tica da \u00c1gua.&nbsp;<\/strong>Esta apresenta\u00e7\u00e3o ter\u00e1 lugar no painel do dia 8 de abril, pelas 10h00, e ser\u00e1 realizada pelo Vogal Executivo do PR ALGARVE 2030, Aquiles Marreiros, e pela Diretora da Unidade de Planeamento e Desenvolvimento Regional da CCDR Algarve IP, Maria de Lurdes Carvalho.<\/p>\n\n\n\n<p>A participa\u00e7\u00e3o do Programa Regional ALGARVE 2030 e da Comiss\u00e3o de Coordena\u00e7\u00e3o e Desenvolvimento Regional do Algarve, no&nbsp;<strong>17\u00ba Congresso da \u00c1gua<\/strong>, ser\u00e1 um importante contributo de colabora\u00e7\u00e3o enquanto entidade que representa a regi\u00e3o, refor\u00e7ando o compromisso e dedica\u00e7\u00e3o para com as quest\u00f5es ambientais e a sustentabilidade dos recursos h\u00eddricos.&nbsp;<\/p>\n\n\n\n<p>Para consulta do programa detalhado, livro de resumo e mais informa\u00e7\u00f5es consulte:\u00a0<a href=\"https:\/\/aprh.pt\/pt\/eventos\/organizados-pela-aprh\/proximos\/17o-congresso-da-agua\/\" target=\"_blank\" rel=\"noreferrer noopener\">https:\/\/aprh.pt\/pt\/eventos\/organizados-pela-aprh\/proximos\/17o-congresso-da-agua\/<\/a><\/p>\n","protected":false},"excerpt":{"rendered":"<p>A&nbsp;Associa\u00e7\u00e3o Portuguesa dos Recursos H\u00eddricos&nbsp;(APRH) realiza o seu&nbsp;17\u00ba Congresso da \u00c1gua,&nbsp;entre os dias&nbsp;8 a 11 de abril de 2025, no<\/p>\n","protected":false},"author":1,"featured_media":49249,"comment_status":"closed","ping_status":"closed","sticky":false,"template":"","format":"standard","meta":{"colormag_page_container_layout":"default_layout","colormag_page_sidebar_layout":"default_layout","_monsterinsights_skip_tracking":false,"_monsterinsights_sitenote_active":false,"_monsterinsights_sitenote_note":"","_monsterinsights_sitenote_category":0,"jetpack_post_was_ever_published":false,"_jetpack_newsletter_access":"","_jetpack_dont_email_post_to_subs":false,"_jetpack_newsletter_tier_id":0,"_jetpack_memberships_contains_paywalled_content":false,"_jetpack_memberships_contains_paid_content":false,"footnotes":"","jetpack_publicize_message":"","jetpack_publicize_feature_enabled":true,"jetpack_social_post_already_shared":true,"jetpack_social_options":{"image_generator_settings":{"template":"highway","default_image_id":0,"font":"","enabled":false},"version":2}},"categories":[5],"tags":[36,32,68],"class_list":["post-49248","post","type-post","status-publish","format-standard","has-post-thumbnail","hentry","category-ambiente","tag-algarve","tag-ambiente","tag-lagos"],"yoast_head":"<!-- This site is optimized with the Yoast SEO plugin v27.5 - https:\/\/yoast.com\/product\/yoast-seo-wordpress\/ -->\n<title>Programa regional Algarve 2030 participa no 17\u00ba congresso da \u00e1gua em Lagos - Algarve 7<\/title>\n<meta name=\"description\" content=\"Programa regional Algarve 2030 participa no 17\u00ba congresso da \u00e1gua em Lagos Ambiente\" \/>\n<meta name=\"robots\" content=\"index, follow, max-snippet:-1, max-image-preview:large, max-video-preview:-1\" \/>\n<link rel=\"canonical\" href=\"https:\/\/algarve7.pt\/index.php\/2025\/04\/programa-regional-algarve-2030-participa-no-17o-congresso-da-agua-em-lagos\/ambiente\/16\/41\/\" \/>\n<meta property=\"og:locale\" content=\"pt_PT\" \/>\n<meta property=\"og:type\" content=\"article\" \/>\n<meta property=\"og:title\" content=\"Programa regional Algarve 2030 participa no 17\u00ba congresso da \u00e1gua em Lagos - Algarve 7\" \/>\n<meta property=\"og:description\" content=\"Programa regional Algarve 2030 participa no 17\u00ba congresso da \u00e1gua em Lagos Ambiente\" \/>\n<meta property=\"og:url\" content=\"https:\/\/algarve7.pt\/index.php\/2025\/04\/programa-regional-algarve-2030-participa-no-17o-congresso-da-agua-em-lagos\/ambiente\/16\/41\/\" \/>\n<meta property=\"og:site_name\" content=\"Algarve 7\" \/>\n<meta property=\"article:publisher\" content=\"https:\/\/www.facebook.com\/algarve7\" \/>\n<meta property=\"article:author\" content=\"https:\/\/www.facebook.com\/algarve7\" \/>\n<meta property=\"article:published_time\" content=\"2025-04-07T15:41:11+00:00\" \/>\n<meta property=\"article:modified_time\" content=\"2025-04-07T15:41:12+00:00\" \/>\n<meta property=\"og:image\" content=\"https:\/\/algarve7.pt\/wp-content\/uploads\/2025\/04\/17_CongressoAgua_PRALGARVE2030.jpg\" \/>\n\t<meta property=\"og:image:width\" content=\"800\" \/>\n\t<meta property=\"og:image:height\" content=\"500\" \/>\n\t<meta property=\"og:image:type\" content=\"image\/jpeg\" \/>\n<meta name=\"author\" content=\"Algarve 7\" \/>\n<meta name=\"twitter:card\" content=\"summary_large_image\" \/>\n<meta name=\"twitter:creator\" content=\"@Algarvesete\" \/>\n<meta name=\"twitter:site\" content=\"@Algarvesete\" \/>\n<meta name=\"twitter:label1\" content=\"Escrito por\" \/>\n\t<meta name=\"twitter:data1\" content=\"Algarve 7\" \/>\n\t<meta name=\"twitter:label2\" content=\"Tempo estimado de leitura\" \/>\n\t<meta name=\"twitter:data2\" content=\"2 minutos\" \/>\n<script type=\"application\/ld+json\" class=\"yoast-schema-graph\">{\"@context\":\"https:\\\/\\\/schema.org\",\"@graph\":[{\"@type\":\"Article\",\"@id\":\"https:\\\/\\\/algarve7.pt\\\/index.php\\\/2025\\\/04\\\/programa-regional-algarve-2030-participa-no-17o-congresso-da-agua-em-lagos\\\/ambiente\\\/16\\\/41\\\/#article\",\"isPartOf\":{\"@id\":\"https:\\\/\\\/algarve7.pt\\\/index.php\\\/2025\\\/04\\\/programa-regional-algarve-2030-participa-no-17o-congresso-da-agua-em-lagos\\\/ambiente\\\/16\\\/41\\\/\"},\"author\":{\"name\":\"Algarve 7\",\"@id\":\"https:\\\/\\\/algarve7.pt\\\/#\\\/schema\\\/person\\\/23fa70681308e7b319a3204bcea45e0c\"},\"headline\":\"Programa regional Algarve 2030 participa no 17\u00ba congresso da \u00e1gua em Lagos\",\"datePublished\":\"2025-04-07T15:41:11+00:00\",\"dateModified\":\"2025-04-07T15:41:12+00:00\",\"mainEntityOfPage\":{\"@id\":\"https:\\\/\\\/algarve7.pt\\\/index.php\\\/2025\\\/04\\\/programa-regional-algarve-2030-participa-no-17o-congresso-da-agua-em-lagos\\\/ambiente\\\/16\\\/41\\\/\"},\"wordCount\":345,\"publisher\":{\"@id\":\"https:\\\/\\\/algarve7.pt\\\/#organization\"},\"image\":{\"@id\":\"https:\\\/\\\/algarve7.pt\\\/index.php\\\/2025\\\/04\\\/programa-regional-algarve-2030-participa-no-17o-congresso-da-agua-em-lagos\\\/ambiente\\\/16\\\/41\\\/#primaryimage\"},\"thumbnailUrl\":\"https:\\\/\\\/algarve7.pt\\\/wp-content\\\/uploads\\\/2025\\\/04\\\/17_CongressoAgua_PRALGARVE2030.jpg\",\"keywords\":[\"Algarve\",\"Ambiente\",\"Lagos\"],\"articleSection\":[\"Ambiente\"],\"inLanguage\":\"pt-PT\"},{\"@type\":\"WebPage\",\"@id\":\"https:\\\/\\\/algarve7.pt\\\/index.php\\\/2025\\\/04\\\/programa-regional-algarve-2030-participa-no-17o-congresso-da-agua-em-lagos\\\/ambiente\\\/16\\\/41\\\/\",\"url\":\"https:\\\/\\\/algarve7.pt\\\/index.php\\\/2025\\\/04\\\/programa-regional-algarve-2030-participa-no-17o-congresso-da-agua-em-lagos\\\/ambiente\\\/16\\\/41\\\/\",\"name\":\"Programa regional Algarve 2030 participa no 17\u00ba congresso da \u00e1gua em Lagos - Algarve 7\",\"isPartOf\":{\"@id\":\"https:\\\/\\\/algarve7.pt\\\/#website\"},\"primaryImageOfPage\":{\"@id\":\"https:\\\/\\\/algarve7.pt\\\/index.php\\\/2025\\\/04\\\/programa-regional-algarve-2030-participa-no-17o-congresso-da-agua-em-lagos\\\/ambiente\\\/16\\\/41\\\/#primaryimage\"},\"image\":{\"@id\":\"https:\\\/\\\/algarve7.pt\\\/index.php\\\/2025\\\/04\\\/programa-regional-algarve-2030-participa-no-17o-congresso-da-agua-em-lagos\\\/ambiente\\\/16\\\/41\\\/#primaryimage\"},\"thumbnailUrl\":\"https:\\\/\\\/algarve7.pt\\\/wp-content\\\/uploads\\\/2025\\\/04\\\/17_CongressoAgua_PRALGARVE2030.jpg\",\"datePublished\":\"2025-04-07T15:41:11+00:00\",\"dateModified\":\"2025-04-07T15:41:12+00:00\",\"description\":\"Programa regional Algarve 2030 participa no 17\u00ba congresso da \u00e1gua em Lagos Ambiente\",\"breadcrumb\":{\"@id\":\"https:\\\/\\\/algarve7.pt\\\/index.php\\\/2025\\\/04\\\/programa-regional-algarve-2030-participa-no-17o-congresso-da-agua-em-lagos\\\/ambiente\\\/16\\\/41\\\/#breadcrumb\"},\"inLanguage\":\"pt-PT\",\"potentialAction\":[{\"@type\":\"ReadAction\",\"target\":[\"https:\\\/\\\/algarve7.pt\\\/index.php\\\/2025\\\/04\\\/programa-regional-algarve-2030-participa-no-17o-congresso-da-agua-em-lagos\\\/ambiente\\\/16\\\/41\\\/\"]}]},{\"@type\":\"ImageObject\",\"inLanguage\":\"pt-PT\",\"@id\":\"https:\\\/\\\/algarve7.pt\\\/index.php\\\/2025\\\/04\\\/programa-regional-algarve-2030-participa-no-17o-congresso-da-agua-em-lagos\\\/ambiente\\\/16\\\/41\\\/#primaryimage\",\"url\":\"https:\\\/\\\/algarve7.pt\\\/wp-content\\\/uploads\\\/2025\\\/04\\\/17_CongressoAgua_PRALGARVE2030.jpg\",\"contentUrl\":\"https:\\\/\\\/algarve7.pt\\\/wp-content\\\/uploads\\\/2025\\\/04\\\/17_CongressoAgua_PRALGARVE2030.jpg\",\"width\":800,\"height\":500},{\"@type\":\"BreadcrumbList\",\"@id\":\"https:\\\/\\\/algarve7.pt\\\/index.php\\\/2025\\\/04\\\/programa-regional-algarve-2030-participa-no-17o-congresso-da-agua-em-lagos\\\/ambiente\\\/16\\\/41\\\/#breadcrumb\",\"itemListElement\":[{\"@type\":\"ListItem\",\"position\":1,\"name\":\"In\u00edcio\",\"item\":\"https:\\\/\\\/algarve7.pt\\\/\"},{\"@type\":\"ListItem\",\"position\":2,\"name\":\"Programa regional Algarve 2030 participa no 17\u00ba congresso da \u00e1gua em Lagos\"}]},{\"@type\":\"WebSite\",\"@id\":\"https:\\\/\\\/algarve7.pt\\\/#website\",\"url\":\"https:\\\/\\\/algarve7.pt\\\/\",\"name\":\"Algarve 7\",\"description\":\"Informa\u00e7\u00e3o sobre o Algarve\",\"publisher\":{\"@id\":\"https:\\\/\\\/algarve7.pt\\\/#organization\"},\"potentialAction\":[{\"@type\":\"SearchAction\",\"target\":{\"@type\":\"EntryPoint\",\"urlTemplate\":\"https:\\\/\\\/algarve7.pt\\\/?s={search_term_string}\"},\"query-input\":{\"@type\":\"PropertyValueSpecification\",\"valueRequired\":true,\"valueName\":\"search_term_string\"}}],\"inLanguage\":\"pt-PT\"},{\"@type\":\"Organization\",\"@id\":\"https:\\\/\\\/algarve7.pt\\\/#organization\",\"name\":\"Algarve 7\",\"url\":\"https:\\\/\\\/algarve7.pt\\\/\",\"logo\":{\"@type\":\"ImageObject\",\"inLanguage\":\"pt-PT\",\"@id\":\"https:\\\/\\\/algarve7.pt\\\/#\\\/schema\\\/logo\\\/image\\\/\",\"url\":\"https:\\\/\\\/algarve7.pt\\\/wp-content\\\/uploads\\\/2020\\\/10\\\/Logo-8.jpg\",\"contentUrl\":\"https:\\\/\\\/algarve7.pt\\\/wp-content\\\/uploads\\\/2020\\\/10\\\/Logo-8.jpg\",\"width\":1680,\"height\":1186,\"caption\":\"Algarve 7\"},\"image\":{\"@id\":\"https:\\\/\\\/algarve7.pt\\\/#\\\/schema\\\/logo\\\/image\\\/\"},\"sameAs\":[\"https:\\\/\\\/www.facebook.com\\\/algarve7\",\"https:\\\/\\\/x.com\\\/Algarvesete\",\"https:\\\/\\\/www.instagram.com\\\/jornalalgarve7\\\/\",\"https:\\\/\\\/www.linkedin.com\\\/company\\\/algarve7\",\"https:\\\/\\\/www.pinterest.pt\\\/geral0939\\\/_created\\\/\"]},{\"@type\":\"Person\",\"@id\":\"https:\\\/\\\/algarve7.pt\\\/#\\\/schema\\\/person\\\/23fa70681308e7b319a3204bcea45e0c\",\"name\":\"Algarve 7\",\"sameAs\":[\"https:\\\/\\\/algarve7.pt\",\"https:\\\/\\\/www.facebook.com\\\/algarve7\"],\"url\":\"https:\\\/\\\/algarve7.pt\\\/index.php\\\/author\\\/geralalgarve7-pt\\\/\"}]}<\/script>\n<!-- \/ Yoast SEO plugin. -->","yoast_head_json":{"title":"Programa regional Algarve 2030 participa no 17\u00ba congresso da \u00e1gua em Lagos - Algarve 7","description":"Programa regional Algarve 2030 participa no 17\u00ba congresso da \u00e1gua em Lagos Ambiente","robots":{"index":"index","follow":"follow","max-snippet":"max-snippet:-1","max-image-preview":"max-image-preview:large","max-video-preview":"max-video-preview:-1"},"canonical":"https:\/\/algarve7.pt\/index.php\/2025\/04\/programa-regional-algarve-2030-participa-no-17o-congresso-da-agua-em-lagos\/ambiente\/16\/41\/","og_locale":"pt_PT","og_type":"article","og_title":"Programa regional Algarve 2030 participa no 17\u00ba congresso da \u00e1gua em Lagos - Algarve 7","og_description":"Programa regional Algarve 2030 participa no 17\u00ba congresso da \u00e1gua em Lagos Ambiente","og_url":"https:\/\/algarve7.pt\/index.php\/2025\/04\/programa-regional-algarve-2030-participa-no-17o-congresso-da-agua-em-lagos\/ambiente\/16\/41\/","og_site_name":"Algarve 7","article_publisher":"https:\/\/www.facebook.com\/algarve7","article_author":"https:\/\/www.facebook.com\/algarve7","article_published_time":"2025-04-07T15:41:11+00:00","article_modified_time":"2025-04-07T15:41:12+00:00","og_image":[{"width":800,"height":500,"url":"https:\/\/algarve7.pt\/wp-content\/uploads\/2025\/04\/17_CongressoAgua_PRALGARVE2030.jpg","type":"image\/jpeg"}],"author":"Algarve 7","twitter_card":"summary_large_image","twitter_creator":"@Algarvesete","twitter_site":"@Algarvesete","twitter_misc":{"Escrito por":"Algarve 7","Tempo estimado de leitura":"2 minutos"},"schema":{"@context":"https:\/\/schema.org","@graph":[{"@type":"Article","@id":"https:\/\/algarve7.pt\/index.php\/2025\/04\/programa-regional-algarve-2030-participa-no-17o-congresso-da-agua-em-lagos\/ambiente\/16\/41\/#article","isPartOf":{"@id":"https:\/\/algarve7.pt\/index.php\/2025\/04\/programa-regional-algarve-2030-participa-no-17o-congresso-da-agua-em-lagos\/ambiente\/16\/41\/"},"author":{"name":"Algarve 7","@id":"https:\/\/algarve7.pt\/#\/schema\/person\/23fa70681308e7b319a3204bcea45e0c"},"headline":"Programa regional Algarve 2030 participa no 17\u00ba congresso da \u00e1gua em Lagos","datePublished":"2025-04-07T15:41:11+00:00","dateModified":"2025-04-07T15:41:12+00:00","mainEntityOfPage":{"@id":"https:\/\/algarve7.pt\/index.php\/2025\/04\/programa-regional-algarve-2030-participa-no-17o-congresso-da-agua-em-lagos\/ambiente\/16\/41\/"},"wordCount":345,"publisher":{"@id":"https:\/\/algarve7.pt\/#organization"},"image":{"@id":"https:\/\/algarve7.pt\/index.php\/2025\/04\/programa-regional-algarve-2030-participa-no-17o-congresso-da-agua-em-lagos\/ambiente\/16\/41\/#primaryimage"},"thumbnailUrl":"https:\/\/algarve7.pt\/wp-content\/uploads\/2025\/04\/17_CongressoAgua_PRALGARVE2030.jpg","keywords":["Algarve","Ambiente","Lagos"],"articleSection":["Ambiente"],"inLanguage":"pt-PT"},{"@type":"WebPage","@id":"https:\/\/algarve7.pt\/index.php\/2025\/04\/programa-regional-algarve-2030-participa-no-17o-congresso-da-agua-em-lagos\/ambiente\/16\/41\/","url":"https:\/\/algarve7.pt\/index.php\/2025\/04\/programa-regional-algarve-2030-participa-no-17o-congresso-da-agua-em-lagos\/ambiente\/16\/41\/","name":"Programa regional Algarve 2030 participa no 17\u00ba congresso da \u00e1gua em Lagos - Algarve 7","isPartOf":{"@id":"https:\/\/algarve7.pt\/#website"},"primaryImageOfPage":{"@id":"https:\/\/algarve7.pt\/index.php\/2025\/04\/programa-regional-algarve-2030-participa-no-17o-congresso-da-agua-em-lagos\/ambiente\/16\/41\/#primaryimage"},"image":{"@id":"https:\/\/algarve7.pt\/index.php\/2025\/04\/programa-regional-algarve-2030-participa-no-17o-congresso-da-agua-em-lagos\/ambiente\/16\/41\/#primaryimage"},"thumbnailUrl":"https:\/\/algarve7.pt\/wp-content\/uploads\/2025\/04\/17_CongressoAgua_PRALGARVE2030.jpg","datePublished":"2025-04-07T15:41:11+00:00","dateModified":"2025-04-07T15:41:12+00:00","description":"Programa regional Algarve 2030 participa no 17\u00ba congresso da \u00e1gua em Lagos Ambiente","breadcrumb":{"@id":"https:\/\/algarve7.pt\/index.php\/2025\/04\/programa-regional-algarve-2030-participa-no-17o-congresso-da-agua-em-lagos\/ambiente\/16\/41\/#breadcrumb"},"inLanguage":"pt-PT","potentialAction":[{"@type":"ReadAction","target":["https:\/\/algarve7.pt\/index.php\/2025\/04\/programa-regional-algarve-2030-participa-no-17o-congresso-da-agua-em-lagos\/ambiente\/16\/41\/"]}]},{"@type":"ImageObject","inLanguage":"pt-PT","@id":"https:\/\/algarve7.pt\/index.php\/2025\/04\/programa-regional-algarve-2030-participa-no-17o-congresso-da-agua-em-lagos\/ambiente\/16\/41\/#primaryimage","url":"https:\/\/algarve7.pt\/wp-content\/uploads\/2025\/04\/17_CongressoAgua_PRALGARVE2030.jpg","contentUrl":"https:\/\/algarve7.pt\/wp-content\/uploads\/2025\/04\/17_CongressoAgua_PRALGARVE2030.jpg","width":800,"height":500},{"@type":"BreadcrumbList","@id":"https:\/\/algarve7.pt\/index.php\/2025\/04\/programa-regional-algarve-2030-participa-no-17o-congresso-da-agua-em-lagos\/ambiente\/16\/41\/#breadcrumb","itemListElement":[{"@type":"ListItem","position":1,"name":"In\u00edcio","item":"https:\/\/algarve7.pt\/"},{"@type":"ListItem","position":2,"name":"Programa regional Algarve 2030 participa no 17\u00ba congresso da \u00e1gua em Lagos"}]},{"@type":"WebSite","@id":"https:\/\/algarve7.pt\/#website","url":"https:\/\/algarve7.pt\/","name":"Algarve 7","description":"Informa\u00e7\u00e3o sobre o Algarve","publisher":{"@id":"https:\/\/algarve7.pt\/#organization"},"potentialAction":[{"@type":"SearchAction","target":{"@type":"EntryPoint","urlTemplate":"https:\/\/algarve7.pt\/?s={search_term_string}"},"query-input":{"@type":"PropertyValueSpecification","valueRequired":true,"valueName":"search_term_string"}}],"inLanguage":"pt-PT"},{"@type":"Organization","@id":"https:\/\/algarve7.pt\/#organization","name":"Algarve 7","url":"https:\/\/algarve7.pt\/","logo":{"@type":"ImageObject","inLanguage":"pt-PT","@id":"https:\/\/algarve7.pt\/#\/schema\/logo\/image\/","url":"https:\/\/algarve7.pt\/wp-content\/uploads\/2020\/10\/Logo-8.jpg","contentUrl":"https:\/\/algarve7.pt\/wp-content\/uploads\/2020\/10\/Logo-8.jpg","width":1680,"height":1186,"caption":"Algarve 7"},"image":{"@id":"https:\/\/algarve7.pt\/#\/schema\/logo\/image\/"},"sameAs":["https:\/\/www.facebook.com\/algarve7","https:\/\/x.com\/Algarvesete","https:\/\/www.instagram.com\/jornalalgarve7\/","https:\/\/www.linkedin.com\/company\/algarve7","https:\/\/www.pinterest.pt\/geral0939\/_created\/"]},{"@type":"Person","@id":"https:\/\/algarve7.pt\/#\/schema\/person\/23fa70681308e7b319a3204bcea45e0c","name":"Algarve 7","sameAs":["https:\/\/algarve7.pt","https:\/\/www.facebook.com\/algarve7"],"url":"https:\/\/algarve7.pt\/index.php\/author\/geralalgarve7-pt\/"}]}},"jetpack_publicize_connections":[],"jetpack_featured_media_url":"https:\/\/algarve7.pt\/wp-content\/uploads\/2025\/04\/17_CongressoAgua_PRALGARVE2030.jpg","jetpack_shortlink":"https:\/\/wp.me\/pcezmW-cOk","jetpack_sharing_enabled":true,"_links":{"self":[{"href":"https:\/\/algarve7.pt\/index.php\/wp-json\/wp\/v2\/posts\/49248","targetHints":{"allow":["GET"]}}],"collection":[{"href":"https:\/\/algarve7.pt\/index.php\/wp-json\/wp\/v2\/posts"}],"about":[{"href":"https:\/\/algarve7.pt\/index.php\/wp-json\/wp\/v2\/types\/post"}],"author":[{"embeddable":true,"href":"https:\/\/algarve7.pt\/index.php\/wp-json\/wp\/v2\/users\/1"}],"replies":[{"embeddable":true,"href":"https:\/\/algarve7.pt\/index.php\/wp-json\/wp\/v2\/comments?post=49248"}],"version-history":[{"count":0,"href":"https:\/\/algarve7.pt\/index.php\/wp-json\/wp\/v2\/posts\/49248\/revisions"}],"wp:featuredmedia":[{"embeddable":true,"href":"https:\/\/algarve7.pt\/index.php\/wp-json\/wp\/v2\/media\/49249"}],"wp:attachment":[{"href":"https:\/\/algarve7.pt\/index.php\/wp-json\/wp\/v2\/media?parent=49248"}],"wp:term":[{"taxonomy":"category","embeddable":true,"href":"https:\/\/algarve7.pt\/index.php\/wp-json\/wp\/v2\/categories?post=49248"},{"taxonomy":"post_tag","embeddable":true,"href":"https:\/\/algarve7.pt\/index.php\/wp-json\/wp\/v2\/tags?post=49248"}],"curies":[{"name":"wp","href":"https:\/\/api.w.org\/{rel}","templated":true}]}}