{"id":49227,"date":"2025-04-07T15:19:05","date_gmt":"2025-04-07T14:19:05","guid":{"rendered":"https:\/\/algarve7.pt\/?p=49227"},"modified":"2025-04-07T15:19:06","modified_gmt":"2025-04-07T14:19:06","slug":"ferias-da-pascoa-no-museu-municipal-de-tavira","status":"publish","type":"post","link":"https:\/\/algarve7.pt\/index.php\/2025\/04\/ferias-da-pascoa-no-museu-municipal-de-tavira\/atualidade\/15\/19\/","title":{"rendered":"F\u00e9rias da P\u00e1scoa no Museu Municipal de Tavira"},"content":{"rendered":"\n<p>O Museu Municipal de Tavira prop\u00f5e, entre 09 e 12 de abril, quatro iniciativas para o per\u00edodo das F\u00e9rias da P\u00e1scoa destinadas a fam\u00edlias e ao p\u00fablico infantojuvenil.&nbsp;<\/p>\n\n\n\n<p>O programa inclui as seguintes a\u00e7\u00f5es:<\/p>\n\n\n\n<p><strong>Dia 09<\/strong>&nbsp;(quarta-feira),<strong>&nbsp;14h00<\/strong><\/p>\n\n\n\n<p><strong>Moinho de Vento<\/strong><\/p>\n\n\n\n<p>No \u00e2mbito do \u201cDia Nacional dos Moinhos\u201d (07 de abril) realiza-se esta atividade, a qual faz uma alus\u00e3o a uma parte da trilogia da cultura alimentar mediterr\u00e2nica (p\u00e3o, azeite e vinho).&nbsp;<\/p>\n\n\n\n<p>Cereais como o milho, usado para confecionar papas de milho (conhecidas como &#8220;Xar\u00e9m&#8221;) e o trigo, essencial para fazer p\u00e3o, um alimento sempre presente na mesa dos portugueses.&nbsp;<\/p>\n\n\n\n<p>No decorrer da a\u00e7\u00e3o far-se-\u00e1 uma explica\u00e7\u00e3o acerca dos diferentes cereais, uma narra\u00e7\u00e3o sobre o fabrico do p\u00e3o e, por fim, a cria\u00e7\u00e3o de um cata-vento.<\/p>\n\n\n\n<p>P\u00fablico: Fam\u00edlias com crian\u00e7as com idades entre os 05 e os 12 anos<\/p>\n\n\n\n<p>N.\u00ba Participantes: 4 (m\u00ednimo) | 10 (m\u00e1ximo)<\/p>\n\n\n\n<p>Inscri\u00e7\u00e3o:\u00a0<a href=\"https:\/\/forms.gle\/XugYU5aSdxxK2jPU8\" target=\"_blank\" rel=\"noreferrer noopener\">https:\/\/forms.gle\/XugYU5aSdxxK2jPU8<\/a><\/p>\n\n\n\n<p><strong>Dia 10&nbsp;<\/strong>(quinta)<strong>, 14h00<\/strong><\/p>\n\n\n\n<p><strong>\u201cDa sombra faz a tua obra\u201d<\/strong><\/p>\n\n\n\n<p>A partir da obra patente no Museu Municipal de Tavira da artista Lourdes de Castro, realiza-se uma oficina que tem como base a \u201csombra\u201d. Conhece o trabalho desta artista e d\u00e1 asas \u00e0 imagina\u00e7\u00e3o!<\/p>\n\n\n\n<p>P\u00fablico: Crian\u00e7as com idades entre os 05 aos 12 anos acompanhadas de adulto.<\/p>\n\n\n\n<p>N.\u00ba Participantes: 4 (m\u00ednimo) | 10 (m\u00e1ximo)<\/p>\n\n\n\n<p>Inscri\u00e7\u00e3o:\u00a0<a href=\"https:\/\/forms.gle\/JVNc36LtMt48NaJ59\" target=\"_blank\" rel=\"noreferrer noopener\">https:\/\/forms.gle\/JVNc36LtMt48NaJ59<\/a><\/p>\n\n\n\n<p><strong>Dia 11&nbsp;<\/strong>(sexta-feira)<strong>, 14h00<\/strong><\/p>\n\n\n\n<p><strong>Os Bastidores &#8211; \u201cObras da Cole\u00e7\u00e3o de Arte Contempor\u00e2nea do Estado\u201d<\/strong><\/p>\n\n\n\n<p>Como vieram as obras de arte para o museu? Onde elas estavam? S\u00e3o uma cole\u00e7\u00e3o?<\/p>\n\n\n\n<p>Vem conhecer a exposi\u00e7\u00e3o<strong>&nbsp;<\/strong>\u201cObras da Cole\u00e7\u00e3o de Arte Contempor\u00e2nea do Estado\u201d e explorar os bastidores do Museu Municipal de Tavira.<\/p>\n\n\n\n<p>P\u00fablico: Crian\u00e7as com idades entre os 05 aos 12 anos acompanhadas de adulto.<\/p>\n\n\n\n<p>N.\u00ba Participantes: 4 (m\u00ednimo) | 10 (m\u00e1ximo)<\/p>\n\n\n\n<p>Inscri\u00e7\u00e3o:\u00a0<a href=\"https:\/\/forms.gle\/X6QURYBfXszojXYL8\" target=\"_blank\" rel=\"noreferrer noopener\">https:\/\/forms.gle\/X6QURYBfXszojXYL8<\/a><\/p>\n\n\n\n<p><strong>Dia 12 (s\u00e1bado), 14h30<\/strong><\/p>\n\n\n\n<p><strong>Percurso l\u00fadico \u201cA Margem Oriental de Tavira\u201d<\/strong><\/p>\n\n\n\n<p>O Museu Municipal de Tavira prop\u00f5e \u00e0s fam\u00edlias uma atividade que d\u00e1 a conhecer, de forma descontra\u00edda e divertida, o patrim\u00f3nio da cidade.&nbsp;<\/p>\n\n\n\n<p>O percurso l\u00fadico \u201cA Margem Oriental de Tavira\u201d estimula o conv\u00edvio, o esp\u00edrito de equipa e a aprendizagem.<\/p>\n\n\n\n<p>Um mapa guia os participantes do in\u00edcio at\u00e9 ao fim. No percurso existir\u00e3o pontos de paragens com desafios de observa\u00e7\u00e3o, escrita e desenho.&nbsp;<\/p>\n\n\n\n<p>P\u00fablico: Crian\u00e7as com idades entre os 05 aos 12 anos acompanhadas de adulto.<\/p>\n\n\n\n<p>N.\u00ba Participantes: Equipas constitu\u00eddas por 2 pessoas (m\u00ednimo) ou 5 (m\u00e1ximo).<\/p>\n\n\n\n<p>Inscri\u00e7\u00e3o:\u00a0<a href=\"https:\/\/forms.gle\/zZLxY2uiroXuZqN37\" target=\"_blank\" rel=\"noreferrer noopener\">https:\/\/forms.gle\/zZLxY2uiroXuZqN37<\/a><\/p>\n\n\n\n<p><strong>Inscri\u00e7\u00f5es gratuitas e obrigat\u00f3rias<\/strong><\/p>\n","protected":false},"excerpt":{"rendered":"<p>O Museu Municipal de Tavira prop\u00f5e, entre 09 e 12 de abril, quatro iniciativas para o per\u00edodo das F\u00e9rias da<\/p>\n","protected":false},"author":1,"featured_media":49228,"comment_status":"closed","ping_status":"closed","sticky":false,"template":"","format":"standard","meta":{"colormag_page_container_layout":"default_layout","colormag_page_sidebar_layout":"default_layout","_monsterinsights_skip_tracking":false,"_monsterinsights_sitenote_active":false,"_monsterinsights_sitenote_note":"","_monsterinsights_sitenote_category":0,"jetpack_post_was_ever_published":false,"_jetpack_newsletter_access":"","_jetpack_dont_email_post_to_subs":false,"_jetpack_newsletter_tier_id":0,"_jetpack_memberships_contains_paywalled_content":false,"_jetpack_memberships_contains_paid_content":false,"footnotes":"","jetpack_publicize_message":"","jetpack_publicize_feature_enabled":true,"jetpack_social_post_already_shared":true,"jetpack_social_options":{"image_generator_settings":{"template":"highway","default_image_id":0,"font":"","enabled":false},"version":2}},"categories":[11],"tags":[36,62,54],"class_list":["post-49227","post","type-post","status-publish","format-standard","has-post-thumbnail","hentry","category-atualidade","tag-algarve","tag-atualidade","tag-tavira"],"yoast_head":"<!-- This site is optimized with the Yoast SEO plugin v27.4 - https:\/\/yoast.com\/product\/yoast-seo-wordpress\/ -->\n<title>F\u00e9rias da P\u00e1scoa no Museu Municipal de Tavira - Algarve 7<\/title>\n<meta name=\"description\" content=\"F\u00e9rias da P\u00e1scoa no Museu Municipal de Tavira Atualidade\" \/>\n<meta name=\"robots\" content=\"index, follow, max-snippet:-1, max-image-preview:large, max-video-preview:-1\" \/>\n<link rel=\"canonical\" href=\"https:\/\/algarve7.pt\/index.php\/2025\/04\/ferias-da-pascoa-no-museu-municipal-de-tavira\/atualidade\/15\/19\/\" \/>\n<meta property=\"og:locale\" content=\"pt_PT\" \/>\n<meta property=\"og:type\" content=\"article\" \/>\n<meta property=\"og:title\" content=\"F\u00e9rias da P\u00e1scoa no Museu Municipal de Tavira - Algarve 7\" \/>\n<meta property=\"og:description\" content=\"F\u00e9rias da P\u00e1scoa no Museu Municipal de Tavira Atualidade\" \/>\n<meta property=\"og:url\" content=\"https:\/\/algarve7.pt\/index.php\/2025\/04\/ferias-da-pascoa-no-museu-municipal-de-tavira\/atualidade\/15\/19\/\" \/>\n<meta property=\"og:site_name\" content=\"Algarve 7\" \/>\n<meta property=\"article:publisher\" content=\"https:\/\/www.facebook.com\/algarve7\" \/>\n<meta property=\"article:author\" content=\"https:\/\/www.facebook.com\/algarve7\" \/>\n<meta property=\"article:published_time\" content=\"2025-04-07T14:19:05+00:00\" \/>\n<meta property=\"article:modified_time\" content=\"2025-04-07T14:19:06+00:00\" \/>\n<meta property=\"og:image\" content=\"https:\/\/algarve7.pt\/wp-content\/uploads\/2025\/04\/site-ferias-da-pascoa-oficinas-para-familias-2025-01-.png\" \/>\n\t<meta property=\"og:image:width\" content=\"800\" \/>\n\t<meta property=\"og:image:height\" content=\"500\" \/>\n\t<meta property=\"og:image:type\" content=\"image\/png\" \/>\n<meta name=\"author\" content=\"Algarve 7\" \/>\n<meta name=\"twitter:card\" content=\"summary_large_image\" \/>\n<meta name=\"twitter:creator\" content=\"@Algarvesete\" \/>\n<meta name=\"twitter:site\" content=\"@Algarvesete\" \/>\n<meta name=\"twitter:label1\" content=\"Escrito por\" \/>\n\t<meta name=\"twitter:data1\" content=\"Algarve 7\" \/>\n\t<meta name=\"twitter:label2\" content=\"Tempo estimado de leitura\" \/>\n\t<meta name=\"twitter:data2\" content=\"3 minutos\" \/>\n<script type=\"application\/ld+json\" class=\"yoast-schema-graph\">{\"@context\":\"https:\\\/\\\/schema.org\",\"@graph\":[{\"@type\":\"Article\",\"@id\":\"https:\\\/\\\/algarve7.pt\\\/index.php\\\/2025\\\/04\\\/ferias-da-pascoa-no-museu-municipal-de-tavira\\\/atualidade\\\/15\\\/19\\\/#article\",\"isPartOf\":{\"@id\":\"https:\\\/\\\/algarve7.pt\\\/index.php\\\/2025\\\/04\\\/ferias-da-pascoa-no-museu-municipal-de-tavira\\\/atualidade\\\/15\\\/19\\\/\"},\"author\":{\"name\":\"Algarve 7\",\"@id\":\"https:\\\/\\\/algarve7.pt\\\/#\\\/schema\\\/person\\\/23fa70681308e7b319a3204bcea45e0c\"},\"headline\":\"F\u00e9rias da P\u00e1scoa no Museu Municipal de Tavira\",\"datePublished\":\"2025-04-07T14:19:05+00:00\",\"dateModified\":\"2025-04-07T14:19:06+00:00\",\"mainEntityOfPage\":{\"@id\":\"https:\\\/\\\/algarve7.pt\\\/index.php\\\/2025\\\/04\\\/ferias-da-pascoa-no-museu-municipal-de-tavira\\\/atualidade\\\/15\\\/19\\\/\"},\"wordCount\":464,\"publisher\":{\"@id\":\"https:\\\/\\\/algarve7.pt\\\/#organization\"},\"image\":{\"@id\":\"https:\\\/\\\/algarve7.pt\\\/index.php\\\/2025\\\/04\\\/ferias-da-pascoa-no-museu-municipal-de-tavira\\\/atualidade\\\/15\\\/19\\\/#primaryimage\"},\"thumbnailUrl\":\"https:\\\/\\\/algarve7.pt\\\/wp-content\\\/uploads\\\/2025\\\/04\\\/site-ferias-da-pascoa-oficinas-para-familias-2025-01-.png\",\"keywords\":[\"Algarve\",\"Atualidade\",\"Tavira\"],\"articleSection\":[\"Atualidade\"],\"inLanguage\":\"pt-PT\"},{\"@type\":\"WebPage\",\"@id\":\"https:\\\/\\\/algarve7.pt\\\/index.php\\\/2025\\\/04\\\/ferias-da-pascoa-no-museu-municipal-de-tavira\\\/atualidade\\\/15\\\/19\\\/\",\"url\":\"https:\\\/\\\/algarve7.pt\\\/index.php\\\/2025\\\/04\\\/ferias-da-pascoa-no-museu-municipal-de-tavira\\\/atualidade\\\/15\\\/19\\\/\",\"name\":\"F\u00e9rias da P\u00e1scoa no Museu Municipal de Tavira - Algarve 7\",\"isPartOf\":{\"@id\":\"https:\\\/\\\/algarve7.pt\\\/#website\"},\"primaryImageOfPage\":{\"@id\":\"https:\\\/\\\/algarve7.pt\\\/index.php\\\/2025\\\/04\\\/ferias-da-pascoa-no-museu-municipal-de-tavira\\\/atualidade\\\/15\\\/19\\\/#primaryimage\"},\"image\":{\"@id\":\"https:\\\/\\\/algarve7.pt\\\/index.php\\\/2025\\\/04\\\/ferias-da-pascoa-no-museu-municipal-de-tavira\\\/atualidade\\\/15\\\/19\\\/#primaryimage\"},\"thumbnailUrl\":\"https:\\\/\\\/algarve7.pt\\\/wp-content\\\/uploads\\\/2025\\\/04\\\/site-ferias-da-pascoa-oficinas-para-familias-2025-01-.png\",\"datePublished\":\"2025-04-07T14:19:05+00:00\",\"dateModified\":\"2025-04-07T14:19:06+00:00\",\"description\":\"F\u00e9rias da P\u00e1scoa no Museu Municipal de Tavira Atualidade\",\"breadcrumb\":{\"@id\":\"https:\\\/\\\/algarve7.pt\\\/index.php\\\/2025\\\/04\\\/ferias-da-pascoa-no-museu-municipal-de-tavira\\\/atualidade\\\/15\\\/19\\\/#breadcrumb\"},\"inLanguage\":\"pt-PT\",\"potentialAction\":[{\"@type\":\"ReadAction\",\"target\":[\"https:\\\/\\\/algarve7.pt\\\/index.php\\\/2025\\\/04\\\/ferias-da-pascoa-no-museu-municipal-de-tavira\\\/atualidade\\\/15\\\/19\\\/\"]}]},{\"@type\":\"ImageObject\",\"inLanguage\":\"pt-PT\",\"@id\":\"https:\\\/\\\/algarve7.pt\\\/index.php\\\/2025\\\/04\\\/ferias-da-pascoa-no-museu-municipal-de-tavira\\\/atualidade\\\/15\\\/19\\\/#primaryimage\",\"url\":\"https:\\\/\\\/algarve7.pt\\\/wp-content\\\/uploads\\\/2025\\\/04\\\/site-ferias-da-pascoa-oficinas-para-familias-2025-01-.png\",\"contentUrl\":\"https:\\\/\\\/algarve7.pt\\\/wp-content\\\/uploads\\\/2025\\\/04\\\/site-ferias-da-pascoa-oficinas-para-familias-2025-01-.png\",\"width\":800,\"height\":500},{\"@type\":\"BreadcrumbList\",\"@id\":\"https:\\\/\\\/algarve7.pt\\\/index.php\\\/2025\\\/04\\\/ferias-da-pascoa-no-museu-municipal-de-tavira\\\/atualidade\\\/15\\\/19\\\/#breadcrumb\",\"itemListElement\":[{\"@type\":\"ListItem\",\"position\":1,\"name\":\"In\u00edcio\",\"item\":\"https:\\\/\\\/algarve7.pt\\\/\"},{\"@type\":\"ListItem\",\"position\":2,\"name\":\"F\u00e9rias da P\u00e1scoa no Museu Municipal de Tavira\"}]},{\"@type\":\"WebSite\",\"@id\":\"https:\\\/\\\/algarve7.pt\\\/#website\",\"url\":\"https:\\\/\\\/algarve7.pt\\\/\",\"name\":\"Algarve 7\",\"description\":\"Informa\u00e7\u00e3o sobre o Algarve\",\"publisher\":{\"@id\":\"https:\\\/\\\/algarve7.pt\\\/#organization\"},\"potentialAction\":[{\"@type\":\"SearchAction\",\"target\":{\"@type\":\"EntryPoint\",\"urlTemplate\":\"https:\\\/\\\/algarve7.pt\\\/?s={search_term_string}\"},\"query-input\":{\"@type\":\"PropertyValueSpecification\",\"valueRequired\":true,\"valueName\":\"search_term_string\"}}],\"inLanguage\":\"pt-PT\"},{\"@type\":\"Organization\",\"@id\":\"https:\\\/\\\/algarve7.pt\\\/#organization\",\"name\":\"Algarve 7\",\"url\":\"https:\\\/\\\/algarve7.pt\\\/\",\"logo\":{\"@type\":\"ImageObject\",\"inLanguage\":\"pt-PT\",\"@id\":\"https:\\\/\\\/algarve7.pt\\\/#\\\/schema\\\/logo\\\/image\\\/\",\"url\":\"https:\\\/\\\/algarve7.pt\\\/wp-content\\\/uploads\\\/2020\\\/10\\\/Logo-8.jpg\",\"contentUrl\":\"https:\\\/\\\/algarve7.pt\\\/wp-content\\\/uploads\\\/2020\\\/10\\\/Logo-8.jpg\",\"width\":1680,\"height\":1186,\"caption\":\"Algarve 7\"},\"image\":{\"@id\":\"https:\\\/\\\/algarve7.pt\\\/#\\\/schema\\\/logo\\\/image\\\/\"},\"sameAs\":[\"https:\\\/\\\/www.facebook.com\\\/algarve7\",\"https:\\\/\\\/x.com\\\/Algarvesete\",\"https:\\\/\\\/www.instagram.com\\\/jornalalgarve7\\\/\",\"https:\\\/\\\/www.linkedin.com\\\/company\\\/algarve7\",\"https:\\\/\\\/www.pinterest.pt\\\/geral0939\\\/_created\\\/\"]},{\"@type\":\"Person\",\"@id\":\"https:\\\/\\\/algarve7.pt\\\/#\\\/schema\\\/person\\\/23fa70681308e7b319a3204bcea45e0c\",\"name\":\"Algarve 7\",\"sameAs\":[\"https:\\\/\\\/algarve7.pt\",\"https:\\\/\\\/www.facebook.com\\\/algarve7\"],\"url\":\"https:\\\/\\\/algarve7.pt\\\/index.php\\\/author\\\/geralalgarve7-pt\\\/\"}]}<\/script>\n<!-- \/ Yoast SEO plugin. -->","yoast_head_json":{"title":"F\u00e9rias da P\u00e1scoa no Museu Municipal de Tavira - Algarve 7","description":"F\u00e9rias da P\u00e1scoa no Museu Municipal de Tavira Atualidade","robots":{"index":"index","follow":"follow","max-snippet":"max-snippet:-1","max-image-preview":"max-image-preview:large","max-video-preview":"max-video-preview:-1"},"canonical":"https:\/\/algarve7.pt\/index.php\/2025\/04\/ferias-da-pascoa-no-museu-municipal-de-tavira\/atualidade\/15\/19\/","og_locale":"pt_PT","og_type":"article","og_title":"F\u00e9rias da P\u00e1scoa no Museu Municipal de Tavira - Algarve 7","og_description":"F\u00e9rias da P\u00e1scoa no Museu Municipal de Tavira Atualidade","og_url":"https:\/\/algarve7.pt\/index.php\/2025\/04\/ferias-da-pascoa-no-museu-municipal-de-tavira\/atualidade\/15\/19\/","og_site_name":"Algarve 7","article_publisher":"https:\/\/www.facebook.com\/algarve7","article_author":"https:\/\/www.facebook.com\/algarve7","article_published_time":"2025-04-07T14:19:05+00:00","article_modified_time":"2025-04-07T14:19:06+00:00","og_image":[{"width":800,"height":500,"url":"https:\/\/algarve7.pt\/wp-content\/uploads\/2025\/04\/site-ferias-da-pascoa-oficinas-para-familias-2025-01-.png","type":"image\/png"}],"author":"Algarve 7","twitter_card":"summary_large_image","twitter_creator":"@Algarvesete","twitter_site":"@Algarvesete","twitter_misc":{"Escrito por":"Algarve 7","Tempo estimado de leitura":"3 minutos"},"schema":{"@context":"https:\/\/schema.org","@graph":[{"@type":"Article","@id":"https:\/\/algarve7.pt\/index.php\/2025\/04\/ferias-da-pascoa-no-museu-municipal-de-tavira\/atualidade\/15\/19\/#article","isPartOf":{"@id":"https:\/\/algarve7.pt\/index.php\/2025\/04\/ferias-da-pascoa-no-museu-municipal-de-tavira\/atualidade\/15\/19\/"},"author":{"name":"Algarve 7","@id":"https:\/\/algarve7.pt\/#\/schema\/person\/23fa70681308e7b319a3204bcea45e0c"},"headline":"F\u00e9rias da P\u00e1scoa no Museu Municipal de Tavira","datePublished":"2025-04-07T14:19:05+00:00","dateModified":"2025-04-07T14:19:06+00:00","mainEntityOfPage":{"@id":"https:\/\/algarve7.pt\/index.php\/2025\/04\/ferias-da-pascoa-no-museu-municipal-de-tavira\/atualidade\/15\/19\/"},"wordCount":464,"publisher":{"@id":"https:\/\/algarve7.pt\/#organization"},"image":{"@id":"https:\/\/algarve7.pt\/index.php\/2025\/04\/ferias-da-pascoa-no-museu-municipal-de-tavira\/atualidade\/15\/19\/#primaryimage"},"thumbnailUrl":"https:\/\/algarve7.pt\/wp-content\/uploads\/2025\/04\/site-ferias-da-pascoa-oficinas-para-familias-2025-01-.png","keywords":["Algarve","Atualidade","Tavira"],"articleSection":["Atualidade"],"inLanguage":"pt-PT"},{"@type":"WebPage","@id":"https:\/\/algarve7.pt\/index.php\/2025\/04\/ferias-da-pascoa-no-museu-municipal-de-tavira\/atualidade\/15\/19\/","url":"https:\/\/algarve7.pt\/index.php\/2025\/04\/ferias-da-pascoa-no-museu-municipal-de-tavira\/atualidade\/15\/19\/","name":"F\u00e9rias da P\u00e1scoa no Museu Municipal de Tavira - Algarve 7","isPartOf":{"@id":"https:\/\/algarve7.pt\/#website"},"primaryImageOfPage":{"@id":"https:\/\/algarve7.pt\/index.php\/2025\/04\/ferias-da-pascoa-no-museu-municipal-de-tavira\/atualidade\/15\/19\/#primaryimage"},"image":{"@id":"https:\/\/algarve7.pt\/index.php\/2025\/04\/ferias-da-pascoa-no-museu-municipal-de-tavira\/atualidade\/15\/19\/#primaryimage"},"thumbnailUrl":"https:\/\/algarve7.pt\/wp-content\/uploads\/2025\/04\/site-ferias-da-pascoa-oficinas-para-familias-2025-01-.png","datePublished":"2025-04-07T14:19:05+00:00","dateModified":"2025-04-07T14:19:06+00:00","description":"F\u00e9rias da P\u00e1scoa no Museu Municipal de Tavira Atualidade","breadcrumb":{"@id":"https:\/\/algarve7.pt\/index.php\/2025\/04\/ferias-da-pascoa-no-museu-municipal-de-tavira\/atualidade\/15\/19\/#breadcrumb"},"inLanguage":"pt-PT","potentialAction":[{"@type":"ReadAction","target":["https:\/\/algarve7.pt\/index.php\/2025\/04\/ferias-da-pascoa-no-museu-municipal-de-tavira\/atualidade\/15\/19\/"]}]},{"@type":"ImageObject","inLanguage":"pt-PT","@id":"https:\/\/algarve7.pt\/index.php\/2025\/04\/ferias-da-pascoa-no-museu-municipal-de-tavira\/atualidade\/15\/19\/#primaryimage","url":"https:\/\/algarve7.pt\/wp-content\/uploads\/2025\/04\/site-ferias-da-pascoa-oficinas-para-familias-2025-01-.png","contentUrl":"https:\/\/algarve7.pt\/wp-content\/uploads\/2025\/04\/site-ferias-da-pascoa-oficinas-para-familias-2025-01-.png","width":800,"height":500},{"@type":"BreadcrumbList","@id":"https:\/\/algarve7.pt\/index.php\/2025\/04\/ferias-da-pascoa-no-museu-municipal-de-tavira\/atualidade\/15\/19\/#breadcrumb","itemListElement":[{"@type":"ListItem","position":1,"name":"In\u00edcio","item":"https:\/\/algarve7.pt\/"},{"@type":"ListItem","position":2,"name":"F\u00e9rias da P\u00e1scoa no Museu Municipal de Tavira"}]},{"@type":"WebSite","@id":"https:\/\/algarve7.pt\/#website","url":"https:\/\/algarve7.pt\/","name":"Algarve 7","description":"Informa\u00e7\u00e3o sobre o Algarve","publisher":{"@id":"https:\/\/algarve7.pt\/#organization"},"potentialAction":[{"@type":"SearchAction","target":{"@type":"EntryPoint","urlTemplate":"https:\/\/algarve7.pt\/?s={search_term_string}"},"query-input":{"@type":"PropertyValueSpecification","valueRequired":true,"valueName":"search_term_string"}}],"inLanguage":"pt-PT"},{"@type":"Organization","@id":"https:\/\/algarve7.pt\/#organization","name":"Algarve 7","url":"https:\/\/algarve7.pt\/","logo":{"@type":"ImageObject","inLanguage":"pt-PT","@id":"https:\/\/algarve7.pt\/#\/schema\/logo\/image\/","url":"https:\/\/algarve7.pt\/wp-content\/uploads\/2020\/10\/Logo-8.jpg","contentUrl":"https:\/\/algarve7.pt\/wp-content\/uploads\/2020\/10\/Logo-8.jpg","width":1680,"height":1186,"caption":"Algarve 7"},"image":{"@id":"https:\/\/algarve7.pt\/#\/schema\/logo\/image\/"},"sameAs":["https:\/\/www.facebook.com\/algarve7","https:\/\/x.com\/Algarvesete","https:\/\/www.instagram.com\/jornalalgarve7\/","https:\/\/www.linkedin.com\/company\/algarve7","https:\/\/www.pinterest.pt\/geral0939\/_created\/"]},{"@type":"Person","@id":"https:\/\/algarve7.pt\/#\/schema\/person\/23fa70681308e7b319a3204bcea45e0c","name":"Algarve 7","sameAs":["https:\/\/algarve7.pt","https:\/\/www.facebook.com\/algarve7"],"url":"https:\/\/algarve7.pt\/index.php\/author\/geralalgarve7-pt\/"}]}},"jetpack_publicize_connections":[],"jetpack_featured_media_url":"https:\/\/algarve7.pt\/wp-content\/uploads\/2025\/04\/site-ferias-da-pascoa-oficinas-para-familias-2025-01-.png","jetpack_shortlink":"https:\/\/wp.me\/pcezmW-cNZ","jetpack_sharing_enabled":true,"_links":{"self":[{"href":"https:\/\/algarve7.pt\/index.php\/wp-json\/wp\/v2\/posts\/49227","targetHints":{"allow":["GET"]}}],"collection":[{"href":"https:\/\/algarve7.pt\/index.php\/wp-json\/wp\/v2\/posts"}],"about":[{"href":"https:\/\/algarve7.pt\/index.php\/wp-json\/wp\/v2\/types\/post"}],"author":[{"embeddable":true,"href":"https:\/\/algarve7.pt\/index.php\/wp-json\/wp\/v2\/users\/1"}],"replies":[{"embeddable":true,"href":"https:\/\/algarve7.pt\/index.php\/wp-json\/wp\/v2\/comments?post=49227"}],"version-history":[{"count":0,"href":"https:\/\/algarve7.pt\/index.php\/wp-json\/wp\/v2\/posts\/49227\/revisions"}],"wp:featuredmedia":[{"embeddable":true,"href":"https:\/\/algarve7.pt\/index.php\/wp-json\/wp\/v2\/media\/49228"}],"wp:attachment":[{"href":"https:\/\/algarve7.pt\/index.php\/wp-json\/wp\/v2\/media?parent=49227"}],"wp:term":[{"taxonomy":"category","embeddable":true,"href":"https:\/\/algarve7.pt\/index.php\/wp-json\/wp\/v2\/categories?post=49227"},{"taxonomy":"post_tag","embeddable":true,"href":"https:\/\/algarve7.pt\/index.php\/wp-json\/wp\/v2\/tags?post=49227"}],"curies":[{"name":"wp","href":"https:\/\/api.w.org\/{rel}","templated":true}]}}