{"id":49215,"date":"2025-04-07T14:24:27","date_gmt":"2025-04-07T13:24:27","guid":{"rendered":"https:\/\/algarve7.pt\/?p=49215"},"modified":"2025-04-07T14:24:30","modified_gmt":"2025-04-07T13:24:30","slug":"ahresp-e-asae-esclarecem-empresarios-do-algarve","status":"publish","type":"post","link":"https:\/\/algarve7.pt\/index.php\/2025\/04\/ahresp-e-asae-esclarecem-empresarios-do-algarve\/atualidade\/14\/24\/","title":{"rendered":"AHRESP e ASAE esclarecem empres\u00e1rios do Algarve"},"content":{"rendered":"\n<p>A Associa\u00e7\u00e3o da Hotelaria, Restaura\u00e7\u00e3o e Similares de Portugal (AHRESP), em colabora\u00e7\u00e3o com a Autoridade de Seguran\u00e7a Alimentar e Econ\u00f3mica (ASAE) e com o apoio da C\u00e2mara Municipal de Portim\u00e3o e da Escola de Hotelaria e Turismo de Portim\u00e3o,\u00a0vai realizar uma a\u00e7\u00e3o de informa\u00e7\u00e3o e sensibiliza\u00e7\u00e3o em Portim\u00e3o, dirigida aos profissionais do Canal HORECA (Alojamento e Restaura\u00e7\u00e3o e Bebidas).\u00a0<\/p>\n\n\n\n<p>Esta primeira sess\u00e3o,&nbsp;<strong>gratuita mas com inscri\u00e7\u00e3o obrigat\u00f3ria,<\/strong>&nbsp;marca o arranque de um roadshow nacional, com 13 sess\u00f5es planeadas at\u00e9 ao final de 2025, nas seguintes regi\u00f5es: Mafra, Porto, Castelo Branco, Aveiro, Leiria, Santar\u00e9m, Lisboa, Set\u00fabal, Coimbra, Braga, Viseu, \u00c9vora e Portim\u00e3o, que ser\u00e1 j\u00e1 a primeira localidade a receber esta iniciativa.<\/p>\n\n\n\n<p>A a\u00e7\u00e3o, que conta com a presen\u00e7a do Inspetor-geral da ASAE,\u00a0ir\u00e1 esclarecer as\u00a0regras essenciais de opera\u00e7\u00e3o para estabelecimentos do Canal HORECA, ajudando os empres\u00e1rios a estarem mais bem preparados para futuras inspe\u00e7\u00f5es e garantindo uma gest\u00e3o mais informada e ajustada aos padr\u00f5es a cumprir.<\/p>\n\n\n\n<p>Em paralelo, ser\u00e1 tamb\u00e9m apresentado, pela AHRESP, o &#8220;Guia de Regras e Boas Pr\u00e1ticas na Restaura\u00e7\u00e3o&#8221;,\u00a0que aborda as situa\u00e7\u00f5es que mais frequentemente geram reclama\u00e7\u00f5es e a forma como se deve lidar com estas.<\/p>\n\n\n\n<p>Esta primeira&nbsp;<strong>sess\u00e3o de esclarecimento<\/strong>&nbsp;ir\u00e1 realizar-se a&nbsp;<strong>15 de abril, \u00e0s 15h30, em Portim\u00e3o*,&nbsp;<\/strong>com o seguinte programa:<\/p>\n\n\n\n<ul class=\"wp-block-list\">\n<li>15h30 \u2013 Boas-vindas | AHRESP e ASAE<\/li>\n<\/ul>\n\n\n\n<ul class=\"wp-block-list\">\n<li>16h00 \u2013 \u201cGuia de Regras e Boas Pr\u00e1ticas na Restaura\u00e7\u00e3o\u201d | Filomena Diegues \u2013 Coordenadora do Departamento Jur\u00eddico da AHRESP\u00a0<\/li>\n\n\n\n<li>16h30 \u2013 \u201cO Papel da ASAE junto das empresas do setor e o que ter em conta durante uma inspe\u00e7\u00e3o\u201d | ASAE\u00a0<\/li>\n\n\n\n<li>17h00 \u2013 Perguntas e Respostas<\/li>\n\n\n\n<li>18h00 \u2013 Encerramento<\/li>\n<\/ul>\n\n\n\n<p>As inscri\u00e7\u00f5es podem ser efetuadas online, atrav\u00e9s do\u00a0<a href=\"https:\/\/www.academia.ahresp.com\/curso\/sessao-de-esclarecimento-ahresp-%7C-asae\/46\/\" target=\"_blank\" rel=\"noreferrer noopener\">formul\u00e1rio da Academia AHRESP<\/a>.\u00a0<\/p>\n\n\n\n<p>Estas iniciativas representam uma oportunidade para refor\u00e7ar uma cultura de conformidade e qualidade, promovendo a confian\u00e7a dos consumidores e o sucesso dos neg\u00f3cios na regi\u00e3o.<\/p>\n\n\n\n<p>Para mais informa\u00e7\u00f5es, os interessados devem entrar em contacto com as Delega\u00e7\u00f5es Distritais da AHRESP de Albufeira ou de Portim\u00e3o ou, em alternativa, atrav\u00e9s do email ou telefone dispon\u00edveis no site oficial da associa\u00e7\u00e3o, em\u00a0www.ahresp.com.<\/p>\n\n\n\n<p>*\u00a0Escola de Hotelaria e Turismo de Portim\u00e3o, R. Prof. Dr. Montalv\u00e3o Marques, 8500-722 Portim\u00e3o<\/p>\n","protected":false},"excerpt":{"rendered":"<p>A Associa\u00e7\u00e3o da Hotelaria, Restaura\u00e7\u00e3o e Similares de Portugal (AHRESP), em colabora\u00e7\u00e3o com a Autoridade de Seguran\u00e7a Alimentar e Econ\u00f3mica<\/p>\n","protected":false},"author":1,"featured_media":49216,"comment_status":"closed","ping_status":"closed","sticky":false,"template":"","format":"standard","meta":{"colormag_page_container_layout":"default_layout","colormag_page_sidebar_layout":"default_layout","_monsterinsights_skip_tracking":false,"_monsterinsights_sitenote_active":false,"_monsterinsights_sitenote_note":"","_monsterinsights_sitenote_category":0,"jetpack_post_was_ever_published":false,"_jetpack_newsletter_access":"","_jetpack_dont_email_post_to_subs":false,"_jetpack_newsletter_tier_id":0,"_jetpack_memberships_contains_paywalled_content":false,"_jetpack_memberships_contains_paid_content":false,"footnotes":"","jetpack_publicize_message":"","jetpack_publicize_feature_enabled":true,"jetpack_social_post_already_shared":true,"jetpack_social_options":{"image_generator_settings":{"template":"highway","default_image_id":0,"font":"","enabled":false},"version":2}},"categories":[11],"tags":[36,62,72],"class_list":["post-49215","post","type-post","status-publish","format-standard","has-post-thumbnail","hentry","category-atualidade","tag-algarve","tag-atualidade","tag-portimao"],"yoast_head":"<!-- This site is optimized with the Yoast SEO plugin v27.4 - https:\/\/yoast.com\/product\/yoast-seo-wordpress\/ -->\n<title>AHRESP e ASAE esclarecem empres\u00e1rios do Algarve - Algarve 7<\/title>\n<meta name=\"description\" content=\"AHRESP e ASAE esclarecem empres\u00e1rios do Algarve Atualidade\" \/>\n<meta name=\"robots\" content=\"index, follow, max-snippet:-1, max-image-preview:large, max-video-preview:-1\" \/>\n<link rel=\"canonical\" href=\"https:\/\/algarve7.pt\/index.php\/2025\/04\/ahresp-e-asae-esclarecem-empresarios-do-algarve\/atualidade\/14\/24\/\" \/>\n<meta property=\"og:locale\" content=\"pt_PT\" \/>\n<meta property=\"og:type\" content=\"article\" \/>\n<meta property=\"og:title\" content=\"AHRESP e ASAE esclarecem empres\u00e1rios do Algarve - Algarve 7\" \/>\n<meta property=\"og:description\" content=\"AHRESP e ASAE esclarecem empres\u00e1rios do Algarve Atualidade\" \/>\n<meta property=\"og:url\" content=\"https:\/\/algarve7.pt\/index.php\/2025\/04\/ahresp-e-asae-esclarecem-empresarios-do-algarve\/atualidade\/14\/24\/\" \/>\n<meta property=\"og:site_name\" content=\"Algarve 7\" \/>\n<meta property=\"article:publisher\" content=\"https:\/\/www.facebook.com\/algarve7\" \/>\n<meta property=\"article:author\" content=\"https:\/\/www.facebook.com\/algarve7\" \/>\n<meta property=\"article:published_time\" content=\"2025-04-07T13:24:27+00:00\" \/>\n<meta property=\"article:modified_time\" content=\"2025-04-07T13:24:30+00:00\" \/>\n<meta property=\"og:image\" content=\"https:\/\/algarve7.pt\/wp-content\/uploads\/2025\/04\/Captura-de-ecra-2025-04-07-as-14.23.23.png\" \/>\n\t<meta property=\"og:image:width\" content=\"800\" \/>\n\t<meta property=\"og:image:height\" content=\"500\" \/>\n\t<meta property=\"og:image:type\" content=\"image\/png\" \/>\n<meta name=\"author\" content=\"Algarve 7\" \/>\n<meta name=\"twitter:card\" content=\"summary_large_image\" \/>\n<meta name=\"twitter:creator\" content=\"@Algarvesete\" \/>\n<meta name=\"twitter:site\" content=\"@Algarvesete\" \/>\n<meta name=\"twitter:label1\" content=\"Escrito por\" \/>\n\t<meta name=\"twitter:data1\" content=\"Algarve 7\" \/>\n\t<meta name=\"twitter:label2\" content=\"Tempo estimado de leitura\" \/>\n\t<meta name=\"twitter:data2\" content=\"3 minutos\" \/>\n<script type=\"application\/ld+json\" class=\"yoast-schema-graph\">{\"@context\":\"https:\\\/\\\/schema.org\",\"@graph\":[{\"@type\":\"Article\",\"@id\":\"https:\\\/\\\/algarve7.pt\\\/index.php\\\/2025\\\/04\\\/ahresp-e-asae-esclarecem-empresarios-do-algarve\\\/atualidade\\\/14\\\/24\\\/#article\",\"isPartOf\":{\"@id\":\"https:\\\/\\\/algarve7.pt\\\/index.php\\\/2025\\\/04\\\/ahresp-e-asae-esclarecem-empresarios-do-algarve\\\/atualidade\\\/14\\\/24\\\/\"},\"author\":{\"name\":\"Algarve 7\",\"@id\":\"https:\\\/\\\/algarve7.pt\\\/#\\\/schema\\\/person\\\/23fa70681308e7b319a3204bcea45e0c\"},\"headline\":\"AHRESP e ASAE esclarecem empres\u00e1rios do Algarve\",\"datePublished\":\"2025-04-07T13:24:27+00:00\",\"dateModified\":\"2025-04-07T13:24:30+00:00\",\"mainEntityOfPage\":{\"@id\":\"https:\\\/\\\/algarve7.pt\\\/index.php\\\/2025\\\/04\\\/ahresp-e-asae-esclarecem-empresarios-do-algarve\\\/atualidade\\\/14\\\/24\\\/\"},\"wordCount\":414,\"publisher\":{\"@id\":\"https:\\\/\\\/algarve7.pt\\\/#organization\"},\"image\":{\"@id\":\"https:\\\/\\\/algarve7.pt\\\/index.php\\\/2025\\\/04\\\/ahresp-e-asae-esclarecem-empresarios-do-algarve\\\/atualidade\\\/14\\\/24\\\/#primaryimage\"},\"thumbnailUrl\":\"https:\\\/\\\/algarve7.pt\\\/wp-content\\\/uploads\\\/2025\\\/04\\\/Captura-de-ecra-2025-04-07-as-14.23.23.png\",\"keywords\":[\"Algarve\",\"Atualidade\",\"Portim\u00e3o\"],\"articleSection\":[\"Atualidade\"],\"inLanguage\":\"pt-PT\"},{\"@type\":\"WebPage\",\"@id\":\"https:\\\/\\\/algarve7.pt\\\/index.php\\\/2025\\\/04\\\/ahresp-e-asae-esclarecem-empresarios-do-algarve\\\/atualidade\\\/14\\\/24\\\/\",\"url\":\"https:\\\/\\\/algarve7.pt\\\/index.php\\\/2025\\\/04\\\/ahresp-e-asae-esclarecem-empresarios-do-algarve\\\/atualidade\\\/14\\\/24\\\/\",\"name\":\"AHRESP e ASAE esclarecem empres\u00e1rios do Algarve - Algarve 7\",\"isPartOf\":{\"@id\":\"https:\\\/\\\/algarve7.pt\\\/#website\"},\"primaryImageOfPage\":{\"@id\":\"https:\\\/\\\/algarve7.pt\\\/index.php\\\/2025\\\/04\\\/ahresp-e-asae-esclarecem-empresarios-do-algarve\\\/atualidade\\\/14\\\/24\\\/#primaryimage\"},\"image\":{\"@id\":\"https:\\\/\\\/algarve7.pt\\\/index.php\\\/2025\\\/04\\\/ahresp-e-asae-esclarecem-empresarios-do-algarve\\\/atualidade\\\/14\\\/24\\\/#primaryimage\"},\"thumbnailUrl\":\"https:\\\/\\\/algarve7.pt\\\/wp-content\\\/uploads\\\/2025\\\/04\\\/Captura-de-ecra-2025-04-07-as-14.23.23.png\",\"datePublished\":\"2025-04-07T13:24:27+00:00\",\"dateModified\":\"2025-04-07T13:24:30+00:00\",\"description\":\"AHRESP e ASAE esclarecem empres\u00e1rios do Algarve Atualidade\",\"breadcrumb\":{\"@id\":\"https:\\\/\\\/algarve7.pt\\\/index.php\\\/2025\\\/04\\\/ahresp-e-asae-esclarecem-empresarios-do-algarve\\\/atualidade\\\/14\\\/24\\\/#breadcrumb\"},\"inLanguage\":\"pt-PT\",\"potentialAction\":[{\"@type\":\"ReadAction\",\"target\":[\"https:\\\/\\\/algarve7.pt\\\/index.php\\\/2025\\\/04\\\/ahresp-e-asae-esclarecem-empresarios-do-algarve\\\/atualidade\\\/14\\\/24\\\/\"]}]},{\"@type\":\"ImageObject\",\"inLanguage\":\"pt-PT\",\"@id\":\"https:\\\/\\\/algarve7.pt\\\/index.php\\\/2025\\\/04\\\/ahresp-e-asae-esclarecem-empresarios-do-algarve\\\/atualidade\\\/14\\\/24\\\/#primaryimage\",\"url\":\"https:\\\/\\\/algarve7.pt\\\/wp-content\\\/uploads\\\/2025\\\/04\\\/Captura-de-ecra-2025-04-07-as-14.23.23.png\",\"contentUrl\":\"https:\\\/\\\/algarve7.pt\\\/wp-content\\\/uploads\\\/2025\\\/04\\\/Captura-de-ecra-2025-04-07-as-14.23.23.png\",\"width\":800,\"height\":500},{\"@type\":\"BreadcrumbList\",\"@id\":\"https:\\\/\\\/algarve7.pt\\\/index.php\\\/2025\\\/04\\\/ahresp-e-asae-esclarecem-empresarios-do-algarve\\\/atualidade\\\/14\\\/24\\\/#breadcrumb\",\"itemListElement\":[{\"@type\":\"ListItem\",\"position\":1,\"name\":\"In\u00edcio\",\"item\":\"https:\\\/\\\/algarve7.pt\\\/\"},{\"@type\":\"ListItem\",\"position\":2,\"name\":\"AHRESP e ASAE esclarecem empres\u00e1rios do Algarve\"}]},{\"@type\":\"WebSite\",\"@id\":\"https:\\\/\\\/algarve7.pt\\\/#website\",\"url\":\"https:\\\/\\\/algarve7.pt\\\/\",\"name\":\"Algarve 7\",\"description\":\"Informa\u00e7\u00e3o sobre o Algarve\",\"publisher\":{\"@id\":\"https:\\\/\\\/algarve7.pt\\\/#organization\"},\"potentialAction\":[{\"@type\":\"SearchAction\",\"target\":{\"@type\":\"EntryPoint\",\"urlTemplate\":\"https:\\\/\\\/algarve7.pt\\\/?s={search_term_string}\"},\"query-input\":{\"@type\":\"PropertyValueSpecification\",\"valueRequired\":true,\"valueName\":\"search_term_string\"}}],\"inLanguage\":\"pt-PT\"},{\"@type\":\"Organization\",\"@id\":\"https:\\\/\\\/algarve7.pt\\\/#organization\",\"name\":\"Algarve 7\",\"url\":\"https:\\\/\\\/algarve7.pt\\\/\",\"logo\":{\"@type\":\"ImageObject\",\"inLanguage\":\"pt-PT\",\"@id\":\"https:\\\/\\\/algarve7.pt\\\/#\\\/schema\\\/logo\\\/image\\\/\",\"url\":\"https:\\\/\\\/algarve7.pt\\\/wp-content\\\/uploads\\\/2020\\\/10\\\/Logo-8.jpg\",\"contentUrl\":\"https:\\\/\\\/algarve7.pt\\\/wp-content\\\/uploads\\\/2020\\\/10\\\/Logo-8.jpg\",\"width\":1680,\"height\":1186,\"caption\":\"Algarve 7\"},\"image\":{\"@id\":\"https:\\\/\\\/algarve7.pt\\\/#\\\/schema\\\/logo\\\/image\\\/\"},\"sameAs\":[\"https:\\\/\\\/www.facebook.com\\\/algarve7\",\"https:\\\/\\\/x.com\\\/Algarvesete\",\"https:\\\/\\\/www.instagram.com\\\/jornalalgarve7\\\/\",\"https:\\\/\\\/www.linkedin.com\\\/company\\\/algarve7\",\"https:\\\/\\\/www.pinterest.pt\\\/geral0939\\\/_created\\\/\"]},{\"@type\":\"Person\",\"@id\":\"https:\\\/\\\/algarve7.pt\\\/#\\\/schema\\\/person\\\/23fa70681308e7b319a3204bcea45e0c\",\"name\":\"Algarve 7\",\"sameAs\":[\"https:\\\/\\\/algarve7.pt\",\"https:\\\/\\\/www.facebook.com\\\/algarve7\"],\"url\":\"https:\\\/\\\/algarve7.pt\\\/index.php\\\/author\\\/geralalgarve7-pt\\\/\"}]}<\/script>\n<!-- \/ Yoast SEO plugin. -->","yoast_head_json":{"title":"AHRESP e ASAE esclarecem empres\u00e1rios do Algarve - Algarve 7","description":"AHRESP e ASAE esclarecem empres\u00e1rios do Algarve Atualidade","robots":{"index":"index","follow":"follow","max-snippet":"max-snippet:-1","max-image-preview":"max-image-preview:large","max-video-preview":"max-video-preview:-1"},"canonical":"https:\/\/algarve7.pt\/index.php\/2025\/04\/ahresp-e-asae-esclarecem-empresarios-do-algarve\/atualidade\/14\/24\/","og_locale":"pt_PT","og_type":"article","og_title":"AHRESP e ASAE esclarecem empres\u00e1rios do Algarve - Algarve 7","og_description":"AHRESP e ASAE esclarecem empres\u00e1rios do Algarve Atualidade","og_url":"https:\/\/algarve7.pt\/index.php\/2025\/04\/ahresp-e-asae-esclarecem-empresarios-do-algarve\/atualidade\/14\/24\/","og_site_name":"Algarve 7","article_publisher":"https:\/\/www.facebook.com\/algarve7","article_author":"https:\/\/www.facebook.com\/algarve7","article_published_time":"2025-04-07T13:24:27+00:00","article_modified_time":"2025-04-07T13:24:30+00:00","og_image":[{"width":800,"height":500,"url":"https:\/\/algarve7.pt\/wp-content\/uploads\/2025\/04\/Captura-de-ecra-2025-04-07-as-14.23.23.png","type":"image\/png"}],"author":"Algarve 7","twitter_card":"summary_large_image","twitter_creator":"@Algarvesete","twitter_site":"@Algarvesete","twitter_misc":{"Escrito por":"Algarve 7","Tempo estimado de leitura":"3 minutos"},"schema":{"@context":"https:\/\/schema.org","@graph":[{"@type":"Article","@id":"https:\/\/algarve7.pt\/index.php\/2025\/04\/ahresp-e-asae-esclarecem-empresarios-do-algarve\/atualidade\/14\/24\/#article","isPartOf":{"@id":"https:\/\/algarve7.pt\/index.php\/2025\/04\/ahresp-e-asae-esclarecem-empresarios-do-algarve\/atualidade\/14\/24\/"},"author":{"name":"Algarve 7","@id":"https:\/\/algarve7.pt\/#\/schema\/person\/23fa70681308e7b319a3204bcea45e0c"},"headline":"AHRESP e ASAE esclarecem empres\u00e1rios do Algarve","datePublished":"2025-04-07T13:24:27+00:00","dateModified":"2025-04-07T13:24:30+00:00","mainEntityOfPage":{"@id":"https:\/\/algarve7.pt\/index.php\/2025\/04\/ahresp-e-asae-esclarecem-empresarios-do-algarve\/atualidade\/14\/24\/"},"wordCount":414,"publisher":{"@id":"https:\/\/algarve7.pt\/#organization"},"image":{"@id":"https:\/\/algarve7.pt\/index.php\/2025\/04\/ahresp-e-asae-esclarecem-empresarios-do-algarve\/atualidade\/14\/24\/#primaryimage"},"thumbnailUrl":"https:\/\/algarve7.pt\/wp-content\/uploads\/2025\/04\/Captura-de-ecra-2025-04-07-as-14.23.23.png","keywords":["Algarve","Atualidade","Portim\u00e3o"],"articleSection":["Atualidade"],"inLanguage":"pt-PT"},{"@type":"WebPage","@id":"https:\/\/algarve7.pt\/index.php\/2025\/04\/ahresp-e-asae-esclarecem-empresarios-do-algarve\/atualidade\/14\/24\/","url":"https:\/\/algarve7.pt\/index.php\/2025\/04\/ahresp-e-asae-esclarecem-empresarios-do-algarve\/atualidade\/14\/24\/","name":"AHRESP e ASAE esclarecem empres\u00e1rios do Algarve - Algarve 7","isPartOf":{"@id":"https:\/\/algarve7.pt\/#website"},"primaryImageOfPage":{"@id":"https:\/\/algarve7.pt\/index.php\/2025\/04\/ahresp-e-asae-esclarecem-empresarios-do-algarve\/atualidade\/14\/24\/#primaryimage"},"image":{"@id":"https:\/\/algarve7.pt\/index.php\/2025\/04\/ahresp-e-asae-esclarecem-empresarios-do-algarve\/atualidade\/14\/24\/#primaryimage"},"thumbnailUrl":"https:\/\/algarve7.pt\/wp-content\/uploads\/2025\/04\/Captura-de-ecra-2025-04-07-as-14.23.23.png","datePublished":"2025-04-07T13:24:27+00:00","dateModified":"2025-04-07T13:24:30+00:00","description":"AHRESP e ASAE esclarecem empres\u00e1rios do Algarve Atualidade","breadcrumb":{"@id":"https:\/\/algarve7.pt\/index.php\/2025\/04\/ahresp-e-asae-esclarecem-empresarios-do-algarve\/atualidade\/14\/24\/#breadcrumb"},"inLanguage":"pt-PT","potentialAction":[{"@type":"ReadAction","target":["https:\/\/algarve7.pt\/index.php\/2025\/04\/ahresp-e-asae-esclarecem-empresarios-do-algarve\/atualidade\/14\/24\/"]}]},{"@type":"ImageObject","inLanguage":"pt-PT","@id":"https:\/\/algarve7.pt\/index.php\/2025\/04\/ahresp-e-asae-esclarecem-empresarios-do-algarve\/atualidade\/14\/24\/#primaryimage","url":"https:\/\/algarve7.pt\/wp-content\/uploads\/2025\/04\/Captura-de-ecra-2025-04-07-as-14.23.23.png","contentUrl":"https:\/\/algarve7.pt\/wp-content\/uploads\/2025\/04\/Captura-de-ecra-2025-04-07-as-14.23.23.png","width":800,"height":500},{"@type":"BreadcrumbList","@id":"https:\/\/algarve7.pt\/index.php\/2025\/04\/ahresp-e-asae-esclarecem-empresarios-do-algarve\/atualidade\/14\/24\/#breadcrumb","itemListElement":[{"@type":"ListItem","position":1,"name":"In\u00edcio","item":"https:\/\/algarve7.pt\/"},{"@type":"ListItem","position":2,"name":"AHRESP e ASAE esclarecem empres\u00e1rios do Algarve"}]},{"@type":"WebSite","@id":"https:\/\/algarve7.pt\/#website","url":"https:\/\/algarve7.pt\/","name":"Algarve 7","description":"Informa\u00e7\u00e3o sobre o Algarve","publisher":{"@id":"https:\/\/algarve7.pt\/#organization"},"potentialAction":[{"@type":"SearchAction","target":{"@type":"EntryPoint","urlTemplate":"https:\/\/algarve7.pt\/?s={search_term_string}"},"query-input":{"@type":"PropertyValueSpecification","valueRequired":true,"valueName":"search_term_string"}}],"inLanguage":"pt-PT"},{"@type":"Organization","@id":"https:\/\/algarve7.pt\/#organization","name":"Algarve 7","url":"https:\/\/algarve7.pt\/","logo":{"@type":"ImageObject","inLanguage":"pt-PT","@id":"https:\/\/algarve7.pt\/#\/schema\/logo\/image\/","url":"https:\/\/algarve7.pt\/wp-content\/uploads\/2020\/10\/Logo-8.jpg","contentUrl":"https:\/\/algarve7.pt\/wp-content\/uploads\/2020\/10\/Logo-8.jpg","width":1680,"height":1186,"caption":"Algarve 7"},"image":{"@id":"https:\/\/algarve7.pt\/#\/schema\/logo\/image\/"},"sameAs":["https:\/\/www.facebook.com\/algarve7","https:\/\/x.com\/Algarvesete","https:\/\/www.instagram.com\/jornalalgarve7\/","https:\/\/www.linkedin.com\/company\/algarve7","https:\/\/www.pinterest.pt\/geral0939\/_created\/"]},{"@type":"Person","@id":"https:\/\/algarve7.pt\/#\/schema\/person\/23fa70681308e7b319a3204bcea45e0c","name":"Algarve 7","sameAs":["https:\/\/algarve7.pt","https:\/\/www.facebook.com\/algarve7"],"url":"https:\/\/algarve7.pt\/index.php\/author\/geralalgarve7-pt\/"}]}},"jetpack_publicize_connections":[],"jetpack_featured_media_url":"https:\/\/algarve7.pt\/wp-content\/uploads\/2025\/04\/Captura-de-ecra-2025-04-07-as-14.23.23.png","jetpack_shortlink":"https:\/\/wp.me\/pcezmW-cNN","jetpack_sharing_enabled":true,"_links":{"self":[{"href":"https:\/\/algarve7.pt\/index.php\/wp-json\/wp\/v2\/posts\/49215","targetHints":{"allow":["GET"]}}],"collection":[{"href":"https:\/\/algarve7.pt\/index.php\/wp-json\/wp\/v2\/posts"}],"about":[{"href":"https:\/\/algarve7.pt\/index.php\/wp-json\/wp\/v2\/types\/post"}],"author":[{"embeddable":true,"href":"https:\/\/algarve7.pt\/index.php\/wp-json\/wp\/v2\/users\/1"}],"replies":[{"embeddable":true,"href":"https:\/\/algarve7.pt\/index.php\/wp-json\/wp\/v2\/comments?post=49215"}],"version-history":[{"count":0,"href":"https:\/\/algarve7.pt\/index.php\/wp-json\/wp\/v2\/posts\/49215\/revisions"}],"wp:featuredmedia":[{"embeddable":true,"href":"https:\/\/algarve7.pt\/index.php\/wp-json\/wp\/v2\/media\/49216"}],"wp:attachment":[{"href":"https:\/\/algarve7.pt\/index.php\/wp-json\/wp\/v2\/media?parent=49215"}],"wp:term":[{"taxonomy":"category","embeddable":true,"href":"https:\/\/algarve7.pt\/index.php\/wp-json\/wp\/v2\/categories?post=49215"},{"taxonomy":"post_tag","embeddable":true,"href":"https:\/\/algarve7.pt\/index.php\/wp-json\/wp\/v2\/tags?post=49215"}],"curies":[{"name":"wp","href":"https:\/\/api.w.org\/{rel}","templated":true}]}}