{"id":49138,"date":"2025-04-04T12:14:00","date_gmt":"2025-04-04T11:14:00","guid":{"rendered":"https:\/\/algarve7.pt\/?p=49138"},"modified":"2025-04-03T17:16:22","modified_gmt":"2025-04-03T16:16:22","slug":"rotunda-junto-ao-pavilhao-de-loule-requalificada-a-pensar-na-eficiencia-hidrica","status":"publish","type":"post","link":"https:\/\/algarve7.pt\/index.php\/2025\/04\/rotunda-junto-ao-pavilhao-de-loule-requalificada-a-pensar-na-eficiencia-hidrica\/atualidade\/12\/14\/","title":{"rendered":"Rotunda junto ao pavilh\u00e3o de Loul\u00e9 requalificada a pensar na efici\u00eancia h\u00eddrica"},"content":{"rendered":"\n<p>\u00c0 semelhan\u00e7a do que acontece noutros espa\u00e7os verdes da cidade de Loul\u00e9, a C\u00e2mara Municipal est\u00e1 a levar a cabo uma requalifica\u00e7\u00e3o paisag\u00edstica na Rotunda Queren\u00e7a e Ameixial, localizada na Circular de Loul\u00e9, junto ao Pavilh\u00e3o Municipal Professor Joaquim Vairinhos, a pensar na sustentabilidade ambiental e h\u00eddrica do local.<\/p>\n\n\n\n<p>Al\u00e9m da valoriza\u00e7\u00e3o est\u00e9tica, o projeto pretende garantir uma gest\u00e3o mais eficiente e sustent\u00e1vel dos recursos naturais, tendo em conta tamb\u00e9m as refer\u00eancias aos territ\u00f3rios de Queren\u00e7a e Ameixial.&nbsp;<\/p>\n\n\n\n<p>A interven\u00e7\u00e3o passar\u00e1&nbsp;por uma aposta nas esp\u00e9cies aut\u00f3ctones, mais adaptadas \u00e0s condi\u00e7\u00f5es clim\u00e1ticas e que exijam menos consumo de \u00e1gua. Neste sentido, v\u00e3o ser plantadas&nbsp;23 novas \u00e1rvores de 5 esp\u00e9cies diferentes, nomeadamente alfarrobeiras,&nbsp;oliveiras,&nbsp;sobreiros,&nbsp;azinheiras e&nbsp;cipreste&nbsp;italiano. Ser\u00e3o substitu\u00eddos os 2 cedros \u201cmortos\u201d que aqui se encontravam, mas mantidas as restantes \u00e1rvores.&nbsp;Por outro lado, ser\u00e3o plantadas 385 unidades de&nbsp;esp\u00e9cies arbustivas e subarbustivas.<\/p>\n\n\n\n<p>Ser\u00e3o colocados inertes de diferentes tipologias e utilizados materiais da regi\u00e3o, como pedras\/rochas do barrocal, xisto e cascalheira.<\/p>\n\n\n\n<p>De referir que o projeto teve como inspira\u00e7\u00e3o o conceito da Floresta Miyawaki, um m\u00e9todo que contribui para a acelera\u00e7\u00e3o do processo de regenera\u00e7\u00e3o vegetal e promove a cria\u00e7\u00e3o de um ecossistema autossustent\u00e1vel, adaptado \u00e0s condi\u00e7\u00f5es locais, com menores exig\u00eancias h\u00eddricas e de manuten\u00e7\u00e3o a m\u00e9dio e longo prazo.&nbsp;<\/p>\n\n\n\n<p>Esta requalifica\u00e7\u00e3o vai ao encontro da filosofia presente no novo tro\u00e7o da Circular, uma avenida ecol\u00f3gica, com zonas verdes nas laterais e uma ciclovia. \u00c9 precisamente em virtude de s\u00f3 agora estarem conclu\u00eddos os trabalhos de constru\u00e7\u00e3o da nova Avenida M\u00e1rio Soares, que nesta fase arranca a interven\u00e7\u00e3o na rotunda.<\/p>\n\n\n\n<p>Refira-se que dentro desta estrat\u00e9gia de requalifica\u00e7\u00e3o, s\u00e3o 26 os espa\u00e7os relvados da cidade de Loul\u00e9 que est\u00e3o a ser intervencionados, tornando a sua manuten\u00e7\u00e3o mais reduzida e o consumo de \u00e1gua residual.<\/p>\n","protected":false},"excerpt":{"rendered":"<p>\u00c0 semelhan\u00e7a do que acontece noutros espa\u00e7os verdes da cidade de Loul\u00e9, a C\u00e2mara Municipal est\u00e1 a levar a cabo<\/p>\n","protected":false},"author":1,"featured_media":49139,"comment_status":"closed","ping_status":"closed","sticky":false,"template":"","format":"standard","meta":{"colormag_page_container_layout":"default_layout","colormag_page_sidebar_layout":"default_layout","_monsterinsights_skip_tracking":false,"_monsterinsights_sitenote_active":false,"_monsterinsights_sitenote_note":"","_monsterinsights_sitenote_category":0,"jetpack_post_was_ever_published":false,"_jetpack_newsletter_access":"","_jetpack_dont_email_post_to_subs":false,"_jetpack_newsletter_tier_id":0,"_jetpack_memberships_contains_paywalled_content":false,"_jetpack_memberships_contains_paid_content":false,"footnotes":"","jetpack_publicize_message":"","jetpack_publicize_feature_enabled":true,"jetpack_social_post_already_shared":true,"jetpack_social_options":{"image_generator_settings":{"template":"highway","default_image_id":0,"font":"","enabled":false},"version":2}},"categories":[11],"tags":[36,62,31],"class_list":["post-49138","post","type-post","status-publish","format-standard","has-post-thumbnail","hentry","category-atualidade","tag-algarve","tag-atualidade","tag-loule"],"yoast_head":"<!-- This site is optimized with the Yoast SEO plugin v27.5 - https:\/\/yoast.com\/product\/yoast-seo-wordpress\/ -->\n<title>Rotunda junto ao pavilh\u00e3o de Loul\u00e9 requalificada a pensar na efici\u00eancia h\u00eddrica - Algarve 7<\/title>\n<meta name=\"description\" content=\"Rotunda junto ao pavilh\u00e3o de Loul\u00e9 requalificada a pensar na efici\u00eancia h\u00eddrica Atualidade\" \/>\n<meta name=\"robots\" content=\"index, follow, max-snippet:-1, max-image-preview:large, max-video-preview:-1\" \/>\n<link rel=\"canonical\" href=\"https:\/\/algarve7.pt\/index.php\/2025\/04\/rotunda-junto-ao-pavilhao-de-loule-requalificada-a-pensar-na-eficiencia-hidrica\/atualidade\/12\/14\/\" \/>\n<meta property=\"og:locale\" content=\"pt_PT\" \/>\n<meta property=\"og:type\" content=\"article\" \/>\n<meta property=\"og:title\" content=\"Rotunda junto ao pavilh\u00e3o de Loul\u00e9 requalificada a pensar na efici\u00eancia h\u00eddrica - Algarve 7\" \/>\n<meta property=\"og:description\" content=\"Rotunda junto ao pavilh\u00e3o de Loul\u00e9 requalificada a pensar na efici\u00eancia h\u00eddrica Atualidade\" \/>\n<meta property=\"og:url\" content=\"https:\/\/algarve7.pt\/index.php\/2025\/04\/rotunda-junto-ao-pavilhao-de-loule-requalificada-a-pensar-na-eficiencia-hidrica\/atualidade\/12\/14\/\" \/>\n<meta property=\"og:site_name\" content=\"Algarve 7\" \/>\n<meta property=\"article:publisher\" content=\"https:\/\/www.facebook.com\/algarve7\" \/>\n<meta property=\"article:author\" content=\"https:\/\/www.facebook.com\/algarve7\" \/>\n<meta property=\"article:published_time\" content=\"2025-04-04T11:14:00+00:00\" \/>\n<meta property=\"og:image\" content=\"https:\/\/algarve7.pt\/wp-content\/uploads\/2025\/04\/Rotunda-Pavilhao.png\" \/>\n\t<meta property=\"og:image:width\" content=\"800\" \/>\n\t<meta property=\"og:image:height\" content=\"500\" \/>\n\t<meta property=\"og:image:type\" content=\"image\/png\" \/>\n<meta name=\"author\" content=\"Algarve 7\" \/>\n<meta name=\"twitter:card\" content=\"summary_large_image\" \/>\n<meta name=\"twitter:creator\" content=\"@Algarvesete\" \/>\n<meta name=\"twitter:site\" content=\"@Algarvesete\" \/>\n<meta name=\"twitter:label1\" content=\"Escrito por\" \/>\n\t<meta name=\"twitter:data1\" content=\"Algarve 7\" \/>\n\t<meta name=\"twitter:label2\" content=\"Tempo estimado de leitura\" \/>\n\t<meta name=\"twitter:data2\" content=\"2 minutos\" \/>\n<script type=\"application\/ld+json\" class=\"yoast-schema-graph\">{\"@context\":\"https:\\\/\\\/schema.org\",\"@graph\":[{\"@type\":\"Article\",\"@id\":\"https:\\\/\\\/algarve7.pt\\\/index.php\\\/2025\\\/04\\\/rotunda-junto-ao-pavilhao-de-loule-requalificada-a-pensar-na-eficiencia-hidrica\\\/atualidade\\\/12\\\/14\\\/#article\",\"isPartOf\":{\"@id\":\"https:\\\/\\\/algarve7.pt\\\/index.php\\\/2025\\\/04\\\/rotunda-junto-ao-pavilhao-de-loule-requalificada-a-pensar-na-eficiencia-hidrica\\\/atualidade\\\/12\\\/14\\\/\"},\"author\":{\"name\":\"Algarve 7\",\"@id\":\"https:\\\/\\\/algarve7.pt\\\/#\\\/schema\\\/person\\\/23fa70681308e7b319a3204bcea45e0c\"},\"headline\":\"Rotunda junto ao pavilh\u00e3o de Loul\u00e9 requalificada a pensar na efici\u00eancia h\u00eddrica\",\"datePublished\":\"2025-04-04T11:14:00+00:00\",\"mainEntityOfPage\":{\"@id\":\"https:\\\/\\\/algarve7.pt\\\/index.php\\\/2025\\\/04\\\/rotunda-junto-ao-pavilhao-de-loule-requalificada-a-pensar-na-eficiencia-hidrica\\\/atualidade\\\/12\\\/14\\\/\"},\"wordCount\":370,\"publisher\":{\"@id\":\"https:\\\/\\\/algarve7.pt\\\/#organization\"},\"image\":{\"@id\":\"https:\\\/\\\/algarve7.pt\\\/index.php\\\/2025\\\/04\\\/rotunda-junto-ao-pavilhao-de-loule-requalificada-a-pensar-na-eficiencia-hidrica\\\/atualidade\\\/12\\\/14\\\/#primaryimage\"},\"thumbnailUrl\":\"https:\\\/\\\/algarve7.pt\\\/wp-content\\\/uploads\\\/2025\\\/04\\\/Rotunda-Pavilhao.png\",\"keywords\":[\"Algarve\",\"Atualidade\",\"Loul\u00e9\"],\"articleSection\":[\"Atualidade\"],\"inLanguage\":\"pt-PT\"},{\"@type\":\"WebPage\",\"@id\":\"https:\\\/\\\/algarve7.pt\\\/index.php\\\/2025\\\/04\\\/rotunda-junto-ao-pavilhao-de-loule-requalificada-a-pensar-na-eficiencia-hidrica\\\/atualidade\\\/12\\\/14\\\/\",\"url\":\"https:\\\/\\\/algarve7.pt\\\/index.php\\\/2025\\\/04\\\/rotunda-junto-ao-pavilhao-de-loule-requalificada-a-pensar-na-eficiencia-hidrica\\\/atualidade\\\/12\\\/14\\\/\",\"name\":\"Rotunda junto ao pavilh\u00e3o de Loul\u00e9 requalificada a pensar na efici\u00eancia h\u00eddrica - Algarve 7\",\"isPartOf\":{\"@id\":\"https:\\\/\\\/algarve7.pt\\\/#website\"},\"primaryImageOfPage\":{\"@id\":\"https:\\\/\\\/algarve7.pt\\\/index.php\\\/2025\\\/04\\\/rotunda-junto-ao-pavilhao-de-loule-requalificada-a-pensar-na-eficiencia-hidrica\\\/atualidade\\\/12\\\/14\\\/#primaryimage\"},\"image\":{\"@id\":\"https:\\\/\\\/algarve7.pt\\\/index.php\\\/2025\\\/04\\\/rotunda-junto-ao-pavilhao-de-loule-requalificada-a-pensar-na-eficiencia-hidrica\\\/atualidade\\\/12\\\/14\\\/#primaryimage\"},\"thumbnailUrl\":\"https:\\\/\\\/algarve7.pt\\\/wp-content\\\/uploads\\\/2025\\\/04\\\/Rotunda-Pavilhao.png\",\"datePublished\":\"2025-04-04T11:14:00+00:00\",\"description\":\"Rotunda junto ao pavilh\u00e3o de Loul\u00e9 requalificada a pensar na efici\u00eancia h\u00eddrica Atualidade\",\"breadcrumb\":{\"@id\":\"https:\\\/\\\/algarve7.pt\\\/index.php\\\/2025\\\/04\\\/rotunda-junto-ao-pavilhao-de-loule-requalificada-a-pensar-na-eficiencia-hidrica\\\/atualidade\\\/12\\\/14\\\/#breadcrumb\"},\"inLanguage\":\"pt-PT\",\"potentialAction\":[{\"@type\":\"ReadAction\",\"target\":[\"https:\\\/\\\/algarve7.pt\\\/index.php\\\/2025\\\/04\\\/rotunda-junto-ao-pavilhao-de-loule-requalificada-a-pensar-na-eficiencia-hidrica\\\/atualidade\\\/12\\\/14\\\/\"]}]},{\"@type\":\"ImageObject\",\"inLanguage\":\"pt-PT\",\"@id\":\"https:\\\/\\\/algarve7.pt\\\/index.php\\\/2025\\\/04\\\/rotunda-junto-ao-pavilhao-de-loule-requalificada-a-pensar-na-eficiencia-hidrica\\\/atualidade\\\/12\\\/14\\\/#primaryimage\",\"url\":\"https:\\\/\\\/algarve7.pt\\\/wp-content\\\/uploads\\\/2025\\\/04\\\/Rotunda-Pavilhao.png\",\"contentUrl\":\"https:\\\/\\\/algarve7.pt\\\/wp-content\\\/uploads\\\/2025\\\/04\\\/Rotunda-Pavilhao.png\",\"width\":800,\"height\":500},{\"@type\":\"BreadcrumbList\",\"@id\":\"https:\\\/\\\/algarve7.pt\\\/index.php\\\/2025\\\/04\\\/rotunda-junto-ao-pavilhao-de-loule-requalificada-a-pensar-na-eficiencia-hidrica\\\/atualidade\\\/12\\\/14\\\/#breadcrumb\",\"itemListElement\":[{\"@type\":\"ListItem\",\"position\":1,\"name\":\"In\u00edcio\",\"item\":\"https:\\\/\\\/algarve7.pt\\\/\"},{\"@type\":\"ListItem\",\"position\":2,\"name\":\"Rotunda junto ao pavilh\u00e3o de Loul\u00e9 requalificada a pensar na efici\u00eancia h\u00eddrica\"}]},{\"@type\":\"WebSite\",\"@id\":\"https:\\\/\\\/algarve7.pt\\\/#website\",\"url\":\"https:\\\/\\\/algarve7.pt\\\/\",\"name\":\"Algarve 7\",\"description\":\"Informa\u00e7\u00e3o sobre o Algarve\",\"publisher\":{\"@id\":\"https:\\\/\\\/algarve7.pt\\\/#organization\"},\"potentialAction\":[{\"@type\":\"SearchAction\",\"target\":{\"@type\":\"EntryPoint\",\"urlTemplate\":\"https:\\\/\\\/algarve7.pt\\\/?s={search_term_string}\"},\"query-input\":{\"@type\":\"PropertyValueSpecification\",\"valueRequired\":true,\"valueName\":\"search_term_string\"}}],\"inLanguage\":\"pt-PT\"},{\"@type\":\"Organization\",\"@id\":\"https:\\\/\\\/algarve7.pt\\\/#organization\",\"name\":\"Algarve 7\",\"url\":\"https:\\\/\\\/algarve7.pt\\\/\",\"logo\":{\"@type\":\"ImageObject\",\"inLanguage\":\"pt-PT\",\"@id\":\"https:\\\/\\\/algarve7.pt\\\/#\\\/schema\\\/logo\\\/image\\\/\",\"url\":\"https:\\\/\\\/algarve7.pt\\\/wp-content\\\/uploads\\\/2020\\\/10\\\/Logo-8.jpg\",\"contentUrl\":\"https:\\\/\\\/algarve7.pt\\\/wp-content\\\/uploads\\\/2020\\\/10\\\/Logo-8.jpg\",\"width\":1680,\"height\":1186,\"caption\":\"Algarve 7\"},\"image\":{\"@id\":\"https:\\\/\\\/algarve7.pt\\\/#\\\/schema\\\/logo\\\/image\\\/\"},\"sameAs\":[\"https:\\\/\\\/www.facebook.com\\\/algarve7\",\"https:\\\/\\\/x.com\\\/Algarvesete\",\"https:\\\/\\\/www.instagram.com\\\/jornalalgarve7\\\/\",\"https:\\\/\\\/www.linkedin.com\\\/company\\\/algarve7\",\"https:\\\/\\\/www.pinterest.pt\\\/geral0939\\\/_created\\\/\"]},{\"@type\":\"Person\",\"@id\":\"https:\\\/\\\/algarve7.pt\\\/#\\\/schema\\\/person\\\/23fa70681308e7b319a3204bcea45e0c\",\"name\":\"Algarve 7\",\"sameAs\":[\"https:\\\/\\\/algarve7.pt\",\"https:\\\/\\\/www.facebook.com\\\/algarve7\"],\"url\":\"https:\\\/\\\/algarve7.pt\\\/index.php\\\/author\\\/geralalgarve7-pt\\\/\"}]}<\/script>\n<!-- \/ Yoast SEO plugin. -->","yoast_head_json":{"title":"Rotunda junto ao pavilh\u00e3o de Loul\u00e9 requalificada a pensar na efici\u00eancia h\u00eddrica - Algarve 7","description":"Rotunda junto ao pavilh\u00e3o de Loul\u00e9 requalificada a pensar na efici\u00eancia h\u00eddrica Atualidade","robots":{"index":"index","follow":"follow","max-snippet":"max-snippet:-1","max-image-preview":"max-image-preview:large","max-video-preview":"max-video-preview:-1"},"canonical":"https:\/\/algarve7.pt\/index.php\/2025\/04\/rotunda-junto-ao-pavilhao-de-loule-requalificada-a-pensar-na-eficiencia-hidrica\/atualidade\/12\/14\/","og_locale":"pt_PT","og_type":"article","og_title":"Rotunda junto ao pavilh\u00e3o de Loul\u00e9 requalificada a pensar na efici\u00eancia h\u00eddrica - Algarve 7","og_description":"Rotunda junto ao pavilh\u00e3o de Loul\u00e9 requalificada a pensar na efici\u00eancia h\u00eddrica Atualidade","og_url":"https:\/\/algarve7.pt\/index.php\/2025\/04\/rotunda-junto-ao-pavilhao-de-loule-requalificada-a-pensar-na-eficiencia-hidrica\/atualidade\/12\/14\/","og_site_name":"Algarve 7","article_publisher":"https:\/\/www.facebook.com\/algarve7","article_author":"https:\/\/www.facebook.com\/algarve7","article_published_time":"2025-04-04T11:14:00+00:00","og_image":[{"width":800,"height":500,"url":"https:\/\/algarve7.pt\/wp-content\/uploads\/2025\/04\/Rotunda-Pavilhao.png","type":"image\/png"}],"author":"Algarve 7","twitter_card":"summary_large_image","twitter_creator":"@Algarvesete","twitter_site":"@Algarvesete","twitter_misc":{"Escrito por":"Algarve 7","Tempo estimado de leitura":"2 minutos"},"schema":{"@context":"https:\/\/schema.org","@graph":[{"@type":"Article","@id":"https:\/\/algarve7.pt\/index.php\/2025\/04\/rotunda-junto-ao-pavilhao-de-loule-requalificada-a-pensar-na-eficiencia-hidrica\/atualidade\/12\/14\/#article","isPartOf":{"@id":"https:\/\/algarve7.pt\/index.php\/2025\/04\/rotunda-junto-ao-pavilhao-de-loule-requalificada-a-pensar-na-eficiencia-hidrica\/atualidade\/12\/14\/"},"author":{"name":"Algarve 7","@id":"https:\/\/algarve7.pt\/#\/schema\/person\/23fa70681308e7b319a3204bcea45e0c"},"headline":"Rotunda junto ao pavilh\u00e3o de Loul\u00e9 requalificada a pensar na efici\u00eancia h\u00eddrica","datePublished":"2025-04-04T11:14:00+00:00","mainEntityOfPage":{"@id":"https:\/\/algarve7.pt\/index.php\/2025\/04\/rotunda-junto-ao-pavilhao-de-loule-requalificada-a-pensar-na-eficiencia-hidrica\/atualidade\/12\/14\/"},"wordCount":370,"publisher":{"@id":"https:\/\/algarve7.pt\/#organization"},"image":{"@id":"https:\/\/algarve7.pt\/index.php\/2025\/04\/rotunda-junto-ao-pavilhao-de-loule-requalificada-a-pensar-na-eficiencia-hidrica\/atualidade\/12\/14\/#primaryimage"},"thumbnailUrl":"https:\/\/algarve7.pt\/wp-content\/uploads\/2025\/04\/Rotunda-Pavilhao.png","keywords":["Algarve","Atualidade","Loul\u00e9"],"articleSection":["Atualidade"],"inLanguage":"pt-PT"},{"@type":"WebPage","@id":"https:\/\/algarve7.pt\/index.php\/2025\/04\/rotunda-junto-ao-pavilhao-de-loule-requalificada-a-pensar-na-eficiencia-hidrica\/atualidade\/12\/14\/","url":"https:\/\/algarve7.pt\/index.php\/2025\/04\/rotunda-junto-ao-pavilhao-de-loule-requalificada-a-pensar-na-eficiencia-hidrica\/atualidade\/12\/14\/","name":"Rotunda junto ao pavilh\u00e3o de Loul\u00e9 requalificada a pensar na efici\u00eancia h\u00eddrica - Algarve 7","isPartOf":{"@id":"https:\/\/algarve7.pt\/#website"},"primaryImageOfPage":{"@id":"https:\/\/algarve7.pt\/index.php\/2025\/04\/rotunda-junto-ao-pavilhao-de-loule-requalificada-a-pensar-na-eficiencia-hidrica\/atualidade\/12\/14\/#primaryimage"},"image":{"@id":"https:\/\/algarve7.pt\/index.php\/2025\/04\/rotunda-junto-ao-pavilhao-de-loule-requalificada-a-pensar-na-eficiencia-hidrica\/atualidade\/12\/14\/#primaryimage"},"thumbnailUrl":"https:\/\/algarve7.pt\/wp-content\/uploads\/2025\/04\/Rotunda-Pavilhao.png","datePublished":"2025-04-04T11:14:00+00:00","description":"Rotunda junto ao pavilh\u00e3o de Loul\u00e9 requalificada a pensar na efici\u00eancia h\u00eddrica Atualidade","breadcrumb":{"@id":"https:\/\/algarve7.pt\/index.php\/2025\/04\/rotunda-junto-ao-pavilhao-de-loule-requalificada-a-pensar-na-eficiencia-hidrica\/atualidade\/12\/14\/#breadcrumb"},"inLanguage":"pt-PT","potentialAction":[{"@type":"ReadAction","target":["https:\/\/algarve7.pt\/index.php\/2025\/04\/rotunda-junto-ao-pavilhao-de-loule-requalificada-a-pensar-na-eficiencia-hidrica\/atualidade\/12\/14\/"]}]},{"@type":"ImageObject","inLanguage":"pt-PT","@id":"https:\/\/algarve7.pt\/index.php\/2025\/04\/rotunda-junto-ao-pavilhao-de-loule-requalificada-a-pensar-na-eficiencia-hidrica\/atualidade\/12\/14\/#primaryimage","url":"https:\/\/algarve7.pt\/wp-content\/uploads\/2025\/04\/Rotunda-Pavilhao.png","contentUrl":"https:\/\/algarve7.pt\/wp-content\/uploads\/2025\/04\/Rotunda-Pavilhao.png","width":800,"height":500},{"@type":"BreadcrumbList","@id":"https:\/\/algarve7.pt\/index.php\/2025\/04\/rotunda-junto-ao-pavilhao-de-loule-requalificada-a-pensar-na-eficiencia-hidrica\/atualidade\/12\/14\/#breadcrumb","itemListElement":[{"@type":"ListItem","position":1,"name":"In\u00edcio","item":"https:\/\/algarve7.pt\/"},{"@type":"ListItem","position":2,"name":"Rotunda junto ao pavilh\u00e3o de Loul\u00e9 requalificada a pensar na efici\u00eancia h\u00eddrica"}]},{"@type":"WebSite","@id":"https:\/\/algarve7.pt\/#website","url":"https:\/\/algarve7.pt\/","name":"Algarve 7","description":"Informa\u00e7\u00e3o sobre o Algarve","publisher":{"@id":"https:\/\/algarve7.pt\/#organization"},"potentialAction":[{"@type":"SearchAction","target":{"@type":"EntryPoint","urlTemplate":"https:\/\/algarve7.pt\/?s={search_term_string}"},"query-input":{"@type":"PropertyValueSpecification","valueRequired":true,"valueName":"search_term_string"}}],"inLanguage":"pt-PT"},{"@type":"Organization","@id":"https:\/\/algarve7.pt\/#organization","name":"Algarve 7","url":"https:\/\/algarve7.pt\/","logo":{"@type":"ImageObject","inLanguage":"pt-PT","@id":"https:\/\/algarve7.pt\/#\/schema\/logo\/image\/","url":"https:\/\/algarve7.pt\/wp-content\/uploads\/2020\/10\/Logo-8.jpg","contentUrl":"https:\/\/algarve7.pt\/wp-content\/uploads\/2020\/10\/Logo-8.jpg","width":1680,"height":1186,"caption":"Algarve 7"},"image":{"@id":"https:\/\/algarve7.pt\/#\/schema\/logo\/image\/"},"sameAs":["https:\/\/www.facebook.com\/algarve7","https:\/\/x.com\/Algarvesete","https:\/\/www.instagram.com\/jornalalgarve7\/","https:\/\/www.linkedin.com\/company\/algarve7","https:\/\/www.pinterest.pt\/geral0939\/_created\/"]},{"@type":"Person","@id":"https:\/\/algarve7.pt\/#\/schema\/person\/23fa70681308e7b319a3204bcea45e0c","name":"Algarve 7","sameAs":["https:\/\/algarve7.pt","https:\/\/www.facebook.com\/algarve7"],"url":"https:\/\/algarve7.pt\/index.php\/author\/geralalgarve7-pt\/"}]}},"jetpack_publicize_connections":[],"jetpack_featured_media_url":"https:\/\/algarve7.pt\/wp-content\/uploads\/2025\/04\/Rotunda-Pavilhao.png","jetpack_shortlink":"https:\/\/wp.me\/pcezmW-cMy","jetpack_sharing_enabled":true,"_links":{"self":[{"href":"https:\/\/algarve7.pt\/index.php\/wp-json\/wp\/v2\/posts\/49138","targetHints":{"allow":["GET"]}}],"collection":[{"href":"https:\/\/algarve7.pt\/index.php\/wp-json\/wp\/v2\/posts"}],"about":[{"href":"https:\/\/algarve7.pt\/index.php\/wp-json\/wp\/v2\/types\/post"}],"author":[{"embeddable":true,"href":"https:\/\/algarve7.pt\/index.php\/wp-json\/wp\/v2\/users\/1"}],"replies":[{"embeddable":true,"href":"https:\/\/algarve7.pt\/index.php\/wp-json\/wp\/v2\/comments?post=49138"}],"version-history":[{"count":0,"href":"https:\/\/algarve7.pt\/index.php\/wp-json\/wp\/v2\/posts\/49138\/revisions"}],"wp:featuredmedia":[{"embeddable":true,"href":"https:\/\/algarve7.pt\/index.php\/wp-json\/wp\/v2\/media\/49139"}],"wp:attachment":[{"href":"https:\/\/algarve7.pt\/index.php\/wp-json\/wp\/v2\/media?parent=49138"}],"wp:term":[{"taxonomy":"category","embeddable":true,"href":"https:\/\/algarve7.pt\/index.php\/wp-json\/wp\/v2\/categories?post=49138"},{"taxonomy":"post_tag","embeddable":true,"href":"https:\/\/algarve7.pt\/index.php\/wp-json\/wp\/v2\/tags?post=49138"}],"curies":[{"name":"wp","href":"https:\/\/api.w.org\/{rel}","templated":true}]}}