{"id":48964,"date":"2025-04-02T10:20:00","date_gmt":"2025-04-02T09:20:00","guid":{"rendered":"https:\/\/algarve7.pt\/?p=48964"},"modified":"2025-03-31T20:01:05","modified_gmt":"2025-03-31T19:01:05","slug":"coral-ossonoba-celebra-o-25-de-abril-com-concerto-especial-no-teatro-das-figuras","status":"publish","type":"post","link":"https:\/\/algarve7.pt\/index.php\/2025\/04\/coral-ossonoba-celebra-o-25-de-abril-com-concerto-especial-no-teatro-das-figuras\/cultura\/10\/20\/","title":{"rendered":"Coral Oss\u00f3noba celebra o 25 de abril com concerto especial no Teatro das Figuras"},"content":{"rendered":"\n<p>O Grupo Coral Oss\u00f3noba prepara-se para celebrar o 25 de abril com um&nbsp;<strong>espet\u00e1culo especial no Teatro das Figuras, em Faro,<\/strong>&nbsp;onde grandes temas da liberdade e que marcaram a revolu\u00e7\u00e3o ser\u00e3o levados a palco. Mais do que um concerto, o espet\u00e1culo tra\u00e7a o percurso musical e po\u00e9tico rumo \u00e0 democracia pelas vozes dos tr\u00eas coros do Oss\u00f3noba e de ilustres artistas da regi\u00e3o. Para ver dia 12 de abril, \u00e0s 21h30.&nbsp;<\/p>\n\n\n\n<p>A ideia de juntar o&nbsp;<strong>coletivo de vozes do Oss\u00f3noba<\/strong>&nbsp;\u2013 que inclui os Pequenos Cantores (dos 7 aos 15 anos), as Novas Vozes (dos 15 aos 25 anos) e o Coral Oss\u00f3noba (dos 25 anos em diante) \u2013 em palco n\u00e3o \u00e9 nova. Mas num espet\u00e1culo desta envergadura sim. As can\u00e7\u00f5es que abriram caminho \u00e0 liberdade conquistada na Revolu\u00e7\u00e3o dos Cravos e que constam do repert\u00f3rio da noite t\u00eam na sua maioria arranjos do&nbsp;<strong>maestro Nuno Sequeira Rodrigues<\/strong>, feitos especificamente para o grupo coral. Haver\u00e1 ainda declama\u00e7\u00e3o de poesia, proje\u00e7\u00e3o de filmes e convidados como&nbsp;<strong>Domingos Caetano (\u00cdris), Viviane e T\u00f3 Viegas, o poeta Fernando Cabrita, o cantor e poeta Afonso Dias e o pianista Pedro Calquinha,&nbsp;<\/strong>num programa que pretende motivar a continuar a luta pela liberdade.&nbsp;<\/p>\n\n\n\n<p>Temas como&nbsp;<strong>\u201cA Morte Saiu \u00e0 Rua\u201d<\/strong>,<strong>&nbsp;\u201cGr\u00e2ndola Vila Morena\u201d<\/strong>&nbsp;e&nbsp;<strong>\u201cO Primeiro Dia\u201d<\/strong>&nbsp;ser\u00e3o entoados neste concerto que surge integrado no projeto \u201cSonho da M\u00fasica\u201d, que assinala este ano a sua 10.\u00aa edi\u00e7\u00e3o.<\/p>\n\n\n\n<p>Os bilhetes para o espet\u00e1culo \u201cLiberdade \u2013 X Sonho da M\u00fasica\u201d custam 10 euros e j\u00e1 est\u00e3o \u00e0&nbsp;<a href=\"https:\/\/www.bol.pt\/Comprar\/Bilhetes\/154457-liberdade_x_sonho_da_musica-teatro_das_figuras\/\">venda na BOL<\/a>&nbsp;e no Teatro das Figuras (hor\u00e1rio da bilheteira: de ter\u00e7a a s\u00e1bado, das 13h00 \u00e0s 19h30).<\/p>\n","protected":false},"excerpt":{"rendered":"<p>O Grupo Coral Oss\u00f3noba prepara-se para celebrar o 25 de abril com um&nbsp;espet\u00e1culo especial no Teatro das Figuras, em Faro,&nbsp;onde<\/p>\n","protected":false},"author":1,"featured_media":48965,"comment_status":"closed","ping_status":"closed","sticky":false,"template":"","format":"standard","meta":{"colormag_page_container_layout":"default_layout","colormag_page_sidebar_layout":"default_layout","_monsterinsights_skip_tracking":false,"_monsterinsights_sitenote_active":false,"_monsterinsights_sitenote_note":"","_monsterinsights_sitenote_category":0,"jetpack_post_was_ever_published":false,"_jetpack_newsletter_access":"","_jetpack_dont_email_post_to_subs":false,"_jetpack_newsletter_tier_id":0,"_jetpack_memberships_contains_paywalled_content":false,"_jetpack_memberships_contains_paid_content":false,"footnotes":"","jetpack_publicize_message":"","jetpack_publicize_feature_enabled":true,"jetpack_social_post_already_shared":true,"jetpack_social_options":{"image_generator_settings":{"template":"highway","default_image_id":0,"font":"","enabled":false},"version":2}},"categories":[14],"tags":[36,35,57,245],"class_list":["post-48964","post","type-post","status-publish","format-standard","has-post-thumbnail","hentry","category-cultura","tag-algarve","tag-cultura","tag-faro","tag-teatro-das-figuras"],"yoast_head":"<!-- This site is optimized with the Yoast SEO plugin v27.5 - https:\/\/yoast.com\/product\/yoast-seo-wordpress\/ -->\n<title>Coral Oss\u00f3noba celebra o 25 de abril com concerto especial no Teatro das Figuras - Algarve 7<\/title>\n<meta name=\"description\" content=\"Coral Oss\u00f3noba celebra o 25 de abril com concerto especial no Teatro das Figuras Cultura\" \/>\n<meta name=\"robots\" content=\"index, follow, max-snippet:-1, max-image-preview:large, max-video-preview:-1\" \/>\n<link rel=\"canonical\" href=\"https:\/\/algarve7.pt\/index.php\/2025\/04\/coral-ossonoba-celebra-o-25-de-abril-com-concerto-especial-no-teatro-das-figuras\/cultura\/10\/20\/\" \/>\n<meta property=\"og:locale\" content=\"pt_PT\" \/>\n<meta property=\"og:type\" content=\"article\" \/>\n<meta property=\"og:title\" content=\"Coral Oss\u00f3noba celebra o 25 de abril com concerto especial no Teatro das Figuras - Algarve 7\" \/>\n<meta property=\"og:description\" content=\"Coral Oss\u00f3noba celebra o 25 de abril com concerto especial no Teatro das Figuras Cultura\" \/>\n<meta property=\"og:url\" content=\"https:\/\/algarve7.pt\/index.php\/2025\/04\/coral-ossonoba-celebra-o-25-de-abril-com-concerto-especial-no-teatro-das-figuras\/cultura\/10\/20\/\" \/>\n<meta property=\"og:site_name\" content=\"Algarve 7\" \/>\n<meta property=\"article:publisher\" content=\"https:\/\/www.facebook.com\/algarve7\" \/>\n<meta property=\"article:author\" content=\"https:\/\/www.facebook.com\/algarve7\" \/>\n<meta property=\"article:published_time\" content=\"2025-04-02T09:20:00+00:00\" \/>\n<meta property=\"og:image\" content=\"https:\/\/algarve7.pt\/wp-content\/uploads\/2025\/03\/Captura-de-ecra-2025-03-31-as-19.59.09.png\" \/>\n\t<meta property=\"og:image:width\" content=\"800\" \/>\n\t<meta property=\"og:image:height\" content=\"500\" \/>\n\t<meta property=\"og:image:type\" content=\"image\/png\" \/>\n<meta name=\"author\" content=\"Algarve 7\" \/>\n<meta name=\"twitter:card\" content=\"summary_large_image\" \/>\n<meta name=\"twitter:creator\" content=\"@Algarvesete\" \/>\n<meta name=\"twitter:site\" content=\"@Algarvesete\" \/>\n<meta name=\"twitter:label1\" content=\"Escrito por\" \/>\n\t<meta name=\"twitter:data1\" content=\"Algarve 7\" \/>\n\t<meta name=\"twitter:label2\" content=\"Tempo estimado de leitura\" \/>\n\t<meta name=\"twitter:data2\" content=\"2 minutos\" \/>\n<script type=\"application\/ld+json\" class=\"yoast-schema-graph\">{\"@context\":\"https:\\\/\\\/schema.org\",\"@graph\":[{\"@type\":\"Article\",\"@id\":\"https:\\\/\\\/algarve7.pt\\\/index.php\\\/2025\\\/04\\\/coral-ossonoba-celebra-o-25-de-abril-com-concerto-especial-no-teatro-das-figuras\\\/cultura\\\/10\\\/20\\\/#article\",\"isPartOf\":{\"@id\":\"https:\\\/\\\/algarve7.pt\\\/index.php\\\/2025\\\/04\\\/coral-ossonoba-celebra-o-25-de-abril-com-concerto-especial-no-teatro-das-figuras\\\/cultura\\\/10\\\/20\\\/\"},\"author\":{\"name\":\"Algarve 7\",\"@id\":\"https:\\\/\\\/algarve7.pt\\\/#\\\/schema\\\/person\\\/23fa70681308e7b319a3204bcea45e0c\"},\"headline\":\"Coral Oss\u00f3noba celebra o 25 de abril com concerto especial no Teatro das Figuras\",\"datePublished\":\"2025-04-02T09:20:00+00:00\",\"mainEntityOfPage\":{\"@id\":\"https:\\\/\\\/algarve7.pt\\\/index.php\\\/2025\\\/04\\\/coral-ossonoba-celebra-o-25-de-abril-com-concerto-especial-no-teatro-das-figuras\\\/cultura\\\/10\\\/20\\\/\"},\"wordCount\":315,\"publisher\":{\"@id\":\"https:\\\/\\\/algarve7.pt\\\/#organization\"},\"image\":{\"@id\":\"https:\\\/\\\/algarve7.pt\\\/index.php\\\/2025\\\/04\\\/coral-ossonoba-celebra-o-25-de-abril-com-concerto-especial-no-teatro-das-figuras\\\/cultura\\\/10\\\/20\\\/#primaryimage\"},\"thumbnailUrl\":\"https:\\\/\\\/algarve7.pt\\\/wp-content\\\/uploads\\\/2025\\\/03\\\/Captura-de-ecra-2025-03-31-as-19.59.09.png\",\"keywords\":[\"Algarve\",\"Cultura\",\"Faro\",\"Teatro das Figuras\"],\"articleSection\":[\"Cultura\"],\"inLanguage\":\"pt-PT\"},{\"@type\":\"WebPage\",\"@id\":\"https:\\\/\\\/algarve7.pt\\\/index.php\\\/2025\\\/04\\\/coral-ossonoba-celebra-o-25-de-abril-com-concerto-especial-no-teatro-das-figuras\\\/cultura\\\/10\\\/20\\\/\",\"url\":\"https:\\\/\\\/algarve7.pt\\\/index.php\\\/2025\\\/04\\\/coral-ossonoba-celebra-o-25-de-abril-com-concerto-especial-no-teatro-das-figuras\\\/cultura\\\/10\\\/20\\\/\",\"name\":\"Coral Oss\u00f3noba celebra o 25 de abril com concerto especial no Teatro das Figuras - Algarve 7\",\"isPartOf\":{\"@id\":\"https:\\\/\\\/algarve7.pt\\\/#website\"},\"primaryImageOfPage\":{\"@id\":\"https:\\\/\\\/algarve7.pt\\\/index.php\\\/2025\\\/04\\\/coral-ossonoba-celebra-o-25-de-abril-com-concerto-especial-no-teatro-das-figuras\\\/cultura\\\/10\\\/20\\\/#primaryimage\"},\"image\":{\"@id\":\"https:\\\/\\\/algarve7.pt\\\/index.php\\\/2025\\\/04\\\/coral-ossonoba-celebra-o-25-de-abril-com-concerto-especial-no-teatro-das-figuras\\\/cultura\\\/10\\\/20\\\/#primaryimage\"},\"thumbnailUrl\":\"https:\\\/\\\/algarve7.pt\\\/wp-content\\\/uploads\\\/2025\\\/03\\\/Captura-de-ecra-2025-03-31-as-19.59.09.png\",\"datePublished\":\"2025-04-02T09:20:00+00:00\",\"description\":\"Coral Oss\u00f3noba celebra o 25 de abril com concerto especial no Teatro das Figuras Cultura\",\"breadcrumb\":{\"@id\":\"https:\\\/\\\/algarve7.pt\\\/index.php\\\/2025\\\/04\\\/coral-ossonoba-celebra-o-25-de-abril-com-concerto-especial-no-teatro-das-figuras\\\/cultura\\\/10\\\/20\\\/#breadcrumb\"},\"inLanguage\":\"pt-PT\",\"potentialAction\":[{\"@type\":\"ReadAction\",\"target\":[\"https:\\\/\\\/algarve7.pt\\\/index.php\\\/2025\\\/04\\\/coral-ossonoba-celebra-o-25-de-abril-com-concerto-especial-no-teatro-das-figuras\\\/cultura\\\/10\\\/20\\\/\"]}]},{\"@type\":\"ImageObject\",\"inLanguage\":\"pt-PT\",\"@id\":\"https:\\\/\\\/algarve7.pt\\\/index.php\\\/2025\\\/04\\\/coral-ossonoba-celebra-o-25-de-abril-com-concerto-especial-no-teatro-das-figuras\\\/cultura\\\/10\\\/20\\\/#primaryimage\",\"url\":\"https:\\\/\\\/algarve7.pt\\\/wp-content\\\/uploads\\\/2025\\\/03\\\/Captura-de-ecra-2025-03-31-as-19.59.09.png\",\"contentUrl\":\"https:\\\/\\\/algarve7.pt\\\/wp-content\\\/uploads\\\/2025\\\/03\\\/Captura-de-ecra-2025-03-31-as-19.59.09.png\",\"width\":800,\"height\":500},{\"@type\":\"BreadcrumbList\",\"@id\":\"https:\\\/\\\/algarve7.pt\\\/index.php\\\/2025\\\/04\\\/coral-ossonoba-celebra-o-25-de-abril-com-concerto-especial-no-teatro-das-figuras\\\/cultura\\\/10\\\/20\\\/#breadcrumb\",\"itemListElement\":[{\"@type\":\"ListItem\",\"position\":1,\"name\":\"In\u00edcio\",\"item\":\"https:\\\/\\\/algarve7.pt\\\/\"},{\"@type\":\"ListItem\",\"position\":2,\"name\":\"Coral Oss\u00f3noba celebra o 25 de abril com concerto especial no Teatro das Figuras\"}]},{\"@type\":\"WebSite\",\"@id\":\"https:\\\/\\\/algarve7.pt\\\/#website\",\"url\":\"https:\\\/\\\/algarve7.pt\\\/\",\"name\":\"Algarve 7\",\"description\":\"Informa\u00e7\u00e3o sobre o Algarve\",\"publisher\":{\"@id\":\"https:\\\/\\\/algarve7.pt\\\/#organization\"},\"potentialAction\":[{\"@type\":\"SearchAction\",\"target\":{\"@type\":\"EntryPoint\",\"urlTemplate\":\"https:\\\/\\\/algarve7.pt\\\/?s={search_term_string}\"},\"query-input\":{\"@type\":\"PropertyValueSpecification\",\"valueRequired\":true,\"valueName\":\"search_term_string\"}}],\"inLanguage\":\"pt-PT\"},{\"@type\":\"Organization\",\"@id\":\"https:\\\/\\\/algarve7.pt\\\/#organization\",\"name\":\"Algarve 7\",\"url\":\"https:\\\/\\\/algarve7.pt\\\/\",\"logo\":{\"@type\":\"ImageObject\",\"inLanguage\":\"pt-PT\",\"@id\":\"https:\\\/\\\/algarve7.pt\\\/#\\\/schema\\\/logo\\\/image\\\/\",\"url\":\"https:\\\/\\\/algarve7.pt\\\/wp-content\\\/uploads\\\/2020\\\/10\\\/Logo-8.jpg\",\"contentUrl\":\"https:\\\/\\\/algarve7.pt\\\/wp-content\\\/uploads\\\/2020\\\/10\\\/Logo-8.jpg\",\"width\":1680,\"height\":1186,\"caption\":\"Algarve 7\"},\"image\":{\"@id\":\"https:\\\/\\\/algarve7.pt\\\/#\\\/schema\\\/logo\\\/image\\\/\"},\"sameAs\":[\"https:\\\/\\\/www.facebook.com\\\/algarve7\",\"https:\\\/\\\/x.com\\\/Algarvesete\",\"https:\\\/\\\/www.instagram.com\\\/jornalalgarve7\\\/\",\"https:\\\/\\\/www.linkedin.com\\\/company\\\/algarve7\",\"https:\\\/\\\/www.pinterest.pt\\\/geral0939\\\/_created\\\/\"]},{\"@type\":\"Person\",\"@id\":\"https:\\\/\\\/algarve7.pt\\\/#\\\/schema\\\/person\\\/23fa70681308e7b319a3204bcea45e0c\",\"name\":\"Algarve 7\",\"sameAs\":[\"https:\\\/\\\/algarve7.pt\",\"https:\\\/\\\/www.facebook.com\\\/algarve7\"],\"url\":\"https:\\\/\\\/algarve7.pt\\\/index.php\\\/author\\\/geralalgarve7-pt\\\/\"}]}<\/script>\n<!-- \/ Yoast SEO plugin. -->","yoast_head_json":{"title":"Coral Oss\u00f3noba celebra o 25 de abril com concerto especial no Teatro das Figuras - Algarve 7","description":"Coral Oss\u00f3noba celebra o 25 de abril com concerto especial no Teatro das Figuras Cultura","robots":{"index":"index","follow":"follow","max-snippet":"max-snippet:-1","max-image-preview":"max-image-preview:large","max-video-preview":"max-video-preview:-1"},"canonical":"https:\/\/algarve7.pt\/index.php\/2025\/04\/coral-ossonoba-celebra-o-25-de-abril-com-concerto-especial-no-teatro-das-figuras\/cultura\/10\/20\/","og_locale":"pt_PT","og_type":"article","og_title":"Coral Oss\u00f3noba celebra o 25 de abril com concerto especial no Teatro das Figuras - Algarve 7","og_description":"Coral Oss\u00f3noba celebra o 25 de abril com concerto especial no Teatro das Figuras Cultura","og_url":"https:\/\/algarve7.pt\/index.php\/2025\/04\/coral-ossonoba-celebra-o-25-de-abril-com-concerto-especial-no-teatro-das-figuras\/cultura\/10\/20\/","og_site_name":"Algarve 7","article_publisher":"https:\/\/www.facebook.com\/algarve7","article_author":"https:\/\/www.facebook.com\/algarve7","article_published_time":"2025-04-02T09:20:00+00:00","og_image":[{"width":800,"height":500,"url":"https:\/\/algarve7.pt\/wp-content\/uploads\/2025\/03\/Captura-de-ecra-2025-03-31-as-19.59.09.png","type":"image\/png"}],"author":"Algarve 7","twitter_card":"summary_large_image","twitter_creator":"@Algarvesete","twitter_site":"@Algarvesete","twitter_misc":{"Escrito por":"Algarve 7","Tempo estimado de leitura":"2 minutos"},"schema":{"@context":"https:\/\/schema.org","@graph":[{"@type":"Article","@id":"https:\/\/algarve7.pt\/index.php\/2025\/04\/coral-ossonoba-celebra-o-25-de-abril-com-concerto-especial-no-teatro-das-figuras\/cultura\/10\/20\/#article","isPartOf":{"@id":"https:\/\/algarve7.pt\/index.php\/2025\/04\/coral-ossonoba-celebra-o-25-de-abril-com-concerto-especial-no-teatro-das-figuras\/cultura\/10\/20\/"},"author":{"name":"Algarve 7","@id":"https:\/\/algarve7.pt\/#\/schema\/person\/23fa70681308e7b319a3204bcea45e0c"},"headline":"Coral Oss\u00f3noba celebra o 25 de abril com concerto especial no Teatro das Figuras","datePublished":"2025-04-02T09:20:00+00:00","mainEntityOfPage":{"@id":"https:\/\/algarve7.pt\/index.php\/2025\/04\/coral-ossonoba-celebra-o-25-de-abril-com-concerto-especial-no-teatro-das-figuras\/cultura\/10\/20\/"},"wordCount":315,"publisher":{"@id":"https:\/\/algarve7.pt\/#organization"},"image":{"@id":"https:\/\/algarve7.pt\/index.php\/2025\/04\/coral-ossonoba-celebra-o-25-de-abril-com-concerto-especial-no-teatro-das-figuras\/cultura\/10\/20\/#primaryimage"},"thumbnailUrl":"https:\/\/algarve7.pt\/wp-content\/uploads\/2025\/03\/Captura-de-ecra-2025-03-31-as-19.59.09.png","keywords":["Algarve","Cultura","Faro","Teatro das Figuras"],"articleSection":["Cultura"],"inLanguage":"pt-PT"},{"@type":"WebPage","@id":"https:\/\/algarve7.pt\/index.php\/2025\/04\/coral-ossonoba-celebra-o-25-de-abril-com-concerto-especial-no-teatro-das-figuras\/cultura\/10\/20\/","url":"https:\/\/algarve7.pt\/index.php\/2025\/04\/coral-ossonoba-celebra-o-25-de-abril-com-concerto-especial-no-teatro-das-figuras\/cultura\/10\/20\/","name":"Coral Oss\u00f3noba celebra o 25 de abril com concerto especial no Teatro das Figuras - Algarve 7","isPartOf":{"@id":"https:\/\/algarve7.pt\/#website"},"primaryImageOfPage":{"@id":"https:\/\/algarve7.pt\/index.php\/2025\/04\/coral-ossonoba-celebra-o-25-de-abril-com-concerto-especial-no-teatro-das-figuras\/cultura\/10\/20\/#primaryimage"},"image":{"@id":"https:\/\/algarve7.pt\/index.php\/2025\/04\/coral-ossonoba-celebra-o-25-de-abril-com-concerto-especial-no-teatro-das-figuras\/cultura\/10\/20\/#primaryimage"},"thumbnailUrl":"https:\/\/algarve7.pt\/wp-content\/uploads\/2025\/03\/Captura-de-ecra-2025-03-31-as-19.59.09.png","datePublished":"2025-04-02T09:20:00+00:00","description":"Coral Oss\u00f3noba celebra o 25 de abril com concerto especial no Teatro das Figuras Cultura","breadcrumb":{"@id":"https:\/\/algarve7.pt\/index.php\/2025\/04\/coral-ossonoba-celebra-o-25-de-abril-com-concerto-especial-no-teatro-das-figuras\/cultura\/10\/20\/#breadcrumb"},"inLanguage":"pt-PT","potentialAction":[{"@type":"ReadAction","target":["https:\/\/algarve7.pt\/index.php\/2025\/04\/coral-ossonoba-celebra-o-25-de-abril-com-concerto-especial-no-teatro-das-figuras\/cultura\/10\/20\/"]}]},{"@type":"ImageObject","inLanguage":"pt-PT","@id":"https:\/\/algarve7.pt\/index.php\/2025\/04\/coral-ossonoba-celebra-o-25-de-abril-com-concerto-especial-no-teatro-das-figuras\/cultura\/10\/20\/#primaryimage","url":"https:\/\/algarve7.pt\/wp-content\/uploads\/2025\/03\/Captura-de-ecra-2025-03-31-as-19.59.09.png","contentUrl":"https:\/\/algarve7.pt\/wp-content\/uploads\/2025\/03\/Captura-de-ecra-2025-03-31-as-19.59.09.png","width":800,"height":500},{"@type":"BreadcrumbList","@id":"https:\/\/algarve7.pt\/index.php\/2025\/04\/coral-ossonoba-celebra-o-25-de-abril-com-concerto-especial-no-teatro-das-figuras\/cultura\/10\/20\/#breadcrumb","itemListElement":[{"@type":"ListItem","position":1,"name":"In\u00edcio","item":"https:\/\/algarve7.pt\/"},{"@type":"ListItem","position":2,"name":"Coral Oss\u00f3noba celebra o 25 de abril com concerto especial no Teatro das Figuras"}]},{"@type":"WebSite","@id":"https:\/\/algarve7.pt\/#website","url":"https:\/\/algarve7.pt\/","name":"Algarve 7","description":"Informa\u00e7\u00e3o sobre o Algarve","publisher":{"@id":"https:\/\/algarve7.pt\/#organization"},"potentialAction":[{"@type":"SearchAction","target":{"@type":"EntryPoint","urlTemplate":"https:\/\/algarve7.pt\/?s={search_term_string}"},"query-input":{"@type":"PropertyValueSpecification","valueRequired":true,"valueName":"search_term_string"}}],"inLanguage":"pt-PT"},{"@type":"Organization","@id":"https:\/\/algarve7.pt\/#organization","name":"Algarve 7","url":"https:\/\/algarve7.pt\/","logo":{"@type":"ImageObject","inLanguage":"pt-PT","@id":"https:\/\/algarve7.pt\/#\/schema\/logo\/image\/","url":"https:\/\/algarve7.pt\/wp-content\/uploads\/2020\/10\/Logo-8.jpg","contentUrl":"https:\/\/algarve7.pt\/wp-content\/uploads\/2020\/10\/Logo-8.jpg","width":1680,"height":1186,"caption":"Algarve 7"},"image":{"@id":"https:\/\/algarve7.pt\/#\/schema\/logo\/image\/"},"sameAs":["https:\/\/www.facebook.com\/algarve7","https:\/\/x.com\/Algarvesete","https:\/\/www.instagram.com\/jornalalgarve7\/","https:\/\/www.linkedin.com\/company\/algarve7","https:\/\/www.pinterest.pt\/geral0939\/_created\/"]},{"@type":"Person","@id":"https:\/\/algarve7.pt\/#\/schema\/person\/23fa70681308e7b319a3204bcea45e0c","name":"Algarve 7","sameAs":["https:\/\/algarve7.pt","https:\/\/www.facebook.com\/algarve7"],"url":"https:\/\/algarve7.pt\/index.php\/author\/geralalgarve7-pt\/"}]}},"jetpack_publicize_connections":[],"jetpack_featured_media_url":"https:\/\/algarve7.pt\/wp-content\/uploads\/2025\/03\/Captura-de-ecra-2025-03-31-as-19.59.09.png","jetpack_shortlink":"https:\/\/wp.me\/pcezmW-cJK","jetpack_sharing_enabled":true,"_links":{"self":[{"href":"https:\/\/algarve7.pt\/index.php\/wp-json\/wp\/v2\/posts\/48964","targetHints":{"allow":["GET"]}}],"collection":[{"href":"https:\/\/algarve7.pt\/index.php\/wp-json\/wp\/v2\/posts"}],"about":[{"href":"https:\/\/algarve7.pt\/index.php\/wp-json\/wp\/v2\/types\/post"}],"author":[{"embeddable":true,"href":"https:\/\/algarve7.pt\/index.php\/wp-json\/wp\/v2\/users\/1"}],"replies":[{"embeddable":true,"href":"https:\/\/algarve7.pt\/index.php\/wp-json\/wp\/v2\/comments?post=48964"}],"version-history":[{"count":0,"href":"https:\/\/algarve7.pt\/index.php\/wp-json\/wp\/v2\/posts\/48964\/revisions"}],"wp:featuredmedia":[{"embeddable":true,"href":"https:\/\/algarve7.pt\/index.php\/wp-json\/wp\/v2\/media\/48965"}],"wp:attachment":[{"href":"https:\/\/algarve7.pt\/index.php\/wp-json\/wp\/v2\/media?parent=48964"}],"wp:term":[{"taxonomy":"category","embeddable":true,"href":"https:\/\/algarve7.pt\/index.php\/wp-json\/wp\/v2\/categories?post=48964"},{"taxonomy":"post_tag","embeddable":true,"href":"https:\/\/algarve7.pt\/index.php\/wp-json\/wp\/v2\/tags?post=48964"}],"curies":[{"name":"wp","href":"https:\/\/api.w.org\/{rel}","templated":true}]}}