{"id":48943,"date":"2025-04-01T10:30:00","date_gmt":"2025-04-01T09:30:00","guid":{"rendered":"https:\/\/algarve7.pt\/?p=48943"},"modified":"2025-03-31T19:14:21","modified_gmt":"2025-03-31T18:14:21","slug":"abril-mes-da-saude-sensibiliza-populacao-para-importancia-de-habitos-de-vida-saudaveis","status":"publish","type":"post","link":"https:\/\/algarve7.pt\/index.php\/2025\/04\/abril-mes-da-saude-sensibiliza-populacao-para-importancia-de-habitos-de-vida-saudaveis\/saude\/10\/30\/","title":{"rendered":"\u201cAbril, m\u00eas da Sa\u00fade\u201d sensibiliza popula\u00e7\u00e3o para import\u00e2ncia de h\u00e1bitos de vida saud\u00e1veis"},"content":{"rendered":"\n<p>No \u00e2mbito do Dia Mundial da Sa\u00fade (7 de abril),&nbsp;&nbsp;o Munic\u00edpio de Portim\u00e3o dinamiza durante todo o m\u00eas de abril a iniciativa &#8220;Abril, m\u00eas da Sa\u00fade&#8221;, com um conjunto de a\u00e7\u00f5es e iniciativas com o intuito de alertar a popula\u00e7\u00e3o para a import\u00e2ncia da preven\u00e7\u00e3o e de incentivar a ado\u00e7\u00e3o de h\u00e1bitos saud\u00e1veis.<\/p>\n\n\n\n<p>Durante o m\u00eas, sob a chancela \u201cPortim\u00e3o Saud\u00e1vel\u201d- nutri\u00e7\u00e3o, desporto e sa\u00fade,&nbsp;&nbsp;haver\u00e1 lugar para atividades descentralizadas de promo\u00e7\u00e3o da sa\u00fade, aulas de atividade f\u00edsica, palestras, workshops, rastreios, a\u00e7\u00f5es de sensibiliza\u00e7\u00e3o, entre muitas outras a\u00e7\u00f5es que envolvem a participa\u00e7\u00e3o de diferentes \u00e1reas da autarquia, bem como institui\u00e7\u00f5es e associa\u00e7\u00f5es com interven\u00e7\u00e3o na \u00e1rea da sa\u00fade no concelho.<\/p>\n\n\n\n<p>Do programa fazem parte algumas a\u00e7\u00f5es que j\u00e1 s\u00e3o familiares para alguns dos p\u00fablicos, como \u00e9 o caso da \u201cOficina da Mem\u00f3ria\u201d &#8211; Clube de Leitura para Pessoas de Idade Maior<\/p>\n\n\n\n<p>que nos \u00faltimos meses tem sido dinamizada por S\u00f3nia Pereira que tomando como ponto de partida mem\u00f3rias liter\u00e1rias dos ouvintes cria uma din\u00e2mica interativa entre ouvintes e mediadora, num exerc\u00edcio de mem\u00f3ria que, em abril ( dia 3) como \u00e9 habitual ter\u00e1 lugar no \u00e0s 14h30, no Centro de Conv\u00edvio S\u00e9nior da Aldeia das Sobreiras, \u00e0s 16h30, no Centro de Conv\u00edvio S\u00e9nior de Portim\u00e3o, e, \u00e0s 19h30, na Biblioteca Municipal Teixeira Gomes.<\/p>\n\n\n\n<p>&nbsp;O \u201cCaf\u00e9 da Mem\u00f3ria\u201d \u00e9 outra iniciativa que integra o programa &#8220;Abril, M\u00eas da Sa\u00fade&#8221; e que j\u00e1 se afirma como um ponto de encontro habitual para conversas sobre dem\u00eancia e Alzheimer e um espa\u00e7o de partilha e suporte m\u00fatuo para pessoas com problemas de mem\u00f3ria ou dem\u00eancia, bem como para os seus familiares e cuidadores. No dia 12, o convite \u00e9 \u201cvenha exercitar o seu c\u00e9rebro connosco\u201d, numa sess\u00e3o dedicada \u00e0 estimula\u00e7\u00e3o cognitiva. Promovido pela Alzheimer Portugal e pela Sonae Sierra, em parceria com o Munic\u00edpio de Portim\u00e3o, o Caf\u00e9 Mem\u00f3ria realiza-se no segundo s\u00e1bado de cada m\u00eas, entre as 10h30 e as 12h30, na sala de forma\u00e7\u00e3o do Museu de Portim\u00e3o.<\/p>\n\n\n\n<p><strong>Unidade de Sa\u00fade M\u00f3vel refor\u00e7a proximidade com rastreios e a\u00e7\u00f5es de sensibiliza\u00e7\u00e3o<\/strong><\/p>\n\n\n\n<p>Durante o m\u00eas de abril, a Unidade de Sa\u00fade M\u00f3vel intensifica a sua a\u00e7\u00e3o junto da popula\u00e7\u00e3o, promovendo rastreios e a\u00e7\u00f5es de sensibiliza\u00e7\u00e3o sobre diversas tem\u00e1ticas ligadas \u00e0 sa\u00fade. As iniciativas decorrer\u00e3o em locais estrat\u00e9gicos, como o Mercado da Avenida S\u00e3o Jo\u00e3o de Deus e a Alameda da Pra\u00e7a da Rep\u00fablica, entre as 9h30 e as 12h00.<\/p>\n\n\n\n<p>No Mercado, est\u00e3o previstas a\u00e7\u00f5es dedicadas \u00e0 hipertens\u00e3o arterial (dia 9), seguidas de um rastreio e recomenda\u00e7\u00f5es para a sua preven\u00e7\u00e3o (dia 10), ao estatuto do cuidador informal (dia 14), \u00e0 diabetes tipo 2 (dia 16), ao p\u00e9 diab\u00e9tico (dia 17) e ao rastreio de disfagia e nutri\u00e7\u00e3o (dia 24). J\u00e1 na Alameda, decorrer\u00e3o sess\u00f5es de esclarecimento sobre amamenta\u00e7\u00e3o (dia 2), vigil\u00e2ncia de sa\u00fade na gravidez e puerp\u00e9rio (dia 3), alimenta\u00e7\u00e3o saud\u00e1vel (dias 8 e 15), alergias (dia 10) e a import\u00e2ncia do rastreio do cancro do colo do \u00fatero (dia 21).<\/p>\n\n\n\n<p>A Unidade de Sa\u00fade M\u00f3vel resulta de uma parceria entre a Administra\u00e7\u00e3o Regional de Sa\u00fade (ARS) do Algarve, atual ULS- Unidade Local de Sa\u00fade e o Munic\u00edpio de Portim\u00e3o e percorre v\u00e1rias localidades das tr\u00eas freguesias do concelho, promovendo rastreios gratuitos e aconselhamento, especialmente junto da popula\u00e7\u00e3o s\u00e9nior residente em zonas mais distantes e isoladas.<\/p>\n\n\n\n<p><strong>Promover h\u00e1bitos de vida saud\u00e1vel para todas as idades<\/strong><\/p>\n\n\n\n<p>O programa &#8220;Abril, M\u00eas da Sa\u00fade&#8221;&nbsp;desafia diferentes p\u00fablicos para uma reflex\u00e3o e ado\u00e7\u00e3o de estilos de vida saud\u00e1veis, onde a alimenta\u00e7\u00e3o e a atividade f\u00edsica t\u00eam um papel fulcral.&nbsp;&nbsp;<\/p>\n\n\n\n<p>No dia 23, o Jardim Gon\u00e7alo Ribeiro Teles acolhe uma palestra sobre a preven\u00e7\u00e3o dos maus-tratos a crian\u00e7as e jovens, enquanto no dia 28 as Escolas Secund\u00e1rias Poeta Ant\u00f3nio Aleixo e Manuel Teixeira Gomes recebem a Unidade de Sa\u00fade M\u00f3vel para uma sess\u00e3o dedicada \u00e0 diabetes tipo 1 no contexto escolar.&nbsp;&nbsp;O encerramento do programa, a 30 de abril, ser\u00e1 marcado por uma reflex\u00e3o sobre \u201cA import\u00e2ncia da brincadeira no desenvolvimento infantil\u201d, novamente no Jardim Gon\u00e7alo Ribeiro Teles.<\/p>\n\n\n\n<p>A sensibiliza\u00e7\u00e3o para uma alimenta\u00e7\u00e3o equilibrada e o bem-estar f\u00edsico tamb\u00e9m fazem parte da programa\u00e7\u00e3o, n\u00e3o junto dos utentes dos Centros de Conv\u00edvio S\u00e9nior como da popula\u00e7\u00e3o em geral com sess\u00f5es como \u201cAlimenta\u00e7\u00e3o Saud\u00e1vel\u201d, dinamizada pela nutricionista Andreia Gomes na Biblioteca Municipal Manuel Teixeira Gomes (dia 15, \u00e0s 15h00), e o workshop \u201cDicas sobre Lanches\u201d, promovido pela ADRA na Quinta Pedag\u00f3gica de Portim\u00e3o (dia 21, das 10h00 \u00e0s 12h00). No dia 16, o Jardim Gon\u00e7alo Ribeiro Teles ser\u00e1 palco de uma aula de Yoga do Riso, conduzida por Aristeu Lacerda, entre as 15h00 e as 16h00, proporcionando um momento de descontra\u00e7\u00e3o e bem-estar acess\u00edvel a todas as idades.&nbsp;<\/p>\n\n\n\n<p>A marcar o&nbsp;<strong>Dia Mundial da Sa\u00fade<\/strong>, que se celebra a 7 de abril, ter\u00e1 lugar um Rastreio de Movimento para maiores de 65 anos, dinamizado pelo fisioterapeuta Joel Fernandes, no Clube Desportivo e Recreativo da Pedra Mourinha, entre as 10h00 e as 16h30. Com o apoio da Escola Superior de Sa\u00fade de Faro, esta iniciativa pretende sensibilizar a comunidade para a import\u00e2ncia de manter a mobilidade e a capacidade de se deitar e levantar do ch\u00e3o, promovendo um envelhecimento saud\u00e1vel, ativo e independente.<\/p>\n\n\n\n<p>A doen\u00e7a degenerativa cr\u00f3nica do sistema nervoso central assume especial import\u00e2ncia neste m\u00eas, sobretudo a 11 de abril, data que assinala o&nbsp;<strong>Dia Mundial da Doen\u00e7a de Parkinson<\/strong>. Uma palestra sobre esta patologia, pela equipa de psicogerontologia da Unidade de Sa\u00fade Local (ULS) do Algarve, \u00e0s 14h00, no Centro de Conv\u00edvio da Aldeia das Sobreiras, e uma sess\u00e3o de esclarecimento sobre os benef\u00edcios da fisioterapia para os portadores desta doen\u00e7a, com o fisioterapeuta David Varela, \u00e0s 15h00, na delega\u00e7\u00e3o da APDPK s\u00e3o as atividades que integram o programa.&nbsp;<\/p>\n\n\n\n<p>E porque os afetos, os momentos de conv\u00edvio&nbsp;&nbsp;e a alegria s\u00e3o elementos essenciais para a sa\u00fade e o bem-estar em todas as idades, no dia 11 de abril, entre as 14h30 e as 16h30, o Jardim Gon\u00e7alo Ribeiro Teles ser\u00e1 palco de um encontro muito especial entre os utentes dos Centros de Conv\u00edvio locais e as crian\u00e7as da Santa Casa da Miseric\u00f3rdia de Portim\u00e3o para uma &#8220;Partilha de Afetos&#8221; e o tradicional Baile da Pinha, estreitando la\u00e7os entre gera\u00e7\u00f5es e refor\u00e7ando a import\u00e2ncia do contacto social no desenvolvimento e na qualidade de vida.<\/p>\n\n\n\n<p><strong>Atividade F\u00edsica: Pilar da Sa\u00fade e Bem-Estar<\/strong><\/p>\n\n\n\n<p>A pr\u00e1tica regular de exerc\u00edcio f\u00edsico \u00e9 essencial para a promo\u00e7\u00e3o da sa\u00fade e da qualidade de vida, e o programa Abril, M\u00eas da Sa\u00fade inclui um conjunto de iniciativas que assinalam o&nbsp;<strong>Dia Mundial da Atividade F\u00edsica<\/strong>, celebrado a 6 de abril. Entre os dias 2 e 7, decorrem diversas atividades gratuitas, mas de inscri\u00e7\u00e3o obrigat\u00f3ria, convidando a popula\u00e7\u00e3o a adotar h\u00e1bitos mais ativos.<\/p>\n\n\n\n<p>O Complexo Desportivo da Mexilhoeira Grande promove aulas abertas de hidrogin\u00e1stica nos dias 2, 3 e 4, enquanto a Piscina Municipal de Portim\u00e3o dinamiza, a 5 de abril, uma mega-aula de hidrogin\u00e1stica e um momento l\u00fadico Pais &amp; Filhos, enquanto o Complexo Desportivo de Alvor oferece aulas abertas de nata\u00e7\u00e3o nos dias 5 e 7.&nbsp;<\/p>\n\n\n\n<p>O programa culmina com duas grandes iniciativas: o Portim\u00e3o UFIRDT Fitness Medley, no dia 5, no Pavilh\u00e3o Desportivo da Boavista Arena, e uma Manh\u00e3 Desportiva, a 6 de abril, no Parque de Feiras e Exposi\u00e7\u00f5es de Portim\u00e3o, com atividades para toda a fam\u00edlia, como fitness, basquetebol 3&#215;3 e andebol.<\/p>\n\n\n\n<p><strong>Estrat\u00e9gia Municipal de Sa\u00fade: um compromisso refor\u00e7ado do Munic\u00edpio<\/strong><\/p>\n\n\n\n<p>A C\u00e2mara Municipal de Portim\u00e3o tem vindo a refor\u00e7ar a sua a\u00e7\u00e3o na \u00e1rea da sa\u00fade, quer atrav\u00e9s do apoio a diversas institui\u00e7\u00f5es, quer pela dinamiza\u00e7\u00e3o de pol\u00edticas que promovem o bem-estar da popula\u00e7\u00e3o. Recorde-se que, desde 16 de dezembro de 2020, o Munic\u00edpio assumiu compet\u00eancias na \u00e1rea da sa\u00fade, conferidas pelo poder central, consolidando assim um papel mais ativo neste dom\u00ednio.<\/p>\n\n\n\n<p>Atualmente, est\u00e1 em prepara\u00e7\u00e3o a Estrat\u00e9gia Municipal de Sa\u00fade, um instrumento essencial de planeamento que definir\u00e1 as prioridades e a\u00e7\u00f5es nesta \u00e1rea. O documento base, elaborado pela Associa\u00e7\u00e3o para o Desenvolvimento do Centro Acad\u00e9mico de Investiga\u00e7\u00e3o e Forma\u00e7\u00e3o Biom\u00e9dica do Algarve (AD-ABC), estabelecer\u00e1 as principais linhas estrat\u00e9gicas, metas, indicadores, atividades e recursos necess\u00e1rios para a promo\u00e7\u00e3o da sa\u00fade no concelho.<\/p>\n\n\n\n<p>Como parte deste compromisso cont\u00ednuo, o Munic\u00edpio prepara tamb\u00e9m o lan\u00e7amento do Banco Municipal de Ajudas T\u00e9cnicas, que disponibilizar\u00e1 equipamentos essenciais para apoiar mun\u00edcipes em situa\u00e7\u00e3o de depend\u00eancia ou com mobilidade reduzida. O regulamento que definir\u00e1 os crit\u00e9rios de acesso a este servi\u00e7o ser\u00e1 brevemente submetido a aprova\u00e7\u00e3o em reuni\u00e3o de C\u00e2mara.<\/p>\n\n\n\n<p>Portim\u00e3o integra a Rede Portuguesa de Munic\u00edpios Saud\u00e1veis desde 20 de abril de 2017 e \u00e9 tamb\u00e9m parceiro informal do Observat\u00f3rio Regional da Seguran\u00e7a Alimentar do Algarve. A aposta do Munic\u00edpio na promo\u00e7\u00e3o da sa\u00fade, do bem-estar e da qualidade de vida tem sido uma prioridade, refletida na implementa\u00e7\u00e3o de iniciativas que aproximam os servi\u00e7os de sa\u00fade da popula\u00e7\u00e3o e promovem estilos de vida saud\u00e1veis.<\/p>\n\n\n\n<p>O programa completo de \u2018Abril, M\u00eas da Sa\u00fade\u2019 pode ser consultado em\u00a0<a href=\"https:\/\/view.publitas.com\/municipio-de-portimao\/programa-web_abril-mes-saude_soc_079i-25\" target=\"_blank\" rel=\"noreferrer noopener\">https:\/\/view.publitas.com\/municipio-de-portimao\/programa-web_abril-mes-saude_soc_079i-25<\/a>\u00a0onde est\u00e3o detalhadas todas as iniciativas que promovem a sa\u00fade e o bem-estar da comunidade ao longo do m\u00eas.<\/p>\n","protected":false},"excerpt":{"rendered":"<p>No \u00e2mbito do Dia Mundial da Sa\u00fade (7 de abril),&nbsp;&nbsp;o Munic\u00edpio de Portim\u00e3o dinamiza durante todo o m\u00eas de abril<\/p>\n","protected":false},"author":1,"featured_media":48944,"comment_status":"closed","ping_status":"closed","sticky":false,"template":"","format":"standard","meta":{"colormag_page_container_layout":"default_layout","colormag_page_sidebar_layout":"default_layout","_monsterinsights_skip_tracking":false,"_monsterinsights_sitenote_active":false,"_monsterinsights_sitenote_note":"","_monsterinsights_sitenote_category":0,"jetpack_post_was_ever_published":false,"_jetpack_newsletter_access":"","_jetpack_dont_email_post_to_subs":false,"_jetpack_newsletter_tier_id":0,"_jetpack_memberships_contains_paywalled_content":false,"_jetpack_memberships_contains_paid_content":false,"footnotes":"","jetpack_publicize_message":"","jetpack_publicize_feature_enabled":true,"jetpack_social_post_already_shared":true,"jetpack_social_options":{"image_generator_settings":{"template":"highway","default_image_id":0,"font":"","enabled":false},"version":2}},"categories":[59],"tags":[36,72,58],"class_list":["post-48943","post","type-post","status-publish","format-standard","has-post-thumbnail","hentry","category-saude","tag-algarve","tag-portimao","tag-saude"],"yoast_head":"<!-- This site is optimized with the Yoast SEO plugin v27.5 - https:\/\/yoast.com\/product\/yoast-seo-wordpress\/ -->\n<title>\u201cAbril, m\u00eas da Sa\u00fade\u201d sensibiliza popula\u00e7\u00e3o para import\u00e2ncia de h\u00e1bitos de vida saud\u00e1veis - Algarve 7<\/title>\n<meta name=\"description\" content=\"\u201cAbril, m\u00eas da Sa\u00fade\u201d sensibiliza popula\u00e7\u00e3o para import\u00e2ncia de h\u00e1bitos de vida saud\u00e1veis Sa\u00fade\" \/>\n<meta name=\"robots\" content=\"index, follow, max-snippet:-1, max-image-preview:large, max-video-preview:-1\" \/>\n<link rel=\"canonical\" href=\"https:\/\/algarve7.pt\/index.php\/2025\/04\/abril-mes-da-saude-sensibiliza-populacao-para-importancia-de-habitos-de-vida-saudaveis\/saude\/10\/30\/\" \/>\n<meta property=\"og:locale\" content=\"pt_PT\" \/>\n<meta property=\"og:type\" content=\"article\" \/>\n<meta property=\"og:title\" content=\"\u201cAbril, m\u00eas da Sa\u00fade\u201d sensibiliza popula\u00e7\u00e3o para import\u00e2ncia de h\u00e1bitos de vida saud\u00e1veis - Algarve 7\" \/>\n<meta property=\"og:description\" content=\"\u201cAbril, m\u00eas da Sa\u00fade\u201d sensibiliza popula\u00e7\u00e3o para import\u00e2ncia de h\u00e1bitos de vida saud\u00e1veis Sa\u00fade\" \/>\n<meta property=\"og:url\" content=\"https:\/\/algarve7.pt\/index.php\/2025\/04\/abril-mes-da-saude-sensibiliza-populacao-para-importancia-de-habitos-de-vida-saudaveis\/saude\/10\/30\/\" \/>\n<meta property=\"og:site_name\" content=\"Algarve 7\" \/>\n<meta property=\"article:publisher\" content=\"https:\/\/www.facebook.com\/algarve7\" \/>\n<meta property=\"article:author\" content=\"https:\/\/www.facebook.com\/algarve7\" \/>\n<meta property=\"article:published_time\" content=\"2025-04-01T09:30:00+00:00\" \/>\n<meta property=\"og:image\" content=\"https:\/\/algarve7.pt\/wp-content\/uploads\/2025\/03\/Abril-Mes-da-Saude.jpg\" \/>\n\t<meta property=\"og:image:width\" content=\"800\" \/>\n\t<meta property=\"og:image:height\" content=\"500\" \/>\n\t<meta property=\"og:image:type\" content=\"image\/jpeg\" \/>\n<meta name=\"author\" content=\"Algarve 7\" \/>\n<meta name=\"twitter:card\" content=\"summary_large_image\" \/>\n<meta name=\"twitter:creator\" content=\"@Algarvesete\" \/>\n<meta name=\"twitter:site\" content=\"@Algarvesete\" \/>\n<meta name=\"twitter:label1\" content=\"Escrito por\" \/>\n\t<meta name=\"twitter:data1\" content=\"Algarve 7\" \/>\n\t<meta name=\"twitter:label2\" content=\"Tempo estimado de leitura\" \/>\n\t<meta name=\"twitter:data2\" content=\"9 minutos\" \/>\n<script type=\"application\/ld+json\" class=\"yoast-schema-graph\">{\"@context\":\"https:\\\/\\\/schema.org\",\"@graph\":[{\"@type\":\"Article\",\"@id\":\"https:\\\/\\\/algarve7.pt\\\/index.php\\\/2025\\\/04\\\/abril-mes-da-saude-sensibiliza-populacao-para-importancia-de-habitos-de-vida-saudaveis\\\/saude\\\/10\\\/30\\\/#article\",\"isPartOf\":{\"@id\":\"https:\\\/\\\/algarve7.pt\\\/index.php\\\/2025\\\/04\\\/abril-mes-da-saude-sensibiliza-populacao-para-importancia-de-habitos-de-vida-saudaveis\\\/saude\\\/10\\\/30\\\/\"},\"author\":{\"name\":\"Algarve 7\",\"@id\":\"https:\\\/\\\/algarve7.pt\\\/#\\\/schema\\\/person\\\/23fa70681308e7b319a3204bcea45e0c\"},\"headline\":\"\u201cAbril, m\u00eas da Sa\u00fade\u201d sensibiliza popula\u00e7\u00e3o para import\u00e2ncia de h\u00e1bitos de vida saud\u00e1veis\",\"datePublished\":\"2025-04-01T09:30:00+00:00\",\"mainEntityOfPage\":{\"@id\":\"https:\\\/\\\/algarve7.pt\\\/index.php\\\/2025\\\/04\\\/abril-mes-da-saude-sensibiliza-populacao-para-importancia-de-habitos-de-vida-saudaveis\\\/saude\\\/10\\\/30\\\/\"},\"wordCount\":1746,\"publisher\":{\"@id\":\"https:\\\/\\\/algarve7.pt\\\/#organization\"},\"image\":{\"@id\":\"https:\\\/\\\/algarve7.pt\\\/index.php\\\/2025\\\/04\\\/abril-mes-da-saude-sensibiliza-populacao-para-importancia-de-habitos-de-vida-saudaveis\\\/saude\\\/10\\\/30\\\/#primaryimage\"},\"thumbnailUrl\":\"https:\\\/\\\/algarve7.pt\\\/wp-content\\\/uploads\\\/2025\\\/03\\\/Abril-Mes-da-Saude.jpg\",\"keywords\":[\"Algarve\",\"Portim\u00e3o\",\"Sa\u00fade\"],\"articleSection\":[\"Sa\u00fade\"],\"inLanguage\":\"pt-PT\"},{\"@type\":\"WebPage\",\"@id\":\"https:\\\/\\\/algarve7.pt\\\/index.php\\\/2025\\\/04\\\/abril-mes-da-saude-sensibiliza-populacao-para-importancia-de-habitos-de-vida-saudaveis\\\/saude\\\/10\\\/30\\\/\",\"url\":\"https:\\\/\\\/algarve7.pt\\\/index.php\\\/2025\\\/04\\\/abril-mes-da-saude-sensibiliza-populacao-para-importancia-de-habitos-de-vida-saudaveis\\\/saude\\\/10\\\/30\\\/\",\"name\":\"\u201cAbril, m\u00eas da Sa\u00fade\u201d sensibiliza popula\u00e7\u00e3o para import\u00e2ncia de h\u00e1bitos de vida saud\u00e1veis - Algarve 7\",\"isPartOf\":{\"@id\":\"https:\\\/\\\/algarve7.pt\\\/#website\"},\"primaryImageOfPage\":{\"@id\":\"https:\\\/\\\/algarve7.pt\\\/index.php\\\/2025\\\/04\\\/abril-mes-da-saude-sensibiliza-populacao-para-importancia-de-habitos-de-vida-saudaveis\\\/saude\\\/10\\\/30\\\/#primaryimage\"},\"image\":{\"@id\":\"https:\\\/\\\/algarve7.pt\\\/index.php\\\/2025\\\/04\\\/abril-mes-da-saude-sensibiliza-populacao-para-importancia-de-habitos-de-vida-saudaveis\\\/saude\\\/10\\\/30\\\/#primaryimage\"},\"thumbnailUrl\":\"https:\\\/\\\/algarve7.pt\\\/wp-content\\\/uploads\\\/2025\\\/03\\\/Abril-Mes-da-Saude.jpg\",\"datePublished\":\"2025-04-01T09:30:00+00:00\",\"description\":\"\u201cAbril, m\u00eas da Sa\u00fade\u201d sensibiliza popula\u00e7\u00e3o para import\u00e2ncia de h\u00e1bitos de vida saud\u00e1veis Sa\u00fade\",\"breadcrumb\":{\"@id\":\"https:\\\/\\\/algarve7.pt\\\/index.php\\\/2025\\\/04\\\/abril-mes-da-saude-sensibiliza-populacao-para-importancia-de-habitos-de-vida-saudaveis\\\/saude\\\/10\\\/30\\\/#breadcrumb\"},\"inLanguage\":\"pt-PT\",\"potentialAction\":[{\"@type\":\"ReadAction\",\"target\":[\"https:\\\/\\\/algarve7.pt\\\/index.php\\\/2025\\\/04\\\/abril-mes-da-saude-sensibiliza-populacao-para-importancia-de-habitos-de-vida-saudaveis\\\/saude\\\/10\\\/30\\\/\"]}]},{\"@type\":\"ImageObject\",\"inLanguage\":\"pt-PT\",\"@id\":\"https:\\\/\\\/algarve7.pt\\\/index.php\\\/2025\\\/04\\\/abril-mes-da-saude-sensibiliza-populacao-para-importancia-de-habitos-de-vida-saudaveis\\\/saude\\\/10\\\/30\\\/#primaryimage\",\"url\":\"https:\\\/\\\/algarve7.pt\\\/wp-content\\\/uploads\\\/2025\\\/03\\\/Abril-Mes-da-Saude.jpg\",\"contentUrl\":\"https:\\\/\\\/algarve7.pt\\\/wp-content\\\/uploads\\\/2025\\\/03\\\/Abril-Mes-da-Saude.jpg\",\"width\":800,\"height\":500},{\"@type\":\"BreadcrumbList\",\"@id\":\"https:\\\/\\\/algarve7.pt\\\/index.php\\\/2025\\\/04\\\/abril-mes-da-saude-sensibiliza-populacao-para-importancia-de-habitos-de-vida-saudaveis\\\/saude\\\/10\\\/30\\\/#breadcrumb\",\"itemListElement\":[{\"@type\":\"ListItem\",\"position\":1,\"name\":\"In\u00edcio\",\"item\":\"https:\\\/\\\/algarve7.pt\\\/\"},{\"@type\":\"ListItem\",\"position\":2,\"name\":\"\u201cAbril, m\u00eas da Sa\u00fade\u201d sensibiliza popula\u00e7\u00e3o para import\u00e2ncia de h\u00e1bitos de vida saud\u00e1veis\"}]},{\"@type\":\"WebSite\",\"@id\":\"https:\\\/\\\/algarve7.pt\\\/#website\",\"url\":\"https:\\\/\\\/algarve7.pt\\\/\",\"name\":\"Algarve 7\",\"description\":\"Informa\u00e7\u00e3o sobre o Algarve\",\"publisher\":{\"@id\":\"https:\\\/\\\/algarve7.pt\\\/#organization\"},\"potentialAction\":[{\"@type\":\"SearchAction\",\"target\":{\"@type\":\"EntryPoint\",\"urlTemplate\":\"https:\\\/\\\/algarve7.pt\\\/?s={search_term_string}\"},\"query-input\":{\"@type\":\"PropertyValueSpecification\",\"valueRequired\":true,\"valueName\":\"search_term_string\"}}],\"inLanguage\":\"pt-PT\"},{\"@type\":\"Organization\",\"@id\":\"https:\\\/\\\/algarve7.pt\\\/#organization\",\"name\":\"Algarve 7\",\"url\":\"https:\\\/\\\/algarve7.pt\\\/\",\"logo\":{\"@type\":\"ImageObject\",\"inLanguage\":\"pt-PT\",\"@id\":\"https:\\\/\\\/algarve7.pt\\\/#\\\/schema\\\/logo\\\/image\\\/\",\"url\":\"https:\\\/\\\/algarve7.pt\\\/wp-content\\\/uploads\\\/2020\\\/10\\\/Logo-8.jpg\",\"contentUrl\":\"https:\\\/\\\/algarve7.pt\\\/wp-content\\\/uploads\\\/2020\\\/10\\\/Logo-8.jpg\",\"width\":1680,\"height\":1186,\"caption\":\"Algarve 7\"},\"image\":{\"@id\":\"https:\\\/\\\/algarve7.pt\\\/#\\\/schema\\\/logo\\\/image\\\/\"},\"sameAs\":[\"https:\\\/\\\/www.facebook.com\\\/algarve7\",\"https:\\\/\\\/x.com\\\/Algarvesete\",\"https:\\\/\\\/www.instagram.com\\\/jornalalgarve7\\\/\",\"https:\\\/\\\/www.linkedin.com\\\/company\\\/algarve7\",\"https:\\\/\\\/www.pinterest.pt\\\/geral0939\\\/_created\\\/\"]},{\"@type\":\"Person\",\"@id\":\"https:\\\/\\\/algarve7.pt\\\/#\\\/schema\\\/person\\\/23fa70681308e7b319a3204bcea45e0c\",\"name\":\"Algarve 7\",\"sameAs\":[\"https:\\\/\\\/algarve7.pt\",\"https:\\\/\\\/www.facebook.com\\\/algarve7\"],\"url\":\"https:\\\/\\\/algarve7.pt\\\/index.php\\\/author\\\/geralalgarve7-pt\\\/\"}]}<\/script>\n<!-- \/ Yoast SEO plugin. -->","yoast_head_json":{"title":"\u201cAbril, m\u00eas da Sa\u00fade\u201d sensibiliza popula\u00e7\u00e3o para import\u00e2ncia de h\u00e1bitos de vida saud\u00e1veis - Algarve 7","description":"\u201cAbril, m\u00eas da Sa\u00fade\u201d sensibiliza popula\u00e7\u00e3o para import\u00e2ncia de h\u00e1bitos de vida saud\u00e1veis Sa\u00fade","robots":{"index":"index","follow":"follow","max-snippet":"max-snippet:-1","max-image-preview":"max-image-preview:large","max-video-preview":"max-video-preview:-1"},"canonical":"https:\/\/algarve7.pt\/index.php\/2025\/04\/abril-mes-da-saude-sensibiliza-populacao-para-importancia-de-habitos-de-vida-saudaveis\/saude\/10\/30\/","og_locale":"pt_PT","og_type":"article","og_title":"\u201cAbril, m\u00eas da Sa\u00fade\u201d sensibiliza popula\u00e7\u00e3o para import\u00e2ncia de h\u00e1bitos de vida saud\u00e1veis - Algarve 7","og_description":"\u201cAbril, m\u00eas da Sa\u00fade\u201d sensibiliza popula\u00e7\u00e3o para import\u00e2ncia de h\u00e1bitos de vida saud\u00e1veis Sa\u00fade","og_url":"https:\/\/algarve7.pt\/index.php\/2025\/04\/abril-mes-da-saude-sensibiliza-populacao-para-importancia-de-habitos-de-vida-saudaveis\/saude\/10\/30\/","og_site_name":"Algarve 7","article_publisher":"https:\/\/www.facebook.com\/algarve7","article_author":"https:\/\/www.facebook.com\/algarve7","article_published_time":"2025-04-01T09:30:00+00:00","og_image":[{"width":800,"height":500,"url":"https:\/\/algarve7.pt\/wp-content\/uploads\/2025\/03\/Abril-Mes-da-Saude.jpg","type":"image\/jpeg"}],"author":"Algarve 7","twitter_card":"summary_large_image","twitter_creator":"@Algarvesete","twitter_site":"@Algarvesete","twitter_misc":{"Escrito por":"Algarve 7","Tempo estimado de leitura":"9 minutos"},"schema":{"@context":"https:\/\/schema.org","@graph":[{"@type":"Article","@id":"https:\/\/algarve7.pt\/index.php\/2025\/04\/abril-mes-da-saude-sensibiliza-populacao-para-importancia-de-habitos-de-vida-saudaveis\/saude\/10\/30\/#article","isPartOf":{"@id":"https:\/\/algarve7.pt\/index.php\/2025\/04\/abril-mes-da-saude-sensibiliza-populacao-para-importancia-de-habitos-de-vida-saudaveis\/saude\/10\/30\/"},"author":{"name":"Algarve 7","@id":"https:\/\/algarve7.pt\/#\/schema\/person\/23fa70681308e7b319a3204bcea45e0c"},"headline":"\u201cAbril, m\u00eas da Sa\u00fade\u201d sensibiliza popula\u00e7\u00e3o para import\u00e2ncia de h\u00e1bitos de vida saud\u00e1veis","datePublished":"2025-04-01T09:30:00+00:00","mainEntityOfPage":{"@id":"https:\/\/algarve7.pt\/index.php\/2025\/04\/abril-mes-da-saude-sensibiliza-populacao-para-importancia-de-habitos-de-vida-saudaveis\/saude\/10\/30\/"},"wordCount":1746,"publisher":{"@id":"https:\/\/algarve7.pt\/#organization"},"image":{"@id":"https:\/\/algarve7.pt\/index.php\/2025\/04\/abril-mes-da-saude-sensibiliza-populacao-para-importancia-de-habitos-de-vida-saudaveis\/saude\/10\/30\/#primaryimage"},"thumbnailUrl":"https:\/\/algarve7.pt\/wp-content\/uploads\/2025\/03\/Abril-Mes-da-Saude.jpg","keywords":["Algarve","Portim\u00e3o","Sa\u00fade"],"articleSection":["Sa\u00fade"],"inLanguage":"pt-PT"},{"@type":"WebPage","@id":"https:\/\/algarve7.pt\/index.php\/2025\/04\/abril-mes-da-saude-sensibiliza-populacao-para-importancia-de-habitos-de-vida-saudaveis\/saude\/10\/30\/","url":"https:\/\/algarve7.pt\/index.php\/2025\/04\/abril-mes-da-saude-sensibiliza-populacao-para-importancia-de-habitos-de-vida-saudaveis\/saude\/10\/30\/","name":"\u201cAbril, m\u00eas da Sa\u00fade\u201d sensibiliza popula\u00e7\u00e3o para import\u00e2ncia de h\u00e1bitos de vida saud\u00e1veis - Algarve 7","isPartOf":{"@id":"https:\/\/algarve7.pt\/#website"},"primaryImageOfPage":{"@id":"https:\/\/algarve7.pt\/index.php\/2025\/04\/abril-mes-da-saude-sensibiliza-populacao-para-importancia-de-habitos-de-vida-saudaveis\/saude\/10\/30\/#primaryimage"},"image":{"@id":"https:\/\/algarve7.pt\/index.php\/2025\/04\/abril-mes-da-saude-sensibiliza-populacao-para-importancia-de-habitos-de-vida-saudaveis\/saude\/10\/30\/#primaryimage"},"thumbnailUrl":"https:\/\/algarve7.pt\/wp-content\/uploads\/2025\/03\/Abril-Mes-da-Saude.jpg","datePublished":"2025-04-01T09:30:00+00:00","description":"\u201cAbril, m\u00eas da Sa\u00fade\u201d sensibiliza popula\u00e7\u00e3o para import\u00e2ncia de h\u00e1bitos de vida saud\u00e1veis Sa\u00fade","breadcrumb":{"@id":"https:\/\/algarve7.pt\/index.php\/2025\/04\/abril-mes-da-saude-sensibiliza-populacao-para-importancia-de-habitos-de-vida-saudaveis\/saude\/10\/30\/#breadcrumb"},"inLanguage":"pt-PT","potentialAction":[{"@type":"ReadAction","target":["https:\/\/algarve7.pt\/index.php\/2025\/04\/abril-mes-da-saude-sensibiliza-populacao-para-importancia-de-habitos-de-vida-saudaveis\/saude\/10\/30\/"]}]},{"@type":"ImageObject","inLanguage":"pt-PT","@id":"https:\/\/algarve7.pt\/index.php\/2025\/04\/abril-mes-da-saude-sensibiliza-populacao-para-importancia-de-habitos-de-vida-saudaveis\/saude\/10\/30\/#primaryimage","url":"https:\/\/algarve7.pt\/wp-content\/uploads\/2025\/03\/Abril-Mes-da-Saude.jpg","contentUrl":"https:\/\/algarve7.pt\/wp-content\/uploads\/2025\/03\/Abril-Mes-da-Saude.jpg","width":800,"height":500},{"@type":"BreadcrumbList","@id":"https:\/\/algarve7.pt\/index.php\/2025\/04\/abril-mes-da-saude-sensibiliza-populacao-para-importancia-de-habitos-de-vida-saudaveis\/saude\/10\/30\/#breadcrumb","itemListElement":[{"@type":"ListItem","position":1,"name":"In\u00edcio","item":"https:\/\/algarve7.pt\/"},{"@type":"ListItem","position":2,"name":"\u201cAbril, m\u00eas da Sa\u00fade\u201d sensibiliza popula\u00e7\u00e3o para import\u00e2ncia de h\u00e1bitos de vida saud\u00e1veis"}]},{"@type":"WebSite","@id":"https:\/\/algarve7.pt\/#website","url":"https:\/\/algarve7.pt\/","name":"Algarve 7","description":"Informa\u00e7\u00e3o sobre o Algarve","publisher":{"@id":"https:\/\/algarve7.pt\/#organization"},"potentialAction":[{"@type":"SearchAction","target":{"@type":"EntryPoint","urlTemplate":"https:\/\/algarve7.pt\/?s={search_term_string}"},"query-input":{"@type":"PropertyValueSpecification","valueRequired":true,"valueName":"search_term_string"}}],"inLanguage":"pt-PT"},{"@type":"Organization","@id":"https:\/\/algarve7.pt\/#organization","name":"Algarve 7","url":"https:\/\/algarve7.pt\/","logo":{"@type":"ImageObject","inLanguage":"pt-PT","@id":"https:\/\/algarve7.pt\/#\/schema\/logo\/image\/","url":"https:\/\/algarve7.pt\/wp-content\/uploads\/2020\/10\/Logo-8.jpg","contentUrl":"https:\/\/algarve7.pt\/wp-content\/uploads\/2020\/10\/Logo-8.jpg","width":1680,"height":1186,"caption":"Algarve 7"},"image":{"@id":"https:\/\/algarve7.pt\/#\/schema\/logo\/image\/"},"sameAs":["https:\/\/www.facebook.com\/algarve7","https:\/\/x.com\/Algarvesete","https:\/\/www.instagram.com\/jornalalgarve7\/","https:\/\/www.linkedin.com\/company\/algarve7","https:\/\/www.pinterest.pt\/geral0939\/_created\/"]},{"@type":"Person","@id":"https:\/\/algarve7.pt\/#\/schema\/person\/23fa70681308e7b319a3204bcea45e0c","name":"Algarve 7","sameAs":["https:\/\/algarve7.pt","https:\/\/www.facebook.com\/algarve7"],"url":"https:\/\/algarve7.pt\/index.php\/author\/geralalgarve7-pt\/"}]}},"jetpack_publicize_connections":[],"jetpack_featured_media_url":"https:\/\/algarve7.pt\/wp-content\/uploads\/2025\/03\/Abril-Mes-da-Saude.jpg","jetpack_shortlink":"https:\/\/wp.me\/pcezmW-cJp","jetpack_sharing_enabled":true,"_links":{"self":[{"href":"https:\/\/algarve7.pt\/index.php\/wp-json\/wp\/v2\/posts\/48943","targetHints":{"allow":["GET"]}}],"collection":[{"href":"https:\/\/algarve7.pt\/index.php\/wp-json\/wp\/v2\/posts"}],"about":[{"href":"https:\/\/algarve7.pt\/index.php\/wp-json\/wp\/v2\/types\/post"}],"author":[{"embeddable":true,"href":"https:\/\/algarve7.pt\/index.php\/wp-json\/wp\/v2\/users\/1"}],"replies":[{"embeddable":true,"href":"https:\/\/algarve7.pt\/index.php\/wp-json\/wp\/v2\/comments?post=48943"}],"version-history":[{"count":0,"href":"https:\/\/algarve7.pt\/index.php\/wp-json\/wp\/v2\/posts\/48943\/revisions"}],"wp:featuredmedia":[{"embeddable":true,"href":"https:\/\/algarve7.pt\/index.php\/wp-json\/wp\/v2\/media\/48944"}],"wp:attachment":[{"href":"https:\/\/algarve7.pt\/index.php\/wp-json\/wp\/v2\/media?parent=48943"}],"wp:term":[{"taxonomy":"category","embeddable":true,"href":"https:\/\/algarve7.pt\/index.php\/wp-json\/wp\/v2\/categories?post=48943"},{"taxonomy":"post_tag","embeddable":true,"href":"https:\/\/algarve7.pt\/index.php\/wp-json\/wp\/v2\/tags?post=48943"}],"curies":[{"name":"wp","href":"https:\/\/api.w.org\/{rel}","templated":true}]}}