{"id":48916,"date":"2025-04-01T07:26:00","date_gmt":"2025-04-01T06:26:00","guid":{"rendered":"https:\/\/algarve7.pt\/?p=48916"},"modified":"2025-03-31T14:27:48","modified_gmt":"2025-03-31T13:27:48","slug":"lagos-associa-se-a-campanha-nacional-de-prevencao-contra-os-maus-tratos-na-infancia","status":"publish","type":"post","link":"https:\/\/algarve7.pt\/index.php\/2025\/04\/lagos-associa-se-a-campanha-nacional-de-prevencao-contra-os-maus-tratos-na-infancia\/atualidade\/07\/26\/","title":{"rendered":"Lagos associa-se \u00e0 campanha nacional de preven\u00e7\u00e3o contra os maus-tratos na inf\u00e2ncia"},"content":{"rendered":"\n<p>\u00c9 em forma de la\u00e7o e em tom de azul que a Comiss\u00e3o de Prote\u00e7\u00e3o de Crian\u00e7as e Jovens de Lagos pretende fazer passar a mensagem de sensibiliza\u00e7\u00e3o contra os maus-tratos na inf\u00e2ncia. A campanha conhecida como \u201cCampanha do La\u00e7o Azul\u201d, que ir\u00e1 estar na rua durante o m\u00eas de abril, \u00e9 uma iniciativa da Comiss\u00e3o Nacional de Promo\u00e7\u00e3o dos Direitos e Prote\u00e7\u00e3o das Crian\u00e7as e Jovens, a que a CPCJ de Lagos e o munic\u00edpio se associam, promovendo um conjunto de a\u00e7\u00f5es dirigidas \u00e0s crian\u00e7as, \u00e0 comunidade educativa, \u00e0s fam\u00edlias, institui\u00e7\u00f5es e, de uma forma muito transversal, a todas as pessoas e entidades que possam ajudar a semear uma mensagem de amor.<\/p>\n\n\n\n<p>Criar consci\u00eancia individual e coletiva relativamente \u00e0 vulnerabilidade das crian\u00e7as e promover uma atitude preventiva para as circunst\u00e2ncias pessoais, familiares e sociais que originam contextos viol\u00eancia a que, infelizmente, as crian\u00e7as continuam a estar sujeitas, \u00e9 o objetivo desta corrente solid\u00e1ria.<\/p>\n\n\n\n<p>Entre as v\u00e1rias a\u00e7\u00f5es programadas, a CPCJ de Lagos ir\u00e1: divulgar a Hist\u00f3ria do La\u00e7o Azul que deu origem \u00e0 campanha, iniciada nos Estados Unidos por uma av\u00f3; distribuir la\u00e7os azuis de lapela; e entregar o Calend\u00e1rio dos Afetos aos alunos do Pr\u00e9-Escolar, 1\u00ba e 2\u00ba ciclos das escolas do concelho, contendo ideias de atividades simples, a realizar pelos pais\/encarregados de educa\u00e7\u00e3o, para que as crian\u00e7as tenham a possibilidade de experienciar momentos de qualidade e amor em contexto familiar.&nbsp;&nbsp;Em pontos estrat\u00e9gicos de acesso vi\u00e1rio ser\u00e3o instalados dois la\u00e7os azuis gigantes iluminados com o slogan \u201c<em>Serei o que me deres que seja amor<\/em>\u201d.&nbsp;<\/p>\n\n\n\n<p>O ponto alto da campanha acontecer\u00e1 no dia 28 de abril, entre as 10h e as 12h30, com uma caminhada que culmina no centro da cidade (Pra\u00e7a Gil Eanes), onde ser\u00e1 formado o La\u00e7o Azul Humano com a participa\u00e7\u00e3o de crian\u00e7as e adultos oriundos das escolas, equipamentos infantis e de v\u00e1rias outras institui\u00e7\u00f5es locais, contando com suporte das for\u00e7as de seguran\u00e7a, Bombeiros Volunt\u00e1rios de Lagos, Pol\u00edcia Municipal e Delega\u00e7\u00e3o de Lagos da Cruz Vermelha&nbsp;Portuguesa, que acompanhar\u00e3o o trajeto desde as instala\u00e7\u00f5es da CPCJ, ao longo da Avenida dos Descobrimentos, garantindo a seguran\u00e7a dos cerca de 1 000 participantes esperados. Ao longo do percurso ser\u00e3o colocados La\u00e7os Azuis efetuados pelos utentes da Santa Casa da Miseric\u00f3rdia de Lagos.<\/p>\n\n\n\n<p>Como forma de mostrar o seu apoio a esta causa e dar-lhe a visibilidade que a mesma merece, a C\u00e2mara Municipal de Lagos ir\u00e1 iluminar o edif\u00edcio Pa\u00e7os do Concelho S\u00e9c. XXI, \u201cvestindo-lhe\u201d a cor azul, s\u00edmbolo da campanha.<strong><\/strong><\/p>\n","protected":false},"excerpt":{"rendered":"<p>\u00c9 em forma de la\u00e7o e em tom de azul que a Comiss\u00e3o de Prote\u00e7\u00e3o de Crian\u00e7as e Jovens de<\/p>\n","protected":false},"author":1,"featured_media":48917,"comment_status":"closed","ping_status":"closed","sticky":false,"template":"","format":"standard","meta":{"colormag_page_container_layout":"default_layout","colormag_page_sidebar_layout":"default_layout","_monsterinsights_skip_tracking":false,"_monsterinsights_sitenote_active":false,"_monsterinsights_sitenote_note":"","_monsterinsights_sitenote_category":0,"jetpack_post_was_ever_published":false,"_jetpack_newsletter_access":"","_jetpack_dont_email_post_to_subs":false,"_jetpack_newsletter_tier_id":0,"_jetpack_memberships_contains_paywalled_content":false,"_jetpack_memberships_contains_paid_content":false,"footnotes":"","jetpack_publicize_message":"","jetpack_publicize_feature_enabled":true,"jetpack_social_post_already_shared":true,"jetpack_social_options":{"image_generator_settings":{"template":"highway","default_image_id":0,"font":"","enabled":false},"version":2}},"categories":[11],"tags":[36,62,68],"class_list":["post-48916","post","type-post","status-publish","format-standard","has-post-thumbnail","hentry","category-atualidade","tag-algarve","tag-atualidade","tag-lagos"],"yoast_head":"<!-- This site is optimized with the Yoast SEO plugin v27.5 - https:\/\/yoast.com\/product\/yoast-seo-wordpress\/ -->\n<title>Lagos associa-se \u00e0 campanha nacional de preven\u00e7\u00e3o contra os maus-tratos na inf\u00e2ncia - Algarve 7<\/title>\n<meta name=\"description\" content=\"Lagos associa-se \u00e0 campanha nacional de preven\u00e7\u00e3o contra os maus-tratos na inf\u00e2ncia Atualidade\" \/>\n<meta name=\"robots\" content=\"index, follow, max-snippet:-1, max-image-preview:large, max-video-preview:-1\" \/>\n<link rel=\"canonical\" href=\"https:\/\/algarve7.pt\/index.php\/2025\/04\/lagos-associa-se-a-campanha-nacional-de-prevencao-contra-os-maus-tratos-na-infancia\/atualidade\/07\/26\/\" \/>\n<meta property=\"og:locale\" content=\"pt_PT\" \/>\n<meta property=\"og:type\" content=\"article\" \/>\n<meta property=\"og:title\" content=\"Lagos associa-se \u00e0 campanha nacional de preven\u00e7\u00e3o contra os maus-tratos na inf\u00e2ncia - Algarve 7\" \/>\n<meta property=\"og:description\" content=\"Lagos associa-se \u00e0 campanha nacional de preven\u00e7\u00e3o contra os maus-tratos na inf\u00e2ncia Atualidade\" \/>\n<meta property=\"og:url\" content=\"https:\/\/algarve7.pt\/index.php\/2025\/04\/lagos-associa-se-a-campanha-nacional-de-prevencao-contra-os-maus-tratos-na-infancia\/atualidade\/07\/26\/\" \/>\n<meta property=\"og:site_name\" content=\"Algarve 7\" \/>\n<meta property=\"article:publisher\" content=\"https:\/\/www.facebook.com\/algarve7\" \/>\n<meta property=\"article:author\" content=\"https:\/\/www.facebook.com\/algarve7\" \/>\n<meta property=\"article:published_time\" content=\"2025-04-01T06:26:00+00:00\" \/>\n<meta property=\"og:image\" content=\"https:\/\/algarve7.pt\/wp-content\/uploads\/2025\/03\/Captura-de-ecra-2025-03-31-as-14.25.26.png\" \/>\n\t<meta property=\"og:image:width\" content=\"800\" \/>\n\t<meta property=\"og:image:height\" content=\"500\" \/>\n\t<meta property=\"og:image:type\" content=\"image\/png\" \/>\n<meta name=\"author\" content=\"Algarve 7\" \/>\n<meta name=\"twitter:card\" content=\"summary_large_image\" \/>\n<meta name=\"twitter:creator\" content=\"@Algarvesete\" \/>\n<meta name=\"twitter:site\" content=\"@Algarvesete\" \/>\n<meta name=\"twitter:label1\" content=\"Escrito por\" \/>\n\t<meta name=\"twitter:data1\" content=\"Algarve 7\" \/>\n\t<meta name=\"twitter:label2\" content=\"Tempo estimado de leitura\" \/>\n\t<meta name=\"twitter:data2\" content=\"3 minutos\" \/>\n<script type=\"application\/ld+json\" class=\"yoast-schema-graph\">{\"@context\":\"https:\\\/\\\/schema.org\",\"@graph\":[{\"@type\":\"Article\",\"@id\":\"https:\\\/\\\/algarve7.pt\\\/index.php\\\/2025\\\/04\\\/lagos-associa-se-a-campanha-nacional-de-prevencao-contra-os-maus-tratos-na-infancia\\\/atualidade\\\/07\\\/26\\\/#article\",\"isPartOf\":{\"@id\":\"https:\\\/\\\/algarve7.pt\\\/index.php\\\/2025\\\/04\\\/lagos-associa-se-a-campanha-nacional-de-prevencao-contra-os-maus-tratos-na-infancia\\\/atualidade\\\/07\\\/26\\\/\"},\"author\":{\"name\":\"Algarve 7\",\"@id\":\"https:\\\/\\\/algarve7.pt\\\/#\\\/schema\\\/person\\\/23fa70681308e7b319a3204bcea45e0c\"},\"headline\":\"Lagos associa-se \u00e0 campanha nacional de preven\u00e7\u00e3o contra os maus-tratos na inf\u00e2ncia\",\"datePublished\":\"2025-04-01T06:26:00+00:00\",\"mainEntityOfPage\":{\"@id\":\"https:\\\/\\\/algarve7.pt\\\/index.php\\\/2025\\\/04\\\/lagos-associa-se-a-campanha-nacional-de-prevencao-contra-os-maus-tratos-na-infancia\\\/atualidade\\\/07\\\/26\\\/\"},\"wordCount\":479,\"publisher\":{\"@id\":\"https:\\\/\\\/algarve7.pt\\\/#organization\"},\"image\":{\"@id\":\"https:\\\/\\\/algarve7.pt\\\/index.php\\\/2025\\\/04\\\/lagos-associa-se-a-campanha-nacional-de-prevencao-contra-os-maus-tratos-na-infancia\\\/atualidade\\\/07\\\/26\\\/#primaryimage\"},\"thumbnailUrl\":\"https:\\\/\\\/algarve7.pt\\\/wp-content\\\/uploads\\\/2025\\\/03\\\/Captura-de-ecra-2025-03-31-as-14.25.26.png\",\"keywords\":[\"Algarve\",\"Atualidade\",\"Lagos\"],\"articleSection\":[\"Atualidade\"],\"inLanguage\":\"pt-PT\"},{\"@type\":\"WebPage\",\"@id\":\"https:\\\/\\\/algarve7.pt\\\/index.php\\\/2025\\\/04\\\/lagos-associa-se-a-campanha-nacional-de-prevencao-contra-os-maus-tratos-na-infancia\\\/atualidade\\\/07\\\/26\\\/\",\"url\":\"https:\\\/\\\/algarve7.pt\\\/index.php\\\/2025\\\/04\\\/lagos-associa-se-a-campanha-nacional-de-prevencao-contra-os-maus-tratos-na-infancia\\\/atualidade\\\/07\\\/26\\\/\",\"name\":\"Lagos associa-se \u00e0 campanha nacional de preven\u00e7\u00e3o contra os maus-tratos na inf\u00e2ncia - Algarve 7\",\"isPartOf\":{\"@id\":\"https:\\\/\\\/algarve7.pt\\\/#website\"},\"primaryImageOfPage\":{\"@id\":\"https:\\\/\\\/algarve7.pt\\\/index.php\\\/2025\\\/04\\\/lagos-associa-se-a-campanha-nacional-de-prevencao-contra-os-maus-tratos-na-infancia\\\/atualidade\\\/07\\\/26\\\/#primaryimage\"},\"image\":{\"@id\":\"https:\\\/\\\/algarve7.pt\\\/index.php\\\/2025\\\/04\\\/lagos-associa-se-a-campanha-nacional-de-prevencao-contra-os-maus-tratos-na-infancia\\\/atualidade\\\/07\\\/26\\\/#primaryimage\"},\"thumbnailUrl\":\"https:\\\/\\\/algarve7.pt\\\/wp-content\\\/uploads\\\/2025\\\/03\\\/Captura-de-ecra-2025-03-31-as-14.25.26.png\",\"datePublished\":\"2025-04-01T06:26:00+00:00\",\"description\":\"Lagos associa-se \u00e0 campanha nacional de preven\u00e7\u00e3o contra os maus-tratos na inf\u00e2ncia Atualidade\",\"breadcrumb\":{\"@id\":\"https:\\\/\\\/algarve7.pt\\\/index.php\\\/2025\\\/04\\\/lagos-associa-se-a-campanha-nacional-de-prevencao-contra-os-maus-tratos-na-infancia\\\/atualidade\\\/07\\\/26\\\/#breadcrumb\"},\"inLanguage\":\"pt-PT\",\"potentialAction\":[{\"@type\":\"ReadAction\",\"target\":[\"https:\\\/\\\/algarve7.pt\\\/index.php\\\/2025\\\/04\\\/lagos-associa-se-a-campanha-nacional-de-prevencao-contra-os-maus-tratos-na-infancia\\\/atualidade\\\/07\\\/26\\\/\"]}]},{\"@type\":\"ImageObject\",\"inLanguage\":\"pt-PT\",\"@id\":\"https:\\\/\\\/algarve7.pt\\\/index.php\\\/2025\\\/04\\\/lagos-associa-se-a-campanha-nacional-de-prevencao-contra-os-maus-tratos-na-infancia\\\/atualidade\\\/07\\\/26\\\/#primaryimage\",\"url\":\"https:\\\/\\\/algarve7.pt\\\/wp-content\\\/uploads\\\/2025\\\/03\\\/Captura-de-ecra-2025-03-31-as-14.25.26.png\",\"contentUrl\":\"https:\\\/\\\/algarve7.pt\\\/wp-content\\\/uploads\\\/2025\\\/03\\\/Captura-de-ecra-2025-03-31-as-14.25.26.png\",\"width\":800,\"height\":500},{\"@type\":\"BreadcrumbList\",\"@id\":\"https:\\\/\\\/algarve7.pt\\\/index.php\\\/2025\\\/04\\\/lagos-associa-se-a-campanha-nacional-de-prevencao-contra-os-maus-tratos-na-infancia\\\/atualidade\\\/07\\\/26\\\/#breadcrumb\",\"itemListElement\":[{\"@type\":\"ListItem\",\"position\":1,\"name\":\"In\u00edcio\",\"item\":\"https:\\\/\\\/algarve7.pt\\\/\"},{\"@type\":\"ListItem\",\"position\":2,\"name\":\"Lagos associa-se \u00e0 campanha nacional de preven\u00e7\u00e3o contra os maus-tratos na inf\u00e2ncia\"}]},{\"@type\":\"WebSite\",\"@id\":\"https:\\\/\\\/algarve7.pt\\\/#website\",\"url\":\"https:\\\/\\\/algarve7.pt\\\/\",\"name\":\"Algarve 7\",\"description\":\"Informa\u00e7\u00e3o sobre o Algarve\",\"publisher\":{\"@id\":\"https:\\\/\\\/algarve7.pt\\\/#organization\"},\"potentialAction\":[{\"@type\":\"SearchAction\",\"target\":{\"@type\":\"EntryPoint\",\"urlTemplate\":\"https:\\\/\\\/algarve7.pt\\\/?s={search_term_string}\"},\"query-input\":{\"@type\":\"PropertyValueSpecification\",\"valueRequired\":true,\"valueName\":\"search_term_string\"}}],\"inLanguage\":\"pt-PT\"},{\"@type\":\"Organization\",\"@id\":\"https:\\\/\\\/algarve7.pt\\\/#organization\",\"name\":\"Algarve 7\",\"url\":\"https:\\\/\\\/algarve7.pt\\\/\",\"logo\":{\"@type\":\"ImageObject\",\"inLanguage\":\"pt-PT\",\"@id\":\"https:\\\/\\\/algarve7.pt\\\/#\\\/schema\\\/logo\\\/image\\\/\",\"url\":\"https:\\\/\\\/algarve7.pt\\\/wp-content\\\/uploads\\\/2020\\\/10\\\/Logo-8.jpg\",\"contentUrl\":\"https:\\\/\\\/algarve7.pt\\\/wp-content\\\/uploads\\\/2020\\\/10\\\/Logo-8.jpg\",\"width\":1680,\"height\":1186,\"caption\":\"Algarve 7\"},\"image\":{\"@id\":\"https:\\\/\\\/algarve7.pt\\\/#\\\/schema\\\/logo\\\/image\\\/\"},\"sameAs\":[\"https:\\\/\\\/www.facebook.com\\\/algarve7\",\"https:\\\/\\\/x.com\\\/Algarvesete\",\"https:\\\/\\\/www.instagram.com\\\/jornalalgarve7\\\/\",\"https:\\\/\\\/www.linkedin.com\\\/company\\\/algarve7\",\"https:\\\/\\\/www.pinterest.pt\\\/geral0939\\\/_created\\\/\"]},{\"@type\":\"Person\",\"@id\":\"https:\\\/\\\/algarve7.pt\\\/#\\\/schema\\\/person\\\/23fa70681308e7b319a3204bcea45e0c\",\"name\":\"Algarve 7\",\"sameAs\":[\"https:\\\/\\\/algarve7.pt\",\"https:\\\/\\\/www.facebook.com\\\/algarve7\"],\"url\":\"https:\\\/\\\/algarve7.pt\\\/index.php\\\/author\\\/geralalgarve7-pt\\\/\"}]}<\/script>\n<!-- \/ Yoast SEO plugin. -->","yoast_head_json":{"title":"Lagos associa-se \u00e0 campanha nacional de preven\u00e7\u00e3o contra os maus-tratos na inf\u00e2ncia - Algarve 7","description":"Lagos associa-se \u00e0 campanha nacional de preven\u00e7\u00e3o contra os maus-tratos na inf\u00e2ncia Atualidade","robots":{"index":"index","follow":"follow","max-snippet":"max-snippet:-1","max-image-preview":"max-image-preview:large","max-video-preview":"max-video-preview:-1"},"canonical":"https:\/\/algarve7.pt\/index.php\/2025\/04\/lagos-associa-se-a-campanha-nacional-de-prevencao-contra-os-maus-tratos-na-infancia\/atualidade\/07\/26\/","og_locale":"pt_PT","og_type":"article","og_title":"Lagos associa-se \u00e0 campanha nacional de preven\u00e7\u00e3o contra os maus-tratos na inf\u00e2ncia - Algarve 7","og_description":"Lagos associa-se \u00e0 campanha nacional de preven\u00e7\u00e3o contra os maus-tratos na inf\u00e2ncia Atualidade","og_url":"https:\/\/algarve7.pt\/index.php\/2025\/04\/lagos-associa-se-a-campanha-nacional-de-prevencao-contra-os-maus-tratos-na-infancia\/atualidade\/07\/26\/","og_site_name":"Algarve 7","article_publisher":"https:\/\/www.facebook.com\/algarve7","article_author":"https:\/\/www.facebook.com\/algarve7","article_published_time":"2025-04-01T06:26:00+00:00","og_image":[{"width":800,"height":500,"url":"https:\/\/algarve7.pt\/wp-content\/uploads\/2025\/03\/Captura-de-ecra-2025-03-31-as-14.25.26.png","type":"image\/png"}],"author":"Algarve 7","twitter_card":"summary_large_image","twitter_creator":"@Algarvesete","twitter_site":"@Algarvesete","twitter_misc":{"Escrito por":"Algarve 7","Tempo estimado de leitura":"3 minutos"},"schema":{"@context":"https:\/\/schema.org","@graph":[{"@type":"Article","@id":"https:\/\/algarve7.pt\/index.php\/2025\/04\/lagos-associa-se-a-campanha-nacional-de-prevencao-contra-os-maus-tratos-na-infancia\/atualidade\/07\/26\/#article","isPartOf":{"@id":"https:\/\/algarve7.pt\/index.php\/2025\/04\/lagos-associa-se-a-campanha-nacional-de-prevencao-contra-os-maus-tratos-na-infancia\/atualidade\/07\/26\/"},"author":{"name":"Algarve 7","@id":"https:\/\/algarve7.pt\/#\/schema\/person\/23fa70681308e7b319a3204bcea45e0c"},"headline":"Lagos associa-se \u00e0 campanha nacional de preven\u00e7\u00e3o contra os maus-tratos na inf\u00e2ncia","datePublished":"2025-04-01T06:26:00+00:00","mainEntityOfPage":{"@id":"https:\/\/algarve7.pt\/index.php\/2025\/04\/lagos-associa-se-a-campanha-nacional-de-prevencao-contra-os-maus-tratos-na-infancia\/atualidade\/07\/26\/"},"wordCount":479,"publisher":{"@id":"https:\/\/algarve7.pt\/#organization"},"image":{"@id":"https:\/\/algarve7.pt\/index.php\/2025\/04\/lagos-associa-se-a-campanha-nacional-de-prevencao-contra-os-maus-tratos-na-infancia\/atualidade\/07\/26\/#primaryimage"},"thumbnailUrl":"https:\/\/algarve7.pt\/wp-content\/uploads\/2025\/03\/Captura-de-ecra-2025-03-31-as-14.25.26.png","keywords":["Algarve","Atualidade","Lagos"],"articleSection":["Atualidade"],"inLanguage":"pt-PT"},{"@type":"WebPage","@id":"https:\/\/algarve7.pt\/index.php\/2025\/04\/lagos-associa-se-a-campanha-nacional-de-prevencao-contra-os-maus-tratos-na-infancia\/atualidade\/07\/26\/","url":"https:\/\/algarve7.pt\/index.php\/2025\/04\/lagos-associa-se-a-campanha-nacional-de-prevencao-contra-os-maus-tratos-na-infancia\/atualidade\/07\/26\/","name":"Lagos associa-se \u00e0 campanha nacional de preven\u00e7\u00e3o contra os maus-tratos na inf\u00e2ncia - Algarve 7","isPartOf":{"@id":"https:\/\/algarve7.pt\/#website"},"primaryImageOfPage":{"@id":"https:\/\/algarve7.pt\/index.php\/2025\/04\/lagos-associa-se-a-campanha-nacional-de-prevencao-contra-os-maus-tratos-na-infancia\/atualidade\/07\/26\/#primaryimage"},"image":{"@id":"https:\/\/algarve7.pt\/index.php\/2025\/04\/lagos-associa-se-a-campanha-nacional-de-prevencao-contra-os-maus-tratos-na-infancia\/atualidade\/07\/26\/#primaryimage"},"thumbnailUrl":"https:\/\/algarve7.pt\/wp-content\/uploads\/2025\/03\/Captura-de-ecra-2025-03-31-as-14.25.26.png","datePublished":"2025-04-01T06:26:00+00:00","description":"Lagos associa-se \u00e0 campanha nacional de preven\u00e7\u00e3o contra os maus-tratos na inf\u00e2ncia Atualidade","breadcrumb":{"@id":"https:\/\/algarve7.pt\/index.php\/2025\/04\/lagos-associa-se-a-campanha-nacional-de-prevencao-contra-os-maus-tratos-na-infancia\/atualidade\/07\/26\/#breadcrumb"},"inLanguage":"pt-PT","potentialAction":[{"@type":"ReadAction","target":["https:\/\/algarve7.pt\/index.php\/2025\/04\/lagos-associa-se-a-campanha-nacional-de-prevencao-contra-os-maus-tratos-na-infancia\/atualidade\/07\/26\/"]}]},{"@type":"ImageObject","inLanguage":"pt-PT","@id":"https:\/\/algarve7.pt\/index.php\/2025\/04\/lagos-associa-se-a-campanha-nacional-de-prevencao-contra-os-maus-tratos-na-infancia\/atualidade\/07\/26\/#primaryimage","url":"https:\/\/algarve7.pt\/wp-content\/uploads\/2025\/03\/Captura-de-ecra-2025-03-31-as-14.25.26.png","contentUrl":"https:\/\/algarve7.pt\/wp-content\/uploads\/2025\/03\/Captura-de-ecra-2025-03-31-as-14.25.26.png","width":800,"height":500},{"@type":"BreadcrumbList","@id":"https:\/\/algarve7.pt\/index.php\/2025\/04\/lagos-associa-se-a-campanha-nacional-de-prevencao-contra-os-maus-tratos-na-infancia\/atualidade\/07\/26\/#breadcrumb","itemListElement":[{"@type":"ListItem","position":1,"name":"In\u00edcio","item":"https:\/\/algarve7.pt\/"},{"@type":"ListItem","position":2,"name":"Lagos associa-se \u00e0 campanha nacional de preven\u00e7\u00e3o contra os maus-tratos na inf\u00e2ncia"}]},{"@type":"WebSite","@id":"https:\/\/algarve7.pt\/#website","url":"https:\/\/algarve7.pt\/","name":"Algarve 7","description":"Informa\u00e7\u00e3o sobre o Algarve","publisher":{"@id":"https:\/\/algarve7.pt\/#organization"},"potentialAction":[{"@type":"SearchAction","target":{"@type":"EntryPoint","urlTemplate":"https:\/\/algarve7.pt\/?s={search_term_string}"},"query-input":{"@type":"PropertyValueSpecification","valueRequired":true,"valueName":"search_term_string"}}],"inLanguage":"pt-PT"},{"@type":"Organization","@id":"https:\/\/algarve7.pt\/#organization","name":"Algarve 7","url":"https:\/\/algarve7.pt\/","logo":{"@type":"ImageObject","inLanguage":"pt-PT","@id":"https:\/\/algarve7.pt\/#\/schema\/logo\/image\/","url":"https:\/\/algarve7.pt\/wp-content\/uploads\/2020\/10\/Logo-8.jpg","contentUrl":"https:\/\/algarve7.pt\/wp-content\/uploads\/2020\/10\/Logo-8.jpg","width":1680,"height":1186,"caption":"Algarve 7"},"image":{"@id":"https:\/\/algarve7.pt\/#\/schema\/logo\/image\/"},"sameAs":["https:\/\/www.facebook.com\/algarve7","https:\/\/x.com\/Algarvesete","https:\/\/www.instagram.com\/jornalalgarve7\/","https:\/\/www.linkedin.com\/company\/algarve7","https:\/\/www.pinterest.pt\/geral0939\/_created\/"]},{"@type":"Person","@id":"https:\/\/algarve7.pt\/#\/schema\/person\/23fa70681308e7b319a3204bcea45e0c","name":"Algarve 7","sameAs":["https:\/\/algarve7.pt","https:\/\/www.facebook.com\/algarve7"],"url":"https:\/\/algarve7.pt\/index.php\/author\/geralalgarve7-pt\/"}]}},"jetpack_publicize_connections":[],"jetpack_featured_media_url":"https:\/\/algarve7.pt\/wp-content\/uploads\/2025\/03\/Captura-de-ecra-2025-03-31-as-14.25.26.png","jetpack_shortlink":"https:\/\/wp.me\/pcezmW-cIY","jetpack_sharing_enabled":true,"_links":{"self":[{"href":"https:\/\/algarve7.pt\/index.php\/wp-json\/wp\/v2\/posts\/48916","targetHints":{"allow":["GET"]}}],"collection":[{"href":"https:\/\/algarve7.pt\/index.php\/wp-json\/wp\/v2\/posts"}],"about":[{"href":"https:\/\/algarve7.pt\/index.php\/wp-json\/wp\/v2\/types\/post"}],"author":[{"embeddable":true,"href":"https:\/\/algarve7.pt\/index.php\/wp-json\/wp\/v2\/users\/1"}],"replies":[{"embeddable":true,"href":"https:\/\/algarve7.pt\/index.php\/wp-json\/wp\/v2\/comments?post=48916"}],"version-history":[{"count":0,"href":"https:\/\/algarve7.pt\/index.php\/wp-json\/wp\/v2\/posts\/48916\/revisions"}],"wp:featuredmedia":[{"embeddable":true,"href":"https:\/\/algarve7.pt\/index.php\/wp-json\/wp\/v2\/media\/48917"}],"wp:attachment":[{"href":"https:\/\/algarve7.pt\/index.php\/wp-json\/wp\/v2\/media?parent=48916"}],"wp:term":[{"taxonomy":"category","embeddable":true,"href":"https:\/\/algarve7.pt\/index.php\/wp-json\/wp\/v2\/categories?post=48916"},{"taxonomy":"post_tag","embeddable":true,"href":"https:\/\/algarve7.pt\/index.php\/wp-json\/wp\/v2\/tags?post=48916"}],"curies":[{"name":"wp","href":"https:\/\/api.w.org\/{rel}","templated":true}]}}