{"id":48910,"date":"2025-03-31T14:21:13","date_gmt":"2025-03-31T13:21:13","guid":{"rendered":"https:\/\/algarve7.pt\/?p=48910"},"modified":"2025-03-31T14:21:17","modified_gmt":"2025-03-31T13:21:17","slug":"boa-esperanca-estreia-nova-revista-a-portuguesa-ja-nem-o-mexilhao-tem-cabelo","status":"publish","type":"post","link":"https:\/\/algarve7.pt\/index.php\/2025\/03\/boa-esperanca-estreia-nova-revista-a-portuguesa-ja-nem-o-mexilhao-tem-cabelo\/cultura\/14\/21\/","title":{"rendered":"Boa Esperan\u00e7a estreia nova revista \u00e0 portuguesa \u201cJ\u00e1 nem o Mexilh\u00e3o tem Cabelo!\u201d"},"content":{"rendered":"\n<p>Ser\u00e1 j\u00e1 em abril que a revista \u00e0 portuguesa regressa ao Boa Esperan\u00e7a Atl\u00e9tico Clube Portimonense para uma nova temporada de muitos risos e boa disposi\u00e7\u00e3o. Com estreia&nbsp;marcada para o dia 5 de abril, \u00e0s 21h30,&nbsp;o t\u00edtulo \u201cJ\u00e1 nem o Mexilh\u00e3o tem Cabelo!\u201d deixa antever a qualidade das r\u00e1bulas que v\u00e3o voltar a arrancar muitas gargalhadas da plateia.<\/p>\n\n\n\n<p>O espet\u00e1culo da popular coletividade de Portim\u00e3o honra uma tradi\u00e7\u00e3o art\u00edstica com seis d\u00e9cadas e tem evolu\u00eddo ao longo dos \u00faltimos anos, transformando o que come\u00e7ou por ser uma pe\u00e7a de com\u00e9dia local, denominada como Revista de Carnaval, num evento de sucesso nacional, sempre com \u201ccasa cheia\u201d.<\/p>\n\n\n\n<p>Com textos e letras originais de Carlos Pacheco, esta revista tem como constante a&nbsp;cr\u00edtica da atualidade pol\u00edtica e social, sempre recheada de bom humor. Ficar\u00e1 em cena na sala de espet\u00e1culos do Boa Esperan\u00e7a nas pr\u00f3ximas semanas, \u00e0s sextas-feiras e aos s\u00e1bados, \u00e0s 21h30, e aos domingos \u00e0 tarde em duas sess\u00f5es di\u00e1rias, \u00e0s 15h00 e \u00e0s 17h30.<\/p>\n\n\n\n<p>Os quadros, com muita originalidade e at\u00e9, \u00e0s vezes, algum improviso t\u00eam levado espetadores de v\u00e1rios pontos do pa\u00eds a esta sala portimonense. Ser\u00e3o interpretados por um elenco composto por Carlos Pacheco, Telma Brazona, Filipa Goulart, Isa de Brito, Marcos Andr\u00e9, Catarina Duarte, Mariana Jobling, Maria Martins, Jenifer Novais, Rita Ferreira e Leonor Mitelo.<\/p>\n\n\n\n<p>Entre as mais variadas r\u00e1bulas, repartidas por momentos musicais de qualidade, a revista deste ano abre de forma original, ao recordar a cria\u00e7\u00e3o do mundo, num tempo sem Facebook, pol\u00edticos, reality shows nem filas no supermercado, e ao retratar o nascimento da revista.<\/p>\n\n\n\n<p>Logo de seguida, o p\u00fablico poder\u00e1 voltar a assistir \u00e0s aventuras do j\u00e1 famoso casal, que se tornou uma imagem de marca desta produ\u00e7\u00e3o. Olga e An\u00edbal resolvem ir \u00e0 praia, com um triciclo como transporte, passando entre os buracos na estrada, e carregados com uma geleira que mais parece uma caixa-forte. Ser\u00e1 uma dia para mais tarde recordar, sem sombra de d\u00favidas.<\/p>\n\n\n\n<p>A revista prossegue com o Z\u00e9 do Cano, discuss\u00f5es, trocadilhos e casas de banho a alagar em \u201cJusti\u00e7a sem Espinhas nem Cabelo\u201d, seguido de outro quadro no qual quase todos t\u00eam uma casa garantida, mesmo sem contratos. O palha\u00e7o que canta, dan\u00e7a, salta e provoca o sorriso, mesmo a quem o ofende, \u00e9 outro dos temas, bem como o \u201cCasamento no Primeiro Encontro\u201d, onde entre frases mal percebidas, declara\u00e7\u00f5es de amor duvidosas e muitas promessas, se conta a hist\u00f3ria de Abdalu, um noivo sempre presente.<\/p>\n\n\n\n<p>Por fim, &#8220;E Tudo a Mala Levou\u201d n\u00e3o \u00e9 mais do que uma excurs\u00e3o barata com vendas manhosas, onde o delicadinho Paulo Jorge, com alma fadista e voz afinada, ado\u00e7a os ouvidos do p\u00fablico com muito humor em cada quadra.<\/p>\n\n\n\n<p>Com sede no centro da cidade, o Boa Esperan\u00e7a pretende, com mais esta produ\u00e7\u00e3o original, dinamizar a arte da representa\u00e7\u00e3o, a cultura e a boa&nbsp;disposi\u00e7\u00e3o, num ambiente descontra\u00eddo, enquanto entret\u00e9m residentes e visitantes. Os bilhetes podem ser reservados, das 15h00 \u00e0s 21h00, por telefone, atrav\u00e9s do n\u00famero 967 188 290, contacto tamb\u00e9m dispon\u00edvel para informa\u00e7\u00f5es complementares e esclarecimento de d\u00favidas. A bilheteira est\u00e1 aberta das 17h00 \u00e0s 20h00.<\/p>\n","protected":false},"excerpt":{"rendered":"<p>Ser\u00e1 j\u00e1 em abril que a revista \u00e0 portuguesa regressa ao Boa Esperan\u00e7a Atl\u00e9tico Clube Portimonense para uma nova temporada<\/p>\n","protected":false},"author":1,"featured_media":48911,"comment_status":"closed","ping_status":"closed","sticky":false,"template":"","format":"standard","meta":{"colormag_page_container_layout":"default_layout","colormag_page_sidebar_layout":"default_layout","_monsterinsights_skip_tracking":false,"_monsterinsights_sitenote_active":false,"_monsterinsights_sitenote_note":"","_monsterinsights_sitenote_category":0,"jetpack_post_was_ever_published":false,"_jetpack_newsletter_access":"","_jetpack_dont_email_post_to_subs":false,"_jetpack_newsletter_tier_id":0,"_jetpack_memberships_contains_paywalled_content":false,"_jetpack_memberships_contains_paid_content":false,"footnotes":"","jetpack_publicize_message":"","jetpack_publicize_feature_enabled":true,"jetpack_social_post_already_shared":true,"jetpack_social_options":{"image_generator_settings":{"template":"highway","default_image_id":0,"font":"","enabled":false},"version":2}},"categories":[14],"tags":[36,35,72,101],"class_list":["post-48910","post","type-post","status-publish","format-standard","has-post-thumbnail","hentry","category-cultura","tag-algarve","tag-cultura","tag-portimao","tag-teatro"],"yoast_head":"<!-- This site is optimized with the Yoast SEO plugin v27.5 - https:\/\/yoast.com\/product\/yoast-seo-wordpress\/ -->\n<title>Boa Esperan\u00e7a estreia nova revista \u00e0 portuguesa \u201cJ\u00e1 nem o Mexilh\u00e3o tem Cabelo!\u201d - Algarve 7<\/title>\n<meta name=\"description\" content=\"Boa Esperan\u00e7a estreia nova revista \u00e0 portuguesa \u201cJ\u00e1 nem o Mexilh\u00e3o tem Cabelo!\u201d Cultura\" \/>\n<meta name=\"robots\" content=\"index, follow, max-snippet:-1, max-image-preview:large, max-video-preview:-1\" \/>\n<link rel=\"canonical\" href=\"https:\/\/algarve7.pt\/index.php\/2025\/03\/boa-esperanca-estreia-nova-revista-a-portuguesa-ja-nem-o-mexilhao-tem-cabelo\/cultura\/14\/21\/\" \/>\n<meta property=\"og:locale\" content=\"pt_PT\" \/>\n<meta property=\"og:type\" content=\"article\" \/>\n<meta property=\"og:title\" content=\"Boa Esperan\u00e7a estreia nova revista \u00e0 portuguesa \u201cJ\u00e1 nem o Mexilh\u00e3o tem Cabelo!\u201d - Algarve 7\" \/>\n<meta property=\"og:description\" content=\"Boa Esperan\u00e7a estreia nova revista \u00e0 portuguesa \u201cJ\u00e1 nem o Mexilh\u00e3o tem Cabelo!\u201d Cultura\" \/>\n<meta property=\"og:url\" content=\"https:\/\/algarve7.pt\/index.php\/2025\/03\/boa-esperanca-estreia-nova-revista-a-portuguesa-ja-nem-o-mexilhao-tem-cabelo\/cultura\/14\/21\/\" \/>\n<meta property=\"og:site_name\" content=\"Algarve 7\" \/>\n<meta property=\"article:publisher\" content=\"https:\/\/www.facebook.com\/algarve7\" \/>\n<meta property=\"article:author\" content=\"https:\/\/www.facebook.com\/algarve7\" \/>\n<meta property=\"article:published_time\" content=\"2025-03-31T13:21:13+00:00\" \/>\n<meta property=\"article:modified_time\" content=\"2025-03-31T13:21:17+00:00\" \/>\n<meta property=\"og:image\" content=\"https:\/\/algarve7.pt\/wp-content\/uploads\/2025\/03\/Captura-de-ecra-2025-03-31-as-14.18.27.png\" \/>\n\t<meta property=\"og:image:width\" content=\"800\" \/>\n\t<meta property=\"og:image:height\" content=\"500\" \/>\n\t<meta property=\"og:image:type\" content=\"image\/png\" \/>\n<meta name=\"author\" content=\"Algarve 7\" \/>\n<meta name=\"twitter:card\" content=\"summary_large_image\" \/>\n<meta name=\"twitter:creator\" content=\"@Algarvesete\" \/>\n<meta name=\"twitter:site\" content=\"@Algarvesete\" \/>\n<meta name=\"twitter:label1\" content=\"Escrito por\" \/>\n\t<meta name=\"twitter:data1\" content=\"Algarve 7\" \/>\n\t<meta name=\"twitter:label2\" content=\"Tempo estimado de leitura\" \/>\n\t<meta name=\"twitter:data2\" content=\"4 minutos\" \/>\n<script type=\"application\/ld+json\" class=\"yoast-schema-graph\">{\"@context\":\"https:\\\/\\\/schema.org\",\"@graph\":[{\"@type\":\"Article\",\"@id\":\"https:\\\/\\\/algarve7.pt\\\/index.php\\\/2025\\\/03\\\/boa-esperanca-estreia-nova-revista-a-portuguesa-ja-nem-o-mexilhao-tem-cabelo\\\/cultura\\\/14\\\/21\\\/#article\",\"isPartOf\":{\"@id\":\"https:\\\/\\\/algarve7.pt\\\/index.php\\\/2025\\\/03\\\/boa-esperanca-estreia-nova-revista-a-portuguesa-ja-nem-o-mexilhao-tem-cabelo\\\/cultura\\\/14\\\/21\\\/\"},\"author\":{\"name\":\"Algarve 7\",\"@id\":\"https:\\\/\\\/algarve7.pt\\\/#\\\/schema\\\/person\\\/23fa70681308e7b319a3204bcea45e0c\"},\"headline\":\"Boa Esperan\u00e7a estreia nova revista \u00e0 portuguesa \u201cJ\u00e1 nem o Mexilh\u00e3o tem Cabelo!\u201d\",\"datePublished\":\"2025-03-31T13:21:13+00:00\",\"dateModified\":\"2025-03-31T13:21:17+00:00\",\"mainEntityOfPage\":{\"@id\":\"https:\\\/\\\/algarve7.pt\\\/index.php\\\/2025\\\/03\\\/boa-esperanca-estreia-nova-revista-a-portuguesa-ja-nem-o-mexilhao-tem-cabelo\\\/cultura\\\/14\\\/21\\\/\"},\"wordCount\":587,\"publisher\":{\"@id\":\"https:\\\/\\\/algarve7.pt\\\/#organization\"},\"image\":{\"@id\":\"https:\\\/\\\/algarve7.pt\\\/index.php\\\/2025\\\/03\\\/boa-esperanca-estreia-nova-revista-a-portuguesa-ja-nem-o-mexilhao-tem-cabelo\\\/cultura\\\/14\\\/21\\\/#primaryimage\"},\"thumbnailUrl\":\"https:\\\/\\\/algarve7.pt\\\/wp-content\\\/uploads\\\/2025\\\/03\\\/Captura-de-ecra-2025-03-31-as-14.18.27.png\",\"keywords\":[\"Algarve\",\"Cultura\",\"Portim\u00e3o\",\"Teatro\"],\"articleSection\":[\"Cultura\"],\"inLanguage\":\"pt-PT\"},{\"@type\":\"WebPage\",\"@id\":\"https:\\\/\\\/algarve7.pt\\\/index.php\\\/2025\\\/03\\\/boa-esperanca-estreia-nova-revista-a-portuguesa-ja-nem-o-mexilhao-tem-cabelo\\\/cultura\\\/14\\\/21\\\/\",\"url\":\"https:\\\/\\\/algarve7.pt\\\/index.php\\\/2025\\\/03\\\/boa-esperanca-estreia-nova-revista-a-portuguesa-ja-nem-o-mexilhao-tem-cabelo\\\/cultura\\\/14\\\/21\\\/\",\"name\":\"Boa Esperan\u00e7a estreia nova revista \u00e0 portuguesa \u201cJ\u00e1 nem o Mexilh\u00e3o tem Cabelo!\u201d - Algarve 7\",\"isPartOf\":{\"@id\":\"https:\\\/\\\/algarve7.pt\\\/#website\"},\"primaryImageOfPage\":{\"@id\":\"https:\\\/\\\/algarve7.pt\\\/index.php\\\/2025\\\/03\\\/boa-esperanca-estreia-nova-revista-a-portuguesa-ja-nem-o-mexilhao-tem-cabelo\\\/cultura\\\/14\\\/21\\\/#primaryimage\"},\"image\":{\"@id\":\"https:\\\/\\\/algarve7.pt\\\/index.php\\\/2025\\\/03\\\/boa-esperanca-estreia-nova-revista-a-portuguesa-ja-nem-o-mexilhao-tem-cabelo\\\/cultura\\\/14\\\/21\\\/#primaryimage\"},\"thumbnailUrl\":\"https:\\\/\\\/algarve7.pt\\\/wp-content\\\/uploads\\\/2025\\\/03\\\/Captura-de-ecra-2025-03-31-as-14.18.27.png\",\"datePublished\":\"2025-03-31T13:21:13+00:00\",\"dateModified\":\"2025-03-31T13:21:17+00:00\",\"description\":\"Boa Esperan\u00e7a estreia nova revista \u00e0 portuguesa \u201cJ\u00e1 nem o Mexilh\u00e3o tem Cabelo!\u201d Cultura\",\"breadcrumb\":{\"@id\":\"https:\\\/\\\/algarve7.pt\\\/index.php\\\/2025\\\/03\\\/boa-esperanca-estreia-nova-revista-a-portuguesa-ja-nem-o-mexilhao-tem-cabelo\\\/cultura\\\/14\\\/21\\\/#breadcrumb\"},\"inLanguage\":\"pt-PT\",\"potentialAction\":[{\"@type\":\"ReadAction\",\"target\":[\"https:\\\/\\\/algarve7.pt\\\/index.php\\\/2025\\\/03\\\/boa-esperanca-estreia-nova-revista-a-portuguesa-ja-nem-o-mexilhao-tem-cabelo\\\/cultura\\\/14\\\/21\\\/\"]}]},{\"@type\":\"ImageObject\",\"inLanguage\":\"pt-PT\",\"@id\":\"https:\\\/\\\/algarve7.pt\\\/index.php\\\/2025\\\/03\\\/boa-esperanca-estreia-nova-revista-a-portuguesa-ja-nem-o-mexilhao-tem-cabelo\\\/cultura\\\/14\\\/21\\\/#primaryimage\",\"url\":\"https:\\\/\\\/algarve7.pt\\\/wp-content\\\/uploads\\\/2025\\\/03\\\/Captura-de-ecra-2025-03-31-as-14.18.27.png\",\"contentUrl\":\"https:\\\/\\\/algarve7.pt\\\/wp-content\\\/uploads\\\/2025\\\/03\\\/Captura-de-ecra-2025-03-31-as-14.18.27.png\",\"width\":800,\"height\":500},{\"@type\":\"BreadcrumbList\",\"@id\":\"https:\\\/\\\/algarve7.pt\\\/index.php\\\/2025\\\/03\\\/boa-esperanca-estreia-nova-revista-a-portuguesa-ja-nem-o-mexilhao-tem-cabelo\\\/cultura\\\/14\\\/21\\\/#breadcrumb\",\"itemListElement\":[{\"@type\":\"ListItem\",\"position\":1,\"name\":\"In\u00edcio\",\"item\":\"https:\\\/\\\/algarve7.pt\\\/\"},{\"@type\":\"ListItem\",\"position\":2,\"name\":\"Boa Esperan\u00e7a estreia nova revista \u00e0 portuguesa \u201cJ\u00e1 nem o Mexilh\u00e3o tem Cabelo!\u201d\"}]},{\"@type\":\"WebSite\",\"@id\":\"https:\\\/\\\/algarve7.pt\\\/#website\",\"url\":\"https:\\\/\\\/algarve7.pt\\\/\",\"name\":\"Algarve 7\",\"description\":\"Informa\u00e7\u00e3o sobre o Algarve\",\"publisher\":{\"@id\":\"https:\\\/\\\/algarve7.pt\\\/#organization\"},\"potentialAction\":[{\"@type\":\"SearchAction\",\"target\":{\"@type\":\"EntryPoint\",\"urlTemplate\":\"https:\\\/\\\/algarve7.pt\\\/?s={search_term_string}\"},\"query-input\":{\"@type\":\"PropertyValueSpecification\",\"valueRequired\":true,\"valueName\":\"search_term_string\"}}],\"inLanguage\":\"pt-PT\"},{\"@type\":\"Organization\",\"@id\":\"https:\\\/\\\/algarve7.pt\\\/#organization\",\"name\":\"Algarve 7\",\"url\":\"https:\\\/\\\/algarve7.pt\\\/\",\"logo\":{\"@type\":\"ImageObject\",\"inLanguage\":\"pt-PT\",\"@id\":\"https:\\\/\\\/algarve7.pt\\\/#\\\/schema\\\/logo\\\/image\\\/\",\"url\":\"https:\\\/\\\/algarve7.pt\\\/wp-content\\\/uploads\\\/2020\\\/10\\\/Logo-8.jpg\",\"contentUrl\":\"https:\\\/\\\/algarve7.pt\\\/wp-content\\\/uploads\\\/2020\\\/10\\\/Logo-8.jpg\",\"width\":1680,\"height\":1186,\"caption\":\"Algarve 7\"},\"image\":{\"@id\":\"https:\\\/\\\/algarve7.pt\\\/#\\\/schema\\\/logo\\\/image\\\/\"},\"sameAs\":[\"https:\\\/\\\/www.facebook.com\\\/algarve7\",\"https:\\\/\\\/x.com\\\/Algarvesete\",\"https:\\\/\\\/www.instagram.com\\\/jornalalgarve7\\\/\",\"https:\\\/\\\/www.linkedin.com\\\/company\\\/algarve7\",\"https:\\\/\\\/www.pinterest.pt\\\/geral0939\\\/_created\\\/\"]},{\"@type\":\"Person\",\"@id\":\"https:\\\/\\\/algarve7.pt\\\/#\\\/schema\\\/person\\\/23fa70681308e7b319a3204bcea45e0c\",\"name\":\"Algarve 7\",\"sameAs\":[\"https:\\\/\\\/algarve7.pt\",\"https:\\\/\\\/www.facebook.com\\\/algarve7\"],\"url\":\"https:\\\/\\\/algarve7.pt\\\/index.php\\\/author\\\/geralalgarve7-pt\\\/\"}]}<\/script>\n<!-- \/ Yoast SEO plugin. -->","yoast_head_json":{"title":"Boa Esperan\u00e7a estreia nova revista \u00e0 portuguesa \u201cJ\u00e1 nem o Mexilh\u00e3o tem Cabelo!\u201d - Algarve 7","description":"Boa Esperan\u00e7a estreia nova revista \u00e0 portuguesa \u201cJ\u00e1 nem o Mexilh\u00e3o tem Cabelo!\u201d Cultura","robots":{"index":"index","follow":"follow","max-snippet":"max-snippet:-1","max-image-preview":"max-image-preview:large","max-video-preview":"max-video-preview:-1"},"canonical":"https:\/\/algarve7.pt\/index.php\/2025\/03\/boa-esperanca-estreia-nova-revista-a-portuguesa-ja-nem-o-mexilhao-tem-cabelo\/cultura\/14\/21\/","og_locale":"pt_PT","og_type":"article","og_title":"Boa Esperan\u00e7a estreia nova revista \u00e0 portuguesa \u201cJ\u00e1 nem o Mexilh\u00e3o tem Cabelo!\u201d - Algarve 7","og_description":"Boa Esperan\u00e7a estreia nova revista \u00e0 portuguesa \u201cJ\u00e1 nem o Mexilh\u00e3o tem Cabelo!\u201d Cultura","og_url":"https:\/\/algarve7.pt\/index.php\/2025\/03\/boa-esperanca-estreia-nova-revista-a-portuguesa-ja-nem-o-mexilhao-tem-cabelo\/cultura\/14\/21\/","og_site_name":"Algarve 7","article_publisher":"https:\/\/www.facebook.com\/algarve7","article_author":"https:\/\/www.facebook.com\/algarve7","article_published_time":"2025-03-31T13:21:13+00:00","article_modified_time":"2025-03-31T13:21:17+00:00","og_image":[{"width":800,"height":500,"url":"https:\/\/algarve7.pt\/wp-content\/uploads\/2025\/03\/Captura-de-ecra-2025-03-31-as-14.18.27.png","type":"image\/png"}],"author":"Algarve 7","twitter_card":"summary_large_image","twitter_creator":"@Algarvesete","twitter_site":"@Algarvesete","twitter_misc":{"Escrito por":"Algarve 7","Tempo estimado de leitura":"4 minutos"},"schema":{"@context":"https:\/\/schema.org","@graph":[{"@type":"Article","@id":"https:\/\/algarve7.pt\/index.php\/2025\/03\/boa-esperanca-estreia-nova-revista-a-portuguesa-ja-nem-o-mexilhao-tem-cabelo\/cultura\/14\/21\/#article","isPartOf":{"@id":"https:\/\/algarve7.pt\/index.php\/2025\/03\/boa-esperanca-estreia-nova-revista-a-portuguesa-ja-nem-o-mexilhao-tem-cabelo\/cultura\/14\/21\/"},"author":{"name":"Algarve 7","@id":"https:\/\/algarve7.pt\/#\/schema\/person\/23fa70681308e7b319a3204bcea45e0c"},"headline":"Boa Esperan\u00e7a estreia nova revista \u00e0 portuguesa \u201cJ\u00e1 nem o Mexilh\u00e3o tem Cabelo!\u201d","datePublished":"2025-03-31T13:21:13+00:00","dateModified":"2025-03-31T13:21:17+00:00","mainEntityOfPage":{"@id":"https:\/\/algarve7.pt\/index.php\/2025\/03\/boa-esperanca-estreia-nova-revista-a-portuguesa-ja-nem-o-mexilhao-tem-cabelo\/cultura\/14\/21\/"},"wordCount":587,"publisher":{"@id":"https:\/\/algarve7.pt\/#organization"},"image":{"@id":"https:\/\/algarve7.pt\/index.php\/2025\/03\/boa-esperanca-estreia-nova-revista-a-portuguesa-ja-nem-o-mexilhao-tem-cabelo\/cultura\/14\/21\/#primaryimage"},"thumbnailUrl":"https:\/\/algarve7.pt\/wp-content\/uploads\/2025\/03\/Captura-de-ecra-2025-03-31-as-14.18.27.png","keywords":["Algarve","Cultura","Portim\u00e3o","Teatro"],"articleSection":["Cultura"],"inLanguage":"pt-PT"},{"@type":"WebPage","@id":"https:\/\/algarve7.pt\/index.php\/2025\/03\/boa-esperanca-estreia-nova-revista-a-portuguesa-ja-nem-o-mexilhao-tem-cabelo\/cultura\/14\/21\/","url":"https:\/\/algarve7.pt\/index.php\/2025\/03\/boa-esperanca-estreia-nova-revista-a-portuguesa-ja-nem-o-mexilhao-tem-cabelo\/cultura\/14\/21\/","name":"Boa Esperan\u00e7a estreia nova revista \u00e0 portuguesa \u201cJ\u00e1 nem o Mexilh\u00e3o tem Cabelo!\u201d - Algarve 7","isPartOf":{"@id":"https:\/\/algarve7.pt\/#website"},"primaryImageOfPage":{"@id":"https:\/\/algarve7.pt\/index.php\/2025\/03\/boa-esperanca-estreia-nova-revista-a-portuguesa-ja-nem-o-mexilhao-tem-cabelo\/cultura\/14\/21\/#primaryimage"},"image":{"@id":"https:\/\/algarve7.pt\/index.php\/2025\/03\/boa-esperanca-estreia-nova-revista-a-portuguesa-ja-nem-o-mexilhao-tem-cabelo\/cultura\/14\/21\/#primaryimage"},"thumbnailUrl":"https:\/\/algarve7.pt\/wp-content\/uploads\/2025\/03\/Captura-de-ecra-2025-03-31-as-14.18.27.png","datePublished":"2025-03-31T13:21:13+00:00","dateModified":"2025-03-31T13:21:17+00:00","description":"Boa Esperan\u00e7a estreia nova revista \u00e0 portuguesa \u201cJ\u00e1 nem o Mexilh\u00e3o tem Cabelo!\u201d Cultura","breadcrumb":{"@id":"https:\/\/algarve7.pt\/index.php\/2025\/03\/boa-esperanca-estreia-nova-revista-a-portuguesa-ja-nem-o-mexilhao-tem-cabelo\/cultura\/14\/21\/#breadcrumb"},"inLanguage":"pt-PT","potentialAction":[{"@type":"ReadAction","target":["https:\/\/algarve7.pt\/index.php\/2025\/03\/boa-esperanca-estreia-nova-revista-a-portuguesa-ja-nem-o-mexilhao-tem-cabelo\/cultura\/14\/21\/"]}]},{"@type":"ImageObject","inLanguage":"pt-PT","@id":"https:\/\/algarve7.pt\/index.php\/2025\/03\/boa-esperanca-estreia-nova-revista-a-portuguesa-ja-nem-o-mexilhao-tem-cabelo\/cultura\/14\/21\/#primaryimage","url":"https:\/\/algarve7.pt\/wp-content\/uploads\/2025\/03\/Captura-de-ecra-2025-03-31-as-14.18.27.png","contentUrl":"https:\/\/algarve7.pt\/wp-content\/uploads\/2025\/03\/Captura-de-ecra-2025-03-31-as-14.18.27.png","width":800,"height":500},{"@type":"BreadcrumbList","@id":"https:\/\/algarve7.pt\/index.php\/2025\/03\/boa-esperanca-estreia-nova-revista-a-portuguesa-ja-nem-o-mexilhao-tem-cabelo\/cultura\/14\/21\/#breadcrumb","itemListElement":[{"@type":"ListItem","position":1,"name":"In\u00edcio","item":"https:\/\/algarve7.pt\/"},{"@type":"ListItem","position":2,"name":"Boa Esperan\u00e7a estreia nova revista \u00e0 portuguesa \u201cJ\u00e1 nem o Mexilh\u00e3o tem Cabelo!\u201d"}]},{"@type":"WebSite","@id":"https:\/\/algarve7.pt\/#website","url":"https:\/\/algarve7.pt\/","name":"Algarve 7","description":"Informa\u00e7\u00e3o sobre o Algarve","publisher":{"@id":"https:\/\/algarve7.pt\/#organization"},"potentialAction":[{"@type":"SearchAction","target":{"@type":"EntryPoint","urlTemplate":"https:\/\/algarve7.pt\/?s={search_term_string}"},"query-input":{"@type":"PropertyValueSpecification","valueRequired":true,"valueName":"search_term_string"}}],"inLanguage":"pt-PT"},{"@type":"Organization","@id":"https:\/\/algarve7.pt\/#organization","name":"Algarve 7","url":"https:\/\/algarve7.pt\/","logo":{"@type":"ImageObject","inLanguage":"pt-PT","@id":"https:\/\/algarve7.pt\/#\/schema\/logo\/image\/","url":"https:\/\/algarve7.pt\/wp-content\/uploads\/2020\/10\/Logo-8.jpg","contentUrl":"https:\/\/algarve7.pt\/wp-content\/uploads\/2020\/10\/Logo-8.jpg","width":1680,"height":1186,"caption":"Algarve 7"},"image":{"@id":"https:\/\/algarve7.pt\/#\/schema\/logo\/image\/"},"sameAs":["https:\/\/www.facebook.com\/algarve7","https:\/\/x.com\/Algarvesete","https:\/\/www.instagram.com\/jornalalgarve7\/","https:\/\/www.linkedin.com\/company\/algarve7","https:\/\/www.pinterest.pt\/geral0939\/_created\/"]},{"@type":"Person","@id":"https:\/\/algarve7.pt\/#\/schema\/person\/23fa70681308e7b319a3204bcea45e0c","name":"Algarve 7","sameAs":["https:\/\/algarve7.pt","https:\/\/www.facebook.com\/algarve7"],"url":"https:\/\/algarve7.pt\/index.php\/author\/geralalgarve7-pt\/"}]}},"jetpack_publicize_connections":[],"jetpack_featured_media_url":"https:\/\/algarve7.pt\/wp-content\/uploads\/2025\/03\/Captura-de-ecra-2025-03-31-as-14.18.27.png","jetpack_shortlink":"https:\/\/wp.me\/pcezmW-cIS","jetpack_sharing_enabled":true,"_links":{"self":[{"href":"https:\/\/algarve7.pt\/index.php\/wp-json\/wp\/v2\/posts\/48910","targetHints":{"allow":["GET"]}}],"collection":[{"href":"https:\/\/algarve7.pt\/index.php\/wp-json\/wp\/v2\/posts"}],"about":[{"href":"https:\/\/algarve7.pt\/index.php\/wp-json\/wp\/v2\/types\/post"}],"author":[{"embeddable":true,"href":"https:\/\/algarve7.pt\/index.php\/wp-json\/wp\/v2\/users\/1"}],"replies":[{"embeddable":true,"href":"https:\/\/algarve7.pt\/index.php\/wp-json\/wp\/v2\/comments?post=48910"}],"version-history":[{"count":0,"href":"https:\/\/algarve7.pt\/index.php\/wp-json\/wp\/v2\/posts\/48910\/revisions"}],"wp:featuredmedia":[{"embeddable":true,"href":"https:\/\/algarve7.pt\/index.php\/wp-json\/wp\/v2\/media\/48911"}],"wp:attachment":[{"href":"https:\/\/algarve7.pt\/index.php\/wp-json\/wp\/v2\/media?parent=48910"}],"wp:term":[{"taxonomy":"category","embeddable":true,"href":"https:\/\/algarve7.pt\/index.php\/wp-json\/wp\/v2\/categories?post=48910"},{"taxonomy":"post_tag","embeddable":true,"href":"https:\/\/algarve7.pt\/index.php\/wp-json\/wp\/v2\/tags?post=48910"}],"curies":[{"name":"wp","href":"https:\/\/api.w.org\/{rel}","templated":true}]}}