{"id":48899,"date":"2025-03-30T20:16:29","date_gmt":"2025-03-30T19:16:29","guid":{"rendered":"https:\/\/algarve7.pt\/?p=48899"},"modified":"2025-03-30T20:16:32","modified_gmt":"2025-03-30T19:16:32","slug":"mundial-superbike-razgatlioglu-arrasou-no-algarve-em-fim-de-semana-epico","status":"publish","type":"post","link":"https:\/\/algarve7.pt\/index.php\/2025\/03\/mundial-superbike-razgatlioglu-arrasou-no-algarve-em-fim-de-semana-epico\/desporto\/20\/16\/","title":{"rendered":"Mundial Superbike: Razgatlioglu arrasou no Algarve em fim-de-semana \u00e9pico"},"content":{"rendered":"\n<p>Fim-de-semana perfeito para&nbsp;<strong>Toprak Razgatlioglu<\/strong>&nbsp;em&nbsp;<strong>Portim\u00e3o<\/strong>. O campe\u00e3o do mundo voltou a assinar um &#8216;hat-trick&#8217; no&nbsp;<strong>Mundial Superbike<\/strong>&nbsp;e brindou os&nbsp;<strong>53.407 espectadores<\/strong>&nbsp;que acompanharam a prova ao longo do fim-de-semana com mais uma viagem alucinante na &#8216;linha a\u00e9rea turca&#8217;, regressando a casa com o novo recorde absoluto do circuito, &#8216;pole-position&#8217;, novo recorde de volta r\u00e1pida em corrida e a segunda posi\u00e7\u00e3o na classifica\u00e7\u00e3o do campeonato.<\/p>\n\n\n\n<p>Com o calor algarvio a abra\u00e7ar pilotos e o muito p\u00fablico que animou o circuito ao longo deste derradeiro fim-de-semana de&nbsp;<strong>Mar\u00e7o<\/strong><strong>Toprak<\/strong>&nbsp;teve no italiano o seu advers\u00e1rio mais directo, lutando sempre com este pela vit\u00f3ria em todos os tr\u00eas duelos da ronda algarvia do campeonato para g\u00e1udio de todos os que acompanharam a prova. As trocas de posi\u00e7\u00f5es foram uma constante mas na linha de meta foi sempre&nbsp;<strong>&#8216;El Turco&#8217;<\/strong>&nbsp;a receber a bandeira de xadr\u00eaz na primeira posi\u00e7\u00e3o.<\/p>\n\n\n\n<p>Na primeira corrida realizada no&nbsp;<strong>S\u00e1bado<\/strong>&nbsp;a&nbsp;<strong>BMW<\/strong>&nbsp;com o n\u00famero 1 na sua carenagem cruzou a linha de meta com&nbsp;<strong>67 mil\u00e9simas<\/strong>&nbsp;de segundo face \u00e0&nbsp;<strong>Ducati<\/strong>&nbsp;de&nbsp;<strong>Bulega<\/strong>, ambos a deixarem&nbsp;<strong>Andrea Locatelli<\/strong>&nbsp;a quase oito segundos na frente de&nbsp;<strong>Danilo Petrucci<\/strong>&nbsp;e&nbsp;<strong>Xavi Vierge<\/strong>. que fecharam o lote dos cinco primeiros.<\/p>\n\n\n\n<p>J\u00e1 este&nbsp;<strong>Domingo<\/strong>&nbsp;o duelo entre&nbsp;<strong>Razgatlioglu<\/strong>&nbsp;e&nbsp;<strong>Bulega<\/strong>&nbsp;voltou a levantar o p\u00fablico das respectivas cadeiras e no final das dez voltas da&nbsp;<strong>Superpole Race<\/strong>&nbsp;a diferen\u00e7a entre ambos foi de apenas 55 mil\u00e9simas de segundo na frente de um mais distante&nbsp;<strong>\u00c1lvaro Bautista<\/strong>&nbsp;que foi terceiro a mais de quatro segundos. Na derradeira corrida do fim-de-semana, quie teve apenas&nbsp;<strong>11<\/strong>&nbsp;voltas depois de uma bandeira vermelha ter interrompido a mesma devido a uma queda.&nbsp;<strong>Toprak<\/strong>&nbsp;e&nbsp;<strong>Nicolo<\/strong>&nbsp;conclu\u00edram o terceiro duelo com pouco mais de uma d\u00e9cima entre eles.&nbsp;<strong>\u00c1lvaro Bautista<\/strong>&nbsp;foi o terceiro novamente na frente de&nbsp;<strong>Andrea Locatelli<\/strong>&nbsp;e&nbsp;<strong>Michael van der Mark<\/strong>.<\/p>\n\n\n\n<p>Com este elevado n\u00edvel prestacional&nbsp;<strong>Toprak Razgatlioglu<\/strong>&nbsp;mostrou que \u00e9 o piloto mais r\u00e1pido e forte em&nbsp;<strong>Portim\u00e3o<\/strong>&nbsp;na atualidade e recuperou importante pontos para o rival da Ducati.<\/p>\n\n\n\n<p>Foi em ambiente de del\u00edrio e festa total que o campe\u00e3o do mundo foi recebido pelo p\u00fablico no final da corrida e n\u00e3o deixou mesmo de festejar com o seu habitual mergulho na piscina do&nbsp;<strong>Aut\u00f3dromo Internacional do Algarve<\/strong>.<\/p>\n","protected":false},"excerpt":{"rendered":"<p>Fim-de-semana perfeito para&nbsp;Toprak Razgatlioglu&nbsp;em&nbsp;Portim\u00e3o. O campe\u00e3o do mundo voltou a assinar um &#8216;hat-trick&#8217; no&nbsp;Mundial Superbike&nbsp;e brindou os&nbsp;53.407 espectadores&nbsp;que acompanharam a<\/p>\n","protected":false},"author":1,"featured_media":48900,"comment_status":"closed","ping_status":"closed","sticky":false,"template":"","format":"standard","meta":{"colormag_page_container_layout":"default_layout","colormag_page_sidebar_layout":"default_layout","_monsterinsights_skip_tracking":false,"_monsterinsights_sitenote_active":false,"_monsterinsights_sitenote_note":"","_monsterinsights_sitenote_category":0,"jetpack_post_was_ever_published":false,"_jetpack_newsletter_access":"","_jetpack_dont_email_post_to_subs":false,"_jetpack_newsletter_tier_id":0,"_jetpack_memberships_contains_paywalled_content":false,"_jetpack_memberships_contains_paid_content":false,"footnotes":"","jetpack_publicize_message":"","jetpack_publicize_feature_enabled":true,"jetpack_social_post_already_shared":true,"jetpack_social_options":{"image_generator_settings":{"template":"highway","default_image_id":0,"font":"","enabled":false},"version":2}},"categories":[15],"tags":[36,239,40,72,1063],"class_list":["post-48899","post","type-post","status-publish","format-standard","has-post-thumbnail","hentry","category-desporto","tag-algarve","tag-autodromo-internacional-do-algarve","tag-desporto","tag-portimao","tag-sbk"],"yoast_head":"<!-- This site is optimized with the Yoast SEO plugin v27.5 - https:\/\/yoast.com\/product\/yoast-seo-wordpress\/ -->\n<title>Mundial Superbike: Razgatlioglu arrasou no Algarve em fim-de-semana \u00e9pico - Algarve 7<\/title>\n<meta name=\"description\" content=\"Mundial Superbike: Razgatlioglu arrasou no Algarve em fim-de-semana \u00e9pico Desporto\" \/>\n<meta name=\"robots\" content=\"index, follow, max-snippet:-1, max-image-preview:large, max-video-preview:-1\" \/>\n<link rel=\"canonical\" href=\"https:\/\/algarve7.pt\/index.php\/2025\/03\/mundial-superbike-razgatlioglu-arrasou-no-algarve-em-fim-de-semana-epico\/desporto\/20\/16\/\" \/>\n<meta property=\"og:locale\" content=\"pt_PT\" \/>\n<meta property=\"og:type\" content=\"article\" \/>\n<meta property=\"og:title\" content=\"Mundial Superbike: Razgatlioglu arrasou no Algarve em fim-de-semana \u00e9pico - Algarve 7\" \/>\n<meta property=\"og:description\" content=\"Mundial Superbike: Razgatlioglu arrasou no Algarve em fim-de-semana \u00e9pico Desporto\" \/>\n<meta property=\"og:url\" content=\"https:\/\/algarve7.pt\/index.php\/2025\/03\/mundial-superbike-razgatlioglu-arrasou-no-algarve-em-fim-de-semana-epico\/desporto\/20\/16\/\" \/>\n<meta property=\"og:site_name\" content=\"Algarve 7\" \/>\n<meta property=\"article:publisher\" content=\"https:\/\/www.facebook.com\/algarve7\" \/>\n<meta property=\"article:author\" content=\"https:\/\/www.facebook.com\/algarve7\" \/>\n<meta property=\"article:published_time\" content=\"2025-03-30T19:16:29+00:00\" \/>\n<meta property=\"article:modified_time\" content=\"2025-03-30T19:16:32+00:00\" \/>\n<meta property=\"og:image\" content=\"https:\/\/algarve7.pt\/wp-content\/uploads\/2025\/03\/e1cd6bbc-25f5-040e-5703-a25a782300e3.jpg\" \/>\n\t<meta property=\"og:image:width\" content=\"800\" \/>\n\t<meta property=\"og:image:height\" content=\"500\" \/>\n\t<meta property=\"og:image:type\" content=\"image\/jpeg\" \/>\n<meta name=\"author\" content=\"Algarve 7\" \/>\n<meta name=\"twitter:card\" content=\"summary_large_image\" \/>\n<meta name=\"twitter:creator\" content=\"@Algarvesete\" \/>\n<meta name=\"twitter:site\" content=\"@Algarvesete\" \/>\n<meta name=\"twitter:label1\" content=\"Escrito por\" \/>\n\t<meta name=\"twitter:data1\" content=\"Algarve 7\" \/>\n\t<meta name=\"twitter:label2\" content=\"Tempo estimado de leitura\" \/>\n\t<meta name=\"twitter:data2\" content=\"3 minutos\" \/>\n<script type=\"application\/ld+json\" class=\"yoast-schema-graph\">{\"@context\":\"https:\\\/\\\/schema.org\",\"@graph\":[{\"@type\":\"Article\",\"@id\":\"https:\\\/\\\/algarve7.pt\\\/index.php\\\/2025\\\/03\\\/mundial-superbike-razgatlioglu-arrasou-no-algarve-em-fim-de-semana-epico\\\/desporto\\\/20\\\/16\\\/#article\",\"isPartOf\":{\"@id\":\"https:\\\/\\\/algarve7.pt\\\/index.php\\\/2025\\\/03\\\/mundial-superbike-razgatlioglu-arrasou-no-algarve-em-fim-de-semana-epico\\\/desporto\\\/20\\\/16\\\/\"},\"author\":{\"name\":\"Algarve 7\",\"@id\":\"https:\\\/\\\/algarve7.pt\\\/#\\\/schema\\\/person\\\/23fa70681308e7b319a3204bcea45e0c\"},\"headline\":\"Mundial Superbike: Razgatlioglu arrasou no Algarve em fim-de-semana \u00e9pico\",\"datePublished\":\"2025-03-30T19:16:29+00:00\",\"dateModified\":\"2025-03-30T19:16:32+00:00\",\"mainEntityOfPage\":{\"@id\":\"https:\\\/\\\/algarve7.pt\\\/index.php\\\/2025\\\/03\\\/mundial-superbike-razgatlioglu-arrasou-no-algarve-em-fim-de-semana-epico\\\/desporto\\\/20\\\/16\\\/\"},\"wordCount\":462,\"publisher\":{\"@id\":\"https:\\\/\\\/algarve7.pt\\\/#organization\"},\"image\":{\"@id\":\"https:\\\/\\\/algarve7.pt\\\/index.php\\\/2025\\\/03\\\/mundial-superbike-razgatlioglu-arrasou-no-algarve-em-fim-de-semana-epico\\\/desporto\\\/20\\\/16\\\/#primaryimage\"},\"thumbnailUrl\":\"https:\\\/\\\/algarve7.pt\\\/wp-content\\\/uploads\\\/2025\\\/03\\\/e1cd6bbc-25f5-040e-5703-a25a782300e3.jpg\",\"keywords\":[\"Algarve\",\"Aut\u00f3dromo Internacional do Algarve\",\"Desporto\",\"Portim\u00e3o\",\"SBK\"],\"articleSection\":[\"Desporto\"],\"inLanguage\":\"pt-PT\"},{\"@type\":\"WebPage\",\"@id\":\"https:\\\/\\\/algarve7.pt\\\/index.php\\\/2025\\\/03\\\/mundial-superbike-razgatlioglu-arrasou-no-algarve-em-fim-de-semana-epico\\\/desporto\\\/20\\\/16\\\/\",\"url\":\"https:\\\/\\\/algarve7.pt\\\/index.php\\\/2025\\\/03\\\/mundial-superbike-razgatlioglu-arrasou-no-algarve-em-fim-de-semana-epico\\\/desporto\\\/20\\\/16\\\/\",\"name\":\"Mundial Superbike: Razgatlioglu arrasou no Algarve em fim-de-semana \u00e9pico - Algarve 7\",\"isPartOf\":{\"@id\":\"https:\\\/\\\/algarve7.pt\\\/#website\"},\"primaryImageOfPage\":{\"@id\":\"https:\\\/\\\/algarve7.pt\\\/index.php\\\/2025\\\/03\\\/mundial-superbike-razgatlioglu-arrasou-no-algarve-em-fim-de-semana-epico\\\/desporto\\\/20\\\/16\\\/#primaryimage\"},\"image\":{\"@id\":\"https:\\\/\\\/algarve7.pt\\\/index.php\\\/2025\\\/03\\\/mundial-superbike-razgatlioglu-arrasou-no-algarve-em-fim-de-semana-epico\\\/desporto\\\/20\\\/16\\\/#primaryimage\"},\"thumbnailUrl\":\"https:\\\/\\\/algarve7.pt\\\/wp-content\\\/uploads\\\/2025\\\/03\\\/e1cd6bbc-25f5-040e-5703-a25a782300e3.jpg\",\"datePublished\":\"2025-03-30T19:16:29+00:00\",\"dateModified\":\"2025-03-30T19:16:32+00:00\",\"description\":\"Mundial Superbike: Razgatlioglu arrasou no Algarve em fim-de-semana \u00e9pico Desporto\",\"breadcrumb\":{\"@id\":\"https:\\\/\\\/algarve7.pt\\\/index.php\\\/2025\\\/03\\\/mundial-superbike-razgatlioglu-arrasou-no-algarve-em-fim-de-semana-epico\\\/desporto\\\/20\\\/16\\\/#breadcrumb\"},\"inLanguage\":\"pt-PT\",\"potentialAction\":[{\"@type\":\"ReadAction\",\"target\":[\"https:\\\/\\\/algarve7.pt\\\/index.php\\\/2025\\\/03\\\/mundial-superbike-razgatlioglu-arrasou-no-algarve-em-fim-de-semana-epico\\\/desporto\\\/20\\\/16\\\/\"]}]},{\"@type\":\"ImageObject\",\"inLanguage\":\"pt-PT\",\"@id\":\"https:\\\/\\\/algarve7.pt\\\/index.php\\\/2025\\\/03\\\/mundial-superbike-razgatlioglu-arrasou-no-algarve-em-fim-de-semana-epico\\\/desporto\\\/20\\\/16\\\/#primaryimage\",\"url\":\"https:\\\/\\\/algarve7.pt\\\/wp-content\\\/uploads\\\/2025\\\/03\\\/e1cd6bbc-25f5-040e-5703-a25a782300e3.jpg\",\"contentUrl\":\"https:\\\/\\\/algarve7.pt\\\/wp-content\\\/uploads\\\/2025\\\/03\\\/e1cd6bbc-25f5-040e-5703-a25a782300e3.jpg\",\"width\":800,\"height\":500},{\"@type\":\"BreadcrumbList\",\"@id\":\"https:\\\/\\\/algarve7.pt\\\/index.php\\\/2025\\\/03\\\/mundial-superbike-razgatlioglu-arrasou-no-algarve-em-fim-de-semana-epico\\\/desporto\\\/20\\\/16\\\/#breadcrumb\",\"itemListElement\":[{\"@type\":\"ListItem\",\"position\":1,\"name\":\"In\u00edcio\",\"item\":\"https:\\\/\\\/algarve7.pt\\\/\"},{\"@type\":\"ListItem\",\"position\":2,\"name\":\"Mundial Superbike: Razgatlioglu arrasou no Algarve em fim-de-semana \u00e9pico\"}]},{\"@type\":\"WebSite\",\"@id\":\"https:\\\/\\\/algarve7.pt\\\/#website\",\"url\":\"https:\\\/\\\/algarve7.pt\\\/\",\"name\":\"Algarve 7\",\"description\":\"Informa\u00e7\u00e3o sobre o Algarve\",\"publisher\":{\"@id\":\"https:\\\/\\\/algarve7.pt\\\/#organization\"},\"potentialAction\":[{\"@type\":\"SearchAction\",\"target\":{\"@type\":\"EntryPoint\",\"urlTemplate\":\"https:\\\/\\\/algarve7.pt\\\/?s={search_term_string}\"},\"query-input\":{\"@type\":\"PropertyValueSpecification\",\"valueRequired\":true,\"valueName\":\"search_term_string\"}}],\"inLanguage\":\"pt-PT\"},{\"@type\":\"Organization\",\"@id\":\"https:\\\/\\\/algarve7.pt\\\/#organization\",\"name\":\"Algarve 7\",\"url\":\"https:\\\/\\\/algarve7.pt\\\/\",\"logo\":{\"@type\":\"ImageObject\",\"inLanguage\":\"pt-PT\",\"@id\":\"https:\\\/\\\/algarve7.pt\\\/#\\\/schema\\\/logo\\\/image\\\/\",\"url\":\"https:\\\/\\\/algarve7.pt\\\/wp-content\\\/uploads\\\/2020\\\/10\\\/Logo-8.jpg\",\"contentUrl\":\"https:\\\/\\\/algarve7.pt\\\/wp-content\\\/uploads\\\/2020\\\/10\\\/Logo-8.jpg\",\"width\":1680,\"height\":1186,\"caption\":\"Algarve 7\"},\"image\":{\"@id\":\"https:\\\/\\\/algarve7.pt\\\/#\\\/schema\\\/logo\\\/image\\\/\"},\"sameAs\":[\"https:\\\/\\\/www.facebook.com\\\/algarve7\",\"https:\\\/\\\/x.com\\\/Algarvesete\",\"https:\\\/\\\/www.instagram.com\\\/jornalalgarve7\\\/\",\"https:\\\/\\\/www.linkedin.com\\\/company\\\/algarve7\",\"https:\\\/\\\/www.pinterest.pt\\\/geral0939\\\/_created\\\/\"]},{\"@type\":\"Person\",\"@id\":\"https:\\\/\\\/algarve7.pt\\\/#\\\/schema\\\/person\\\/23fa70681308e7b319a3204bcea45e0c\",\"name\":\"Algarve 7\",\"sameAs\":[\"https:\\\/\\\/algarve7.pt\",\"https:\\\/\\\/www.facebook.com\\\/algarve7\"],\"url\":\"https:\\\/\\\/algarve7.pt\\\/index.php\\\/author\\\/geralalgarve7-pt\\\/\"}]}<\/script>\n<!-- \/ Yoast SEO plugin. -->","yoast_head_json":{"title":"Mundial Superbike: Razgatlioglu arrasou no Algarve em fim-de-semana \u00e9pico - Algarve 7","description":"Mundial Superbike: Razgatlioglu arrasou no Algarve em fim-de-semana \u00e9pico Desporto","robots":{"index":"index","follow":"follow","max-snippet":"max-snippet:-1","max-image-preview":"max-image-preview:large","max-video-preview":"max-video-preview:-1"},"canonical":"https:\/\/algarve7.pt\/index.php\/2025\/03\/mundial-superbike-razgatlioglu-arrasou-no-algarve-em-fim-de-semana-epico\/desporto\/20\/16\/","og_locale":"pt_PT","og_type":"article","og_title":"Mundial Superbike: Razgatlioglu arrasou no Algarve em fim-de-semana \u00e9pico - Algarve 7","og_description":"Mundial Superbike: Razgatlioglu arrasou no Algarve em fim-de-semana \u00e9pico Desporto","og_url":"https:\/\/algarve7.pt\/index.php\/2025\/03\/mundial-superbike-razgatlioglu-arrasou-no-algarve-em-fim-de-semana-epico\/desporto\/20\/16\/","og_site_name":"Algarve 7","article_publisher":"https:\/\/www.facebook.com\/algarve7","article_author":"https:\/\/www.facebook.com\/algarve7","article_published_time":"2025-03-30T19:16:29+00:00","article_modified_time":"2025-03-30T19:16:32+00:00","og_image":[{"width":800,"height":500,"url":"https:\/\/algarve7.pt\/wp-content\/uploads\/2025\/03\/e1cd6bbc-25f5-040e-5703-a25a782300e3.jpg","type":"image\/jpeg"}],"author":"Algarve 7","twitter_card":"summary_large_image","twitter_creator":"@Algarvesete","twitter_site":"@Algarvesete","twitter_misc":{"Escrito por":"Algarve 7","Tempo estimado de leitura":"3 minutos"},"schema":{"@context":"https:\/\/schema.org","@graph":[{"@type":"Article","@id":"https:\/\/algarve7.pt\/index.php\/2025\/03\/mundial-superbike-razgatlioglu-arrasou-no-algarve-em-fim-de-semana-epico\/desporto\/20\/16\/#article","isPartOf":{"@id":"https:\/\/algarve7.pt\/index.php\/2025\/03\/mundial-superbike-razgatlioglu-arrasou-no-algarve-em-fim-de-semana-epico\/desporto\/20\/16\/"},"author":{"name":"Algarve 7","@id":"https:\/\/algarve7.pt\/#\/schema\/person\/23fa70681308e7b319a3204bcea45e0c"},"headline":"Mundial Superbike: Razgatlioglu arrasou no Algarve em fim-de-semana \u00e9pico","datePublished":"2025-03-30T19:16:29+00:00","dateModified":"2025-03-30T19:16:32+00:00","mainEntityOfPage":{"@id":"https:\/\/algarve7.pt\/index.php\/2025\/03\/mundial-superbike-razgatlioglu-arrasou-no-algarve-em-fim-de-semana-epico\/desporto\/20\/16\/"},"wordCount":462,"publisher":{"@id":"https:\/\/algarve7.pt\/#organization"},"image":{"@id":"https:\/\/algarve7.pt\/index.php\/2025\/03\/mundial-superbike-razgatlioglu-arrasou-no-algarve-em-fim-de-semana-epico\/desporto\/20\/16\/#primaryimage"},"thumbnailUrl":"https:\/\/algarve7.pt\/wp-content\/uploads\/2025\/03\/e1cd6bbc-25f5-040e-5703-a25a782300e3.jpg","keywords":["Algarve","Aut\u00f3dromo Internacional do Algarve","Desporto","Portim\u00e3o","SBK"],"articleSection":["Desporto"],"inLanguage":"pt-PT"},{"@type":"WebPage","@id":"https:\/\/algarve7.pt\/index.php\/2025\/03\/mundial-superbike-razgatlioglu-arrasou-no-algarve-em-fim-de-semana-epico\/desporto\/20\/16\/","url":"https:\/\/algarve7.pt\/index.php\/2025\/03\/mundial-superbike-razgatlioglu-arrasou-no-algarve-em-fim-de-semana-epico\/desporto\/20\/16\/","name":"Mundial Superbike: Razgatlioglu arrasou no Algarve em fim-de-semana \u00e9pico - Algarve 7","isPartOf":{"@id":"https:\/\/algarve7.pt\/#website"},"primaryImageOfPage":{"@id":"https:\/\/algarve7.pt\/index.php\/2025\/03\/mundial-superbike-razgatlioglu-arrasou-no-algarve-em-fim-de-semana-epico\/desporto\/20\/16\/#primaryimage"},"image":{"@id":"https:\/\/algarve7.pt\/index.php\/2025\/03\/mundial-superbike-razgatlioglu-arrasou-no-algarve-em-fim-de-semana-epico\/desporto\/20\/16\/#primaryimage"},"thumbnailUrl":"https:\/\/algarve7.pt\/wp-content\/uploads\/2025\/03\/e1cd6bbc-25f5-040e-5703-a25a782300e3.jpg","datePublished":"2025-03-30T19:16:29+00:00","dateModified":"2025-03-30T19:16:32+00:00","description":"Mundial Superbike: Razgatlioglu arrasou no Algarve em fim-de-semana \u00e9pico Desporto","breadcrumb":{"@id":"https:\/\/algarve7.pt\/index.php\/2025\/03\/mundial-superbike-razgatlioglu-arrasou-no-algarve-em-fim-de-semana-epico\/desporto\/20\/16\/#breadcrumb"},"inLanguage":"pt-PT","potentialAction":[{"@type":"ReadAction","target":["https:\/\/algarve7.pt\/index.php\/2025\/03\/mundial-superbike-razgatlioglu-arrasou-no-algarve-em-fim-de-semana-epico\/desporto\/20\/16\/"]}]},{"@type":"ImageObject","inLanguage":"pt-PT","@id":"https:\/\/algarve7.pt\/index.php\/2025\/03\/mundial-superbike-razgatlioglu-arrasou-no-algarve-em-fim-de-semana-epico\/desporto\/20\/16\/#primaryimage","url":"https:\/\/algarve7.pt\/wp-content\/uploads\/2025\/03\/e1cd6bbc-25f5-040e-5703-a25a782300e3.jpg","contentUrl":"https:\/\/algarve7.pt\/wp-content\/uploads\/2025\/03\/e1cd6bbc-25f5-040e-5703-a25a782300e3.jpg","width":800,"height":500},{"@type":"BreadcrumbList","@id":"https:\/\/algarve7.pt\/index.php\/2025\/03\/mundial-superbike-razgatlioglu-arrasou-no-algarve-em-fim-de-semana-epico\/desporto\/20\/16\/#breadcrumb","itemListElement":[{"@type":"ListItem","position":1,"name":"In\u00edcio","item":"https:\/\/algarve7.pt\/"},{"@type":"ListItem","position":2,"name":"Mundial Superbike: Razgatlioglu arrasou no Algarve em fim-de-semana \u00e9pico"}]},{"@type":"WebSite","@id":"https:\/\/algarve7.pt\/#website","url":"https:\/\/algarve7.pt\/","name":"Algarve 7","description":"Informa\u00e7\u00e3o sobre o Algarve","publisher":{"@id":"https:\/\/algarve7.pt\/#organization"},"potentialAction":[{"@type":"SearchAction","target":{"@type":"EntryPoint","urlTemplate":"https:\/\/algarve7.pt\/?s={search_term_string}"},"query-input":{"@type":"PropertyValueSpecification","valueRequired":true,"valueName":"search_term_string"}}],"inLanguage":"pt-PT"},{"@type":"Organization","@id":"https:\/\/algarve7.pt\/#organization","name":"Algarve 7","url":"https:\/\/algarve7.pt\/","logo":{"@type":"ImageObject","inLanguage":"pt-PT","@id":"https:\/\/algarve7.pt\/#\/schema\/logo\/image\/","url":"https:\/\/algarve7.pt\/wp-content\/uploads\/2020\/10\/Logo-8.jpg","contentUrl":"https:\/\/algarve7.pt\/wp-content\/uploads\/2020\/10\/Logo-8.jpg","width":1680,"height":1186,"caption":"Algarve 7"},"image":{"@id":"https:\/\/algarve7.pt\/#\/schema\/logo\/image\/"},"sameAs":["https:\/\/www.facebook.com\/algarve7","https:\/\/x.com\/Algarvesete","https:\/\/www.instagram.com\/jornalalgarve7\/","https:\/\/www.linkedin.com\/company\/algarve7","https:\/\/www.pinterest.pt\/geral0939\/_created\/"]},{"@type":"Person","@id":"https:\/\/algarve7.pt\/#\/schema\/person\/23fa70681308e7b319a3204bcea45e0c","name":"Algarve 7","sameAs":["https:\/\/algarve7.pt","https:\/\/www.facebook.com\/algarve7"],"url":"https:\/\/algarve7.pt\/index.php\/author\/geralalgarve7-pt\/"}]}},"jetpack_publicize_connections":[],"jetpack_featured_media_url":"https:\/\/algarve7.pt\/wp-content\/uploads\/2025\/03\/e1cd6bbc-25f5-040e-5703-a25a782300e3.jpg","jetpack_shortlink":"https:\/\/wp.me\/pcezmW-cIH","jetpack_sharing_enabled":true,"_links":{"self":[{"href":"https:\/\/algarve7.pt\/index.php\/wp-json\/wp\/v2\/posts\/48899","targetHints":{"allow":["GET"]}}],"collection":[{"href":"https:\/\/algarve7.pt\/index.php\/wp-json\/wp\/v2\/posts"}],"about":[{"href":"https:\/\/algarve7.pt\/index.php\/wp-json\/wp\/v2\/types\/post"}],"author":[{"embeddable":true,"href":"https:\/\/algarve7.pt\/index.php\/wp-json\/wp\/v2\/users\/1"}],"replies":[{"embeddable":true,"href":"https:\/\/algarve7.pt\/index.php\/wp-json\/wp\/v2\/comments?post=48899"}],"version-history":[{"count":0,"href":"https:\/\/algarve7.pt\/index.php\/wp-json\/wp\/v2\/posts\/48899\/revisions"}],"wp:featuredmedia":[{"embeddable":true,"href":"https:\/\/algarve7.pt\/index.php\/wp-json\/wp\/v2\/media\/48900"}],"wp:attachment":[{"href":"https:\/\/algarve7.pt\/index.php\/wp-json\/wp\/v2\/media?parent=48899"}],"wp:term":[{"taxonomy":"category","embeddable":true,"href":"https:\/\/algarve7.pt\/index.php\/wp-json\/wp\/v2\/categories?post=48899"},{"taxonomy":"post_tag","embeddable":true,"href":"https:\/\/algarve7.pt\/index.php\/wp-json\/wp\/v2\/tags?post=48899"}],"curies":[{"name":"wp","href":"https:\/\/api.w.org\/{rel}","templated":true}]}}