{"id":48868,"date":"2025-03-30T12:00:00","date_gmt":"2025-03-30T11:00:00","guid":{"rendered":"https:\/\/algarve7.pt\/?p=48868"},"modified":"2025-03-28T09:40:02","modified_gmt":"2025-03-28T09:40:02","slug":"premio-de-arquitetura-maria-jose-estanco-ja-e-considerado-um-marco","status":"publish","type":"post","link":"https:\/\/algarve7.pt\/index.php\/2025\/03\/premio-de-arquitetura-maria-jose-estanco-ja-e-considerado-um-marco\/atualidade\/12\/00\/","title":{"rendered":"Pr\u00e9mio de arquitetura Maria Jos\u00e9 Estanco j\u00e1 \u00e9 considerado \u201cum marco\u201d\u00a0"},"content":{"rendered":"\n<p>Foi entregue pela primeira vez, mas a expressiva participa\u00e7\u00e3o na edi\u00e7\u00e3o inaugural faz antever que o Pr\u00e9mio de Arquitetura Maria Jos\u00e9 Estanco, promovido pelo Munic\u00edpio de Loul\u00e9, em parceria com a Ordem dos Arquitetos, venha a ser uma refer\u00eancia. Para os\/as profissionais do setor, presentes na cerim\u00f3nia de entrega, que aconteceu no Sal\u00e3o Nobre dos Pa\u00e7os do Concelho, \u00e9 j\u00e1 \u201cum marco\u201d pelos valores que promove: igualdade de g\u00e9nero, sustentabilidade sociocultural e ambiental e coes\u00e3o territorial.<\/p>\n\n\n\n<p>A obra da Pra\u00e7a e Posto de Turismo de Pi\u00f3d\u00e3o valeu a Paula del Rio Huesa, do gabinete de Arquitetura Branco del Rio Arquitectos, com sede em Coimbra, a distin\u00e7\u00e3o na primeira edi\u00e7\u00e3o deste galard\u00e3o que premeia arquitetas e homenageia aquela que foi a primeira mulher portuguesa inscrita no Sindicato Nacional dos Arquitetos (os \u201cprim\u00f3rdios\u201d da Ordem) e a exercer a profiss\u00e3o, a louletana Maria Jos\u00e9 Estanco.&nbsp;&nbsp;<\/p>\n\n\n\n<p>Foram 15 as candidaturas apresentadas por arquitetas autoras, em coautoria ou coordenadoras de equipa, num universo de 1159 membros ativos da Ordem dos Arquitetos, um n\u00famero que ainda n\u00e3o chega a 50% de mulheres. Apresentaram trabalhos de encomenda p\u00fablica e privada, de diversas tipologias, e cobriram grande parte do territ\u00f3rio nacional.&nbsp;<\/p>\n\n\n\n<p>Teresa Nunes da Ponte, presidente de j\u00fari composto tamb\u00e9m por Sofia Pontes e Ana Bordalo, destacou \u201ca qualidade arquitet\u00f3nica da maior parte dos projetos, bem integrados na malha urbana e no espa\u00e7o rural, mostrando grande respeito pelos valores sociais e ambientais\u201d. J\u00e1 o projeto vencedor, aprovado por unanimidade, constitui \u201cum trabalho de grande sensibilidade e respeito pelo s\u00edtio\u201d, disse este elemento do j\u00fari, notando que o mesmo \u201ccontribuir\u00e1 significativamente para o bem-estar da popula\u00e7\u00e3o e dos visitantes\u201d.<\/p>\n\n\n\n<p>Tratou-se de uma interven\u00e7\u00e3o no Largo de Pi\u00f3d\u00e3o, aldeia hist\u00f3rica do concelho de Arganil, de ruas estreitas e \u00edngremes situada numa encosta, orientada a Sul e Poente, na Serra do A\u00e7or. Um espa\u00e7o \u201caberto, horizontal e desafogado\u201d, mas que ao longo de anos foi utilizado como estacionamento de carros. O posto de turismo, por seu turno, constitu\u00eda um edif\u00edcio \u201ccheio de acrescentos e de patologias\u201d.&nbsp;<\/p>\n\n\n\n<p>Como explicou a autora, o principal objetivo do projeto foi devolver o car\u00e1cter de porta de entrada na aldeia, pedonal e desimpedido. Procurou-se conformar o espa\u00e7o para definir uma pra\u00e7a, introduzindo um pavimento para \u201ccriar unidade sem hierarquia\u201d, como explicou a arquiteta premiada.<\/p>\n\n\n\n<p>Para a arquiteta, este projeto \u201cfoi um caso dif\u00edcil e delicado porque se trata de um lugar com um alt\u00edssimo poder identit\u00e1rio\u201d.<\/p>\n\n\n\n<p>Quanto ao pr\u00e9mio que recebeu, Paula del Rio salientou a import\u00e2ncia para o reconhecimento do papel das mulheres na arquitetura. \u201c\u00c9 assim, mostrando que as mulheres est\u00e3o presentes em todos os \u00e2mbitos da profiss\u00e3o, que caminhamos para a igualdade de oportunidades e de reconhecimento que ambicionamos\u201d, afirmou.<\/p>\n\n\n\n<p>Uma ideia partilhada por Teresa Nunes da Ponte, que notou que essa valoriza\u00e7\u00e3o \u00e9 mais do que justa at\u00e9 porque \u201cas arquitetas t\u00eam tido um papel muito na sombra e muito pouco reconhecido pela sociedade\u201d.<\/p>\n\n\n\n<p>Se h\u00e1 umas d\u00e9cadas atr\u00e1s o prov\u00e9rbio \u201cdo homem a pra\u00e7a, da mulher a casa\u201d era bem o espelho da sociedade portuguesa, o mundo da arquitetura n\u00e3o era diferente. Exemplo disso foi o percurso de Maria Jos\u00e9 Estanco que foi \u201ca primeira profissional a deparar-se com as dificuldades de exercer a profiss\u00e3o, tendo-se de adaptar ao compromisso sociocultural inerente\u201d, como lembrou Sofia Aleixo, coordenadora deste Pr\u00e9mio.&nbsp;<\/p>\n\n\n\n<p>A louletana encontrou no ensino o seu sustento, at\u00e9 porque \u201cfoi-lhe vedada a participa\u00e7\u00e3o do trabalho em ateliers, embora dissesse que durante todo o curso teve v\u00e1rios colegas arquitetos e nunca sentiu esse problema\u201d, recordou Sofia Aleixo, que trouxe \u00e0 mem\u00f3ria alguns dados sobre a vida e o trabalho de Maria Jos\u00e9 Estanco.&nbsp;<\/p>\n\n\n\n<p>Apesar de ter havido uma evolu\u00e7\u00e3o desde a \u00e9poca de Maria Jos\u00e9 Estanco no que toca ao papel das mulheres na arquitetura, o presidente da Ordem dos Arquitetos, Avelino Oliveira, reconheceu que \u201cainda n\u00e3o estamos numa situa\u00e7\u00e3o plena de igualdade de g\u00e9nero\u201d. Se nas escolas de arquitetura a maioria das estudantes s\u00e3o mulheres e hoje j\u00e1 n\u00e3o h\u00e1 dificuldade em entrar nos ateliers, a verdade \u00e9 que \u201ctemos uma d\u00edvida hist\u00f3rica com as mulheres arquitetas de Portugal que n\u00e3o tiveram uma vida f\u00e1cil\u201d.<\/p>\n\n\n\n<p>O respons\u00e1vel da Ordem salientou a \u201cgenerosidade\u201d com que o Munic\u00edpio instituiu esta iniciativa porque \u201ceste n\u00e3o \u00e9 um pr\u00e9mio feito para Loul\u00e9, mas sim um pr\u00e9mio nacional\u201d. \u201cAo premiar uma arquiteta sedeada em Coimbra e uma obra sedeada em Arganil \u00e9 uma maior demonstra\u00e7\u00e3o de coes\u00e3o do territ\u00f3rio e desta vis\u00e3o que o Algarve tem de promo\u00e7\u00e3o da arquitetura. H\u00e1 uma longa hist\u00f3ria da arquitetura, dos arquitetos e das arquitetas do Algarve que tanto nos orgulha\u201d, lembrou.<\/p>\n\n\n\n<p>\u201cN\u00e3o tenho a menor d\u00favida que a institui\u00e7\u00e3o deste pr\u00e9mio, com o nome que tem, ficar\u00e1 bem registado na hist\u00f3ria do nosso Munic\u00edpio\u201d, relevou o autarca de Loul\u00e9. V\u00edtor Aleixo lembrou que, tamb\u00e9m o Pr\u00e9mio de Cr\u00f3nicas e Dispersos Liter\u00e1rios, institu\u00eddo em colabora\u00e7\u00e3o com a Associa\u00e7\u00e3o Portuguesa de Escritores, tem crescido ao longo dos anos e \u00e9 hoje uma refer\u00eancia nas Letras portuguesas.&nbsp;<\/p>\n\n\n\n<p>Recorde-se que este galard\u00e3o \u00e9 um \u201crenascimento\u201d, agora associado ao nome de Maria Jos\u00e9 Estanco, a primeira arquiteta diplomada na Escola de Belas-Artes, do Pr\u00e9mio de Arquitetura e Urbanismo institu\u00eddo h\u00e1 uns anos atr\u00e1s pelo Munic\u00edpio de Loul\u00e9.<\/p>\n","protected":false},"excerpt":{"rendered":"<p>Foi entregue pela primeira vez, mas a expressiva participa\u00e7\u00e3o na edi\u00e7\u00e3o inaugural faz antever que o Pr\u00e9mio de Arquitetura Maria<\/p>\n","protected":false},"author":1,"featured_media":48869,"comment_status":"closed","ping_status":"closed","sticky":false,"template":"","format":"standard","meta":{"colormag_page_container_layout":"default_layout","colormag_page_sidebar_layout":"default_layout","_monsterinsights_skip_tracking":false,"_monsterinsights_sitenote_active":false,"_monsterinsights_sitenote_note":"","_monsterinsights_sitenote_category":0,"jetpack_post_was_ever_published":false,"_jetpack_newsletter_access":"","_jetpack_dont_email_post_to_subs":false,"_jetpack_newsletter_tier_id":0,"_jetpack_memberships_contains_paywalled_content":false,"_jetpack_memberships_contains_paid_content":false,"footnotes":"","jetpack_publicize_message":"","jetpack_publicize_feature_enabled":true,"jetpack_social_post_already_shared":true,"jetpack_social_options":{"image_generator_settings":{"template":"highway","default_image_id":0,"font":"","enabled":false},"version":2}},"categories":[11],"tags":[36,62,31],"class_list":["post-48868","post","type-post","status-publish","format-standard","has-post-thumbnail","hentry","category-atualidade","tag-algarve","tag-atualidade","tag-loule"],"yoast_head":"<!-- This site is optimized with the Yoast SEO plugin v27.5 - https:\/\/yoast.com\/product\/yoast-seo-wordpress\/ -->\n<title>Pr\u00e9mio de arquitetura Maria Jos\u00e9 Estanco j\u00e1 \u00e9 considerado \u201cum marco\u201d\u00a0 - Algarve 7<\/title>\n<meta name=\"description\" content=\"Pr\u00e9mio de arquitetura Maria Jos\u00e9 Estanco j\u00e1 \u00e9 considerado \u201cum marco\u201d\u00a0 Atualidade\" \/>\n<meta name=\"robots\" content=\"index, follow, max-snippet:-1, max-image-preview:large, max-video-preview:-1\" \/>\n<link rel=\"canonical\" href=\"https:\/\/algarve7.pt\/index.php\/2025\/03\/premio-de-arquitetura-maria-jose-estanco-ja-e-considerado-um-marco\/atualidade\/12\/00\/\" \/>\n<meta property=\"og:locale\" content=\"pt_PT\" \/>\n<meta property=\"og:type\" content=\"article\" \/>\n<meta property=\"og:title\" content=\"Pr\u00e9mio de arquitetura Maria Jos\u00e9 Estanco j\u00e1 \u00e9 considerado \u201cum marco\u201d\u00a0 - Algarve 7\" \/>\n<meta property=\"og:description\" content=\"Pr\u00e9mio de arquitetura Maria Jos\u00e9 Estanco j\u00e1 \u00e9 considerado \u201cum marco\u201d\u00a0 Atualidade\" \/>\n<meta property=\"og:url\" content=\"https:\/\/algarve7.pt\/index.php\/2025\/03\/premio-de-arquitetura-maria-jose-estanco-ja-e-considerado-um-marco\/atualidade\/12\/00\/\" \/>\n<meta property=\"og:site_name\" content=\"Algarve 7\" \/>\n<meta property=\"article:publisher\" content=\"https:\/\/www.facebook.com\/algarve7\" \/>\n<meta property=\"article:author\" content=\"https:\/\/www.facebook.com\/algarve7\" \/>\n<meta property=\"article:published_time\" content=\"2025-03-30T11:00:00+00:00\" \/>\n<meta property=\"og:image\" content=\"https:\/\/algarve7.pt\/wp-content\/uploads\/2025\/03\/Entrega-do-Premio-de-Arquitetura-CML-5.jpg\" \/>\n\t<meta property=\"og:image:width\" content=\"800\" \/>\n\t<meta property=\"og:image:height\" content=\"500\" \/>\n\t<meta property=\"og:image:type\" content=\"image\/jpeg\" \/>\n<meta name=\"author\" content=\"Algarve 7\" \/>\n<meta name=\"twitter:card\" content=\"summary_large_image\" \/>\n<meta name=\"twitter:creator\" content=\"@Algarvesete\" \/>\n<meta name=\"twitter:site\" content=\"@Algarvesete\" \/>\n<meta name=\"twitter:label1\" content=\"Escrito por\" \/>\n\t<meta name=\"twitter:data1\" content=\"Algarve 7\" \/>\n\t<meta name=\"twitter:label2\" content=\"Tempo estimado de leitura\" \/>\n\t<meta name=\"twitter:data2\" content=\"5 minutos\" \/>\n<script type=\"application\/ld+json\" class=\"yoast-schema-graph\">{\"@context\":\"https:\\\/\\\/schema.org\",\"@graph\":[{\"@type\":\"Article\",\"@id\":\"https:\\\/\\\/algarve7.pt\\\/index.php\\\/2025\\\/03\\\/premio-de-arquitetura-maria-jose-estanco-ja-e-considerado-um-marco\\\/atualidade\\\/12\\\/00\\\/#article\",\"isPartOf\":{\"@id\":\"https:\\\/\\\/algarve7.pt\\\/index.php\\\/2025\\\/03\\\/premio-de-arquitetura-maria-jose-estanco-ja-e-considerado-um-marco\\\/atualidade\\\/12\\\/00\\\/\"},\"author\":{\"name\":\"Algarve 7\",\"@id\":\"https:\\\/\\\/algarve7.pt\\\/#\\\/schema\\\/person\\\/23fa70681308e7b319a3204bcea45e0c\"},\"headline\":\"Pr\u00e9mio de arquitetura Maria Jos\u00e9 Estanco j\u00e1 \u00e9 considerado \u201cum marco\u201d\u00a0\",\"datePublished\":\"2025-03-30T11:00:00+00:00\",\"mainEntityOfPage\":{\"@id\":\"https:\\\/\\\/algarve7.pt\\\/index.php\\\/2025\\\/03\\\/premio-de-arquitetura-maria-jose-estanco-ja-e-considerado-um-marco\\\/atualidade\\\/12\\\/00\\\/\"},\"wordCount\":971,\"publisher\":{\"@id\":\"https:\\\/\\\/algarve7.pt\\\/#organization\"},\"image\":{\"@id\":\"https:\\\/\\\/algarve7.pt\\\/index.php\\\/2025\\\/03\\\/premio-de-arquitetura-maria-jose-estanco-ja-e-considerado-um-marco\\\/atualidade\\\/12\\\/00\\\/#primaryimage\"},\"thumbnailUrl\":\"https:\\\/\\\/algarve7.pt\\\/wp-content\\\/uploads\\\/2025\\\/03\\\/Entrega-do-Premio-de-Arquitetura-CML-5.jpg\",\"keywords\":[\"Algarve\",\"Atualidade\",\"Loul\u00e9\"],\"articleSection\":[\"Atualidade\"],\"inLanguage\":\"pt-PT\"},{\"@type\":\"WebPage\",\"@id\":\"https:\\\/\\\/algarve7.pt\\\/index.php\\\/2025\\\/03\\\/premio-de-arquitetura-maria-jose-estanco-ja-e-considerado-um-marco\\\/atualidade\\\/12\\\/00\\\/\",\"url\":\"https:\\\/\\\/algarve7.pt\\\/index.php\\\/2025\\\/03\\\/premio-de-arquitetura-maria-jose-estanco-ja-e-considerado-um-marco\\\/atualidade\\\/12\\\/00\\\/\",\"name\":\"Pr\u00e9mio de arquitetura Maria Jos\u00e9 Estanco j\u00e1 \u00e9 considerado \u201cum marco\u201d\u00a0 - Algarve 7\",\"isPartOf\":{\"@id\":\"https:\\\/\\\/algarve7.pt\\\/#website\"},\"primaryImageOfPage\":{\"@id\":\"https:\\\/\\\/algarve7.pt\\\/index.php\\\/2025\\\/03\\\/premio-de-arquitetura-maria-jose-estanco-ja-e-considerado-um-marco\\\/atualidade\\\/12\\\/00\\\/#primaryimage\"},\"image\":{\"@id\":\"https:\\\/\\\/algarve7.pt\\\/index.php\\\/2025\\\/03\\\/premio-de-arquitetura-maria-jose-estanco-ja-e-considerado-um-marco\\\/atualidade\\\/12\\\/00\\\/#primaryimage\"},\"thumbnailUrl\":\"https:\\\/\\\/algarve7.pt\\\/wp-content\\\/uploads\\\/2025\\\/03\\\/Entrega-do-Premio-de-Arquitetura-CML-5.jpg\",\"datePublished\":\"2025-03-30T11:00:00+00:00\",\"description\":\"Pr\u00e9mio de arquitetura Maria Jos\u00e9 Estanco j\u00e1 \u00e9 considerado \u201cum marco\u201d\u00a0 Atualidade\",\"breadcrumb\":{\"@id\":\"https:\\\/\\\/algarve7.pt\\\/index.php\\\/2025\\\/03\\\/premio-de-arquitetura-maria-jose-estanco-ja-e-considerado-um-marco\\\/atualidade\\\/12\\\/00\\\/#breadcrumb\"},\"inLanguage\":\"pt-PT\",\"potentialAction\":[{\"@type\":\"ReadAction\",\"target\":[\"https:\\\/\\\/algarve7.pt\\\/index.php\\\/2025\\\/03\\\/premio-de-arquitetura-maria-jose-estanco-ja-e-considerado-um-marco\\\/atualidade\\\/12\\\/00\\\/\"]}]},{\"@type\":\"ImageObject\",\"inLanguage\":\"pt-PT\",\"@id\":\"https:\\\/\\\/algarve7.pt\\\/index.php\\\/2025\\\/03\\\/premio-de-arquitetura-maria-jose-estanco-ja-e-considerado-um-marco\\\/atualidade\\\/12\\\/00\\\/#primaryimage\",\"url\":\"https:\\\/\\\/algarve7.pt\\\/wp-content\\\/uploads\\\/2025\\\/03\\\/Entrega-do-Premio-de-Arquitetura-CML-5.jpg\",\"contentUrl\":\"https:\\\/\\\/algarve7.pt\\\/wp-content\\\/uploads\\\/2025\\\/03\\\/Entrega-do-Premio-de-Arquitetura-CML-5.jpg\",\"width\":800,\"height\":500},{\"@type\":\"BreadcrumbList\",\"@id\":\"https:\\\/\\\/algarve7.pt\\\/index.php\\\/2025\\\/03\\\/premio-de-arquitetura-maria-jose-estanco-ja-e-considerado-um-marco\\\/atualidade\\\/12\\\/00\\\/#breadcrumb\",\"itemListElement\":[{\"@type\":\"ListItem\",\"position\":1,\"name\":\"In\u00edcio\",\"item\":\"https:\\\/\\\/algarve7.pt\\\/\"},{\"@type\":\"ListItem\",\"position\":2,\"name\":\"Pr\u00e9mio de arquitetura Maria Jos\u00e9 Estanco j\u00e1 \u00e9 considerado \u201cum marco\u201d\u00a0\"}]},{\"@type\":\"WebSite\",\"@id\":\"https:\\\/\\\/algarve7.pt\\\/#website\",\"url\":\"https:\\\/\\\/algarve7.pt\\\/\",\"name\":\"Algarve 7\",\"description\":\"Informa\u00e7\u00e3o sobre o Algarve\",\"publisher\":{\"@id\":\"https:\\\/\\\/algarve7.pt\\\/#organization\"},\"potentialAction\":[{\"@type\":\"SearchAction\",\"target\":{\"@type\":\"EntryPoint\",\"urlTemplate\":\"https:\\\/\\\/algarve7.pt\\\/?s={search_term_string}\"},\"query-input\":{\"@type\":\"PropertyValueSpecification\",\"valueRequired\":true,\"valueName\":\"search_term_string\"}}],\"inLanguage\":\"pt-PT\"},{\"@type\":\"Organization\",\"@id\":\"https:\\\/\\\/algarve7.pt\\\/#organization\",\"name\":\"Algarve 7\",\"url\":\"https:\\\/\\\/algarve7.pt\\\/\",\"logo\":{\"@type\":\"ImageObject\",\"inLanguage\":\"pt-PT\",\"@id\":\"https:\\\/\\\/algarve7.pt\\\/#\\\/schema\\\/logo\\\/image\\\/\",\"url\":\"https:\\\/\\\/algarve7.pt\\\/wp-content\\\/uploads\\\/2020\\\/10\\\/Logo-8.jpg\",\"contentUrl\":\"https:\\\/\\\/algarve7.pt\\\/wp-content\\\/uploads\\\/2020\\\/10\\\/Logo-8.jpg\",\"width\":1680,\"height\":1186,\"caption\":\"Algarve 7\"},\"image\":{\"@id\":\"https:\\\/\\\/algarve7.pt\\\/#\\\/schema\\\/logo\\\/image\\\/\"},\"sameAs\":[\"https:\\\/\\\/www.facebook.com\\\/algarve7\",\"https:\\\/\\\/x.com\\\/Algarvesete\",\"https:\\\/\\\/www.instagram.com\\\/jornalalgarve7\\\/\",\"https:\\\/\\\/www.linkedin.com\\\/company\\\/algarve7\",\"https:\\\/\\\/www.pinterest.pt\\\/geral0939\\\/_created\\\/\"]},{\"@type\":\"Person\",\"@id\":\"https:\\\/\\\/algarve7.pt\\\/#\\\/schema\\\/person\\\/23fa70681308e7b319a3204bcea45e0c\",\"name\":\"Algarve 7\",\"sameAs\":[\"https:\\\/\\\/algarve7.pt\",\"https:\\\/\\\/www.facebook.com\\\/algarve7\"],\"url\":\"https:\\\/\\\/algarve7.pt\\\/index.php\\\/author\\\/geralalgarve7-pt\\\/\"}]}<\/script>\n<!-- \/ Yoast SEO plugin. -->","yoast_head_json":{"title":"Pr\u00e9mio de arquitetura Maria Jos\u00e9 Estanco j\u00e1 \u00e9 considerado \u201cum marco\u201d\u00a0 - Algarve 7","description":"Pr\u00e9mio de arquitetura Maria Jos\u00e9 Estanco j\u00e1 \u00e9 considerado \u201cum marco\u201d\u00a0 Atualidade","robots":{"index":"index","follow":"follow","max-snippet":"max-snippet:-1","max-image-preview":"max-image-preview:large","max-video-preview":"max-video-preview:-1"},"canonical":"https:\/\/algarve7.pt\/index.php\/2025\/03\/premio-de-arquitetura-maria-jose-estanco-ja-e-considerado-um-marco\/atualidade\/12\/00\/","og_locale":"pt_PT","og_type":"article","og_title":"Pr\u00e9mio de arquitetura Maria Jos\u00e9 Estanco j\u00e1 \u00e9 considerado \u201cum marco\u201d\u00a0 - Algarve 7","og_description":"Pr\u00e9mio de arquitetura Maria Jos\u00e9 Estanco j\u00e1 \u00e9 considerado \u201cum marco\u201d\u00a0 Atualidade","og_url":"https:\/\/algarve7.pt\/index.php\/2025\/03\/premio-de-arquitetura-maria-jose-estanco-ja-e-considerado-um-marco\/atualidade\/12\/00\/","og_site_name":"Algarve 7","article_publisher":"https:\/\/www.facebook.com\/algarve7","article_author":"https:\/\/www.facebook.com\/algarve7","article_published_time":"2025-03-30T11:00:00+00:00","og_image":[{"width":800,"height":500,"url":"https:\/\/algarve7.pt\/wp-content\/uploads\/2025\/03\/Entrega-do-Premio-de-Arquitetura-CML-5.jpg","type":"image\/jpeg"}],"author":"Algarve 7","twitter_card":"summary_large_image","twitter_creator":"@Algarvesete","twitter_site":"@Algarvesete","twitter_misc":{"Escrito por":"Algarve 7","Tempo estimado de leitura":"5 minutos"},"schema":{"@context":"https:\/\/schema.org","@graph":[{"@type":"Article","@id":"https:\/\/algarve7.pt\/index.php\/2025\/03\/premio-de-arquitetura-maria-jose-estanco-ja-e-considerado-um-marco\/atualidade\/12\/00\/#article","isPartOf":{"@id":"https:\/\/algarve7.pt\/index.php\/2025\/03\/premio-de-arquitetura-maria-jose-estanco-ja-e-considerado-um-marco\/atualidade\/12\/00\/"},"author":{"name":"Algarve 7","@id":"https:\/\/algarve7.pt\/#\/schema\/person\/23fa70681308e7b319a3204bcea45e0c"},"headline":"Pr\u00e9mio de arquitetura Maria Jos\u00e9 Estanco j\u00e1 \u00e9 considerado \u201cum marco\u201d\u00a0","datePublished":"2025-03-30T11:00:00+00:00","mainEntityOfPage":{"@id":"https:\/\/algarve7.pt\/index.php\/2025\/03\/premio-de-arquitetura-maria-jose-estanco-ja-e-considerado-um-marco\/atualidade\/12\/00\/"},"wordCount":971,"publisher":{"@id":"https:\/\/algarve7.pt\/#organization"},"image":{"@id":"https:\/\/algarve7.pt\/index.php\/2025\/03\/premio-de-arquitetura-maria-jose-estanco-ja-e-considerado-um-marco\/atualidade\/12\/00\/#primaryimage"},"thumbnailUrl":"https:\/\/algarve7.pt\/wp-content\/uploads\/2025\/03\/Entrega-do-Premio-de-Arquitetura-CML-5.jpg","keywords":["Algarve","Atualidade","Loul\u00e9"],"articleSection":["Atualidade"],"inLanguage":"pt-PT"},{"@type":"WebPage","@id":"https:\/\/algarve7.pt\/index.php\/2025\/03\/premio-de-arquitetura-maria-jose-estanco-ja-e-considerado-um-marco\/atualidade\/12\/00\/","url":"https:\/\/algarve7.pt\/index.php\/2025\/03\/premio-de-arquitetura-maria-jose-estanco-ja-e-considerado-um-marco\/atualidade\/12\/00\/","name":"Pr\u00e9mio de arquitetura Maria Jos\u00e9 Estanco j\u00e1 \u00e9 considerado \u201cum marco\u201d\u00a0 - Algarve 7","isPartOf":{"@id":"https:\/\/algarve7.pt\/#website"},"primaryImageOfPage":{"@id":"https:\/\/algarve7.pt\/index.php\/2025\/03\/premio-de-arquitetura-maria-jose-estanco-ja-e-considerado-um-marco\/atualidade\/12\/00\/#primaryimage"},"image":{"@id":"https:\/\/algarve7.pt\/index.php\/2025\/03\/premio-de-arquitetura-maria-jose-estanco-ja-e-considerado-um-marco\/atualidade\/12\/00\/#primaryimage"},"thumbnailUrl":"https:\/\/algarve7.pt\/wp-content\/uploads\/2025\/03\/Entrega-do-Premio-de-Arquitetura-CML-5.jpg","datePublished":"2025-03-30T11:00:00+00:00","description":"Pr\u00e9mio de arquitetura Maria Jos\u00e9 Estanco j\u00e1 \u00e9 considerado \u201cum marco\u201d\u00a0 Atualidade","breadcrumb":{"@id":"https:\/\/algarve7.pt\/index.php\/2025\/03\/premio-de-arquitetura-maria-jose-estanco-ja-e-considerado-um-marco\/atualidade\/12\/00\/#breadcrumb"},"inLanguage":"pt-PT","potentialAction":[{"@type":"ReadAction","target":["https:\/\/algarve7.pt\/index.php\/2025\/03\/premio-de-arquitetura-maria-jose-estanco-ja-e-considerado-um-marco\/atualidade\/12\/00\/"]}]},{"@type":"ImageObject","inLanguage":"pt-PT","@id":"https:\/\/algarve7.pt\/index.php\/2025\/03\/premio-de-arquitetura-maria-jose-estanco-ja-e-considerado-um-marco\/atualidade\/12\/00\/#primaryimage","url":"https:\/\/algarve7.pt\/wp-content\/uploads\/2025\/03\/Entrega-do-Premio-de-Arquitetura-CML-5.jpg","contentUrl":"https:\/\/algarve7.pt\/wp-content\/uploads\/2025\/03\/Entrega-do-Premio-de-Arquitetura-CML-5.jpg","width":800,"height":500},{"@type":"BreadcrumbList","@id":"https:\/\/algarve7.pt\/index.php\/2025\/03\/premio-de-arquitetura-maria-jose-estanco-ja-e-considerado-um-marco\/atualidade\/12\/00\/#breadcrumb","itemListElement":[{"@type":"ListItem","position":1,"name":"In\u00edcio","item":"https:\/\/algarve7.pt\/"},{"@type":"ListItem","position":2,"name":"Pr\u00e9mio de arquitetura Maria Jos\u00e9 Estanco j\u00e1 \u00e9 considerado \u201cum marco\u201d\u00a0"}]},{"@type":"WebSite","@id":"https:\/\/algarve7.pt\/#website","url":"https:\/\/algarve7.pt\/","name":"Algarve 7","description":"Informa\u00e7\u00e3o sobre o Algarve","publisher":{"@id":"https:\/\/algarve7.pt\/#organization"},"potentialAction":[{"@type":"SearchAction","target":{"@type":"EntryPoint","urlTemplate":"https:\/\/algarve7.pt\/?s={search_term_string}"},"query-input":{"@type":"PropertyValueSpecification","valueRequired":true,"valueName":"search_term_string"}}],"inLanguage":"pt-PT"},{"@type":"Organization","@id":"https:\/\/algarve7.pt\/#organization","name":"Algarve 7","url":"https:\/\/algarve7.pt\/","logo":{"@type":"ImageObject","inLanguage":"pt-PT","@id":"https:\/\/algarve7.pt\/#\/schema\/logo\/image\/","url":"https:\/\/algarve7.pt\/wp-content\/uploads\/2020\/10\/Logo-8.jpg","contentUrl":"https:\/\/algarve7.pt\/wp-content\/uploads\/2020\/10\/Logo-8.jpg","width":1680,"height":1186,"caption":"Algarve 7"},"image":{"@id":"https:\/\/algarve7.pt\/#\/schema\/logo\/image\/"},"sameAs":["https:\/\/www.facebook.com\/algarve7","https:\/\/x.com\/Algarvesete","https:\/\/www.instagram.com\/jornalalgarve7\/","https:\/\/www.linkedin.com\/company\/algarve7","https:\/\/www.pinterest.pt\/geral0939\/_created\/"]},{"@type":"Person","@id":"https:\/\/algarve7.pt\/#\/schema\/person\/23fa70681308e7b319a3204bcea45e0c","name":"Algarve 7","sameAs":["https:\/\/algarve7.pt","https:\/\/www.facebook.com\/algarve7"],"url":"https:\/\/algarve7.pt\/index.php\/author\/geralalgarve7-pt\/"}]}},"jetpack_publicize_connections":[],"jetpack_featured_media_url":"https:\/\/algarve7.pt\/wp-content\/uploads\/2025\/03\/Entrega-do-Premio-de-Arquitetura-CML-5.jpg","jetpack_shortlink":"https:\/\/wp.me\/pcezmW-cIc","jetpack_sharing_enabled":true,"_links":{"self":[{"href":"https:\/\/algarve7.pt\/index.php\/wp-json\/wp\/v2\/posts\/48868","targetHints":{"allow":["GET"]}}],"collection":[{"href":"https:\/\/algarve7.pt\/index.php\/wp-json\/wp\/v2\/posts"}],"about":[{"href":"https:\/\/algarve7.pt\/index.php\/wp-json\/wp\/v2\/types\/post"}],"author":[{"embeddable":true,"href":"https:\/\/algarve7.pt\/index.php\/wp-json\/wp\/v2\/users\/1"}],"replies":[{"embeddable":true,"href":"https:\/\/algarve7.pt\/index.php\/wp-json\/wp\/v2\/comments?post=48868"}],"version-history":[{"count":0,"href":"https:\/\/algarve7.pt\/index.php\/wp-json\/wp\/v2\/posts\/48868\/revisions"}],"wp:featuredmedia":[{"embeddable":true,"href":"https:\/\/algarve7.pt\/index.php\/wp-json\/wp\/v2\/media\/48869"}],"wp:attachment":[{"href":"https:\/\/algarve7.pt\/index.php\/wp-json\/wp\/v2\/media?parent=48868"}],"wp:term":[{"taxonomy":"category","embeddable":true,"href":"https:\/\/algarve7.pt\/index.php\/wp-json\/wp\/v2\/categories?post=48868"},{"taxonomy":"post_tag","embeddable":true,"href":"https:\/\/algarve7.pt\/index.php\/wp-json\/wp\/v2\/tags?post=48868"}],"curies":[{"name":"wp","href":"https:\/\/api.w.org\/{rel}","templated":true}]}}