{"id":48800,"date":"2025-03-28T10:32:00","date_gmt":"2025-03-28T10:32:00","guid":{"rendered":"https:\/\/algarve7.pt\/?p=48800"},"modified":"2025-03-27T09:34:06","modified_gmt":"2025-03-27T09:34:06","slug":"voluntariado-jovem-para-a-natureza-e-florestas-ipdj-abriu-candidaturas-para-entidades-promotoras","status":"publish","type":"post","link":"https:\/\/algarve7.pt\/index.php\/2025\/03\/voluntariado-jovem-para-a-natureza-e-florestas-ipdj-abriu-candidaturas-para-entidades-promotoras\/atualidade\/10\/32\/","title":{"rendered":"\u00abVoluntariado Jovem para a Natureza e Florestas\u00bb | IPDJ abriu candidaturas para entidades promotoras"},"content":{"rendered":"\n<p>No Algarve, o IPDJ apresentou o Programa \u201cVoluntariado Jovem para a Natureza e Florestas 2025\u201d, por ocasi\u00e3o do Dia Mundial da \u00c1rvore, 21 de mar\u00e7o. O momento contou com a participa\u00e7\u00e3o de dezenas de jovens, do ensino b\u00e1sico, secund\u00e1rio e profissional de Faro.<\/p>\n\n\n\n<p>Numa parceria do IPDJ com a APA\/ARH (Associa\u00e7\u00e3o Portuguesa do Ambiente\/Administra\u00e7\u00e3o da Regi\u00e3o Hidrogr\u00e1fica) \u2013 Algarve, foram dinamizadas duas oficinas ambientais, nomeadamente:<\/p>\n\n\n\n<p>\u201cA Floresta \u00e9 nossa\u201d \u2013 os jovens foram sensibilizados para a import\u00e2ncia da preserva\u00e7\u00e3o da natureza e dos riscos causados pela interven\u00e7\u00e3o humana, atrav\u00e9s do visionamento de filmes e planta\u00e7\u00e3o de plantas; atividade decorreu no IPDJ.<\/p>\n\n\n\n<p>\u201cA \u00e1gua \u00e9 nossa\u201d \u2013 uma oficina ambiental, com o intuito de consciencializar os participantes de que a \u00e1gua \u00e9 um bem escasso e \u00e9 importante tomar medidas para evitar gastos superficiais; assim como para a import\u00e2ncia da reciclagem; atividade decorreu nos laborat\u00f3rios da APA\/ARH do Algarve.<\/p>\n\n\n\n<p>No final, os jovens trocaram experi\u00eancias, ficaram a conhecer alguns projetos de voluntariado do Programa VJNF de 2024 e, por fim, foi-lhes apresentada a nova vers\u00e3o do Programa para 2025.<\/p>\n\n\n\n<p>A iniciativa contou com a presen\u00e7a do Diretor Regional da APA, Pedro Coelho, e do Diretor Regional do IPDJ, Cust\u00f3dio Moreno.<\/p>\n\n\n\n<p>O programa de \u201cVoluntariado Jovem para a Natureza e Florestas\u201d (VJNF), procura promover pr\u00e1ticas no \u00e2mbito da prote\u00e7\u00e3o da natureza, florestas e respetivos ecossistemas, atrav\u00e9s da sensibiliza\u00e7\u00e3o das popula\u00e7\u00f5es em geral&nbsp;e da preserva\u00e7\u00e3o contra os inc\u00eandios florestais e outras cat\u00e1strofes com impacto ambiental, da monitoriza\u00e7\u00e3o e recupera\u00e7\u00e3o de territ\u00f3rios afetados.&nbsp;<\/p>\n\n\n\n<p>Os projetos destinam-se a jovens entre os 14 e os 30 anos que estejam interessados em participar em atividades de voluntariado em \u00e1reas protegidas, parques naturais, reservas naturais, entre outras \u00e1reas de interesse ecol\u00f3gico. Os\/as volunt\u00e1rios\/as ter\u00e3o a oportunidade de contribuir para a promo\u00e7\u00e3o de boas pr\u00e1ticas ambientais e de valoriza\u00e7\u00e3o do patrim\u00f3nio natural e cultural, adquirindo novas compet\u00eancias pessoais e profissionais.<\/p>\n\n\n\n<p>As candidaturas estar\u00e3o abertas at\u00e9 30 de outubro e podem candidatar-se como entidades promotoras:<\/p>\n\n\n\n<ul class=\"wp-block-list\">\n<li>Associa\u00e7\u00f5es de jovens inscritas no Registo Nacional do Associativismo Jovem;<\/li>\n\n\n\n<li>C\u00e2maras Municipais;<\/li>\n\n\n\n<li>Corpora\u00e7\u00e3o de Bombeiros;<\/li>\n\n\n\n<li>Entidades constantes do Registo Nacional das Organiza\u00e7\u00f5es N\u00e3o-Governamentais de Ambiente e Equiparadas;<\/li>\n\n\n\n<li>Entidades constantes do Registo das Organiza\u00e7\u00f5es de Produtores Florestais;<\/li>\n\n\n\n<li>Estabelecimentos p\u00fablicos de ensino;<\/li>\n\n\n\n<li>Estabelecimentos privados de ensino que cumpram o previsto na legisla\u00e7\u00e3o enquadradora do voluntariado, nomeadamente o previsto na\u00a0Lei n.\u00ba 71\/98 de 3 de setembro;<\/li>\n\n\n\n<li>Juntas de Freguesia;<\/li>\n\n\n\n<li>Outras entidades, que prossigam objetivos abrangidos pela \u00e1rea de interven\u00e7\u00e3o deste programa, mediante despacho do Conselho Diretivo do Instituto Portugu\u00eas do Desporto e Juventude.<\/li>\n<\/ul>\n\n\n\n<p>As inscri\u00e7\u00f5es para o programa VJNF s\u00e3o realizadas em\u00a0IPDJ &#8211; Programas da Juventude<\/p>\n\n\n\n<p>Para mais informa\u00e7\u00f5es sobre este programa:\u00a0<a href=\"https:\/\/ipdj.gov.pt\/voluntariado-jovem-para-a-natureza-e-florestas\" target=\"_blank\" rel=\"noreferrer noopener\">aqui<\/a>.<\/p>\n","protected":false},"excerpt":{"rendered":"<p>No Algarve, o IPDJ apresentou o Programa \u201cVoluntariado Jovem para a Natureza e Florestas 2025\u201d, por ocasi\u00e3o do Dia Mundial<\/p>\n","protected":false},"author":1,"featured_media":48801,"comment_status":"closed","ping_status":"closed","sticky":false,"template":"","format":"standard","meta":{"colormag_page_container_layout":"default_layout","colormag_page_sidebar_layout":"default_layout","_monsterinsights_skip_tracking":false,"_monsterinsights_sitenote_active":false,"_monsterinsights_sitenote_note":"","_monsterinsights_sitenote_category":0,"jetpack_post_was_ever_published":false,"_jetpack_newsletter_access":"","_jetpack_dont_email_post_to_subs":false,"_jetpack_newsletter_tier_id":0,"_jetpack_memberships_contains_paywalled_content":false,"_jetpack_memberships_contains_paid_content":false,"footnotes":"","jetpack_publicize_message":"","jetpack_publicize_feature_enabled":true,"jetpack_social_post_already_shared":true,"jetpack_social_options":{"image_generator_settings":{"template":"highway","default_image_id":0,"font":"","enabled":false},"version":2}},"categories":[11],"tags":[36,62,378],"class_list":["post-48800","post","type-post","status-publish","format-standard","has-post-thumbnail","hentry","category-atualidade","tag-algarve","tag-atualidade","tag-ipdj"],"yoast_head":"<!-- This site is optimized with the Yoast SEO plugin v27.5 - https:\/\/yoast.com\/product\/yoast-seo-wordpress\/ -->\n<title>\u00abVoluntariado Jovem para a Natureza e Florestas\u00bb | IPDJ abriu candidaturas para entidades promotoras - Algarve 7<\/title>\n<meta name=\"description\" content=\"\u00abVoluntariado Jovem para a Natureza e Florestas\u00bb | IPDJ abriu candidaturas para entidades promotoras Atualidade\" \/>\n<meta name=\"robots\" content=\"index, follow, max-snippet:-1, max-image-preview:large, max-video-preview:-1\" \/>\n<link rel=\"canonical\" href=\"https:\/\/algarve7.pt\/index.php\/2025\/03\/voluntariado-jovem-para-a-natureza-e-florestas-ipdj-abriu-candidaturas-para-entidades-promotoras\/atualidade\/10\/32\/\" \/>\n<meta property=\"og:locale\" content=\"pt_PT\" \/>\n<meta property=\"og:type\" content=\"article\" \/>\n<meta property=\"og:title\" content=\"\u00abVoluntariado Jovem para a Natureza e Florestas\u00bb | IPDJ abriu candidaturas para entidades promotoras - Algarve 7\" \/>\n<meta property=\"og:description\" content=\"\u00abVoluntariado Jovem para a Natureza e Florestas\u00bb | IPDJ abriu candidaturas para entidades promotoras Atualidade\" \/>\n<meta property=\"og:url\" content=\"https:\/\/algarve7.pt\/index.php\/2025\/03\/voluntariado-jovem-para-a-natureza-e-florestas-ipdj-abriu-candidaturas-para-entidades-promotoras\/atualidade\/10\/32\/\" \/>\n<meta property=\"og:site_name\" content=\"Algarve 7\" \/>\n<meta property=\"article:publisher\" content=\"https:\/\/www.facebook.com\/algarve7\" \/>\n<meta property=\"article:author\" content=\"https:\/\/www.facebook.com\/algarve7\" \/>\n<meta property=\"article:published_time\" content=\"2025-03-28T10:32:00+00:00\" \/>\n<meta property=\"og:image\" content=\"https:\/\/algarve7.pt\/wp-content\/uploads\/2025\/03\/VJNF_1.jpg\" \/>\n\t<meta property=\"og:image:width\" content=\"800\" \/>\n\t<meta property=\"og:image:height\" content=\"500\" \/>\n\t<meta property=\"og:image:type\" content=\"image\/jpeg\" \/>\n<meta name=\"author\" content=\"Algarve 7\" \/>\n<meta name=\"twitter:card\" content=\"summary_large_image\" \/>\n<meta name=\"twitter:creator\" content=\"@Algarvesete\" \/>\n<meta name=\"twitter:site\" content=\"@Algarvesete\" \/>\n<meta name=\"twitter:label1\" content=\"Escrito por\" \/>\n\t<meta name=\"twitter:data1\" content=\"Algarve 7\" \/>\n\t<meta name=\"twitter:label2\" content=\"Tempo estimado de leitura\" \/>\n\t<meta name=\"twitter:data2\" content=\"3 minutos\" \/>\n<script type=\"application\/ld+json\" class=\"yoast-schema-graph\">{\"@context\":\"https:\\\/\\\/schema.org\",\"@graph\":[{\"@type\":\"Article\",\"@id\":\"https:\\\/\\\/algarve7.pt\\\/index.php\\\/2025\\\/03\\\/voluntariado-jovem-para-a-natureza-e-florestas-ipdj-abriu-candidaturas-para-entidades-promotoras\\\/atualidade\\\/10\\\/32\\\/#article\",\"isPartOf\":{\"@id\":\"https:\\\/\\\/algarve7.pt\\\/index.php\\\/2025\\\/03\\\/voluntariado-jovem-para-a-natureza-e-florestas-ipdj-abriu-candidaturas-para-entidades-promotoras\\\/atualidade\\\/10\\\/32\\\/\"},\"author\":{\"name\":\"Algarve 7\",\"@id\":\"https:\\\/\\\/algarve7.pt\\\/#\\\/schema\\\/person\\\/23fa70681308e7b319a3204bcea45e0c\"},\"headline\":\"\u00abVoluntariado Jovem para a Natureza e Florestas\u00bb | IPDJ abriu candidaturas para entidades promotoras\",\"datePublished\":\"2025-03-28T10:32:00+00:00\",\"mainEntityOfPage\":{\"@id\":\"https:\\\/\\\/algarve7.pt\\\/index.php\\\/2025\\\/03\\\/voluntariado-jovem-para-a-natureza-e-florestas-ipdj-abriu-candidaturas-para-entidades-promotoras\\\/atualidade\\\/10\\\/32\\\/\"},\"wordCount\":495,\"publisher\":{\"@id\":\"https:\\\/\\\/algarve7.pt\\\/#organization\"},\"image\":{\"@id\":\"https:\\\/\\\/algarve7.pt\\\/index.php\\\/2025\\\/03\\\/voluntariado-jovem-para-a-natureza-e-florestas-ipdj-abriu-candidaturas-para-entidades-promotoras\\\/atualidade\\\/10\\\/32\\\/#primaryimage\"},\"thumbnailUrl\":\"https:\\\/\\\/algarve7.pt\\\/wp-content\\\/uploads\\\/2025\\\/03\\\/VJNF_1.jpg\",\"keywords\":[\"Algarve\",\"Atualidade\",\"IPDJ\"],\"articleSection\":[\"Atualidade\"],\"inLanguage\":\"pt-PT\"},{\"@type\":\"WebPage\",\"@id\":\"https:\\\/\\\/algarve7.pt\\\/index.php\\\/2025\\\/03\\\/voluntariado-jovem-para-a-natureza-e-florestas-ipdj-abriu-candidaturas-para-entidades-promotoras\\\/atualidade\\\/10\\\/32\\\/\",\"url\":\"https:\\\/\\\/algarve7.pt\\\/index.php\\\/2025\\\/03\\\/voluntariado-jovem-para-a-natureza-e-florestas-ipdj-abriu-candidaturas-para-entidades-promotoras\\\/atualidade\\\/10\\\/32\\\/\",\"name\":\"\u00abVoluntariado Jovem para a Natureza e Florestas\u00bb | IPDJ abriu candidaturas para entidades promotoras - Algarve 7\",\"isPartOf\":{\"@id\":\"https:\\\/\\\/algarve7.pt\\\/#website\"},\"primaryImageOfPage\":{\"@id\":\"https:\\\/\\\/algarve7.pt\\\/index.php\\\/2025\\\/03\\\/voluntariado-jovem-para-a-natureza-e-florestas-ipdj-abriu-candidaturas-para-entidades-promotoras\\\/atualidade\\\/10\\\/32\\\/#primaryimage\"},\"image\":{\"@id\":\"https:\\\/\\\/algarve7.pt\\\/index.php\\\/2025\\\/03\\\/voluntariado-jovem-para-a-natureza-e-florestas-ipdj-abriu-candidaturas-para-entidades-promotoras\\\/atualidade\\\/10\\\/32\\\/#primaryimage\"},\"thumbnailUrl\":\"https:\\\/\\\/algarve7.pt\\\/wp-content\\\/uploads\\\/2025\\\/03\\\/VJNF_1.jpg\",\"datePublished\":\"2025-03-28T10:32:00+00:00\",\"description\":\"\u00abVoluntariado Jovem para a Natureza e Florestas\u00bb | IPDJ abriu candidaturas para entidades promotoras Atualidade\",\"breadcrumb\":{\"@id\":\"https:\\\/\\\/algarve7.pt\\\/index.php\\\/2025\\\/03\\\/voluntariado-jovem-para-a-natureza-e-florestas-ipdj-abriu-candidaturas-para-entidades-promotoras\\\/atualidade\\\/10\\\/32\\\/#breadcrumb\"},\"inLanguage\":\"pt-PT\",\"potentialAction\":[{\"@type\":\"ReadAction\",\"target\":[\"https:\\\/\\\/algarve7.pt\\\/index.php\\\/2025\\\/03\\\/voluntariado-jovem-para-a-natureza-e-florestas-ipdj-abriu-candidaturas-para-entidades-promotoras\\\/atualidade\\\/10\\\/32\\\/\"]}]},{\"@type\":\"ImageObject\",\"inLanguage\":\"pt-PT\",\"@id\":\"https:\\\/\\\/algarve7.pt\\\/index.php\\\/2025\\\/03\\\/voluntariado-jovem-para-a-natureza-e-florestas-ipdj-abriu-candidaturas-para-entidades-promotoras\\\/atualidade\\\/10\\\/32\\\/#primaryimage\",\"url\":\"https:\\\/\\\/algarve7.pt\\\/wp-content\\\/uploads\\\/2025\\\/03\\\/VJNF_1.jpg\",\"contentUrl\":\"https:\\\/\\\/algarve7.pt\\\/wp-content\\\/uploads\\\/2025\\\/03\\\/VJNF_1.jpg\",\"width\":800,\"height\":500},{\"@type\":\"BreadcrumbList\",\"@id\":\"https:\\\/\\\/algarve7.pt\\\/index.php\\\/2025\\\/03\\\/voluntariado-jovem-para-a-natureza-e-florestas-ipdj-abriu-candidaturas-para-entidades-promotoras\\\/atualidade\\\/10\\\/32\\\/#breadcrumb\",\"itemListElement\":[{\"@type\":\"ListItem\",\"position\":1,\"name\":\"In\u00edcio\",\"item\":\"https:\\\/\\\/algarve7.pt\\\/\"},{\"@type\":\"ListItem\",\"position\":2,\"name\":\"\u00abVoluntariado Jovem para a Natureza e Florestas\u00bb | IPDJ abriu candidaturas para entidades promotoras\"}]},{\"@type\":\"WebSite\",\"@id\":\"https:\\\/\\\/algarve7.pt\\\/#website\",\"url\":\"https:\\\/\\\/algarve7.pt\\\/\",\"name\":\"Algarve 7\",\"description\":\"Informa\u00e7\u00e3o sobre o Algarve\",\"publisher\":{\"@id\":\"https:\\\/\\\/algarve7.pt\\\/#organization\"},\"potentialAction\":[{\"@type\":\"SearchAction\",\"target\":{\"@type\":\"EntryPoint\",\"urlTemplate\":\"https:\\\/\\\/algarve7.pt\\\/?s={search_term_string}\"},\"query-input\":{\"@type\":\"PropertyValueSpecification\",\"valueRequired\":true,\"valueName\":\"search_term_string\"}}],\"inLanguage\":\"pt-PT\"},{\"@type\":\"Organization\",\"@id\":\"https:\\\/\\\/algarve7.pt\\\/#organization\",\"name\":\"Algarve 7\",\"url\":\"https:\\\/\\\/algarve7.pt\\\/\",\"logo\":{\"@type\":\"ImageObject\",\"inLanguage\":\"pt-PT\",\"@id\":\"https:\\\/\\\/algarve7.pt\\\/#\\\/schema\\\/logo\\\/image\\\/\",\"url\":\"https:\\\/\\\/algarve7.pt\\\/wp-content\\\/uploads\\\/2020\\\/10\\\/Logo-8.jpg\",\"contentUrl\":\"https:\\\/\\\/algarve7.pt\\\/wp-content\\\/uploads\\\/2020\\\/10\\\/Logo-8.jpg\",\"width\":1680,\"height\":1186,\"caption\":\"Algarve 7\"},\"image\":{\"@id\":\"https:\\\/\\\/algarve7.pt\\\/#\\\/schema\\\/logo\\\/image\\\/\"},\"sameAs\":[\"https:\\\/\\\/www.facebook.com\\\/algarve7\",\"https:\\\/\\\/x.com\\\/Algarvesete\",\"https:\\\/\\\/www.instagram.com\\\/jornalalgarve7\\\/\",\"https:\\\/\\\/www.linkedin.com\\\/company\\\/algarve7\",\"https:\\\/\\\/www.pinterest.pt\\\/geral0939\\\/_created\\\/\"]},{\"@type\":\"Person\",\"@id\":\"https:\\\/\\\/algarve7.pt\\\/#\\\/schema\\\/person\\\/23fa70681308e7b319a3204bcea45e0c\",\"name\":\"Algarve 7\",\"sameAs\":[\"https:\\\/\\\/algarve7.pt\",\"https:\\\/\\\/www.facebook.com\\\/algarve7\"],\"url\":\"https:\\\/\\\/algarve7.pt\\\/index.php\\\/author\\\/geralalgarve7-pt\\\/\"}]}<\/script>\n<!-- \/ Yoast SEO plugin. -->","yoast_head_json":{"title":"\u00abVoluntariado Jovem para a Natureza e Florestas\u00bb | IPDJ abriu candidaturas para entidades promotoras - Algarve 7","description":"\u00abVoluntariado Jovem para a Natureza e Florestas\u00bb | IPDJ abriu candidaturas para entidades promotoras Atualidade","robots":{"index":"index","follow":"follow","max-snippet":"max-snippet:-1","max-image-preview":"max-image-preview:large","max-video-preview":"max-video-preview:-1"},"canonical":"https:\/\/algarve7.pt\/index.php\/2025\/03\/voluntariado-jovem-para-a-natureza-e-florestas-ipdj-abriu-candidaturas-para-entidades-promotoras\/atualidade\/10\/32\/","og_locale":"pt_PT","og_type":"article","og_title":"\u00abVoluntariado Jovem para a Natureza e Florestas\u00bb | IPDJ abriu candidaturas para entidades promotoras - Algarve 7","og_description":"\u00abVoluntariado Jovem para a Natureza e Florestas\u00bb | IPDJ abriu candidaturas para entidades promotoras Atualidade","og_url":"https:\/\/algarve7.pt\/index.php\/2025\/03\/voluntariado-jovem-para-a-natureza-e-florestas-ipdj-abriu-candidaturas-para-entidades-promotoras\/atualidade\/10\/32\/","og_site_name":"Algarve 7","article_publisher":"https:\/\/www.facebook.com\/algarve7","article_author":"https:\/\/www.facebook.com\/algarve7","article_published_time":"2025-03-28T10:32:00+00:00","og_image":[{"width":800,"height":500,"url":"https:\/\/algarve7.pt\/wp-content\/uploads\/2025\/03\/VJNF_1.jpg","type":"image\/jpeg"}],"author":"Algarve 7","twitter_card":"summary_large_image","twitter_creator":"@Algarvesete","twitter_site":"@Algarvesete","twitter_misc":{"Escrito por":"Algarve 7","Tempo estimado de leitura":"3 minutos"},"schema":{"@context":"https:\/\/schema.org","@graph":[{"@type":"Article","@id":"https:\/\/algarve7.pt\/index.php\/2025\/03\/voluntariado-jovem-para-a-natureza-e-florestas-ipdj-abriu-candidaturas-para-entidades-promotoras\/atualidade\/10\/32\/#article","isPartOf":{"@id":"https:\/\/algarve7.pt\/index.php\/2025\/03\/voluntariado-jovem-para-a-natureza-e-florestas-ipdj-abriu-candidaturas-para-entidades-promotoras\/atualidade\/10\/32\/"},"author":{"name":"Algarve 7","@id":"https:\/\/algarve7.pt\/#\/schema\/person\/23fa70681308e7b319a3204bcea45e0c"},"headline":"\u00abVoluntariado Jovem para a Natureza e Florestas\u00bb | IPDJ abriu candidaturas para entidades promotoras","datePublished":"2025-03-28T10:32:00+00:00","mainEntityOfPage":{"@id":"https:\/\/algarve7.pt\/index.php\/2025\/03\/voluntariado-jovem-para-a-natureza-e-florestas-ipdj-abriu-candidaturas-para-entidades-promotoras\/atualidade\/10\/32\/"},"wordCount":495,"publisher":{"@id":"https:\/\/algarve7.pt\/#organization"},"image":{"@id":"https:\/\/algarve7.pt\/index.php\/2025\/03\/voluntariado-jovem-para-a-natureza-e-florestas-ipdj-abriu-candidaturas-para-entidades-promotoras\/atualidade\/10\/32\/#primaryimage"},"thumbnailUrl":"https:\/\/algarve7.pt\/wp-content\/uploads\/2025\/03\/VJNF_1.jpg","keywords":["Algarve","Atualidade","IPDJ"],"articleSection":["Atualidade"],"inLanguage":"pt-PT"},{"@type":"WebPage","@id":"https:\/\/algarve7.pt\/index.php\/2025\/03\/voluntariado-jovem-para-a-natureza-e-florestas-ipdj-abriu-candidaturas-para-entidades-promotoras\/atualidade\/10\/32\/","url":"https:\/\/algarve7.pt\/index.php\/2025\/03\/voluntariado-jovem-para-a-natureza-e-florestas-ipdj-abriu-candidaturas-para-entidades-promotoras\/atualidade\/10\/32\/","name":"\u00abVoluntariado Jovem para a Natureza e Florestas\u00bb | IPDJ abriu candidaturas para entidades promotoras - Algarve 7","isPartOf":{"@id":"https:\/\/algarve7.pt\/#website"},"primaryImageOfPage":{"@id":"https:\/\/algarve7.pt\/index.php\/2025\/03\/voluntariado-jovem-para-a-natureza-e-florestas-ipdj-abriu-candidaturas-para-entidades-promotoras\/atualidade\/10\/32\/#primaryimage"},"image":{"@id":"https:\/\/algarve7.pt\/index.php\/2025\/03\/voluntariado-jovem-para-a-natureza-e-florestas-ipdj-abriu-candidaturas-para-entidades-promotoras\/atualidade\/10\/32\/#primaryimage"},"thumbnailUrl":"https:\/\/algarve7.pt\/wp-content\/uploads\/2025\/03\/VJNF_1.jpg","datePublished":"2025-03-28T10:32:00+00:00","description":"\u00abVoluntariado Jovem para a Natureza e Florestas\u00bb | IPDJ abriu candidaturas para entidades promotoras Atualidade","breadcrumb":{"@id":"https:\/\/algarve7.pt\/index.php\/2025\/03\/voluntariado-jovem-para-a-natureza-e-florestas-ipdj-abriu-candidaturas-para-entidades-promotoras\/atualidade\/10\/32\/#breadcrumb"},"inLanguage":"pt-PT","potentialAction":[{"@type":"ReadAction","target":["https:\/\/algarve7.pt\/index.php\/2025\/03\/voluntariado-jovem-para-a-natureza-e-florestas-ipdj-abriu-candidaturas-para-entidades-promotoras\/atualidade\/10\/32\/"]}]},{"@type":"ImageObject","inLanguage":"pt-PT","@id":"https:\/\/algarve7.pt\/index.php\/2025\/03\/voluntariado-jovem-para-a-natureza-e-florestas-ipdj-abriu-candidaturas-para-entidades-promotoras\/atualidade\/10\/32\/#primaryimage","url":"https:\/\/algarve7.pt\/wp-content\/uploads\/2025\/03\/VJNF_1.jpg","contentUrl":"https:\/\/algarve7.pt\/wp-content\/uploads\/2025\/03\/VJNF_1.jpg","width":800,"height":500},{"@type":"BreadcrumbList","@id":"https:\/\/algarve7.pt\/index.php\/2025\/03\/voluntariado-jovem-para-a-natureza-e-florestas-ipdj-abriu-candidaturas-para-entidades-promotoras\/atualidade\/10\/32\/#breadcrumb","itemListElement":[{"@type":"ListItem","position":1,"name":"In\u00edcio","item":"https:\/\/algarve7.pt\/"},{"@type":"ListItem","position":2,"name":"\u00abVoluntariado Jovem para a Natureza e Florestas\u00bb | IPDJ abriu candidaturas para entidades promotoras"}]},{"@type":"WebSite","@id":"https:\/\/algarve7.pt\/#website","url":"https:\/\/algarve7.pt\/","name":"Algarve 7","description":"Informa\u00e7\u00e3o sobre o Algarve","publisher":{"@id":"https:\/\/algarve7.pt\/#organization"},"potentialAction":[{"@type":"SearchAction","target":{"@type":"EntryPoint","urlTemplate":"https:\/\/algarve7.pt\/?s={search_term_string}"},"query-input":{"@type":"PropertyValueSpecification","valueRequired":true,"valueName":"search_term_string"}}],"inLanguage":"pt-PT"},{"@type":"Organization","@id":"https:\/\/algarve7.pt\/#organization","name":"Algarve 7","url":"https:\/\/algarve7.pt\/","logo":{"@type":"ImageObject","inLanguage":"pt-PT","@id":"https:\/\/algarve7.pt\/#\/schema\/logo\/image\/","url":"https:\/\/algarve7.pt\/wp-content\/uploads\/2020\/10\/Logo-8.jpg","contentUrl":"https:\/\/algarve7.pt\/wp-content\/uploads\/2020\/10\/Logo-8.jpg","width":1680,"height":1186,"caption":"Algarve 7"},"image":{"@id":"https:\/\/algarve7.pt\/#\/schema\/logo\/image\/"},"sameAs":["https:\/\/www.facebook.com\/algarve7","https:\/\/x.com\/Algarvesete","https:\/\/www.instagram.com\/jornalalgarve7\/","https:\/\/www.linkedin.com\/company\/algarve7","https:\/\/www.pinterest.pt\/geral0939\/_created\/"]},{"@type":"Person","@id":"https:\/\/algarve7.pt\/#\/schema\/person\/23fa70681308e7b319a3204bcea45e0c","name":"Algarve 7","sameAs":["https:\/\/algarve7.pt","https:\/\/www.facebook.com\/algarve7"],"url":"https:\/\/algarve7.pt\/index.php\/author\/geralalgarve7-pt\/"}]}},"jetpack_publicize_connections":[],"jetpack_featured_media_url":"https:\/\/algarve7.pt\/wp-content\/uploads\/2025\/03\/VJNF_1.jpg","jetpack_shortlink":"https:\/\/wp.me\/pcezmW-cH6","jetpack_sharing_enabled":true,"_links":{"self":[{"href":"https:\/\/algarve7.pt\/index.php\/wp-json\/wp\/v2\/posts\/48800","targetHints":{"allow":["GET"]}}],"collection":[{"href":"https:\/\/algarve7.pt\/index.php\/wp-json\/wp\/v2\/posts"}],"about":[{"href":"https:\/\/algarve7.pt\/index.php\/wp-json\/wp\/v2\/types\/post"}],"author":[{"embeddable":true,"href":"https:\/\/algarve7.pt\/index.php\/wp-json\/wp\/v2\/users\/1"}],"replies":[{"embeddable":true,"href":"https:\/\/algarve7.pt\/index.php\/wp-json\/wp\/v2\/comments?post=48800"}],"version-history":[{"count":0,"href":"https:\/\/algarve7.pt\/index.php\/wp-json\/wp\/v2\/posts\/48800\/revisions"}],"wp:featuredmedia":[{"embeddable":true,"href":"https:\/\/algarve7.pt\/index.php\/wp-json\/wp\/v2\/media\/48801"}],"wp:attachment":[{"href":"https:\/\/algarve7.pt\/index.php\/wp-json\/wp\/v2\/media?parent=48800"}],"wp:term":[{"taxonomy":"category","embeddable":true,"href":"https:\/\/algarve7.pt\/index.php\/wp-json\/wp\/v2\/categories?post=48800"},{"taxonomy":"post_tag","embeddable":true,"href":"https:\/\/algarve7.pt\/index.php\/wp-json\/wp\/v2\/tags?post=48800"}],"curies":[{"name":"wp","href":"https:\/\/api.w.org\/{rel}","templated":true}]}}