{"id":48790,"date":"2025-03-28T09:50:00","date_gmt":"2025-03-28T09:50:00","guid":{"rendered":"https:\/\/algarve7.pt\/?p=48790"},"modified":"2025-03-27T09:09:24","modified_gmt":"2025-03-27T09:09:24","slug":"abril-apresenta-agenda-desportiva-diversificada-em-portimao","status":"publish","type":"post","link":"https:\/\/algarve7.pt\/index.php\/2025\/03\/abril-apresenta-agenda-desportiva-diversificada-em-portimao\/desporto\/09\/50\/","title":{"rendered":"Abril apresenta agenda desportiva diversificada em Portim\u00e3o"},"content":{"rendered":"\n<p>O pr\u00f3ximo m\u00eas em Portim\u00e3o contar\u00e1 com eventos diferentes modalidades nos equipamentos desportivos do concelho, destinados a v\u00e1rias faixas et\u00e1rias. Abril arranca com a celebra\u00e7\u00e3o do Dia Mundial da Atividade F\u00edsica, mas h\u00e1 muitas mais sugest\u00f5es como uma competi\u00e7\u00e3o de padel, fitness, provas motorizadas, futebol, caminhadas, gin\u00e1stica e at\u00e9 um torneio de petanca.<\/p>\n\n\n\n<p>Para assinalar o Dia Mundial da Atividade F\u00edsica foi elaborado um programa que vai decorrer entre 2 e 7 de abril, das 9h00 \u00e0s 13h00, com atividades gratuitas, mas de inscri\u00e7\u00e3o obrigat\u00f3ria. O Complexo Desportivo da Mexilhoeira Grande promove aulas abertas de hidrogin\u00e1stica, no dia 2,&nbsp;das 19h10 \u00e0s 19h50, no dia 3, das 18h20 \u00e0s 19h05, e no dia 4, das 9h00 \u00e0s 9h40. As inscri\u00e7\u00f5es podem ser efetuadas pelo email cdmexgrande@cm-portimao.pt ou pelo 282248571.<\/p>\n\n\n\n<p>J\u00e1 a Piscina Municipal de Portim\u00e3o tamb\u00e9m promove uma mega-aula de hidrogin\u00e1stica, no dia 5, das 11h10 \u00e0s 12h00, a que se junta um momento l\u00fadico Pais &amp; Filhos, no mesmo dia, as 12h00, cujas inscri\u00e7\u00f5es podem ser realizadas, at\u00e9 dia 3 de abril, atrav\u00e9s de info@portinado.com ou do telefone 282415456. Por sua vez, o Complexo Desportivo de Alvor organiza uma aula aberta de nata\u00e7\u00e3o, no dia 5 e no dia 7 de abril, das 12h30 \u00e0s 13h40.<\/p>\n\n\n\n<p>Uma Manh\u00e3 de \u201cDesporto para Todos\u201d ser\u00e1 um dos atrativos para a popula\u00e7\u00e3o, especialmente para as fam\u00edlias, que nos dias 5 e 6, das 10h00 \u00e0s 13h00 e das 15h00 \u00e0s 18h00, podem praticar exerc\u00edcios de fitness, basket 3&#215;3, andebol, participar numa gincana de ciclismo e BTT ou recordar jogos tradicionais, n\u00e3o esquecendo os insufl\u00e1veis, num espa\u00e7o renovado no Parque de Feiras e Exposi\u00e7\u00f5es de Portim\u00e3o, junto ao Portim\u00e3o Arena.<\/p>\n\n\n\n<p>Com uma forte din\u00e2mica desportiva, o m\u00eas prossegue com a celebra\u00e7\u00e3o do 23\u00ba Anivers\u00e1rio do Complexo Desportivo de Alvor, no dia 8, repleto de atividades especialmente para os utentes regulares daquele equipamento.<\/p>\n\n\n\n<p>Uma das competi\u00e7\u00f5es que tamb\u00e9m j\u00e1 se tornou uma tradi\u00e7\u00e3o em Portim\u00e3o \u00e9 o torneio de futebol de forma\u00e7\u00e3o \u201cBonicup 2025\u201d, nas modalidades de futebol de 7 e 11. Este ano ter\u00e1 lugar entre 11 e 13 de abril no Complexo Desportivo da Mexilhoeira Grande e no Centro de Treinos Major David Neto. Como \u00e9 habitual a competi\u00e7\u00e3o vai contar com a presen\u00e7a de clubes de Portugal e Espanha, at\u00e9 porque tem o intuito de promover o interc\u00e2mbio de jogos entre os dois pa\u00edses, ao mesmo tempo que fomenta e divulga o futebol infantojuvenil e o fairplay.<\/p>\n\n\n\n<p>Outro dos regressos que marcam abril e as temperaturas amenas da primavera, naquele que \u00e9 um convite \u00e0 realiza\u00e7\u00e3o de atividades ao ar livre, s\u00e3o os eventos inseridos no projeto Domingos Ativos que este ano se estendem, pela primeira vez \u00e0 Mexilhoeira Grande. A primeira iniciativa ser\u00e1, assim, a \u201cCaminhada Sol e Pele\u201d, marcada para 13 de abril, pelas 9h00, com concentra\u00e7\u00e3o dos participantes neste hor\u00e1rio na zona sul da rotunda principal da vila, perto da Estrada do Caminho da Rocha. Ainda sob esse mote primaveril est\u00e1 agendado para dias 12 e 13 de abril na \u00c1rea Desportiva da Praia da Rocha o Torneio de Primavera Beach Tennis.<\/p>\n\n\n\n<p>Com participa\u00e7\u00e3o livre, esta caminhada foi criada em 2019, quando Portim\u00e3o foi Cidade Europeia do Desporto, e tem como objetivo sensibilizar a popula\u00e7\u00e3o para os benef\u00edcios e malef\u00edcios da exposi\u00e7\u00e3o solar, consoante a forma e o hor\u00e1rio a que as pessoas apanham sol. O percurso de 8km permite apreciar uma vasta paisagem plana e verdejante, de campos agr\u00edcolas e matos mediterr\u00e2nicos, e, no regresso, numa zona mais arenosa, os sapais e longos planos de \u00e1gua da Ria de Alvor.<\/p>\n\n\n\n<p>Ainda no \u00e2mbito deste projeto, o Complexo Desportivo de Alvor promove, no dia 27 de abril, uma iniciativa de fitness e dan\u00e7a, com inscri\u00e7\u00e3o gratuita, direcionada para as fam\u00edlias com o objetivo de promover a atividade f\u00edsica e os h\u00e1bitos de vida saud\u00e1vel.<\/p>\n\n\n\n<p>O projeto Domingos Ativos \u00e9 promovido pelo Munic\u00edpio de Portim\u00e3o para incentivar as fam\u00edlias a participar numa atividade desportiva de modo mais informal, cruzando momentos de lazer, com a promo\u00e7\u00e3o do bem-estar e do combate ao sedentarismo. At\u00e9 outubro, no Complexo Desportivo de Alvor, est\u00e3o previstas iniciativas sempre no \u00faltimo domingo do m\u00eas, com interrup\u00e7\u00e3o em agosto, que v\u00e3o desde passeios de bicicleta e de canoagem, picleball, yoga e pilates, ou aulas de treino funcional. Podem participar residentes no concelho com idades compreendidas entre os 4 e os 80 anos.<\/p>\n\n\n\n<p>J\u00e1 o Feriado do 25 de Abril d\u00e1 ainda o mote para mais uma edi\u00e7\u00e3o da Corrida da Liberdade, que ter\u00e1 como ponto de partida a Zona Ribeirinha de Portim\u00e3o, naquela que \u00e9 uma prova popular com longo historial em Portim\u00e3o. \u00c9 organizada pela Associa\u00e7\u00e3o de Atletismo do Algarve e pela C\u00e2mara Municipal de Portim\u00e3o e as inscri\u00e7\u00f5es est\u00e3o a decorrer em corridadaliberdadeportimao.pt.<\/p>\n\n\n\n<p>Abril no Aut\u00f3dromo Internacional do Algarve ser\u00e1 ainda marcado por quatro competi\u00e7\u00f5es. O Algarve Iberian Racing Festival (4 a 6 de abril), Porsche Sprint Challenge (dias 10 a 12), CRM Racing Series (dias 18 e 19) e o International GT Open (24 a 27 de abril) s\u00e3o as propostas para animar o circuito portimonense.<\/p>\n\n\n\n<p>Na agenda do m\u00eas constam tamb\u00e9m o Open Padel Jovem Portim\u00e3o 5000, (dias 5 e 6), o Portim\u00e3o Fitness Medley, (dia 5), no Pavilh\u00e3o Desportivo da Boavista, e a Gata na Praia (de 11 a 16 de abril), um evento da Universidade do Minho que levar\u00e1 400 estudantes do ensino superior \u00e0 \u00c1rea Desportiva da Praia da Rocha. A Ta\u00e7a de Portugal de Optimist (de 13 a 15), o 3\u00ba Torneio de P\u00e1scoa em futsal, integrado nas comemora\u00e7\u00f5es dos 30 anos da Gejupce (de 17 a 19), o Sarau G\u00edmnico da P\u00e1scoa (dia 19), e o Torneio de Petanca Francisco L\u00facio (dia 19) s\u00e3o outras das propostas que revelam a din\u00e2mica do Munic\u00edpio na vertente do desporto.<\/p>\n\n\n\n<p>Este conjunto de atividades encerra com o Torneio de Futsal integrado nas Comemora\u00e7\u00f5es do 25 de Abril, no Pavilh\u00e3o Desportivo da Escola Secund\u00e1ria Manuel Teixeira Gomes, com a 4\u00aa Liga Pequenos Campe\u00f5es (de 25 a 27 de abril e a 1 e 4 de maio), no Complexo Desportivo da Mexilhoeira Grande, no Est\u00e1dio da Restinga e no Centro Forma\u00e7\u00e3o Major David Neto, e com Zumba By Nigth 2, (dia 30), no Pavilh\u00e3o Desportivo da Boavista, iniciativa que integra as comemora\u00e7\u00f5es do Dia Mundial da Dan\u00e7a.<\/p>\n\n\n\n<p>Este \u00e9 um m\u00eas recheado de momentos desportivos, com uma vasta gama de atividades para todos os p\u00fablicos. Desde a alta competi\u00e7\u00e3o at\u00e9 \u00e0 divers\u00e3o para as fam\u00edlias.&nbsp;Mais informa\u00e7\u00f5es sobre estes eventos est\u00e3o dispon\u00edveis em www.vivaportimao.pt ou nas redes sociais oficiais de Facebook e Instagram do Munic\u00edpio de Portim\u00e3o.<\/p>\n","protected":false},"excerpt":{"rendered":"<p>O pr\u00f3ximo m\u00eas em Portim\u00e3o contar\u00e1 com eventos diferentes modalidades nos equipamentos desportivos do concelho, destinados a v\u00e1rias faixas et\u00e1rias.<\/p>\n","protected":false},"author":1,"featured_media":48791,"comment_status":"closed","ping_status":"closed","sticky":false,"template":"","format":"standard","meta":{"colormag_page_container_layout":"default_layout","colormag_page_sidebar_layout":"default_layout","_monsterinsights_skip_tracking":false,"_monsterinsights_sitenote_active":false,"_monsterinsights_sitenote_note":"","_monsterinsights_sitenote_category":0,"jetpack_post_was_ever_published":false,"_jetpack_newsletter_access":"","_jetpack_dont_email_post_to_subs":false,"_jetpack_newsletter_tier_id":0,"_jetpack_memberships_contains_paywalled_content":false,"_jetpack_memberships_contains_paid_content":false,"footnotes":"","jetpack_publicize_message":"","jetpack_publicize_feature_enabled":true,"jetpack_social_post_already_shared":true,"jetpack_social_options":{"image_generator_settings":{"template":"highway","default_image_id":0,"font":"","enabled":false},"version":2}},"categories":[15],"tags":[36,40,72],"class_list":["post-48790","post","type-post","status-publish","format-standard","has-post-thumbnail","hentry","category-desporto","tag-algarve","tag-desporto","tag-portimao"],"yoast_head":"<!-- This site is optimized with the Yoast SEO plugin v27.5 - https:\/\/yoast.com\/product\/yoast-seo-wordpress\/ -->\n<title>Abril apresenta agenda desportiva diversificada em Portim\u00e3o - Algarve 7<\/title>\n<meta name=\"description\" content=\"Abril apresenta agenda desportiva diversificada em Portim\u00e3o Desporto\" \/>\n<meta name=\"robots\" content=\"index, follow, max-snippet:-1, max-image-preview:large, max-video-preview:-1\" \/>\n<link rel=\"canonical\" href=\"https:\/\/algarve7.pt\/index.php\/2025\/03\/abril-apresenta-agenda-desportiva-diversificada-em-portimao\/desporto\/09\/50\/\" \/>\n<meta property=\"og:locale\" content=\"pt_PT\" \/>\n<meta property=\"og:type\" content=\"article\" \/>\n<meta property=\"og:title\" content=\"Abril apresenta agenda desportiva diversificada em Portim\u00e3o - Algarve 7\" \/>\n<meta property=\"og:description\" content=\"Abril apresenta agenda desportiva diversificada em Portim\u00e3o Desporto\" \/>\n<meta property=\"og:url\" content=\"https:\/\/algarve7.pt\/index.php\/2025\/03\/abril-apresenta-agenda-desportiva-diversificada-em-portimao\/desporto\/09\/50\/\" \/>\n<meta property=\"og:site_name\" content=\"Algarve 7\" \/>\n<meta property=\"article:publisher\" content=\"https:\/\/www.facebook.com\/algarve7\" \/>\n<meta property=\"article:author\" content=\"https:\/\/www.facebook.com\/algarve7\" \/>\n<meta property=\"article:published_time\" content=\"2025-03-28T09:50:00+00:00\" \/>\n<meta property=\"og:image\" content=\"https:\/\/algarve7.pt\/wp-content\/uploads\/2025\/03\/ABRIL-Boni-Cup-2024.jpg\" \/>\n\t<meta property=\"og:image:width\" content=\"800\" \/>\n\t<meta property=\"og:image:height\" content=\"500\" \/>\n\t<meta property=\"og:image:type\" content=\"image\/jpeg\" \/>\n<meta name=\"author\" content=\"Algarve 7\" \/>\n<meta name=\"twitter:card\" content=\"summary_large_image\" \/>\n<meta name=\"twitter:creator\" content=\"@Algarvesete\" \/>\n<meta name=\"twitter:site\" content=\"@Algarvesete\" \/>\n<meta name=\"twitter:label1\" content=\"Escrito por\" \/>\n\t<meta name=\"twitter:data1\" content=\"Algarve 7\" \/>\n\t<meta name=\"twitter:label2\" content=\"Tempo estimado de leitura\" \/>\n\t<meta name=\"twitter:data2\" content=\"7 minutos\" \/>\n<script type=\"application\/ld+json\" class=\"yoast-schema-graph\">{\"@context\":\"https:\\\/\\\/schema.org\",\"@graph\":[{\"@type\":\"Article\",\"@id\":\"https:\\\/\\\/algarve7.pt\\\/index.php\\\/2025\\\/03\\\/abril-apresenta-agenda-desportiva-diversificada-em-portimao\\\/desporto\\\/09\\\/50\\\/#article\",\"isPartOf\":{\"@id\":\"https:\\\/\\\/algarve7.pt\\\/index.php\\\/2025\\\/03\\\/abril-apresenta-agenda-desportiva-diversificada-em-portimao\\\/desporto\\\/09\\\/50\\\/\"},\"author\":{\"name\":\"Algarve 7\",\"@id\":\"https:\\\/\\\/algarve7.pt\\\/#\\\/schema\\\/person\\\/23fa70681308e7b319a3204bcea45e0c\"},\"headline\":\"Abril apresenta agenda desportiva diversificada em Portim\u00e3o\",\"datePublished\":\"2025-03-28T09:50:00+00:00\",\"mainEntityOfPage\":{\"@id\":\"https:\\\/\\\/algarve7.pt\\\/index.php\\\/2025\\\/03\\\/abril-apresenta-agenda-desportiva-diversificada-em-portimao\\\/desporto\\\/09\\\/50\\\/\"},\"wordCount\":1157,\"publisher\":{\"@id\":\"https:\\\/\\\/algarve7.pt\\\/#organization\"},\"image\":{\"@id\":\"https:\\\/\\\/algarve7.pt\\\/index.php\\\/2025\\\/03\\\/abril-apresenta-agenda-desportiva-diversificada-em-portimao\\\/desporto\\\/09\\\/50\\\/#primaryimage\"},\"thumbnailUrl\":\"https:\\\/\\\/algarve7.pt\\\/wp-content\\\/uploads\\\/2025\\\/03\\\/ABRIL-Boni-Cup-2024.jpg\",\"keywords\":[\"Algarve\",\"Desporto\",\"Portim\u00e3o\"],\"articleSection\":[\"Desporto\"],\"inLanguage\":\"pt-PT\"},{\"@type\":\"WebPage\",\"@id\":\"https:\\\/\\\/algarve7.pt\\\/index.php\\\/2025\\\/03\\\/abril-apresenta-agenda-desportiva-diversificada-em-portimao\\\/desporto\\\/09\\\/50\\\/\",\"url\":\"https:\\\/\\\/algarve7.pt\\\/index.php\\\/2025\\\/03\\\/abril-apresenta-agenda-desportiva-diversificada-em-portimao\\\/desporto\\\/09\\\/50\\\/\",\"name\":\"Abril apresenta agenda desportiva diversificada em Portim\u00e3o - Algarve 7\",\"isPartOf\":{\"@id\":\"https:\\\/\\\/algarve7.pt\\\/#website\"},\"primaryImageOfPage\":{\"@id\":\"https:\\\/\\\/algarve7.pt\\\/index.php\\\/2025\\\/03\\\/abril-apresenta-agenda-desportiva-diversificada-em-portimao\\\/desporto\\\/09\\\/50\\\/#primaryimage\"},\"image\":{\"@id\":\"https:\\\/\\\/algarve7.pt\\\/index.php\\\/2025\\\/03\\\/abril-apresenta-agenda-desportiva-diversificada-em-portimao\\\/desporto\\\/09\\\/50\\\/#primaryimage\"},\"thumbnailUrl\":\"https:\\\/\\\/algarve7.pt\\\/wp-content\\\/uploads\\\/2025\\\/03\\\/ABRIL-Boni-Cup-2024.jpg\",\"datePublished\":\"2025-03-28T09:50:00+00:00\",\"description\":\"Abril apresenta agenda desportiva diversificada em Portim\u00e3o Desporto\",\"breadcrumb\":{\"@id\":\"https:\\\/\\\/algarve7.pt\\\/index.php\\\/2025\\\/03\\\/abril-apresenta-agenda-desportiva-diversificada-em-portimao\\\/desporto\\\/09\\\/50\\\/#breadcrumb\"},\"inLanguage\":\"pt-PT\",\"potentialAction\":[{\"@type\":\"ReadAction\",\"target\":[\"https:\\\/\\\/algarve7.pt\\\/index.php\\\/2025\\\/03\\\/abril-apresenta-agenda-desportiva-diversificada-em-portimao\\\/desporto\\\/09\\\/50\\\/\"]}]},{\"@type\":\"ImageObject\",\"inLanguage\":\"pt-PT\",\"@id\":\"https:\\\/\\\/algarve7.pt\\\/index.php\\\/2025\\\/03\\\/abril-apresenta-agenda-desportiva-diversificada-em-portimao\\\/desporto\\\/09\\\/50\\\/#primaryimage\",\"url\":\"https:\\\/\\\/algarve7.pt\\\/wp-content\\\/uploads\\\/2025\\\/03\\\/ABRIL-Boni-Cup-2024.jpg\",\"contentUrl\":\"https:\\\/\\\/algarve7.pt\\\/wp-content\\\/uploads\\\/2025\\\/03\\\/ABRIL-Boni-Cup-2024.jpg\",\"width\":800,\"height\":500},{\"@type\":\"BreadcrumbList\",\"@id\":\"https:\\\/\\\/algarve7.pt\\\/index.php\\\/2025\\\/03\\\/abril-apresenta-agenda-desportiva-diversificada-em-portimao\\\/desporto\\\/09\\\/50\\\/#breadcrumb\",\"itemListElement\":[{\"@type\":\"ListItem\",\"position\":1,\"name\":\"In\u00edcio\",\"item\":\"https:\\\/\\\/algarve7.pt\\\/\"},{\"@type\":\"ListItem\",\"position\":2,\"name\":\"Abril apresenta agenda desportiva diversificada em Portim\u00e3o\"}]},{\"@type\":\"WebSite\",\"@id\":\"https:\\\/\\\/algarve7.pt\\\/#website\",\"url\":\"https:\\\/\\\/algarve7.pt\\\/\",\"name\":\"Algarve 7\",\"description\":\"Informa\u00e7\u00e3o sobre o Algarve\",\"publisher\":{\"@id\":\"https:\\\/\\\/algarve7.pt\\\/#organization\"},\"potentialAction\":[{\"@type\":\"SearchAction\",\"target\":{\"@type\":\"EntryPoint\",\"urlTemplate\":\"https:\\\/\\\/algarve7.pt\\\/?s={search_term_string}\"},\"query-input\":{\"@type\":\"PropertyValueSpecification\",\"valueRequired\":true,\"valueName\":\"search_term_string\"}}],\"inLanguage\":\"pt-PT\"},{\"@type\":\"Organization\",\"@id\":\"https:\\\/\\\/algarve7.pt\\\/#organization\",\"name\":\"Algarve 7\",\"url\":\"https:\\\/\\\/algarve7.pt\\\/\",\"logo\":{\"@type\":\"ImageObject\",\"inLanguage\":\"pt-PT\",\"@id\":\"https:\\\/\\\/algarve7.pt\\\/#\\\/schema\\\/logo\\\/image\\\/\",\"url\":\"https:\\\/\\\/algarve7.pt\\\/wp-content\\\/uploads\\\/2020\\\/10\\\/Logo-8.jpg\",\"contentUrl\":\"https:\\\/\\\/algarve7.pt\\\/wp-content\\\/uploads\\\/2020\\\/10\\\/Logo-8.jpg\",\"width\":1680,\"height\":1186,\"caption\":\"Algarve 7\"},\"image\":{\"@id\":\"https:\\\/\\\/algarve7.pt\\\/#\\\/schema\\\/logo\\\/image\\\/\"},\"sameAs\":[\"https:\\\/\\\/www.facebook.com\\\/algarve7\",\"https:\\\/\\\/x.com\\\/Algarvesete\",\"https:\\\/\\\/www.instagram.com\\\/jornalalgarve7\\\/\",\"https:\\\/\\\/www.linkedin.com\\\/company\\\/algarve7\",\"https:\\\/\\\/www.pinterest.pt\\\/geral0939\\\/_created\\\/\"]},{\"@type\":\"Person\",\"@id\":\"https:\\\/\\\/algarve7.pt\\\/#\\\/schema\\\/person\\\/23fa70681308e7b319a3204bcea45e0c\",\"name\":\"Algarve 7\",\"sameAs\":[\"https:\\\/\\\/algarve7.pt\",\"https:\\\/\\\/www.facebook.com\\\/algarve7\"],\"url\":\"https:\\\/\\\/algarve7.pt\\\/index.php\\\/author\\\/geralalgarve7-pt\\\/\"}]}<\/script>\n<!-- \/ Yoast SEO plugin. -->","yoast_head_json":{"title":"Abril apresenta agenda desportiva diversificada em Portim\u00e3o - Algarve 7","description":"Abril apresenta agenda desportiva diversificada em Portim\u00e3o Desporto","robots":{"index":"index","follow":"follow","max-snippet":"max-snippet:-1","max-image-preview":"max-image-preview:large","max-video-preview":"max-video-preview:-1"},"canonical":"https:\/\/algarve7.pt\/index.php\/2025\/03\/abril-apresenta-agenda-desportiva-diversificada-em-portimao\/desporto\/09\/50\/","og_locale":"pt_PT","og_type":"article","og_title":"Abril apresenta agenda desportiva diversificada em Portim\u00e3o - Algarve 7","og_description":"Abril apresenta agenda desportiva diversificada em Portim\u00e3o Desporto","og_url":"https:\/\/algarve7.pt\/index.php\/2025\/03\/abril-apresenta-agenda-desportiva-diversificada-em-portimao\/desporto\/09\/50\/","og_site_name":"Algarve 7","article_publisher":"https:\/\/www.facebook.com\/algarve7","article_author":"https:\/\/www.facebook.com\/algarve7","article_published_time":"2025-03-28T09:50:00+00:00","og_image":[{"width":800,"height":500,"url":"https:\/\/algarve7.pt\/wp-content\/uploads\/2025\/03\/ABRIL-Boni-Cup-2024.jpg","type":"image\/jpeg"}],"author":"Algarve 7","twitter_card":"summary_large_image","twitter_creator":"@Algarvesete","twitter_site":"@Algarvesete","twitter_misc":{"Escrito por":"Algarve 7","Tempo estimado de leitura":"7 minutos"},"schema":{"@context":"https:\/\/schema.org","@graph":[{"@type":"Article","@id":"https:\/\/algarve7.pt\/index.php\/2025\/03\/abril-apresenta-agenda-desportiva-diversificada-em-portimao\/desporto\/09\/50\/#article","isPartOf":{"@id":"https:\/\/algarve7.pt\/index.php\/2025\/03\/abril-apresenta-agenda-desportiva-diversificada-em-portimao\/desporto\/09\/50\/"},"author":{"name":"Algarve 7","@id":"https:\/\/algarve7.pt\/#\/schema\/person\/23fa70681308e7b319a3204bcea45e0c"},"headline":"Abril apresenta agenda desportiva diversificada em Portim\u00e3o","datePublished":"2025-03-28T09:50:00+00:00","mainEntityOfPage":{"@id":"https:\/\/algarve7.pt\/index.php\/2025\/03\/abril-apresenta-agenda-desportiva-diversificada-em-portimao\/desporto\/09\/50\/"},"wordCount":1157,"publisher":{"@id":"https:\/\/algarve7.pt\/#organization"},"image":{"@id":"https:\/\/algarve7.pt\/index.php\/2025\/03\/abril-apresenta-agenda-desportiva-diversificada-em-portimao\/desporto\/09\/50\/#primaryimage"},"thumbnailUrl":"https:\/\/algarve7.pt\/wp-content\/uploads\/2025\/03\/ABRIL-Boni-Cup-2024.jpg","keywords":["Algarve","Desporto","Portim\u00e3o"],"articleSection":["Desporto"],"inLanguage":"pt-PT"},{"@type":"WebPage","@id":"https:\/\/algarve7.pt\/index.php\/2025\/03\/abril-apresenta-agenda-desportiva-diversificada-em-portimao\/desporto\/09\/50\/","url":"https:\/\/algarve7.pt\/index.php\/2025\/03\/abril-apresenta-agenda-desportiva-diversificada-em-portimao\/desporto\/09\/50\/","name":"Abril apresenta agenda desportiva diversificada em Portim\u00e3o - Algarve 7","isPartOf":{"@id":"https:\/\/algarve7.pt\/#website"},"primaryImageOfPage":{"@id":"https:\/\/algarve7.pt\/index.php\/2025\/03\/abril-apresenta-agenda-desportiva-diversificada-em-portimao\/desporto\/09\/50\/#primaryimage"},"image":{"@id":"https:\/\/algarve7.pt\/index.php\/2025\/03\/abril-apresenta-agenda-desportiva-diversificada-em-portimao\/desporto\/09\/50\/#primaryimage"},"thumbnailUrl":"https:\/\/algarve7.pt\/wp-content\/uploads\/2025\/03\/ABRIL-Boni-Cup-2024.jpg","datePublished":"2025-03-28T09:50:00+00:00","description":"Abril apresenta agenda desportiva diversificada em Portim\u00e3o Desporto","breadcrumb":{"@id":"https:\/\/algarve7.pt\/index.php\/2025\/03\/abril-apresenta-agenda-desportiva-diversificada-em-portimao\/desporto\/09\/50\/#breadcrumb"},"inLanguage":"pt-PT","potentialAction":[{"@type":"ReadAction","target":["https:\/\/algarve7.pt\/index.php\/2025\/03\/abril-apresenta-agenda-desportiva-diversificada-em-portimao\/desporto\/09\/50\/"]}]},{"@type":"ImageObject","inLanguage":"pt-PT","@id":"https:\/\/algarve7.pt\/index.php\/2025\/03\/abril-apresenta-agenda-desportiva-diversificada-em-portimao\/desporto\/09\/50\/#primaryimage","url":"https:\/\/algarve7.pt\/wp-content\/uploads\/2025\/03\/ABRIL-Boni-Cup-2024.jpg","contentUrl":"https:\/\/algarve7.pt\/wp-content\/uploads\/2025\/03\/ABRIL-Boni-Cup-2024.jpg","width":800,"height":500},{"@type":"BreadcrumbList","@id":"https:\/\/algarve7.pt\/index.php\/2025\/03\/abril-apresenta-agenda-desportiva-diversificada-em-portimao\/desporto\/09\/50\/#breadcrumb","itemListElement":[{"@type":"ListItem","position":1,"name":"In\u00edcio","item":"https:\/\/algarve7.pt\/"},{"@type":"ListItem","position":2,"name":"Abril apresenta agenda desportiva diversificada em Portim\u00e3o"}]},{"@type":"WebSite","@id":"https:\/\/algarve7.pt\/#website","url":"https:\/\/algarve7.pt\/","name":"Algarve 7","description":"Informa\u00e7\u00e3o sobre o Algarve","publisher":{"@id":"https:\/\/algarve7.pt\/#organization"},"potentialAction":[{"@type":"SearchAction","target":{"@type":"EntryPoint","urlTemplate":"https:\/\/algarve7.pt\/?s={search_term_string}"},"query-input":{"@type":"PropertyValueSpecification","valueRequired":true,"valueName":"search_term_string"}}],"inLanguage":"pt-PT"},{"@type":"Organization","@id":"https:\/\/algarve7.pt\/#organization","name":"Algarve 7","url":"https:\/\/algarve7.pt\/","logo":{"@type":"ImageObject","inLanguage":"pt-PT","@id":"https:\/\/algarve7.pt\/#\/schema\/logo\/image\/","url":"https:\/\/algarve7.pt\/wp-content\/uploads\/2020\/10\/Logo-8.jpg","contentUrl":"https:\/\/algarve7.pt\/wp-content\/uploads\/2020\/10\/Logo-8.jpg","width":1680,"height":1186,"caption":"Algarve 7"},"image":{"@id":"https:\/\/algarve7.pt\/#\/schema\/logo\/image\/"},"sameAs":["https:\/\/www.facebook.com\/algarve7","https:\/\/x.com\/Algarvesete","https:\/\/www.instagram.com\/jornalalgarve7\/","https:\/\/www.linkedin.com\/company\/algarve7","https:\/\/www.pinterest.pt\/geral0939\/_created\/"]},{"@type":"Person","@id":"https:\/\/algarve7.pt\/#\/schema\/person\/23fa70681308e7b319a3204bcea45e0c","name":"Algarve 7","sameAs":["https:\/\/algarve7.pt","https:\/\/www.facebook.com\/algarve7"],"url":"https:\/\/algarve7.pt\/index.php\/author\/geralalgarve7-pt\/"}]}},"jetpack_publicize_connections":[],"jetpack_featured_media_url":"https:\/\/algarve7.pt\/wp-content\/uploads\/2025\/03\/ABRIL-Boni-Cup-2024.jpg","jetpack_shortlink":"https:\/\/wp.me\/pcezmW-cGW","jetpack_sharing_enabled":true,"_links":{"self":[{"href":"https:\/\/algarve7.pt\/index.php\/wp-json\/wp\/v2\/posts\/48790","targetHints":{"allow":["GET"]}}],"collection":[{"href":"https:\/\/algarve7.pt\/index.php\/wp-json\/wp\/v2\/posts"}],"about":[{"href":"https:\/\/algarve7.pt\/index.php\/wp-json\/wp\/v2\/types\/post"}],"author":[{"embeddable":true,"href":"https:\/\/algarve7.pt\/index.php\/wp-json\/wp\/v2\/users\/1"}],"replies":[{"embeddable":true,"href":"https:\/\/algarve7.pt\/index.php\/wp-json\/wp\/v2\/comments?post=48790"}],"version-history":[{"count":0,"href":"https:\/\/algarve7.pt\/index.php\/wp-json\/wp\/v2\/posts\/48790\/revisions"}],"wp:featuredmedia":[{"embeddable":true,"href":"https:\/\/algarve7.pt\/index.php\/wp-json\/wp\/v2\/media\/48791"}],"wp:attachment":[{"href":"https:\/\/algarve7.pt\/index.php\/wp-json\/wp\/v2\/media?parent=48790"}],"wp:term":[{"taxonomy":"category","embeddable":true,"href":"https:\/\/algarve7.pt\/index.php\/wp-json\/wp\/v2\/categories?post=48790"},{"taxonomy":"post_tag","embeddable":true,"href":"https:\/\/algarve7.pt\/index.php\/wp-json\/wp\/v2\/tags?post=48790"}],"curies":[{"name":"wp","href":"https:\/\/api.w.org\/{rel}","templated":true}]}}