{"id":48784,"date":"2025-03-27T10:20:00","date_gmt":"2025-03-27T10:20:00","guid":{"rendered":"https:\/\/algarve7.pt\/?p=48784"},"modified":"2025-03-26T17:13:56","modified_gmt":"2025-03-26T17:13:56","slug":"riafresh-agricultura-um-ativo-estrategico-para-o-algarve","status":"publish","type":"post","link":"https:\/\/algarve7.pt\/index.php\/2025\/03\/riafresh-agricultura-um-ativo-estrategico-para-o-algarve\/atualidade\/10\/20\/","title":{"rendered":"RiaFresh\u00ae, Agricultura, um Ativo Estrat\u00e9gico para o Algarve"},"content":{"rendered":"\n<p><strong>No \u00e2mbito da sua miss\u00e3o, com o objetivo de divulgar e promover a transforma\u00e7\u00e3o que a agricultura algarvia est\u00e1 a vivenciar, a Comiss\u00e3o de Coordena\u00e7\u00e3o e Desenvolvimento Regional do Algarve, I.P., com o apoio da Rede Rural Nacional e em parceria com o setor agroalimentar algarvio, tem desenvolvido uma campanha de v\u00eddeos curtos que narram, na primeira pessoa, casos de sucesso de investimentos apoiados por fundos europeus.&nbsp;<\/strong><\/p>\n\n\n\n<p>Hoje damos a conhecer a marca&nbsp;<em>RiaFresh\u00ae,&nbsp;<\/em>um projeto concretizado na sequ\u00eancia da investiga\u00e7\u00e3o sobre a cultura sustent\u00e1vel de hal\u00f3fitas realizada pelos promotores da empresa&nbsp;<em>Agro-On<\/em>&nbsp;no Parque da Reserva Natural de Castro Marim, envolvendo entidades parceiras como o Instituto Superior Dom Afonso III (INUAF) e o Instituto da Conserva\u00e7\u00e3o da Natureza e da Biodiversidade (ICNB), entre 2011 e 2014.&nbsp;<\/p>\n\n\n\n<p>Com sede no S\u00edtio do Besouro, em Faro, \u00e9 parte da miss\u00e3o da\u00a0<em>RiaFresh\u00ae<\/em>\u00a0melhorar e diversificar os h\u00e1bitos alimentares da popula\u00e7\u00e3o para um padr\u00e3o mais saud\u00e1vel, fomentar o desenvolvimento do aproveitamento dos vegetais marinhos como parte da inova\u00e7\u00e3o no sector hort\u00edcola e promover a prosperidade na regi\u00e3o do Algarve \u2013\u00a0<a href=\"https:\/\/youtu.be\/51OefNXoJgw\" target=\"_blank\" rel=\"noreferrer noopener\">ver V\u00cdDEO<\/a>.\u00a0<\/p>\n\n\n\n<p>Os produtos&nbsp;<em>RiaFresh\u00ae<\/em>&nbsp;s\u00e3o vegetais marinhos do Parque Natural da Ria Formosa e da Costa Algarvia, cultivados com um elevado padr\u00e3o de qualidade. Al\u00e9m da salic\u00f3rnia, o&nbsp;<em>best-seller<\/em>&nbsp;da marca, a&nbsp;<em>RiaFresh\u00ae<\/em>comercializa outros vegetais marinhos como valverde, rossio, sarcoc\u00f3rnia,&nbsp;<em>sea fingers<\/em>, inula, r\u00facula marinha, ficoide glacial, funcho do mar e salic\u00f3rnia glauca.<\/p>\n\n\n\n<p>As plantas hal\u00f3fitas apresentam caracter\u00edsticas gastron\u00f3micas muito espec\u00edficas e o grande impulso para a diferencia\u00e7\u00e3o da&nbsp;<em>RiaFresh\u00ae<\/em>&nbsp;foi o projeto&nbsp;<em>XtremeGourmet<\/em>. A proposta consistiu em reunir um grupo de chefs renomados, com coordena\u00e7\u00e3o do chefeLeonel Pereira, para que a marca alcan\u00e7asse a produ\u00e7\u00e3o de vegetais marinhos \u201cexcelentes\u201d do ponto de vista gastron\u00f3mico, nutricional e agron\u00f3mico.<\/p>\n\n\n\n<p>A sustentabilidade \u00e9 uma das preocupa\u00e7\u00f5es&nbsp;<em>RiaFresh\u00ae<\/em>. Miguel Salazar assegura que s\u00e3o cumpridos todos os requisitos para ser um produto de certifica\u00e7\u00e3o biol\u00f3gica, exceto o facto de n\u00e3o serem cultivados diretamente no solo. Com as certifica\u00e7\u00f5es Global G.A.P. e GRASP, a&nbsp;<em>RiaFresh\u00ae<\/em>&nbsp;garante a sustentabilidade ambiental, a seguran\u00e7a alimentar, a seguran\u00e7a dos trabalhadores e as boas pr\u00e1ticas sociais e aumenta a sua competitividade no mercado europeu, exportando atualmente para Espanha, Fran\u00e7a, It\u00e1lia, Holanda, B\u00e9lgica e Alemanha.<\/p>\n\n\n\n<p>Este apoio do PDR 2020 permitiu melhorar efici\u00eancia produtiva, h\u00eddrica e energ\u00e9tica, numa \u00f3tica de otimiza\u00e7\u00e3o dos recursos dispon\u00edveis.&nbsp;<\/p>\n","protected":false},"excerpt":{"rendered":"<p>No \u00e2mbito da sua miss\u00e3o, com o objetivo de divulgar e promover a transforma\u00e7\u00e3o que a agricultura algarvia est\u00e1 a<\/p>\n","protected":false},"author":1,"featured_media":48785,"comment_status":"closed","ping_status":"closed","sticky":false,"template":"","format":"standard","meta":{"colormag_page_container_layout":"default_layout","colormag_page_sidebar_layout":"default_layout","_monsterinsights_skip_tracking":false,"_monsterinsights_sitenote_active":false,"_monsterinsights_sitenote_note":"","_monsterinsights_sitenote_category":0,"jetpack_post_was_ever_published":false,"_jetpack_newsletter_access":"","_jetpack_dont_email_post_to_subs":false,"_jetpack_newsletter_tier_id":0,"_jetpack_memberships_contains_paywalled_content":false,"_jetpack_memberships_contains_paid_content":false,"footnotes":"","jetpack_publicize_message":"","jetpack_publicize_feature_enabled":true,"jetpack_social_post_already_shared":true,"jetpack_social_options":{"image_generator_settings":{"template":"highway","default_image_id":0,"font":"","enabled":false},"version":2}},"categories":[11],"tags":[36,62,143],"class_list":["post-48784","post","type-post","status-publish","format-standard","has-post-thumbnail","hentry","category-atualidade","tag-algarve","tag-atualidade","tag-ccdr-algarve"],"yoast_head":"<!-- This site is optimized with the Yoast SEO plugin v27.4 - https:\/\/yoast.com\/product\/yoast-seo-wordpress\/ -->\n<title>RiaFresh\u00ae, Agricultura, um Ativo Estrat\u00e9gico para o Algarve - Algarve 7<\/title>\n<meta name=\"description\" content=\"RiaFresh\u00ae, Agricultura, um Ativo Estrat\u00e9gico para o Algarve Atualidade\" \/>\n<meta name=\"robots\" content=\"index, follow, max-snippet:-1, max-image-preview:large, max-video-preview:-1\" \/>\n<link rel=\"canonical\" href=\"https:\/\/algarve7.pt\/index.php\/2025\/03\/riafresh-agricultura-um-ativo-estrategico-para-o-algarve\/atualidade\/10\/20\/\" \/>\n<meta property=\"og:locale\" content=\"pt_PT\" \/>\n<meta property=\"og:type\" content=\"article\" \/>\n<meta property=\"og:title\" content=\"RiaFresh\u00ae, Agricultura, um Ativo Estrat\u00e9gico para o Algarve - Algarve 7\" \/>\n<meta property=\"og:description\" content=\"RiaFresh\u00ae, Agricultura, um Ativo Estrat\u00e9gico para o Algarve Atualidade\" \/>\n<meta property=\"og:url\" content=\"https:\/\/algarve7.pt\/index.php\/2025\/03\/riafresh-agricultura-um-ativo-estrategico-para-o-algarve\/atualidade\/10\/20\/\" \/>\n<meta property=\"og:site_name\" content=\"Algarve 7\" \/>\n<meta property=\"article:publisher\" content=\"https:\/\/www.facebook.com\/algarve7\" \/>\n<meta property=\"article:author\" content=\"https:\/\/www.facebook.com\/algarve7\" \/>\n<meta property=\"article:published_time\" content=\"2025-03-27T10:20:00+00:00\" \/>\n<meta property=\"og:image\" content=\"https:\/\/algarve7.pt\/wp-content\/uploads\/2025\/03\/Miguel-Salazar_Agricultura_CCDRAlg.jpg\" \/>\n\t<meta property=\"og:image:width\" content=\"800\" \/>\n\t<meta property=\"og:image:height\" content=\"500\" \/>\n\t<meta property=\"og:image:type\" content=\"image\/jpeg\" \/>\n<meta name=\"author\" content=\"Algarve 7\" \/>\n<meta name=\"twitter:card\" content=\"summary_large_image\" \/>\n<meta name=\"twitter:creator\" content=\"@Algarvesete\" \/>\n<meta name=\"twitter:site\" content=\"@Algarvesete\" \/>\n<meta name=\"twitter:label1\" content=\"Escrito por\" \/>\n\t<meta name=\"twitter:data1\" content=\"Algarve 7\" \/>\n\t<meta name=\"twitter:label2\" content=\"Tempo estimado de leitura\" \/>\n\t<meta name=\"twitter:data2\" content=\"3 minutos\" \/>\n<script type=\"application\/ld+json\" class=\"yoast-schema-graph\">{\"@context\":\"https:\\\/\\\/schema.org\",\"@graph\":[{\"@type\":\"Article\",\"@id\":\"https:\\\/\\\/algarve7.pt\\\/index.php\\\/2025\\\/03\\\/riafresh-agricultura-um-ativo-estrategico-para-o-algarve\\\/atualidade\\\/10\\\/20\\\/#article\",\"isPartOf\":{\"@id\":\"https:\\\/\\\/algarve7.pt\\\/index.php\\\/2025\\\/03\\\/riafresh-agricultura-um-ativo-estrategico-para-o-algarve\\\/atualidade\\\/10\\\/20\\\/\"},\"author\":{\"name\":\"Algarve 7\",\"@id\":\"https:\\\/\\\/algarve7.pt\\\/#\\\/schema\\\/person\\\/23fa70681308e7b319a3204bcea45e0c\"},\"headline\":\"RiaFresh\u00ae, Agricultura, um Ativo Estrat\u00e9gico para o Algarve\",\"datePublished\":\"2025-03-27T10:20:00+00:00\",\"mainEntityOfPage\":{\"@id\":\"https:\\\/\\\/algarve7.pt\\\/index.php\\\/2025\\\/03\\\/riafresh-agricultura-um-ativo-estrategico-para-o-algarve\\\/atualidade\\\/10\\\/20\\\/\"},\"wordCount\":462,\"publisher\":{\"@id\":\"https:\\\/\\\/algarve7.pt\\\/#organization\"},\"image\":{\"@id\":\"https:\\\/\\\/algarve7.pt\\\/index.php\\\/2025\\\/03\\\/riafresh-agricultura-um-ativo-estrategico-para-o-algarve\\\/atualidade\\\/10\\\/20\\\/#primaryimage\"},\"thumbnailUrl\":\"https:\\\/\\\/algarve7.pt\\\/wp-content\\\/uploads\\\/2025\\\/03\\\/Miguel-Salazar_Agricultura_CCDRAlg.jpg\",\"keywords\":[\"Algarve\",\"Atualidade\",\"CCDR Algarve\"],\"articleSection\":[\"Atualidade\"],\"inLanguage\":\"pt-PT\"},{\"@type\":\"WebPage\",\"@id\":\"https:\\\/\\\/algarve7.pt\\\/index.php\\\/2025\\\/03\\\/riafresh-agricultura-um-ativo-estrategico-para-o-algarve\\\/atualidade\\\/10\\\/20\\\/\",\"url\":\"https:\\\/\\\/algarve7.pt\\\/index.php\\\/2025\\\/03\\\/riafresh-agricultura-um-ativo-estrategico-para-o-algarve\\\/atualidade\\\/10\\\/20\\\/\",\"name\":\"RiaFresh\u00ae, Agricultura, um Ativo Estrat\u00e9gico para o Algarve - Algarve 7\",\"isPartOf\":{\"@id\":\"https:\\\/\\\/algarve7.pt\\\/#website\"},\"primaryImageOfPage\":{\"@id\":\"https:\\\/\\\/algarve7.pt\\\/index.php\\\/2025\\\/03\\\/riafresh-agricultura-um-ativo-estrategico-para-o-algarve\\\/atualidade\\\/10\\\/20\\\/#primaryimage\"},\"image\":{\"@id\":\"https:\\\/\\\/algarve7.pt\\\/index.php\\\/2025\\\/03\\\/riafresh-agricultura-um-ativo-estrategico-para-o-algarve\\\/atualidade\\\/10\\\/20\\\/#primaryimage\"},\"thumbnailUrl\":\"https:\\\/\\\/algarve7.pt\\\/wp-content\\\/uploads\\\/2025\\\/03\\\/Miguel-Salazar_Agricultura_CCDRAlg.jpg\",\"datePublished\":\"2025-03-27T10:20:00+00:00\",\"description\":\"RiaFresh\u00ae, Agricultura, um Ativo Estrat\u00e9gico para o Algarve Atualidade\",\"breadcrumb\":{\"@id\":\"https:\\\/\\\/algarve7.pt\\\/index.php\\\/2025\\\/03\\\/riafresh-agricultura-um-ativo-estrategico-para-o-algarve\\\/atualidade\\\/10\\\/20\\\/#breadcrumb\"},\"inLanguage\":\"pt-PT\",\"potentialAction\":[{\"@type\":\"ReadAction\",\"target\":[\"https:\\\/\\\/algarve7.pt\\\/index.php\\\/2025\\\/03\\\/riafresh-agricultura-um-ativo-estrategico-para-o-algarve\\\/atualidade\\\/10\\\/20\\\/\"]}]},{\"@type\":\"ImageObject\",\"inLanguage\":\"pt-PT\",\"@id\":\"https:\\\/\\\/algarve7.pt\\\/index.php\\\/2025\\\/03\\\/riafresh-agricultura-um-ativo-estrategico-para-o-algarve\\\/atualidade\\\/10\\\/20\\\/#primaryimage\",\"url\":\"https:\\\/\\\/algarve7.pt\\\/wp-content\\\/uploads\\\/2025\\\/03\\\/Miguel-Salazar_Agricultura_CCDRAlg.jpg\",\"contentUrl\":\"https:\\\/\\\/algarve7.pt\\\/wp-content\\\/uploads\\\/2025\\\/03\\\/Miguel-Salazar_Agricultura_CCDRAlg.jpg\",\"width\":800,\"height\":500},{\"@type\":\"BreadcrumbList\",\"@id\":\"https:\\\/\\\/algarve7.pt\\\/index.php\\\/2025\\\/03\\\/riafresh-agricultura-um-ativo-estrategico-para-o-algarve\\\/atualidade\\\/10\\\/20\\\/#breadcrumb\",\"itemListElement\":[{\"@type\":\"ListItem\",\"position\":1,\"name\":\"In\u00edcio\",\"item\":\"https:\\\/\\\/algarve7.pt\\\/\"},{\"@type\":\"ListItem\",\"position\":2,\"name\":\"RiaFresh\u00ae, Agricultura, um Ativo Estrat\u00e9gico para o Algarve\"}]},{\"@type\":\"WebSite\",\"@id\":\"https:\\\/\\\/algarve7.pt\\\/#website\",\"url\":\"https:\\\/\\\/algarve7.pt\\\/\",\"name\":\"Algarve 7\",\"description\":\"Informa\u00e7\u00e3o sobre o Algarve\",\"publisher\":{\"@id\":\"https:\\\/\\\/algarve7.pt\\\/#organization\"},\"potentialAction\":[{\"@type\":\"SearchAction\",\"target\":{\"@type\":\"EntryPoint\",\"urlTemplate\":\"https:\\\/\\\/algarve7.pt\\\/?s={search_term_string}\"},\"query-input\":{\"@type\":\"PropertyValueSpecification\",\"valueRequired\":true,\"valueName\":\"search_term_string\"}}],\"inLanguage\":\"pt-PT\"},{\"@type\":\"Organization\",\"@id\":\"https:\\\/\\\/algarve7.pt\\\/#organization\",\"name\":\"Algarve 7\",\"url\":\"https:\\\/\\\/algarve7.pt\\\/\",\"logo\":{\"@type\":\"ImageObject\",\"inLanguage\":\"pt-PT\",\"@id\":\"https:\\\/\\\/algarve7.pt\\\/#\\\/schema\\\/logo\\\/image\\\/\",\"url\":\"https:\\\/\\\/algarve7.pt\\\/wp-content\\\/uploads\\\/2020\\\/10\\\/Logo-8.jpg\",\"contentUrl\":\"https:\\\/\\\/algarve7.pt\\\/wp-content\\\/uploads\\\/2020\\\/10\\\/Logo-8.jpg\",\"width\":1680,\"height\":1186,\"caption\":\"Algarve 7\"},\"image\":{\"@id\":\"https:\\\/\\\/algarve7.pt\\\/#\\\/schema\\\/logo\\\/image\\\/\"},\"sameAs\":[\"https:\\\/\\\/www.facebook.com\\\/algarve7\",\"https:\\\/\\\/x.com\\\/Algarvesete\",\"https:\\\/\\\/www.instagram.com\\\/jornalalgarve7\\\/\",\"https:\\\/\\\/www.linkedin.com\\\/company\\\/algarve7\",\"https:\\\/\\\/www.pinterest.pt\\\/geral0939\\\/_created\\\/\"]},{\"@type\":\"Person\",\"@id\":\"https:\\\/\\\/algarve7.pt\\\/#\\\/schema\\\/person\\\/23fa70681308e7b319a3204bcea45e0c\",\"name\":\"Algarve 7\",\"sameAs\":[\"https:\\\/\\\/algarve7.pt\",\"https:\\\/\\\/www.facebook.com\\\/algarve7\"],\"url\":\"https:\\\/\\\/algarve7.pt\\\/index.php\\\/author\\\/geralalgarve7-pt\\\/\"}]}<\/script>\n<!-- \/ Yoast SEO plugin. -->","yoast_head_json":{"title":"RiaFresh\u00ae, Agricultura, um Ativo Estrat\u00e9gico para o Algarve - Algarve 7","description":"RiaFresh\u00ae, Agricultura, um Ativo Estrat\u00e9gico para o Algarve Atualidade","robots":{"index":"index","follow":"follow","max-snippet":"max-snippet:-1","max-image-preview":"max-image-preview:large","max-video-preview":"max-video-preview:-1"},"canonical":"https:\/\/algarve7.pt\/index.php\/2025\/03\/riafresh-agricultura-um-ativo-estrategico-para-o-algarve\/atualidade\/10\/20\/","og_locale":"pt_PT","og_type":"article","og_title":"RiaFresh\u00ae, Agricultura, um Ativo Estrat\u00e9gico para o Algarve - Algarve 7","og_description":"RiaFresh\u00ae, Agricultura, um Ativo Estrat\u00e9gico para o Algarve Atualidade","og_url":"https:\/\/algarve7.pt\/index.php\/2025\/03\/riafresh-agricultura-um-ativo-estrategico-para-o-algarve\/atualidade\/10\/20\/","og_site_name":"Algarve 7","article_publisher":"https:\/\/www.facebook.com\/algarve7","article_author":"https:\/\/www.facebook.com\/algarve7","article_published_time":"2025-03-27T10:20:00+00:00","og_image":[{"width":800,"height":500,"url":"https:\/\/algarve7.pt\/wp-content\/uploads\/2025\/03\/Miguel-Salazar_Agricultura_CCDRAlg.jpg","type":"image\/jpeg"}],"author":"Algarve 7","twitter_card":"summary_large_image","twitter_creator":"@Algarvesete","twitter_site":"@Algarvesete","twitter_misc":{"Escrito por":"Algarve 7","Tempo estimado de leitura":"3 minutos"},"schema":{"@context":"https:\/\/schema.org","@graph":[{"@type":"Article","@id":"https:\/\/algarve7.pt\/index.php\/2025\/03\/riafresh-agricultura-um-ativo-estrategico-para-o-algarve\/atualidade\/10\/20\/#article","isPartOf":{"@id":"https:\/\/algarve7.pt\/index.php\/2025\/03\/riafresh-agricultura-um-ativo-estrategico-para-o-algarve\/atualidade\/10\/20\/"},"author":{"name":"Algarve 7","@id":"https:\/\/algarve7.pt\/#\/schema\/person\/23fa70681308e7b319a3204bcea45e0c"},"headline":"RiaFresh\u00ae, Agricultura, um Ativo Estrat\u00e9gico para o Algarve","datePublished":"2025-03-27T10:20:00+00:00","mainEntityOfPage":{"@id":"https:\/\/algarve7.pt\/index.php\/2025\/03\/riafresh-agricultura-um-ativo-estrategico-para-o-algarve\/atualidade\/10\/20\/"},"wordCount":462,"publisher":{"@id":"https:\/\/algarve7.pt\/#organization"},"image":{"@id":"https:\/\/algarve7.pt\/index.php\/2025\/03\/riafresh-agricultura-um-ativo-estrategico-para-o-algarve\/atualidade\/10\/20\/#primaryimage"},"thumbnailUrl":"https:\/\/algarve7.pt\/wp-content\/uploads\/2025\/03\/Miguel-Salazar_Agricultura_CCDRAlg.jpg","keywords":["Algarve","Atualidade","CCDR Algarve"],"articleSection":["Atualidade"],"inLanguage":"pt-PT"},{"@type":"WebPage","@id":"https:\/\/algarve7.pt\/index.php\/2025\/03\/riafresh-agricultura-um-ativo-estrategico-para-o-algarve\/atualidade\/10\/20\/","url":"https:\/\/algarve7.pt\/index.php\/2025\/03\/riafresh-agricultura-um-ativo-estrategico-para-o-algarve\/atualidade\/10\/20\/","name":"RiaFresh\u00ae, Agricultura, um Ativo Estrat\u00e9gico para o Algarve - Algarve 7","isPartOf":{"@id":"https:\/\/algarve7.pt\/#website"},"primaryImageOfPage":{"@id":"https:\/\/algarve7.pt\/index.php\/2025\/03\/riafresh-agricultura-um-ativo-estrategico-para-o-algarve\/atualidade\/10\/20\/#primaryimage"},"image":{"@id":"https:\/\/algarve7.pt\/index.php\/2025\/03\/riafresh-agricultura-um-ativo-estrategico-para-o-algarve\/atualidade\/10\/20\/#primaryimage"},"thumbnailUrl":"https:\/\/algarve7.pt\/wp-content\/uploads\/2025\/03\/Miguel-Salazar_Agricultura_CCDRAlg.jpg","datePublished":"2025-03-27T10:20:00+00:00","description":"RiaFresh\u00ae, Agricultura, um Ativo Estrat\u00e9gico para o Algarve Atualidade","breadcrumb":{"@id":"https:\/\/algarve7.pt\/index.php\/2025\/03\/riafresh-agricultura-um-ativo-estrategico-para-o-algarve\/atualidade\/10\/20\/#breadcrumb"},"inLanguage":"pt-PT","potentialAction":[{"@type":"ReadAction","target":["https:\/\/algarve7.pt\/index.php\/2025\/03\/riafresh-agricultura-um-ativo-estrategico-para-o-algarve\/atualidade\/10\/20\/"]}]},{"@type":"ImageObject","inLanguage":"pt-PT","@id":"https:\/\/algarve7.pt\/index.php\/2025\/03\/riafresh-agricultura-um-ativo-estrategico-para-o-algarve\/atualidade\/10\/20\/#primaryimage","url":"https:\/\/algarve7.pt\/wp-content\/uploads\/2025\/03\/Miguel-Salazar_Agricultura_CCDRAlg.jpg","contentUrl":"https:\/\/algarve7.pt\/wp-content\/uploads\/2025\/03\/Miguel-Salazar_Agricultura_CCDRAlg.jpg","width":800,"height":500},{"@type":"BreadcrumbList","@id":"https:\/\/algarve7.pt\/index.php\/2025\/03\/riafresh-agricultura-um-ativo-estrategico-para-o-algarve\/atualidade\/10\/20\/#breadcrumb","itemListElement":[{"@type":"ListItem","position":1,"name":"In\u00edcio","item":"https:\/\/algarve7.pt\/"},{"@type":"ListItem","position":2,"name":"RiaFresh\u00ae, Agricultura, um Ativo Estrat\u00e9gico para o Algarve"}]},{"@type":"WebSite","@id":"https:\/\/algarve7.pt\/#website","url":"https:\/\/algarve7.pt\/","name":"Algarve 7","description":"Informa\u00e7\u00e3o sobre o Algarve","publisher":{"@id":"https:\/\/algarve7.pt\/#organization"},"potentialAction":[{"@type":"SearchAction","target":{"@type":"EntryPoint","urlTemplate":"https:\/\/algarve7.pt\/?s={search_term_string}"},"query-input":{"@type":"PropertyValueSpecification","valueRequired":true,"valueName":"search_term_string"}}],"inLanguage":"pt-PT"},{"@type":"Organization","@id":"https:\/\/algarve7.pt\/#organization","name":"Algarve 7","url":"https:\/\/algarve7.pt\/","logo":{"@type":"ImageObject","inLanguage":"pt-PT","@id":"https:\/\/algarve7.pt\/#\/schema\/logo\/image\/","url":"https:\/\/algarve7.pt\/wp-content\/uploads\/2020\/10\/Logo-8.jpg","contentUrl":"https:\/\/algarve7.pt\/wp-content\/uploads\/2020\/10\/Logo-8.jpg","width":1680,"height":1186,"caption":"Algarve 7"},"image":{"@id":"https:\/\/algarve7.pt\/#\/schema\/logo\/image\/"},"sameAs":["https:\/\/www.facebook.com\/algarve7","https:\/\/x.com\/Algarvesete","https:\/\/www.instagram.com\/jornalalgarve7\/","https:\/\/www.linkedin.com\/company\/algarve7","https:\/\/www.pinterest.pt\/geral0939\/_created\/"]},{"@type":"Person","@id":"https:\/\/algarve7.pt\/#\/schema\/person\/23fa70681308e7b319a3204bcea45e0c","name":"Algarve 7","sameAs":["https:\/\/algarve7.pt","https:\/\/www.facebook.com\/algarve7"],"url":"https:\/\/algarve7.pt\/index.php\/author\/geralalgarve7-pt\/"}]}},"jetpack_publicize_connections":[],"jetpack_featured_media_url":"https:\/\/algarve7.pt\/wp-content\/uploads\/2025\/03\/Miguel-Salazar_Agricultura_CCDRAlg.jpg","jetpack_shortlink":"https:\/\/wp.me\/pcezmW-cGQ","jetpack_sharing_enabled":true,"_links":{"self":[{"href":"https:\/\/algarve7.pt\/index.php\/wp-json\/wp\/v2\/posts\/48784","targetHints":{"allow":["GET"]}}],"collection":[{"href":"https:\/\/algarve7.pt\/index.php\/wp-json\/wp\/v2\/posts"}],"about":[{"href":"https:\/\/algarve7.pt\/index.php\/wp-json\/wp\/v2\/types\/post"}],"author":[{"embeddable":true,"href":"https:\/\/algarve7.pt\/index.php\/wp-json\/wp\/v2\/users\/1"}],"replies":[{"embeddable":true,"href":"https:\/\/algarve7.pt\/index.php\/wp-json\/wp\/v2\/comments?post=48784"}],"version-history":[{"count":0,"href":"https:\/\/algarve7.pt\/index.php\/wp-json\/wp\/v2\/posts\/48784\/revisions"}],"wp:featuredmedia":[{"embeddable":true,"href":"https:\/\/algarve7.pt\/index.php\/wp-json\/wp\/v2\/media\/48785"}],"wp:attachment":[{"href":"https:\/\/algarve7.pt\/index.php\/wp-json\/wp\/v2\/media?parent=48784"}],"wp:term":[{"taxonomy":"category","embeddable":true,"href":"https:\/\/algarve7.pt\/index.php\/wp-json\/wp\/v2\/categories?post=48784"},{"taxonomy":"post_tag","embeddable":true,"href":"https:\/\/algarve7.pt\/index.php\/wp-json\/wp\/v2\/tags?post=48784"}],"curies":[{"name":"wp","href":"https:\/\/api.w.org\/{rel}","templated":true}]}}