{"id":4872,"date":"2020-12-23T18:30:00","date_gmt":"2020-12-23T18:30:00","guid":{"rendered":"https:\/\/algarve7.pt\/?p=4872"},"modified":"2020-12-23T17:59:58","modified_gmt":"2020-12-23T17:59:58","slug":"primeira-edicao-do-orcamento-participativo-de-faro-tem-seis-projetos-vencedores","status":"publish","type":"post","link":"https:\/\/algarve7.pt\/index.php\/2020\/12\/primeira-edicao-do-orcamento-participativo-de-faro-tem-seis-projetos-vencedores\/economia\/18\/30\/","title":{"rendered":"Primeira edi\u00e7\u00e3o do or\u00e7amento participativo de faro tem seis projetos vencedores"},"content":{"rendered":"\n<p>Mais de 4 mil pessoas votaram nos projetos que ser\u00e3o executados em 2021. Autarquia aloca verba de 177.131,39 euros ao OP, face aos 145 mil euros previstos\u00a0<\/p>\n\n\n\n<p>O Munic\u00edpio de Faro anunciou esta ter\u00e7a feira, numa cerim\u00f3nia simb\u00f3lica que decorreu no Museu Municipal, os seis projetos vencedores da primeira edi\u00e7\u00e3o do seu Or\u00e7amento Participativo (OP). Um total de 4089 pessoas votaram nos seis projetos que ser\u00e3o executados em 2021, num investimento de 177.131,39 euros.<\/p>\n\n\n\n<p>A requalifica\u00e7\u00e3o da sede do grupo 166 da Associa\u00e7\u00e3o de Escoteiros de Portugal (Montenegro), o Futebol Lab (Montenegro), o Parque de Lazer Mato Cadete \u2013 Bordeira (Santa B\u00e1rbara de Nexe), a Escola do Ser (Santa B\u00e1rbara de Nexe), a requalifica\u00e7\u00e3o do polidesportivo do S\u00e3o Pedro Futsal no jardim da Alameda Jo\u00e3o de Deus (Uni\u00e3o de Freguesias de Faro) e o Centro Interpretativo do Poeta Emiliano da Costa (Estoi) foram os projetos vencedores, que ser\u00e3o executados em 2021.<\/p>\n\n\n\n<p>A requalifica\u00e7\u00e3o da sede do Grupo 166 \u2013 Montenegro da Associa\u00e7\u00e3o de Escoteiros de Portugal, apresentada por Anabela Argel, foi o projeto mais votado, com 793 votos, e vai receber um valor de 30 mil euros.<\/p>\n\n\n\n<p>O projeto do Futebol Lab, equipamento desportivo dirigido a jovens futebolistas situado na freguesia do Montenegro, proposto por Rui Guerreiro, teve a segunda candidatura mais votada, com 532 votos. Vai receber do Munic\u00edpio um apoio de 29.744,97 euros.&nbsp;<\/p>\n\n\n\n<p>Com 526 votos, o terceiro projeto mais votado foi o Parque de Lazer Mato Cadete, na Bordeira, uma ideia de Eva Mendon\u00e7a que consiste num parque infantil e num gin\u00e1sio ao ar livre e contar\u00e1 com uma verba de 29.986,42 euros.<\/p>\n\n\n\n<p>A Escola do Ser, projeto de Sandra Matinhos que prev\u00ea a reabilita\u00e7\u00e3o de uma escola abandonada na Goldra de Cima para criar um centro de apoio ao doente oncol\u00f3gico, foi a quarta candidatura mais votada, com 391 votos, e receber\u00e1 um apoio de 30 mil euros.&nbsp;<\/p>\n\n\n\n<p>A candidatura submetida por Cl\u00e1udia Castanheiro com o projeto de reabilita\u00e7\u00e3o dos polidesportivos do S\u00e3o Pedro Futsal, situados no Jardim da Alameda, recebeu 360 votos, e ter\u00e1 direito a uma verba de 27.400 euros.&nbsp;<\/p>\n\n\n\n<p>Tamb\u00e9m o projeto de cria\u00e7\u00e3o do Museu\/ Centro Interpretativo Poeta Emiliano da Costa, em Estoi, apresentado por Jos\u00e9 de Paula Brito, foi designado vencedor para cumprir o regulamento do OP, que previa pelo menos um projeto vencedor por cada freguesia do concelho. Receber\u00e1 um apoio de 30 mil euros.<\/p>\n\n\n\n<p>Ao todo, foram registados mais de 4.640 votos pelos 4.089 votantes (que podiam votar num m\u00e1ximo de dois projetos) e o Munic\u00edpio alocou ao OP um valor de 177.131,39 euros, face aos 145 mil previstos inicialmente.<\/p>\n\n\n\n<p>Segundo o presidente da C\u00e2mara Municipal de Faro, Rog\u00e9rio Bacalhau, \u201ca participa\u00e7\u00e3o nesta primeira edi\u00e7\u00e3o do OP foi muito positiva, quer pelo n\u00famero de candidaturas, quer pelo n\u00famero de votantes e de votos, o que significa que as pessoas se envolveram e os projetos que ganharam tiveram muita vota\u00e7\u00e3o\u201d.<\/p>\n\n\n\n<p>\u201cEstes projetos permitem que as pessoas pensem naquilo que deve ser o territ\u00f3rio e as suas institui\u00e7\u00f5es e a apropria\u00e7\u00e3o dos projetos pelas pessoas \u00e9 muito importante, at\u00e9 para a continuidade da sua utiliza\u00e7\u00e3o\u201d, acrescentou Rog\u00e9rio Bacalhau.<\/p>\n\n\n\n<p>O autarca garantiu que o objetivo do OP foi inteiramente conseguido, at\u00e9 por se realizar num ano at\u00edpico, que n\u00e3o permitiu as reuni\u00f5es presenciais que estavam inicialmente calendarizadas para as v\u00e1rias freguesias.&nbsp;<\/p>\n\n\n\n<p>Nesta cerim\u00f3nia, em que foram entregues cheques simb\u00f3licos aos vencedores dos projetos, Rog\u00e9rio Bacalhau deixou o desejo de que a segunda edi\u00e7\u00e3o do OP, em 2021, venha a ser realizada sem este tipo de constrangimentos e com ainda mais participantes, mais projetos e mais votantes, e revelou ainda que alguns projetos n\u00e3o eleitos ser\u00e3o alvo de an\u00e1lise e at\u00e9 poder\u00e3o vir a ser concretizados diretamente pela autarquia.<\/p>\n","protected":false},"excerpt":{"rendered":"<p>Mais de 4 mil pessoas votaram nos projetos que ser\u00e3o executados em 2021. Autarquia aloca verba de 177.131,39 euros ao<\/p>\n","protected":false},"author":1,"featured_media":4873,"comment_status":"closed","ping_status":"open","sticky":false,"template":"","format":"standard","meta":{"colormag_page_container_layout":"default_layout","colormag_page_sidebar_layout":"default_layout","_monsterinsights_skip_tracking":false,"_monsterinsights_sitenote_active":false,"_monsterinsights_sitenote_note":"","_monsterinsights_sitenote_category":0,"jetpack_post_was_ever_published":false,"_jetpack_newsletter_access":"","_jetpack_dont_email_post_to_subs":false,"_jetpack_newsletter_tier_id":0,"_jetpack_memberships_contains_paywalled_content":false,"_jetpack_memberships_contains_paid_content":false,"footnotes":"","jetpack_publicize_message":"","jetpack_publicize_feature_enabled":true,"jetpack_social_post_already_shared":true,"jetpack_social_options":{"image_generator_settings":{"template":"highway","default_image_id":0,"font":"","enabled":false},"version":2}},"categories":[151],"tags":[36,153,57],"class_list":["post-4872","post","type-post","status-publish","format-standard","has-post-thumbnail","hentry","category-economia","tag-algarve","tag-economia","tag-faro"],"yoast_head":"<!-- This site is optimized with the Yoast SEO plugin v27.5 - https:\/\/yoast.com\/product\/yoast-seo-wordpress\/ -->\n<title>Primeira edi\u00e7\u00e3o do or\u00e7amento participativo de faro tem seis projetos vencedores - Algarve 7<\/title>\n<meta name=\"description\" content=\"Primeira edi\u00e7\u00e3o do or\u00e7amento participativo de faro tem seis projetos vencedores Economia\" \/>\n<meta name=\"robots\" content=\"index, follow, max-snippet:-1, max-image-preview:large, max-video-preview:-1\" \/>\n<link rel=\"canonical\" href=\"https:\/\/algarve7.pt\/index.php\/2020\/12\/primeira-edicao-do-orcamento-participativo-de-faro-tem-seis-projetos-vencedores\/economia\/18\/30\/\" \/>\n<meta property=\"og:locale\" content=\"pt_PT\" \/>\n<meta property=\"og:type\" content=\"article\" \/>\n<meta property=\"og:title\" content=\"Primeira edi\u00e7\u00e3o do or\u00e7amento participativo de faro tem seis projetos vencedores - Algarve 7\" \/>\n<meta property=\"og:description\" content=\"Primeira edi\u00e7\u00e3o do or\u00e7amento participativo de faro tem seis projetos vencedores Economia\" \/>\n<meta property=\"og:url\" content=\"https:\/\/algarve7.pt\/index.php\/2020\/12\/primeira-edicao-do-orcamento-participativo-de-faro-tem-seis-projetos-vencedores\/economia\/18\/30\/\" \/>\n<meta property=\"og:site_name\" content=\"Algarve 7\" \/>\n<meta property=\"article:publisher\" content=\"https:\/\/www.facebook.com\/algarve7\" \/>\n<meta property=\"article:author\" content=\"https:\/\/www.facebook.com\/algarve7\" \/>\n<meta property=\"article:published_time\" content=\"2020-12-23T18:30:00+00:00\" \/>\n<meta property=\"og:image\" content=\"https:\/\/algarve7.pt\/wp-content\/uploads\/2020\/12\/20201223-OP-2020-4.jpeg\" \/>\n\t<meta property=\"og:image:width\" content=\"1919\" \/>\n\t<meta property=\"og:image:height\" content=\"1440\" \/>\n\t<meta property=\"og:image:type\" content=\"image\/jpeg\" \/>\n<meta name=\"author\" content=\"Algarve 7\" \/>\n<meta name=\"twitter:card\" content=\"summary_large_image\" \/>\n<meta name=\"twitter:creator\" content=\"@Algarvesete\" \/>\n<meta name=\"twitter:site\" content=\"@Algarvesete\" \/>\n<meta name=\"twitter:label1\" content=\"Escrito por\" \/>\n\t<meta name=\"twitter:data1\" content=\"Algarve 7\" \/>\n\t<meta name=\"twitter:label2\" content=\"Tempo estimado de leitura\" \/>\n\t<meta name=\"twitter:data2\" content=\"3 minutos\" \/>\n<script type=\"application\/ld+json\" class=\"yoast-schema-graph\">{\"@context\":\"https:\\\/\\\/schema.org\",\"@graph\":[{\"@type\":\"Article\",\"@id\":\"https:\\\/\\\/algarve7.pt\\\/index.php\\\/2020\\\/12\\\/primeira-edicao-do-orcamento-participativo-de-faro-tem-seis-projetos-vencedores\\\/economia\\\/18\\\/30\\\/#article\",\"isPartOf\":{\"@id\":\"https:\\\/\\\/algarve7.pt\\\/index.php\\\/2020\\\/12\\\/primeira-edicao-do-orcamento-participativo-de-faro-tem-seis-projetos-vencedores\\\/economia\\\/18\\\/30\\\/\"},\"author\":{\"name\":\"Algarve 7\",\"@id\":\"https:\\\/\\\/algarve7.pt\\\/#\\\/schema\\\/person\\\/23fa70681308e7b319a3204bcea45e0c\"},\"headline\":\"Primeira edi\u00e7\u00e3o do or\u00e7amento participativo de faro tem seis projetos vencedores\",\"datePublished\":\"2020-12-23T18:30:00+00:00\",\"mainEntityOfPage\":{\"@id\":\"https:\\\/\\\/algarve7.pt\\\/index.php\\\/2020\\\/12\\\/primeira-edicao-do-orcamento-participativo-de-faro-tem-seis-projetos-vencedores\\\/economia\\\/18\\\/30\\\/\"},\"wordCount\":659,\"publisher\":{\"@id\":\"https:\\\/\\\/algarve7.pt\\\/#organization\"},\"image\":{\"@id\":\"https:\\\/\\\/algarve7.pt\\\/index.php\\\/2020\\\/12\\\/primeira-edicao-do-orcamento-participativo-de-faro-tem-seis-projetos-vencedores\\\/economia\\\/18\\\/30\\\/#primaryimage\"},\"thumbnailUrl\":\"https:\\\/\\\/algarve7.pt\\\/wp-content\\\/uploads\\\/2020\\\/12\\\/20201223-OP-2020-4.jpeg\",\"keywords\":[\"Algarve\",\"Economia\",\"Faro\"],\"articleSection\":[\"Economia\"],\"inLanguage\":\"pt-PT\"},{\"@type\":\"WebPage\",\"@id\":\"https:\\\/\\\/algarve7.pt\\\/index.php\\\/2020\\\/12\\\/primeira-edicao-do-orcamento-participativo-de-faro-tem-seis-projetos-vencedores\\\/economia\\\/18\\\/30\\\/\",\"url\":\"https:\\\/\\\/algarve7.pt\\\/index.php\\\/2020\\\/12\\\/primeira-edicao-do-orcamento-participativo-de-faro-tem-seis-projetos-vencedores\\\/economia\\\/18\\\/30\\\/\",\"name\":\"Primeira edi\u00e7\u00e3o do or\u00e7amento participativo de faro tem seis projetos vencedores - Algarve 7\",\"isPartOf\":{\"@id\":\"https:\\\/\\\/algarve7.pt\\\/#website\"},\"primaryImageOfPage\":{\"@id\":\"https:\\\/\\\/algarve7.pt\\\/index.php\\\/2020\\\/12\\\/primeira-edicao-do-orcamento-participativo-de-faro-tem-seis-projetos-vencedores\\\/economia\\\/18\\\/30\\\/#primaryimage\"},\"image\":{\"@id\":\"https:\\\/\\\/algarve7.pt\\\/index.php\\\/2020\\\/12\\\/primeira-edicao-do-orcamento-participativo-de-faro-tem-seis-projetos-vencedores\\\/economia\\\/18\\\/30\\\/#primaryimage\"},\"thumbnailUrl\":\"https:\\\/\\\/algarve7.pt\\\/wp-content\\\/uploads\\\/2020\\\/12\\\/20201223-OP-2020-4.jpeg\",\"datePublished\":\"2020-12-23T18:30:00+00:00\",\"description\":\"Primeira edi\u00e7\u00e3o do or\u00e7amento participativo de faro tem seis projetos vencedores Economia\",\"breadcrumb\":{\"@id\":\"https:\\\/\\\/algarve7.pt\\\/index.php\\\/2020\\\/12\\\/primeira-edicao-do-orcamento-participativo-de-faro-tem-seis-projetos-vencedores\\\/economia\\\/18\\\/30\\\/#breadcrumb\"},\"inLanguage\":\"pt-PT\",\"potentialAction\":[{\"@type\":\"ReadAction\",\"target\":[\"https:\\\/\\\/algarve7.pt\\\/index.php\\\/2020\\\/12\\\/primeira-edicao-do-orcamento-participativo-de-faro-tem-seis-projetos-vencedores\\\/economia\\\/18\\\/30\\\/\"]}]},{\"@type\":\"ImageObject\",\"inLanguage\":\"pt-PT\",\"@id\":\"https:\\\/\\\/algarve7.pt\\\/index.php\\\/2020\\\/12\\\/primeira-edicao-do-orcamento-participativo-de-faro-tem-seis-projetos-vencedores\\\/economia\\\/18\\\/30\\\/#primaryimage\",\"url\":\"https:\\\/\\\/algarve7.pt\\\/wp-content\\\/uploads\\\/2020\\\/12\\\/20201223-OP-2020-4.jpeg\",\"contentUrl\":\"https:\\\/\\\/algarve7.pt\\\/wp-content\\\/uploads\\\/2020\\\/12\\\/20201223-OP-2020-4.jpeg\",\"width\":1919,\"height\":1440},{\"@type\":\"BreadcrumbList\",\"@id\":\"https:\\\/\\\/algarve7.pt\\\/index.php\\\/2020\\\/12\\\/primeira-edicao-do-orcamento-participativo-de-faro-tem-seis-projetos-vencedores\\\/economia\\\/18\\\/30\\\/#breadcrumb\",\"itemListElement\":[{\"@type\":\"ListItem\",\"position\":1,\"name\":\"In\u00edcio\",\"item\":\"https:\\\/\\\/algarve7.pt\\\/\"},{\"@type\":\"ListItem\",\"position\":2,\"name\":\"Primeira edi\u00e7\u00e3o do or\u00e7amento participativo de faro tem seis projetos vencedores\"}]},{\"@type\":\"WebSite\",\"@id\":\"https:\\\/\\\/algarve7.pt\\\/#website\",\"url\":\"https:\\\/\\\/algarve7.pt\\\/\",\"name\":\"Algarve 7\",\"description\":\"Informa\u00e7\u00e3o sobre o Algarve\",\"publisher\":{\"@id\":\"https:\\\/\\\/algarve7.pt\\\/#organization\"},\"potentialAction\":[{\"@type\":\"SearchAction\",\"target\":{\"@type\":\"EntryPoint\",\"urlTemplate\":\"https:\\\/\\\/algarve7.pt\\\/?s={search_term_string}\"},\"query-input\":{\"@type\":\"PropertyValueSpecification\",\"valueRequired\":true,\"valueName\":\"search_term_string\"}}],\"inLanguage\":\"pt-PT\"},{\"@type\":\"Organization\",\"@id\":\"https:\\\/\\\/algarve7.pt\\\/#organization\",\"name\":\"Algarve 7\",\"url\":\"https:\\\/\\\/algarve7.pt\\\/\",\"logo\":{\"@type\":\"ImageObject\",\"inLanguage\":\"pt-PT\",\"@id\":\"https:\\\/\\\/algarve7.pt\\\/#\\\/schema\\\/logo\\\/image\\\/\",\"url\":\"https:\\\/\\\/algarve7.pt\\\/wp-content\\\/uploads\\\/2020\\\/10\\\/Logo-8.jpg\",\"contentUrl\":\"https:\\\/\\\/algarve7.pt\\\/wp-content\\\/uploads\\\/2020\\\/10\\\/Logo-8.jpg\",\"width\":1680,\"height\":1186,\"caption\":\"Algarve 7\"},\"image\":{\"@id\":\"https:\\\/\\\/algarve7.pt\\\/#\\\/schema\\\/logo\\\/image\\\/\"},\"sameAs\":[\"https:\\\/\\\/www.facebook.com\\\/algarve7\",\"https:\\\/\\\/x.com\\\/Algarvesete\",\"https:\\\/\\\/www.instagram.com\\\/jornalalgarve7\\\/\",\"https:\\\/\\\/www.linkedin.com\\\/company\\\/algarve7\",\"https:\\\/\\\/www.pinterest.pt\\\/geral0939\\\/_created\\\/\"]},{\"@type\":\"Person\",\"@id\":\"https:\\\/\\\/algarve7.pt\\\/#\\\/schema\\\/person\\\/23fa70681308e7b319a3204bcea45e0c\",\"name\":\"Algarve 7\",\"sameAs\":[\"https:\\\/\\\/algarve7.pt\",\"https:\\\/\\\/www.facebook.com\\\/algarve7\"],\"url\":\"https:\\\/\\\/algarve7.pt\\\/index.php\\\/author\\\/geralalgarve7-pt\\\/\"}]}<\/script>\n<!-- \/ Yoast SEO plugin. -->","yoast_head_json":{"title":"Primeira edi\u00e7\u00e3o do or\u00e7amento participativo de faro tem seis projetos vencedores - Algarve 7","description":"Primeira edi\u00e7\u00e3o do or\u00e7amento participativo de faro tem seis projetos vencedores Economia","robots":{"index":"index","follow":"follow","max-snippet":"max-snippet:-1","max-image-preview":"max-image-preview:large","max-video-preview":"max-video-preview:-1"},"canonical":"https:\/\/algarve7.pt\/index.php\/2020\/12\/primeira-edicao-do-orcamento-participativo-de-faro-tem-seis-projetos-vencedores\/economia\/18\/30\/","og_locale":"pt_PT","og_type":"article","og_title":"Primeira edi\u00e7\u00e3o do or\u00e7amento participativo de faro tem seis projetos vencedores - Algarve 7","og_description":"Primeira edi\u00e7\u00e3o do or\u00e7amento participativo de faro tem seis projetos vencedores Economia","og_url":"https:\/\/algarve7.pt\/index.php\/2020\/12\/primeira-edicao-do-orcamento-participativo-de-faro-tem-seis-projetos-vencedores\/economia\/18\/30\/","og_site_name":"Algarve 7","article_publisher":"https:\/\/www.facebook.com\/algarve7","article_author":"https:\/\/www.facebook.com\/algarve7","article_published_time":"2020-12-23T18:30:00+00:00","og_image":[{"width":1919,"height":1440,"url":"https:\/\/algarve7.pt\/wp-content\/uploads\/2020\/12\/20201223-OP-2020-4.jpeg","type":"image\/jpeg"}],"author":"Algarve 7","twitter_card":"summary_large_image","twitter_creator":"@Algarvesete","twitter_site":"@Algarvesete","twitter_misc":{"Escrito por":"Algarve 7","Tempo estimado de leitura":"3 minutos"},"schema":{"@context":"https:\/\/schema.org","@graph":[{"@type":"Article","@id":"https:\/\/algarve7.pt\/index.php\/2020\/12\/primeira-edicao-do-orcamento-participativo-de-faro-tem-seis-projetos-vencedores\/economia\/18\/30\/#article","isPartOf":{"@id":"https:\/\/algarve7.pt\/index.php\/2020\/12\/primeira-edicao-do-orcamento-participativo-de-faro-tem-seis-projetos-vencedores\/economia\/18\/30\/"},"author":{"name":"Algarve 7","@id":"https:\/\/algarve7.pt\/#\/schema\/person\/23fa70681308e7b319a3204bcea45e0c"},"headline":"Primeira edi\u00e7\u00e3o do or\u00e7amento participativo de faro tem seis projetos vencedores","datePublished":"2020-12-23T18:30:00+00:00","mainEntityOfPage":{"@id":"https:\/\/algarve7.pt\/index.php\/2020\/12\/primeira-edicao-do-orcamento-participativo-de-faro-tem-seis-projetos-vencedores\/economia\/18\/30\/"},"wordCount":659,"publisher":{"@id":"https:\/\/algarve7.pt\/#organization"},"image":{"@id":"https:\/\/algarve7.pt\/index.php\/2020\/12\/primeira-edicao-do-orcamento-participativo-de-faro-tem-seis-projetos-vencedores\/economia\/18\/30\/#primaryimage"},"thumbnailUrl":"https:\/\/algarve7.pt\/wp-content\/uploads\/2020\/12\/20201223-OP-2020-4.jpeg","keywords":["Algarve","Economia","Faro"],"articleSection":["Economia"],"inLanguage":"pt-PT"},{"@type":"WebPage","@id":"https:\/\/algarve7.pt\/index.php\/2020\/12\/primeira-edicao-do-orcamento-participativo-de-faro-tem-seis-projetos-vencedores\/economia\/18\/30\/","url":"https:\/\/algarve7.pt\/index.php\/2020\/12\/primeira-edicao-do-orcamento-participativo-de-faro-tem-seis-projetos-vencedores\/economia\/18\/30\/","name":"Primeira edi\u00e7\u00e3o do or\u00e7amento participativo de faro tem seis projetos vencedores - Algarve 7","isPartOf":{"@id":"https:\/\/algarve7.pt\/#website"},"primaryImageOfPage":{"@id":"https:\/\/algarve7.pt\/index.php\/2020\/12\/primeira-edicao-do-orcamento-participativo-de-faro-tem-seis-projetos-vencedores\/economia\/18\/30\/#primaryimage"},"image":{"@id":"https:\/\/algarve7.pt\/index.php\/2020\/12\/primeira-edicao-do-orcamento-participativo-de-faro-tem-seis-projetos-vencedores\/economia\/18\/30\/#primaryimage"},"thumbnailUrl":"https:\/\/algarve7.pt\/wp-content\/uploads\/2020\/12\/20201223-OP-2020-4.jpeg","datePublished":"2020-12-23T18:30:00+00:00","description":"Primeira edi\u00e7\u00e3o do or\u00e7amento participativo de faro tem seis projetos vencedores Economia","breadcrumb":{"@id":"https:\/\/algarve7.pt\/index.php\/2020\/12\/primeira-edicao-do-orcamento-participativo-de-faro-tem-seis-projetos-vencedores\/economia\/18\/30\/#breadcrumb"},"inLanguage":"pt-PT","potentialAction":[{"@type":"ReadAction","target":["https:\/\/algarve7.pt\/index.php\/2020\/12\/primeira-edicao-do-orcamento-participativo-de-faro-tem-seis-projetos-vencedores\/economia\/18\/30\/"]}]},{"@type":"ImageObject","inLanguage":"pt-PT","@id":"https:\/\/algarve7.pt\/index.php\/2020\/12\/primeira-edicao-do-orcamento-participativo-de-faro-tem-seis-projetos-vencedores\/economia\/18\/30\/#primaryimage","url":"https:\/\/algarve7.pt\/wp-content\/uploads\/2020\/12\/20201223-OP-2020-4.jpeg","contentUrl":"https:\/\/algarve7.pt\/wp-content\/uploads\/2020\/12\/20201223-OP-2020-4.jpeg","width":1919,"height":1440},{"@type":"BreadcrumbList","@id":"https:\/\/algarve7.pt\/index.php\/2020\/12\/primeira-edicao-do-orcamento-participativo-de-faro-tem-seis-projetos-vencedores\/economia\/18\/30\/#breadcrumb","itemListElement":[{"@type":"ListItem","position":1,"name":"In\u00edcio","item":"https:\/\/algarve7.pt\/"},{"@type":"ListItem","position":2,"name":"Primeira edi\u00e7\u00e3o do or\u00e7amento participativo de faro tem seis projetos vencedores"}]},{"@type":"WebSite","@id":"https:\/\/algarve7.pt\/#website","url":"https:\/\/algarve7.pt\/","name":"Algarve 7","description":"Informa\u00e7\u00e3o sobre o Algarve","publisher":{"@id":"https:\/\/algarve7.pt\/#organization"},"potentialAction":[{"@type":"SearchAction","target":{"@type":"EntryPoint","urlTemplate":"https:\/\/algarve7.pt\/?s={search_term_string}"},"query-input":{"@type":"PropertyValueSpecification","valueRequired":true,"valueName":"search_term_string"}}],"inLanguage":"pt-PT"},{"@type":"Organization","@id":"https:\/\/algarve7.pt\/#organization","name":"Algarve 7","url":"https:\/\/algarve7.pt\/","logo":{"@type":"ImageObject","inLanguage":"pt-PT","@id":"https:\/\/algarve7.pt\/#\/schema\/logo\/image\/","url":"https:\/\/algarve7.pt\/wp-content\/uploads\/2020\/10\/Logo-8.jpg","contentUrl":"https:\/\/algarve7.pt\/wp-content\/uploads\/2020\/10\/Logo-8.jpg","width":1680,"height":1186,"caption":"Algarve 7"},"image":{"@id":"https:\/\/algarve7.pt\/#\/schema\/logo\/image\/"},"sameAs":["https:\/\/www.facebook.com\/algarve7","https:\/\/x.com\/Algarvesete","https:\/\/www.instagram.com\/jornalalgarve7\/","https:\/\/www.linkedin.com\/company\/algarve7","https:\/\/www.pinterest.pt\/geral0939\/_created\/"]},{"@type":"Person","@id":"https:\/\/algarve7.pt\/#\/schema\/person\/23fa70681308e7b319a3204bcea45e0c","name":"Algarve 7","sameAs":["https:\/\/algarve7.pt","https:\/\/www.facebook.com\/algarve7"],"url":"https:\/\/algarve7.pt\/index.php\/author\/geralalgarve7-pt\/"}]}},"jetpack_publicize_connections":[],"jetpack_featured_media_url":"https:\/\/algarve7.pt\/wp-content\/uploads\/2020\/12\/20201223-OP-2020-4.jpeg","jetpack_shortlink":"https:\/\/wp.me\/pcezmW-1gA","jetpack_sharing_enabled":true,"_links":{"self":[{"href":"https:\/\/algarve7.pt\/index.php\/wp-json\/wp\/v2\/posts\/4872","targetHints":{"allow":["GET"]}}],"collection":[{"href":"https:\/\/algarve7.pt\/index.php\/wp-json\/wp\/v2\/posts"}],"about":[{"href":"https:\/\/algarve7.pt\/index.php\/wp-json\/wp\/v2\/types\/post"}],"author":[{"embeddable":true,"href":"https:\/\/algarve7.pt\/index.php\/wp-json\/wp\/v2\/users\/1"}],"replies":[{"embeddable":true,"href":"https:\/\/algarve7.pt\/index.php\/wp-json\/wp\/v2\/comments?post=4872"}],"version-history":[{"count":0,"href":"https:\/\/algarve7.pt\/index.php\/wp-json\/wp\/v2\/posts\/4872\/revisions"}],"wp:featuredmedia":[{"embeddable":true,"href":"https:\/\/algarve7.pt\/index.php\/wp-json\/wp\/v2\/media\/4873"}],"wp:attachment":[{"href":"https:\/\/algarve7.pt\/index.php\/wp-json\/wp\/v2\/media?parent=4872"}],"wp:term":[{"taxonomy":"category","embeddable":true,"href":"https:\/\/algarve7.pt\/index.php\/wp-json\/wp\/v2\/categories?post=4872"},{"taxonomy":"post_tag","embeddable":true,"href":"https:\/\/algarve7.pt\/index.php\/wp-json\/wp\/v2\/tags?post=4872"}],"curies":[{"name":"wp","href":"https:\/\/api.w.org\/{rel}","templated":true}]}}