{"id":4869,"date":"2020-12-23T17:56:23","date_gmt":"2020-12-23T17:56:23","guid":{"rendered":"https:\/\/algarve7.pt\/?p=4869"},"modified":"2020-12-23T17:56:24","modified_gmt":"2020-12-23T17:56:24","slug":"sem-abrigo-de-portimao-tem-a-sua-disposicao-este-inverno-um-abrigo-temporario-com-condicoes-melhoradas","status":"publish","type":"post","link":"https:\/\/algarve7.pt\/index.php\/2020\/12\/sem-abrigo-de-portimao-tem-a-sua-disposicao-este-inverno-um-abrigo-temporario-com-condicoes-melhoradas\/atualidade\/17\/56\/","title":{"rendered":"Sem-abrigo de Portim\u00e3o t\u00eam \u00e0 sua disposi\u00e7\u00e3o este inverno um abrigo tempor\u00e1rio com condi\u00e7\u00f5es melhoradas"},"content":{"rendered":"\n<p>Acordo de coopera\u00e7\u00e3o permite a utiliza\u00e7\u00e3o de instala\u00e7\u00f5es com refeit\u00f3rio e balne\u00e1rios at\u00e9 mar\u00e7o do pr\u00f3ximo ano.<\/p>\n\n\n\n<p>Vai ser ativado em Portim\u00e3o a partir desta quarta-feira, 23 de dezembro, um abrigo tempor\u00e1rio para pessoas em situa\u00e7\u00e3o de sem-abrigo, que funcionar\u00e1 at\u00e9 ao final de mar\u00e7o de 2021, no \u00e2mbito do trabalho desenvolvido pelo NPISA &#8211; N\u00facleo de Planeamento e Interven\u00e7\u00e3o Sem Abrigo de Portim\u00e3o.<\/p>\n\n\n\n<p>Depois da experi\u00eancia positiva ocorrida em janeiro e fevereiro passado nas instala\u00e7\u00f5es da St\u00aa Casa da Miseric\u00f3rdia de Portim\u00e3o, este novo abrigo ocupar\u00e1 um espa\u00e7o atualmente gerido pelo MAPS &#8211; Movimento de Apoio \u00e0 Problem\u00e1tica da SIDA e adjacente \u00e0s suas instala\u00e7\u00f5es, situadas na Avenida Guanar\u00e9, junto \u00e0 zona ribeirinha de Portim\u00e3o.&nbsp;<\/p>\n\n\n\n<p>Como novidade relativamente \u00e0s condi\u00e7\u00f5es proporcionadas no in\u00edcio de 2020, e para al\u00e9m de permitir acolher durante todo o inverno pessoas em situa\u00e7\u00e3o de sem-abrigo, que a\u00ed poder\u00e3o pernoitar entre as 20h00 e as 8h00, este novo espa\u00e7o tamb\u00e9m est\u00e1 apetrechado com refeit\u00f3rio, o que possibilitar\u00e1 aos utilizadores beneficiarem de servi\u00e7o de refei\u00e7\u00f5es, possuindo igualmente balne\u00e1rios separados, masculino e feminino.<\/p>\n\n\n\n<p>Para a concretiza\u00e7\u00e3o deste objetivo, foi celebrado no passado dia 16 de dezembro&nbsp;&nbsp;um acordo de coopera\u00e7\u00e3o entre o Munic\u00edpio de Portim\u00e3o e o MAPS, bem como as Junta de Freguesia de Alvor, Mexilhoeira Grande e Portim\u00e3o, o Centro Hospitalar Universit\u00e1rio do Algarve, as Santas Casas da Miseric\u00f3rdia de Portim\u00e3o, Alvor e Mexilhoeira Grande, a APF &#8211; Associa\u00e7\u00e3o para o Planeamento da Fam\u00edlia, o GRATO \u2013 Grupo de Apoio aos Toxicodependentes e a Cruz Vermelha Portuguesa &#8211; N\u00facleo de Portim\u00e3o, para a concretiza\u00e7\u00e3o, implementa\u00e7\u00e3o e cria\u00e7\u00e3o do abrigo tempor\u00e1rio, estando contemplada uma comparticipa\u00e7\u00e3o financeira por parte da autarquia no valor de 11.730 euros, destinada a despesas com recursos humanos e funcionamento do local.<\/p>\n\n\n\n<p>Ainda na estrat\u00e9gia de apoio \u00e0s pessoas em situa\u00e7\u00e3o de sem-abrigo<strong>,&nbsp;<\/strong>o MAPS assinou este m\u00eas um acordo com a Seguran\u00e7a Social, no qual se prev\u00ea o ingresso de Portim\u00e3o na lista dos concelhos que v\u00e3o adotar a solu\u00e7\u00e3o dos apartamentos partilhados para sem-abrigo, o que ir\u00e1 permitir acolher mais dez pessoas no pr\u00f3ximo ano.<\/p>\n\n\n\n<p><strong>Natal especial para quem mais precisa<\/strong><\/p>\n\n\n\n<p>No \u00e2mbito da quadra festiva, e para al\u00e9m destas medidas de alcance social, a popula\u00e7\u00e3o em situa\u00e7\u00e3o de sem-abrigo recebe por estes dias roupas e agasalhos, bem como refei\u00e7\u00f5es e prendas de Natal, com a participa\u00e7\u00e3o do n\u00facleo local da Cruz Vermelha Portuguesa, do GRATO, da APF &#8211; Projeto Rio e do MAPS.&nbsp;<\/p>\n","protected":false},"excerpt":{"rendered":"<p>Acordo de coopera\u00e7\u00e3o permite a utiliza\u00e7\u00e3o de instala\u00e7\u00f5es com refeit\u00f3rio e balne\u00e1rios at\u00e9 mar\u00e7o do pr\u00f3ximo ano. Vai ser ativado<\/p>\n","protected":false},"author":1,"featured_media":4870,"comment_status":"closed","ping_status":"open","sticky":false,"template":"","format":"standard","meta":{"colormag_page_container_layout":"default_layout","colormag_page_sidebar_layout":"default_layout","_monsterinsights_skip_tracking":false,"_monsterinsights_sitenote_active":false,"_monsterinsights_sitenote_note":"","_monsterinsights_sitenote_category":0,"jetpack_post_was_ever_published":false,"_jetpack_newsletter_access":"","_jetpack_dont_email_post_to_subs":false,"_jetpack_newsletter_tier_id":0,"_jetpack_memberships_contains_paywalled_content":false,"_jetpack_memberships_contains_paid_content":false,"footnotes":"","jetpack_publicize_message":"","jetpack_publicize_feature_enabled":true,"jetpack_social_post_already_shared":true,"jetpack_social_options":{"image_generator_settings":{"template":"highway","default_image_id":0,"font":"","enabled":false},"version":2}},"categories":[11],"tags":[36,62,72],"class_list":["post-4869","post","type-post","status-publish","format-standard","has-post-thumbnail","hentry","category-atualidade","tag-algarve","tag-atualidade","tag-portimao"],"yoast_head":"<!-- This site is optimized with the Yoast SEO plugin v27.5 - https:\/\/yoast.com\/product\/yoast-seo-wordpress\/ -->\n<title>Sem-abrigo de Portim\u00e3o t\u00eam \u00e0 sua disposi\u00e7\u00e3o este inverno um abrigo tempor\u00e1rio com condi\u00e7\u00f5es melhoradas - Algarve 7<\/title>\n<meta name=\"description\" content=\"Sem-abrigo de Portim\u00e3o t\u00eam \u00e0 sua disposi\u00e7\u00e3o este inverno um abrigo tempor\u00e1rio com condi\u00e7\u00f5es melhoradas Atualidade\" \/>\n<meta name=\"robots\" content=\"index, follow, max-snippet:-1, max-image-preview:large, max-video-preview:-1\" \/>\n<link rel=\"canonical\" href=\"https:\/\/algarve7.pt\/index.php\/2020\/12\/sem-abrigo-de-portimao-tem-a-sua-disposicao-este-inverno-um-abrigo-temporario-com-condicoes-melhoradas\/atualidade\/17\/56\/\" \/>\n<meta property=\"og:locale\" content=\"pt_PT\" \/>\n<meta property=\"og:type\" content=\"article\" \/>\n<meta property=\"og:title\" content=\"Sem-abrigo de Portim\u00e3o t\u00eam \u00e0 sua disposi\u00e7\u00e3o este inverno um abrigo tempor\u00e1rio com condi\u00e7\u00f5es melhoradas - Algarve 7\" \/>\n<meta property=\"og:description\" content=\"Sem-abrigo de Portim\u00e3o t\u00eam \u00e0 sua disposi\u00e7\u00e3o este inverno um abrigo tempor\u00e1rio com condi\u00e7\u00f5es melhoradas Atualidade\" \/>\n<meta property=\"og:url\" content=\"https:\/\/algarve7.pt\/index.php\/2020\/12\/sem-abrigo-de-portimao-tem-a-sua-disposicao-este-inverno-um-abrigo-temporario-com-condicoes-melhoradas\/atualidade\/17\/56\/\" \/>\n<meta property=\"og:site_name\" content=\"Algarve 7\" \/>\n<meta property=\"article:publisher\" content=\"https:\/\/www.facebook.com\/algarve7\" \/>\n<meta property=\"article:author\" content=\"https:\/\/www.facebook.com\/algarve7\" \/>\n<meta property=\"article:published_time\" content=\"2020-12-23T17:56:23+00:00\" \/>\n<meta property=\"article:modified_time\" content=\"2020-12-23T17:56:24+00:00\" \/>\n<meta property=\"og:image\" content=\"https:\/\/algarve7.pt\/wp-content\/uploads\/2020\/12\/C69B4577.jpg\" \/>\n\t<meta property=\"og:image:width\" content=\"1732\" \/>\n\t<meta property=\"og:image:height\" content=\"1154\" \/>\n\t<meta property=\"og:image:type\" content=\"image\/jpeg\" \/>\n<meta name=\"author\" content=\"Algarve 7\" \/>\n<meta name=\"twitter:card\" content=\"summary_large_image\" \/>\n<meta name=\"twitter:creator\" content=\"@Algarvesete\" \/>\n<meta name=\"twitter:site\" content=\"@Algarvesete\" \/>\n<meta name=\"twitter:label1\" content=\"Escrito por\" \/>\n\t<meta name=\"twitter:data1\" content=\"Algarve 7\" \/>\n\t<meta name=\"twitter:label2\" content=\"Tempo estimado de leitura\" \/>\n\t<meta name=\"twitter:data2\" content=\"2 minutos\" \/>\n<script type=\"application\/ld+json\" class=\"yoast-schema-graph\">{\"@context\":\"https:\\\/\\\/schema.org\",\"@graph\":[{\"@type\":\"Article\",\"@id\":\"https:\\\/\\\/algarve7.pt\\\/index.php\\\/2020\\\/12\\\/sem-abrigo-de-portimao-tem-a-sua-disposicao-este-inverno-um-abrigo-temporario-com-condicoes-melhoradas\\\/atualidade\\\/17\\\/56\\\/#article\",\"isPartOf\":{\"@id\":\"https:\\\/\\\/algarve7.pt\\\/index.php\\\/2020\\\/12\\\/sem-abrigo-de-portimao-tem-a-sua-disposicao-este-inverno-um-abrigo-temporario-com-condicoes-melhoradas\\\/atualidade\\\/17\\\/56\\\/\"},\"author\":{\"name\":\"Algarve 7\",\"@id\":\"https:\\\/\\\/algarve7.pt\\\/#\\\/schema\\\/person\\\/23fa70681308e7b319a3204bcea45e0c\"},\"headline\":\"Sem-abrigo de Portim\u00e3o t\u00eam \u00e0 sua disposi\u00e7\u00e3o este inverno um abrigo tempor\u00e1rio com condi\u00e7\u00f5es melhoradas\",\"datePublished\":\"2020-12-23T17:56:23+00:00\",\"dateModified\":\"2020-12-23T17:56:24+00:00\",\"mainEntityOfPage\":{\"@id\":\"https:\\\/\\\/algarve7.pt\\\/index.php\\\/2020\\\/12\\\/sem-abrigo-de-portimao-tem-a-sua-disposicao-este-inverno-um-abrigo-temporario-com-condicoes-melhoradas\\\/atualidade\\\/17\\\/56\\\/\"},\"wordCount\":483,\"publisher\":{\"@id\":\"https:\\\/\\\/algarve7.pt\\\/#organization\"},\"image\":{\"@id\":\"https:\\\/\\\/algarve7.pt\\\/index.php\\\/2020\\\/12\\\/sem-abrigo-de-portimao-tem-a-sua-disposicao-este-inverno-um-abrigo-temporario-com-condicoes-melhoradas\\\/atualidade\\\/17\\\/56\\\/#primaryimage\"},\"thumbnailUrl\":\"https:\\\/\\\/algarve7.pt\\\/wp-content\\\/uploads\\\/2020\\\/12\\\/C69B4577.jpg\",\"keywords\":[\"Algarve\",\"Atualidade\",\"Portim\u00e3o\"],\"articleSection\":[\"Atualidade\"],\"inLanguage\":\"pt-PT\"},{\"@type\":\"WebPage\",\"@id\":\"https:\\\/\\\/algarve7.pt\\\/index.php\\\/2020\\\/12\\\/sem-abrigo-de-portimao-tem-a-sua-disposicao-este-inverno-um-abrigo-temporario-com-condicoes-melhoradas\\\/atualidade\\\/17\\\/56\\\/\",\"url\":\"https:\\\/\\\/algarve7.pt\\\/index.php\\\/2020\\\/12\\\/sem-abrigo-de-portimao-tem-a-sua-disposicao-este-inverno-um-abrigo-temporario-com-condicoes-melhoradas\\\/atualidade\\\/17\\\/56\\\/\",\"name\":\"Sem-abrigo de Portim\u00e3o t\u00eam \u00e0 sua disposi\u00e7\u00e3o este inverno um abrigo tempor\u00e1rio com condi\u00e7\u00f5es melhoradas - Algarve 7\",\"isPartOf\":{\"@id\":\"https:\\\/\\\/algarve7.pt\\\/#website\"},\"primaryImageOfPage\":{\"@id\":\"https:\\\/\\\/algarve7.pt\\\/index.php\\\/2020\\\/12\\\/sem-abrigo-de-portimao-tem-a-sua-disposicao-este-inverno-um-abrigo-temporario-com-condicoes-melhoradas\\\/atualidade\\\/17\\\/56\\\/#primaryimage\"},\"image\":{\"@id\":\"https:\\\/\\\/algarve7.pt\\\/index.php\\\/2020\\\/12\\\/sem-abrigo-de-portimao-tem-a-sua-disposicao-este-inverno-um-abrigo-temporario-com-condicoes-melhoradas\\\/atualidade\\\/17\\\/56\\\/#primaryimage\"},\"thumbnailUrl\":\"https:\\\/\\\/algarve7.pt\\\/wp-content\\\/uploads\\\/2020\\\/12\\\/C69B4577.jpg\",\"datePublished\":\"2020-12-23T17:56:23+00:00\",\"dateModified\":\"2020-12-23T17:56:24+00:00\",\"description\":\"Sem-abrigo de Portim\u00e3o t\u00eam \u00e0 sua disposi\u00e7\u00e3o este inverno um abrigo tempor\u00e1rio com condi\u00e7\u00f5es melhoradas Atualidade\",\"breadcrumb\":{\"@id\":\"https:\\\/\\\/algarve7.pt\\\/index.php\\\/2020\\\/12\\\/sem-abrigo-de-portimao-tem-a-sua-disposicao-este-inverno-um-abrigo-temporario-com-condicoes-melhoradas\\\/atualidade\\\/17\\\/56\\\/#breadcrumb\"},\"inLanguage\":\"pt-PT\",\"potentialAction\":[{\"@type\":\"ReadAction\",\"target\":[\"https:\\\/\\\/algarve7.pt\\\/index.php\\\/2020\\\/12\\\/sem-abrigo-de-portimao-tem-a-sua-disposicao-este-inverno-um-abrigo-temporario-com-condicoes-melhoradas\\\/atualidade\\\/17\\\/56\\\/\"]}]},{\"@type\":\"ImageObject\",\"inLanguage\":\"pt-PT\",\"@id\":\"https:\\\/\\\/algarve7.pt\\\/index.php\\\/2020\\\/12\\\/sem-abrigo-de-portimao-tem-a-sua-disposicao-este-inverno-um-abrigo-temporario-com-condicoes-melhoradas\\\/atualidade\\\/17\\\/56\\\/#primaryimage\",\"url\":\"https:\\\/\\\/algarve7.pt\\\/wp-content\\\/uploads\\\/2020\\\/12\\\/C69B4577.jpg\",\"contentUrl\":\"https:\\\/\\\/algarve7.pt\\\/wp-content\\\/uploads\\\/2020\\\/12\\\/C69B4577.jpg\",\"width\":1732,\"height\":1154},{\"@type\":\"BreadcrumbList\",\"@id\":\"https:\\\/\\\/algarve7.pt\\\/index.php\\\/2020\\\/12\\\/sem-abrigo-de-portimao-tem-a-sua-disposicao-este-inverno-um-abrigo-temporario-com-condicoes-melhoradas\\\/atualidade\\\/17\\\/56\\\/#breadcrumb\",\"itemListElement\":[{\"@type\":\"ListItem\",\"position\":1,\"name\":\"In\u00edcio\",\"item\":\"https:\\\/\\\/algarve7.pt\\\/\"},{\"@type\":\"ListItem\",\"position\":2,\"name\":\"Sem-abrigo de Portim\u00e3o t\u00eam \u00e0 sua disposi\u00e7\u00e3o este inverno um abrigo tempor\u00e1rio com condi\u00e7\u00f5es melhoradas\"}]},{\"@type\":\"WebSite\",\"@id\":\"https:\\\/\\\/algarve7.pt\\\/#website\",\"url\":\"https:\\\/\\\/algarve7.pt\\\/\",\"name\":\"Algarve 7\",\"description\":\"Informa\u00e7\u00e3o sobre o Algarve\",\"publisher\":{\"@id\":\"https:\\\/\\\/algarve7.pt\\\/#organization\"},\"potentialAction\":[{\"@type\":\"SearchAction\",\"target\":{\"@type\":\"EntryPoint\",\"urlTemplate\":\"https:\\\/\\\/algarve7.pt\\\/?s={search_term_string}\"},\"query-input\":{\"@type\":\"PropertyValueSpecification\",\"valueRequired\":true,\"valueName\":\"search_term_string\"}}],\"inLanguage\":\"pt-PT\"},{\"@type\":\"Organization\",\"@id\":\"https:\\\/\\\/algarve7.pt\\\/#organization\",\"name\":\"Algarve 7\",\"url\":\"https:\\\/\\\/algarve7.pt\\\/\",\"logo\":{\"@type\":\"ImageObject\",\"inLanguage\":\"pt-PT\",\"@id\":\"https:\\\/\\\/algarve7.pt\\\/#\\\/schema\\\/logo\\\/image\\\/\",\"url\":\"https:\\\/\\\/algarve7.pt\\\/wp-content\\\/uploads\\\/2020\\\/10\\\/Logo-8.jpg\",\"contentUrl\":\"https:\\\/\\\/algarve7.pt\\\/wp-content\\\/uploads\\\/2020\\\/10\\\/Logo-8.jpg\",\"width\":1680,\"height\":1186,\"caption\":\"Algarve 7\"},\"image\":{\"@id\":\"https:\\\/\\\/algarve7.pt\\\/#\\\/schema\\\/logo\\\/image\\\/\"},\"sameAs\":[\"https:\\\/\\\/www.facebook.com\\\/algarve7\",\"https:\\\/\\\/x.com\\\/Algarvesete\",\"https:\\\/\\\/www.instagram.com\\\/jornalalgarve7\\\/\",\"https:\\\/\\\/www.linkedin.com\\\/company\\\/algarve7\",\"https:\\\/\\\/www.pinterest.pt\\\/geral0939\\\/_created\\\/\"]},{\"@type\":\"Person\",\"@id\":\"https:\\\/\\\/algarve7.pt\\\/#\\\/schema\\\/person\\\/23fa70681308e7b319a3204bcea45e0c\",\"name\":\"Algarve 7\",\"sameAs\":[\"https:\\\/\\\/algarve7.pt\",\"https:\\\/\\\/www.facebook.com\\\/algarve7\"],\"url\":\"https:\\\/\\\/algarve7.pt\\\/index.php\\\/author\\\/geralalgarve7-pt\\\/\"}]}<\/script>\n<!-- \/ Yoast SEO plugin. -->","yoast_head_json":{"title":"Sem-abrigo de Portim\u00e3o t\u00eam \u00e0 sua disposi\u00e7\u00e3o este inverno um abrigo tempor\u00e1rio com condi\u00e7\u00f5es melhoradas - Algarve 7","description":"Sem-abrigo de Portim\u00e3o t\u00eam \u00e0 sua disposi\u00e7\u00e3o este inverno um abrigo tempor\u00e1rio com condi\u00e7\u00f5es melhoradas Atualidade","robots":{"index":"index","follow":"follow","max-snippet":"max-snippet:-1","max-image-preview":"max-image-preview:large","max-video-preview":"max-video-preview:-1"},"canonical":"https:\/\/algarve7.pt\/index.php\/2020\/12\/sem-abrigo-de-portimao-tem-a-sua-disposicao-este-inverno-um-abrigo-temporario-com-condicoes-melhoradas\/atualidade\/17\/56\/","og_locale":"pt_PT","og_type":"article","og_title":"Sem-abrigo de Portim\u00e3o t\u00eam \u00e0 sua disposi\u00e7\u00e3o este inverno um abrigo tempor\u00e1rio com condi\u00e7\u00f5es melhoradas - Algarve 7","og_description":"Sem-abrigo de Portim\u00e3o t\u00eam \u00e0 sua disposi\u00e7\u00e3o este inverno um abrigo tempor\u00e1rio com condi\u00e7\u00f5es melhoradas Atualidade","og_url":"https:\/\/algarve7.pt\/index.php\/2020\/12\/sem-abrigo-de-portimao-tem-a-sua-disposicao-este-inverno-um-abrigo-temporario-com-condicoes-melhoradas\/atualidade\/17\/56\/","og_site_name":"Algarve 7","article_publisher":"https:\/\/www.facebook.com\/algarve7","article_author":"https:\/\/www.facebook.com\/algarve7","article_published_time":"2020-12-23T17:56:23+00:00","article_modified_time":"2020-12-23T17:56:24+00:00","og_image":[{"width":1732,"height":1154,"url":"https:\/\/algarve7.pt\/wp-content\/uploads\/2020\/12\/C69B4577.jpg","type":"image\/jpeg"}],"author":"Algarve 7","twitter_card":"summary_large_image","twitter_creator":"@Algarvesete","twitter_site":"@Algarvesete","twitter_misc":{"Escrito por":"Algarve 7","Tempo estimado de leitura":"2 minutos"},"schema":{"@context":"https:\/\/schema.org","@graph":[{"@type":"Article","@id":"https:\/\/algarve7.pt\/index.php\/2020\/12\/sem-abrigo-de-portimao-tem-a-sua-disposicao-este-inverno-um-abrigo-temporario-com-condicoes-melhoradas\/atualidade\/17\/56\/#article","isPartOf":{"@id":"https:\/\/algarve7.pt\/index.php\/2020\/12\/sem-abrigo-de-portimao-tem-a-sua-disposicao-este-inverno-um-abrigo-temporario-com-condicoes-melhoradas\/atualidade\/17\/56\/"},"author":{"name":"Algarve 7","@id":"https:\/\/algarve7.pt\/#\/schema\/person\/23fa70681308e7b319a3204bcea45e0c"},"headline":"Sem-abrigo de Portim\u00e3o t\u00eam \u00e0 sua disposi\u00e7\u00e3o este inverno um abrigo tempor\u00e1rio com condi\u00e7\u00f5es melhoradas","datePublished":"2020-12-23T17:56:23+00:00","dateModified":"2020-12-23T17:56:24+00:00","mainEntityOfPage":{"@id":"https:\/\/algarve7.pt\/index.php\/2020\/12\/sem-abrigo-de-portimao-tem-a-sua-disposicao-este-inverno-um-abrigo-temporario-com-condicoes-melhoradas\/atualidade\/17\/56\/"},"wordCount":483,"publisher":{"@id":"https:\/\/algarve7.pt\/#organization"},"image":{"@id":"https:\/\/algarve7.pt\/index.php\/2020\/12\/sem-abrigo-de-portimao-tem-a-sua-disposicao-este-inverno-um-abrigo-temporario-com-condicoes-melhoradas\/atualidade\/17\/56\/#primaryimage"},"thumbnailUrl":"https:\/\/algarve7.pt\/wp-content\/uploads\/2020\/12\/C69B4577.jpg","keywords":["Algarve","Atualidade","Portim\u00e3o"],"articleSection":["Atualidade"],"inLanguage":"pt-PT"},{"@type":"WebPage","@id":"https:\/\/algarve7.pt\/index.php\/2020\/12\/sem-abrigo-de-portimao-tem-a-sua-disposicao-este-inverno-um-abrigo-temporario-com-condicoes-melhoradas\/atualidade\/17\/56\/","url":"https:\/\/algarve7.pt\/index.php\/2020\/12\/sem-abrigo-de-portimao-tem-a-sua-disposicao-este-inverno-um-abrigo-temporario-com-condicoes-melhoradas\/atualidade\/17\/56\/","name":"Sem-abrigo de Portim\u00e3o t\u00eam \u00e0 sua disposi\u00e7\u00e3o este inverno um abrigo tempor\u00e1rio com condi\u00e7\u00f5es melhoradas - Algarve 7","isPartOf":{"@id":"https:\/\/algarve7.pt\/#website"},"primaryImageOfPage":{"@id":"https:\/\/algarve7.pt\/index.php\/2020\/12\/sem-abrigo-de-portimao-tem-a-sua-disposicao-este-inverno-um-abrigo-temporario-com-condicoes-melhoradas\/atualidade\/17\/56\/#primaryimage"},"image":{"@id":"https:\/\/algarve7.pt\/index.php\/2020\/12\/sem-abrigo-de-portimao-tem-a-sua-disposicao-este-inverno-um-abrigo-temporario-com-condicoes-melhoradas\/atualidade\/17\/56\/#primaryimage"},"thumbnailUrl":"https:\/\/algarve7.pt\/wp-content\/uploads\/2020\/12\/C69B4577.jpg","datePublished":"2020-12-23T17:56:23+00:00","dateModified":"2020-12-23T17:56:24+00:00","description":"Sem-abrigo de Portim\u00e3o t\u00eam \u00e0 sua disposi\u00e7\u00e3o este inverno um abrigo tempor\u00e1rio com condi\u00e7\u00f5es melhoradas Atualidade","breadcrumb":{"@id":"https:\/\/algarve7.pt\/index.php\/2020\/12\/sem-abrigo-de-portimao-tem-a-sua-disposicao-este-inverno-um-abrigo-temporario-com-condicoes-melhoradas\/atualidade\/17\/56\/#breadcrumb"},"inLanguage":"pt-PT","potentialAction":[{"@type":"ReadAction","target":["https:\/\/algarve7.pt\/index.php\/2020\/12\/sem-abrigo-de-portimao-tem-a-sua-disposicao-este-inverno-um-abrigo-temporario-com-condicoes-melhoradas\/atualidade\/17\/56\/"]}]},{"@type":"ImageObject","inLanguage":"pt-PT","@id":"https:\/\/algarve7.pt\/index.php\/2020\/12\/sem-abrigo-de-portimao-tem-a-sua-disposicao-este-inverno-um-abrigo-temporario-com-condicoes-melhoradas\/atualidade\/17\/56\/#primaryimage","url":"https:\/\/algarve7.pt\/wp-content\/uploads\/2020\/12\/C69B4577.jpg","contentUrl":"https:\/\/algarve7.pt\/wp-content\/uploads\/2020\/12\/C69B4577.jpg","width":1732,"height":1154},{"@type":"BreadcrumbList","@id":"https:\/\/algarve7.pt\/index.php\/2020\/12\/sem-abrigo-de-portimao-tem-a-sua-disposicao-este-inverno-um-abrigo-temporario-com-condicoes-melhoradas\/atualidade\/17\/56\/#breadcrumb","itemListElement":[{"@type":"ListItem","position":1,"name":"In\u00edcio","item":"https:\/\/algarve7.pt\/"},{"@type":"ListItem","position":2,"name":"Sem-abrigo de Portim\u00e3o t\u00eam \u00e0 sua disposi\u00e7\u00e3o este inverno um abrigo tempor\u00e1rio com condi\u00e7\u00f5es melhoradas"}]},{"@type":"WebSite","@id":"https:\/\/algarve7.pt\/#website","url":"https:\/\/algarve7.pt\/","name":"Algarve 7","description":"Informa\u00e7\u00e3o sobre o Algarve","publisher":{"@id":"https:\/\/algarve7.pt\/#organization"},"potentialAction":[{"@type":"SearchAction","target":{"@type":"EntryPoint","urlTemplate":"https:\/\/algarve7.pt\/?s={search_term_string}"},"query-input":{"@type":"PropertyValueSpecification","valueRequired":true,"valueName":"search_term_string"}}],"inLanguage":"pt-PT"},{"@type":"Organization","@id":"https:\/\/algarve7.pt\/#organization","name":"Algarve 7","url":"https:\/\/algarve7.pt\/","logo":{"@type":"ImageObject","inLanguage":"pt-PT","@id":"https:\/\/algarve7.pt\/#\/schema\/logo\/image\/","url":"https:\/\/algarve7.pt\/wp-content\/uploads\/2020\/10\/Logo-8.jpg","contentUrl":"https:\/\/algarve7.pt\/wp-content\/uploads\/2020\/10\/Logo-8.jpg","width":1680,"height":1186,"caption":"Algarve 7"},"image":{"@id":"https:\/\/algarve7.pt\/#\/schema\/logo\/image\/"},"sameAs":["https:\/\/www.facebook.com\/algarve7","https:\/\/x.com\/Algarvesete","https:\/\/www.instagram.com\/jornalalgarve7\/","https:\/\/www.linkedin.com\/company\/algarve7","https:\/\/www.pinterest.pt\/geral0939\/_created\/"]},{"@type":"Person","@id":"https:\/\/algarve7.pt\/#\/schema\/person\/23fa70681308e7b319a3204bcea45e0c","name":"Algarve 7","sameAs":["https:\/\/algarve7.pt","https:\/\/www.facebook.com\/algarve7"],"url":"https:\/\/algarve7.pt\/index.php\/author\/geralalgarve7-pt\/"}]}},"jetpack_publicize_connections":[],"jetpack_featured_media_url":"https:\/\/algarve7.pt\/wp-content\/uploads\/2020\/12\/C69B4577.jpg","jetpack_shortlink":"https:\/\/wp.me\/pcezmW-1gx","jetpack_sharing_enabled":true,"_links":{"self":[{"href":"https:\/\/algarve7.pt\/index.php\/wp-json\/wp\/v2\/posts\/4869","targetHints":{"allow":["GET"]}}],"collection":[{"href":"https:\/\/algarve7.pt\/index.php\/wp-json\/wp\/v2\/posts"}],"about":[{"href":"https:\/\/algarve7.pt\/index.php\/wp-json\/wp\/v2\/types\/post"}],"author":[{"embeddable":true,"href":"https:\/\/algarve7.pt\/index.php\/wp-json\/wp\/v2\/users\/1"}],"replies":[{"embeddable":true,"href":"https:\/\/algarve7.pt\/index.php\/wp-json\/wp\/v2\/comments?post=4869"}],"version-history":[{"count":0,"href":"https:\/\/algarve7.pt\/index.php\/wp-json\/wp\/v2\/posts\/4869\/revisions"}],"wp:featuredmedia":[{"embeddable":true,"href":"https:\/\/algarve7.pt\/index.php\/wp-json\/wp\/v2\/media\/4870"}],"wp:attachment":[{"href":"https:\/\/algarve7.pt\/index.php\/wp-json\/wp\/v2\/media?parent=4869"}],"wp:term":[{"taxonomy":"category","embeddable":true,"href":"https:\/\/algarve7.pt\/index.php\/wp-json\/wp\/v2\/categories?post=4869"},{"taxonomy":"post_tag","embeddable":true,"href":"https:\/\/algarve7.pt\/index.php\/wp-json\/wp\/v2\/tags?post=4869"}],"curies":[{"name":"wp","href":"https:\/\/api.w.org\/{rel}","templated":true}]}}