{"id":48681,"date":"2025-03-28T09:30:00","date_gmt":"2025-03-28T09:30:00","guid":{"rendered":"https:\/\/algarve7.pt\/?p=48681"},"modified":"2025-03-24T15:02:40","modified_gmt":"2025-03-24T15:02:40","slug":"feira-de-doces-davo-anima-alcoutim-nos-dias-18-e-19-de-abril","status":"publish","type":"post","link":"https:\/\/algarve7.pt\/index.php\/2025\/03\/feira-de-doces-davo-anima-alcoutim-nos-dias-18-e-19-de-abril\/cultura\/09\/30\/","title":{"rendered":"Feira de Doces d\u2019Av\u00f3 anima Alcoutim nos dias 18 e 19 de abril"},"content":{"rendered":"\n<p>Realizada no cais de Alcoutim, com uma deslumbrante vista sobre o rio Guadiana, a Feira de Doces d\u2019Av\u00f3 regressa, nos dias 18 e 19 de abril (sexta-feira e s\u00e1bado), para aquela que ser\u00e1 a sua d\u00e9cima oitava edi\u00e7\u00e3o.&nbsp;<\/p>\n\n\n\n<p>O certame, que decorrer\u00e1&nbsp;entre as 14h00 e as 19h00, contar\u00e1 com muitos doces e licores que far\u00e3o as delicias dos visitantes, mas ser\u00e3o os mais novos as estrelas da festa j\u00e1 que n\u00e3o faltar\u00e3o atividades gratuitas que lhes s\u00e3o dedicadas, com atelier infantil, pinturas faciais, modelagem de bal\u00f5es, coelho com andas, carross\u00e9is, algod\u00e3o doce e pipocas.<\/p>\n\n\n\n<p>Durante os dois dias do evento a anima\u00e7\u00e3o de rua ser\u00e1 uma constante com: \u201cDa Cruz One Man Band\u201d, \u201cSonambolix \u2013 companhia Marimbondo\u201d, \u201cChiclateria\u201d e \u201cOly e Mary\u201d.<\/p>\n\n\n\n<p>Para os mais foli\u00f5es, e porque estamos em \u00e9poca da P\u00e1scoa, na noite de sexta-feira, dia 18, est\u00e1 programado um baile da pinha, pelas 21h00, com a atua\u00e7\u00e3o de Silvino Campos.<\/p>\n\n\n\n<p>Tudo boas raz\u00f5es para reunir a fam\u00edlia e rumar a Alcoutim.<\/p>\n","protected":false},"excerpt":{"rendered":"<p>Realizada no cais de Alcoutim, com uma deslumbrante vista sobre o rio Guadiana, a Feira de Doces d\u2019Av\u00f3 regressa, nos<\/p>\n","protected":false},"author":1,"featured_media":48682,"comment_status":"closed","ping_status":"closed","sticky":false,"template":"","format":"standard","meta":{"colormag_page_container_layout":"default_layout","colormag_page_sidebar_layout":"default_layout","_monsterinsights_skip_tracking":false,"_monsterinsights_sitenote_active":false,"_monsterinsights_sitenote_note":"","_monsterinsights_sitenote_category":0,"jetpack_post_was_ever_published":false,"_jetpack_newsletter_access":"","_jetpack_dont_email_post_to_subs":false,"_jetpack_newsletter_tier_id":0,"_jetpack_memberships_contains_paywalled_content":false,"_jetpack_memberships_contains_paid_content":false,"footnotes":"","jetpack_publicize_message":"","jetpack_publicize_feature_enabled":true,"jetpack_social_post_already_shared":true,"jetpack_social_options":{"image_generator_settings":{"template":"highway","default_image_id":0,"font":"","enabled":false},"version":2}},"categories":[14],"tags":[79,36,35],"class_list":["post-48681","post","type-post","status-publish","format-standard","has-post-thumbnail","hentry","category-cultura","tag-alcoutim","tag-algarve","tag-cultura"],"yoast_head":"<!-- This site is optimized with the Yoast SEO plugin v27.4 - https:\/\/yoast.com\/product\/yoast-seo-wordpress\/ -->\n<title>Feira de Doces d\u2019Av\u00f3 anima Alcoutim nos dias 18 e 19 de abril - Algarve 7<\/title>\n<meta name=\"description\" content=\"Feira de Doces d\u2019Av\u00f3 anima Alcoutim nos dias 18 e 19 de abril Cultura\" \/>\n<meta name=\"robots\" content=\"index, follow, max-snippet:-1, max-image-preview:large, max-video-preview:-1\" \/>\n<link rel=\"canonical\" href=\"https:\/\/algarve7.pt\/index.php\/2025\/03\/feira-de-doces-davo-anima-alcoutim-nos-dias-18-e-19-de-abril\/cultura\/09\/30\/\" \/>\n<meta property=\"og:locale\" content=\"pt_PT\" \/>\n<meta property=\"og:type\" content=\"article\" \/>\n<meta property=\"og:title\" content=\"Feira de Doces d\u2019Av\u00f3 anima Alcoutim nos dias 18 e 19 de abril - Algarve 7\" \/>\n<meta property=\"og:description\" content=\"Feira de Doces d\u2019Av\u00f3 anima Alcoutim nos dias 18 e 19 de abril Cultura\" \/>\n<meta property=\"og:url\" content=\"https:\/\/algarve7.pt\/index.php\/2025\/03\/feira-de-doces-davo-anima-alcoutim-nos-dias-18-e-19-de-abril\/cultura\/09\/30\/\" \/>\n<meta property=\"og:site_name\" content=\"Algarve 7\" \/>\n<meta property=\"article:publisher\" content=\"https:\/\/www.facebook.com\/algarve7\" \/>\n<meta property=\"article:author\" content=\"https:\/\/www.facebook.com\/algarve7\" \/>\n<meta property=\"article:published_time\" content=\"2025-03-28T09:30:00+00:00\" \/>\n<meta property=\"og:image\" content=\"https:\/\/algarve7.pt\/wp-content\/uploads\/2025\/03\/IMG_3992.jpg\" \/>\n\t<meta property=\"og:image:width\" content=\"800\" \/>\n\t<meta property=\"og:image:height\" content=\"500\" \/>\n\t<meta property=\"og:image:type\" content=\"image\/jpeg\" \/>\n<meta name=\"author\" content=\"Algarve 7\" \/>\n<meta name=\"twitter:card\" content=\"summary_large_image\" \/>\n<meta name=\"twitter:creator\" content=\"@Algarvesete\" \/>\n<meta name=\"twitter:site\" content=\"@Algarvesete\" \/>\n<meta name=\"twitter:label1\" content=\"Escrito por\" \/>\n\t<meta name=\"twitter:data1\" content=\"Algarve 7\" \/>\n\t<meta name=\"twitter:label2\" content=\"Tempo estimado de leitura\" \/>\n\t<meta name=\"twitter:data2\" content=\"2 minutos\" \/>\n<script type=\"application\/ld+json\" class=\"yoast-schema-graph\">{\"@context\":\"https:\\\/\\\/schema.org\",\"@graph\":[{\"@type\":\"Article\",\"@id\":\"https:\\\/\\\/algarve7.pt\\\/index.php\\\/2025\\\/03\\\/feira-de-doces-davo-anima-alcoutim-nos-dias-18-e-19-de-abril\\\/cultura\\\/09\\\/30\\\/#article\",\"isPartOf\":{\"@id\":\"https:\\\/\\\/algarve7.pt\\\/index.php\\\/2025\\\/03\\\/feira-de-doces-davo-anima-alcoutim-nos-dias-18-e-19-de-abril\\\/cultura\\\/09\\\/30\\\/\"},\"author\":{\"name\":\"Algarve 7\",\"@id\":\"https:\\\/\\\/algarve7.pt\\\/#\\\/schema\\\/person\\\/23fa70681308e7b319a3204bcea45e0c\"},\"headline\":\"Feira de Doces d\u2019Av\u00f3 anima Alcoutim nos dias 18 e 19 de abril\",\"datePublished\":\"2025-03-28T09:30:00+00:00\",\"mainEntityOfPage\":{\"@id\":\"https:\\\/\\\/algarve7.pt\\\/index.php\\\/2025\\\/03\\\/feira-de-doces-davo-anima-alcoutim-nos-dias-18-e-19-de-abril\\\/cultura\\\/09\\\/30\\\/\"},\"wordCount\":193,\"publisher\":{\"@id\":\"https:\\\/\\\/algarve7.pt\\\/#organization\"},\"image\":{\"@id\":\"https:\\\/\\\/algarve7.pt\\\/index.php\\\/2025\\\/03\\\/feira-de-doces-davo-anima-alcoutim-nos-dias-18-e-19-de-abril\\\/cultura\\\/09\\\/30\\\/#primaryimage\"},\"thumbnailUrl\":\"https:\\\/\\\/algarve7.pt\\\/wp-content\\\/uploads\\\/2025\\\/03\\\/IMG_3992.jpg\",\"keywords\":[\"Alcoutim\",\"Algarve\",\"Cultura\"],\"articleSection\":[\"Cultura\"],\"inLanguage\":\"pt-PT\"},{\"@type\":\"WebPage\",\"@id\":\"https:\\\/\\\/algarve7.pt\\\/index.php\\\/2025\\\/03\\\/feira-de-doces-davo-anima-alcoutim-nos-dias-18-e-19-de-abril\\\/cultura\\\/09\\\/30\\\/\",\"url\":\"https:\\\/\\\/algarve7.pt\\\/index.php\\\/2025\\\/03\\\/feira-de-doces-davo-anima-alcoutim-nos-dias-18-e-19-de-abril\\\/cultura\\\/09\\\/30\\\/\",\"name\":\"Feira de Doces d\u2019Av\u00f3 anima Alcoutim nos dias 18 e 19 de abril - Algarve 7\",\"isPartOf\":{\"@id\":\"https:\\\/\\\/algarve7.pt\\\/#website\"},\"primaryImageOfPage\":{\"@id\":\"https:\\\/\\\/algarve7.pt\\\/index.php\\\/2025\\\/03\\\/feira-de-doces-davo-anima-alcoutim-nos-dias-18-e-19-de-abril\\\/cultura\\\/09\\\/30\\\/#primaryimage\"},\"image\":{\"@id\":\"https:\\\/\\\/algarve7.pt\\\/index.php\\\/2025\\\/03\\\/feira-de-doces-davo-anima-alcoutim-nos-dias-18-e-19-de-abril\\\/cultura\\\/09\\\/30\\\/#primaryimage\"},\"thumbnailUrl\":\"https:\\\/\\\/algarve7.pt\\\/wp-content\\\/uploads\\\/2025\\\/03\\\/IMG_3992.jpg\",\"datePublished\":\"2025-03-28T09:30:00+00:00\",\"description\":\"Feira de Doces d\u2019Av\u00f3 anima Alcoutim nos dias 18 e 19 de abril Cultura\",\"breadcrumb\":{\"@id\":\"https:\\\/\\\/algarve7.pt\\\/index.php\\\/2025\\\/03\\\/feira-de-doces-davo-anima-alcoutim-nos-dias-18-e-19-de-abril\\\/cultura\\\/09\\\/30\\\/#breadcrumb\"},\"inLanguage\":\"pt-PT\",\"potentialAction\":[{\"@type\":\"ReadAction\",\"target\":[\"https:\\\/\\\/algarve7.pt\\\/index.php\\\/2025\\\/03\\\/feira-de-doces-davo-anima-alcoutim-nos-dias-18-e-19-de-abril\\\/cultura\\\/09\\\/30\\\/\"]}]},{\"@type\":\"ImageObject\",\"inLanguage\":\"pt-PT\",\"@id\":\"https:\\\/\\\/algarve7.pt\\\/index.php\\\/2025\\\/03\\\/feira-de-doces-davo-anima-alcoutim-nos-dias-18-e-19-de-abril\\\/cultura\\\/09\\\/30\\\/#primaryimage\",\"url\":\"https:\\\/\\\/algarve7.pt\\\/wp-content\\\/uploads\\\/2025\\\/03\\\/IMG_3992.jpg\",\"contentUrl\":\"https:\\\/\\\/algarve7.pt\\\/wp-content\\\/uploads\\\/2025\\\/03\\\/IMG_3992.jpg\",\"width\":800,\"height\":500},{\"@type\":\"BreadcrumbList\",\"@id\":\"https:\\\/\\\/algarve7.pt\\\/index.php\\\/2025\\\/03\\\/feira-de-doces-davo-anima-alcoutim-nos-dias-18-e-19-de-abril\\\/cultura\\\/09\\\/30\\\/#breadcrumb\",\"itemListElement\":[{\"@type\":\"ListItem\",\"position\":1,\"name\":\"In\u00edcio\",\"item\":\"https:\\\/\\\/algarve7.pt\\\/\"},{\"@type\":\"ListItem\",\"position\":2,\"name\":\"Feira de Doces d\u2019Av\u00f3 anima Alcoutim nos dias 18 e 19 de abril\"}]},{\"@type\":\"WebSite\",\"@id\":\"https:\\\/\\\/algarve7.pt\\\/#website\",\"url\":\"https:\\\/\\\/algarve7.pt\\\/\",\"name\":\"Algarve 7\",\"description\":\"Informa\u00e7\u00e3o sobre o Algarve\",\"publisher\":{\"@id\":\"https:\\\/\\\/algarve7.pt\\\/#organization\"},\"potentialAction\":[{\"@type\":\"SearchAction\",\"target\":{\"@type\":\"EntryPoint\",\"urlTemplate\":\"https:\\\/\\\/algarve7.pt\\\/?s={search_term_string}\"},\"query-input\":{\"@type\":\"PropertyValueSpecification\",\"valueRequired\":true,\"valueName\":\"search_term_string\"}}],\"inLanguage\":\"pt-PT\"},{\"@type\":\"Organization\",\"@id\":\"https:\\\/\\\/algarve7.pt\\\/#organization\",\"name\":\"Algarve 7\",\"url\":\"https:\\\/\\\/algarve7.pt\\\/\",\"logo\":{\"@type\":\"ImageObject\",\"inLanguage\":\"pt-PT\",\"@id\":\"https:\\\/\\\/algarve7.pt\\\/#\\\/schema\\\/logo\\\/image\\\/\",\"url\":\"https:\\\/\\\/algarve7.pt\\\/wp-content\\\/uploads\\\/2020\\\/10\\\/Logo-8.jpg\",\"contentUrl\":\"https:\\\/\\\/algarve7.pt\\\/wp-content\\\/uploads\\\/2020\\\/10\\\/Logo-8.jpg\",\"width\":1680,\"height\":1186,\"caption\":\"Algarve 7\"},\"image\":{\"@id\":\"https:\\\/\\\/algarve7.pt\\\/#\\\/schema\\\/logo\\\/image\\\/\"},\"sameAs\":[\"https:\\\/\\\/www.facebook.com\\\/algarve7\",\"https:\\\/\\\/x.com\\\/Algarvesete\",\"https:\\\/\\\/www.instagram.com\\\/jornalalgarve7\\\/\",\"https:\\\/\\\/www.linkedin.com\\\/company\\\/algarve7\",\"https:\\\/\\\/www.pinterest.pt\\\/geral0939\\\/_created\\\/\"]},{\"@type\":\"Person\",\"@id\":\"https:\\\/\\\/algarve7.pt\\\/#\\\/schema\\\/person\\\/23fa70681308e7b319a3204bcea45e0c\",\"name\":\"Algarve 7\",\"sameAs\":[\"https:\\\/\\\/algarve7.pt\",\"https:\\\/\\\/www.facebook.com\\\/algarve7\"],\"url\":\"https:\\\/\\\/algarve7.pt\\\/index.php\\\/author\\\/geralalgarve7-pt\\\/\"}]}<\/script>\n<!-- \/ Yoast SEO plugin. -->","yoast_head_json":{"title":"Feira de Doces d\u2019Av\u00f3 anima Alcoutim nos dias 18 e 19 de abril - Algarve 7","description":"Feira de Doces d\u2019Av\u00f3 anima Alcoutim nos dias 18 e 19 de abril Cultura","robots":{"index":"index","follow":"follow","max-snippet":"max-snippet:-1","max-image-preview":"max-image-preview:large","max-video-preview":"max-video-preview:-1"},"canonical":"https:\/\/algarve7.pt\/index.php\/2025\/03\/feira-de-doces-davo-anima-alcoutim-nos-dias-18-e-19-de-abril\/cultura\/09\/30\/","og_locale":"pt_PT","og_type":"article","og_title":"Feira de Doces d\u2019Av\u00f3 anima Alcoutim nos dias 18 e 19 de abril - Algarve 7","og_description":"Feira de Doces d\u2019Av\u00f3 anima Alcoutim nos dias 18 e 19 de abril Cultura","og_url":"https:\/\/algarve7.pt\/index.php\/2025\/03\/feira-de-doces-davo-anima-alcoutim-nos-dias-18-e-19-de-abril\/cultura\/09\/30\/","og_site_name":"Algarve 7","article_publisher":"https:\/\/www.facebook.com\/algarve7","article_author":"https:\/\/www.facebook.com\/algarve7","article_published_time":"2025-03-28T09:30:00+00:00","og_image":[{"width":800,"height":500,"url":"https:\/\/algarve7.pt\/wp-content\/uploads\/2025\/03\/IMG_3992.jpg","type":"image\/jpeg"}],"author":"Algarve 7","twitter_card":"summary_large_image","twitter_creator":"@Algarvesete","twitter_site":"@Algarvesete","twitter_misc":{"Escrito por":"Algarve 7","Tempo estimado de leitura":"2 minutos"},"schema":{"@context":"https:\/\/schema.org","@graph":[{"@type":"Article","@id":"https:\/\/algarve7.pt\/index.php\/2025\/03\/feira-de-doces-davo-anima-alcoutim-nos-dias-18-e-19-de-abril\/cultura\/09\/30\/#article","isPartOf":{"@id":"https:\/\/algarve7.pt\/index.php\/2025\/03\/feira-de-doces-davo-anima-alcoutim-nos-dias-18-e-19-de-abril\/cultura\/09\/30\/"},"author":{"name":"Algarve 7","@id":"https:\/\/algarve7.pt\/#\/schema\/person\/23fa70681308e7b319a3204bcea45e0c"},"headline":"Feira de Doces d\u2019Av\u00f3 anima Alcoutim nos dias 18 e 19 de abril","datePublished":"2025-03-28T09:30:00+00:00","mainEntityOfPage":{"@id":"https:\/\/algarve7.pt\/index.php\/2025\/03\/feira-de-doces-davo-anima-alcoutim-nos-dias-18-e-19-de-abril\/cultura\/09\/30\/"},"wordCount":193,"publisher":{"@id":"https:\/\/algarve7.pt\/#organization"},"image":{"@id":"https:\/\/algarve7.pt\/index.php\/2025\/03\/feira-de-doces-davo-anima-alcoutim-nos-dias-18-e-19-de-abril\/cultura\/09\/30\/#primaryimage"},"thumbnailUrl":"https:\/\/algarve7.pt\/wp-content\/uploads\/2025\/03\/IMG_3992.jpg","keywords":["Alcoutim","Algarve","Cultura"],"articleSection":["Cultura"],"inLanguage":"pt-PT"},{"@type":"WebPage","@id":"https:\/\/algarve7.pt\/index.php\/2025\/03\/feira-de-doces-davo-anima-alcoutim-nos-dias-18-e-19-de-abril\/cultura\/09\/30\/","url":"https:\/\/algarve7.pt\/index.php\/2025\/03\/feira-de-doces-davo-anima-alcoutim-nos-dias-18-e-19-de-abril\/cultura\/09\/30\/","name":"Feira de Doces d\u2019Av\u00f3 anima Alcoutim nos dias 18 e 19 de abril - Algarve 7","isPartOf":{"@id":"https:\/\/algarve7.pt\/#website"},"primaryImageOfPage":{"@id":"https:\/\/algarve7.pt\/index.php\/2025\/03\/feira-de-doces-davo-anima-alcoutim-nos-dias-18-e-19-de-abril\/cultura\/09\/30\/#primaryimage"},"image":{"@id":"https:\/\/algarve7.pt\/index.php\/2025\/03\/feira-de-doces-davo-anima-alcoutim-nos-dias-18-e-19-de-abril\/cultura\/09\/30\/#primaryimage"},"thumbnailUrl":"https:\/\/algarve7.pt\/wp-content\/uploads\/2025\/03\/IMG_3992.jpg","datePublished":"2025-03-28T09:30:00+00:00","description":"Feira de Doces d\u2019Av\u00f3 anima Alcoutim nos dias 18 e 19 de abril Cultura","breadcrumb":{"@id":"https:\/\/algarve7.pt\/index.php\/2025\/03\/feira-de-doces-davo-anima-alcoutim-nos-dias-18-e-19-de-abril\/cultura\/09\/30\/#breadcrumb"},"inLanguage":"pt-PT","potentialAction":[{"@type":"ReadAction","target":["https:\/\/algarve7.pt\/index.php\/2025\/03\/feira-de-doces-davo-anima-alcoutim-nos-dias-18-e-19-de-abril\/cultura\/09\/30\/"]}]},{"@type":"ImageObject","inLanguage":"pt-PT","@id":"https:\/\/algarve7.pt\/index.php\/2025\/03\/feira-de-doces-davo-anima-alcoutim-nos-dias-18-e-19-de-abril\/cultura\/09\/30\/#primaryimage","url":"https:\/\/algarve7.pt\/wp-content\/uploads\/2025\/03\/IMG_3992.jpg","contentUrl":"https:\/\/algarve7.pt\/wp-content\/uploads\/2025\/03\/IMG_3992.jpg","width":800,"height":500},{"@type":"BreadcrumbList","@id":"https:\/\/algarve7.pt\/index.php\/2025\/03\/feira-de-doces-davo-anima-alcoutim-nos-dias-18-e-19-de-abril\/cultura\/09\/30\/#breadcrumb","itemListElement":[{"@type":"ListItem","position":1,"name":"In\u00edcio","item":"https:\/\/algarve7.pt\/"},{"@type":"ListItem","position":2,"name":"Feira de Doces d\u2019Av\u00f3 anima Alcoutim nos dias 18 e 19 de abril"}]},{"@type":"WebSite","@id":"https:\/\/algarve7.pt\/#website","url":"https:\/\/algarve7.pt\/","name":"Algarve 7","description":"Informa\u00e7\u00e3o sobre o Algarve","publisher":{"@id":"https:\/\/algarve7.pt\/#organization"},"potentialAction":[{"@type":"SearchAction","target":{"@type":"EntryPoint","urlTemplate":"https:\/\/algarve7.pt\/?s={search_term_string}"},"query-input":{"@type":"PropertyValueSpecification","valueRequired":true,"valueName":"search_term_string"}}],"inLanguage":"pt-PT"},{"@type":"Organization","@id":"https:\/\/algarve7.pt\/#organization","name":"Algarve 7","url":"https:\/\/algarve7.pt\/","logo":{"@type":"ImageObject","inLanguage":"pt-PT","@id":"https:\/\/algarve7.pt\/#\/schema\/logo\/image\/","url":"https:\/\/algarve7.pt\/wp-content\/uploads\/2020\/10\/Logo-8.jpg","contentUrl":"https:\/\/algarve7.pt\/wp-content\/uploads\/2020\/10\/Logo-8.jpg","width":1680,"height":1186,"caption":"Algarve 7"},"image":{"@id":"https:\/\/algarve7.pt\/#\/schema\/logo\/image\/"},"sameAs":["https:\/\/www.facebook.com\/algarve7","https:\/\/x.com\/Algarvesete","https:\/\/www.instagram.com\/jornalalgarve7\/","https:\/\/www.linkedin.com\/company\/algarve7","https:\/\/www.pinterest.pt\/geral0939\/_created\/"]},{"@type":"Person","@id":"https:\/\/algarve7.pt\/#\/schema\/person\/23fa70681308e7b319a3204bcea45e0c","name":"Algarve 7","sameAs":["https:\/\/algarve7.pt","https:\/\/www.facebook.com\/algarve7"],"url":"https:\/\/algarve7.pt\/index.php\/author\/geralalgarve7-pt\/"}]}},"jetpack_publicize_connections":[],"jetpack_featured_media_url":"https:\/\/algarve7.pt\/wp-content\/uploads\/2025\/03\/IMG_3992.jpg","jetpack_shortlink":"https:\/\/wp.me\/pcezmW-cFb","jetpack_sharing_enabled":true,"_links":{"self":[{"href":"https:\/\/algarve7.pt\/index.php\/wp-json\/wp\/v2\/posts\/48681","targetHints":{"allow":["GET"]}}],"collection":[{"href":"https:\/\/algarve7.pt\/index.php\/wp-json\/wp\/v2\/posts"}],"about":[{"href":"https:\/\/algarve7.pt\/index.php\/wp-json\/wp\/v2\/types\/post"}],"author":[{"embeddable":true,"href":"https:\/\/algarve7.pt\/index.php\/wp-json\/wp\/v2\/users\/1"}],"replies":[{"embeddable":true,"href":"https:\/\/algarve7.pt\/index.php\/wp-json\/wp\/v2\/comments?post=48681"}],"version-history":[{"count":0,"href":"https:\/\/algarve7.pt\/index.php\/wp-json\/wp\/v2\/posts\/48681\/revisions"}],"wp:featuredmedia":[{"embeddable":true,"href":"https:\/\/algarve7.pt\/index.php\/wp-json\/wp\/v2\/media\/48682"}],"wp:attachment":[{"href":"https:\/\/algarve7.pt\/index.php\/wp-json\/wp\/v2\/media?parent=48681"}],"wp:term":[{"taxonomy":"category","embeddable":true,"href":"https:\/\/algarve7.pt\/index.php\/wp-json\/wp\/v2\/categories?post=48681"},{"taxonomy":"post_tag","embeddable":true,"href":"https:\/\/algarve7.pt\/index.php\/wp-json\/wp\/v2\/tags?post=48681"}],"curies":[{"name":"wp","href":"https:\/\/api.w.org\/{rel}","templated":true}]}}