{"id":48656,"date":"2025-03-29T09:15:00","date_gmt":"2025-03-29T09:15:00","guid":{"rendered":"https:\/\/algarve7.pt\/?p=48656"},"modified":"2025-03-24T14:21:11","modified_gmt":"2025-03-24T14:21:11","slug":"a-mare-desceu-e-trouxe-o-primeiro-avistamento-do-uca-violinista-o-novo-vinho-algarvio","status":"publish","type":"post","link":"https:\/\/algarve7.pt\/index.php\/2025\/03\/a-mare-desceu-e-trouxe-o-primeiro-avistamento-do-uca-violinista-o-novo-vinho-algarvio\/atualidade\/09\/15\/","title":{"rendered":"A mar\u00e9 desceu e trouxe o primeiro avistamento do UCA Violinista, o novo vinho algarvio\u00a0"},"content":{"rendered":"\n<p>Situadas no barlavento algarvio, as vinhas UCA beneficiam da frescura do mar e de uma proximidade privilegiada com a riqueza natural da Ria de Alvor, nos seus 27 hectares de extens\u00e3o. Dos mesmos criadores do vinho Arvad, projeto vin\u00edcola algarvio de sucesso a escassos quil\u00f3metros, orientado pelo en\u00f3logo premiado, Bernardo Cabral, profundo conhecedor da regi\u00e3o, e tirando partido do know-how adquirido, surgem os vinhos UCA Violinista que v\u00e3o ainda mais longe na frescura e maresia algarvia.&nbsp;<\/p>\n\n\n\n<p>Muito leves e de baixo teor alco\u00f3lico, os vinhos UCA Violinista, nas variedades tinto, branco e ros\u00e9, apostam numa produ\u00e7\u00e3o com pr\u00e1ticas de interven\u00e7\u00e3o m\u00ednima e m\u00e9todos de produ\u00e7\u00e3o ecol\u00f3gicos, em sintonia com as preocupa\u00e7\u00f5es dos novos p\u00fablicos de vinho, que cada vez mais valorizam a inova\u00e7\u00e3o aliada aos processos artesanais para criar vinhos frescos e aut\u00eanticos que destacam os&nbsp;<em>terroirs<\/em>&nbsp;regionais.<\/p>\n\n\n\n<p>Al\u00e9m da sua relev\u00e2ncia cultural, que remonta aos primeiros vest\u00edgios do per\u00edodo Neol\u00edtico, a Ria de Alvor \u00e9 tamb\u00e9m um verdadeiro santu\u00e1rio para a vida selvagem, com sapais, zonas h\u00famidas, dunas e canais de mar\u00e9 que s\u00e3o o habitat perfeito para v\u00e1rias esp\u00e9cies de aves, peixes, moluscos e crust\u00e1ceos.&nbsp;<\/p>\n\n\n\n<p>Na base arenosa e lamacenta da Ria encontramos o caranguejo-violinista, o Uca tangeri, um dos habitantes mais ic\u00f3nicos deste ecossistema. A esp\u00e9cie pode ser avistada de mar\u00e7o a novembro, durante a mar\u00e9 baixa, e distingue-se por abanar a sua enorme pin\u00e7a, como se estivesse a tocar violino, numa tentativa de atrair e seduzir as f\u00eameas. Em toda a Europa, o Uca tangeri s\u00f3 pode ser encontrado na regi\u00e3o Sul da Pen\u00ednsula Ib\u00e9rica, principalmente no Algarve.<\/p>\n\n\n\n<p>N\u00e3o foi, por isso, ao acaso que esta esp\u00e9cie foi eleita como s\u00edmbolo desta vinha, e nome para o seu vinho \u2013 UCA Violinista. Tal como o caranguejo \u00e9 s\u00edmbolo da zona de Alvor e do Algarve, tamb\u00e9m o vinho UCA Violinista \u00e9 s\u00edmbolo e express\u00e3o deste&nbsp;<em>terroir<\/em>&nbsp;\u00fanico algarvio.&nbsp;<\/p>\n\n\n\n<p>Produzidos em terreno argilo-calc\u00e1rio atrav\u00e9s de condu\u00e7\u00e3o ao alto com poda em tal\u00e3o, os vinhos UCA Violinista utilizam sondas de monitoriza\u00e7\u00e3o de rega, que medem o stress h\u00eddrico, permitindo que se regue apenas quando \u00e9 necess\u00e1rio. Tirando partido de v\u00e1rias sinergias, as vinhas s\u00e3o ainda ladeadas de roseiras para atrair insetos polinizadores, sendo ainda um excelente indicador para o controlo de doen\u00e7as. Nos per\u00edodos de dorm\u00eancia da videira, cabras pastam no meio das vinhas, ajudando no controlo de infestantes e permitindo uma fertiliza\u00e7\u00e3o natural&nbsp;dos&nbsp;solos, contribuindo ainda para que a regi\u00e3o de Alvor continue a ser um ref\u00fagio para a vida selvagem, bem como um fator de dinamiza\u00e7\u00e3o da economia local.<\/p>\n\n\n\n<p>O tinto, com as castas Touriga Nacional, Aragon\u00eas e Syrah, apresenta notas apelativas de frutos vermelhos maduros, chocolate preto e bergamota. Com uma prova muito agrad\u00e1vel, suave e de perfil ligeiramente salgado e arom\u00e1tico, este vinho denota o efeito do clima Mediterr\u00e2neo de influ\u00eancia Atl\u00e2ntica, terminando com um toque sedoso e persistente. \u00c9 uma \u00f3tima sugest\u00e3o para acompanhar entradas e pratos de carne. <\/p>\n\n\n\n<p>O branco oferece um aroma muito apelativo, revelando inicialmente um perfil tropical e c\u00edtrico, seguindo-se curiosas notas de erva doce e mineralidade, gra\u00e7as tamb\u00e9m \u00e0s castas Arinto e Boal, para al\u00e9m do solo argilo-calc\u00e1rio. Envolvente e fresco, tem uma prova desconcertantemente salgada e mineral, que remete para a proximidade da ria e do mar. O final \u00e9 muito agrad\u00e1vel e persistente, harmonizando na perfei\u00e7\u00e3o com entradas, perceves, ostras, saladas e peixe grelhado.<\/p>\n\n\n\n<p>Composto pelas mesmas castas do tinto, o vinho ros\u00e9 apresenta um tom rosado ligeiro, notas de groselha fresca e goiaba com suave toque floral. Reflete muito bem a sua origem regional com apelativa frescura e salinidade discreta, num conjunto envolvente e suave, perfeito para acompanhar pratos leves como saladas e mariscos ou comida asi\u00e1tica.<\/p>\n\n\n\n<p>Curiosamente, ap\u00f3s o per\u00edodo de repouso das vinhas, entre novembro e mar\u00e7o, \u00e9 com a chegada da primavera, quando a vinha come\u00e7a a abrulhar e a ganhar vida, que o Uca tangeri, volta a surgir para alegrar o sapal, trazendo \u00e0 luz do dia tr\u00eas vinhos frescos e mar\u00edtimos que convidam a desfrutar, sem pressas, em ambientes de festa ou pura descontra\u00e7\u00e3o os sabores da Ria de Alvor\u2026 porque UCA Violinista \u00e9 um vinho para qualquer mar\u00e9.<\/p>\n","protected":false},"excerpt":{"rendered":"<p>Situadas no barlavento algarvio, as vinhas UCA beneficiam da frescura do mar e de uma proximidade privilegiada com a riqueza<\/p>\n","protected":false},"author":1,"featured_media":48657,"comment_status":"closed","ping_status":"closed","sticky":false,"template":"","format":"standard","meta":{"colormag_page_container_layout":"default_layout","colormag_page_sidebar_layout":"default_layout","_monsterinsights_skip_tracking":false,"_monsterinsights_sitenote_active":false,"_monsterinsights_sitenote_note":"","_monsterinsights_sitenote_category":0,"jetpack_post_was_ever_published":false,"_jetpack_newsletter_access":"","_jetpack_dont_email_post_to_subs":false,"_jetpack_newsletter_tier_id":0,"_jetpack_memberships_contains_paywalled_content":false,"_jetpack_memberships_contains_paid_content":false,"footnotes":"","jetpack_publicize_message":"","jetpack_publicize_feature_enabled":true,"jetpack_social_post_already_shared":true,"jetpack_social_options":{"image_generator_settings":{"template":"highway","default_image_id":0,"font":"","enabled":false},"version":2}},"categories":[11],"tags":[36,62,370],"class_list":["post-48656","post","type-post","status-publish","format-standard","has-post-thumbnail","hentry","category-atualidade","tag-algarve","tag-atualidade","tag-vinhos"],"yoast_head":"<!-- This site is optimized with the Yoast SEO plugin v27.5 - https:\/\/yoast.com\/product\/yoast-seo-wordpress\/ -->\n<title>A mar\u00e9 desceu e trouxe o primeiro avistamento do UCA Violinista, o novo vinho algarvio\u00a0 - Algarve 7<\/title>\n<meta name=\"description\" content=\"A mar\u00e9 desceu e trouxe o primeiro avistamento do UCA Violinista, o novo vinho algarvio\u00a0 Atualidade\" \/>\n<meta name=\"robots\" content=\"index, follow, max-snippet:-1, max-image-preview:large, max-video-preview:-1\" \/>\n<link rel=\"canonical\" href=\"https:\/\/algarve7.pt\/index.php\/2025\/03\/a-mare-desceu-e-trouxe-o-primeiro-avistamento-do-uca-violinista-o-novo-vinho-algarvio\/atualidade\/09\/15\/\" \/>\n<meta property=\"og:locale\" content=\"pt_PT\" \/>\n<meta property=\"og:type\" content=\"article\" \/>\n<meta property=\"og:title\" content=\"A mar\u00e9 desceu e trouxe o primeiro avistamento do UCA Violinista, o novo vinho algarvio\u00a0 - Algarve 7\" \/>\n<meta property=\"og:description\" content=\"A mar\u00e9 desceu e trouxe o primeiro avistamento do UCA Violinista, o novo vinho algarvio\u00a0 Atualidade\" \/>\n<meta property=\"og:url\" content=\"https:\/\/algarve7.pt\/index.php\/2025\/03\/a-mare-desceu-e-trouxe-o-primeiro-avistamento-do-uca-violinista-o-novo-vinho-algarvio\/atualidade\/09\/15\/\" \/>\n<meta property=\"og:site_name\" content=\"Algarve 7\" \/>\n<meta property=\"article:publisher\" content=\"https:\/\/www.facebook.com\/algarve7\" \/>\n<meta property=\"article:author\" content=\"https:\/\/www.facebook.com\/algarve7\" \/>\n<meta property=\"article:published_time\" content=\"2025-03-29T09:15:00+00:00\" \/>\n<meta property=\"og:image\" content=\"https:\/\/algarve7.pt\/wp-content\/uploads\/2025\/03\/UcaViolinista-garrafas_montadas2.jpg\" \/>\n\t<meta property=\"og:image:width\" content=\"800\" \/>\n\t<meta property=\"og:image:height\" content=\"500\" \/>\n\t<meta property=\"og:image:type\" content=\"image\/jpeg\" \/>\n<meta name=\"author\" content=\"Algarve 7\" \/>\n<meta name=\"twitter:card\" content=\"summary_large_image\" \/>\n<meta name=\"twitter:creator\" content=\"@Algarvesete\" \/>\n<meta name=\"twitter:site\" content=\"@Algarvesete\" \/>\n<meta name=\"twitter:label1\" content=\"Escrito por\" \/>\n\t<meta name=\"twitter:data1\" content=\"Algarve 7\" \/>\n\t<meta name=\"twitter:label2\" content=\"Tempo estimado de leitura\" \/>\n\t<meta name=\"twitter:data2\" content=\"5 minutos\" \/>\n<script type=\"application\/ld+json\" class=\"yoast-schema-graph\">{\"@context\":\"https:\\\/\\\/schema.org\",\"@graph\":[{\"@type\":\"Article\",\"@id\":\"https:\\\/\\\/algarve7.pt\\\/index.php\\\/2025\\\/03\\\/a-mare-desceu-e-trouxe-o-primeiro-avistamento-do-uca-violinista-o-novo-vinho-algarvio\\\/atualidade\\\/09\\\/15\\\/#article\",\"isPartOf\":{\"@id\":\"https:\\\/\\\/algarve7.pt\\\/index.php\\\/2025\\\/03\\\/a-mare-desceu-e-trouxe-o-primeiro-avistamento-do-uca-violinista-o-novo-vinho-algarvio\\\/atualidade\\\/09\\\/15\\\/\"},\"author\":{\"name\":\"Algarve 7\",\"@id\":\"https:\\\/\\\/algarve7.pt\\\/#\\\/schema\\\/person\\\/23fa70681308e7b319a3204bcea45e0c\"},\"headline\":\"A mar\u00e9 desceu e trouxe o primeiro avistamento do UCA Violinista, o novo vinho algarvio\u00a0\",\"datePublished\":\"2025-03-29T09:15:00+00:00\",\"mainEntityOfPage\":{\"@id\":\"https:\\\/\\\/algarve7.pt\\\/index.php\\\/2025\\\/03\\\/a-mare-desceu-e-trouxe-o-primeiro-avistamento-do-uca-violinista-o-novo-vinho-algarvio\\\/atualidade\\\/09\\\/15\\\/\"},\"wordCount\":786,\"publisher\":{\"@id\":\"https:\\\/\\\/algarve7.pt\\\/#organization\"},\"image\":{\"@id\":\"https:\\\/\\\/algarve7.pt\\\/index.php\\\/2025\\\/03\\\/a-mare-desceu-e-trouxe-o-primeiro-avistamento-do-uca-violinista-o-novo-vinho-algarvio\\\/atualidade\\\/09\\\/15\\\/#primaryimage\"},\"thumbnailUrl\":\"https:\\\/\\\/algarve7.pt\\\/wp-content\\\/uploads\\\/2025\\\/03\\\/UcaViolinista-garrafas_montadas2.jpg\",\"keywords\":[\"Algarve\",\"Atualidade\",\"Vinhos\"],\"articleSection\":[\"Atualidade\"],\"inLanguage\":\"pt-PT\"},{\"@type\":\"WebPage\",\"@id\":\"https:\\\/\\\/algarve7.pt\\\/index.php\\\/2025\\\/03\\\/a-mare-desceu-e-trouxe-o-primeiro-avistamento-do-uca-violinista-o-novo-vinho-algarvio\\\/atualidade\\\/09\\\/15\\\/\",\"url\":\"https:\\\/\\\/algarve7.pt\\\/index.php\\\/2025\\\/03\\\/a-mare-desceu-e-trouxe-o-primeiro-avistamento-do-uca-violinista-o-novo-vinho-algarvio\\\/atualidade\\\/09\\\/15\\\/\",\"name\":\"A mar\u00e9 desceu e trouxe o primeiro avistamento do UCA Violinista, o novo vinho algarvio\u00a0 - Algarve 7\",\"isPartOf\":{\"@id\":\"https:\\\/\\\/algarve7.pt\\\/#website\"},\"primaryImageOfPage\":{\"@id\":\"https:\\\/\\\/algarve7.pt\\\/index.php\\\/2025\\\/03\\\/a-mare-desceu-e-trouxe-o-primeiro-avistamento-do-uca-violinista-o-novo-vinho-algarvio\\\/atualidade\\\/09\\\/15\\\/#primaryimage\"},\"image\":{\"@id\":\"https:\\\/\\\/algarve7.pt\\\/index.php\\\/2025\\\/03\\\/a-mare-desceu-e-trouxe-o-primeiro-avistamento-do-uca-violinista-o-novo-vinho-algarvio\\\/atualidade\\\/09\\\/15\\\/#primaryimage\"},\"thumbnailUrl\":\"https:\\\/\\\/algarve7.pt\\\/wp-content\\\/uploads\\\/2025\\\/03\\\/UcaViolinista-garrafas_montadas2.jpg\",\"datePublished\":\"2025-03-29T09:15:00+00:00\",\"description\":\"A mar\u00e9 desceu e trouxe o primeiro avistamento do UCA Violinista, o novo vinho algarvio\u00a0 Atualidade\",\"breadcrumb\":{\"@id\":\"https:\\\/\\\/algarve7.pt\\\/index.php\\\/2025\\\/03\\\/a-mare-desceu-e-trouxe-o-primeiro-avistamento-do-uca-violinista-o-novo-vinho-algarvio\\\/atualidade\\\/09\\\/15\\\/#breadcrumb\"},\"inLanguage\":\"pt-PT\",\"potentialAction\":[{\"@type\":\"ReadAction\",\"target\":[\"https:\\\/\\\/algarve7.pt\\\/index.php\\\/2025\\\/03\\\/a-mare-desceu-e-trouxe-o-primeiro-avistamento-do-uca-violinista-o-novo-vinho-algarvio\\\/atualidade\\\/09\\\/15\\\/\"]}]},{\"@type\":\"ImageObject\",\"inLanguage\":\"pt-PT\",\"@id\":\"https:\\\/\\\/algarve7.pt\\\/index.php\\\/2025\\\/03\\\/a-mare-desceu-e-trouxe-o-primeiro-avistamento-do-uca-violinista-o-novo-vinho-algarvio\\\/atualidade\\\/09\\\/15\\\/#primaryimage\",\"url\":\"https:\\\/\\\/algarve7.pt\\\/wp-content\\\/uploads\\\/2025\\\/03\\\/UcaViolinista-garrafas_montadas2.jpg\",\"contentUrl\":\"https:\\\/\\\/algarve7.pt\\\/wp-content\\\/uploads\\\/2025\\\/03\\\/UcaViolinista-garrafas_montadas2.jpg\",\"width\":800,\"height\":500},{\"@type\":\"BreadcrumbList\",\"@id\":\"https:\\\/\\\/algarve7.pt\\\/index.php\\\/2025\\\/03\\\/a-mare-desceu-e-trouxe-o-primeiro-avistamento-do-uca-violinista-o-novo-vinho-algarvio\\\/atualidade\\\/09\\\/15\\\/#breadcrumb\",\"itemListElement\":[{\"@type\":\"ListItem\",\"position\":1,\"name\":\"In\u00edcio\",\"item\":\"https:\\\/\\\/algarve7.pt\\\/\"},{\"@type\":\"ListItem\",\"position\":2,\"name\":\"A mar\u00e9 desceu e trouxe o primeiro avistamento do UCA Violinista, o novo vinho algarvio\u00a0\"}]},{\"@type\":\"WebSite\",\"@id\":\"https:\\\/\\\/algarve7.pt\\\/#website\",\"url\":\"https:\\\/\\\/algarve7.pt\\\/\",\"name\":\"Algarve 7\",\"description\":\"Informa\u00e7\u00e3o sobre o Algarve\",\"publisher\":{\"@id\":\"https:\\\/\\\/algarve7.pt\\\/#organization\"},\"potentialAction\":[{\"@type\":\"SearchAction\",\"target\":{\"@type\":\"EntryPoint\",\"urlTemplate\":\"https:\\\/\\\/algarve7.pt\\\/?s={search_term_string}\"},\"query-input\":{\"@type\":\"PropertyValueSpecification\",\"valueRequired\":true,\"valueName\":\"search_term_string\"}}],\"inLanguage\":\"pt-PT\"},{\"@type\":\"Organization\",\"@id\":\"https:\\\/\\\/algarve7.pt\\\/#organization\",\"name\":\"Algarve 7\",\"url\":\"https:\\\/\\\/algarve7.pt\\\/\",\"logo\":{\"@type\":\"ImageObject\",\"inLanguage\":\"pt-PT\",\"@id\":\"https:\\\/\\\/algarve7.pt\\\/#\\\/schema\\\/logo\\\/image\\\/\",\"url\":\"https:\\\/\\\/algarve7.pt\\\/wp-content\\\/uploads\\\/2020\\\/10\\\/Logo-8.jpg\",\"contentUrl\":\"https:\\\/\\\/algarve7.pt\\\/wp-content\\\/uploads\\\/2020\\\/10\\\/Logo-8.jpg\",\"width\":1680,\"height\":1186,\"caption\":\"Algarve 7\"},\"image\":{\"@id\":\"https:\\\/\\\/algarve7.pt\\\/#\\\/schema\\\/logo\\\/image\\\/\"},\"sameAs\":[\"https:\\\/\\\/www.facebook.com\\\/algarve7\",\"https:\\\/\\\/x.com\\\/Algarvesete\",\"https:\\\/\\\/www.instagram.com\\\/jornalalgarve7\\\/\",\"https:\\\/\\\/www.linkedin.com\\\/company\\\/algarve7\",\"https:\\\/\\\/www.pinterest.pt\\\/geral0939\\\/_created\\\/\"]},{\"@type\":\"Person\",\"@id\":\"https:\\\/\\\/algarve7.pt\\\/#\\\/schema\\\/person\\\/23fa70681308e7b319a3204bcea45e0c\",\"name\":\"Algarve 7\",\"sameAs\":[\"https:\\\/\\\/algarve7.pt\",\"https:\\\/\\\/www.facebook.com\\\/algarve7\"],\"url\":\"https:\\\/\\\/algarve7.pt\\\/index.php\\\/author\\\/geralalgarve7-pt\\\/\"}]}<\/script>\n<!-- \/ Yoast SEO plugin. -->","yoast_head_json":{"title":"A mar\u00e9 desceu e trouxe o primeiro avistamento do UCA Violinista, o novo vinho algarvio\u00a0 - Algarve 7","description":"A mar\u00e9 desceu e trouxe o primeiro avistamento do UCA Violinista, o novo vinho algarvio\u00a0 Atualidade","robots":{"index":"index","follow":"follow","max-snippet":"max-snippet:-1","max-image-preview":"max-image-preview:large","max-video-preview":"max-video-preview:-1"},"canonical":"https:\/\/algarve7.pt\/index.php\/2025\/03\/a-mare-desceu-e-trouxe-o-primeiro-avistamento-do-uca-violinista-o-novo-vinho-algarvio\/atualidade\/09\/15\/","og_locale":"pt_PT","og_type":"article","og_title":"A mar\u00e9 desceu e trouxe o primeiro avistamento do UCA Violinista, o novo vinho algarvio\u00a0 - Algarve 7","og_description":"A mar\u00e9 desceu e trouxe o primeiro avistamento do UCA Violinista, o novo vinho algarvio\u00a0 Atualidade","og_url":"https:\/\/algarve7.pt\/index.php\/2025\/03\/a-mare-desceu-e-trouxe-o-primeiro-avistamento-do-uca-violinista-o-novo-vinho-algarvio\/atualidade\/09\/15\/","og_site_name":"Algarve 7","article_publisher":"https:\/\/www.facebook.com\/algarve7","article_author":"https:\/\/www.facebook.com\/algarve7","article_published_time":"2025-03-29T09:15:00+00:00","og_image":[{"width":800,"height":500,"url":"https:\/\/algarve7.pt\/wp-content\/uploads\/2025\/03\/UcaViolinista-garrafas_montadas2.jpg","type":"image\/jpeg"}],"author":"Algarve 7","twitter_card":"summary_large_image","twitter_creator":"@Algarvesete","twitter_site":"@Algarvesete","twitter_misc":{"Escrito por":"Algarve 7","Tempo estimado de leitura":"5 minutos"},"schema":{"@context":"https:\/\/schema.org","@graph":[{"@type":"Article","@id":"https:\/\/algarve7.pt\/index.php\/2025\/03\/a-mare-desceu-e-trouxe-o-primeiro-avistamento-do-uca-violinista-o-novo-vinho-algarvio\/atualidade\/09\/15\/#article","isPartOf":{"@id":"https:\/\/algarve7.pt\/index.php\/2025\/03\/a-mare-desceu-e-trouxe-o-primeiro-avistamento-do-uca-violinista-o-novo-vinho-algarvio\/atualidade\/09\/15\/"},"author":{"name":"Algarve 7","@id":"https:\/\/algarve7.pt\/#\/schema\/person\/23fa70681308e7b319a3204bcea45e0c"},"headline":"A mar\u00e9 desceu e trouxe o primeiro avistamento do UCA Violinista, o novo vinho algarvio\u00a0","datePublished":"2025-03-29T09:15:00+00:00","mainEntityOfPage":{"@id":"https:\/\/algarve7.pt\/index.php\/2025\/03\/a-mare-desceu-e-trouxe-o-primeiro-avistamento-do-uca-violinista-o-novo-vinho-algarvio\/atualidade\/09\/15\/"},"wordCount":786,"publisher":{"@id":"https:\/\/algarve7.pt\/#organization"},"image":{"@id":"https:\/\/algarve7.pt\/index.php\/2025\/03\/a-mare-desceu-e-trouxe-o-primeiro-avistamento-do-uca-violinista-o-novo-vinho-algarvio\/atualidade\/09\/15\/#primaryimage"},"thumbnailUrl":"https:\/\/algarve7.pt\/wp-content\/uploads\/2025\/03\/UcaViolinista-garrafas_montadas2.jpg","keywords":["Algarve","Atualidade","Vinhos"],"articleSection":["Atualidade"],"inLanguage":"pt-PT"},{"@type":"WebPage","@id":"https:\/\/algarve7.pt\/index.php\/2025\/03\/a-mare-desceu-e-trouxe-o-primeiro-avistamento-do-uca-violinista-o-novo-vinho-algarvio\/atualidade\/09\/15\/","url":"https:\/\/algarve7.pt\/index.php\/2025\/03\/a-mare-desceu-e-trouxe-o-primeiro-avistamento-do-uca-violinista-o-novo-vinho-algarvio\/atualidade\/09\/15\/","name":"A mar\u00e9 desceu e trouxe o primeiro avistamento do UCA Violinista, o novo vinho algarvio\u00a0 - Algarve 7","isPartOf":{"@id":"https:\/\/algarve7.pt\/#website"},"primaryImageOfPage":{"@id":"https:\/\/algarve7.pt\/index.php\/2025\/03\/a-mare-desceu-e-trouxe-o-primeiro-avistamento-do-uca-violinista-o-novo-vinho-algarvio\/atualidade\/09\/15\/#primaryimage"},"image":{"@id":"https:\/\/algarve7.pt\/index.php\/2025\/03\/a-mare-desceu-e-trouxe-o-primeiro-avistamento-do-uca-violinista-o-novo-vinho-algarvio\/atualidade\/09\/15\/#primaryimage"},"thumbnailUrl":"https:\/\/algarve7.pt\/wp-content\/uploads\/2025\/03\/UcaViolinista-garrafas_montadas2.jpg","datePublished":"2025-03-29T09:15:00+00:00","description":"A mar\u00e9 desceu e trouxe o primeiro avistamento do UCA Violinista, o novo vinho algarvio\u00a0 Atualidade","breadcrumb":{"@id":"https:\/\/algarve7.pt\/index.php\/2025\/03\/a-mare-desceu-e-trouxe-o-primeiro-avistamento-do-uca-violinista-o-novo-vinho-algarvio\/atualidade\/09\/15\/#breadcrumb"},"inLanguage":"pt-PT","potentialAction":[{"@type":"ReadAction","target":["https:\/\/algarve7.pt\/index.php\/2025\/03\/a-mare-desceu-e-trouxe-o-primeiro-avistamento-do-uca-violinista-o-novo-vinho-algarvio\/atualidade\/09\/15\/"]}]},{"@type":"ImageObject","inLanguage":"pt-PT","@id":"https:\/\/algarve7.pt\/index.php\/2025\/03\/a-mare-desceu-e-trouxe-o-primeiro-avistamento-do-uca-violinista-o-novo-vinho-algarvio\/atualidade\/09\/15\/#primaryimage","url":"https:\/\/algarve7.pt\/wp-content\/uploads\/2025\/03\/UcaViolinista-garrafas_montadas2.jpg","contentUrl":"https:\/\/algarve7.pt\/wp-content\/uploads\/2025\/03\/UcaViolinista-garrafas_montadas2.jpg","width":800,"height":500},{"@type":"BreadcrumbList","@id":"https:\/\/algarve7.pt\/index.php\/2025\/03\/a-mare-desceu-e-trouxe-o-primeiro-avistamento-do-uca-violinista-o-novo-vinho-algarvio\/atualidade\/09\/15\/#breadcrumb","itemListElement":[{"@type":"ListItem","position":1,"name":"In\u00edcio","item":"https:\/\/algarve7.pt\/"},{"@type":"ListItem","position":2,"name":"A mar\u00e9 desceu e trouxe o primeiro avistamento do UCA Violinista, o novo vinho algarvio\u00a0"}]},{"@type":"WebSite","@id":"https:\/\/algarve7.pt\/#website","url":"https:\/\/algarve7.pt\/","name":"Algarve 7","description":"Informa\u00e7\u00e3o sobre o Algarve","publisher":{"@id":"https:\/\/algarve7.pt\/#organization"},"potentialAction":[{"@type":"SearchAction","target":{"@type":"EntryPoint","urlTemplate":"https:\/\/algarve7.pt\/?s={search_term_string}"},"query-input":{"@type":"PropertyValueSpecification","valueRequired":true,"valueName":"search_term_string"}}],"inLanguage":"pt-PT"},{"@type":"Organization","@id":"https:\/\/algarve7.pt\/#organization","name":"Algarve 7","url":"https:\/\/algarve7.pt\/","logo":{"@type":"ImageObject","inLanguage":"pt-PT","@id":"https:\/\/algarve7.pt\/#\/schema\/logo\/image\/","url":"https:\/\/algarve7.pt\/wp-content\/uploads\/2020\/10\/Logo-8.jpg","contentUrl":"https:\/\/algarve7.pt\/wp-content\/uploads\/2020\/10\/Logo-8.jpg","width":1680,"height":1186,"caption":"Algarve 7"},"image":{"@id":"https:\/\/algarve7.pt\/#\/schema\/logo\/image\/"},"sameAs":["https:\/\/www.facebook.com\/algarve7","https:\/\/x.com\/Algarvesete","https:\/\/www.instagram.com\/jornalalgarve7\/","https:\/\/www.linkedin.com\/company\/algarve7","https:\/\/www.pinterest.pt\/geral0939\/_created\/"]},{"@type":"Person","@id":"https:\/\/algarve7.pt\/#\/schema\/person\/23fa70681308e7b319a3204bcea45e0c","name":"Algarve 7","sameAs":["https:\/\/algarve7.pt","https:\/\/www.facebook.com\/algarve7"],"url":"https:\/\/algarve7.pt\/index.php\/author\/geralalgarve7-pt\/"}]}},"jetpack_publicize_connections":[],"jetpack_featured_media_url":"https:\/\/algarve7.pt\/wp-content\/uploads\/2025\/03\/UcaViolinista-garrafas_montadas2.jpg","jetpack_shortlink":"https:\/\/wp.me\/pcezmW-cEM","jetpack_sharing_enabled":true,"_links":{"self":[{"href":"https:\/\/algarve7.pt\/index.php\/wp-json\/wp\/v2\/posts\/48656","targetHints":{"allow":["GET"]}}],"collection":[{"href":"https:\/\/algarve7.pt\/index.php\/wp-json\/wp\/v2\/posts"}],"about":[{"href":"https:\/\/algarve7.pt\/index.php\/wp-json\/wp\/v2\/types\/post"}],"author":[{"embeddable":true,"href":"https:\/\/algarve7.pt\/index.php\/wp-json\/wp\/v2\/users\/1"}],"replies":[{"embeddable":true,"href":"https:\/\/algarve7.pt\/index.php\/wp-json\/wp\/v2\/comments?post=48656"}],"version-history":[{"count":0,"href":"https:\/\/algarve7.pt\/index.php\/wp-json\/wp\/v2\/posts\/48656\/revisions"}],"wp:featuredmedia":[{"embeddable":true,"href":"https:\/\/algarve7.pt\/index.php\/wp-json\/wp\/v2\/media\/48657"}],"wp:attachment":[{"href":"https:\/\/algarve7.pt\/index.php\/wp-json\/wp\/v2\/media?parent=48656"}],"wp:term":[{"taxonomy":"category","embeddable":true,"href":"https:\/\/algarve7.pt\/index.php\/wp-json\/wp\/v2\/categories?post=48656"},{"taxonomy":"post_tag","embeddable":true,"href":"https:\/\/algarve7.pt\/index.php\/wp-json\/wp\/v2\/tags?post=48656"}],"curies":[{"name":"wp","href":"https:\/\/api.w.org\/{rel}","templated":true}]}}