{"id":48621,"date":"2025-03-25T08:00:00","date_gmt":"2025-03-25T08:00:00","guid":{"rendered":"https:\/\/algarve7.pt\/?p=48621"},"modified":"2025-03-22T13:54:03","modified_gmt":"2025-03-22T13:54:03","slug":"1-a-milha-urbana-joao-de-deus-acontece-em-sao-bartolomeu-de-messines-no-dia-30-de-marco","status":"publish","type":"post","link":"https:\/\/algarve7.pt\/index.php\/2025\/03\/1-a-milha-urbana-joao-de-deus-acontece-em-sao-bartolomeu-de-messines-no-dia-30-de-marco\/desporto\/08\/00\/","title":{"rendered":"1.\u00aa Milha urbana &#8220;Jo\u00e3o de Deus&#8221; acontece em S\u00e3o Bartolomeu de Messines no dia 30 de mar\u00e7o"},"content":{"rendered":"\n<p>S\u00e3o Bartolomeu de Messines prepara-se para receber a 1.\u00aa Milha Urbana &#8220;Jo\u00e3o de Deus&#8221;, no domingo, dia 30 de mar\u00e7o, pelas 10h00, com partida no Jardim Municipal de S\u00e3o Bartolomeu de Messines.<\/p>\n\n\n\n<p>Co-organizada pela ADECT-Associa\u00e7\u00e3o Desportiva e Cultural de Tunes, Munic\u00edpio de Silves, Junta de Freguesia de S\u00e3o Bartolomeu de Messines e Associa\u00e7\u00e3o de Atletismo do Algarve, a competi\u00e7\u00e3o integra o Campeonato Regional da Milha da Associa\u00e7\u00e3o de Atletismo do Algarve, sendo um desafio para atletas de todas as idades.<\/p>\n\n\n\n<p>A participa\u00e7\u00e3o \u00e9 gratuita e as inscri\u00e7\u00f5es podem ser realizadas at\u00e9 ao pr\u00f3ximo dia 27 de mar\u00e7o. Os contactos para mais informa\u00e7\u00f5es e inscri\u00e7\u00f5es s\u00e3o\u00a0<a href=\"mailto:geral.adect@gmail.com\" target=\"_blank\" rel=\"noreferrer noopener\">geral.adect@gmail.com<\/a>\u00a0ou \u00a0932 723\u00a0635.<\/p>\n\n\n\n<p>Tamb\u00e9m na sequ\u00eancia da realiza\u00e7\u00e3o da prova, de forma a garantir a&nbsp;seguran\u00e7a de todos os atletas, ser\u00e3o encerradas ao tr\u00e2nsito, entre as 8h30 e as 13h00, as \u00e1reas e ruas inseridas no percurso da iniciativa, s\u00e3o estas: Jardim Municipal, rua Maria da Piedade Bastos Serpa, rua Dr. Ant\u00f3nio da Costa Contreiras, rua Tenente Coronel Jos\u00e9 Vargas Mogo, Largo Ant\u00f3nio Vaz Mascarenhas (parcial), rua Her\u00f3is de Mucaba, rua Ant\u00f3nio Cabrita Pires, rua. Jos\u00e9 Rodrigues Martins, rua Dr. Jos\u00e9 Ventura Duarte, Rua Sacadura Cabral (final), Azinhaga do Ribeiro e Rua do Est\u00e1dio Municipal.&nbsp;<\/p>\n\n\n\n<p>O Munic\u00edpio de Silves agradece a compreens\u00e3o dos residentes e automobilistas e convida todos a assistir e participar na 1.\u00aa Milha Urbana &#8220;Jo\u00e3o de Deus&#8221;.&nbsp;&nbsp;<\/p>\n","protected":false},"excerpt":{"rendered":"<p>S\u00e3o Bartolomeu de Messines prepara-se para receber a 1.\u00aa Milha Urbana &#8220;Jo\u00e3o de Deus&#8221;, no domingo, dia 30 de mar\u00e7o,<\/p>\n","protected":false},"author":1,"featured_media":48622,"comment_status":"closed","ping_status":"closed","sticky":false,"template":"","format":"standard","meta":{"colormag_page_container_layout":"default_layout","colormag_page_sidebar_layout":"default_layout","_monsterinsights_skip_tracking":false,"_monsterinsights_sitenote_active":false,"_monsterinsights_sitenote_note":"","_monsterinsights_sitenote_category":0,"jetpack_post_was_ever_published":false,"_jetpack_newsletter_access":"","_jetpack_dont_email_post_to_subs":false,"_jetpack_newsletter_tier_id":0,"_jetpack_memberships_contains_paywalled_content":false,"_jetpack_memberships_contains_paid_content":false,"footnotes":"","jetpack_publicize_message":"","jetpack_publicize_feature_enabled":true,"jetpack_social_post_already_shared":true,"jetpack_social_options":{"image_generator_settings":{"template":"highway","default_image_id":0,"font":"","enabled":false},"version":2}},"categories":[15],"tags":[36,40,42],"class_list":["post-48621","post","type-post","status-publish","format-standard","has-post-thumbnail","hentry","category-desporto","tag-algarve","tag-desporto","tag-silves"],"yoast_head":"<!-- This site is optimized with the Yoast SEO plugin v27.5 - https:\/\/yoast.com\/product\/yoast-seo-wordpress\/ -->\n<title>1.\u00aa Milha urbana &quot;Jo\u00e3o de Deus&quot; acontece em S\u00e3o Bartolomeu de Messines no dia 30 de mar\u00e7o - Algarve 7<\/title>\n<meta name=\"description\" content=\"1.\u00aa Milha urbana &quot;Jo\u00e3o de Deus&quot; acontece em S\u00e3o Bartolomeu de Messines no dia 30 de mar\u00e7o Desporto\" \/>\n<meta name=\"robots\" content=\"index, follow, max-snippet:-1, max-image-preview:large, max-video-preview:-1\" \/>\n<link rel=\"canonical\" href=\"https:\/\/algarve7.pt\/index.php\/2025\/03\/1-a-milha-urbana-joao-de-deus-acontece-em-sao-bartolomeu-de-messines-no-dia-30-de-marco\/desporto\/08\/00\/\" \/>\n<meta property=\"og:locale\" content=\"pt_PT\" \/>\n<meta property=\"og:type\" content=\"article\" \/>\n<meta property=\"og:title\" content=\"1.\u00aa Milha urbana &quot;Jo\u00e3o de Deus&quot; acontece em S\u00e3o Bartolomeu de Messines no dia 30 de mar\u00e7o - Algarve 7\" \/>\n<meta property=\"og:description\" content=\"1.\u00aa Milha urbana &quot;Jo\u00e3o de Deus&quot; acontece em S\u00e3o Bartolomeu de Messines no dia 30 de mar\u00e7o Desporto\" \/>\n<meta property=\"og:url\" content=\"https:\/\/algarve7.pt\/index.php\/2025\/03\/1-a-milha-urbana-joao-de-deus-acontece-em-sao-bartolomeu-de-messines-no-dia-30-de-marco\/desporto\/08\/00\/\" \/>\n<meta property=\"og:site_name\" content=\"Algarve 7\" \/>\n<meta property=\"article:publisher\" content=\"https:\/\/www.facebook.com\/algarve7\" \/>\n<meta property=\"article:author\" content=\"https:\/\/www.facebook.com\/algarve7\" \/>\n<meta property=\"article:published_time\" content=\"2025-03-25T08:00:00+00:00\" \/>\n<meta property=\"og:image\" content=\"https:\/\/algarve7.pt\/wp-content\/uploads\/2025\/03\/Captura-de-ecra-2025-03-22-as-13.51.19.png\" \/>\n\t<meta property=\"og:image:width\" content=\"800\" \/>\n\t<meta property=\"og:image:height\" content=\"500\" \/>\n\t<meta property=\"og:image:type\" content=\"image\/png\" \/>\n<meta name=\"author\" content=\"Algarve 7\" \/>\n<meta name=\"twitter:card\" content=\"summary_large_image\" \/>\n<meta name=\"twitter:creator\" content=\"@Algarvesete\" \/>\n<meta name=\"twitter:site\" content=\"@Algarvesete\" \/>\n<meta name=\"twitter:label1\" content=\"Escrito por\" \/>\n\t<meta name=\"twitter:data1\" content=\"Algarve 7\" \/>\n\t<meta name=\"twitter:label2\" content=\"Tempo estimado de leitura\" \/>\n\t<meta name=\"twitter:data2\" content=\"2 minutos\" \/>\n<script type=\"application\/ld+json\" class=\"yoast-schema-graph\">{\"@context\":\"https:\\\/\\\/schema.org\",\"@graph\":[{\"@type\":\"Article\",\"@id\":\"https:\\\/\\\/algarve7.pt\\\/index.php\\\/2025\\\/03\\\/1-a-milha-urbana-joao-de-deus-acontece-em-sao-bartolomeu-de-messines-no-dia-30-de-marco\\\/desporto\\\/08\\\/00\\\/#article\",\"isPartOf\":{\"@id\":\"https:\\\/\\\/algarve7.pt\\\/index.php\\\/2025\\\/03\\\/1-a-milha-urbana-joao-de-deus-acontece-em-sao-bartolomeu-de-messines-no-dia-30-de-marco\\\/desporto\\\/08\\\/00\\\/\"},\"author\":{\"name\":\"Algarve 7\",\"@id\":\"https:\\\/\\\/algarve7.pt\\\/#\\\/schema\\\/person\\\/23fa70681308e7b319a3204bcea45e0c\"},\"headline\":\"1.\u00aa Milha urbana &#8220;Jo\u00e3o de Deus&#8221; acontece em S\u00e3o Bartolomeu de Messines no dia 30 de mar\u00e7o\",\"datePublished\":\"2025-03-25T08:00:00+00:00\",\"mainEntityOfPage\":{\"@id\":\"https:\\\/\\\/algarve7.pt\\\/index.php\\\/2025\\\/03\\\/1-a-milha-urbana-joao-de-deus-acontece-em-sao-bartolomeu-de-messines-no-dia-30-de-marco\\\/desporto\\\/08\\\/00\\\/\"},\"wordCount\":276,\"publisher\":{\"@id\":\"https:\\\/\\\/algarve7.pt\\\/#organization\"},\"image\":{\"@id\":\"https:\\\/\\\/algarve7.pt\\\/index.php\\\/2025\\\/03\\\/1-a-milha-urbana-joao-de-deus-acontece-em-sao-bartolomeu-de-messines-no-dia-30-de-marco\\\/desporto\\\/08\\\/00\\\/#primaryimage\"},\"thumbnailUrl\":\"https:\\\/\\\/algarve7.pt\\\/wp-content\\\/uploads\\\/2025\\\/03\\\/Captura-de-ecra-2025-03-22-as-13.51.19.png\",\"keywords\":[\"Algarve\",\"Desporto\",\"Silves\"],\"articleSection\":[\"Desporto\"],\"inLanguage\":\"pt-PT\"},{\"@type\":\"WebPage\",\"@id\":\"https:\\\/\\\/algarve7.pt\\\/index.php\\\/2025\\\/03\\\/1-a-milha-urbana-joao-de-deus-acontece-em-sao-bartolomeu-de-messines-no-dia-30-de-marco\\\/desporto\\\/08\\\/00\\\/\",\"url\":\"https:\\\/\\\/algarve7.pt\\\/index.php\\\/2025\\\/03\\\/1-a-milha-urbana-joao-de-deus-acontece-em-sao-bartolomeu-de-messines-no-dia-30-de-marco\\\/desporto\\\/08\\\/00\\\/\",\"name\":\"1.\u00aa Milha urbana \\\"Jo\u00e3o de Deus\\\" acontece em S\u00e3o Bartolomeu de Messines no dia 30 de mar\u00e7o - Algarve 7\",\"isPartOf\":{\"@id\":\"https:\\\/\\\/algarve7.pt\\\/#website\"},\"primaryImageOfPage\":{\"@id\":\"https:\\\/\\\/algarve7.pt\\\/index.php\\\/2025\\\/03\\\/1-a-milha-urbana-joao-de-deus-acontece-em-sao-bartolomeu-de-messines-no-dia-30-de-marco\\\/desporto\\\/08\\\/00\\\/#primaryimage\"},\"image\":{\"@id\":\"https:\\\/\\\/algarve7.pt\\\/index.php\\\/2025\\\/03\\\/1-a-milha-urbana-joao-de-deus-acontece-em-sao-bartolomeu-de-messines-no-dia-30-de-marco\\\/desporto\\\/08\\\/00\\\/#primaryimage\"},\"thumbnailUrl\":\"https:\\\/\\\/algarve7.pt\\\/wp-content\\\/uploads\\\/2025\\\/03\\\/Captura-de-ecra-2025-03-22-as-13.51.19.png\",\"datePublished\":\"2025-03-25T08:00:00+00:00\",\"description\":\"1.\u00aa Milha urbana \\\"Jo\u00e3o de Deus\\\" acontece em S\u00e3o Bartolomeu de Messines no dia 30 de mar\u00e7o Desporto\",\"breadcrumb\":{\"@id\":\"https:\\\/\\\/algarve7.pt\\\/index.php\\\/2025\\\/03\\\/1-a-milha-urbana-joao-de-deus-acontece-em-sao-bartolomeu-de-messines-no-dia-30-de-marco\\\/desporto\\\/08\\\/00\\\/#breadcrumb\"},\"inLanguage\":\"pt-PT\",\"potentialAction\":[{\"@type\":\"ReadAction\",\"target\":[\"https:\\\/\\\/algarve7.pt\\\/index.php\\\/2025\\\/03\\\/1-a-milha-urbana-joao-de-deus-acontece-em-sao-bartolomeu-de-messines-no-dia-30-de-marco\\\/desporto\\\/08\\\/00\\\/\"]}]},{\"@type\":\"ImageObject\",\"inLanguage\":\"pt-PT\",\"@id\":\"https:\\\/\\\/algarve7.pt\\\/index.php\\\/2025\\\/03\\\/1-a-milha-urbana-joao-de-deus-acontece-em-sao-bartolomeu-de-messines-no-dia-30-de-marco\\\/desporto\\\/08\\\/00\\\/#primaryimage\",\"url\":\"https:\\\/\\\/algarve7.pt\\\/wp-content\\\/uploads\\\/2025\\\/03\\\/Captura-de-ecra-2025-03-22-as-13.51.19.png\",\"contentUrl\":\"https:\\\/\\\/algarve7.pt\\\/wp-content\\\/uploads\\\/2025\\\/03\\\/Captura-de-ecra-2025-03-22-as-13.51.19.png\",\"width\":800,\"height\":500},{\"@type\":\"BreadcrumbList\",\"@id\":\"https:\\\/\\\/algarve7.pt\\\/index.php\\\/2025\\\/03\\\/1-a-milha-urbana-joao-de-deus-acontece-em-sao-bartolomeu-de-messines-no-dia-30-de-marco\\\/desporto\\\/08\\\/00\\\/#breadcrumb\",\"itemListElement\":[{\"@type\":\"ListItem\",\"position\":1,\"name\":\"In\u00edcio\",\"item\":\"https:\\\/\\\/algarve7.pt\\\/\"},{\"@type\":\"ListItem\",\"position\":2,\"name\":\"1.\u00aa Milha urbana &#8220;Jo\u00e3o de Deus&#8221; acontece em S\u00e3o Bartolomeu de Messines no dia 30 de mar\u00e7o\"}]},{\"@type\":\"WebSite\",\"@id\":\"https:\\\/\\\/algarve7.pt\\\/#website\",\"url\":\"https:\\\/\\\/algarve7.pt\\\/\",\"name\":\"Algarve 7\",\"description\":\"Informa\u00e7\u00e3o sobre o Algarve\",\"publisher\":{\"@id\":\"https:\\\/\\\/algarve7.pt\\\/#organization\"},\"potentialAction\":[{\"@type\":\"SearchAction\",\"target\":{\"@type\":\"EntryPoint\",\"urlTemplate\":\"https:\\\/\\\/algarve7.pt\\\/?s={search_term_string}\"},\"query-input\":{\"@type\":\"PropertyValueSpecification\",\"valueRequired\":true,\"valueName\":\"search_term_string\"}}],\"inLanguage\":\"pt-PT\"},{\"@type\":\"Organization\",\"@id\":\"https:\\\/\\\/algarve7.pt\\\/#organization\",\"name\":\"Algarve 7\",\"url\":\"https:\\\/\\\/algarve7.pt\\\/\",\"logo\":{\"@type\":\"ImageObject\",\"inLanguage\":\"pt-PT\",\"@id\":\"https:\\\/\\\/algarve7.pt\\\/#\\\/schema\\\/logo\\\/image\\\/\",\"url\":\"https:\\\/\\\/algarve7.pt\\\/wp-content\\\/uploads\\\/2020\\\/10\\\/Logo-8.jpg\",\"contentUrl\":\"https:\\\/\\\/algarve7.pt\\\/wp-content\\\/uploads\\\/2020\\\/10\\\/Logo-8.jpg\",\"width\":1680,\"height\":1186,\"caption\":\"Algarve 7\"},\"image\":{\"@id\":\"https:\\\/\\\/algarve7.pt\\\/#\\\/schema\\\/logo\\\/image\\\/\"},\"sameAs\":[\"https:\\\/\\\/www.facebook.com\\\/algarve7\",\"https:\\\/\\\/x.com\\\/Algarvesete\",\"https:\\\/\\\/www.instagram.com\\\/jornalalgarve7\\\/\",\"https:\\\/\\\/www.linkedin.com\\\/company\\\/algarve7\",\"https:\\\/\\\/www.pinterest.pt\\\/geral0939\\\/_created\\\/\"]},{\"@type\":\"Person\",\"@id\":\"https:\\\/\\\/algarve7.pt\\\/#\\\/schema\\\/person\\\/23fa70681308e7b319a3204bcea45e0c\",\"name\":\"Algarve 7\",\"sameAs\":[\"https:\\\/\\\/algarve7.pt\",\"https:\\\/\\\/www.facebook.com\\\/algarve7\"],\"url\":\"https:\\\/\\\/algarve7.pt\\\/index.php\\\/author\\\/geralalgarve7-pt\\\/\"}]}<\/script>\n<!-- \/ Yoast SEO plugin. -->","yoast_head_json":{"title":"1.\u00aa Milha urbana \"Jo\u00e3o de Deus\" acontece em S\u00e3o Bartolomeu de Messines no dia 30 de mar\u00e7o - Algarve 7","description":"1.\u00aa Milha urbana \"Jo\u00e3o de Deus\" acontece em S\u00e3o Bartolomeu de Messines no dia 30 de mar\u00e7o Desporto","robots":{"index":"index","follow":"follow","max-snippet":"max-snippet:-1","max-image-preview":"max-image-preview:large","max-video-preview":"max-video-preview:-1"},"canonical":"https:\/\/algarve7.pt\/index.php\/2025\/03\/1-a-milha-urbana-joao-de-deus-acontece-em-sao-bartolomeu-de-messines-no-dia-30-de-marco\/desporto\/08\/00\/","og_locale":"pt_PT","og_type":"article","og_title":"1.\u00aa Milha urbana \"Jo\u00e3o de Deus\" acontece em S\u00e3o Bartolomeu de Messines no dia 30 de mar\u00e7o - Algarve 7","og_description":"1.\u00aa Milha urbana \"Jo\u00e3o de Deus\" acontece em S\u00e3o Bartolomeu de Messines no dia 30 de mar\u00e7o Desporto","og_url":"https:\/\/algarve7.pt\/index.php\/2025\/03\/1-a-milha-urbana-joao-de-deus-acontece-em-sao-bartolomeu-de-messines-no-dia-30-de-marco\/desporto\/08\/00\/","og_site_name":"Algarve 7","article_publisher":"https:\/\/www.facebook.com\/algarve7","article_author":"https:\/\/www.facebook.com\/algarve7","article_published_time":"2025-03-25T08:00:00+00:00","og_image":[{"width":800,"height":500,"url":"https:\/\/algarve7.pt\/wp-content\/uploads\/2025\/03\/Captura-de-ecra-2025-03-22-as-13.51.19.png","type":"image\/png"}],"author":"Algarve 7","twitter_card":"summary_large_image","twitter_creator":"@Algarvesete","twitter_site":"@Algarvesete","twitter_misc":{"Escrito por":"Algarve 7","Tempo estimado de leitura":"2 minutos"},"schema":{"@context":"https:\/\/schema.org","@graph":[{"@type":"Article","@id":"https:\/\/algarve7.pt\/index.php\/2025\/03\/1-a-milha-urbana-joao-de-deus-acontece-em-sao-bartolomeu-de-messines-no-dia-30-de-marco\/desporto\/08\/00\/#article","isPartOf":{"@id":"https:\/\/algarve7.pt\/index.php\/2025\/03\/1-a-milha-urbana-joao-de-deus-acontece-em-sao-bartolomeu-de-messines-no-dia-30-de-marco\/desporto\/08\/00\/"},"author":{"name":"Algarve 7","@id":"https:\/\/algarve7.pt\/#\/schema\/person\/23fa70681308e7b319a3204bcea45e0c"},"headline":"1.\u00aa Milha urbana &#8220;Jo\u00e3o de Deus&#8221; acontece em S\u00e3o Bartolomeu de Messines no dia 30 de mar\u00e7o","datePublished":"2025-03-25T08:00:00+00:00","mainEntityOfPage":{"@id":"https:\/\/algarve7.pt\/index.php\/2025\/03\/1-a-milha-urbana-joao-de-deus-acontece-em-sao-bartolomeu-de-messines-no-dia-30-de-marco\/desporto\/08\/00\/"},"wordCount":276,"publisher":{"@id":"https:\/\/algarve7.pt\/#organization"},"image":{"@id":"https:\/\/algarve7.pt\/index.php\/2025\/03\/1-a-milha-urbana-joao-de-deus-acontece-em-sao-bartolomeu-de-messines-no-dia-30-de-marco\/desporto\/08\/00\/#primaryimage"},"thumbnailUrl":"https:\/\/algarve7.pt\/wp-content\/uploads\/2025\/03\/Captura-de-ecra-2025-03-22-as-13.51.19.png","keywords":["Algarve","Desporto","Silves"],"articleSection":["Desporto"],"inLanguage":"pt-PT"},{"@type":"WebPage","@id":"https:\/\/algarve7.pt\/index.php\/2025\/03\/1-a-milha-urbana-joao-de-deus-acontece-em-sao-bartolomeu-de-messines-no-dia-30-de-marco\/desporto\/08\/00\/","url":"https:\/\/algarve7.pt\/index.php\/2025\/03\/1-a-milha-urbana-joao-de-deus-acontece-em-sao-bartolomeu-de-messines-no-dia-30-de-marco\/desporto\/08\/00\/","name":"1.\u00aa Milha urbana \"Jo\u00e3o de Deus\" acontece em S\u00e3o Bartolomeu de Messines no dia 30 de mar\u00e7o - Algarve 7","isPartOf":{"@id":"https:\/\/algarve7.pt\/#website"},"primaryImageOfPage":{"@id":"https:\/\/algarve7.pt\/index.php\/2025\/03\/1-a-milha-urbana-joao-de-deus-acontece-em-sao-bartolomeu-de-messines-no-dia-30-de-marco\/desporto\/08\/00\/#primaryimage"},"image":{"@id":"https:\/\/algarve7.pt\/index.php\/2025\/03\/1-a-milha-urbana-joao-de-deus-acontece-em-sao-bartolomeu-de-messines-no-dia-30-de-marco\/desporto\/08\/00\/#primaryimage"},"thumbnailUrl":"https:\/\/algarve7.pt\/wp-content\/uploads\/2025\/03\/Captura-de-ecra-2025-03-22-as-13.51.19.png","datePublished":"2025-03-25T08:00:00+00:00","description":"1.\u00aa Milha urbana \"Jo\u00e3o de Deus\" acontece em S\u00e3o Bartolomeu de Messines no dia 30 de mar\u00e7o Desporto","breadcrumb":{"@id":"https:\/\/algarve7.pt\/index.php\/2025\/03\/1-a-milha-urbana-joao-de-deus-acontece-em-sao-bartolomeu-de-messines-no-dia-30-de-marco\/desporto\/08\/00\/#breadcrumb"},"inLanguage":"pt-PT","potentialAction":[{"@type":"ReadAction","target":["https:\/\/algarve7.pt\/index.php\/2025\/03\/1-a-milha-urbana-joao-de-deus-acontece-em-sao-bartolomeu-de-messines-no-dia-30-de-marco\/desporto\/08\/00\/"]}]},{"@type":"ImageObject","inLanguage":"pt-PT","@id":"https:\/\/algarve7.pt\/index.php\/2025\/03\/1-a-milha-urbana-joao-de-deus-acontece-em-sao-bartolomeu-de-messines-no-dia-30-de-marco\/desporto\/08\/00\/#primaryimage","url":"https:\/\/algarve7.pt\/wp-content\/uploads\/2025\/03\/Captura-de-ecra-2025-03-22-as-13.51.19.png","contentUrl":"https:\/\/algarve7.pt\/wp-content\/uploads\/2025\/03\/Captura-de-ecra-2025-03-22-as-13.51.19.png","width":800,"height":500},{"@type":"BreadcrumbList","@id":"https:\/\/algarve7.pt\/index.php\/2025\/03\/1-a-milha-urbana-joao-de-deus-acontece-em-sao-bartolomeu-de-messines-no-dia-30-de-marco\/desporto\/08\/00\/#breadcrumb","itemListElement":[{"@type":"ListItem","position":1,"name":"In\u00edcio","item":"https:\/\/algarve7.pt\/"},{"@type":"ListItem","position":2,"name":"1.\u00aa Milha urbana &#8220;Jo\u00e3o de Deus&#8221; acontece em S\u00e3o Bartolomeu de Messines no dia 30 de mar\u00e7o"}]},{"@type":"WebSite","@id":"https:\/\/algarve7.pt\/#website","url":"https:\/\/algarve7.pt\/","name":"Algarve 7","description":"Informa\u00e7\u00e3o sobre o Algarve","publisher":{"@id":"https:\/\/algarve7.pt\/#organization"},"potentialAction":[{"@type":"SearchAction","target":{"@type":"EntryPoint","urlTemplate":"https:\/\/algarve7.pt\/?s={search_term_string}"},"query-input":{"@type":"PropertyValueSpecification","valueRequired":true,"valueName":"search_term_string"}}],"inLanguage":"pt-PT"},{"@type":"Organization","@id":"https:\/\/algarve7.pt\/#organization","name":"Algarve 7","url":"https:\/\/algarve7.pt\/","logo":{"@type":"ImageObject","inLanguage":"pt-PT","@id":"https:\/\/algarve7.pt\/#\/schema\/logo\/image\/","url":"https:\/\/algarve7.pt\/wp-content\/uploads\/2020\/10\/Logo-8.jpg","contentUrl":"https:\/\/algarve7.pt\/wp-content\/uploads\/2020\/10\/Logo-8.jpg","width":1680,"height":1186,"caption":"Algarve 7"},"image":{"@id":"https:\/\/algarve7.pt\/#\/schema\/logo\/image\/"},"sameAs":["https:\/\/www.facebook.com\/algarve7","https:\/\/x.com\/Algarvesete","https:\/\/www.instagram.com\/jornalalgarve7\/","https:\/\/www.linkedin.com\/company\/algarve7","https:\/\/www.pinterest.pt\/geral0939\/_created\/"]},{"@type":"Person","@id":"https:\/\/algarve7.pt\/#\/schema\/person\/23fa70681308e7b319a3204bcea45e0c","name":"Algarve 7","sameAs":["https:\/\/algarve7.pt","https:\/\/www.facebook.com\/algarve7"],"url":"https:\/\/algarve7.pt\/index.php\/author\/geralalgarve7-pt\/"}]}},"jetpack_publicize_connections":[],"jetpack_featured_media_url":"https:\/\/algarve7.pt\/wp-content\/uploads\/2025\/03\/Captura-de-ecra-2025-03-22-as-13.51.19.png","jetpack_shortlink":"https:\/\/wp.me\/pcezmW-cEd","jetpack_sharing_enabled":true,"_links":{"self":[{"href":"https:\/\/algarve7.pt\/index.php\/wp-json\/wp\/v2\/posts\/48621","targetHints":{"allow":["GET"]}}],"collection":[{"href":"https:\/\/algarve7.pt\/index.php\/wp-json\/wp\/v2\/posts"}],"about":[{"href":"https:\/\/algarve7.pt\/index.php\/wp-json\/wp\/v2\/types\/post"}],"author":[{"embeddable":true,"href":"https:\/\/algarve7.pt\/index.php\/wp-json\/wp\/v2\/users\/1"}],"replies":[{"embeddable":true,"href":"https:\/\/algarve7.pt\/index.php\/wp-json\/wp\/v2\/comments?post=48621"}],"version-history":[{"count":0,"href":"https:\/\/algarve7.pt\/index.php\/wp-json\/wp\/v2\/posts\/48621\/revisions"}],"wp:featuredmedia":[{"embeddable":true,"href":"https:\/\/algarve7.pt\/index.php\/wp-json\/wp\/v2\/media\/48622"}],"wp:attachment":[{"href":"https:\/\/algarve7.pt\/index.php\/wp-json\/wp\/v2\/media?parent=48621"}],"wp:term":[{"taxonomy":"category","embeddable":true,"href":"https:\/\/algarve7.pt\/index.php\/wp-json\/wp\/v2\/categories?post=48621"},{"taxonomy":"post_tag","embeddable":true,"href":"https:\/\/algarve7.pt\/index.php\/wp-json\/wp\/v2\/tags?post=48621"}],"curies":[{"name":"wp","href":"https:\/\/api.w.org\/{rel}","templated":true}]}}