{"id":48608,"date":"2025-03-23T12:00:00","date_gmt":"2025-03-23T12:00:00","guid":{"rendered":"https:\/\/algarve7.pt\/?p=48608"},"modified":"2025-03-22T13:24:21","modified_gmt":"2025-03-22T13:24:21","slug":"monchique-can-a-primeira-garrafa-de-agua-portuguesa-produzida-em-aluminio","status":"publish","type":"post","link":"https:\/\/algarve7.pt\/index.php\/2025\/03\/monchique-can-a-primeira-garrafa-de-agua-portuguesa-produzida-em-aluminio\/atualidade\/12\/00\/","title":{"rendered":"Monchique Can: a primeira garrafa de \u00e1gua portuguesa produzida em alum\u00ednio"},"content":{"rendered":"\n<p>Na v\u00e9spera do Dia Mundial da \u00c1gua e num mundo onde a sustentabilidade \u00e9 absolutamente incontorn\u00e1vel, a \u00c1gua Monchique continua o seu percurso rumo \u00e0 redu\u00e7\u00e3o efetiva do seu impacto ambiental com o lan\u00e7amento da Monchique Can, a primeira garrafa de \u00e1gua portuguesa produzida em alum\u00ednio.&nbsp;<\/p>\n\n\n\n<p>Esta inovadora solu\u00e7\u00e3o, livre de BPA (Bisfenol A), \u00e0 semelhan\u00e7a de todas as demais embalagens da \u00c1gua Monchique, \u00e9 infinitamente recicl\u00e1vel. Fabricada em alum\u00ednio, a Monchique Can alia inova\u00e7\u00e3o e praticidade a um design elegante e moderno, contribuindo para a promo\u00e7\u00e3o de h\u00e1bitos amigos do ambiente. \u201cA nova embalagem espelha o nosso compromisso cont\u00ednuo com a sustentabilidade e a inova\u00e7\u00e3o. Queremos oferecer aos nossos consumidores solu\u00e7\u00f5es que representem um impacto ambiental reduzido&#8221;, refere V\u00edtor Hugo Gon\u00e7alves, CEO da \u00c1gua Monchique.<\/p>\n\n\n\n<p><strong>Sustentabilidade e durabilidade<\/strong><\/p>\n\n\n\n<p>A nova Monchique Can n\u00e3o \u00e9 apenas uma garrafa, \u00e9 uma afirma\u00e7\u00e3o de inova\u00e7\u00e3o e sustentabilidade. Fabricada em alum\u00ednio, assegura uma vida \u00fatil mais longa. Al\u00e9m disso, \u00e9 o complemento perfeito para o EcoPack Monchique 10L, a embalagem&nbsp;<em>bag-in-box<\/em>&nbsp;sustent\u00e1vel que facilita o&nbsp;<em>refill<\/em>&nbsp;e contribui para a redu\u00e7\u00e3o da pegada ecol\u00f3gica.<\/p>\n\n\n\n<p>A \u00c1gua Monchique selecionou o alum\u00ednio como a mat\u00e9ria-prima de elei\u00e7\u00e3o para a produ\u00e7\u00e3o desta inova\u00e7\u00e3o, por este ser 100% e infinitamente recicl\u00e1vel, sem perda de propriedades. A sua capacidade t\u00e9rmica \u00e9 outra grande vantagem, pois permite manter a \u00e1gua fresca por mais tempo, proporcionando uma experi\u00eancia de hidrata\u00e7\u00e3o revigorante.<\/p>\n\n\n\n<p>A Monchique Can acompanha o ritmo do quotidiano. A leveza e portabilidade fazem dela a companheira ideal para o trabalho, o gin\u00e1sio ou um passeio ao ar livre e vem juntar-se a uma longa lista de inova\u00e7\u00f5es j\u00e1 disponibilizadas pela \u00c1gua Monchique ao mercado, e de onde se destaca a Monchique Sport 100% ECO, o EcoPack Monchique e a Monchique Natura. Todas estas solu\u00e7\u00f5es refletem um esfor\u00e7o cont\u00ednuo da marca em reduzir a pegada ecol\u00f3gica.&nbsp;<\/p>\n\n\n\n<p><strong>Design e funcionalidade<\/strong><\/p>\n\n\n\n<p>Al\u00e9m da sua funcionalidade e compromisso ecol\u00f3gico, a Monchique Can destaca-se tamb\u00e9m pelo design arrojado e distintivo. Dispon\u00edvel em tr\u00eas vers\u00f5es exclusivas, cada uma com um toque art\u00edstico, esta embalagem \u00e9 uma pe\u00e7a \u00fanica que combina est\u00e9tica e versatilidade. A sua imagem&nbsp;<em>premium<\/em>&nbsp;confere-lhe sofistica\u00e7\u00e3o, permitindo que se destaque em qualquer contexto, seja num evento, numa reuni\u00e3o ou numa simples pausa para hidrata\u00e7\u00e3o.<\/p>\n\n\n\n<p>Dentro em breve, a Monchique Can estar\u00e1 dispon\u00edvel nos pontos de venda habituais e promete contribuir como uma alternativa na forma como consumimos \u00e1gua, proporcionando uma solu\u00e7\u00e3o mais ecol\u00f3gica, tornando ainda mais atrativa a experi\u00eancia de consumo.<\/p>\n","protected":false},"excerpt":{"rendered":"<p>Na v\u00e9spera do Dia Mundial da \u00c1gua e num mundo onde a sustentabilidade \u00e9 absolutamente incontorn\u00e1vel, a \u00c1gua Monchique continua<\/p>\n","protected":false},"author":1,"featured_media":48609,"comment_status":"closed","ping_status":"closed","sticky":false,"template":"","format":"standard","meta":{"colormag_page_container_layout":"default_layout","colormag_page_sidebar_layout":"default_layout","_monsterinsights_skip_tracking":false,"_monsterinsights_sitenote_active":false,"_monsterinsights_sitenote_note":"","_monsterinsights_sitenote_category":0,"jetpack_post_was_ever_published":false,"_jetpack_newsletter_access":"","_jetpack_dont_email_post_to_subs":false,"_jetpack_newsletter_tier_id":0,"_jetpack_memberships_contains_paywalled_content":false,"_jetpack_memberships_contains_paid_content":false,"footnotes":"","jetpack_publicize_message":"","jetpack_publicize_feature_enabled":true,"jetpack_social_post_already_shared":true,"jetpack_social_options":{"image_generator_settings":{"template":"highway","default_image_id":0,"font":"","enabled":false},"version":2}},"categories":[11],"tags":[892,36,62,171],"class_list":["post-48608","post","type-post","status-publish","format-standard","has-post-thumbnail","hentry","category-atualidade","tag-agua-monchique","tag-algarve","tag-atualidade","tag-monchique"],"yoast_head":"<!-- This site is optimized with the Yoast SEO plugin v27.5 - https:\/\/yoast.com\/product\/yoast-seo-wordpress\/ -->\n<title>Monchique Can: a primeira garrafa de \u00e1gua portuguesa produzida em alum\u00ednio - Algarve 7<\/title>\n<meta name=\"description\" content=\"Monchique Can: a primeira garrafa de \u00e1gua portuguesa produzida em alum\u00ednio Atualidade\" \/>\n<meta name=\"robots\" content=\"index, follow, max-snippet:-1, max-image-preview:large, max-video-preview:-1\" \/>\n<link rel=\"canonical\" href=\"https:\/\/algarve7.pt\/index.php\/2025\/03\/monchique-can-a-primeira-garrafa-de-agua-portuguesa-produzida-em-aluminio\/atualidade\/12\/00\/\" \/>\n<meta property=\"og:locale\" content=\"pt_PT\" \/>\n<meta property=\"og:type\" content=\"article\" \/>\n<meta property=\"og:title\" content=\"Monchique Can: a primeira garrafa de \u00e1gua portuguesa produzida em alum\u00ednio - Algarve 7\" \/>\n<meta property=\"og:description\" content=\"Monchique Can: a primeira garrafa de \u00e1gua portuguesa produzida em alum\u00ednio Atualidade\" \/>\n<meta property=\"og:url\" content=\"https:\/\/algarve7.pt\/index.php\/2025\/03\/monchique-can-a-primeira-garrafa-de-agua-portuguesa-produzida-em-aluminio\/atualidade\/12\/00\/\" \/>\n<meta property=\"og:site_name\" content=\"Algarve 7\" \/>\n<meta property=\"article:publisher\" content=\"https:\/\/www.facebook.com\/algarve7\" \/>\n<meta property=\"article:author\" content=\"https:\/\/www.facebook.com\/algarve7\" \/>\n<meta property=\"article:published_time\" content=\"2025-03-23T12:00:00+00:00\" \/>\n<meta property=\"og:image\" content=\"https:\/\/algarve7.pt\/wp-content\/uploads\/2025\/03\/Captura-de-ecra-2025-03-22-as-13.21.34.png\" \/>\n\t<meta property=\"og:image:width\" content=\"800\" \/>\n\t<meta property=\"og:image:height\" content=\"500\" \/>\n\t<meta property=\"og:image:type\" content=\"image\/png\" \/>\n<meta name=\"author\" content=\"Algarve 7\" \/>\n<meta name=\"twitter:card\" content=\"summary_large_image\" \/>\n<meta name=\"twitter:creator\" content=\"@Algarvesete\" \/>\n<meta name=\"twitter:site\" content=\"@Algarvesete\" \/>\n<meta name=\"twitter:label1\" content=\"Escrito por\" \/>\n\t<meta name=\"twitter:data1\" content=\"Algarve 7\" \/>\n\t<meta name=\"twitter:label2\" content=\"Tempo estimado de leitura\" \/>\n\t<meta name=\"twitter:data2\" content=\"3 minutos\" \/>\n<script type=\"application\/ld+json\" class=\"yoast-schema-graph\">{\"@context\":\"https:\\\/\\\/schema.org\",\"@graph\":[{\"@type\":\"Article\",\"@id\":\"https:\\\/\\\/algarve7.pt\\\/index.php\\\/2025\\\/03\\\/monchique-can-a-primeira-garrafa-de-agua-portuguesa-produzida-em-aluminio\\\/atualidade\\\/12\\\/00\\\/#article\",\"isPartOf\":{\"@id\":\"https:\\\/\\\/algarve7.pt\\\/index.php\\\/2025\\\/03\\\/monchique-can-a-primeira-garrafa-de-agua-portuguesa-produzida-em-aluminio\\\/atualidade\\\/12\\\/00\\\/\"},\"author\":{\"name\":\"Algarve 7\",\"@id\":\"https:\\\/\\\/algarve7.pt\\\/#\\\/schema\\\/person\\\/23fa70681308e7b319a3204bcea45e0c\"},\"headline\":\"Monchique Can: a primeira garrafa de \u00e1gua portuguesa produzida em alum\u00ednio\",\"datePublished\":\"2025-03-23T12:00:00+00:00\",\"mainEntityOfPage\":{\"@id\":\"https:\\\/\\\/algarve7.pt\\\/index.php\\\/2025\\\/03\\\/monchique-can-a-primeira-garrafa-de-agua-portuguesa-produzida-em-aluminio\\\/atualidade\\\/12\\\/00\\\/\"},\"wordCount\":474,\"publisher\":{\"@id\":\"https:\\\/\\\/algarve7.pt\\\/#organization\"},\"image\":{\"@id\":\"https:\\\/\\\/algarve7.pt\\\/index.php\\\/2025\\\/03\\\/monchique-can-a-primeira-garrafa-de-agua-portuguesa-produzida-em-aluminio\\\/atualidade\\\/12\\\/00\\\/#primaryimage\"},\"thumbnailUrl\":\"https:\\\/\\\/algarve7.pt\\\/wp-content\\\/uploads\\\/2025\\\/03\\\/Captura-de-ecra-2025-03-22-as-13.21.34.png\",\"keywords\":[\"\u00c1gua Monchique\",\"Algarve\",\"Atualidade\",\"Monchique\"],\"articleSection\":[\"Atualidade\"],\"inLanguage\":\"pt-PT\"},{\"@type\":\"WebPage\",\"@id\":\"https:\\\/\\\/algarve7.pt\\\/index.php\\\/2025\\\/03\\\/monchique-can-a-primeira-garrafa-de-agua-portuguesa-produzida-em-aluminio\\\/atualidade\\\/12\\\/00\\\/\",\"url\":\"https:\\\/\\\/algarve7.pt\\\/index.php\\\/2025\\\/03\\\/monchique-can-a-primeira-garrafa-de-agua-portuguesa-produzida-em-aluminio\\\/atualidade\\\/12\\\/00\\\/\",\"name\":\"Monchique Can: a primeira garrafa de \u00e1gua portuguesa produzida em alum\u00ednio - Algarve 7\",\"isPartOf\":{\"@id\":\"https:\\\/\\\/algarve7.pt\\\/#website\"},\"primaryImageOfPage\":{\"@id\":\"https:\\\/\\\/algarve7.pt\\\/index.php\\\/2025\\\/03\\\/monchique-can-a-primeira-garrafa-de-agua-portuguesa-produzida-em-aluminio\\\/atualidade\\\/12\\\/00\\\/#primaryimage\"},\"image\":{\"@id\":\"https:\\\/\\\/algarve7.pt\\\/index.php\\\/2025\\\/03\\\/monchique-can-a-primeira-garrafa-de-agua-portuguesa-produzida-em-aluminio\\\/atualidade\\\/12\\\/00\\\/#primaryimage\"},\"thumbnailUrl\":\"https:\\\/\\\/algarve7.pt\\\/wp-content\\\/uploads\\\/2025\\\/03\\\/Captura-de-ecra-2025-03-22-as-13.21.34.png\",\"datePublished\":\"2025-03-23T12:00:00+00:00\",\"description\":\"Monchique Can: a primeira garrafa de \u00e1gua portuguesa produzida em alum\u00ednio Atualidade\",\"breadcrumb\":{\"@id\":\"https:\\\/\\\/algarve7.pt\\\/index.php\\\/2025\\\/03\\\/monchique-can-a-primeira-garrafa-de-agua-portuguesa-produzida-em-aluminio\\\/atualidade\\\/12\\\/00\\\/#breadcrumb\"},\"inLanguage\":\"pt-PT\",\"potentialAction\":[{\"@type\":\"ReadAction\",\"target\":[\"https:\\\/\\\/algarve7.pt\\\/index.php\\\/2025\\\/03\\\/monchique-can-a-primeira-garrafa-de-agua-portuguesa-produzida-em-aluminio\\\/atualidade\\\/12\\\/00\\\/\"]}]},{\"@type\":\"ImageObject\",\"inLanguage\":\"pt-PT\",\"@id\":\"https:\\\/\\\/algarve7.pt\\\/index.php\\\/2025\\\/03\\\/monchique-can-a-primeira-garrafa-de-agua-portuguesa-produzida-em-aluminio\\\/atualidade\\\/12\\\/00\\\/#primaryimage\",\"url\":\"https:\\\/\\\/algarve7.pt\\\/wp-content\\\/uploads\\\/2025\\\/03\\\/Captura-de-ecra-2025-03-22-as-13.21.34.png\",\"contentUrl\":\"https:\\\/\\\/algarve7.pt\\\/wp-content\\\/uploads\\\/2025\\\/03\\\/Captura-de-ecra-2025-03-22-as-13.21.34.png\",\"width\":800,\"height\":500},{\"@type\":\"BreadcrumbList\",\"@id\":\"https:\\\/\\\/algarve7.pt\\\/index.php\\\/2025\\\/03\\\/monchique-can-a-primeira-garrafa-de-agua-portuguesa-produzida-em-aluminio\\\/atualidade\\\/12\\\/00\\\/#breadcrumb\",\"itemListElement\":[{\"@type\":\"ListItem\",\"position\":1,\"name\":\"In\u00edcio\",\"item\":\"https:\\\/\\\/algarve7.pt\\\/\"},{\"@type\":\"ListItem\",\"position\":2,\"name\":\"Monchique Can: a primeira garrafa de \u00e1gua portuguesa produzida em alum\u00ednio\"}]},{\"@type\":\"WebSite\",\"@id\":\"https:\\\/\\\/algarve7.pt\\\/#website\",\"url\":\"https:\\\/\\\/algarve7.pt\\\/\",\"name\":\"Algarve 7\",\"description\":\"Informa\u00e7\u00e3o sobre o Algarve\",\"publisher\":{\"@id\":\"https:\\\/\\\/algarve7.pt\\\/#organization\"},\"potentialAction\":[{\"@type\":\"SearchAction\",\"target\":{\"@type\":\"EntryPoint\",\"urlTemplate\":\"https:\\\/\\\/algarve7.pt\\\/?s={search_term_string}\"},\"query-input\":{\"@type\":\"PropertyValueSpecification\",\"valueRequired\":true,\"valueName\":\"search_term_string\"}}],\"inLanguage\":\"pt-PT\"},{\"@type\":\"Organization\",\"@id\":\"https:\\\/\\\/algarve7.pt\\\/#organization\",\"name\":\"Algarve 7\",\"url\":\"https:\\\/\\\/algarve7.pt\\\/\",\"logo\":{\"@type\":\"ImageObject\",\"inLanguage\":\"pt-PT\",\"@id\":\"https:\\\/\\\/algarve7.pt\\\/#\\\/schema\\\/logo\\\/image\\\/\",\"url\":\"https:\\\/\\\/algarve7.pt\\\/wp-content\\\/uploads\\\/2020\\\/10\\\/Logo-8.jpg\",\"contentUrl\":\"https:\\\/\\\/algarve7.pt\\\/wp-content\\\/uploads\\\/2020\\\/10\\\/Logo-8.jpg\",\"width\":1680,\"height\":1186,\"caption\":\"Algarve 7\"},\"image\":{\"@id\":\"https:\\\/\\\/algarve7.pt\\\/#\\\/schema\\\/logo\\\/image\\\/\"},\"sameAs\":[\"https:\\\/\\\/www.facebook.com\\\/algarve7\",\"https:\\\/\\\/x.com\\\/Algarvesete\",\"https:\\\/\\\/www.instagram.com\\\/jornalalgarve7\\\/\",\"https:\\\/\\\/www.linkedin.com\\\/company\\\/algarve7\",\"https:\\\/\\\/www.pinterest.pt\\\/geral0939\\\/_created\\\/\"]},{\"@type\":\"Person\",\"@id\":\"https:\\\/\\\/algarve7.pt\\\/#\\\/schema\\\/person\\\/23fa70681308e7b319a3204bcea45e0c\",\"name\":\"Algarve 7\",\"sameAs\":[\"https:\\\/\\\/algarve7.pt\",\"https:\\\/\\\/www.facebook.com\\\/algarve7\"],\"url\":\"https:\\\/\\\/algarve7.pt\\\/index.php\\\/author\\\/geralalgarve7-pt\\\/\"}]}<\/script>\n<!-- \/ Yoast SEO plugin. -->","yoast_head_json":{"title":"Monchique Can: a primeira garrafa de \u00e1gua portuguesa produzida em alum\u00ednio - Algarve 7","description":"Monchique Can: a primeira garrafa de \u00e1gua portuguesa produzida em alum\u00ednio Atualidade","robots":{"index":"index","follow":"follow","max-snippet":"max-snippet:-1","max-image-preview":"max-image-preview:large","max-video-preview":"max-video-preview:-1"},"canonical":"https:\/\/algarve7.pt\/index.php\/2025\/03\/monchique-can-a-primeira-garrafa-de-agua-portuguesa-produzida-em-aluminio\/atualidade\/12\/00\/","og_locale":"pt_PT","og_type":"article","og_title":"Monchique Can: a primeira garrafa de \u00e1gua portuguesa produzida em alum\u00ednio - Algarve 7","og_description":"Monchique Can: a primeira garrafa de \u00e1gua portuguesa produzida em alum\u00ednio Atualidade","og_url":"https:\/\/algarve7.pt\/index.php\/2025\/03\/monchique-can-a-primeira-garrafa-de-agua-portuguesa-produzida-em-aluminio\/atualidade\/12\/00\/","og_site_name":"Algarve 7","article_publisher":"https:\/\/www.facebook.com\/algarve7","article_author":"https:\/\/www.facebook.com\/algarve7","article_published_time":"2025-03-23T12:00:00+00:00","og_image":[{"width":800,"height":500,"url":"https:\/\/algarve7.pt\/wp-content\/uploads\/2025\/03\/Captura-de-ecra-2025-03-22-as-13.21.34.png","type":"image\/png"}],"author":"Algarve 7","twitter_card":"summary_large_image","twitter_creator":"@Algarvesete","twitter_site":"@Algarvesete","twitter_misc":{"Escrito por":"Algarve 7","Tempo estimado de leitura":"3 minutos"},"schema":{"@context":"https:\/\/schema.org","@graph":[{"@type":"Article","@id":"https:\/\/algarve7.pt\/index.php\/2025\/03\/monchique-can-a-primeira-garrafa-de-agua-portuguesa-produzida-em-aluminio\/atualidade\/12\/00\/#article","isPartOf":{"@id":"https:\/\/algarve7.pt\/index.php\/2025\/03\/monchique-can-a-primeira-garrafa-de-agua-portuguesa-produzida-em-aluminio\/atualidade\/12\/00\/"},"author":{"name":"Algarve 7","@id":"https:\/\/algarve7.pt\/#\/schema\/person\/23fa70681308e7b319a3204bcea45e0c"},"headline":"Monchique Can: a primeira garrafa de \u00e1gua portuguesa produzida em alum\u00ednio","datePublished":"2025-03-23T12:00:00+00:00","mainEntityOfPage":{"@id":"https:\/\/algarve7.pt\/index.php\/2025\/03\/monchique-can-a-primeira-garrafa-de-agua-portuguesa-produzida-em-aluminio\/atualidade\/12\/00\/"},"wordCount":474,"publisher":{"@id":"https:\/\/algarve7.pt\/#organization"},"image":{"@id":"https:\/\/algarve7.pt\/index.php\/2025\/03\/monchique-can-a-primeira-garrafa-de-agua-portuguesa-produzida-em-aluminio\/atualidade\/12\/00\/#primaryimage"},"thumbnailUrl":"https:\/\/algarve7.pt\/wp-content\/uploads\/2025\/03\/Captura-de-ecra-2025-03-22-as-13.21.34.png","keywords":["\u00c1gua Monchique","Algarve","Atualidade","Monchique"],"articleSection":["Atualidade"],"inLanguage":"pt-PT"},{"@type":"WebPage","@id":"https:\/\/algarve7.pt\/index.php\/2025\/03\/monchique-can-a-primeira-garrafa-de-agua-portuguesa-produzida-em-aluminio\/atualidade\/12\/00\/","url":"https:\/\/algarve7.pt\/index.php\/2025\/03\/monchique-can-a-primeira-garrafa-de-agua-portuguesa-produzida-em-aluminio\/atualidade\/12\/00\/","name":"Monchique Can: a primeira garrafa de \u00e1gua portuguesa produzida em alum\u00ednio - Algarve 7","isPartOf":{"@id":"https:\/\/algarve7.pt\/#website"},"primaryImageOfPage":{"@id":"https:\/\/algarve7.pt\/index.php\/2025\/03\/monchique-can-a-primeira-garrafa-de-agua-portuguesa-produzida-em-aluminio\/atualidade\/12\/00\/#primaryimage"},"image":{"@id":"https:\/\/algarve7.pt\/index.php\/2025\/03\/monchique-can-a-primeira-garrafa-de-agua-portuguesa-produzida-em-aluminio\/atualidade\/12\/00\/#primaryimage"},"thumbnailUrl":"https:\/\/algarve7.pt\/wp-content\/uploads\/2025\/03\/Captura-de-ecra-2025-03-22-as-13.21.34.png","datePublished":"2025-03-23T12:00:00+00:00","description":"Monchique Can: a primeira garrafa de \u00e1gua portuguesa produzida em alum\u00ednio Atualidade","breadcrumb":{"@id":"https:\/\/algarve7.pt\/index.php\/2025\/03\/monchique-can-a-primeira-garrafa-de-agua-portuguesa-produzida-em-aluminio\/atualidade\/12\/00\/#breadcrumb"},"inLanguage":"pt-PT","potentialAction":[{"@type":"ReadAction","target":["https:\/\/algarve7.pt\/index.php\/2025\/03\/monchique-can-a-primeira-garrafa-de-agua-portuguesa-produzida-em-aluminio\/atualidade\/12\/00\/"]}]},{"@type":"ImageObject","inLanguage":"pt-PT","@id":"https:\/\/algarve7.pt\/index.php\/2025\/03\/monchique-can-a-primeira-garrafa-de-agua-portuguesa-produzida-em-aluminio\/atualidade\/12\/00\/#primaryimage","url":"https:\/\/algarve7.pt\/wp-content\/uploads\/2025\/03\/Captura-de-ecra-2025-03-22-as-13.21.34.png","contentUrl":"https:\/\/algarve7.pt\/wp-content\/uploads\/2025\/03\/Captura-de-ecra-2025-03-22-as-13.21.34.png","width":800,"height":500},{"@type":"BreadcrumbList","@id":"https:\/\/algarve7.pt\/index.php\/2025\/03\/monchique-can-a-primeira-garrafa-de-agua-portuguesa-produzida-em-aluminio\/atualidade\/12\/00\/#breadcrumb","itemListElement":[{"@type":"ListItem","position":1,"name":"In\u00edcio","item":"https:\/\/algarve7.pt\/"},{"@type":"ListItem","position":2,"name":"Monchique Can: a primeira garrafa de \u00e1gua portuguesa produzida em alum\u00ednio"}]},{"@type":"WebSite","@id":"https:\/\/algarve7.pt\/#website","url":"https:\/\/algarve7.pt\/","name":"Algarve 7","description":"Informa\u00e7\u00e3o sobre o Algarve","publisher":{"@id":"https:\/\/algarve7.pt\/#organization"},"potentialAction":[{"@type":"SearchAction","target":{"@type":"EntryPoint","urlTemplate":"https:\/\/algarve7.pt\/?s={search_term_string}"},"query-input":{"@type":"PropertyValueSpecification","valueRequired":true,"valueName":"search_term_string"}}],"inLanguage":"pt-PT"},{"@type":"Organization","@id":"https:\/\/algarve7.pt\/#organization","name":"Algarve 7","url":"https:\/\/algarve7.pt\/","logo":{"@type":"ImageObject","inLanguage":"pt-PT","@id":"https:\/\/algarve7.pt\/#\/schema\/logo\/image\/","url":"https:\/\/algarve7.pt\/wp-content\/uploads\/2020\/10\/Logo-8.jpg","contentUrl":"https:\/\/algarve7.pt\/wp-content\/uploads\/2020\/10\/Logo-8.jpg","width":1680,"height":1186,"caption":"Algarve 7"},"image":{"@id":"https:\/\/algarve7.pt\/#\/schema\/logo\/image\/"},"sameAs":["https:\/\/www.facebook.com\/algarve7","https:\/\/x.com\/Algarvesete","https:\/\/www.instagram.com\/jornalalgarve7\/","https:\/\/www.linkedin.com\/company\/algarve7","https:\/\/www.pinterest.pt\/geral0939\/_created\/"]},{"@type":"Person","@id":"https:\/\/algarve7.pt\/#\/schema\/person\/23fa70681308e7b319a3204bcea45e0c","name":"Algarve 7","sameAs":["https:\/\/algarve7.pt","https:\/\/www.facebook.com\/algarve7"],"url":"https:\/\/algarve7.pt\/index.php\/author\/geralalgarve7-pt\/"}]}},"jetpack_publicize_connections":[],"jetpack_featured_media_url":"https:\/\/algarve7.pt\/wp-content\/uploads\/2025\/03\/Captura-de-ecra-2025-03-22-as-13.21.34.png","jetpack_shortlink":"https:\/\/wp.me\/pcezmW-cE0","jetpack_sharing_enabled":true,"_links":{"self":[{"href":"https:\/\/algarve7.pt\/index.php\/wp-json\/wp\/v2\/posts\/48608","targetHints":{"allow":["GET"]}}],"collection":[{"href":"https:\/\/algarve7.pt\/index.php\/wp-json\/wp\/v2\/posts"}],"about":[{"href":"https:\/\/algarve7.pt\/index.php\/wp-json\/wp\/v2\/types\/post"}],"author":[{"embeddable":true,"href":"https:\/\/algarve7.pt\/index.php\/wp-json\/wp\/v2\/users\/1"}],"replies":[{"embeddable":true,"href":"https:\/\/algarve7.pt\/index.php\/wp-json\/wp\/v2\/comments?post=48608"}],"version-history":[{"count":0,"href":"https:\/\/algarve7.pt\/index.php\/wp-json\/wp\/v2\/posts\/48608\/revisions"}],"wp:featuredmedia":[{"embeddable":true,"href":"https:\/\/algarve7.pt\/index.php\/wp-json\/wp\/v2\/media\/48609"}],"wp:attachment":[{"href":"https:\/\/algarve7.pt\/index.php\/wp-json\/wp\/v2\/media?parent=48608"}],"wp:term":[{"taxonomy":"category","embeddable":true,"href":"https:\/\/algarve7.pt\/index.php\/wp-json\/wp\/v2\/categories?post=48608"},{"taxonomy":"post_tag","embeddable":true,"href":"https:\/\/algarve7.pt\/index.php\/wp-json\/wp\/v2\/tags?post=48608"}],"curies":[{"name":"wp","href":"https:\/\/api.w.org\/{rel}","templated":true}]}}