{"id":48564,"date":"2025-03-21T11:30:00","date_gmt":"2025-03-21T11:30:00","guid":{"rendered":"https:\/\/algarve7.pt\/?p=48564"},"modified":"2025-03-20T20:46:45","modified_gmt":"2025-03-20T20:46:45","slug":"portimao-oferece-atividades-gratuitas-para-criancas-nas-ferias-da-pascoa","status":"publish","type":"post","link":"https:\/\/algarve7.pt\/index.php\/2025\/03\/portimao-oferece-atividades-gratuitas-para-criancas-nas-ferias-da-pascoa\/atualidade\/11\/30\/","title":{"rendered":"Portim\u00e3o oferece atividades gratuitas para crian\u00e7as nas F\u00e9rias da P\u00e1scoa"},"content":{"rendered":"\n<p>Em Portim\u00e3o, diversas propostas l\u00fadicas e pedag\u00f3gicas est\u00e3o a ser preparadas para as crian\u00e7as durante a pausa letiva da P\u00e1scoa.<\/p>\n\n\n\n<p>O programa, gratuito, foi elaborado a pensar nas fam\u00edlias e \u00e9 destinado a todas as crian\u00e7as do concelho, com idades entre os 6 e os 12 anos, numa alternativa de ocupa\u00e7\u00e3o dos tempos livres durante a pr\u00f3xima pausa letiva.&nbsp;<\/p>\n\n\n\n<p>Na Biblioteca Municipal Manuel Teixeira Gomes, Museu de Portim\u00e3o, Pavilh\u00e3o Desportivo da Boavista, Complexo Desportivo de Alvor e Complexo Desportivo da Mexilhoeira Grande, a oferta \u00e9 disponibilizada para duas semanas, a primeira entre 7 e 11 de abril e a segunda entre 14 e 17 de abril, com vagas limitadas.&nbsp;&nbsp;A Quinta Pedag\u00f3gica apresenta o seu programa da P\u00e1scoa, a partir de 8 de abril.<\/p>\n\n\n\n<p><strong>Biblioteca convida a dar express\u00e3o \u00e0s hist\u00f3rias<\/strong><\/p>\n\n\n\n<p>A sugest\u00e3o da Biblioteca Municipal Manuel Teixeira Gomes baseia-se num conjunto de atividades l\u00fadicas e pedag\u00f3gicas, com hist\u00f3rias, jogos cooperativos e de express\u00e3o pl\u00e1stica. Cada dia ter\u00e1 uma tem\u00e1tica distinta, pois ter\u00e1 como suporte um livro diferente. Por isso, no final de cada dia, o resultado vai ser um trabalho art\u00edstico que ilustrar\u00e1 a hist\u00f3ria escolhida.&nbsp;<\/p>\n\n\n\n<p>Estas narrativas v\u00e3o dar ainda o enquadramento necess\u00e1rio para os exerc\u00edcios de concentra\u00e7\u00e3o, de imagina\u00e7\u00e3o, de criatividade, mas tamb\u00e9m para a partilha de opini\u00f5es, de sentimentos e de sentido cr\u00edtico. V\u00e3o ser praticadas tamb\u00e9m yoga, medita\u00e7\u00e3o e exerc\u00edcios de relaxamento.<\/p>\n\n\n\n<p>Neste equipamento cultural, as sess\u00f5es decorrem nas duas semanas, entre as 9h30 e as 12h30.<\/p>\n\n\n\n<p><strong>Museu de Portim\u00e3o incentiva express\u00e3o pl\u00e1stica<\/strong><\/p>\n\n\n\n<p>A pensar na interrup\u00e7\u00e3o letiva da P\u00e1scoa, o Museu de Portim\u00e3o prop\u00f5e uma \u201cviagem\u201d \u00e0 descoberta de experi\u00eancias ligadas \u00e0 express\u00e3o pl\u00e1stica, atrav\u00e9s do teatro de formas animadas.<\/p>\n\n\n\n<p>\u201cVamos animar as formas do Querubim Lapa\u201d \u00e9 o tema desta Oficina Educativa nas \u201cF\u00e9rias no Museu\u201d, que contar\u00e1 com orienta\u00e7\u00e3o pedag\u00f3gica de F\u00e1tima M\u00e1rtires.&nbsp;<\/p>\n\n\n\n<p>Durante uma semana, das 9h30 \u00e0s 13h00, as crian\u00e7as ter\u00e3o oportunidade de conhecer o trabalho do pintor e ceramista portimonense Querubim Lapa, atrav\u00e9s da exposi\u00e7\u00e3o de parte da sua obra que est\u00e1 patente no Museu at\u00e9 final de abril. Ao mesmo tempo, podem aprender sobre a no\u00e7\u00e3o da cor e da tonalidade dos objetos tridimensionais, bem como acerca de materiais de express\u00e3o pl\u00e1stica, tendo como base o teatro de formas animadas.<\/p>\n\n\n\n<p><strong>Jogos e desporto s\u00e3o outra das propostas<\/strong><\/p>\n\n\n\n<p>O Complexo Desportivo de Alvor e o Complexo Desportivo da Mexilhoeira Grande, a que se junta o Pavilh\u00e3o Desportivo da Boavista recebem diversas atividades, das 8h30 \u00e0s 13h30, que v\u00e3o desde a gin\u00e1stica aos jogos tradicionais, passando por diferentes jogos coletivos, pelo laser run e pela dan\u00e7a.<\/p>\n\n\n\n<p><strong>Quinta Pedag\u00f3gica vai ter \u201cP\u00e1scoa em Fam\u00edlia\u201d<\/strong><\/p>\n\n\n\n<p>Tamb\u00e9m em duas semanas, das 10h00 \u00e0s 11h00, a Quinta Pedag\u00f3gica abrir\u00e1 portas \u00e0 \u201cP\u00e1scoa em Fam\u00edlia\u201d. Entre 8 e 11 abril, na primeira semana, e de 15 a 17 de abril, este espa\u00e7o ao ar livre vai disponibilizar um t\u00e9cnico da equipa educativa para receber os grupos e acompanh\u00e1-los numa visita \u00e0 Quinta e na realiza\u00e7\u00e3o das atividades.<\/p>\n\n\n\n<p>\u201cMarmorear Ovos da P\u00e1scoa\u201d, o \u201cJogo da Hidra\u201d, dar o \u201cPequeno-almo\u00e7o aos Animais da Quinta\u201d, \u201cZero Desperd\u00edcio\u201d e a \u201cConstru\u00e7\u00e3o de Viveiros Pedag\u00f3gicos\u201d s\u00e3o algumas das propostas para estes dias, numa iniciativa que envolve as crian\u00e7as e as suas fam\u00edlias.<\/p>\n\n\n\n<p>A participa\u00e7\u00e3o \u00e9 gratuita em todas as atividades, mas a inscri\u00e7\u00e3o \u00e9 obrigat\u00f3ria. Poder\u00e1 ser efetuada a partir da pr\u00f3xima ter\u00e7a-feira, 25 de mar\u00e7o, havendo limites no n\u00famero de vagas em cada equipamento.&nbsp;&nbsp;<\/p>\n\n\n\n<p>Mais informa\u00e7\u00e3o dispon\u00edvel em\u00a0<a href=\"https:\/\/tinyurl.com\/559tcffu\" target=\"_blank\" rel=\"noreferrer noopener\">https:\/\/tinyurl.com\/559tcffu<\/a><\/p>\n","protected":false},"excerpt":{"rendered":"<p>Em Portim\u00e3o, diversas propostas l\u00fadicas e pedag\u00f3gicas est\u00e3o a ser preparadas para as crian\u00e7as durante a pausa letiva da P\u00e1scoa.<\/p>\n","protected":false},"author":1,"featured_media":48565,"comment_status":"closed","ping_status":"closed","sticky":false,"template":"","format":"standard","meta":{"colormag_page_container_layout":"default_layout","colormag_page_sidebar_layout":"default_layout","_monsterinsights_skip_tracking":false,"_monsterinsights_sitenote_active":false,"_monsterinsights_sitenote_note":"","_monsterinsights_sitenote_category":0,"jetpack_post_was_ever_published":false,"_jetpack_newsletter_access":"","_jetpack_dont_email_post_to_subs":false,"_jetpack_newsletter_tier_id":0,"_jetpack_memberships_contains_paywalled_content":false,"_jetpack_memberships_contains_paid_content":false,"footnotes":"","jetpack_publicize_message":"","jetpack_publicize_feature_enabled":true,"jetpack_social_post_already_shared":true,"jetpack_social_options":{"image_generator_settings":{"template":"highway","default_image_id":0,"font":"","enabled":false},"version":2}},"categories":[11],"tags":[36,62,72],"class_list":["post-48564","post","type-post","status-publish","format-standard","has-post-thumbnail","hentry","category-atualidade","tag-algarve","tag-atualidade","tag-portimao"],"yoast_head":"<!-- This site is optimized with the Yoast SEO plugin v27.5 - https:\/\/yoast.com\/product\/yoast-seo-wordpress\/ -->\n<title>Portim\u00e3o oferece atividades gratuitas para crian\u00e7as nas F\u00e9rias da P\u00e1scoa - Algarve 7<\/title>\n<meta name=\"description\" content=\"Portim\u00e3o oferece atividades gratuitas para crian\u00e7as nas F\u00e9rias da P\u00e1scoa Atualidade\" \/>\n<meta name=\"robots\" content=\"index, follow, max-snippet:-1, max-image-preview:large, max-video-preview:-1\" \/>\n<link rel=\"canonical\" href=\"https:\/\/algarve7.pt\/index.php\/2025\/03\/portimao-oferece-atividades-gratuitas-para-criancas-nas-ferias-da-pascoa\/atualidade\/11\/30\/\" \/>\n<meta property=\"og:locale\" content=\"pt_PT\" \/>\n<meta property=\"og:type\" content=\"article\" \/>\n<meta property=\"og:title\" content=\"Portim\u00e3o oferece atividades gratuitas para crian\u00e7as nas F\u00e9rias da P\u00e1scoa - Algarve 7\" \/>\n<meta property=\"og:description\" content=\"Portim\u00e3o oferece atividades gratuitas para crian\u00e7as nas F\u00e9rias da P\u00e1scoa Atualidade\" \/>\n<meta property=\"og:url\" content=\"https:\/\/algarve7.pt\/index.php\/2025\/03\/portimao-oferece-atividades-gratuitas-para-criancas-nas-ferias-da-pascoa\/atualidade\/11\/30\/\" \/>\n<meta property=\"og:site_name\" content=\"Algarve 7\" \/>\n<meta property=\"article:publisher\" content=\"https:\/\/www.facebook.com\/algarve7\" \/>\n<meta property=\"article:author\" content=\"https:\/\/www.facebook.com\/algarve7\" \/>\n<meta property=\"article:published_time\" content=\"2025-03-21T11:30:00+00:00\" \/>\n<meta property=\"og:image\" content=\"https:\/\/algarve7.pt\/wp-content\/uploads\/2025\/03\/Ferias-Pascoa_Biblioteca.jpg\" \/>\n\t<meta property=\"og:image:width\" content=\"800\" \/>\n\t<meta property=\"og:image:height\" content=\"500\" \/>\n\t<meta property=\"og:image:type\" content=\"image\/jpeg\" \/>\n<meta name=\"author\" content=\"Algarve 7\" \/>\n<meta name=\"twitter:card\" content=\"summary_large_image\" \/>\n<meta name=\"twitter:creator\" content=\"@Algarvesete\" \/>\n<meta name=\"twitter:site\" content=\"@Algarvesete\" \/>\n<meta name=\"twitter:label1\" content=\"Escrito por\" \/>\n\t<meta name=\"twitter:data1\" content=\"Algarve 7\" \/>\n\t<meta name=\"twitter:label2\" content=\"Tempo estimado de leitura\" \/>\n\t<meta name=\"twitter:data2\" content=\"4 minutos\" \/>\n<script type=\"application\/ld+json\" class=\"yoast-schema-graph\">{\"@context\":\"https:\\\/\\\/schema.org\",\"@graph\":[{\"@type\":\"Article\",\"@id\":\"https:\\\/\\\/algarve7.pt\\\/index.php\\\/2025\\\/03\\\/portimao-oferece-atividades-gratuitas-para-criancas-nas-ferias-da-pascoa\\\/atualidade\\\/11\\\/30\\\/#article\",\"isPartOf\":{\"@id\":\"https:\\\/\\\/algarve7.pt\\\/index.php\\\/2025\\\/03\\\/portimao-oferece-atividades-gratuitas-para-criancas-nas-ferias-da-pascoa\\\/atualidade\\\/11\\\/30\\\/\"},\"author\":{\"name\":\"Algarve 7\",\"@id\":\"https:\\\/\\\/algarve7.pt\\\/#\\\/schema\\\/person\\\/23fa70681308e7b319a3204bcea45e0c\"},\"headline\":\"Portim\u00e3o oferece atividades gratuitas para crian\u00e7as nas F\u00e9rias da P\u00e1scoa\",\"datePublished\":\"2025-03-21T11:30:00+00:00\",\"mainEntityOfPage\":{\"@id\":\"https:\\\/\\\/algarve7.pt\\\/index.php\\\/2025\\\/03\\\/portimao-oferece-atividades-gratuitas-para-criancas-nas-ferias-da-pascoa\\\/atualidade\\\/11\\\/30\\\/\"},\"wordCount\":667,\"publisher\":{\"@id\":\"https:\\\/\\\/algarve7.pt\\\/#organization\"},\"image\":{\"@id\":\"https:\\\/\\\/algarve7.pt\\\/index.php\\\/2025\\\/03\\\/portimao-oferece-atividades-gratuitas-para-criancas-nas-ferias-da-pascoa\\\/atualidade\\\/11\\\/30\\\/#primaryimage\"},\"thumbnailUrl\":\"https:\\\/\\\/algarve7.pt\\\/wp-content\\\/uploads\\\/2025\\\/03\\\/Ferias-Pascoa_Biblioteca.jpg\",\"keywords\":[\"Algarve\",\"Atualidade\",\"Portim\u00e3o\"],\"articleSection\":[\"Atualidade\"],\"inLanguage\":\"pt-PT\"},{\"@type\":\"WebPage\",\"@id\":\"https:\\\/\\\/algarve7.pt\\\/index.php\\\/2025\\\/03\\\/portimao-oferece-atividades-gratuitas-para-criancas-nas-ferias-da-pascoa\\\/atualidade\\\/11\\\/30\\\/\",\"url\":\"https:\\\/\\\/algarve7.pt\\\/index.php\\\/2025\\\/03\\\/portimao-oferece-atividades-gratuitas-para-criancas-nas-ferias-da-pascoa\\\/atualidade\\\/11\\\/30\\\/\",\"name\":\"Portim\u00e3o oferece atividades gratuitas para crian\u00e7as nas F\u00e9rias da P\u00e1scoa - Algarve 7\",\"isPartOf\":{\"@id\":\"https:\\\/\\\/algarve7.pt\\\/#website\"},\"primaryImageOfPage\":{\"@id\":\"https:\\\/\\\/algarve7.pt\\\/index.php\\\/2025\\\/03\\\/portimao-oferece-atividades-gratuitas-para-criancas-nas-ferias-da-pascoa\\\/atualidade\\\/11\\\/30\\\/#primaryimage\"},\"image\":{\"@id\":\"https:\\\/\\\/algarve7.pt\\\/index.php\\\/2025\\\/03\\\/portimao-oferece-atividades-gratuitas-para-criancas-nas-ferias-da-pascoa\\\/atualidade\\\/11\\\/30\\\/#primaryimage\"},\"thumbnailUrl\":\"https:\\\/\\\/algarve7.pt\\\/wp-content\\\/uploads\\\/2025\\\/03\\\/Ferias-Pascoa_Biblioteca.jpg\",\"datePublished\":\"2025-03-21T11:30:00+00:00\",\"description\":\"Portim\u00e3o oferece atividades gratuitas para crian\u00e7as nas F\u00e9rias da P\u00e1scoa Atualidade\",\"breadcrumb\":{\"@id\":\"https:\\\/\\\/algarve7.pt\\\/index.php\\\/2025\\\/03\\\/portimao-oferece-atividades-gratuitas-para-criancas-nas-ferias-da-pascoa\\\/atualidade\\\/11\\\/30\\\/#breadcrumb\"},\"inLanguage\":\"pt-PT\",\"potentialAction\":[{\"@type\":\"ReadAction\",\"target\":[\"https:\\\/\\\/algarve7.pt\\\/index.php\\\/2025\\\/03\\\/portimao-oferece-atividades-gratuitas-para-criancas-nas-ferias-da-pascoa\\\/atualidade\\\/11\\\/30\\\/\"]}]},{\"@type\":\"ImageObject\",\"inLanguage\":\"pt-PT\",\"@id\":\"https:\\\/\\\/algarve7.pt\\\/index.php\\\/2025\\\/03\\\/portimao-oferece-atividades-gratuitas-para-criancas-nas-ferias-da-pascoa\\\/atualidade\\\/11\\\/30\\\/#primaryimage\",\"url\":\"https:\\\/\\\/algarve7.pt\\\/wp-content\\\/uploads\\\/2025\\\/03\\\/Ferias-Pascoa_Biblioteca.jpg\",\"contentUrl\":\"https:\\\/\\\/algarve7.pt\\\/wp-content\\\/uploads\\\/2025\\\/03\\\/Ferias-Pascoa_Biblioteca.jpg\",\"width\":800,\"height\":500},{\"@type\":\"BreadcrumbList\",\"@id\":\"https:\\\/\\\/algarve7.pt\\\/index.php\\\/2025\\\/03\\\/portimao-oferece-atividades-gratuitas-para-criancas-nas-ferias-da-pascoa\\\/atualidade\\\/11\\\/30\\\/#breadcrumb\",\"itemListElement\":[{\"@type\":\"ListItem\",\"position\":1,\"name\":\"In\u00edcio\",\"item\":\"https:\\\/\\\/algarve7.pt\\\/\"},{\"@type\":\"ListItem\",\"position\":2,\"name\":\"Portim\u00e3o oferece atividades gratuitas para crian\u00e7as nas F\u00e9rias da P\u00e1scoa\"}]},{\"@type\":\"WebSite\",\"@id\":\"https:\\\/\\\/algarve7.pt\\\/#website\",\"url\":\"https:\\\/\\\/algarve7.pt\\\/\",\"name\":\"Algarve 7\",\"description\":\"Informa\u00e7\u00e3o sobre o Algarve\",\"publisher\":{\"@id\":\"https:\\\/\\\/algarve7.pt\\\/#organization\"},\"potentialAction\":[{\"@type\":\"SearchAction\",\"target\":{\"@type\":\"EntryPoint\",\"urlTemplate\":\"https:\\\/\\\/algarve7.pt\\\/?s={search_term_string}\"},\"query-input\":{\"@type\":\"PropertyValueSpecification\",\"valueRequired\":true,\"valueName\":\"search_term_string\"}}],\"inLanguage\":\"pt-PT\"},{\"@type\":\"Organization\",\"@id\":\"https:\\\/\\\/algarve7.pt\\\/#organization\",\"name\":\"Algarve 7\",\"url\":\"https:\\\/\\\/algarve7.pt\\\/\",\"logo\":{\"@type\":\"ImageObject\",\"inLanguage\":\"pt-PT\",\"@id\":\"https:\\\/\\\/algarve7.pt\\\/#\\\/schema\\\/logo\\\/image\\\/\",\"url\":\"https:\\\/\\\/algarve7.pt\\\/wp-content\\\/uploads\\\/2020\\\/10\\\/Logo-8.jpg\",\"contentUrl\":\"https:\\\/\\\/algarve7.pt\\\/wp-content\\\/uploads\\\/2020\\\/10\\\/Logo-8.jpg\",\"width\":1680,\"height\":1186,\"caption\":\"Algarve 7\"},\"image\":{\"@id\":\"https:\\\/\\\/algarve7.pt\\\/#\\\/schema\\\/logo\\\/image\\\/\"},\"sameAs\":[\"https:\\\/\\\/www.facebook.com\\\/algarve7\",\"https:\\\/\\\/x.com\\\/Algarvesete\",\"https:\\\/\\\/www.instagram.com\\\/jornalalgarve7\\\/\",\"https:\\\/\\\/www.linkedin.com\\\/company\\\/algarve7\",\"https:\\\/\\\/www.pinterest.pt\\\/geral0939\\\/_created\\\/\"]},{\"@type\":\"Person\",\"@id\":\"https:\\\/\\\/algarve7.pt\\\/#\\\/schema\\\/person\\\/23fa70681308e7b319a3204bcea45e0c\",\"name\":\"Algarve 7\",\"sameAs\":[\"https:\\\/\\\/algarve7.pt\",\"https:\\\/\\\/www.facebook.com\\\/algarve7\"],\"url\":\"https:\\\/\\\/algarve7.pt\\\/index.php\\\/author\\\/geralalgarve7-pt\\\/\"}]}<\/script>\n<!-- \/ Yoast SEO plugin. -->","yoast_head_json":{"title":"Portim\u00e3o oferece atividades gratuitas para crian\u00e7as nas F\u00e9rias da P\u00e1scoa - Algarve 7","description":"Portim\u00e3o oferece atividades gratuitas para crian\u00e7as nas F\u00e9rias da P\u00e1scoa Atualidade","robots":{"index":"index","follow":"follow","max-snippet":"max-snippet:-1","max-image-preview":"max-image-preview:large","max-video-preview":"max-video-preview:-1"},"canonical":"https:\/\/algarve7.pt\/index.php\/2025\/03\/portimao-oferece-atividades-gratuitas-para-criancas-nas-ferias-da-pascoa\/atualidade\/11\/30\/","og_locale":"pt_PT","og_type":"article","og_title":"Portim\u00e3o oferece atividades gratuitas para crian\u00e7as nas F\u00e9rias da P\u00e1scoa - Algarve 7","og_description":"Portim\u00e3o oferece atividades gratuitas para crian\u00e7as nas F\u00e9rias da P\u00e1scoa Atualidade","og_url":"https:\/\/algarve7.pt\/index.php\/2025\/03\/portimao-oferece-atividades-gratuitas-para-criancas-nas-ferias-da-pascoa\/atualidade\/11\/30\/","og_site_name":"Algarve 7","article_publisher":"https:\/\/www.facebook.com\/algarve7","article_author":"https:\/\/www.facebook.com\/algarve7","article_published_time":"2025-03-21T11:30:00+00:00","og_image":[{"width":800,"height":500,"url":"https:\/\/algarve7.pt\/wp-content\/uploads\/2025\/03\/Ferias-Pascoa_Biblioteca.jpg","type":"image\/jpeg"}],"author":"Algarve 7","twitter_card":"summary_large_image","twitter_creator":"@Algarvesete","twitter_site":"@Algarvesete","twitter_misc":{"Escrito por":"Algarve 7","Tempo estimado de leitura":"4 minutos"},"schema":{"@context":"https:\/\/schema.org","@graph":[{"@type":"Article","@id":"https:\/\/algarve7.pt\/index.php\/2025\/03\/portimao-oferece-atividades-gratuitas-para-criancas-nas-ferias-da-pascoa\/atualidade\/11\/30\/#article","isPartOf":{"@id":"https:\/\/algarve7.pt\/index.php\/2025\/03\/portimao-oferece-atividades-gratuitas-para-criancas-nas-ferias-da-pascoa\/atualidade\/11\/30\/"},"author":{"name":"Algarve 7","@id":"https:\/\/algarve7.pt\/#\/schema\/person\/23fa70681308e7b319a3204bcea45e0c"},"headline":"Portim\u00e3o oferece atividades gratuitas para crian\u00e7as nas F\u00e9rias da P\u00e1scoa","datePublished":"2025-03-21T11:30:00+00:00","mainEntityOfPage":{"@id":"https:\/\/algarve7.pt\/index.php\/2025\/03\/portimao-oferece-atividades-gratuitas-para-criancas-nas-ferias-da-pascoa\/atualidade\/11\/30\/"},"wordCount":667,"publisher":{"@id":"https:\/\/algarve7.pt\/#organization"},"image":{"@id":"https:\/\/algarve7.pt\/index.php\/2025\/03\/portimao-oferece-atividades-gratuitas-para-criancas-nas-ferias-da-pascoa\/atualidade\/11\/30\/#primaryimage"},"thumbnailUrl":"https:\/\/algarve7.pt\/wp-content\/uploads\/2025\/03\/Ferias-Pascoa_Biblioteca.jpg","keywords":["Algarve","Atualidade","Portim\u00e3o"],"articleSection":["Atualidade"],"inLanguage":"pt-PT"},{"@type":"WebPage","@id":"https:\/\/algarve7.pt\/index.php\/2025\/03\/portimao-oferece-atividades-gratuitas-para-criancas-nas-ferias-da-pascoa\/atualidade\/11\/30\/","url":"https:\/\/algarve7.pt\/index.php\/2025\/03\/portimao-oferece-atividades-gratuitas-para-criancas-nas-ferias-da-pascoa\/atualidade\/11\/30\/","name":"Portim\u00e3o oferece atividades gratuitas para crian\u00e7as nas F\u00e9rias da P\u00e1scoa - Algarve 7","isPartOf":{"@id":"https:\/\/algarve7.pt\/#website"},"primaryImageOfPage":{"@id":"https:\/\/algarve7.pt\/index.php\/2025\/03\/portimao-oferece-atividades-gratuitas-para-criancas-nas-ferias-da-pascoa\/atualidade\/11\/30\/#primaryimage"},"image":{"@id":"https:\/\/algarve7.pt\/index.php\/2025\/03\/portimao-oferece-atividades-gratuitas-para-criancas-nas-ferias-da-pascoa\/atualidade\/11\/30\/#primaryimage"},"thumbnailUrl":"https:\/\/algarve7.pt\/wp-content\/uploads\/2025\/03\/Ferias-Pascoa_Biblioteca.jpg","datePublished":"2025-03-21T11:30:00+00:00","description":"Portim\u00e3o oferece atividades gratuitas para crian\u00e7as nas F\u00e9rias da P\u00e1scoa Atualidade","breadcrumb":{"@id":"https:\/\/algarve7.pt\/index.php\/2025\/03\/portimao-oferece-atividades-gratuitas-para-criancas-nas-ferias-da-pascoa\/atualidade\/11\/30\/#breadcrumb"},"inLanguage":"pt-PT","potentialAction":[{"@type":"ReadAction","target":["https:\/\/algarve7.pt\/index.php\/2025\/03\/portimao-oferece-atividades-gratuitas-para-criancas-nas-ferias-da-pascoa\/atualidade\/11\/30\/"]}]},{"@type":"ImageObject","inLanguage":"pt-PT","@id":"https:\/\/algarve7.pt\/index.php\/2025\/03\/portimao-oferece-atividades-gratuitas-para-criancas-nas-ferias-da-pascoa\/atualidade\/11\/30\/#primaryimage","url":"https:\/\/algarve7.pt\/wp-content\/uploads\/2025\/03\/Ferias-Pascoa_Biblioteca.jpg","contentUrl":"https:\/\/algarve7.pt\/wp-content\/uploads\/2025\/03\/Ferias-Pascoa_Biblioteca.jpg","width":800,"height":500},{"@type":"BreadcrumbList","@id":"https:\/\/algarve7.pt\/index.php\/2025\/03\/portimao-oferece-atividades-gratuitas-para-criancas-nas-ferias-da-pascoa\/atualidade\/11\/30\/#breadcrumb","itemListElement":[{"@type":"ListItem","position":1,"name":"In\u00edcio","item":"https:\/\/algarve7.pt\/"},{"@type":"ListItem","position":2,"name":"Portim\u00e3o oferece atividades gratuitas para crian\u00e7as nas F\u00e9rias da P\u00e1scoa"}]},{"@type":"WebSite","@id":"https:\/\/algarve7.pt\/#website","url":"https:\/\/algarve7.pt\/","name":"Algarve 7","description":"Informa\u00e7\u00e3o sobre o Algarve","publisher":{"@id":"https:\/\/algarve7.pt\/#organization"},"potentialAction":[{"@type":"SearchAction","target":{"@type":"EntryPoint","urlTemplate":"https:\/\/algarve7.pt\/?s={search_term_string}"},"query-input":{"@type":"PropertyValueSpecification","valueRequired":true,"valueName":"search_term_string"}}],"inLanguage":"pt-PT"},{"@type":"Organization","@id":"https:\/\/algarve7.pt\/#organization","name":"Algarve 7","url":"https:\/\/algarve7.pt\/","logo":{"@type":"ImageObject","inLanguage":"pt-PT","@id":"https:\/\/algarve7.pt\/#\/schema\/logo\/image\/","url":"https:\/\/algarve7.pt\/wp-content\/uploads\/2020\/10\/Logo-8.jpg","contentUrl":"https:\/\/algarve7.pt\/wp-content\/uploads\/2020\/10\/Logo-8.jpg","width":1680,"height":1186,"caption":"Algarve 7"},"image":{"@id":"https:\/\/algarve7.pt\/#\/schema\/logo\/image\/"},"sameAs":["https:\/\/www.facebook.com\/algarve7","https:\/\/x.com\/Algarvesete","https:\/\/www.instagram.com\/jornalalgarve7\/","https:\/\/www.linkedin.com\/company\/algarve7","https:\/\/www.pinterest.pt\/geral0939\/_created\/"]},{"@type":"Person","@id":"https:\/\/algarve7.pt\/#\/schema\/person\/23fa70681308e7b319a3204bcea45e0c","name":"Algarve 7","sameAs":["https:\/\/algarve7.pt","https:\/\/www.facebook.com\/algarve7"],"url":"https:\/\/algarve7.pt\/index.php\/author\/geralalgarve7-pt\/"}]}},"jetpack_publicize_connections":[],"jetpack_featured_media_url":"https:\/\/algarve7.pt\/wp-content\/uploads\/2025\/03\/Ferias-Pascoa_Biblioteca.jpg","jetpack_shortlink":"https:\/\/wp.me\/pcezmW-cDi","jetpack_sharing_enabled":true,"_links":{"self":[{"href":"https:\/\/algarve7.pt\/index.php\/wp-json\/wp\/v2\/posts\/48564","targetHints":{"allow":["GET"]}}],"collection":[{"href":"https:\/\/algarve7.pt\/index.php\/wp-json\/wp\/v2\/posts"}],"about":[{"href":"https:\/\/algarve7.pt\/index.php\/wp-json\/wp\/v2\/types\/post"}],"author":[{"embeddable":true,"href":"https:\/\/algarve7.pt\/index.php\/wp-json\/wp\/v2\/users\/1"}],"replies":[{"embeddable":true,"href":"https:\/\/algarve7.pt\/index.php\/wp-json\/wp\/v2\/comments?post=48564"}],"version-history":[{"count":0,"href":"https:\/\/algarve7.pt\/index.php\/wp-json\/wp\/v2\/posts\/48564\/revisions"}],"wp:featuredmedia":[{"embeddable":true,"href":"https:\/\/algarve7.pt\/index.php\/wp-json\/wp\/v2\/media\/48565"}],"wp:attachment":[{"href":"https:\/\/algarve7.pt\/index.php\/wp-json\/wp\/v2\/media?parent=48564"}],"wp:term":[{"taxonomy":"category","embeddable":true,"href":"https:\/\/algarve7.pt\/index.php\/wp-json\/wp\/v2\/categories?post=48564"},{"taxonomy":"post_tag","embeddable":true,"href":"https:\/\/algarve7.pt\/index.php\/wp-json\/wp\/v2\/tags?post=48564"}],"curies":[{"name":"wp","href":"https:\/\/api.w.org\/{rel}","templated":true}]}}