{"id":48497,"date":"2025-03-20T10:28:00","date_gmt":"2025-03-20T10:28:00","guid":{"rendered":"https:\/\/algarve7.pt\/?p=48497"},"modified":"2025-03-19T19:32:28","modified_gmt":"2025-03-19T19:32:28","slug":"portimao-365-dias-para-se-apaixonar-foi-o-mote-da-presenca-de-portimao-na-btl","status":"publish","type":"post","link":"https:\/\/algarve7.pt\/index.php\/2025\/03\/portimao-365-dias-para-se-apaixonar-foi-o-mote-da-presenca-de-portimao-na-btl\/turismo\/10\/28\/","title":{"rendered":"\u201cPortim\u00e3o, 365 dias para se apaixonar\u201d foi o mote da Presen\u00e7a de Portim\u00e3o na BTL"},"content":{"rendered":"\n<p>O Munic\u00edpio de Portim\u00e3o marcou uma forte presen\u00e7a na \u201cBetter Tourism Lisbon Travel Market\u201d na FIL, entre 12 e 16 de mar\u00e7o, com diversas iniciativas de promo\u00e7\u00e3o do concelho.<\/p>\n\n\n\n<p>O stand do Algarve foi o palco para o lan\u00e7amento da campanha \u2018Portim\u00e3o, 365 dias para se apaixonar\u2019, que inclui a edi\u00e7\u00e3o de quatro guias tem\u00e1ticos e de um guia de eventos de 2025. O mesmo local serviu ainda para a C\u00e2mara Municipal de Portim\u00e3o divulgar os principais eventos do ano e formalizar um novo acordo de parceria com os promotores do Festival Afro Nation para os pr\u00f3ximos cinco anos.<\/p>\n\n\n\n<p><strong>Campanha para atrair mercado interno<\/strong><\/p>\n\n\n\n<p>\u2018Portim\u00e3o, 365 dias para se apaixonar\u2019 \u00e9 o desafio lan\u00e7ado aos turistas nacionais com a nova campanha de comunica\u00e7\u00e3o da C\u00e2mara Municipal, cujos objetivos s\u00e3o muito concretos. A a\u00e7\u00e3o visa aumentar a visibilidade do concelho, refor\u00e7ar a imagem do destino como um local \u00fanico e atrair visitantes ao longo de todo o ano.<\/p>\n\n\n\n<p>\u201cPortim\u00e3o \u00e9 uma cidade vibrante, aut\u00eantica e tem uma oferta tur\u00edstica diversificada. Queremos que as pessoas n\u00e3o venham apenas uma vez por ano, mas v\u00e1rias vezes ao longo dos 365 dias. Queremos que se apaixonem por Portim\u00e3o em todas as esta\u00e7\u00f5es, em todas as ocasi\u00f5es\u201d, afirmou \u00c1lvaro Bila, Presidente da C\u00e2mara Municipal, durante a apresenta\u00e7\u00e3o na BTL.<\/p>\n\n\n\n<p>A sustentabilidade, a preserva\u00e7\u00e3o da identidade e o respeito pela comunidade e pelo meio ambiente s\u00e3o pontos chave desta aposta, que se centra em atrair visitantes, sobretudo nos per\u00edodos de \u00e9poca baixa, sem abdicar da valoriza\u00e7\u00e3o dos produtos e das experi\u00eancias locais, bem como do incentivo da aplica\u00e7\u00e3o de boas pr\u00e1ticas que mantenham o patrim\u00f3nio natural, as praias e a biodiversidade existente no concelho.<\/p>\n\n\n\n<p>\u201cPor isso, apresentamos uma nova campanha de comunica\u00e7\u00e3o, pensada especialmente para o mercado interno portugu\u00eas, com um foco muito claro: mostrar que Portim\u00e3o tem muito mais do que sol e praia\u201d, referiu.<\/p>\n\n\n\n<p>Um dos meios que serviu como rampa de lan\u00e7amento desta campanha na BTL foi a divulga\u00e7\u00e3o dos quatro novos guias tem\u00e1ticos, alusivos \u00e0 \u201cGastronomia &amp; Vinhos\u201d, \u201cPraias &amp; Natureza\u201d, \u201cDesporto &amp; Lazer\u201d e \u201cPatrim\u00f3nio &amp; Cultura\u201d, bem como a Agenda de Eventos 2025, com edi\u00e7\u00e3o bilingue, em portugu\u00eas e ingl\u00eas.<\/p>\n\n\n\n<p>\u201cA nossa aposta centra-se nestes cinco eixos que nos diferenciam e enriquecem a experi\u00eancia de quem nos visita\u201d, explicou o autarca, sem deixar passar a oportunidade para destacar a valoriza\u00e7\u00e3o do \u201cPortim\u00e3o Primeiro\u201d e do Salva-Vidas de Alvor, dois s\u00edmbolos da rela\u00e7\u00e3o do concelho com o mar, os futuros trabalhos de reabilita\u00e7\u00e3o da Fortaleza de Santa Catarina, na Praia da Rocha, e a amplia\u00e7\u00e3o da Casa Manuel Teixeira Gomes, um espa\u00e7o que honra um dos mais ilustres portimonenses.<\/p>\n\n\n\n<p>A campanha resulta de uma parceria com a Medialivre 360\u00ba e estar\u00e1 na \u201crua\u201d, nos principais pontos do pa\u00eds, em diversas plataformas como a r\u00e1dio, os jornais e as revistas, em ambiente digital, atrav\u00e9s das redes sociais e de v\u00eddeos promocionais, mas tamb\u00e9m em grandes formatos como outdoors e mupis.<\/p>\n\n\n\n<p>O investimento no eixo do entretenimento, onde ganham relevo os eventos \u00e2ncora, n\u00e3o \u00e9 um acaso. Tanto que a autarquia apresentou ainda, no dia 13 de mar\u00e7o, o Estudo de Avalia\u00e7\u00e3o que revelou o impacto das edi\u00e7\u00f5es de 2024 do Festival da Sardinha, da \u201cNoitada Portim\u00e3o\u201d e do \u201cSonho de Natal com Passagem de Ano\u201d.<\/p>\n\n\n\n<p><strong>Tr\u00eas eventos geram impacto de 25 milh\u00f5es de euros<\/strong><\/p>\n\n\n\n<p>Antes de ceder o palco ao Professor Doutor Fernando Perna, Investigador CiTUR da Universidade do Algarve na \u00e1rea da Economia Regional, coordenador da equipa de investiga\u00e7\u00e3o dos \u201cEstudos de Avalia\u00e7\u00e3o do Impacto de Eventos: Festival da Sardinha, Noitada Portim\u00e3o, Um Sonho de Natal e Passagem de Ano\u201d para apresentar os dados relacionados com as edi\u00e7\u00f5es realizadas em 2024, \u00c1lvaro Bila enalteceu o papel da comunidade local.<\/p>\n\n\n\n<p>\u201cNenhuma estrat\u00e9gia de promo\u00e7\u00e3o tur\u00edstica pode ter sucesso sem o envolvimento da comunidade local\u201d, onde os \u201cresidentes, empres\u00e1rios e associa\u00e7\u00f5es s\u00e3o pe\u00e7as fundamentais\u201d e aos quais se apela para que continuem a contribuir para que Portim\u00e3o seja um destino mais forte e mais aut\u00eantico, refor\u00e7ou o Presidente da C\u00e2mara Municipal.<\/p>\n\n\n\n<p>A perce\u00e7\u00e3o da comunidade em rela\u00e7\u00e3o aos eventos \u00e2ncora de 2024 foi, ali\u00e1s, um dos indicadores avaliados neste Estudo. Segundo Fernando Perna, o apoio prestado pelos residentes superou os 80% nos tr\u00eas objetos de avalia\u00e7\u00e3o. O documento centra-se ainda em indicadores como o impacto dos eventos nos visitantes e nos residentes e a influ\u00eancia que tiveram na escolha de Portim\u00e3o como destino de f\u00e9rias.<\/p>\n\n\n\n<p>Segundo o Estudo, a \u201cNoitada Portim\u00e3o\u201d gerou uma procura de visitantes externos ao concelho de 30,9%, o Festival da Sardinha de 58,3% e o Sonho de Natal e Passagem de Ano de 31,7%. Foi tamb\u00e9m o motivo de visita para 56% das pessoas que passaram pela \u201cNoitada\u201d, referiu o investigador na apresenta\u00e7\u00e3o.<\/p>\n\n\n\n<p>Com uma m\u00e9dia de idades situada entre os 44,8 e os 46,5 anos, nos tr\u00eas eventos, a avalia\u00e7\u00e3o global como \u201cbom\u201d ou \u201cmuito bom\u201d esteve entre os 88,9% e os 91%. Na maioria dos casos, os visitantes decidiram participar na \u201cNoitada\u201d e no Festival da Sardinha at\u00e9 uma semana antes (71,3% e 59%, respetivamente), enquanto a mesma decis\u00e3o, para o \u201cSonho de Natal e Passagem de Ano\u201d foi alargado a um espa\u00e7o temporal de quinze dias a um m\u00eas (52,5%).<\/p>\n\n\n\n<p>No que toca \u00e0 economia local, a \u201cNoitada\u201d, em apenas dois dias, gerou 2.641.407 euros de impacto econ\u00f3mico direto, enquanto o Festival da Sardinha elevou este valor para 12.865.448 euros e o \u201cSonho de Natal e Passagem de Ano\u201d ascendeu aos 10.119.915 euros.<\/p>\n\n\n\n<p>O investigador assinalou que 57,6% dos visitantes da \u201cNoitada\u201d preferiram ficar alojados no concelho. No caso do Festival da Sardinha a percentagem situou-se nos 61,7, e, no final do ano, nos 47,3%. Nos tr\u00eas eventos, o Instagram foi a principal rede social digital utilizada.<\/p>\n\n\n\n<p>J\u00e1 a n\u00edvel da imagem percecionada, quer por visitantes, quer por residentes, o Festival da Sardinha foi associado a \u201cDivertido\u201d (residentes) e \u201cFood\u201d (visitantes). Por sua vez, para qualificar a \u201cNoitada\u201d foram usados adjetivos como \u201cEspetacular\u201d (residentes) e \u201cDivertida\u201d (visitantes). As palavras chave do \u201cSonho de Natal e Passagem de Ano\u201d foram \u201cMaravilhoso\u201d, \u201cOrganizado\u201d e \u201cM\u00e1gico\u201d na vis\u00e3o de ambos os p\u00fablicos alvo.<\/p>\n\n\n\n<p><strong>Nomes de peso no Festival da Sardinha e novo acordo para Afro Nation<\/strong><\/p>\n\n\n\n<p>\u00c1lvaro Bila voltou ao mesmo palco do stand Algarve, na BTL, no dia 14 de mar\u00e7o para apresentar a nova Agenda de Eventos 2025 ao p\u00fablico e assinar um acordo com os promotores do Festival Afro Nation.<\/p>\n\n\n\n<p>Uma parada que agu\u00e7ou a curiosidade dos visitantes da BTL sobre a \u201cNoitada Portim\u00e3o\u201d, cuja segunda edi\u00e7\u00e3o est\u00e1 marcada para 25 e 26 de julho, voltou a centrar as aten\u00e7\u00f5es no munic\u00edpio algarvio.<\/p>\n\n\n\n<p>O Presidente da C\u00e2mara Municipal deixou o convite para a visita a Portim\u00e3o, \u201conde h\u00e1 sempre bons motivos de atra\u00e7\u00e3o como as praias, o patrim\u00f3nio, a natureza, a gastronomia e vinhos, o desporto, o lazer, o bem receber\u201d. E foi com este que apresentou um dos pontos altos do ver\u00e3o: o Festival da Sardinha.<\/p>\n\n\n\n<p>O evento estrela \u00e9 reconhecido como um dos festivais gastron\u00f3micos mais emblem\u00e1ticos a sul do pa\u00eds, mas tamb\u00e9m pela identidade que preserva, num cruzamento com o passado de pesca e de trabalho no mar. N\u00e3o \u00e9, portanto, por acaso que vai abrir com a j\u00e1 famosa reconstitui\u00e7\u00e3o hist\u00f3rica da descarga da sardinha.<\/p>\n\n\n\n<p>Vai ser \u201cuma viagem ao passado, com trajes, dizeres e meios de transporte de h\u00e1 algumas d\u00e9cadas, que conta com a participa\u00e7\u00e3o da popula\u00e7\u00e3o e do movimento associativo\u201d, sob a chancela do Museu de Portim\u00e3o, garantiu ao p\u00fablico.<\/p>\n\n\n\n<p>A Zona Ribeirinha de Portim\u00e3o vai ser, entre 5 e 10 de agosto, o palco principal para noites de festa que, a par da degusta\u00e7\u00e3o da boa sardinha, no prato ou no p\u00e3o, neste emblem\u00e1tico certame, conta com atua\u00e7\u00f5es musicais diversas. Rui Veloso (dia 5), Pedro Abrunhosa (dia 6), Diogo Pi\u00e7arra (dia 7), Nena (dia 8), Para Sempre Marco (dia 9) e Resist\u00eancia (dia 10) s\u00e3o as sugest\u00f5es para animar a cidade nesta altura do ano.<\/p>\n\n\n\n<p><strong>Portim\u00e3o firma nova parceria com Afro Nation<\/strong><\/p>\n\n\n\n<p><br>Com uma ess\u00eancia muito diferente, h\u00e1 um outro evento que tem vindo a ganhar adeptos desde 2019, altura em que se realizou a primeira edi\u00e7\u00e3o na Praia da Rocha, e que conta com o apoio da C\u00e2mara Municipal de Portim\u00e3o. O Festival Afro Nation regressa entre 9 e 11 de julho, mas a garantia \u00e9 que continue por, pelo menos, mais cinco anos.<\/p>\n\n\n\n<p>Foi com este objetivo que, no dia 14 de mar\u00e7o, na BTL, foi firmado um novo acordo de parceria, definindo as linhas de colabora\u00e7\u00e3o. O documento foi assinado por \u00c1lvaro Bila e por&nbsp;Samantha Maria Garcia, representante da produ\u00e7\u00e3o do evento.<strong><\/strong><\/p>\n\n\n\n<p><strong>Museu convidado na BTL Cultural<\/strong><\/p>\n\n\n\n<p>Outro dos destaques da presen\u00e7a do Munic\u00edpio naquele que \u00e9 o maior certame nacional dedicado ao turismo, foi o convite para o Museu de Portim\u00e3o se dar a conhecer no espa\u00e7o BTL Cultural, sob curadoria da Funda\u00e7\u00e3o Calouste Gulbenkian, numa presen\u00e7a que resulta do reconhecimento do trabalho desenvolvido pelo Museu de Portim\u00e3o.<\/p>\n\n\n\n<p>Ainda neste \u00e2mbito cultural, no dia 13, o equipamento integrou a apresenta\u00e7\u00e3o da agenda nacional \u201c\u00c0 Descoberta do Turismo Industrial\u201d, com o Museu de Portim\u00e3o a ser representado por Ant\u00f3nio Pereira, da Divis\u00e3o dos Museus e do Patrim\u00f3nio.<\/p>\n\n\n\n<p>J\u00e1 Rodrigo Jos\u00e9, Diretor Operacional da Marina de Portim\u00e3o, participou na sess\u00e3o de apresenta\u00e7\u00e3o das Esta\u00e7\u00f5es N\u00e1uticas do Algarve, no dia 12 de mar\u00e7o, dando a conhecer a Esta\u00e7\u00e3o N\u00e1utica de Portim\u00e3o.<\/p>\n\n\n\n<p>Este ano, o Munic\u00edpio diversificou as apresenta\u00e7\u00f5es, com uma din\u00e2mica que pretendeu atingir os mais diversos p\u00fablicos e levar a que os turistas escolham o concelho como destino de f\u00e9rias em qualquer \u00e9poca do ano.<\/p>\n","protected":false},"excerpt":{"rendered":"<p>O Munic\u00edpio de Portim\u00e3o marcou uma forte presen\u00e7a na \u201cBetter Tourism Lisbon Travel Market\u201d na FIL, entre 12 e 16<\/p>\n","protected":false},"author":1,"featured_media":48498,"comment_status":"closed","ping_status":"closed","sticky":false,"template":"","format":"standard","meta":{"colormag_page_container_layout":"default_layout","colormag_page_sidebar_layout":"default_layout","_monsterinsights_skip_tracking":false,"_monsterinsights_sitenote_active":false,"_monsterinsights_sitenote_note":"","_monsterinsights_sitenote_category":0,"jetpack_post_was_ever_published":false,"_jetpack_newsletter_access":"","_jetpack_dont_email_post_to_subs":false,"_jetpack_newsletter_tier_id":0,"_jetpack_memberships_contains_paywalled_content":false,"_jetpack_memberships_contains_paid_content":false,"footnotes":"","jetpack_publicize_message":"","jetpack_publicize_feature_enabled":true,"jetpack_social_post_already_shared":true,"jetpack_social_options":{"image_generator_settings":{"template":"highway","default_image_id":0,"font":"","enabled":false},"version":2}},"categories":[17],"tags":[36,72,45],"class_list":["post-48497","post","type-post","status-publish","format-standard","has-post-thumbnail","hentry","category-turismo","tag-algarve","tag-portimao","tag-turismo"],"yoast_head":"<!-- This site is optimized with the Yoast SEO plugin v27.5 - https:\/\/yoast.com\/product\/yoast-seo-wordpress\/ -->\n<title>\u201cPortim\u00e3o, 365 dias para se apaixonar\u201d foi o mote da Presen\u00e7a de Portim\u00e3o na BTL - Algarve 7<\/title>\n<meta name=\"description\" content=\"\u201cPortim\u00e3o, 365 dias para se apaixonar\u201d foi o mote da Presen\u00e7a de Portim\u00e3o na BTL Turismo\" \/>\n<meta name=\"robots\" content=\"index, follow, max-snippet:-1, max-image-preview:large, max-video-preview:-1\" \/>\n<link rel=\"canonical\" href=\"https:\/\/algarve7.pt\/index.php\/2025\/03\/portimao-365-dias-para-se-apaixonar-foi-o-mote-da-presenca-de-portimao-na-btl\/turismo\/10\/28\/\" \/>\n<meta property=\"og:locale\" content=\"pt_PT\" \/>\n<meta property=\"og:type\" content=\"article\" \/>\n<meta property=\"og:title\" content=\"\u201cPortim\u00e3o, 365 dias para se apaixonar\u201d foi o mote da Presen\u00e7a de Portim\u00e3o na BTL - Algarve 7\" \/>\n<meta property=\"og:description\" content=\"\u201cPortim\u00e3o, 365 dias para se apaixonar\u201d foi o mote da Presen\u00e7a de Portim\u00e3o na BTL Turismo\" \/>\n<meta property=\"og:url\" content=\"https:\/\/algarve7.pt\/index.php\/2025\/03\/portimao-365-dias-para-se-apaixonar-foi-o-mote-da-presenca-de-portimao-na-btl\/turismo\/10\/28\/\" \/>\n<meta property=\"og:site_name\" content=\"Algarve 7\" \/>\n<meta property=\"article:publisher\" content=\"https:\/\/www.facebook.com\/algarve7\" \/>\n<meta property=\"article:author\" content=\"https:\/\/www.facebook.com\/algarve7\" \/>\n<meta property=\"article:published_time\" content=\"2025-03-20T10:28:00+00:00\" \/>\n<meta property=\"og:image\" content=\"https:\/\/algarve7.pt\/wp-content\/uploads\/2025\/03\/BTL-2025-138.jpg\" \/>\n\t<meta property=\"og:image:width\" content=\"800\" \/>\n\t<meta property=\"og:image:height\" content=\"500\" \/>\n\t<meta property=\"og:image:type\" content=\"image\/jpeg\" \/>\n<meta name=\"author\" content=\"Algarve 7\" \/>\n<meta name=\"twitter:card\" content=\"summary_large_image\" \/>\n<meta name=\"twitter:creator\" content=\"@Algarvesete\" \/>\n<meta name=\"twitter:site\" content=\"@Algarvesete\" \/>\n<meta name=\"twitter:label1\" content=\"Escrito por\" \/>\n\t<meta name=\"twitter:data1\" content=\"Algarve 7\" \/>\n\t<meta name=\"twitter:label2\" content=\"Tempo estimado de leitura\" \/>\n\t<meta name=\"twitter:data2\" content=\"9 minutos\" \/>\n<script type=\"application\/ld+json\" class=\"yoast-schema-graph\">{\"@context\":\"https:\\\/\\\/schema.org\",\"@graph\":[{\"@type\":\"Article\",\"@id\":\"https:\\\/\\\/algarve7.pt\\\/index.php\\\/2025\\\/03\\\/portimao-365-dias-para-se-apaixonar-foi-o-mote-da-presenca-de-portimao-na-btl\\\/turismo\\\/10\\\/28\\\/#article\",\"isPartOf\":{\"@id\":\"https:\\\/\\\/algarve7.pt\\\/index.php\\\/2025\\\/03\\\/portimao-365-dias-para-se-apaixonar-foi-o-mote-da-presenca-de-portimao-na-btl\\\/turismo\\\/10\\\/28\\\/\"},\"author\":{\"name\":\"Algarve 7\",\"@id\":\"https:\\\/\\\/algarve7.pt\\\/#\\\/schema\\\/person\\\/23fa70681308e7b319a3204bcea45e0c\"},\"headline\":\"\u201cPortim\u00e3o, 365 dias para se apaixonar\u201d foi o mote da Presen\u00e7a de Portim\u00e3o na BTL\",\"datePublished\":\"2025-03-20T10:28:00+00:00\",\"mainEntityOfPage\":{\"@id\":\"https:\\\/\\\/algarve7.pt\\\/index.php\\\/2025\\\/03\\\/portimao-365-dias-para-se-apaixonar-foi-o-mote-da-presenca-de-portimao-na-btl\\\/turismo\\\/10\\\/28\\\/\"},\"wordCount\":1721,\"publisher\":{\"@id\":\"https:\\\/\\\/algarve7.pt\\\/#organization\"},\"image\":{\"@id\":\"https:\\\/\\\/algarve7.pt\\\/index.php\\\/2025\\\/03\\\/portimao-365-dias-para-se-apaixonar-foi-o-mote-da-presenca-de-portimao-na-btl\\\/turismo\\\/10\\\/28\\\/#primaryimage\"},\"thumbnailUrl\":\"https:\\\/\\\/algarve7.pt\\\/wp-content\\\/uploads\\\/2025\\\/03\\\/BTL-2025-138.jpg\",\"keywords\":[\"Algarve\",\"Portim\u00e3o\",\"Turismo\"],\"articleSection\":[\"Turismo\"],\"inLanguage\":\"pt-PT\"},{\"@type\":\"WebPage\",\"@id\":\"https:\\\/\\\/algarve7.pt\\\/index.php\\\/2025\\\/03\\\/portimao-365-dias-para-se-apaixonar-foi-o-mote-da-presenca-de-portimao-na-btl\\\/turismo\\\/10\\\/28\\\/\",\"url\":\"https:\\\/\\\/algarve7.pt\\\/index.php\\\/2025\\\/03\\\/portimao-365-dias-para-se-apaixonar-foi-o-mote-da-presenca-de-portimao-na-btl\\\/turismo\\\/10\\\/28\\\/\",\"name\":\"\u201cPortim\u00e3o, 365 dias para se apaixonar\u201d foi o mote da Presen\u00e7a de Portim\u00e3o na BTL - Algarve 7\",\"isPartOf\":{\"@id\":\"https:\\\/\\\/algarve7.pt\\\/#website\"},\"primaryImageOfPage\":{\"@id\":\"https:\\\/\\\/algarve7.pt\\\/index.php\\\/2025\\\/03\\\/portimao-365-dias-para-se-apaixonar-foi-o-mote-da-presenca-de-portimao-na-btl\\\/turismo\\\/10\\\/28\\\/#primaryimage\"},\"image\":{\"@id\":\"https:\\\/\\\/algarve7.pt\\\/index.php\\\/2025\\\/03\\\/portimao-365-dias-para-se-apaixonar-foi-o-mote-da-presenca-de-portimao-na-btl\\\/turismo\\\/10\\\/28\\\/#primaryimage\"},\"thumbnailUrl\":\"https:\\\/\\\/algarve7.pt\\\/wp-content\\\/uploads\\\/2025\\\/03\\\/BTL-2025-138.jpg\",\"datePublished\":\"2025-03-20T10:28:00+00:00\",\"description\":\"\u201cPortim\u00e3o, 365 dias para se apaixonar\u201d foi o mote da Presen\u00e7a de Portim\u00e3o na BTL Turismo\",\"breadcrumb\":{\"@id\":\"https:\\\/\\\/algarve7.pt\\\/index.php\\\/2025\\\/03\\\/portimao-365-dias-para-se-apaixonar-foi-o-mote-da-presenca-de-portimao-na-btl\\\/turismo\\\/10\\\/28\\\/#breadcrumb\"},\"inLanguage\":\"pt-PT\",\"potentialAction\":[{\"@type\":\"ReadAction\",\"target\":[\"https:\\\/\\\/algarve7.pt\\\/index.php\\\/2025\\\/03\\\/portimao-365-dias-para-se-apaixonar-foi-o-mote-da-presenca-de-portimao-na-btl\\\/turismo\\\/10\\\/28\\\/\"]}]},{\"@type\":\"ImageObject\",\"inLanguage\":\"pt-PT\",\"@id\":\"https:\\\/\\\/algarve7.pt\\\/index.php\\\/2025\\\/03\\\/portimao-365-dias-para-se-apaixonar-foi-o-mote-da-presenca-de-portimao-na-btl\\\/turismo\\\/10\\\/28\\\/#primaryimage\",\"url\":\"https:\\\/\\\/algarve7.pt\\\/wp-content\\\/uploads\\\/2025\\\/03\\\/BTL-2025-138.jpg\",\"contentUrl\":\"https:\\\/\\\/algarve7.pt\\\/wp-content\\\/uploads\\\/2025\\\/03\\\/BTL-2025-138.jpg\",\"width\":800,\"height\":500},{\"@type\":\"BreadcrumbList\",\"@id\":\"https:\\\/\\\/algarve7.pt\\\/index.php\\\/2025\\\/03\\\/portimao-365-dias-para-se-apaixonar-foi-o-mote-da-presenca-de-portimao-na-btl\\\/turismo\\\/10\\\/28\\\/#breadcrumb\",\"itemListElement\":[{\"@type\":\"ListItem\",\"position\":1,\"name\":\"In\u00edcio\",\"item\":\"https:\\\/\\\/algarve7.pt\\\/\"},{\"@type\":\"ListItem\",\"position\":2,\"name\":\"\u201cPortim\u00e3o, 365 dias para se apaixonar\u201d foi o mote da Presen\u00e7a de Portim\u00e3o na BTL\"}]},{\"@type\":\"WebSite\",\"@id\":\"https:\\\/\\\/algarve7.pt\\\/#website\",\"url\":\"https:\\\/\\\/algarve7.pt\\\/\",\"name\":\"Algarve 7\",\"description\":\"Informa\u00e7\u00e3o sobre o Algarve\",\"publisher\":{\"@id\":\"https:\\\/\\\/algarve7.pt\\\/#organization\"},\"potentialAction\":[{\"@type\":\"SearchAction\",\"target\":{\"@type\":\"EntryPoint\",\"urlTemplate\":\"https:\\\/\\\/algarve7.pt\\\/?s={search_term_string}\"},\"query-input\":{\"@type\":\"PropertyValueSpecification\",\"valueRequired\":true,\"valueName\":\"search_term_string\"}}],\"inLanguage\":\"pt-PT\"},{\"@type\":\"Organization\",\"@id\":\"https:\\\/\\\/algarve7.pt\\\/#organization\",\"name\":\"Algarve 7\",\"url\":\"https:\\\/\\\/algarve7.pt\\\/\",\"logo\":{\"@type\":\"ImageObject\",\"inLanguage\":\"pt-PT\",\"@id\":\"https:\\\/\\\/algarve7.pt\\\/#\\\/schema\\\/logo\\\/image\\\/\",\"url\":\"https:\\\/\\\/algarve7.pt\\\/wp-content\\\/uploads\\\/2020\\\/10\\\/Logo-8.jpg\",\"contentUrl\":\"https:\\\/\\\/algarve7.pt\\\/wp-content\\\/uploads\\\/2020\\\/10\\\/Logo-8.jpg\",\"width\":1680,\"height\":1186,\"caption\":\"Algarve 7\"},\"image\":{\"@id\":\"https:\\\/\\\/algarve7.pt\\\/#\\\/schema\\\/logo\\\/image\\\/\"},\"sameAs\":[\"https:\\\/\\\/www.facebook.com\\\/algarve7\",\"https:\\\/\\\/x.com\\\/Algarvesete\",\"https:\\\/\\\/www.instagram.com\\\/jornalalgarve7\\\/\",\"https:\\\/\\\/www.linkedin.com\\\/company\\\/algarve7\",\"https:\\\/\\\/www.pinterest.pt\\\/geral0939\\\/_created\\\/\"]},{\"@type\":\"Person\",\"@id\":\"https:\\\/\\\/algarve7.pt\\\/#\\\/schema\\\/person\\\/23fa70681308e7b319a3204bcea45e0c\",\"name\":\"Algarve 7\",\"sameAs\":[\"https:\\\/\\\/algarve7.pt\",\"https:\\\/\\\/www.facebook.com\\\/algarve7\"],\"url\":\"https:\\\/\\\/algarve7.pt\\\/index.php\\\/author\\\/geralalgarve7-pt\\\/\"}]}<\/script>\n<!-- \/ Yoast SEO plugin. -->","yoast_head_json":{"title":"\u201cPortim\u00e3o, 365 dias para se apaixonar\u201d foi o mote da Presen\u00e7a de Portim\u00e3o na BTL - Algarve 7","description":"\u201cPortim\u00e3o, 365 dias para se apaixonar\u201d foi o mote da Presen\u00e7a de Portim\u00e3o na BTL Turismo","robots":{"index":"index","follow":"follow","max-snippet":"max-snippet:-1","max-image-preview":"max-image-preview:large","max-video-preview":"max-video-preview:-1"},"canonical":"https:\/\/algarve7.pt\/index.php\/2025\/03\/portimao-365-dias-para-se-apaixonar-foi-o-mote-da-presenca-de-portimao-na-btl\/turismo\/10\/28\/","og_locale":"pt_PT","og_type":"article","og_title":"\u201cPortim\u00e3o, 365 dias para se apaixonar\u201d foi o mote da Presen\u00e7a de Portim\u00e3o na BTL - Algarve 7","og_description":"\u201cPortim\u00e3o, 365 dias para se apaixonar\u201d foi o mote da Presen\u00e7a de Portim\u00e3o na BTL Turismo","og_url":"https:\/\/algarve7.pt\/index.php\/2025\/03\/portimao-365-dias-para-se-apaixonar-foi-o-mote-da-presenca-de-portimao-na-btl\/turismo\/10\/28\/","og_site_name":"Algarve 7","article_publisher":"https:\/\/www.facebook.com\/algarve7","article_author":"https:\/\/www.facebook.com\/algarve7","article_published_time":"2025-03-20T10:28:00+00:00","og_image":[{"width":800,"height":500,"url":"https:\/\/algarve7.pt\/wp-content\/uploads\/2025\/03\/BTL-2025-138.jpg","type":"image\/jpeg"}],"author":"Algarve 7","twitter_card":"summary_large_image","twitter_creator":"@Algarvesete","twitter_site":"@Algarvesete","twitter_misc":{"Escrito por":"Algarve 7","Tempo estimado de leitura":"9 minutos"},"schema":{"@context":"https:\/\/schema.org","@graph":[{"@type":"Article","@id":"https:\/\/algarve7.pt\/index.php\/2025\/03\/portimao-365-dias-para-se-apaixonar-foi-o-mote-da-presenca-de-portimao-na-btl\/turismo\/10\/28\/#article","isPartOf":{"@id":"https:\/\/algarve7.pt\/index.php\/2025\/03\/portimao-365-dias-para-se-apaixonar-foi-o-mote-da-presenca-de-portimao-na-btl\/turismo\/10\/28\/"},"author":{"name":"Algarve 7","@id":"https:\/\/algarve7.pt\/#\/schema\/person\/23fa70681308e7b319a3204bcea45e0c"},"headline":"\u201cPortim\u00e3o, 365 dias para se apaixonar\u201d foi o mote da Presen\u00e7a de Portim\u00e3o na BTL","datePublished":"2025-03-20T10:28:00+00:00","mainEntityOfPage":{"@id":"https:\/\/algarve7.pt\/index.php\/2025\/03\/portimao-365-dias-para-se-apaixonar-foi-o-mote-da-presenca-de-portimao-na-btl\/turismo\/10\/28\/"},"wordCount":1721,"publisher":{"@id":"https:\/\/algarve7.pt\/#organization"},"image":{"@id":"https:\/\/algarve7.pt\/index.php\/2025\/03\/portimao-365-dias-para-se-apaixonar-foi-o-mote-da-presenca-de-portimao-na-btl\/turismo\/10\/28\/#primaryimage"},"thumbnailUrl":"https:\/\/algarve7.pt\/wp-content\/uploads\/2025\/03\/BTL-2025-138.jpg","keywords":["Algarve","Portim\u00e3o","Turismo"],"articleSection":["Turismo"],"inLanguage":"pt-PT"},{"@type":"WebPage","@id":"https:\/\/algarve7.pt\/index.php\/2025\/03\/portimao-365-dias-para-se-apaixonar-foi-o-mote-da-presenca-de-portimao-na-btl\/turismo\/10\/28\/","url":"https:\/\/algarve7.pt\/index.php\/2025\/03\/portimao-365-dias-para-se-apaixonar-foi-o-mote-da-presenca-de-portimao-na-btl\/turismo\/10\/28\/","name":"\u201cPortim\u00e3o, 365 dias para se apaixonar\u201d foi o mote da Presen\u00e7a de Portim\u00e3o na BTL - Algarve 7","isPartOf":{"@id":"https:\/\/algarve7.pt\/#website"},"primaryImageOfPage":{"@id":"https:\/\/algarve7.pt\/index.php\/2025\/03\/portimao-365-dias-para-se-apaixonar-foi-o-mote-da-presenca-de-portimao-na-btl\/turismo\/10\/28\/#primaryimage"},"image":{"@id":"https:\/\/algarve7.pt\/index.php\/2025\/03\/portimao-365-dias-para-se-apaixonar-foi-o-mote-da-presenca-de-portimao-na-btl\/turismo\/10\/28\/#primaryimage"},"thumbnailUrl":"https:\/\/algarve7.pt\/wp-content\/uploads\/2025\/03\/BTL-2025-138.jpg","datePublished":"2025-03-20T10:28:00+00:00","description":"\u201cPortim\u00e3o, 365 dias para se apaixonar\u201d foi o mote da Presen\u00e7a de Portim\u00e3o na BTL Turismo","breadcrumb":{"@id":"https:\/\/algarve7.pt\/index.php\/2025\/03\/portimao-365-dias-para-se-apaixonar-foi-o-mote-da-presenca-de-portimao-na-btl\/turismo\/10\/28\/#breadcrumb"},"inLanguage":"pt-PT","potentialAction":[{"@type":"ReadAction","target":["https:\/\/algarve7.pt\/index.php\/2025\/03\/portimao-365-dias-para-se-apaixonar-foi-o-mote-da-presenca-de-portimao-na-btl\/turismo\/10\/28\/"]}]},{"@type":"ImageObject","inLanguage":"pt-PT","@id":"https:\/\/algarve7.pt\/index.php\/2025\/03\/portimao-365-dias-para-se-apaixonar-foi-o-mote-da-presenca-de-portimao-na-btl\/turismo\/10\/28\/#primaryimage","url":"https:\/\/algarve7.pt\/wp-content\/uploads\/2025\/03\/BTL-2025-138.jpg","contentUrl":"https:\/\/algarve7.pt\/wp-content\/uploads\/2025\/03\/BTL-2025-138.jpg","width":800,"height":500},{"@type":"BreadcrumbList","@id":"https:\/\/algarve7.pt\/index.php\/2025\/03\/portimao-365-dias-para-se-apaixonar-foi-o-mote-da-presenca-de-portimao-na-btl\/turismo\/10\/28\/#breadcrumb","itemListElement":[{"@type":"ListItem","position":1,"name":"In\u00edcio","item":"https:\/\/algarve7.pt\/"},{"@type":"ListItem","position":2,"name":"\u201cPortim\u00e3o, 365 dias para se apaixonar\u201d foi o mote da Presen\u00e7a de Portim\u00e3o na BTL"}]},{"@type":"WebSite","@id":"https:\/\/algarve7.pt\/#website","url":"https:\/\/algarve7.pt\/","name":"Algarve 7","description":"Informa\u00e7\u00e3o sobre o Algarve","publisher":{"@id":"https:\/\/algarve7.pt\/#organization"},"potentialAction":[{"@type":"SearchAction","target":{"@type":"EntryPoint","urlTemplate":"https:\/\/algarve7.pt\/?s={search_term_string}"},"query-input":{"@type":"PropertyValueSpecification","valueRequired":true,"valueName":"search_term_string"}}],"inLanguage":"pt-PT"},{"@type":"Organization","@id":"https:\/\/algarve7.pt\/#organization","name":"Algarve 7","url":"https:\/\/algarve7.pt\/","logo":{"@type":"ImageObject","inLanguage":"pt-PT","@id":"https:\/\/algarve7.pt\/#\/schema\/logo\/image\/","url":"https:\/\/algarve7.pt\/wp-content\/uploads\/2020\/10\/Logo-8.jpg","contentUrl":"https:\/\/algarve7.pt\/wp-content\/uploads\/2020\/10\/Logo-8.jpg","width":1680,"height":1186,"caption":"Algarve 7"},"image":{"@id":"https:\/\/algarve7.pt\/#\/schema\/logo\/image\/"},"sameAs":["https:\/\/www.facebook.com\/algarve7","https:\/\/x.com\/Algarvesete","https:\/\/www.instagram.com\/jornalalgarve7\/","https:\/\/www.linkedin.com\/company\/algarve7","https:\/\/www.pinterest.pt\/geral0939\/_created\/"]},{"@type":"Person","@id":"https:\/\/algarve7.pt\/#\/schema\/person\/23fa70681308e7b319a3204bcea45e0c","name":"Algarve 7","sameAs":["https:\/\/algarve7.pt","https:\/\/www.facebook.com\/algarve7"],"url":"https:\/\/algarve7.pt\/index.php\/author\/geralalgarve7-pt\/"}]}},"jetpack_publicize_connections":[],"jetpack_featured_media_url":"https:\/\/algarve7.pt\/wp-content\/uploads\/2025\/03\/BTL-2025-138.jpg","jetpack_shortlink":"https:\/\/wp.me\/pcezmW-cCd","jetpack_sharing_enabled":true,"_links":{"self":[{"href":"https:\/\/algarve7.pt\/index.php\/wp-json\/wp\/v2\/posts\/48497","targetHints":{"allow":["GET"]}}],"collection":[{"href":"https:\/\/algarve7.pt\/index.php\/wp-json\/wp\/v2\/posts"}],"about":[{"href":"https:\/\/algarve7.pt\/index.php\/wp-json\/wp\/v2\/types\/post"}],"author":[{"embeddable":true,"href":"https:\/\/algarve7.pt\/index.php\/wp-json\/wp\/v2\/users\/1"}],"replies":[{"embeddable":true,"href":"https:\/\/algarve7.pt\/index.php\/wp-json\/wp\/v2\/comments?post=48497"}],"version-history":[{"count":0,"href":"https:\/\/algarve7.pt\/index.php\/wp-json\/wp\/v2\/posts\/48497\/revisions"}],"wp:featuredmedia":[{"embeddable":true,"href":"https:\/\/algarve7.pt\/index.php\/wp-json\/wp\/v2\/media\/48498"}],"wp:attachment":[{"href":"https:\/\/algarve7.pt\/index.php\/wp-json\/wp\/v2\/media?parent=48497"}],"wp:term":[{"taxonomy":"category","embeddable":true,"href":"https:\/\/algarve7.pt\/index.php\/wp-json\/wp\/v2\/categories?post=48497"},{"taxonomy":"post_tag","embeddable":true,"href":"https:\/\/algarve7.pt\/index.php\/wp-json\/wp\/v2\/tags?post=48497"}],"curies":[{"name":"wp","href":"https:\/\/api.w.org\/{rel}","templated":true}]}}