{"id":48436,"date":"2025-03-18T14:45:00","date_gmt":"2025-03-18T14:45:00","guid":{"rendered":"https:\/\/algarve7.pt\/?p=48436"},"modified":"2025-03-17T20:20:29","modified_gmt":"2025-03-17T20:20:29","slug":"juventude-de-lagos-apresentou-propostas-para-melhorar-a-saude-e-a-mobilidade","status":"publish","type":"post","link":"https:\/\/algarve7.pt\/index.php\/2025\/03\/juventude-de-lagos-apresentou-propostas-para-melhorar-a-saude-e-a-mobilidade\/atualidade\/14\/45\/","title":{"rendered":"Juventude de Lagos apresentou propostas para melhorar a sa\u00fade e a mobilidade"},"content":{"rendered":"\n<p>A Assembleia da Juventude reuniu, em sess\u00e3o ordin\u00e1ria anual, para debater, uma vez mais, assuntos do interesse desta faixa et\u00e1ria e apresentar propostas pass\u00edveis de melhorar a vida da comunidade no seu todo.<\/p>\n\n\n\n<p>Sa\u00fade, Acessibilidade e Estrutura Escolar foram os temas em foco no repto lan\u00e7ado pela Assembleia Municipal de Lagos \u00e0s bancadas dos dois agrupamentos de escolas do concelho (Gil Eanes e J\u00falio Dantas). Os 25 jovens estudantes que integram o \u00f3rg\u00e3o desta \u201cescola de democracia e cidadania\u201d fizeram o trabalho de casa e, com o acompanhamento dos respetivos docentes, prepararam um conjunto de apresenta\u00e7\u00f5es, atrav\u00e9s das quais revelaram o seu olhar cr\u00edtico, n\u00e3o deixando de dar sugest\u00f5es de iniciativas que consideram ir ao encontro das necessidades identificadas.&nbsp;<\/p>\n\n\n\n<p>Em mat\u00e9ria de sa\u00fade, a cria\u00e7\u00e3o de incentivos \u00e0 fixa\u00e7\u00e3o de m\u00e9dicos no concelho, parcerias com institui\u00e7\u00f5es universit\u00e1rias, campanhas de sensibiliza\u00e7\u00e3o, a implementa\u00e7\u00e3o de consultas por telemedicina, mais investimento na sa\u00fade oral e na sa\u00fade mental, foram algumas das medidas preconizadas pela bancada da Escola J\u00falio Dantas. Por sua vez, a bancada da Escola Gil Eanes sublinhou o contributo do desporto na condi\u00e7\u00e3o da sa\u00fade f\u00edsica, apontando as necessidades de reabilita\u00e7\u00e3o de alguns dos espa\u00e7os desportivos do concelho e, em sentido contr\u00e1rio, enaltecendo a mais-valia da aposta que o munic\u00edpio tem feito na cria\u00e7\u00e3o de uma rede de percursos pedonais e cicl\u00e1veis. Sobre a sa\u00fade mental, identificaram as respostas existentes, quer em contexto escolar, quer em contexto do Servi\u00e7o Nacional de Sa\u00fade e IPSS, assim como as limita\u00e7\u00f5es desta rede e as \u00e1reas onde consideram ser necess\u00e1rio existir um refor\u00e7o.<\/p>\n\n\n\n<p>A elimina\u00e7\u00e3o de obst\u00e1culos existentes na via p\u00fablica que condicionam a circula\u00e7\u00e3o dos cidad\u00e3os com mobilidade reduzida, o ajustamento dos hor\u00e1rios das linhas de transportes urbanos A ONDA, a cria\u00e7\u00e3o de ciclovias na cidade e a proposta de um acordo entre os munic\u00edpios de Lagos e Aljezur que permita oferecer condi\u00e7\u00f5es mais favor\u00e1veis de utiliza\u00e7\u00e3o d\u2019 A ONDA aos alunos deslocados que v\u00eam fazer o Ensino Secund\u00e1rio em Lagos, foram algumas das notas de recomenda\u00e7\u00e3o deixadas pelos jovens na sua interpela\u00e7\u00e3o aos \u00f3rg\u00e3os aut\u00e1rquicos.<\/p>\n\n\n\n<p>Coube ao presidente da C\u00e2mara, em representa\u00e7\u00e3o do executivo municipal, responder \u00e0s quest\u00f5es colocadas e prestar informa\u00e7\u00e3o sobre os investimentos que o munic\u00edpio executou, est\u00e1 a realizar e tem previsto lan\u00e7ar em cada uma das \u00e1reas abordadas, designadamente em mat\u00e9ria de sa\u00fade, habita\u00e7\u00e3o, educa\u00e7\u00e3o, \u00e1gua, mobilidade e ambiente, destacando, entre outros: a constru\u00e7\u00e3o de fogos a custos controlados; os investimentos na \u00e1rea da efici\u00eancia h\u00eddrica, onde se inclui a instala\u00e7\u00e3o de rega inteligente; a amplia\u00e7\u00e3o da Escola das Naus e da Escola Tecnopolis; a continua\u00e7\u00e3o da valoriza\u00e7\u00e3o da frente de mar com o projeto de um passadi\u00e7o entre o Porto de M\u00f3s e a Praia da Luz; o projeto de amplia\u00e7\u00e3o do Centro de Sa\u00fade de Lagos e a constru\u00e7\u00e3o da Unidade de Ambulat\u00f3rio de Alta Resolu\u00e7\u00e3o; a 2.\u00aa fase de reabilita\u00e7\u00e3o dos campos de jogos polidesportivos do concelho; as melhorias a introduzir n\u2019 A ONDA; e o projeto da 1.\u00aa fase de implementa\u00e7\u00e3o da ciclovia urbana de Lagos.<\/p>\n\n\n\n<p>\u201c<em>Antes de pretendermos mudar o mundo temos de mudar a nossa cidade<\/em>\u201d &#8211; foi com declara\u00e7\u00f5es inspiradas e inspiradoras como esta, proferidas por um membro da Assembleia da Juventude, que a sess\u00e3o terminou, comprovando a disponibilidade e interesse dos jovens em fazer valer os seus direitos de participa\u00e7\u00e3o ativa na vida da comunidade e nas decis\u00f5es aut\u00e1rquicas.<\/p>\n\n\n\n<p>Merece recordar que esta experi\u00eancia inovadora, promovida pelo munic\u00edpio de Lagos, de participa\u00e7\u00e3o dos jovens na vida aut\u00e1rquica iniciou-se em 2001 e tem vindo a afirmar-se, desde ent\u00e3o, pela qualidade e entusiasmo dos jovens, que tamb\u00e9m participam na Sess\u00e3o Solene Conjunta comemorativa do 25 de Abril.<\/p>\n","protected":false},"excerpt":{"rendered":"<p>A Assembleia da Juventude reuniu, em sess\u00e3o ordin\u00e1ria anual, para debater, uma vez mais, assuntos do interesse desta faixa et\u00e1ria<\/p>\n","protected":false},"author":1,"featured_media":48437,"comment_status":"closed","ping_status":"closed","sticky":false,"template":"","format":"standard","meta":{"colormag_page_container_layout":"default_layout","colormag_page_sidebar_layout":"default_layout","_monsterinsights_skip_tracking":false,"_monsterinsights_sitenote_active":false,"_monsterinsights_sitenote_note":"","_monsterinsights_sitenote_category":0,"jetpack_post_was_ever_published":false,"_jetpack_newsletter_access":"","_jetpack_dont_email_post_to_subs":false,"_jetpack_newsletter_tier_id":0,"_jetpack_memberships_contains_paywalled_content":false,"_jetpack_memberships_contains_paid_content":false,"footnotes":"","jetpack_publicize_message":"","jetpack_publicize_feature_enabled":true,"jetpack_social_post_already_shared":true,"jetpack_social_options":{"image_generator_settings":{"template":"highway","default_image_id":0,"font":"","enabled":false},"version":2}},"categories":[11],"tags":[36,62,68],"class_list":["post-48436","post","type-post","status-publish","format-standard","has-post-thumbnail","hentry","category-atualidade","tag-algarve","tag-atualidade","tag-lagos"],"yoast_head":"<!-- This site is optimized with the Yoast SEO plugin v27.5 - https:\/\/yoast.com\/product\/yoast-seo-wordpress\/ -->\n<title>Juventude de Lagos apresentou propostas para melhorar a sa\u00fade e a mobilidade - Algarve 7<\/title>\n<meta name=\"description\" content=\"Juventude de Lagos apresentou propostas para melhorar a sa\u00fade e a mobilidade Atualidade\" \/>\n<meta name=\"robots\" content=\"index, follow, max-snippet:-1, max-image-preview:large, max-video-preview:-1\" \/>\n<link rel=\"canonical\" href=\"https:\/\/algarve7.pt\/index.php\/2025\/03\/juventude-de-lagos-apresentou-propostas-para-melhorar-a-saude-e-a-mobilidade\/atualidade\/14\/45\/\" \/>\n<meta property=\"og:locale\" content=\"pt_PT\" \/>\n<meta property=\"og:type\" content=\"article\" \/>\n<meta property=\"og:title\" content=\"Juventude de Lagos apresentou propostas para melhorar a sa\u00fade e a mobilidade - Algarve 7\" \/>\n<meta property=\"og:description\" content=\"Juventude de Lagos apresentou propostas para melhorar a sa\u00fade e a mobilidade Atualidade\" \/>\n<meta property=\"og:url\" content=\"https:\/\/algarve7.pt\/index.php\/2025\/03\/juventude-de-lagos-apresentou-propostas-para-melhorar-a-saude-e-a-mobilidade\/atualidade\/14\/45\/\" \/>\n<meta property=\"og:site_name\" content=\"Algarve 7\" \/>\n<meta property=\"article:publisher\" content=\"https:\/\/www.facebook.com\/algarve7\" \/>\n<meta property=\"article:author\" content=\"https:\/\/www.facebook.com\/algarve7\" \/>\n<meta property=\"article:published_time\" content=\"2025-03-18T14:45:00+00:00\" \/>\n<meta property=\"og:image\" content=\"https:\/\/algarve7.pt\/wp-content\/uploads\/2025\/03\/Assembleia-Municipal-Juventude_Lagos-3_OCS.jpg\" \/>\n\t<meta property=\"og:image:width\" content=\"800\" \/>\n\t<meta property=\"og:image:height\" content=\"500\" \/>\n\t<meta property=\"og:image:type\" content=\"image\/jpeg\" \/>\n<meta name=\"author\" content=\"Algarve 7\" \/>\n<meta name=\"twitter:card\" content=\"summary_large_image\" \/>\n<meta name=\"twitter:creator\" content=\"@Algarvesete\" \/>\n<meta name=\"twitter:site\" content=\"@Algarvesete\" \/>\n<meta name=\"twitter:label1\" content=\"Escrito por\" \/>\n\t<meta name=\"twitter:data1\" content=\"Algarve 7\" \/>\n\t<meta name=\"twitter:label2\" content=\"Tempo estimado de leitura\" \/>\n\t<meta name=\"twitter:data2\" content=\"4 minutos\" \/>\n<script type=\"application\/ld+json\" class=\"yoast-schema-graph\">{\"@context\":\"https:\\\/\\\/schema.org\",\"@graph\":[{\"@type\":\"Article\",\"@id\":\"https:\\\/\\\/algarve7.pt\\\/index.php\\\/2025\\\/03\\\/juventude-de-lagos-apresentou-propostas-para-melhorar-a-saude-e-a-mobilidade\\\/atualidade\\\/14\\\/45\\\/#article\",\"isPartOf\":{\"@id\":\"https:\\\/\\\/algarve7.pt\\\/index.php\\\/2025\\\/03\\\/juventude-de-lagos-apresentou-propostas-para-melhorar-a-saude-e-a-mobilidade\\\/atualidade\\\/14\\\/45\\\/\"},\"author\":{\"name\":\"Algarve 7\",\"@id\":\"https:\\\/\\\/algarve7.pt\\\/#\\\/schema\\\/person\\\/23fa70681308e7b319a3204bcea45e0c\"},\"headline\":\"Juventude de Lagos apresentou propostas para melhorar a sa\u00fade e a mobilidade\",\"datePublished\":\"2025-03-18T14:45:00+00:00\",\"mainEntityOfPage\":{\"@id\":\"https:\\\/\\\/algarve7.pt\\\/index.php\\\/2025\\\/03\\\/juventude-de-lagos-apresentou-propostas-para-melhorar-a-saude-e-a-mobilidade\\\/atualidade\\\/14\\\/45\\\/\"},\"wordCount\":708,\"publisher\":{\"@id\":\"https:\\\/\\\/algarve7.pt\\\/#organization\"},\"image\":{\"@id\":\"https:\\\/\\\/algarve7.pt\\\/index.php\\\/2025\\\/03\\\/juventude-de-lagos-apresentou-propostas-para-melhorar-a-saude-e-a-mobilidade\\\/atualidade\\\/14\\\/45\\\/#primaryimage\"},\"thumbnailUrl\":\"https:\\\/\\\/algarve7.pt\\\/wp-content\\\/uploads\\\/2025\\\/03\\\/Assembleia-Municipal-Juventude_Lagos-3_OCS.jpg\",\"keywords\":[\"Algarve\",\"Atualidade\",\"Lagos\"],\"articleSection\":[\"Atualidade\"],\"inLanguage\":\"pt-PT\"},{\"@type\":\"WebPage\",\"@id\":\"https:\\\/\\\/algarve7.pt\\\/index.php\\\/2025\\\/03\\\/juventude-de-lagos-apresentou-propostas-para-melhorar-a-saude-e-a-mobilidade\\\/atualidade\\\/14\\\/45\\\/\",\"url\":\"https:\\\/\\\/algarve7.pt\\\/index.php\\\/2025\\\/03\\\/juventude-de-lagos-apresentou-propostas-para-melhorar-a-saude-e-a-mobilidade\\\/atualidade\\\/14\\\/45\\\/\",\"name\":\"Juventude de Lagos apresentou propostas para melhorar a sa\u00fade e a mobilidade - Algarve 7\",\"isPartOf\":{\"@id\":\"https:\\\/\\\/algarve7.pt\\\/#website\"},\"primaryImageOfPage\":{\"@id\":\"https:\\\/\\\/algarve7.pt\\\/index.php\\\/2025\\\/03\\\/juventude-de-lagos-apresentou-propostas-para-melhorar-a-saude-e-a-mobilidade\\\/atualidade\\\/14\\\/45\\\/#primaryimage\"},\"image\":{\"@id\":\"https:\\\/\\\/algarve7.pt\\\/index.php\\\/2025\\\/03\\\/juventude-de-lagos-apresentou-propostas-para-melhorar-a-saude-e-a-mobilidade\\\/atualidade\\\/14\\\/45\\\/#primaryimage\"},\"thumbnailUrl\":\"https:\\\/\\\/algarve7.pt\\\/wp-content\\\/uploads\\\/2025\\\/03\\\/Assembleia-Municipal-Juventude_Lagos-3_OCS.jpg\",\"datePublished\":\"2025-03-18T14:45:00+00:00\",\"description\":\"Juventude de Lagos apresentou propostas para melhorar a sa\u00fade e a mobilidade Atualidade\",\"breadcrumb\":{\"@id\":\"https:\\\/\\\/algarve7.pt\\\/index.php\\\/2025\\\/03\\\/juventude-de-lagos-apresentou-propostas-para-melhorar-a-saude-e-a-mobilidade\\\/atualidade\\\/14\\\/45\\\/#breadcrumb\"},\"inLanguage\":\"pt-PT\",\"potentialAction\":[{\"@type\":\"ReadAction\",\"target\":[\"https:\\\/\\\/algarve7.pt\\\/index.php\\\/2025\\\/03\\\/juventude-de-lagos-apresentou-propostas-para-melhorar-a-saude-e-a-mobilidade\\\/atualidade\\\/14\\\/45\\\/\"]}]},{\"@type\":\"ImageObject\",\"inLanguage\":\"pt-PT\",\"@id\":\"https:\\\/\\\/algarve7.pt\\\/index.php\\\/2025\\\/03\\\/juventude-de-lagos-apresentou-propostas-para-melhorar-a-saude-e-a-mobilidade\\\/atualidade\\\/14\\\/45\\\/#primaryimage\",\"url\":\"https:\\\/\\\/algarve7.pt\\\/wp-content\\\/uploads\\\/2025\\\/03\\\/Assembleia-Municipal-Juventude_Lagos-3_OCS.jpg\",\"contentUrl\":\"https:\\\/\\\/algarve7.pt\\\/wp-content\\\/uploads\\\/2025\\\/03\\\/Assembleia-Municipal-Juventude_Lagos-3_OCS.jpg\",\"width\":800,\"height\":500},{\"@type\":\"BreadcrumbList\",\"@id\":\"https:\\\/\\\/algarve7.pt\\\/index.php\\\/2025\\\/03\\\/juventude-de-lagos-apresentou-propostas-para-melhorar-a-saude-e-a-mobilidade\\\/atualidade\\\/14\\\/45\\\/#breadcrumb\",\"itemListElement\":[{\"@type\":\"ListItem\",\"position\":1,\"name\":\"In\u00edcio\",\"item\":\"https:\\\/\\\/algarve7.pt\\\/\"},{\"@type\":\"ListItem\",\"position\":2,\"name\":\"Juventude de Lagos apresentou propostas para melhorar a sa\u00fade e a mobilidade\"}]},{\"@type\":\"WebSite\",\"@id\":\"https:\\\/\\\/algarve7.pt\\\/#website\",\"url\":\"https:\\\/\\\/algarve7.pt\\\/\",\"name\":\"Algarve 7\",\"description\":\"Informa\u00e7\u00e3o sobre o Algarve\",\"publisher\":{\"@id\":\"https:\\\/\\\/algarve7.pt\\\/#organization\"},\"potentialAction\":[{\"@type\":\"SearchAction\",\"target\":{\"@type\":\"EntryPoint\",\"urlTemplate\":\"https:\\\/\\\/algarve7.pt\\\/?s={search_term_string}\"},\"query-input\":{\"@type\":\"PropertyValueSpecification\",\"valueRequired\":true,\"valueName\":\"search_term_string\"}}],\"inLanguage\":\"pt-PT\"},{\"@type\":\"Organization\",\"@id\":\"https:\\\/\\\/algarve7.pt\\\/#organization\",\"name\":\"Algarve 7\",\"url\":\"https:\\\/\\\/algarve7.pt\\\/\",\"logo\":{\"@type\":\"ImageObject\",\"inLanguage\":\"pt-PT\",\"@id\":\"https:\\\/\\\/algarve7.pt\\\/#\\\/schema\\\/logo\\\/image\\\/\",\"url\":\"https:\\\/\\\/algarve7.pt\\\/wp-content\\\/uploads\\\/2020\\\/10\\\/Logo-8.jpg\",\"contentUrl\":\"https:\\\/\\\/algarve7.pt\\\/wp-content\\\/uploads\\\/2020\\\/10\\\/Logo-8.jpg\",\"width\":1680,\"height\":1186,\"caption\":\"Algarve 7\"},\"image\":{\"@id\":\"https:\\\/\\\/algarve7.pt\\\/#\\\/schema\\\/logo\\\/image\\\/\"},\"sameAs\":[\"https:\\\/\\\/www.facebook.com\\\/algarve7\",\"https:\\\/\\\/x.com\\\/Algarvesete\",\"https:\\\/\\\/www.instagram.com\\\/jornalalgarve7\\\/\",\"https:\\\/\\\/www.linkedin.com\\\/company\\\/algarve7\",\"https:\\\/\\\/www.pinterest.pt\\\/geral0939\\\/_created\\\/\"]},{\"@type\":\"Person\",\"@id\":\"https:\\\/\\\/algarve7.pt\\\/#\\\/schema\\\/person\\\/23fa70681308e7b319a3204bcea45e0c\",\"name\":\"Algarve 7\",\"sameAs\":[\"https:\\\/\\\/algarve7.pt\",\"https:\\\/\\\/www.facebook.com\\\/algarve7\"],\"url\":\"https:\\\/\\\/algarve7.pt\\\/index.php\\\/author\\\/geralalgarve7-pt\\\/\"}]}<\/script>\n<!-- \/ Yoast SEO plugin. -->","yoast_head_json":{"title":"Juventude de Lagos apresentou propostas para melhorar a sa\u00fade e a mobilidade - Algarve 7","description":"Juventude de Lagos apresentou propostas para melhorar a sa\u00fade e a mobilidade Atualidade","robots":{"index":"index","follow":"follow","max-snippet":"max-snippet:-1","max-image-preview":"max-image-preview:large","max-video-preview":"max-video-preview:-1"},"canonical":"https:\/\/algarve7.pt\/index.php\/2025\/03\/juventude-de-lagos-apresentou-propostas-para-melhorar-a-saude-e-a-mobilidade\/atualidade\/14\/45\/","og_locale":"pt_PT","og_type":"article","og_title":"Juventude de Lagos apresentou propostas para melhorar a sa\u00fade e a mobilidade - Algarve 7","og_description":"Juventude de Lagos apresentou propostas para melhorar a sa\u00fade e a mobilidade Atualidade","og_url":"https:\/\/algarve7.pt\/index.php\/2025\/03\/juventude-de-lagos-apresentou-propostas-para-melhorar-a-saude-e-a-mobilidade\/atualidade\/14\/45\/","og_site_name":"Algarve 7","article_publisher":"https:\/\/www.facebook.com\/algarve7","article_author":"https:\/\/www.facebook.com\/algarve7","article_published_time":"2025-03-18T14:45:00+00:00","og_image":[{"width":800,"height":500,"url":"https:\/\/algarve7.pt\/wp-content\/uploads\/2025\/03\/Assembleia-Municipal-Juventude_Lagos-3_OCS.jpg","type":"image\/jpeg"}],"author":"Algarve 7","twitter_card":"summary_large_image","twitter_creator":"@Algarvesete","twitter_site":"@Algarvesete","twitter_misc":{"Escrito por":"Algarve 7","Tempo estimado de leitura":"4 minutos"},"schema":{"@context":"https:\/\/schema.org","@graph":[{"@type":"Article","@id":"https:\/\/algarve7.pt\/index.php\/2025\/03\/juventude-de-lagos-apresentou-propostas-para-melhorar-a-saude-e-a-mobilidade\/atualidade\/14\/45\/#article","isPartOf":{"@id":"https:\/\/algarve7.pt\/index.php\/2025\/03\/juventude-de-lagos-apresentou-propostas-para-melhorar-a-saude-e-a-mobilidade\/atualidade\/14\/45\/"},"author":{"name":"Algarve 7","@id":"https:\/\/algarve7.pt\/#\/schema\/person\/23fa70681308e7b319a3204bcea45e0c"},"headline":"Juventude de Lagos apresentou propostas para melhorar a sa\u00fade e a mobilidade","datePublished":"2025-03-18T14:45:00+00:00","mainEntityOfPage":{"@id":"https:\/\/algarve7.pt\/index.php\/2025\/03\/juventude-de-lagos-apresentou-propostas-para-melhorar-a-saude-e-a-mobilidade\/atualidade\/14\/45\/"},"wordCount":708,"publisher":{"@id":"https:\/\/algarve7.pt\/#organization"},"image":{"@id":"https:\/\/algarve7.pt\/index.php\/2025\/03\/juventude-de-lagos-apresentou-propostas-para-melhorar-a-saude-e-a-mobilidade\/atualidade\/14\/45\/#primaryimage"},"thumbnailUrl":"https:\/\/algarve7.pt\/wp-content\/uploads\/2025\/03\/Assembleia-Municipal-Juventude_Lagos-3_OCS.jpg","keywords":["Algarve","Atualidade","Lagos"],"articleSection":["Atualidade"],"inLanguage":"pt-PT"},{"@type":"WebPage","@id":"https:\/\/algarve7.pt\/index.php\/2025\/03\/juventude-de-lagos-apresentou-propostas-para-melhorar-a-saude-e-a-mobilidade\/atualidade\/14\/45\/","url":"https:\/\/algarve7.pt\/index.php\/2025\/03\/juventude-de-lagos-apresentou-propostas-para-melhorar-a-saude-e-a-mobilidade\/atualidade\/14\/45\/","name":"Juventude de Lagos apresentou propostas para melhorar a sa\u00fade e a mobilidade - Algarve 7","isPartOf":{"@id":"https:\/\/algarve7.pt\/#website"},"primaryImageOfPage":{"@id":"https:\/\/algarve7.pt\/index.php\/2025\/03\/juventude-de-lagos-apresentou-propostas-para-melhorar-a-saude-e-a-mobilidade\/atualidade\/14\/45\/#primaryimage"},"image":{"@id":"https:\/\/algarve7.pt\/index.php\/2025\/03\/juventude-de-lagos-apresentou-propostas-para-melhorar-a-saude-e-a-mobilidade\/atualidade\/14\/45\/#primaryimage"},"thumbnailUrl":"https:\/\/algarve7.pt\/wp-content\/uploads\/2025\/03\/Assembleia-Municipal-Juventude_Lagos-3_OCS.jpg","datePublished":"2025-03-18T14:45:00+00:00","description":"Juventude de Lagos apresentou propostas para melhorar a sa\u00fade e a mobilidade Atualidade","breadcrumb":{"@id":"https:\/\/algarve7.pt\/index.php\/2025\/03\/juventude-de-lagos-apresentou-propostas-para-melhorar-a-saude-e-a-mobilidade\/atualidade\/14\/45\/#breadcrumb"},"inLanguage":"pt-PT","potentialAction":[{"@type":"ReadAction","target":["https:\/\/algarve7.pt\/index.php\/2025\/03\/juventude-de-lagos-apresentou-propostas-para-melhorar-a-saude-e-a-mobilidade\/atualidade\/14\/45\/"]}]},{"@type":"ImageObject","inLanguage":"pt-PT","@id":"https:\/\/algarve7.pt\/index.php\/2025\/03\/juventude-de-lagos-apresentou-propostas-para-melhorar-a-saude-e-a-mobilidade\/atualidade\/14\/45\/#primaryimage","url":"https:\/\/algarve7.pt\/wp-content\/uploads\/2025\/03\/Assembleia-Municipal-Juventude_Lagos-3_OCS.jpg","contentUrl":"https:\/\/algarve7.pt\/wp-content\/uploads\/2025\/03\/Assembleia-Municipal-Juventude_Lagos-3_OCS.jpg","width":800,"height":500},{"@type":"BreadcrumbList","@id":"https:\/\/algarve7.pt\/index.php\/2025\/03\/juventude-de-lagos-apresentou-propostas-para-melhorar-a-saude-e-a-mobilidade\/atualidade\/14\/45\/#breadcrumb","itemListElement":[{"@type":"ListItem","position":1,"name":"In\u00edcio","item":"https:\/\/algarve7.pt\/"},{"@type":"ListItem","position":2,"name":"Juventude de Lagos apresentou propostas para melhorar a sa\u00fade e a mobilidade"}]},{"@type":"WebSite","@id":"https:\/\/algarve7.pt\/#website","url":"https:\/\/algarve7.pt\/","name":"Algarve 7","description":"Informa\u00e7\u00e3o sobre o Algarve","publisher":{"@id":"https:\/\/algarve7.pt\/#organization"},"potentialAction":[{"@type":"SearchAction","target":{"@type":"EntryPoint","urlTemplate":"https:\/\/algarve7.pt\/?s={search_term_string}"},"query-input":{"@type":"PropertyValueSpecification","valueRequired":true,"valueName":"search_term_string"}}],"inLanguage":"pt-PT"},{"@type":"Organization","@id":"https:\/\/algarve7.pt\/#organization","name":"Algarve 7","url":"https:\/\/algarve7.pt\/","logo":{"@type":"ImageObject","inLanguage":"pt-PT","@id":"https:\/\/algarve7.pt\/#\/schema\/logo\/image\/","url":"https:\/\/algarve7.pt\/wp-content\/uploads\/2020\/10\/Logo-8.jpg","contentUrl":"https:\/\/algarve7.pt\/wp-content\/uploads\/2020\/10\/Logo-8.jpg","width":1680,"height":1186,"caption":"Algarve 7"},"image":{"@id":"https:\/\/algarve7.pt\/#\/schema\/logo\/image\/"},"sameAs":["https:\/\/www.facebook.com\/algarve7","https:\/\/x.com\/Algarvesete","https:\/\/www.instagram.com\/jornalalgarve7\/","https:\/\/www.linkedin.com\/company\/algarve7","https:\/\/www.pinterest.pt\/geral0939\/_created\/"]},{"@type":"Person","@id":"https:\/\/algarve7.pt\/#\/schema\/person\/23fa70681308e7b319a3204bcea45e0c","name":"Algarve 7","sameAs":["https:\/\/algarve7.pt","https:\/\/www.facebook.com\/algarve7"],"url":"https:\/\/algarve7.pt\/index.php\/author\/geralalgarve7-pt\/"}]}},"jetpack_publicize_connections":[],"jetpack_featured_media_url":"https:\/\/algarve7.pt\/wp-content\/uploads\/2025\/03\/Assembleia-Municipal-Juventude_Lagos-3_OCS.jpg","jetpack_shortlink":"https:\/\/wp.me\/pcezmW-cBe","jetpack_sharing_enabled":true,"_links":{"self":[{"href":"https:\/\/algarve7.pt\/index.php\/wp-json\/wp\/v2\/posts\/48436","targetHints":{"allow":["GET"]}}],"collection":[{"href":"https:\/\/algarve7.pt\/index.php\/wp-json\/wp\/v2\/posts"}],"about":[{"href":"https:\/\/algarve7.pt\/index.php\/wp-json\/wp\/v2\/types\/post"}],"author":[{"embeddable":true,"href":"https:\/\/algarve7.pt\/index.php\/wp-json\/wp\/v2\/users\/1"}],"replies":[{"embeddable":true,"href":"https:\/\/algarve7.pt\/index.php\/wp-json\/wp\/v2\/comments?post=48436"}],"version-history":[{"count":0,"href":"https:\/\/algarve7.pt\/index.php\/wp-json\/wp\/v2\/posts\/48436\/revisions"}],"wp:featuredmedia":[{"embeddable":true,"href":"https:\/\/algarve7.pt\/index.php\/wp-json\/wp\/v2\/media\/48437"}],"wp:attachment":[{"href":"https:\/\/algarve7.pt\/index.php\/wp-json\/wp\/v2\/media?parent=48436"}],"wp:term":[{"taxonomy":"category","embeddable":true,"href":"https:\/\/algarve7.pt\/index.php\/wp-json\/wp\/v2\/categories?post=48436"},{"taxonomy":"post_tag","embeddable":true,"href":"https:\/\/algarve7.pt\/index.php\/wp-json\/wp\/v2\/tags?post=48436"}],"curies":[{"name":"wp","href":"https:\/\/api.w.org\/{rel}","templated":true}]}}