{"id":48418,"date":"2025-03-18T11:15:00","date_gmt":"2025-03-18T11:15:00","guid":{"rendered":"https:\/\/algarve7.pt\/?p=48418"},"modified":"2025-03-17T16:34:24","modified_gmt":"2025-03-17T16:34:24","slug":"amal-submeteu-candidatura-ao-padre-ii","status":"publish","type":"post","link":"https:\/\/algarve7.pt\/index.php\/2025\/03\/amal-submeteu-candidatura-ao-padre-ii\/atualidade\/11\/15\/","title":{"rendered":"AMAL submeteu candidatura ao PADRE II"},"content":{"rendered":"\n<p><strong>O Conselho Intermunicipal da AMAL, que decorreu na passada sexta-feira, aprovou, por unanimidade, a submiss\u00e3o de uma candidatura dos munic\u00edpios ao Programa Regional do Algarve, para apresenta\u00e7\u00e3o do Plano de A\u00e7\u00e3o para o Desenvolvimento dos Recursos End\u00f3genos 2025-2027 (PADRE II). A candidatura foi hoje submetida.<\/strong><\/p>\n\n\n\n<p>O&nbsp;<strong>PADRE II&nbsp;<\/strong>tem como&nbsp;<strong>principal objetivo<\/strong>&nbsp;o desenvolvimento dos recursos end\u00f3genos nos territ\u00f3rios de baixa densidade do Algarve, promovendo a sua valoriza\u00e7\u00e3o e dinamiza\u00e7\u00e3o. Estruturado em cinco eixos estrat\u00e9gicos, aposta na diversifica\u00e7\u00e3o econ\u00f3mica, na sustentabilidade ambiental e na capacita\u00e7\u00e3o local, incentivando a fixa\u00e7\u00e3o da popula\u00e7\u00e3o e fortalecendo a resili\u00eancia e a coes\u00e3o territorial. A&nbsp;<strong>dota\u00e7\u00e3o total&nbsp;<\/strong>do Plano \u00e9 de&nbsp;<strong>33.3 milh\u00f5es de euros FEDER<\/strong>.<\/p>\n\n\n\n<p>O&nbsp;<strong>modelo de interven\u00e7\u00e3o<\/strong>&nbsp;do Plano de A\u00e7\u00e3o para o Desenvolvimento dos Recursos End\u00f3genos 2025-2027 tem por base:<\/p>\n\n\n\n<ol start=\"1\" style=\"list-style-type:lower-alpha\" class=\"wp-block-list\">\n<li><strong>A continuidade de uma matriz de projetos transversais\u00a0<\/strong>que tiveram in\u00edcio no PADRE I e que foram sendo reprogramados e ajustados, por raz\u00f5es de ordem diversa (prioridades, componentes das opera\u00e7\u00f5es, dota\u00e7\u00f5es financeiras, etc.);\u00a0<\/li>\n\n\n\n<li>A integra\u00e7\u00e3o de<strong>\u00a0novos projetos\u00a0<\/strong>relacionados com as<strong>\u00a0transi\u00e7\u00f5es digital, clim\u00e1tica e ecol\u00f3gica<\/strong>\u00a0e que t\u00eam como objetivo: a infraestrutura\u00e7\u00e3o digital nos territ\u00f3rios de baixa densidade; a fixa\u00e7\u00e3o de recursos de iniciativa empreendedora (Aldeias Inteligentes) e a valoriza\u00e7\u00e3o do patrim\u00f3nio natural (infraestruturas verdes e biodiversidade) e da identidade cultural (Dieta Mediterr\u00e2nea e Cultura viva).<\/li>\n<\/ol>\n\n\n\n<p>O PADRE II est\u00e1&nbsp;<strong>estruturado em 5 eixos de interven\u00e7\u00e3o<\/strong>:&nbsp;<\/p>\n\n\n\n<ol start=\"1\" class=\"wp-block-list\">\n<li>&#8211; O\u00a0<strong>Eixo I<\/strong>\u00a0diz respeito \u00e0\u00a0<strong>Conserva\u00e7\u00e3o da Natureza e Biodiversidade<\/strong>.\u00a0<\/li>\n\n\n\n<li>&#8211; O\u00a0<strong>Eixo II<\/strong>, relativo \u00e0\u00a0<strong>Rede de Aldeias Inteligentes<\/strong>, tem como referencial o trabalho desenvolvido pela CCDR Algarve, que elaborou um documento de refer\u00eancia para a cria\u00e7\u00e3o de uma Rede de Aldeias Inteligentes no Algarve. A cria\u00e7\u00e3o desta Rede estabelece um conjunto de desafios, entre os quais se destaca a utiliza\u00e7\u00e3o de novas tecnologias, incluindo as digitais, para aproveitar novas oportunidades de transforma\u00e7\u00e3o a partir de iniciativas, atividades, formas de ocupa\u00e7\u00e3o e empregos nas \u00e1reas rurais, em resultado da melhoria da cobertura das infraestruturas digitais e da literacia dos utilizadores.<\/li>\n\n\n\n<li>&#8211; O\u00a0<strong>Eixo III<\/strong>, referente a\u00a0<strong>Medidas transversais<\/strong>, pretende assegurar a resposta ao aviso e ao refor\u00e7o das boas pr\u00e1ticas do per\u00edodo anterior.<\/li>\n\n\n\n<li>&#8211; O\u00a0<strong>Eixo IV<\/strong>\u00a0visa\u00a0<strong>Valorizar recursos e territ\u00f3rios\u00a0<\/strong>e engloba interven\u00e7\u00f5es de car\u00e1cter mais estrutural para cada um dos territ\u00f3rios, baseando a sua a\u00e7\u00e3o em elementos \u00e2ncora dos recursos end\u00f3genos, conferindo novas dimens\u00f5es de atratividade e de indu\u00e7\u00e3o da atividade econ\u00f3mica.\u00a0<\/li>\n\n\n\n<li>&#8211; O\u00a0<strong>Eixo V<\/strong>, focado na\u00a0<strong>Capacita\u00e7\u00e3o e Governan\u00e7a<\/strong>, assume uma relev\u00e2ncia estruturante, assegurando a constru\u00e7\u00e3o de compet\u00eancias e capacidade de gest\u00e3o do Plano e dos seus intervenientes.<\/li>\n<\/ol>\n\n\n\n<p>O&nbsp;<strong>Modelo de governa\u00e7\u00e3o<\/strong>&nbsp;do Plano estar\u00e1 constitu\u00eddo da seguinte forma:&nbsp;<\/p>\n\n\n\n<p><strong>A Coordena\u00e7\u00e3o estrat\u00e9gia e operacional&nbsp;<\/strong>ser\u00e1 da responsabilidade da AMAL,&nbsp;na contratualiza\u00e7\u00e3o da gest\u00e3o dos Eixos 2, 3, 4 e 5, em articula\u00e7\u00e3o com o Conselho Intermunicipal da CIM, a AG Algarve 2030 (Autoridade de Gest\u00e3o) e as entidades gestoras de Projetos transversais.&nbsp;<strong>Os Projetos do Eixo 1, Conserva\u00e7\u00e3o da Natureza e Biodiversidade,&nbsp;<\/strong>ser\u00e3o da responsabilidade da CCDR Algarve. A<strong>&nbsp;Gest\u00e3o de Projetos Transversais,&nbsp;<\/strong>que inclui a Rede de Mercados Locais, ser\u00e1 da responsabilidade da Vicentina; a Promo\u00e7\u00e3o Tur\u00edstica ser\u00e1 da responsabilidade da RTA; a Rede Serrana de Autocaravanismo da responsabilidade da In Loco e a READY da responsabilidade da ATBG.<\/p>\n","protected":false},"excerpt":{"rendered":"<p>O Conselho Intermunicipal da AMAL, que decorreu na passada sexta-feira, aprovou, por unanimidade, a submiss\u00e3o de uma candidatura dos munic\u00edpios<\/p>\n","protected":false},"author":1,"featured_media":1203,"comment_status":"closed","ping_status":"closed","sticky":false,"template":"","format":"standard","meta":{"colormag_page_container_layout":"default_layout","colormag_page_sidebar_layout":"default_layout","_monsterinsights_skip_tracking":false,"_monsterinsights_sitenote_active":false,"_monsterinsights_sitenote_note":"","_monsterinsights_sitenote_category":0,"jetpack_post_was_ever_published":false,"_jetpack_newsletter_access":"","_jetpack_dont_email_post_to_subs":false,"_jetpack_newsletter_tier_id":0,"_jetpack_memberships_contains_paywalled_content":false,"_jetpack_memberships_contains_paid_content":false,"footnotes":"","jetpack_publicize_message":"","jetpack_publicize_feature_enabled":true,"jetpack_social_post_already_shared":true,"jetpack_social_options":{"image_generator_settings":{"template":"highway","default_image_id":0,"font":"","enabled":false},"version":2}},"categories":[11],"tags":[36,207,62],"class_list":["post-48418","post","type-post","status-publish","format-standard","has-post-thumbnail","hentry","category-atualidade","tag-algarve","tag-amal","tag-atualidade"],"yoast_head":"<!-- This site is optimized with the Yoast SEO plugin v27.5 - https:\/\/yoast.com\/product\/yoast-seo-wordpress\/ -->\n<title>AMAL submeteu candidatura ao PADRE II - Algarve 7<\/title>\n<meta name=\"description\" content=\"AMAL submeteu candidatura ao PADRE II Atualidade\" \/>\n<meta name=\"robots\" content=\"index, follow, max-snippet:-1, max-image-preview:large, max-video-preview:-1\" \/>\n<link rel=\"canonical\" href=\"https:\/\/algarve7.pt\/index.php\/2025\/03\/amal-submeteu-candidatura-ao-padre-ii\/atualidade\/11\/15\/\" \/>\n<meta property=\"og:locale\" content=\"pt_PT\" \/>\n<meta property=\"og:type\" content=\"article\" \/>\n<meta property=\"og:title\" content=\"AMAL submeteu candidatura ao PADRE II - Algarve 7\" \/>\n<meta property=\"og:description\" content=\"AMAL submeteu candidatura ao PADRE II Atualidade\" \/>\n<meta property=\"og:url\" content=\"https:\/\/algarve7.pt\/index.php\/2025\/03\/amal-submeteu-candidatura-ao-padre-ii\/atualidade\/11\/15\/\" \/>\n<meta property=\"og:site_name\" content=\"Algarve 7\" \/>\n<meta property=\"article:publisher\" content=\"https:\/\/www.facebook.com\/algarve7\" \/>\n<meta property=\"article:author\" content=\"https:\/\/www.facebook.com\/algarve7\" \/>\n<meta property=\"article:published_time\" content=\"2025-03-18T11:15:00+00:00\" \/>\n<meta property=\"og:image\" content=\"https:\/\/algarve7.pt\/wp-content\/uploads\/2020\/09\/img_0012.jpg\" \/>\n\t<meta property=\"og:image:width\" content=\"884\" \/>\n\t<meta property=\"og:image:height\" content=\"544\" \/>\n\t<meta property=\"og:image:type\" content=\"image\/jpeg\" \/>\n<meta name=\"author\" content=\"Algarve 7\" \/>\n<meta name=\"twitter:card\" content=\"summary_large_image\" \/>\n<meta name=\"twitter:creator\" content=\"@Algarvesete\" \/>\n<meta name=\"twitter:site\" content=\"@Algarvesete\" \/>\n<meta name=\"twitter:label1\" content=\"Escrito por\" \/>\n\t<meta name=\"twitter:data1\" content=\"Algarve 7\" \/>\n\t<meta name=\"twitter:label2\" content=\"Tempo estimado de leitura\" \/>\n\t<meta name=\"twitter:data2\" content=\"4 minutos\" \/>\n<script type=\"application\/ld+json\" class=\"yoast-schema-graph\">{\"@context\":\"https:\\\/\\\/schema.org\",\"@graph\":[{\"@type\":\"Article\",\"@id\":\"https:\\\/\\\/algarve7.pt\\\/index.php\\\/2025\\\/03\\\/amal-submeteu-candidatura-ao-padre-ii\\\/atualidade\\\/11\\\/15\\\/#article\",\"isPartOf\":{\"@id\":\"https:\\\/\\\/algarve7.pt\\\/index.php\\\/2025\\\/03\\\/amal-submeteu-candidatura-ao-padre-ii\\\/atualidade\\\/11\\\/15\\\/\"},\"author\":{\"name\":\"Algarve 7\",\"@id\":\"https:\\\/\\\/algarve7.pt\\\/#\\\/schema\\\/person\\\/23fa70681308e7b319a3204bcea45e0c\"},\"headline\":\"AMAL submeteu candidatura ao PADRE II\",\"datePublished\":\"2025-03-18T11:15:00+00:00\",\"mainEntityOfPage\":{\"@id\":\"https:\\\/\\\/algarve7.pt\\\/index.php\\\/2025\\\/03\\\/amal-submeteu-candidatura-ao-padre-ii\\\/atualidade\\\/11\\\/15\\\/\"},\"wordCount\":625,\"publisher\":{\"@id\":\"https:\\\/\\\/algarve7.pt\\\/#organization\"},\"image\":{\"@id\":\"https:\\\/\\\/algarve7.pt\\\/index.php\\\/2025\\\/03\\\/amal-submeteu-candidatura-ao-padre-ii\\\/atualidade\\\/11\\\/15\\\/#primaryimage\"},\"thumbnailUrl\":\"https:\\\/\\\/algarve7.pt\\\/wp-content\\\/uploads\\\/2020\\\/09\\\/img_0012.jpg\",\"keywords\":[\"Algarve\",\"Amal\",\"Atualidade\"],\"articleSection\":[\"Atualidade\"],\"inLanguage\":\"pt-PT\"},{\"@type\":\"WebPage\",\"@id\":\"https:\\\/\\\/algarve7.pt\\\/index.php\\\/2025\\\/03\\\/amal-submeteu-candidatura-ao-padre-ii\\\/atualidade\\\/11\\\/15\\\/\",\"url\":\"https:\\\/\\\/algarve7.pt\\\/index.php\\\/2025\\\/03\\\/amal-submeteu-candidatura-ao-padre-ii\\\/atualidade\\\/11\\\/15\\\/\",\"name\":\"AMAL submeteu candidatura ao PADRE II - Algarve 7\",\"isPartOf\":{\"@id\":\"https:\\\/\\\/algarve7.pt\\\/#website\"},\"primaryImageOfPage\":{\"@id\":\"https:\\\/\\\/algarve7.pt\\\/index.php\\\/2025\\\/03\\\/amal-submeteu-candidatura-ao-padre-ii\\\/atualidade\\\/11\\\/15\\\/#primaryimage\"},\"image\":{\"@id\":\"https:\\\/\\\/algarve7.pt\\\/index.php\\\/2025\\\/03\\\/amal-submeteu-candidatura-ao-padre-ii\\\/atualidade\\\/11\\\/15\\\/#primaryimage\"},\"thumbnailUrl\":\"https:\\\/\\\/algarve7.pt\\\/wp-content\\\/uploads\\\/2020\\\/09\\\/img_0012.jpg\",\"datePublished\":\"2025-03-18T11:15:00+00:00\",\"description\":\"AMAL submeteu candidatura ao PADRE II Atualidade\",\"breadcrumb\":{\"@id\":\"https:\\\/\\\/algarve7.pt\\\/index.php\\\/2025\\\/03\\\/amal-submeteu-candidatura-ao-padre-ii\\\/atualidade\\\/11\\\/15\\\/#breadcrumb\"},\"inLanguage\":\"pt-PT\",\"potentialAction\":[{\"@type\":\"ReadAction\",\"target\":[\"https:\\\/\\\/algarve7.pt\\\/index.php\\\/2025\\\/03\\\/amal-submeteu-candidatura-ao-padre-ii\\\/atualidade\\\/11\\\/15\\\/\"]}]},{\"@type\":\"ImageObject\",\"inLanguage\":\"pt-PT\",\"@id\":\"https:\\\/\\\/algarve7.pt\\\/index.php\\\/2025\\\/03\\\/amal-submeteu-candidatura-ao-padre-ii\\\/atualidade\\\/11\\\/15\\\/#primaryimage\",\"url\":\"https:\\\/\\\/algarve7.pt\\\/wp-content\\\/uploads\\\/2020\\\/09\\\/img_0012.jpg\",\"contentUrl\":\"https:\\\/\\\/algarve7.pt\\\/wp-content\\\/uploads\\\/2020\\\/09\\\/img_0012.jpg\",\"width\":884,\"height\":544},{\"@type\":\"BreadcrumbList\",\"@id\":\"https:\\\/\\\/algarve7.pt\\\/index.php\\\/2025\\\/03\\\/amal-submeteu-candidatura-ao-padre-ii\\\/atualidade\\\/11\\\/15\\\/#breadcrumb\",\"itemListElement\":[{\"@type\":\"ListItem\",\"position\":1,\"name\":\"In\u00edcio\",\"item\":\"https:\\\/\\\/algarve7.pt\\\/\"},{\"@type\":\"ListItem\",\"position\":2,\"name\":\"AMAL submeteu candidatura ao PADRE II\"}]},{\"@type\":\"WebSite\",\"@id\":\"https:\\\/\\\/algarve7.pt\\\/#website\",\"url\":\"https:\\\/\\\/algarve7.pt\\\/\",\"name\":\"Algarve 7\",\"description\":\"Informa\u00e7\u00e3o sobre o Algarve\",\"publisher\":{\"@id\":\"https:\\\/\\\/algarve7.pt\\\/#organization\"},\"potentialAction\":[{\"@type\":\"SearchAction\",\"target\":{\"@type\":\"EntryPoint\",\"urlTemplate\":\"https:\\\/\\\/algarve7.pt\\\/?s={search_term_string}\"},\"query-input\":{\"@type\":\"PropertyValueSpecification\",\"valueRequired\":true,\"valueName\":\"search_term_string\"}}],\"inLanguage\":\"pt-PT\"},{\"@type\":\"Organization\",\"@id\":\"https:\\\/\\\/algarve7.pt\\\/#organization\",\"name\":\"Algarve 7\",\"url\":\"https:\\\/\\\/algarve7.pt\\\/\",\"logo\":{\"@type\":\"ImageObject\",\"inLanguage\":\"pt-PT\",\"@id\":\"https:\\\/\\\/algarve7.pt\\\/#\\\/schema\\\/logo\\\/image\\\/\",\"url\":\"https:\\\/\\\/algarve7.pt\\\/wp-content\\\/uploads\\\/2020\\\/10\\\/Logo-8.jpg\",\"contentUrl\":\"https:\\\/\\\/algarve7.pt\\\/wp-content\\\/uploads\\\/2020\\\/10\\\/Logo-8.jpg\",\"width\":1680,\"height\":1186,\"caption\":\"Algarve 7\"},\"image\":{\"@id\":\"https:\\\/\\\/algarve7.pt\\\/#\\\/schema\\\/logo\\\/image\\\/\"},\"sameAs\":[\"https:\\\/\\\/www.facebook.com\\\/algarve7\",\"https:\\\/\\\/x.com\\\/Algarvesete\",\"https:\\\/\\\/www.instagram.com\\\/jornalalgarve7\\\/\",\"https:\\\/\\\/www.linkedin.com\\\/company\\\/algarve7\",\"https:\\\/\\\/www.pinterest.pt\\\/geral0939\\\/_created\\\/\"]},{\"@type\":\"Person\",\"@id\":\"https:\\\/\\\/algarve7.pt\\\/#\\\/schema\\\/person\\\/23fa70681308e7b319a3204bcea45e0c\",\"name\":\"Algarve 7\",\"sameAs\":[\"https:\\\/\\\/algarve7.pt\",\"https:\\\/\\\/www.facebook.com\\\/algarve7\"],\"url\":\"https:\\\/\\\/algarve7.pt\\\/index.php\\\/author\\\/geralalgarve7-pt\\\/\"}]}<\/script>\n<!-- \/ Yoast SEO plugin. -->","yoast_head_json":{"title":"AMAL submeteu candidatura ao PADRE II - Algarve 7","description":"AMAL submeteu candidatura ao PADRE II Atualidade","robots":{"index":"index","follow":"follow","max-snippet":"max-snippet:-1","max-image-preview":"max-image-preview:large","max-video-preview":"max-video-preview:-1"},"canonical":"https:\/\/algarve7.pt\/index.php\/2025\/03\/amal-submeteu-candidatura-ao-padre-ii\/atualidade\/11\/15\/","og_locale":"pt_PT","og_type":"article","og_title":"AMAL submeteu candidatura ao PADRE II - Algarve 7","og_description":"AMAL submeteu candidatura ao PADRE II Atualidade","og_url":"https:\/\/algarve7.pt\/index.php\/2025\/03\/amal-submeteu-candidatura-ao-padre-ii\/atualidade\/11\/15\/","og_site_name":"Algarve 7","article_publisher":"https:\/\/www.facebook.com\/algarve7","article_author":"https:\/\/www.facebook.com\/algarve7","article_published_time":"2025-03-18T11:15:00+00:00","og_image":[{"width":884,"height":544,"url":"https:\/\/algarve7.pt\/wp-content\/uploads\/2020\/09\/img_0012.jpg","type":"image\/jpeg"}],"author":"Algarve 7","twitter_card":"summary_large_image","twitter_creator":"@Algarvesete","twitter_site":"@Algarvesete","twitter_misc":{"Escrito por":"Algarve 7","Tempo estimado de leitura":"4 minutos"},"schema":{"@context":"https:\/\/schema.org","@graph":[{"@type":"Article","@id":"https:\/\/algarve7.pt\/index.php\/2025\/03\/amal-submeteu-candidatura-ao-padre-ii\/atualidade\/11\/15\/#article","isPartOf":{"@id":"https:\/\/algarve7.pt\/index.php\/2025\/03\/amal-submeteu-candidatura-ao-padre-ii\/atualidade\/11\/15\/"},"author":{"name":"Algarve 7","@id":"https:\/\/algarve7.pt\/#\/schema\/person\/23fa70681308e7b319a3204bcea45e0c"},"headline":"AMAL submeteu candidatura ao PADRE II","datePublished":"2025-03-18T11:15:00+00:00","mainEntityOfPage":{"@id":"https:\/\/algarve7.pt\/index.php\/2025\/03\/amal-submeteu-candidatura-ao-padre-ii\/atualidade\/11\/15\/"},"wordCount":625,"publisher":{"@id":"https:\/\/algarve7.pt\/#organization"},"image":{"@id":"https:\/\/algarve7.pt\/index.php\/2025\/03\/amal-submeteu-candidatura-ao-padre-ii\/atualidade\/11\/15\/#primaryimage"},"thumbnailUrl":"https:\/\/algarve7.pt\/wp-content\/uploads\/2020\/09\/img_0012.jpg","keywords":["Algarve","Amal","Atualidade"],"articleSection":["Atualidade"],"inLanguage":"pt-PT"},{"@type":"WebPage","@id":"https:\/\/algarve7.pt\/index.php\/2025\/03\/amal-submeteu-candidatura-ao-padre-ii\/atualidade\/11\/15\/","url":"https:\/\/algarve7.pt\/index.php\/2025\/03\/amal-submeteu-candidatura-ao-padre-ii\/atualidade\/11\/15\/","name":"AMAL submeteu candidatura ao PADRE II - Algarve 7","isPartOf":{"@id":"https:\/\/algarve7.pt\/#website"},"primaryImageOfPage":{"@id":"https:\/\/algarve7.pt\/index.php\/2025\/03\/amal-submeteu-candidatura-ao-padre-ii\/atualidade\/11\/15\/#primaryimage"},"image":{"@id":"https:\/\/algarve7.pt\/index.php\/2025\/03\/amal-submeteu-candidatura-ao-padre-ii\/atualidade\/11\/15\/#primaryimage"},"thumbnailUrl":"https:\/\/algarve7.pt\/wp-content\/uploads\/2020\/09\/img_0012.jpg","datePublished":"2025-03-18T11:15:00+00:00","description":"AMAL submeteu candidatura ao PADRE II Atualidade","breadcrumb":{"@id":"https:\/\/algarve7.pt\/index.php\/2025\/03\/amal-submeteu-candidatura-ao-padre-ii\/atualidade\/11\/15\/#breadcrumb"},"inLanguage":"pt-PT","potentialAction":[{"@type":"ReadAction","target":["https:\/\/algarve7.pt\/index.php\/2025\/03\/amal-submeteu-candidatura-ao-padre-ii\/atualidade\/11\/15\/"]}]},{"@type":"ImageObject","inLanguage":"pt-PT","@id":"https:\/\/algarve7.pt\/index.php\/2025\/03\/amal-submeteu-candidatura-ao-padre-ii\/atualidade\/11\/15\/#primaryimage","url":"https:\/\/algarve7.pt\/wp-content\/uploads\/2020\/09\/img_0012.jpg","contentUrl":"https:\/\/algarve7.pt\/wp-content\/uploads\/2020\/09\/img_0012.jpg","width":884,"height":544},{"@type":"BreadcrumbList","@id":"https:\/\/algarve7.pt\/index.php\/2025\/03\/amal-submeteu-candidatura-ao-padre-ii\/atualidade\/11\/15\/#breadcrumb","itemListElement":[{"@type":"ListItem","position":1,"name":"In\u00edcio","item":"https:\/\/algarve7.pt\/"},{"@type":"ListItem","position":2,"name":"AMAL submeteu candidatura ao PADRE II"}]},{"@type":"WebSite","@id":"https:\/\/algarve7.pt\/#website","url":"https:\/\/algarve7.pt\/","name":"Algarve 7","description":"Informa\u00e7\u00e3o sobre o Algarve","publisher":{"@id":"https:\/\/algarve7.pt\/#organization"},"potentialAction":[{"@type":"SearchAction","target":{"@type":"EntryPoint","urlTemplate":"https:\/\/algarve7.pt\/?s={search_term_string}"},"query-input":{"@type":"PropertyValueSpecification","valueRequired":true,"valueName":"search_term_string"}}],"inLanguage":"pt-PT"},{"@type":"Organization","@id":"https:\/\/algarve7.pt\/#organization","name":"Algarve 7","url":"https:\/\/algarve7.pt\/","logo":{"@type":"ImageObject","inLanguage":"pt-PT","@id":"https:\/\/algarve7.pt\/#\/schema\/logo\/image\/","url":"https:\/\/algarve7.pt\/wp-content\/uploads\/2020\/10\/Logo-8.jpg","contentUrl":"https:\/\/algarve7.pt\/wp-content\/uploads\/2020\/10\/Logo-8.jpg","width":1680,"height":1186,"caption":"Algarve 7"},"image":{"@id":"https:\/\/algarve7.pt\/#\/schema\/logo\/image\/"},"sameAs":["https:\/\/www.facebook.com\/algarve7","https:\/\/x.com\/Algarvesete","https:\/\/www.instagram.com\/jornalalgarve7\/","https:\/\/www.linkedin.com\/company\/algarve7","https:\/\/www.pinterest.pt\/geral0939\/_created\/"]},{"@type":"Person","@id":"https:\/\/algarve7.pt\/#\/schema\/person\/23fa70681308e7b319a3204bcea45e0c","name":"Algarve 7","sameAs":["https:\/\/algarve7.pt","https:\/\/www.facebook.com\/algarve7"],"url":"https:\/\/algarve7.pt\/index.php\/author\/geralalgarve7-pt\/"}]}},"jetpack_publicize_connections":[],"jetpack_featured_media_url":"https:\/\/algarve7.pt\/wp-content\/uploads\/2020\/09\/img_0012.jpg","jetpack_shortlink":"https:\/\/wp.me\/pcezmW-cAW","jetpack_sharing_enabled":true,"_links":{"self":[{"href":"https:\/\/algarve7.pt\/index.php\/wp-json\/wp\/v2\/posts\/48418","targetHints":{"allow":["GET"]}}],"collection":[{"href":"https:\/\/algarve7.pt\/index.php\/wp-json\/wp\/v2\/posts"}],"about":[{"href":"https:\/\/algarve7.pt\/index.php\/wp-json\/wp\/v2\/types\/post"}],"author":[{"embeddable":true,"href":"https:\/\/algarve7.pt\/index.php\/wp-json\/wp\/v2\/users\/1"}],"replies":[{"embeddable":true,"href":"https:\/\/algarve7.pt\/index.php\/wp-json\/wp\/v2\/comments?post=48418"}],"version-history":[{"count":0,"href":"https:\/\/algarve7.pt\/index.php\/wp-json\/wp\/v2\/posts\/48418\/revisions"}],"wp:featuredmedia":[{"embeddable":true,"href":"https:\/\/algarve7.pt\/index.php\/wp-json\/wp\/v2\/media\/1203"}],"wp:attachment":[{"href":"https:\/\/algarve7.pt\/index.php\/wp-json\/wp\/v2\/media?parent=48418"}],"wp:term":[{"taxonomy":"category","embeddable":true,"href":"https:\/\/algarve7.pt\/index.php\/wp-json\/wp\/v2\/categories?post=48418"},{"taxonomy":"post_tag","embeddable":true,"href":"https:\/\/algarve7.pt\/index.php\/wp-json\/wp\/v2\/tags?post=48418"}],"curies":[{"name":"wp","href":"https:\/\/api.w.org\/{rel}","templated":true}]}}