{"id":48406,"date":"2025-03-18T10:41:00","date_gmt":"2025-03-18T10:41:00","guid":{"rendered":"https:\/\/algarve7.pt\/?p=48406"},"modified":"2025-03-17T13:44:29","modified_gmt":"2025-03-17T13:44:29","slug":"claudia-sofia-sousa-apresenta-livro-na-biblioteca-municipal-de-olhao","status":"publish","type":"post","link":"https:\/\/algarve7.pt\/index.php\/2025\/03\/claudia-sofia-sousa-apresenta-livro-na-biblioteca-municipal-de-olhao\/cultura\/10\/41\/","title":{"rendered":"Cl\u00e1udia Sofia Sousa apresenta livro na Biblioteca Municipal de Olh\u00e3o\u00a0"},"content":{"rendered":"\n<p>\u00abA Morte N\u00e3o \u00e9 Nada\u00bb \u00e9 o primeiro romance de Cl\u00e1udia Sofia de Sousa que cresceu e vive atualmente no Algarve. Com a chancela da Oficina da Escrita, o livro ser\u00e1 lan\u00e7ado no dia 29 de mar\u00e7o, pelas 16h, na Biblioteca Municipal de Olh\u00e3o, contando com a apresenta\u00e7\u00e3o de Jos\u00e9 Mendes Bota, pol\u00edtico e escritor algarvio, e momentos de leitura a cargo do locutor e diseur olhanense Jo\u00e3o Pereira.<strong>&nbsp;\u201cEste livro \u00e9 uma fic\u00e7\u00e3o que parte de um acontecimento real, a morte prematura do pai da minha filha h\u00e1 10 anos. Sendo um romance, o leitor encontra personagens que na vida real nunca existiram e momentos imaginados. Mais do que uma carta de luto ou de uma declara\u00e7\u00e3o de amor p\u00f3stuma, gostava que, de alguma forma, estas p\u00e1ginas fossem um ponto de conforto para todos aqueles que perderam algu\u00e9m cedo demais\u201d<\/strong>, explica Cl\u00e1udia Sofia de Sousa.&nbsp;<\/p>\n\n\n\n<p>Combinando ingredientes como amor, trai\u00e7\u00e3o, nascimento, doen\u00e7a, morte, abandono, reencontro, reden\u00e7\u00e3o e esperan\u00e7a, \u00abA Morte N\u00e3o \u00e9 Nada\u00bb tem igualmente um cariz solid\u00e1rio, j\u00e1 que parte das receitas revertem a favor da Associa\u00e7\u00e3o Oncol\u00f3gica do Algarve. O livro encontra-se em pr\u00e9-venda em\u00a0<a href=\"https:\/\/oficinadaescrita.com\/produto\/a-morte-nao-e-nada\/\" target=\"_blank\" rel=\"noreferrer noopener\">https:\/\/oficinadaescrita.com\/produto\/a-morte-nao-e-nada\/<\/a>\u00a0e estar\u00e1 dispon\u00edvel em breve nas livrarias nacionais.\u00a0<\/p>\n\n\n\n<p>Cl\u00e1udia Sofia Sousa \u00e9 alfacinha de ber\u00e7o e algarvia de gema. Nasceu em Lisboa, em 1979, mas cresceu e vive atualmente no Algarve, onde tem as suas ra\u00edzes. Licenciada em Comunica\u00e7\u00e3o Social \u2013 Jornalismo, dedicou-se ao mundo empresarial e \u00e0 assessoria de comunica\u00e7\u00e3o. \u00c9 tamb\u00e9m autarca no concelho de Olh\u00e3o desde 2017.&nbsp;<\/p>\n\n\n\n<p>Escreve porque gosta, tendo lan\u00e7ado em 2009 o blogue claudiasofiasousa.blogspot.pt que viria a originar o seu primeiro livro (\u00abSobreViver\u00bb, 2016). Participou, em 2017, no III Encontro Internacional Poesia a Sul, tendo integrado a colet\u00e2nea n.\u00ba 2 dos cadernos de poesia com o mesmo nome. Com o conto in\u00e9dito \u00abPelo amor de Deus\u00bb foi finalista dos \u00abNovos talentos Fnac \u2013 Escrita\u00bb, em 2019. Em 2020, integrou a colet\u00e2nea \u00abDuetos Dordianos \u2013 Alma a Duas M\u00e3os\u00bb. Desde 2023 que participa no coletivo de divulga\u00e7\u00e3o liter\u00e1ria \u00abEsp\u00faria\u00bb.&nbsp;<\/p>\n","protected":false},"excerpt":{"rendered":"<p>\u00abA Morte N\u00e3o \u00e9 Nada\u00bb \u00e9 o primeiro romance de Cl\u00e1udia Sofia de Sousa que cresceu e vive atualmente no<\/p>\n","protected":false},"author":1,"featured_media":48407,"comment_status":"closed","ping_status":"closed","sticky":false,"template":"","format":"standard","meta":{"colormag_page_container_layout":"default_layout","colormag_page_sidebar_layout":"default_layout","_monsterinsights_skip_tracking":false,"_monsterinsights_sitenote_active":false,"_monsterinsights_sitenote_note":"","_monsterinsights_sitenote_category":0,"jetpack_post_was_ever_published":false,"_jetpack_newsletter_access":"","_jetpack_dont_email_post_to_subs":false,"_jetpack_newsletter_tier_id":0,"_jetpack_memberships_contains_paywalled_content":false,"_jetpack_memberships_contains_paid_content":false,"footnotes":"","jetpack_publicize_message":"","jetpack_publicize_feature_enabled":true,"jetpack_social_post_already_shared":true,"jetpack_social_options":{"image_generator_settings":{"template":"highway","default_image_id":0,"font":"","enabled":false},"version":2}},"categories":[14],"tags":[36,35,37],"class_list":["post-48406","post","type-post","status-publish","format-standard","has-post-thumbnail","hentry","category-cultura","tag-algarve","tag-cultura","tag-olhao"],"yoast_head":"<!-- This site is optimized with the Yoast SEO plugin v27.5 - https:\/\/yoast.com\/product\/yoast-seo-wordpress\/ -->\n<title>Cl\u00e1udia Sofia Sousa apresenta livro na Biblioteca Municipal de Olh\u00e3o\u00a0 - Algarve 7<\/title>\n<meta name=\"description\" content=\"Cl\u00e1udia Sofia Sousa apresenta livro na Biblioteca Municipal de Olh\u00e3o\u00a0 Cultura\" \/>\n<meta name=\"robots\" content=\"index, follow, max-snippet:-1, max-image-preview:large, max-video-preview:-1\" \/>\n<link rel=\"canonical\" href=\"https:\/\/algarve7.pt\/index.php\/2025\/03\/claudia-sofia-sousa-apresenta-livro-na-biblioteca-municipal-de-olhao\/cultura\/10\/41\/\" \/>\n<meta property=\"og:locale\" content=\"pt_PT\" \/>\n<meta property=\"og:type\" content=\"article\" \/>\n<meta property=\"og:title\" content=\"Cl\u00e1udia Sofia Sousa apresenta livro na Biblioteca Municipal de Olh\u00e3o\u00a0 - Algarve 7\" \/>\n<meta property=\"og:description\" content=\"Cl\u00e1udia Sofia Sousa apresenta livro na Biblioteca Municipal de Olh\u00e3o\u00a0 Cultura\" \/>\n<meta property=\"og:url\" content=\"https:\/\/algarve7.pt\/index.php\/2025\/03\/claudia-sofia-sousa-apresenta-livro-na-biblioteca-municipal-de-olhao\/cultura\/10\/41\/\" \/>\n<meta property=\"og:site_name\" content=\"Algarve 7\" \/>\n<meta property=\"article:publisher\" content=\"https:\/\/www.facebook.com\/algarve7\" \/>\n<meta property=\"article:author\" content=\"https:\/\/www.facebook.com\/algarve7\" \/>\n<meta property=\"article:published_time\" content=\"2025-03-18T10:41:00+00:00\" \/>\n<meta property=\"og:image\" content=\"https:\/\/algarve7.pt\/wp-content\/uploads\/2025\/03\/Captura-de-ecra-2025-03-17-as-13.42.50.png\" \/>\n\t<meta property=\"og:image:width\" content=\"800\" \/>\n\t<meta property=\"og:image:height\" content=\"500\" \/>\n\t<meta property=\"og:image:type\" content=\"image\/png\" \/>\n<meta name=\"author\" content=\"Algarve 7\" \/>\n<meta name=\"twitter:card\" content=\"summary_large_image\" \/>\n<meta name=\"twitter:creator\" content=\"@Algarvesete\" \/>\n<meta name=\"twitter:site\" content=\"@Algarvesete\" \/>\n<meta name=\"twitter:label1\" content=\"Escrito por\" \/>\n\t<meta name=\"twitter:data1\" content=\"Algarve 7\" \/>\n\t<meta name=\"twitter:label2\" content=\"Tempo estimado de leitura\" \/>\n\t<meta name=\"twitter:data2\" content=\"3 minutos\" \/>\n<script type=\"application\/ld+json\" class=\"yoast-schema-graph\">{\"@context\":\"https:\\\/\\\/schema.org\",\"@graph\":[{\"@type\":\"Article\",\"@id\":\"https:\\\/\\\/algarve7.pt\\\/index.php\\\/2025\\\/03\\\/claudia-sofia-sousa-apresenta-livro-na-biblioteca-municipal-de-olhao\\\/cultura\\\/10\\\/41\\\/#article\",\"isPartOf\":{\"@id\":\"https:\\\/\\\/algarve7.pt\\\/index.php\\\/2025\\\/03\\\/claudia-sofia-sousa-apresenta-livro-na-biblioteca-municipal-de-olhao\\\/cultura\\\/10\\\/41\\\/\"},\"author\":{\"name\":\"Algarve 7\",\"@id\":\"https:\\\/\\\/algarve7.pt\\\/#\\\/schema\\\/person\\\/23fa70681308e7b319a3204bcea45e0c\"},\"headline\":\"Cl\u00e1udia Sofia Sousa apresenta livro na Biblioteca Municipal de Olh\u00e3o\u00a0\",\"datePublished\":\"2025-03-18T10:41:00+00:00\",\"mainEntityOfPage\":{\"@id\":\"https:\\\/\\\/algarve7.pt\\\/index.php\\\/2025\\\/03\\\/claudia-sofia-sousa-apresenta-livro-na-biblioteca-municipal-de-olhao\\\/cultura\\\/10\\\/41\\\/\"},\"wordCount\":373,\"publisher\":{\"@id\":\"https:\\\/\\\/algarve7.pt\\\/#organization\"},\"image\":{\"@id\":\"https:\\\/\\\/algarve7.pt\\\/index.php\\\/2025\\\/03\\\/claudia-sofia-sousa-apresenta-livro-na-biblioteca-municipal-de-olhao\\\/cultura\\\/10\\\/41\\\/#primaryimage\"},\"thumbnailUrl\":\"https:\\\/\\\/algarve7.pt\\\/wp-content\\\/uploads\\\/2025\\\/03\\\/Captura-de-ecra-2025-03-17-as-13.42.50.png\",\"keywords\":[\"Algarve\",\"Cultura\",\"Olh\u00e3o\"],\"articleSection\":[\"Cultura\"],\"inLanguage\":\"pt-PT\"},{\"@type\":\"WebPage\",\"@id\":\"https:\\\/\\\/algarve7.pt\\\/index.php\\\/2025\\\/03\\\/claudia-sofia-sousa-apresenta-livro-na-biblioteca-municipal-de-olhao\\\/cultura\\\/10\\\/41\\\/\",\"url\":\"https:\\\/\\\/algarve7.pt\\\/index.php\\\/2025\\\/03\\\/claudia-sofia-sousa-apresenta-livro-na-biblioteca-municipal-de-olhao\\\/cultura\\\/10\\\/41\\\/\",\"name\":\"Cl\u00e1udia Sofia Sousa apresenta livro na Biblioteca Municipal de Olh\u00e3o\u00a0 - Algarve 7\",\"isPartOf\":{\"@id\":\"https:\\\/\\\/algarve7.pt\\\/#website\"},\"primaryImageOfPage\":{\"@id\":\"https:\\\/\\\/algarve7.pt\\\/index.php\\\/2025\\\/03\\\/claudia-sofia-sousa-apresenta-livro-na-biblioteca-municipal-de-olhao\\\/cultura\\\/10\\\/41\\\/#primaryimage\"},\"image\":{\"@id\":\"https:\\\/\\\/algarve7.pt\\\/index.php\\\/2025\\\/03\\\/claudia-sofia-sousa-apresenta-livro-na-biblioteca-municipal-de-olhao\\\/cultura\\\/10\\\/41\\\/#primaryimage\"},\"thumbnailUrl\":\"https:\\\/\\\/algarve7.pt\\\/wp-content\\\/uploads\\\/2025\\\/03\\\/Captura-de-ecra-2025-03-17-as-13.42.50.png\",\"datePublished\":\"2025-03-18T10:41:00+00:00\",\"description\":\"Cl\u00e1udia Sofia Sousa apresenta livro na Biblioteca Municipal de Olh\u00e3o\u00a0 Cultura\",\"breadcrumb\":{\"@id\":\"https:\\\/\\\/algarve7.pt\\\/index.php\\\/2025\\\/03\\\/claudia-sofia-sousa-apresenta-livro-na-biblioteca-municipal-de-olhao\\\/cultura\\\/10\\\/41\\\/#breadcrumb\"},\"inLanguage\":\"pt-PT\",\"potentialAction\":[{\"@type\":\"ReadAction\",\"target\":[\"https:\\\/\\\/algarve7.pt\\\/index.php\\\/2025\\\/03\\\/claudia-sofia-sousa-apresenta-livro-na-biblioteca-municipal-de-olhao\\\/cultura\\\/10\\\/41\\\/\"]}]},{\"@type\":\"ImageObject\",\"inLanguage\":\"pt-PT\",\"@id\":\"https:\\\/\\\/algarve7.pt\\\/index.php\\\/2025\\\/03\\\/claudia-sofia-sousa-apresenta-livro-na-biblioteca-municipal-de-olhao\\\/cultura\\\/10\\\/41\\\/#primaryimage\",\"url\":\"https:\\\/\\\/algarve7.pt\\\/wp-content\\\/uploads\\\/2025\\\/03\\\/Captura-de-ecra-2025-03-17-as-13.42.50.png\",\"contentUrl\":\"https:\\\/\\\/algarve7.pt\\\/wp-content\\\/uploads\\\/2025\\\/03\\\/Captura-de-ecra-2025-03-17-as-13.42.50.png\",\"width\":800,\"height\":500},{\"@type\":\"BreadcrumbList\",\"@id\":\"https:\\\/\\\/algarve7.pt\\\/index.php\\\/2025\\\/03\\\/claudia-sofia-sousa-apresenta-livro-na-biblioteca-municipal-de-olhao\\\/cultura\\\/10\\\/41\\\/#breadcrumb\",\"itemListElement\":[{\"@type\":\"ListItem\",\"position\":1,\"name\":\"In\u00edcio\",\"item\":\"https:\\\/\\\/algarve7.pt\\\/\"},{\"@type\":\"ListItem\",\"position\":2,\"name\":\"Cl\u00e1udia Sofia Sousa apresenta livro na Biblioteca Municipal de Olh\u00e3o\u00a0\"}]},{\"@type\":\"WebSite\",\"@id\":\"https:\\\/\\\/algarve7.pt\\\/#website\",\"url\":\"https:\\\/\\\/algarve7.pt\\\/\",\"name\":\"Algarve 7\",\"description\":\"Informa\u00e7\u00e3o sobre o Algarve\",\"publisher\":{\"@id\":\"https:\\\/\\\/algarve7.pt\\\/#organization\"},\"potentialAction\":[{\"@type\":\"SearchAction\",\"target\":{\"@type\":\"EntryPoint\",\"urlTemplate\":\"https:\\\/\\\/algarve7.pt\\\/?s={search_term_string}\"},\"query-input\":{\"@type\":\"PropertyValueSpecification\",\"valueRequired\":true,\"valueName\":\"search_term_string\"}}],\"inLanguage\":\"pt-PT\"},{\"@type\":\"Organization\",\"@id\":\"https:\\\/\\\/algarve7.pt\\\/#organization\",\"name\":\"Algarve 7\",\"url\":\"https:\\\/\\\/algarve7.pt\\\/\",\"logo\":{\"@type\":\"ImageObject\",\"inLanguage\":\"pt-PT\",\"@id\":\"https:\\\/\\\/algarve7.pt\\\/#\\\/schema\\\/logo\\\/image\\\/\",\"url\":\"https:\\\/\\\/algarve7.pt\\\/wp-content\\\/uploads\\\/2020\\\/10\\\/Logo-8.jpg\",\"contentUrl\":\"https:\\\/\\\/algarve7.pt\\\/wp-content\\\/uploads\\\/2020\\\/10\\\/Logo-8.jpg\",\"width\":1680,\"height\":1186,\"caption\":\"Algarve 7\"},\"image\":{\"@id\":\"https:\\\/\\\/algarve7.pt\\\/#\\\/schema\\\/logo\\\/image\\\/\"},\"sameAs\":[\"https:\\\/\\\/www.facebook.com\\\/algarve7\",\"https:\\\/\\\/x.com\\\/Algarvesete\",\"https:\\\/\\\/www.instagram.com\\\/jornalalgarve7\\\/\",\"https:\\\/\\\/www.linkedin.com\\\/company\\\/algarve7\",\"https:\\\/\\\/www.pinterest.pt\\\/geral0939\\\/_created\\\/\"]},{\"@type\":\"Person\",\"@id\":\"https:\\\/\\\/algarve7.pt\\\/#\\\/schema\\\/person\\\/23fa70681308e7b319a3204bcea45e0c\",\"name\":\"Algarve 7\",\"sameAs\":[\"https:\\\/\\\/algarve7.pt\",\"https:\\\/\\\/www.facebook.com\\\/algarve7\"],\"url\":\"https:\\\/\\\/algarve7.pt\\\/index.php\\\/author\\\/geralalgarve7-pt\\\/\"}]}<\/script>\n<!-- \/ Yoast SEO plugin. -->","yoast_head_json":{"title":"Cl\u00e1udia Sofia Sousa apresenta livro na Biblioteca Municipal de Olh\u00e3o\u00a0 - Algarve 7","description":"Cl\u00e1udia Sofia Sousa apresenta livro na Biblioteca Municipal de Olh\u00e3o\u00a0 Cultura","robots":{"index":"index","follow":"follow","max-snippet":"max-snippet:-1","max-image-preview":"max-image-preview:large","max-video-preview":"max-video-preview:-1"},"canonical":"https:\/\/algarve7.pt\/index.php\/2025\/03\/claudia-sofia-sousa-apresenta-livro-na-biblioteca-municipal-de-olhao\/cultura\/10\/41\/","og_locale":"pt_PT","og_type":"article","og_title":"Cl\u00e1udia Sofia Sousa apresenta livro na Biblioteca Municipal de Olh\u00e3o\u00a0 - Algarve 7","og_description":"Cl\u00e1udia Sofia Sousa apresenta livro na Biblioteca Municipal de Olh\u00e3o\u00a0 Cultura","og_url":"https:\/\/algarve7.pt\/index.php\/2025\/03\/claudia-sofia-sousa-apresenta-livro-na-biblioteca-municipal-de-olhao\/cultura\/10\/41\/","og_site_name":"Algarve 7","article_publisher":"https:\/\/www.facebook.com\/algarve7","article_author":"https:\/\/www.facebook.com\/algarve7","article_published_time":"2025-03-18T10:41:00+00:00","og_image":[{"width":800,"height":500,"url":"https:\/\/algarve7.pt\/wp-content\/uploads\/2025\/03\/Captura-de-ecra-2025-03-17-as-13.42.50.png","type":"image\/png"}],"author":"Algarve 7","twitter_card":"summary_large_image","twitter_creator":"@Algarvesete","twitter_site":"@Algarvesete","twitter_misc":{"Escrito por":"Algarve 7","Tempo estimado de leitura":"3 minutos"},"schema":{"@context":"https:\/\/schema.org","@graph":[{"@type":"Article","@id":"https:\/\/algarve7.pt\/index.php\/2025\/03\/claudia-sofia-sousa-apresenta-livro-na-biblioteca-municipal-de-olhao\/cultura\/10\/41\/#article","isPartOf":{"@id":"https:\/\/algarve7.pt\/index.php\/2025\/03\/claudia-sofia-sousa-apresenta-livro-na-biblioteca-municipal-de-olhao\/cultura\/10\/41\/"},"author":{"name":"Algarve 7","@id":"https:\/\/algarve7.pt\/#\/schema\/person\/23fa70681308e7b319a3204bcea45e0c"},"headline":"Cl\u00e1udia Sofia Sousa apresenta livro na Biblioteca Municipal de Olh\u00e3o\u00a0","datePublished":"2025-03-18T10:41:00+00:00","mainEntityOfPage":{"@id":"https:\/\/algarve7.pt\/index.php\/2025\/03\/claudia-sofia-sousa-apresenta-livro-na-biblioteca-municipal-de-olhao\/cultura\/10\/41\/"},"wordCount":373,"publisher":{"@id":"https:\/\/algarve7.pt\/#organization"},"image":{"@id":"https:\/\/algarve7.pt\/index.php\/2025\/03\/claudia-sofia-sousa-apresenta-livro-na-biblioteca-municipal-de-olhao\/cultura\/10\/41\/#primaryimage"},"thumbnailUrl":"https:\/\/algarve7.pt\/wp-content\/uploads\/2025\/03\/Captura-de-ecra-2025-03-17-as-13.42.50.png","keywords":["Algarve","Cultura","Olh\u00e3o"],"articleSection":["Cultura"],"inLanguage":"pt-PT"},{"@type":"WebPage","@id":"https:\/\/algarve7.pt\/index.php\/2025\/03\/claudia-sofia-sousa-apresenta-livro-na-biblioteca-municipal-de-olhao\/cultura\/10\/41\/","url":"https:\/\/algarve7.pt\/index.php\/2025\/03\/claudia-sofia-sousa-apresenta-livro-na-biblioteca-municipal-de-olhao\/cultura\/10\/41\/","name":"Cl\u00e1udia Sofia Sousa apresenta livro na Biblioteca Municipal de Olh\u00e3o\u00a0 - Algarve 7","isPartOf":{"@id":"https:\/\/algarve7.pt\/#website"},"primaryImageOfPage":{"@id":"https:\/\/algarve7.pt\/index.php\/2025\/03\/claudia-sofia-sousa-apresenta-livro-na-biblioteca-municipal-de-olhao\/cultura\/10\/41\/#primaryimage"},"image":{"@id":"https:\/\/algarve7.pt\/index.php\/2025\/03\/claudia-sofia-sousa-apresenta-livro-na-biblioteca-municipal-de-olhao\/cultura\/10\/41\/#primaryimage"},"thumbnailUrl":"https:\/\/algarve7.pt\/wp-content\/uploads\/2025\/03\/Captura-de-ecra-2025-03-17-as-13.42.50.png","datePublished":"2025-03-18T10:41:00+00:00","description":"Cl\u00e1udia Sofia Sousa apresenta livro na Biblioteca Municipal de Olh\u00e3o\u00a0 Cultura","breadcrumb":{"@id":"https:\/\/algarve7.pt\/index.php\/2025\/03\/claudia-sofia-sousa-apresenta-livro-na-biblioteca-municipal-de-olhao\/cultura\/10\/41\/#breadcrumb"},"inLanguage":"pt-PT","potentialAction":[{"@type":"ReadAction","target":["https:\/\/algarve7.pt\/index.php\/2025\/03\/claudia-sofia-sousa-apresenta-livro-na-biblioteca-municipal-de-olhao\/cultura\/10\/41\/"]}]},{"@type":"ImageObject","inLanguage":"pt-PT","@id":"https:\/\/algarve7.pt\/index.php\/2025\/03\/claudia-sofia-sousa-apresenta-livro-na-biblioteca-municipal-de-olhao\/cultura\/10\/41\/#primaryimage","url":"https:\/\/algarve7.pt\/wp-content\/uploads\/2025\/03\/Captura-de-ecra-2025-03-17-as-13.42.50.png","contentUrl":"https:\/\/algarve7.pt\/wp-content\/uploads\/2025\/03\/Captura-de-ecra-2025-03-17-as-13.42.50.png","width":800,"height":500},{"@type":"BreadcrumbList","@id":"https:\/\/algarve7.pt\/index.php\/2025\/03\/claudia-sofia-sousa-apresenta-livro-na-biblioteca-municipal-de-olhao\/cultura\/10\/41\/#breadcrumb","itemListElement":[{"@type":"ListItem","position":1,"name":"In\u00edcio","item":"https:\/\/algarve7.pt\/"},{"@type":"ListItem","position":2,"name":"Cl\u00e1udia Sofia Sousa apresenta livro na Biblioteca Municipal de Olh\u00e3o\u00a0"}]},{"@type":"WebSite","@id":"https:\/\/algarve7.pt\/#website","url":"https:\/\/algarve7.pt\/","name":"Algarve 7","description":"Informa\u00e7\u00e3o sobre o Algarve","publisher":{"@id":"https:\/\/algarve7.pt\/#organization"},"potentialAction":[{"@type":"SearchAction","target":{"@type":"EntryPoint","urlTemplate":"https:\/\/algarve7.pt\/?s={search_term_string}"},"query-input":{"@type":"PropertyValueSpecification","valueRequired":true,"valueName":"search_term_string"}}],"inLanguage":"pt-PT"},{"@type":"Organization","@id":"https:\/\/algarve7.pt\/#organization","name":"Algarve 7","url":"https:\/\/algarve7.pt\/","logo":{"@type":"ImageObject","inLanguage":"pt-PT","@id":"https:\/\/algarve7.pt\/#\/schema\/logo\/image\/","url":"https:\/\/algarve7.pt\/wp-content\/uploads\/2020\/10\/Logo-8.jpg","contentUrl":"https:\/\/algarve7.pt\/wp-content\/uploads\/2020\/10\/Logo-8.jpg","width":1680,"height":1186,"caption":"Algarve 7"},"image":{"@id":"https:\/\/algarve7.pt\/#\/schema\/logo\/image\/"},"sameAs":["https:\/\/www.facebook.com\/algarve7","https:\/\/x.com\/Algarvesete","https:\/\/www.instagram.com\/jornalalgarve7\/","https:\/\/www.linkedin.com\/company\/algarve7","https:\/\/www.pinterest.pt\/geral0939\/_created\/"]},{"@type":"Person","@id":"https:\/\/algarve7.pt\/#\/schema\/person\/23fa70681308e7b319a3204bcea45e0c","name":"Algarve 7","sameAs":["https:\/\/algarve7.pt","https:\/\/www.facebook.com\/algarve7"],"url":"https:\/\/algarve7.pt\/index.php\/author\/geralalgarve7-pt\/"}]}},"jetpack_publicize_connections":[],"jetpack_featured_media_url":"https:\/\/algarve7.pt\/wp-content\/uploads\/2025\/03\/Captura-de-ecra-2025-03-17-as-13.42.50.png","jetpack_shortlink":"https:\/\/wp.me\/pcezmW-cAK","jetpack_sharing_enabled":true,"_links":{"self":[{"href":"https:\/\/algarve7.pt\/index.php\/wp-json\/wp\/v2\/posts\/48406","targetHints":{"allow":["GET"]}}],"collection":[{"href":"https:\/\/algarve7.pt\/index.php\/wp-json\/wp\/v2\/posts"}],"about":[{"href":"https:\/\/algarve7.pt\/index.php\/wp-json\/wp\/v2\/types\/post"}],"author":[{"embeddable":true,"href":"https:\/\/algarve7.pt\/index.php\/wp-json\/wp\/v2\/users\/1"}],"replies":[{"embeddable":true,"href":"https:\/\/algarve7.pt\/index.php\/wp-json\/wp\/v2\/comments?post=48406"}],"version-history":[{"count":0,"href":"https:\/\/algarve7.pt\/index.php\/wp-json\/wp\/v2\/posts\/48406\/revisions"}],"wp:featuredmedia":[{"embeddable":true,"href":"https:\/\/algarve7.pt\/index.php\/wp-json\/wp\/v2\/media\/48407"}],"wp:attachment":[{"href":"https:\/\/algarve7.pt\/index.php\/wp-json\/wp\/v2\/media?parent=48406"}],"wp:term":[{"taxonomy":"category","embeddable":true,"href":"https:\/\/algarve7.pt\/index.php\/wp-json\/wp\/v2\/categories?post=48406"},{"taxonomy":"post_tag","embeddable":true,"href":"https:\/\/algarve7.pt\/index.php\/wp-json\/wp\/v2\/tags?post=48406"}],"curies":[{"name":"wp","href":"https:\/\/api.w.org\/{rel}","templated":true}]}}