{"id":48363,"date":"2025-03-17T10:07:06","date_gmt":"2025-03-17T10:07:06","guid":{"rendered":"https:\/\/algarve7.pt\/?p=48363"},"modified":"2025-03-17T10:07:08","modified_gmt":"2025-03-17T10:07:08","slug":"dia-mundial-da-arvore-e-da-floresta-gnr-promove-caminhada-pela-floresta-em-monchique","status":"publish","type":"post","link":"https:\/\/algarve7.pt\/index.php\/2025\/03\/dia-mundial-da-arvore-e-da-floresta-gnr-promove-caminhada-pela-floresta-em-monchique\/ambiente\/10\/07\/","title":{"rendered":"Dia Mundial da \u00c1rvore e da Floresta &#8211; GNR promove Caminhada pela Floresta em Monchique"},"content":{"rendered":"\n<p>De forma a assinalar o&nbsp;Dia&nbsp;Mundial da \u00c1rvore e da Floresta, que se assinala no dia 21 de mar\u00e7o, a Guarda Nacional Republicana (GNR) vai promover, em todo o territ\u00f3rio nacional, v\u00e1rias iniciativas, entre os dias 16 e 23 de mar\u00e7o, sob o des\u00edgnio \u201cCaminhada pela Floresta\u201d, as quais incluem a\u00e7\u00f5es de sensibiliza\u00e7\u00e3o e de refloresta\u00e7\u00e3o.<\/p>\n\n\n\n<p>Estas iniciativas t\u00eam como objetivo sensibilizar a popula\u00e7\u00e3o para a necessidade de preservar a natureza e o ambiente em geral, e as \u00e1rvores em particular, bem como alertar para a import\u00e2ncia da preven\u00e7\u00e3o de inc\u00eandios florestais e consciencializar para os seus impactos negativos sobre os recursos naturais. &nbsp;<\/p>\n\n\n\n<p>A floresta, que ocupa mais de um ter\u00e7o do territ\u00f3rio de Portugal, \u00e9 fonte de emprego, exporta\u00e7\u00f5es, lazer, biodiversidade, sequestro de carbono, prote\u00e7\u00e3o do solo, regula\u00e7\u00e3o da qualidade da \u00e1gua e do ciclo h\u00eddrico, contribuindo assim para a qualidade de vida dos cidad\u00e3os. Contudo, para al\u00e9m do fogo intencional, grande parte dos inc\u00eandios florestais resulta de m\u00e1s pr\u00e1ticas agr\u00edcolas e do uso incorreto do fogo, nomeadamente devido a queimadas, queimas de sobrantes agr\u00edcolas, lan\u00e7amento de foguetes, confe\u00e7\u00e3o de alimentos e cigarros mal apagados.<\/p>\n\n\n\n<p>Face \u00e0 preocupa\u00e7\u00e3o crescente com a problem\u00e1tica dos inc\u00eandios florestais em Portugal, sobretudo devido \u00e0 tomada de consci\u00eancia dos seus impactos negativos nos recursos naturais e na capacidade produtiva da fileira florestal, a Guarda considera essencial as a\u00e7\u00f5es de sensibiliza\u00e7\u00e3o no \u00e2mbito desta tem\u00e1tica. Desta forma, e atrav\u00e9s da \u201cCaminhada pela Floresta\u201d, a GNR pretende envolver a popula\u00e7\u00e3o no reconhecimento e valoriza\u00e7\u00e3o deste recurso natural, incentivando \u00e0s boas pr\u00e1ticas, ao respeito pela natureza e \u00e0 prote\u00e7\u00e3o da floresta e, simultaneamente, incentivar a participa\u00e7\u00e3o da popula\u00e7\u00e3o nestas caminhadas pela floresta.&nbsp;<\/p>\n\n\n\n<p>Importa referir que, no que respeita \u00e0 atividade da GNR,&nbsp;<strong>em 2024<\/strong>, foram&nbsp;<strong>monitorizados e fiscalizados 10 256 locais<\/strong>, com aus\u00eancia de gest\u00e3o de combust\u00edvel, que deram origem a&nbsp;<strong>6 127 cumprimentos volunt\u00e1rios<\/strong>&nbsp;quanto \u00e0 limpeza de terrenos, que tinham sido previamente sinalizados. Neste contexto, em 2024, verificou-se uma&nbsp;<strong>evolu\u00e7\u00e3o positiva<\/strong>&nbsp;no que tange ao n\u00famero de igni\u00e7\u00f5es, registando-se&nbsp;<strong>menos 1 291 ocorr\u00eancias<\/strong>&nbsp;do que em&nbsp;<strong>2023<\/strong>, equivalente a uma&nbsp;<strong>redu\u00e7\u00e3o de 17% de ocorr\u00eancias<\/strong>.<\/p>\n\n\n\n<p>No Comando Territorial de Faro, no\u00a0<strong>dia 21 de mar\u00e7o<\/strong>, pelas\u00a0<strong>10h00<\/strong>, no concelho de\u00a0<strong>Monchique<\/strong>\u00a0&#8211; Caminhada num percurso de 4,5 quil\u00f3metros.\u00a0<strong>Local de concentra\u00e7\u00e3o e partida<\/strong>: Heliporto Municipal na Vila de Monchique.<\/p>\n","protected":false},"excerpt":{"rendered":"<p>De forma a assinalar o&nbsp;Dia&nbsp;Mundial da \u00c1rvore e da Floresta, que se assinala no dia 21 de mar\u00e7o, a Guarda<\/p>\n","protected":false},"author":1,"featured_media":48364,"comment_status":"closed","ping_status":"closed","sticky":false,"template":"","format":"standard","meta":{"colormag_page_container_layout":"default_layout","colormag_page_sidebar_layout":"default_layout","_monsterinsights_skip_tracking":false,"_monsterinsights_sitenote_active":false,"_monsterinsights_sitenote_note":"","_monsterinsights_sitenote_category":0,"jetpack_post_was_ever_published":false,"_jetpack_newsletter_access":"","_jetpack_dont_email_post_to_subs":false,"_jetpack_newsletter_tier_id":0,"_jetpack_memberships_contains_paywalled_content":false,"_jetpack_memberships_contains_paid_content":false,"footnotes":"","jetpack_publicize_message":"","jetpack_publicize_feature_enabled":true,"jetpack_social_post_already_shared":true,"jetpack_social_options":{"image_generator_settings":{"template":"highway","default_image_id":0,"font":"","enabled":false},"version":2}},"categories":[5],"tags":[36,32,171],"class_list":["post-48363","post","type-post","status-publish","format-standard","has-post-thumbnail","hentry","category-ambiente","tag-algarve","tag-ambiente","tag-monchique"],"yoast_head":"<!-- This site is optimized with the Yoast SEO plugin v27.5 - https:\/\/yoast.com\/product\/yoast-seo-wordpress\/ -->\n<title>Dia Mundial da \u00c1rvore e da Floresta - GNR promove Caminhada pela Floresta em Monchique - Algarve 7<\/title>\n<meta name=\"description\" content=\"Dia Mundial da \u00c1rvore e da Floresta - GNR promove Caminhada pela Floresta em Monchique Ambiente\" \/>\n<meta name=\"robots\" content=\"index, follow, max-snippet:-1, max-image-preview:large, max-video-preview:-1\" \/>\n<link rel=\"canonical\" href=\"https:\/\/algarve7.pt\/index.php\/2025\/03\/dia-mundial-da-arvore-e-da-floresta-gnr-promove-caminhada-pela-floresta-em-monchique\/ambiente\/10\/07\/\" \/>\n<meta property=\"og:locale\" content=\"pt_PT\" \/>\n<meta property=\"og:type\" content=\"article\" \/>\n<meta property=\"og:title\" content=\"Dia Mundial da \u00c1rvore e da Floresta - GNR promove Caminhada pela Floresta em Monchique - Algarve 7\" \/>\n<meta property=\"og:description\" content=\"Dia Mundial da \u00c1rvore e da Floresta - GNR promove Caminhada pela Floresta em Monchique Ambiente\" \/>\n<meta property=\"og:url\" content=\"https:\/\/algarve7.pt\/index.php\/2025\/03\/dia-mundial-da-arvore-e-da-floresta-gnr-promove-caminhada-pela-floresta-em-monchique\/ambiente\/10\/07\/\" \/>\n<meta property=\"og:site_name\" content=\"Algarve 7\" \/>\n<meta property=\"article:publisher\" content=\"https:\/\/www.facebook.com\/algarve7\" \/>\n<meta property=\"article:author\" content=\"https:\/\/www.facebook.com\/algarve7\" \/>\n<meta property=\"article:published_time\" content=\"2025-03-17T10:07:06+00:00\" \/>\n<meta property=\"article:modified_time\" content=\"2025-03-17T10:07:08+00:00\" \/>\n<meta property=\"og:image\" content=\"https:\/\/algarve7.pt\/wp-content\/uploads\/2025\/03\/Captura-de-ecra-2025-03-17-as-10.02.53.png\" \/>\n\t<meta property=\"og:image:width\" content=\"800\" \/>\n\t<meta property=\"og:image:height\" content=\"500\" \/>\n\t<meta property=\"og:image:type\" content=\"image\/png\" \/>\n<meta name=\"author\" content=\"Algarve 7\" \/>\n<meta name=\"twitter:card\" content=\"summary_large_image\" \/>\n<meta name=\"twitter:creator\" content=\"@Algarvesete\" \/>\n<meta name=\"twitter:site\" content=\"@Algarvesete\" \/>\n<meta name=\"twitter:label1\" content=\"Escrito por\" \/>\n\t<meta name=\"twitter:data1\" content=\"Algarve 7\" \/>\n\t<meta name=\"twitter:label2\" content=\"Tempo estimado de leitura\" \/>\n\t<meta name=\"twitter:data2\" content=\"3 minutos\" \/>\n<script type=\"application\/ld+json\" class=\"yoast-schema-graph\">{\"@context\":\"https:\\\/\\\/schema.org\",\"@graph\":[{\"@type\":\"Article\",\"@id\":\"https:\\\/\\\/algarve7.pt\\\/index.php\\\/2025\\\/03\\\/dia-mundial-da-arvore-e-da-floresta-gnr-promove-caminhada-pela-floresta-em-monchique\\\/ambiente\\\/10\\\/07\\\/#article\",\"isPartOf\":{\"@id\":\"https:\\\/\\\/algarve7.pt\\\/index.php\\\/2025\\\/03\\\/dia-mundial-da-arvore-e-da-floresta-gnr-promove-caminhada-pela-floresta-em-monchique\\\/ambiente\\\/10\\\/07\\\/\"},\"author\":{\"name\":\"Algarve 7\",\"@id\":\"https:\\\/\\\/algarve7.pt\\\/#\\\/schema\\\/person\\\/23fa70681308e7b319a3204bcea45e0c\"},\"headline\":\"Dia Mundial da \u00c1rvore e da Floresta &#8211; GNR promove Caminhada pela Floresta em Monchique\",\"datePublished\":\"2025-03-17T10:07:06+00:00\",\"dateModified\":\"2025-03-17T10:07:08+00:00\",\"mainEntityOfPage\":{\"@id\":\"https:\\\/\\\/algarve7.pt\\\/index.php\\\/2025\\\/03\\\/dia-mundial-da-arvore-e-da-floresta-gnr-promove-caminhada-pela-floresta-em-monchique\\\/ambiente\\\/10\\\/07\\\/\"},\"wordCount\":448,\"publisher\":{\"@id\":\"https:\\\/\\\/algarve7.pt\\\/#organization\"},\"image\":{\"@id\":\"https:\\\/\\\/algarve7.pt\\\/index.php\\\/2025\\\/03\\\/dia-mundial-da-arvore-e-da-floresta-gnr-promove-caminhada-pela-floresta-em-monchique\\\/ambiente\\\/10\\\/07\\\/#primaryimage\"},\"thumbnailUrl\":\"https:\\\/\\\/algarve7.pt\\\/wp-content\\\/uploads\\\/2025\\\/03\\\/Captura-de-ecra-2025-03-17-as-10.02.53.png\",\"keywords\":[\"Algarve\",\"Ambiente\",\"Monchique\"],\"articleSection\":[\"Ambiente\"],\"inLanguage\":\"pt-PT\"},{\"@type\":\"WebPage\",\"@id\":\"https:\\\/\\\/algarve7.pt\\\/index.php\\\/2025\\\/03\\\/dia-mundial-da-arvore-e-da-floresta-gnr-promove-caminhada-pela-floresta-em-monchique\\\/ambiente\\\/10\\\/07\\\/\",\"url\":\"https:\\\/\\\/algarve7.pt\\\/index.php\\\/2025\\\/03\\\/dia-mundial-da-arvore-e-da-floresta-gnr-promove-caminhada-pela-floresta-em-monchique\\\/ambiente\\\/10\\\/07\\\/\",\"name\":\"Dia Mundial da \u00c1rvore e da Floresta - GNR promove Caminhada pela Floresta em Monchique - Algarve 7\",\"isPartOf\":{\"@id\":\"https:\\\/\\\/algarve7.pt\\\/#website\"},\"primaryImageOfPage\":{\"@id\":\"https:\\\/\\\/algarve7.pt\\\/index.php\\\/2025\\\/03\\\/dia-mundial-da-arvore-e-da-floresta-gnr-promove-caminhada-pela-floresta-em-monchique\\\/ambiente\\\/10\\\/07\\\/#primaryimage\"},\"image\":{\"@id\":\"https:\\\/\\\/algarve7.pt\\\/index.php\\\/2025\\\/03\\\/dia-mundial-da-arvore-e-da-floresta-gnr-promove-caminhada-pela-floresta-em-monchique\\\/ambiente\\\/10\\\/07\\\/#primaryimage\"},\"thumbnailUrl\":\"https:\\\/\\\/algarve7.pt\\\/wp-content\\\/uploads\\\/2025\\\/03\\\/Captura-de-ecra-2025-03-17-as-10.02.53.png\",\"datePublished\":\"2025-03-17T10:07:06+00:00\",\"dateModified\":\"2025-03-17T10:07:08+00:00\",\"description\":\"Dia Mundial da \u00c1rvore e da Floresta - GNR promove Caminhada pela Floresta em Monchique Ambiente\",\"breadcrumb\":{\"@id\":\"https:\\\/\\\/algarve7.pt\\\/index.php\\\/2025\\\/03\\\/dia-mundial-da-arvore-e-da-floresta-gnr-promove-caminhada-pela-floresta-em-monchique\\\/ambiente\\\/10\\\/07\\\/#breadcrumb\"},\"inLanguage\":\"pt-PT\",\"potentialAction\":[{\"@type\":\"ReadAction\",\"target\":[\"https:\\\/\\\/algarve7.pt\\\/index.php\\\/2025\\\/03\\\/dia-mundial-da-arvore-e-da-floresta-gnr-promove-caminhada-pela-floresta-em-monchique\\\/ambiente\\\/10\\\/07\\\/\"]}]},{\"@type\":\"ImageObject\",\"inLanguage\":\"pt-PT\",\"@id\":\"https:\\\/\\\/algarve7.pt\\\/index.php\\\/2025\\\/03\\\/dia-mundial-da-arvore-e-da-floresta-gnr-promove-caminhada-pela-floresta-em-monchique\\\/ambiente\\\/10\\\/07\\\/#primaryimage\",\"url\":\"https:\\\/\\\/algarve7.pt\\\/wp-content\\\/uploads\\\/2025\\\/03\\\/Captura-de-ecra-2025-03-17-as-10.02.53.png\",\"contentUrl\":\"https:\\\/\\\/algarve7.pt\\\/wp-content\\\/uploads\\\/2025\\\/03\\\/Captura-de-ecra-2025-03-17-as-10.02.53.png\",\"width\":800,\"height\":500},{\"@type\":\"BreadcrumbList\",\"@id\":\"https:\\\/\\\/algarve7.pt\\\/index.php\\\/2025\\\/03\\\/dia-mundial-da-arvore-e-da-floresta-gnr-promove-caminhada-pela-floresta-em-monchique\\\/ambiente\\\/10\\\/07\\\/#breadcrumb\",\"itemListElement\":[{\"@type\":\"ListItem\",\"position\":1,\"name\":\"In\u00edcio\",\"item\":\"https:\\\/\\\/algarve7.pt\\\/\"},{\"@type\":\"ListItem\",\"position\":2,\"name\":\"Dia Mundial da \u00c1rvore e da Floresta &#8211; GNR promove Caminhada pela Floresta em Monchique\"}]},{\"@type\":\"WebSite\",\"@id\":\"https:\\\/\\\/algarve7.pt\\\/#website\",\"url\":\"https:\\\/\\\/algarve7.pt\\\/\",\"name\":\"Algarve 7\",\"description\":\"Informa\u00e7\u00e3o sobre o Algarve\",\"publisher\":{\"@id\":\"https:\\\/\\\/algarve7.pt\\\/#organization\"},\"potentialAction\":[{\"@type\":\"SearchAction\",\"target\":{\"@type\":\"EntryPoint\",\"urlTemplate\":\"https:\\\/\\\/algarve7.pt\\\/?s={search_term_string}\"},\"query-input\":{\"@type\":\"PropertyValueSpecification\",\"valueRequired\":true,\"valueName\":\"search_term_string\"}}],\"inLanguage\":\"pt-PT\"},{\"@type\":\"Organization\",\"@id\":\"https:\\\/\\\/algarve7.pt\\\/#organization\",\"name\":\"Algarve 7\",\"url\":\"https:\\\/\\\/algarve7.pt\\\/\",\"logo\":{\"@type\":\"ImageObject\",\"inLanguage\":\"pt-PT\",\"@id\":\"https:\\\/\\\/algarve7.pt\\\/#\\\/schema\\\/logo\\\/image\\\/\",\"url\":\"https:\\\/\\\/algarve7.pt\\\/wp-content\\\/uploads\\\/2020\\\/10\\\/Logo-8.jpg\",\"contentUrl\":\"https:\\\/\\\/algarve7.pt\\\/wp-content\\\/uploads\\\/2020\\\/10\\\/Logo-8.jpg\",\"width\":1680,\"height\":1186,\"caption\":\"Algarve 7\"},\"image\":{\"@id\":\"https:\\\/\\\/algarve7.pt\\\/#\\\/schema\\\/logo\\\/image\\\/\"},\"sameAs\":[\"https:\\\/\\\/www.facebook.com\\\/algarve7\",\"https:\\\/\\\/x.com\\\/Algarvesete\",\"https:\\\/\\\/www.instagram.com\\\/jornalalgarve7\\\/\",\"https:\\\/\\\/www.linkedin.com\\\/company\\\/algarve7\",\"https:\\\/\\\/www.pinterest.pt\\\/geral0939\\\/_created\\\/\"]},{\"@type\":\"Person\",\"@id\":\"https:\\\/\\\/algarve7.pt\\\/#\\\/schema\\\/person\\\/23fa70681308e7b319a3204bcea45e0c\",\"name\":\"Algarve 7\",\"sameAs\":[\"https:\\\/\\\/algarve7.pt\",\"https:\\\/\\\/www.facebook.com\\\/algarve7\"],\"url\":\"https:\\\/\\\/algarve7.pt\\\/index.php\\\/author\\\/geralalgarve7-pt\\\/\"}]}<\/script>\n<!-- \/ Yoast SEO plugin. -->","yoast_head_json":{"title":"Dia Mundial da \u00c1rvore e da Floresta - GNR promove Caminhada pela Floresta em Monchique - Algarve 7","description":"Dia Mundial da \u00c1rvore e da Floresta - GNR promove Caminhada pela Floresta em Monchique Ambiente","robots":{"index":"index","follow":"follow","max-snippet":"max-snippet:-1","max-image-preview":"max-image-preview:large","max-video-preview":"max-video-preview:-1"},"canonical":"https:\/\/algarve7.pt\/index.php\/2025\/03\/dia-mundial-da-arvore-e-da-floresta-gnr-promove-caminhada-pela-floresta-em-monchique\/ambiente\/10\/07\/","og_locale":"pt_PT","og_type":"article","og_title":"Dia Mundial da \u00c1rvore e da Floresta - GNR promove Caminhada pela Floresta em Monchique - Algarve 7","og_description":"Dia Mundial da \u00c1rvore e da Floresta - GNR promove Caminhada pela Floresta em Monchique Ambiente","og_url":"https:\/\/algarve7.pt\/index.php\/2025\/03\/dia-mundial-da-arvore-e-da-floresta-gnr-promove-caminhada-pela-floresta-em-monchique\/ambiente\/10\/07\/","og_site_name":"Algarve 7","article_publisher":"https:\/\/www.facebook.com\/algarve7","article_author":"https:\/\/www.facebook.com\/algarve7","article_published_time":"2025-03-17T10:07:06+00:00","article_modified_time":"2025-03-17T10:07:08+00:00","og_image":[{"width":800,"height":500,"url":"https:\/\/algarve7.pt\/wp-content\/uploads\/2025\/03\/Captura-de-ecra-2025-03-17-as-10.02.53.png","type":"image\/png"}],"author":"Algarve 7","twitter_card":"summary_large_image","twitter_creator":"@Algarvesete","twitter_site":"@Algarvesete","twitter_misc":{"Escrito por":"Algarve 7","Tempo estimado de leitura":"3 minutos"},"schema":{"@context":"https:\/\/schema.org","@graph":[{"@type":"Article","@id":"https:\/\/algarve7.pt\/index.php\/2025\/03\/dia-mundial-da-arvore-e-da-floresta-gnr-promove-caminhada-pela-floresta-em-monchique\/ambiente\/10\/07\/#article","isPartOf":{"@id":"https:\/\/algarve7.pt\/index.php\/2025\/03\/dia-mundial-da-arvore-e-da-floresta-gnr-promove-caminhada-pela-floresta-em-monchique\/ambiente\/10\/07\/"},"author":{"name":"Algarve 7","@id":"https:\/\/algarve7.pt\/#\/schema\/person\/23fa70681308e7b319a3204bcea45e0c"},"headline":"Dia Mundial da \u00c1rvore e da Floresta &#8211; GNR promove Caminhada pela Floresta em Monchique","datePublished":"2025-03-17T10:07:06+00:00","dateModified":"2025-03-17T10:07:08+00:00","mainEntityOfPage":{"@id":"https:\/\/algarve7.pt\/index.php\/2025\/03\/dia-mundial-da-arvore-e-da-floresta-gnr-promove-caminhada-pela-floresta-em-monchique\/ambiente\/10\/07\/"},"wordCount":448,"publisher":{"@id":"https:\/\/algarve7.pt\/#organization"},"image":{"@id":"https:\/\/algarve7.pt\/index.php\/2025\/03\/dia-mundial-da-arvore-e-da-floresta-gnr-promove-caminhada-pela-floresta-em-monchique\/ambiente\/10\/07\/#primaryimage"},"thumbnailUrl":"https:\/\/algarve7.pt\/wp-content\/uploads\/2025\/03\/Captura-de-ecra-2025-03-17-as-10.02.53.png","keywords":["Algarve","Ambiente","Monchique"],"articleSection":["Ambiente"],"inLanguage":"pt-PT"},{"@type":"WebPage","@id":"https:\/\/algarve7.pt\/index.php\/2025\/03\/dia-mundial-da-arvore-e-da-floresta-gnr-promove-caminhada-pela-floresta-em-monchique\/ambiente\/10\/07\/","url":"https:\/\/algarve7.pt\/index.php\/2025\/03\/dia-mundial-da-arvore-e-da-floresta-gnr-promove-caminhada-pela-floresta-em-monchique\/ambiente\/10\/07\/","name":"Dia Mundial da \u00c1rvore e da Floresta - GNR promove Caminhada pela Floresta em Monchique - Algarve 7","isPartOf":{"@id":"https:\/\/algarve7.pt\/#website"},"primaryImageOfPage":{"@id":"https:\/\/algarve7.pt\/index.php\/2025\/03\/dia-mundial-da-arvore-e-da-floresta-gnr-promove-caminhada-pela-floresta-em-monchique\/ambiente\/10\/07\/#primaryimage"},"image":{"@id":"https:\/\/algarve7.pt\/index.php\/2025\/03\/dia-mundial-da-arvore-e-da-floresta-gnr-promove-caminhada-pela-floresta-em-monchique\/ambiente\/10\/07\/#primaryimage"},"thumbnailUrl":"https:\/\/algarve7.pt\/wp-content\/uploads\/2025\/03\/Captura-de-ecra-2025-03-17-as-10.02.53.png","datePublished":"2025-03-17T10:07:06+00:00","dateModified":"2025-03-17T10:07:08+00:00","description":"Dia Mundial da \u00c1rvore e da Floresta - GNR promove Caminhada pela Floresta em Monchique Ambiente","breadcrumb":{"@id":"https:\/\/algarve7.pt\/index.php\/2025\/03\/dia-mundial-da-arvore-e-da-floresta-gnr-promove-caminhada-pela-floresta-em-monchique\/ambiente\/10\/07\/#breadcrumb"},"inLanguage":"pt-PT","potentialAction":[{"@type":"ReadAction","target":["https:\/\/algarve7.pt\/index.php\/2025\/03\/dia-mundial-da-arvore-e-da-floresta-gnr-promove-caminhada-pela-floresta-em-monchique\/ambiente\/10\/07\/"]}]},{"@type":"ImageObject","inLanguage":"pt-PT","@id":"https:\/\/algarve7.pt\/index.php\/2025\/03\/dia-mundial-da-arvore-e-da-floresta-gnr-promove-caminhada-pela-floresta-em-monchique\/ambiente\/10\/07\/#primaryimage","url":"https:\/\/algarve7.pt\/wp-content\/uploads\/2025\/03\/Captura-de-ecra-2025-03-17-as-10.02.53.png","contentUrl":"https:\/\/algarve7.pt\/wp-content\/uploads\/2025\/03\/Captura-de-ecra-2025-03-17-as-10.02.53.png","width":800,"height":500},{"@type":"BreadcrumbList","@id":"https:\/\/algarve7.pt\/index.php\/2025\/03\/dia-mundial-da-arvore-e-da-floresta-gnr-promove-caminhada-pela-floresta-em-monchique\/ambiente\/10\/07\/#breadcrumb","itemListElement":[{"@type":"ListItem","position":1,"name":"In\u00edcio","item":"https:\/\/algarve7.pt\/"},{"@type":"ListItem","position":2,"name":"Dia Mundial da \u00c1rvore e da Floresta &#8211; GNR promove Caminhada pela Floresta em Monchique"}]},{"@type":"WebSite","@id":"https:\/\/algarve7.pt\/#website","url":"https:\/\/algarve7.pt\/","name":"Algarve 7","description":"Informa\u00e7\u00e3o sobre o Algarve","publisher":{"@id":"https:\/\/algarve7.pt\/#organization"},"potentialAction":[{"@type":"SearchAction","target":{"@type":"EntryPoint","urlTemplate":"https:\/\/algarve7.pt\/?s={search_term_string}"},"query-input":{"@type":"PropertyValueSpecification","valueRequired":true,"valueName":"search_term_string"}}],"inLanguage":"pt-PT"},{"@type":"Organization","@id":"https:\/\/algarve7.pt\/#organization","name":"Algarve 7","url":"https:\/\/algarve7.pt\/","logo":{"@type":"ImageObject","inLanguage":"pt-PT","@id":"https:\/\/algarve7.pt\/#\/schema\/logo\/image\/","url":"https:\/\/algarve7.pt\/wp-content\/uploads\/2020\/10\/Logo-8.jpg","contentUrl":"https:\/\/algarve7.pt\/wp-content\/uploads\/2020\/10\/Logo-8.jpg","width":1680,"height":1186,"caption":"Algarve 7"},"image":{"@id":"https:\/\/algarve7.pt\/#\/schema\/logo\/image\/"},"sameAs":["https:\/\/www.facebook.com\/algarve7","https:\/\/x.com\/Algarvesete","https:\/\/www.instagram.com\/jornalalgarve7\/","https:\/\/www.linkedin.com\/company\/algarve7","https:\/\/www.pinterest.pt\/geral0939\/_created\/"]},{"@type":"Person","@id":"https:\/\/algarve7.pt\/#\/schema\/person\/23fa70681308e7b319a3204bcea45e0c","name":"Algarve 7","sameAs":["https:\/\/algarve7.pt","https:\/\/www.facebook.com\/algarve7"],"url":"https:\/\/algarve7.pt\/index.php\/author\/geralalgarve7-pt\/"}]}},"jetpack_publicize_connections":[],"jetpack_featured_media_url":"https:\/\/algarve7.pt\/wp-content\/uploads\/2025\/03\/Captura-de-ecra-2025-03-17-as-10.02.53.png","jetpack_shortlink":"https:\/\/wp.me\/pcezmW-cA3","jetpack_sharing_enabled":true,"_links":{"self":[{"href":"https:\/\/algarve7.pt\/index.php\/wp-json\/wp\/v2\/posts\/48363","targetHints":{"allow":["GET"]}}],"collection":[{"href":"https:\/\/algarve7.pt\/index.php\/wp-json\/wp\/v2\/posts"}],"about":[{"href":"https:\/\/algarve7.pt\/index.php\/wp-json\/wp\/v2\/types\/post"}],"author":[{"embeddable":true,"href":"https:\/\/algarve7.pt\/index.php\/wp-json\/wp\/v2\/users\/1"}],"replies":[{"embeddable":true,"href":"https:\/\/algarve7.pt\/index.php\/wp-json\/wp\/v2\/comments?post=48363"}],"version-history":[{"count":0,"href":"https:\/\/algarve7.pt\/index.php\/wp-json\/wp\/v2\/posts\/48363\/revisions"}],"wp:featuredmedia":[{"embeddable":true,"href":"https:\/\/algarve7.pt\/index.php\/wp-json\/wp\/v2\/media\/48364"}],"wp:attachment":[{"href":"https:\/\/algarve7.pt\/index.php\/wp-json\/wp\/v2\/media?parent=48363"}],"wp:term":[{"taxonomy":"category","embeddable":true,"href":"https:\/\/algarve7.pt\/index.php\/wp-json\/wp\/v2\/categories?post=48363"},{"taxonomy":"post_tag","embeddable":true,"href":"https:\/\/algarve7.pt\/index.php\/wp-json\/wp\/v2\/tags?post=48363"}],"curies":[{"name":"wp","href":"https:\/\/api.w.org\/{rel}","templated":true}]}}