{"id":48326,"date":"2025-03-16T11:00:00","date_gmt":"2025-03-16T11:00:00","guid":{"rendered":"https:\/\/algarve7.pt\/?p=48326"},"modified":"2025-03-15T18:26:46","modified_gmt":"2025-03-15T18:26:46","slug":"alvaro-bila-agradece-aos-colaboradores-da-emarp-a-distincao-da-ersar-e-destaca-investimento-na-melhoria-das-condicoes-de-trabalho","status":"publish","type":"post","link":"https:\/\/algarve7.pt\/index.php\/2025\/03\/alvaro-bila-agradece-aos-colaboradores-da-emarp-a-distincao-da-ersar-e-destaca-investimento-na-melhoria-das-condicoes-de-trabalho\/ambiente\/11\/00\/","title":{"rendered":"\u00c1lvaro Bila agradece aos colaboradores da EMARP a distin\u00e7\u00e3o da ERSAR e destaca investimento na melhoria das condi\u00e7\u00f5es de trabalho"},"content":{"rendered":"\n<p><strong>O Presidente do Conselho de Administra\u00e7\u00e3o da EMARP \u2013 Empresa Municipal de \u00c1guas e Res\u00edduos de Portim\u00e3o, \u00c1lvaro Bila<\/strong>, reuniu ontem com os colaboradores dos servi\u00e7os de Limpeza e Higiene Urbana para assinalar a entrega do&nbsp;<strong>Selo de Qualidade no Servi\u00e7o de Gest\u00e3o de Res\u00edduos Urbanos ao Consumidor<\/strong>, atribu\u00eddo pela Entidade Reguladora dos Servi\u00e7os de \u00c1guas e Res\u00edduos (ERSAR). Na ocasi\u00e3o&nbsp;<strong>expressou o seu reconhecimento e gratid\u00e3o pelo empenho e dedica\u00e7\u00e3o di\u00e1ria das equipas, que garantem a qualidade do servi\u00e7o prestado \u00e0 comunidade.<\/strong><\/p>\n\n\n\n<p>Esta distin\u00e7\u00e3o, que a empresa n\u00e3o recebia h\u00e1 9 anos, reafirma o seu compromisso da com a qualidade, sustentabilidade e inova\u00e7\u00e3o na gest\u00e3o dos res\u00edduos urbanos. O reconhecimento da ERSAR destaca a EMARP como a \u00fanica entidade do Algarve a ser premiada, evidenciando o impacto positivo do trabalho desenvolvido.<\/p>\n\n\n\n<p>Al\u00e9m de valorizar o esfor\u00e7o das suas equipas, \u00c1lvaro Bila destacou junto dos trabalhadores a aposta na melhoria cont\u00ednua das suas condi\u00e7\u00f5es de trabalho, atrav\u00e9s do refor\u00e7o dos meios operacionais ao servi\u00e7o da higiene e limpeza urbana. No in\u00edcio de 2025, a empresa incorporou seis novas viaturas \u00e0 frota existente, num esfor\u00e7o de moderniza\u00e7\u00e3o e aumento da efici\u00eancia da opera\u00e7\u00e3o. O investimento inclui: 1 viatura dedicada \u00e0 recolha de res\u00edduos org\u00e2nicos, 2 ve\u00edculos equipados com grua para a recolha de verdes e monstros e 3 varredoras mec\u00e2nicas para refor\u00e7ar a limpeza urbana.<\/p>\n\n\n\n<p>As novas aquisi\u00e7\u00f5es permitir\u00e3o otimizar os processos de recolha e higiene urbana, aumentando a efici\u00eancia operacional, reduzindo o impacto ambiental e melhorando as condi\u00e7\u00f5es de trabalho das equipas.<\/p>\n\n\n\n<p>A EMARP mant\u00e9m o seu compromisso com a qualidade dos servi\u00e7os urbanos e a promo\u00e7\u00e3o de uma cidade mais limpa e sustent\u00e1vel, garantindo que este reconhecimento da ERSAR sirva como um incentivo para continuar a inovar e a melhorar.<\/p>\n\n\n\n<p>A cerim\u00f3nia oficial de entrega dos Selos de Qualidade ERSAR decorreu no passado dia 6 de mar\u00e7o, em Lisboa, no \u00e2mbito das Confer\u00eancias de Mar\u00e7o.<\/p>\n","protected":false},"excerpt":{"rendered":"<p>O Presidente do Conselho de Administra\u00e7\u00e3o da EMARP \u2013 Empresa Municipal de \u00c1guas e Res\u00edduos de Portim\u00e3o, \u00c1lvaro Bila, reuniu<\/p>\n","protected":false},"author":1,"featured_media":48327,"comment_status":"closed","ping_status":"closed","sticky":false,"template":"","format":"standard","meta":{"colormag_page_container_layout":"default_layout","colormag_page_sidebar_layout":"default_layout","_monsterinsights_skip_tracking":false,"_monsterinsights_sitenote_active":false,"_monsterinsights_sitenote_note":"","_monsterinsights_sitenote_category":0,"jetpack_post_was_ever_published":false,"_jetpack_newsletter_access":"","_jetpack_dont_email_post_to_subs":false,"_jetpack_newsletter_tier_id":0,"_jetpack_memberships_contains_paywalled_content":false,"_jetpack_memberships_contains_paid_content":false,"footnotes":"","jetpack_publicize_message":"","jetpack_publicize_feature_enabled":true,"jetpack_social_post_already_shared":true,"jetpack_social_options":{"image_generator_settings":{"template":"highway","default_image_id":0,"font":"","enabled":false},"version":2}},"categories":[5],"tags":[36,32,611,72],"class_list":["post-48326","post","type-post","status-publish","format-standard","has-post-thumbnail","hentry","category-ambiente","tag-algarve","tag-ambiente","tag-emarp","tag-portimao"],"yoast_head":"<!-- This site is optimized with the Yoast SEO plugin v27.5 - https:\/\/yoast.com\/product\/yoast-seo-wordpress\/ -->\n<title>\u00c1lvaro Bila agradece aos colaboradores da EMARP a distin\u00e7\u00e3o da ERSAR e destaca investimento na melhoria das condi\u00e7\u00f5es de trabalho - Algarve 7<\/title>\n<meta name=\"description\" content=\"\u00c1lvaro Bila agradece aos colaboradores da EMARP a distin\u00e7\u00e3o da ERSAR e destaca investimento na melhoria das condi\u00e7\u00f5es de trabalho Ambiente\" \/>\n<meta name=\"robots\" content=\"index, follow, max-snippet:-1, max-image-preview:large, max-video-preview:-1\" \/>\n<link rel=\"canonical\" href=\"https:\/\/algarve7.pt\/index.php\/2025\/03\/alvaro-bila-agradece-aos-colaboradores-da-emarp-a-distincao-da-ersar-e-destaca-investimento-na-melhoria-das-condicoes-de-trabalho\/ambiente\/11\/00\/\" \/>\n<meta property=\"og:locale\" content=\"pt_PT\" \/>\n<meta property=\"og:type\" content=\"article\" \/>\n<meta property=\"og:title\" content=\"\u00c1lvaro Bila agradece aos colaboradores da EMARP a distin\u00e7\u00e3o da ERSAR e destaca investimento na melhoria das condi\u00e7\u00f5es de trabalho - Algarve 7\" \/>\n<meta property=\"og:description\" content=\"\u00c1lvaro Bila agradece aos colaboradores da EMARP a distin\u00e7\u00e3o da ERSAR e destaca investimento na melhoria das condi\u00e7\u00f5es de trabalho Ambiente\" \/>\n<meta property=\"og:url\" content=\"https:\/\/algarve7.pt\/index.php\/2025\/03\/alvaro-bila-agradece-aos-colaboradores-da-emarp-a-distincao-da-ersar-e-destaca-investimento-na-melhoria-das-condicoes-de-trabalho\/ambiente\/11\/00\/\" \/>\n<meta property=\"og:site_name\" content=\"Algarve 7\" \/>\n<meta property=\"article:publisher\" content=\"https:\/\/www.facebook.com\/algarve7\" \/>\n<meta property=\"article:author\" content=\"https:\/\/www.facebook.com\/algarve7\" \/>\n<meta property=\"article:published_time\" content=\"2025-03-16T11:00:00+00:00\" \/>\n<meta property=\"og:image\" content=\"https:\/\/algarve7.pt\/wp-content\/uploads\/2025\/03\/turno-da-noite-DRLU.jpg\" \/>\n\t<meta property=\"og:image:width\" content=\"800\" \/>\n\t<meta property=\"og:image:height\" content=\"500\" \/>\n\t<meta property=\"og:image:type\" content=\"image\/jpeg\" \/>\n<meta name=\"author\" content=\"Algarve 7\" \/>\n<meta name=\"twitter:card\" content=\"summary_large_image\" \/>\n<meta name=\"twitter:creator\" content=\"@Algarvesete\" \/>\n<meta name=\"twitter:site\" content=\"@Algarvesete\" \/>\n<meta name=\"twitter:label1\" content=\"Escrito por\" \/>\n\t<meta name=\"twitter:data1\" content=\"Algarve 7\" \/>\n\t<meta name=\"twitter:label2\" content=\"Tempo estimado de leitura\" \/>\n\t<meta name=\"twitter:data2\" content=\"2 minutos\" \/>\n<script type=\"application\/ld+json\" class=\"yoast-schema-graph\">{\"@context\":\"https:\\\/\\\/schema.org\",\"@graph\":[{\"@type\":\"Article\",\"@id\":\"https:\\\/\\\/algarve7.pt\\\/index.php\\\/2025\\\/03\\\/alvaro-bila-agradece-aos-colaboradores-da-emarp-a-distincao-da-ersar-e-destaca-investimento-na-melhoria-das-condicoes-de-trabalho\\\/ambiente\\\/11\\\/00\\\/#article\",\"isPartOf\":{\"@id\":\"https:\\\/\\\/algarve7.pt\\\/index.php\\\/2025\\\/03\\\/alvaro-bila-agradece-aos-colaboradores-da-emarp-a-distincao-da-ersar-e-destaca-investimento-na-melhoria-das-condicoes-de-trabalho\\\/ambiente\\\/11\\\/00\\\/\"},\"author\":{\"name\":\"Algarve 7\",\"@id\":\"https:\\\/\\\/algarve7.pt\\\/#\\\/schema\\\/person\\\/23fa70681308e7b319a3204bcea45e0c\"},\"headline\":\"\u00c1lvaro Bila agradece aos colaboradores da EMARP a distin\u00e7\u00e3o da ERSAR e destaca investimento na melhoria das condi\u00e7\u00f5es de trabalho\",\"datePublished\":\"2025-03-16T11:00:00+00:00\",\"mainEntityOfPage\":{\"@id\":\"https:\\\/\\\/algarve7.pt\\\/index.php\\\/2025\\\/03\\\/alvaro-bila-agradece-aos-colaboradores-da-emarp-a-distincao-da-ersar-e-destaca-investimento-na-melhoria-das-condicoes-de-trabalho\\\/ambiente\\\/11\\\/00\\\/\"},\"wordCount\":379,\"publisher\":{\"@id\":\"https:\\\/\\\/algarve7.pt\\\/#organization\"},\"image\":{\"@id\":\"https:\\\/\\\/algarve7.pt\\\/index.php\\\/2025\\\/03\\\/alvaro-bila-agradece-aos-colaboradores-da-emarp-a-distincao-da-ersar-e-destaca-investimento-na-melhoria-das-condicoes-de-trabalho\\\/ambiente\\\/11\\\/00\\\/#primaryimage\"},\"thumbnailUrl\":\"https:\\\/\\\/algarve7.pt\\\/wp-content\\\/uploads\\\/2025\\\/03\\\/turno-da-noite-DRLU.jpg\",\"keywords\":[\"Algarve\",\"Ambiente\",\"EMARP\",\"Portim\u00e3o\"],\"articleSection\":[\"Ambiente\"],\"inLanguage\":\"pt-PT\"},{\"@type\":\"WebPage\",\"@id\":\"https:\\\/\\\/algarve7.pt\\\/index.php\\\/2025\\\/03\\\/alvaro-bila-agradece-aos-colaboradores-da-emarp-a-distincao-da-ersar-e-destaca-investimento-na-melhoria-das-condicoes-de-trabalho\\\/ambiente\\\/11\\\/00\\\/\",\"url\":\"https:\\\/\\\/algarve7.pt\\\/index.php\\\/2025\\\/03\\\/alvaro-bila-agradece-aos-colaboradores-da-emarp-a-distincao-da-ersar-e-destaca-investimento-na-melhoria-das-condicoes-de-trabalho\\\/ambiente\\\/11\\\/00\\\/\",\"name\":\"\u00c1lvaro Bila agradece aos colaboradores da EMARP a distin\u00e7\u00e3o da ERSAR e destaca investimento na melhoria das condi\u00e7\u00f5es de trabalho - Algarve 7\",\"isPartOf\":{\"@id\":\"https:\\\/\\\/algarve7.pt\\\/#website\"},\"primaryImageOfPage\":{\"@id\":\"https:\\\/\\\/algarve7.pt\\\/index.php\\\/2025\\\/03\\\/alvaro-bila-agradece-aos-colaboradores-da-emarp-a-distincao-da-ersar-e-destaca-investimento-na-melhoria-das-condicoes-de-trabalho\\\/ambiente\\\/11\\\/00\\\/#primaryimage\"},\"image\":{\"@id\":\"https:\\\/\\\/algarve7.pt\\\/index.php\\\/2025\\\/03\\\/alvaro-bila-agradece-aos-colaboradores-da-emarp-a-distincao-da-ersar-e-destaca-investimento-na-melhoria-das-condicoes-de-trabalho\\\/ambiente\\\/11\\\/00\\\/#primaryimage\"},\"thumbnailUrl\":\"https:\\\/\\\/algarve7.pt\\\/wp-content\\\/uploads\\\/2025\\\/03\\\/turno-da-noite-DRLU.jpg\",\"datePublished\":\"2025-03-16T11:00:00+00:00\",\"description\":\"\u00c1lvaro Bila agradece aos colaboradores da EMARP a distin\u00e7\u00e3o da ERSAR e destaca investimento na melhoria das condi\u00e7\u00f5es de trabalho Ambiente\",\"breadcrumb\":{\"@id\":\"https:\\\/\\\/algarve7.pt\\\/index.php\\\/2025\\\/03\\\/alvaro-bila-agradece-aos-colaboradores-da-emarp-a-distincao-da-ersar-e-destaca-investimento-na-melhoria-das-condicoes-de-trabalho\\\/ambiente\\\/11\\\/00\\\/#breadcrumb\"},\"inLanguage\":\"pt-PT\",\"potentialAction\":[{\"@type\":\"ReadAction\",\"target\":[\"https:\\\/\\\/algarve7.pt\\\/index.php\\\/2025\\\/03\\\/alvaro-bila-agradece-aos-colaboradores-da-emarp-a-distincao-da-ersar-e-destaca-investimento-na-melhoria-das-condicoes-de-trabalho\\\/ambiente\\\/11\\\/00\\\/\"]}]},{\"@type\":\"ImageObject\",\"inLanguage\":\"pt-PT\",\"@id\":\"https:\\\/\\\/algarve7.pt\\\/index.php\\\/2025\\\/03\\\/alvaro-bila-agradece-aos-colaboradores-da-emarp-a-distincao-da-ersar-e-destaca-investimento-na-melhoria-das-condicoes-de-trabalho\\\/ambiente\\\/11\\\/00\\\/#primaryimage\",\"url\":\"https:\\\/\\\/algarve7.pt\\\/wp-content\\\/uploads\\\/2025\\\/03\\\/turno-da-noite-DRLU.jpg\",\"contentUrl\":\"https:\\\/\\\/algarve7.pt\\\/wp-content\\\/uploads\\\/2025\\\/03\\\/turno-da-noite-DRLU.jpg\",\"width\":800,\"height\":500},{\"@type\":\"BreadcrumbList\",\"@id\":\"https:\\\/\\\/algarve7.pt\\\/index.php\\\/2025\\\/03\\\/alvaro-bila-agradece-aos-colaboradores-da-emarp-a-distincao-da-ersar-e-destaca-investimento-na-melhoria-das-condicoes-de-trabalho\\\/ambiente\\\/11\\\/00\\\/#breadcrumb\",\"itemListElement\":[{\"@type\":\"ListItem\",\"position\":1,\"name\":\"In\u00edcio\",\"item\":\"https:\\\/\\\/algarve7.pt\\\/\"},{\"@type\":\"ListItem\",\"position\":2,\"name\":\"\u00c1lvaro Bila agradece aos colaboradores da EMARP a distin\u00e7\u00e3o da ERSAR e destaca investimento na melhoria das condi\u00e7\u00f5es de trabalho\"}]},{\"@type\":\"WebSite\",\"@id\":\"https:\\\/\\\/algarve7.pt\\\/#website\",\"url\":\"https:\\\/\\\/algarve7.pt\\\/\",\"name\":\"Algarve 7\",\"description\":\"Informa\u00e7\u00e3o sobre o Algarve\",\"publisher\":{\"@id\":\"https:\\\/\\\/algarve7.pt\\\/#organization\"},\"potentialAction\":[{\"@type\":\"SearchAction\",\"target\":{\"@type\":\"EntryPoint\",\"urlTemplate\":\"https:\\\/\\\/algarve7.pt\\\/?s={search_term_string}\"},\"query-input\":{\"@type\":\"PropertyValueSpecification\",\"valueRequired\":true,\"valueName\":\"search_term_string\"}}],\"inLanguage\":\"pt-PT\"},{\"@type\":\"Organization\",\"@id\":\"https:\\\/\\\/algarve7.pt\\\/#organization\",\"name\":\"Algarve 7\",\"url\":\"https:\\\/\\\/algarve7.pt\\\/\",\"logo\":{\"@type\":\"ImageObject\",\"inLanguage\":\"pt-PT\",\"@id\":\"https:\\\/\\\/algarve7.pt\\\/#\\\/schema\\\/logo\\\/image\\\/\",\"url\":\"https:\\\/\\\/algarve7.pt\\\/wp-content\\\/uploads\\\/2020\\\/10\\\/Logo-8.jpg\",\"contentUrl\":\"https:\\\/\\\/algarve7.pt\\\/wp-content\\\/uploads\\\/2020\\\/10\\\/Logo-8.jpg\",\"width\":1680,\"height\":1186,\"caption\":\"Algarve 7\"},\"image\":{\"@id\":\"https:\\\/\\\/algarve7.pt\\\/#\\\/schema\\\/logo\\\/image\\\/\"},\"sameAs\":[\"https:\\\/\\\/www.facebook.com\\\/algarve7\",\"https:\\\/\\\/x.com\\\/Algarvesete\",\"https:\\\/\\\/www.instagram.com\\\/jornalalgarve7\\\/\",\"https:\\\/\\\/www.linkedin.com\\\/company\\\/algarve7\",\"https:\\\/\\\/www.pinterest.pt\\\/geral0939\\\/_created\\\/\"]},{\"@type\":\"Person\",\"@id\":\"https:\\\/\\\/algarve7.pt\\\/#\\\/schema\\\/person\\\/23fa70681308e7b319a3204bcea45e0c\",\"name\":\"Algarve 7\",\"sameAs\":[\"https:\\\/\\\/algarve7.pt\",\"https:\\\/\\\/www.facebook.com\\\/algarve7\"],\"url\":\"https:\\\/\\\/algarve7.pt\\\/index.php\\\/author\\\/geralalgarve7-pt\\\/\"}]}<\/script>\n<!-- \/ Yoast SEO plugin. -->","yoast_head_json":{"title":"\u00c1lvaro Bila agradece aos colaboradores da EMARP a distin\u00e7\u00e3o da ERSAR e destaca investimento na melhoria das condi\u00e7\u00f5es de trabalho - Algarve 7","description":"\u00c1lvaro Bila agradece aos colaboradores da EMARP a distin\u00e7\u00e3o da ERSAR e destaca investimento na melhoria das condi\u00e7\u00f5es de trabalho Ambiente","robots":{"index":"index","follow":"follow","max-snippet":"max-snippet:-1","max-image-preview":"max-image-preview:large","max-video-preview":"max-video-preview:-1"},"canonical":"https:\/\/algarve7.pt\/index.php\/2025\/03\/alvaro-bila-agradece-aos-colaboradores-da-emarp-a-distincao-da-ersar-e-destaca-investimento-na-melhoria-das-condicoes-de-trabalho\/ambiente\/11\/00\/","og_locale":"pt_PT","og_type":"article","og_title":"\u00c1lvaro Bila agradece aos colaboradores da EMARP a distin\u00e7\u00e3o da ERSAR e destaca investimento na melhoria das condi\u00e7\u00f5es de trabalho - Algarve 7","og_description":"\u00c1lvaro Bila agradece aos colaboradores da EMARP a distin\u00e7\u00e3o da ERSAR e destaca investimento na melhoria das condi\u00e7\u00f5es de trabalho Ambiente","og_url":"https:\/\/algarve7.pt\/index.php\/2025\/03\/alvaro-bila-agradece-aos-colaboradores-da-emarp-a-distincao-da-ersar-e-destaca-investimento-na-melhoria-das-condicoes-de-trabalho\/ambiente\/11\/00\/","og_site_name":"Algarve 7","article_publisher":"https:\/\/www.facebook.com\/algarve7","article_author":"https:\/\/www.facebook.com\/algarve7","article_published_time":"2025-03-16T11:00:00+00:00","og_image":[{"width":800,"height":500,"url":"https:\/\/algarve7.pt\/wp-content\/uploads\/2025\/03\/turno-da-noite-DRLU.jpg","type":"image\/jpeg"}],"author":"Algarve 7","twitter_card":"summary_large_image","twitter_creator":"@Algarvesete","twitter_site":"@Algarvesete","twitter_misc":{"Escrito por":"Algarve 7","Tempo estimado de leitura":"2 minutos"},"schema":{"@context":"https:\/\/schema.org","@graph":[{"@type":"Article","@id":"https:\/\/algarve7.pt\/index.php\/2025\/03\/alvaro-bila-agradece-aos-colaboradores-da-emarp-a-distincao-da-ersar-e-destaca-investimento-na-melhoria-das-condicoes-de-trabalho\/ambiente\/11\/00\/#article","isPartOf":{"@id":"https:\/\/algarve7.pt\/index.php\/2025\/03\/alvaro-bila-agradece-aos-colaboradores-da-emarp-a-distincao-da-ersar-e-destaca-investimento-na-melhoria-das-condicoes-de-trabalho\/ambiente\/11\/00\/"},"author":{"name":"Algarve 7","@id":"https:\/\/algarve7.pt\/#\/schema\/person\/23fa70681308e7b319a3204bcea45e0c"},"headline":"\u00c1lvaro Bila agradece aos colaboradores da EMARP a distin\u00e7\u00e3o da ERSAR e destaca investimento na melhoria das condi\u00e7\u00f5es de trabalho","datePublished":"2025-03-16T11:00:00+00:00","mainEntityOfPage":{"@id":"https:\/\/algarve7.pt\/index.php\/2025\/03\/alvaro-bila-agradece-aos-colaboradores-da-emarp-a-distincao-da-ersar-e-destaca-investimento-na-melhoria-das-condicoes-de-trabalho\/ambiente\/11\/00\/"},"wordCount":379,"publisher":{"@id":"https:\/\/algarve7.pt\/#organization"},"image":{"@id":"https:\/\/algarve7.pt\/index.php\/2025\/03\/alvaro-bila-agradece-aos-colaboradores-da-emarp-a-distincao-da-ersar-e-destaca-investimento-na-melhoria-das-condicoes-de-trabalho\/ambiente\/11\/00\/#primaryimage"},"thumbnailUrl":"https:\/\/algarve7.pt\/wp-content\/uploads\/2025\/03\/turno-da-noite-DRLU.jpg","keywords":["Algarve","Ambiente","EMARP","Portim\u00e3o"],"articleSection":["Ambiente"],"inLanguage":"pt-PT"},{"@type":"WebPage","@id":"https:\/\/algarve7.pt\/index.php\/2025\/03\/alvaro-bila-agradece-aos-colaboradores-da-emarp-a-distincao-da-ersar-e-destaca-investimento-na-melhoria-das-condicoes-de-trabalho\/ambiente\/11\/00\/","url":"https:\/\/algarve7.pt\/index.php\/2025\/03\/alvaro-bila-agradece-aos-colaboradores-da-emarp-a-distincao-da-ersar-e-destaca-investimento-na-melhoria-das-condicoes-de-trabalho\/ambiente\/11\/00\/","name":"\u00c1lvaro Bila agradece aos colaboradores da EMARP a distin\u00e7\u00e3o da ERSAR e destaca investimento na melhoria das condi\u00e7\u00f5es de trabalho - Algarve 7","isPartOf":{"@id":"https:\/\/algarve7.pt\/#website"},"primaryImageOfPage":{"@id":"https:\/\/algarve7.pt\/index.php\/2025\/03\/alvaro-bila-agradece-aos-colaboradores-da-emarp-a-distincao-da-ersar-e-destaca-investimento-na-melhoria-das-condicoes-de-trabalho\/ambiente\/11\/00\/#primaryimage"},"image":{"@id":"https:\/\/algarve7.pt\/index.php\/2025\/03\/alvaro-bila-agradece-aos-colaboradores-da-emarp-a-distincao-da-ersar-e-destaca-investimento-na-melhoria-das-condicoes-de-trabalho\/ambiente\/11\/00\/#primaryimage"},"thumbnailUrl":"https:\/\/algarve7.pt\/wp-content\/uploads\/2025\/03\/turno-da-noite-DRLU.jpg","datePublished":"2025-03-16T11:00:00+00:00","description":"\u00c1lvaro Bila agradece aos colaboradores da EMARP a distin\u00e7\u00e3o da ERSAR e destaca investimento na melhoria das condi\u00e7\u00f5es de trabalho Ambiente","breadcrumb":{"@id":"https:\/\/algarve7.pt\/index.php\/2025\/03\/alvaro-bila-agradece-aos-colaboradores-da-emarp-a-distincao-da-ersar-e-destaca-investimento-na-melhoria-das-condicoes-de-trabalho\/ambiente\/11\/00\/#breadcrumb"},"inLanguage":"pt-PT","potentialAction":[{"@type":"ReadAction","target":["https:\/\/algarve7.pt\/index.php\/2025\/03\/alvaro-bila-agradece-aos-colaboradores-da-emarp-a-distincao-da-ersar-e-destaca-investimento-na-melhoria-das-condicoes-de-trabalho\/ambiente\/11\/00\/"]}]},{"@type":"ImageObject","inLanguage":"pt-PT","@id":"https:\/\/algarve7.pt\/index.php\/2025\/03\/alvaro-bila-agradece-aos-colaboradores-da-emarp-a-distincao-da-ersar-e-destaca-investimento-na-melhoria-das-condicoes-de-trabalho\/ambiente\/11\/00\/#primaryimage","url":"https:\/\/algarve7.pt\/wp-content\/uploads\/2025\/03\/turno-da-noite-DRLU.jpg","contentUrl":"https:\/\/algarve7.pt\/wp-content\/uploads\/2025\/03\/turno-da-noite-DRLU.jpg","width":800,"height":500},{"@type":"BreadcrumbList","@id":"https:\/\/algarve7.pt\/index.php\/2025\/03\/alvaro-bila-agradece-aos-colaboradores-da-emarp-a-distincao-da-ersar-e-destaca-investimento-na-melhoria-das-condicoes-de-trabalho\/ambiente\/11\/00\/#breadcrumb","itemListElement":[{"@type":"ListItem","position":1,"name":"In\u00edcio","item":"https:\/\/algarve7.pt\/"},{"@type":"ListItem","position":2,"name":"\u00c1lvaro Bila agradece aos colaboradores da EMARP a distin\u00e7\u00e3o da ERSAR e destaca investimento na melhoria das condi\u00e7\u00f5es de trabalho"}]},{"@type":"WebSite","@id":"https:\/\/algarve7.pt\/#website","url":"https:\/\/algarve7.pt\/","name":"Algarve 7","description":"Informa\u00e7\u00e3o sobre o Algarve","publisher":{"@id":"https:\/\/algarve7.pt\/#organization"},"potentialAction":[{"@type":"SearchAction","target":{"@type":"EntryPoint","urlTemplate":"https:\/\/algarve7.pt\/?s={search_term_string}"},"query-input":{"@type":"PropertyValueSpecification","valueRequired":true,"valueName":"search_term_string"}}],"inLanguage":"pt-PT"},{"@type":"Organization","@id":"https:\/\/algarve7.pt\/#organization","name":"Algarve 7","url":"https:\/\/algarve7.pt\/","logo":{"@type":"ImageObject","inLanguage":"pt-PT","@id":"https:\/\/algarve7.pt\/#\/schema\/logo\/image\/","url":"https:\/\/algarve7.pt\/wp-content\/uploads\/2020\/10\/Logo-8.jpg","contentUrl":"https:\/\/algarve7.pt\/wp-content\/uploads\/2020\/10\/Logo-8.jpg","width":1680,"height":1186,"caption":"Algarve 7"},"image":{"@id":"https:\/\/algarve7.pt\/#\/schema\/logo\/image\/"},"sameAs":["https:\/\/www.facebook.com\/algarve7","https:\/\/x.com\/Algarvesete","https:\/\/www.instagram.com\/jornalalgarve7\/","https:\/\/www.linkedin.com\/company\/algarve7","https:\/\/www.pinterest.pt\/geral0939\/_created\/"]},{"@type":"Person","@id":"https:\/\/algarve7.pt\/#\/schema\/person\/23fa70681308e7b319a3204bcea45e0c","name":"Algarve 7","sameAs":["https:\/\/algarve7.pt","https:\/\/www.facebook.com\/algarve7"],"url":"https:\/\/algarve7.pt\/index.php\/author\/geralalgarve7-pt\/"}]}},"jetpack_publicize_connections":[],"jetpack_featured_media_url":"https:\/\/algarve7.pt\/wp-content\/uploads\/2025\/03\/turno-da-noite-DRLU.jpg","jetpack_shortlink":"https:\/\/wp.me\/pcezmW-czs","jetpack_sharing_enabled":true,"_links":{"self":[{"href":"https:\/\/algarve7.pt\/index.php\/wp-json\/wp\/v2\/posts\/48326","targetHints":{"allow":["GET"]}}],"collection":[{"href":"https:\/\/algarve7.pt\/index.php\/wp-json\/wp\/v2\/posts"}],"about":[{"href":"https:\/\/algarve7.pt\/index.php\/wp-json\/wp\/v2\/types\/post"}],"author":[{"embeddable":true,"href":"https:\/\/algarve7.pt\/index.php\/wp-json\/wp\/v2\/users\/1"}],"replies":[{"embeddable":true,"href":"https:\/\/algarve7.pt\/index.php\/wp-json\/wp\/v2\/comments?post=48326"}],"version-history":[{"count":0,"href":"https:\/\/algarve7.pt\/index.php\/wp-json\/wp\/v2\/posts\/48326\/revisions"}],"wp:featuredmedia":[{"embeddable":true,"href":"https:\/\/algarve7.pt\/index.php\/wp-json\/wp\/v2\/media\/48327"}],"wp:attachment":[{"href":"https:\/\/algarve7.pt\/index.php\/wp-json\/wp\/v2\/media?parent=48326"}],"wp:term":[{"taxonomy":"category","embeddable":true,"href":"https:\/\/algarve7.pt\/index.php\/wp-json\/wp\/v2\/categories?post=48326"},{"taxonomy":"post_tag","embeddable":true,"href":"https:\/\/algarve7.pt\/index.php\/wp-json\/wp\/v2\/tags?post=48326"}],"curies":[{"name":"wp","href":"https:\/\/api.w.org\/{rel}","templated":true}]}}