{"id":48297,"date":"2025-03-14T10:30:00","date_gmt":"2025-03-14T10:30:00","guid":{"rendered":"https:\/\/algarve7.pt\/?p=48297"},"modified":"2025-03-14T08:01:22","modified_gmt":"2025-03-14T08:01:22","slug":"vila-real-de-santo-antonio-apresenta-plano-estrategico-de-turismo-na-btl-2025","status":"publish","type":"post","link":"https:\/\/algarve7.pt\/index.php\/2025\/03\/vila-real-de-santo-antonio-apresenta-plano-estrategico-de-turismo-na-btl-2025\/turismo\/10\/30\/","title":{"rendered":"Vila Real de Santo Ant\u00f3nio apresenta Plano Estrat\u00e9gico de Turismo na BTL 2025"},"content":{"rendered":"\n<p>O Munic\u00edpio de Vila Real de Santo Ant\u00f3nio apresentou, esta quinta-feira, na&nbsp;<strong>Bolsa de Turismo de Lisboa (BTL) 2025<\/strong>, o seu&nbsp;<strong>Plano Estrat\u00e9gico de Desenvolvimento e Marketing Tur\u00edstico<\/strong>, um documento que define as principais linhas de a\u00e7\u00e3o para fortalecer o setor no concelho at\u00e9 2030.&nbsp;<\/p>\n\n\n\n<p>A apresenta\u00e7\u00e3o decorreu no&nbsp;<strong>stand da Regi\u00e3o de Turismo do Algarve<\/strong>&nbsp;e foi conduzida pelo&nbsp;<strong>vice-presidente da C\u00e2mara Municipal, Ricardo Cipriano<\/strong>.<\/p>\n\n\n\n<p>O documento resulta de um estudo aprofundado que envolveu a comunidade local e os empres\u00e1rios do setor, com o objetivo de tornar Vila Real de Santo Ant\u00f3nio um destino mais competitivo, atrativo e sustent\u00e1vel.&nbsp;<\/p>\n\n\n\n<p>Foi desenvolvido em parceria com o&nbsp;<strong>IPDT \u2013 Turismo e Consultoria<\/strong>, entidade reconhecida pela sua experi\u00eancia na elabora\u00e7\u00e3o de estrat\u00e9gias de marketing tur\u00edstico e desenvolvimento territorial.<\/p>\n\n\n\n<p>A abordagem definida passa por valorizar o que o concelho tem de \u00fanico, diversificar a oferta e reduzir a sazonalidade, garantindo que o turismo gere benef\u00edcios ao longo de todo o ano.&nbsp;<\/p>\n\n\n\n<p>Estabelece ainda&nbsp;<strong>sete grandes objetivos<\/strong>&nbsp;para orientar a evolu\u00e7\u00e3o do setor, destacando-se o aumento da notoriedade de Vila Real de Santo Ant\u00f3nio enquanto destino tur\u00edstico, a capta\u00e7\u00e3o de investimento e o refor\u00e7o da qualifica\u00e7\u00e3o dos profissionais da \u00e1rea. A proposta tamb\u00e9m aposta na preserva\u00e7\u00e3o do patrim\u00f3nio natural e cultural, assegurando um crescimento equilibrado e em harmonia com a comunidade local.<\/p>\n\n\n\n<p>Al\u00e9m das diretrizes para o futuro do turismo no concelho, o plano contempla um&nbsp;<strong>conjunto de a\u00e7\u00f5es estruturadas em tr\u00eas programas e 38 iniciativas estrat\u00e9gicas<\/strong>, que delineiam medidas concretas para colocar esta vis\u00e3o em pr\u00e1tica.<\/p>\n\n\n\n<p>Estas iniciativas incluem o refor\u00e7o da promo\u00e7\u00e3o do destino, a cria\u00e7\u00e3o de parcerias estrat\u00e9gicas e o desenvolvimento de novas experi\u00eancias para os visitantes.<\/p>\n\n\n\n<p>Ao apresentar esta estrat\u00e9gia na&nbsp;<strong>BTL 2025<\/strong>, o Munic\u00edpio de Vila Real de Santo Ant\u00f3nio reafirma o seu compromisso com um turismo sustent\u00e1vel e inovador, que beneficia n\u00e3o s\u00f3 os visitantes, mas tamb\u00e9m os residentes e a economia local.<\/p>\n\n\n\n<p>Durante a feira, o munic\u00edpio continuar\u00e1 a divulgar os seus principais projetos e atrativos tur\u00edsticos, refor\u00e7ando a sua presen\u00e7a num dos maiores eventos do setor em Portugal.<\/p>\n\n\n\n<p>Na quarta-feira, o Munic\u00edpio j\u00e1 tinha realizado duas apresenta\u00e7\u00f5es no stand da Regi\u00e3o de Turismo do Algarve.&nbsp;<\/p>\n\n\n\n<p>O&nbsp;<strong>presidente da C\u00e2mara Municipal, \u00c1lvaro Ara\u00fajo<\/strong>, deu a conhecer a campanha de turismo religioso&nbsp;<strong>\u00abDe Corpo e Alma\u00bb<\/strong>, um projeto da&nbsp;<strong>Eurocidade do Guadiana<\/strong>&nbsp;que promove o patrim\u00f3nio religioso e cultural de Vila Real de Santo Ant\u00f3nio, Castro Marim e Ayamonte.<\/p>\n\n\n\n<p>J\u00e1 o&nbsp;<strong>vereador com os pelouros do Planeamento e Desenvolvimento Econ\u00f3mico, Fernando Horta<\/strong>, apresentou o projeto&nbsp;<strong>&#8220;VRSA a C\u00e9u Aberto \u2013 Bairro Comercial Digital de Vila Real de Santo Ant\u00f3nio&#8221;<\/strong>, que visa modernizar e dinamizar o com\u00e9rcio local.<\/p>\n\n\n\n<p>Esta sexta-feira, o&nbsp;<strong>vereador com os pelouros do Desporto e Cultura, \u00c1lvaro Leal,<\/strong>&nbsp;ir\u00e1 apresentar os&nbsp;<strong>eventos \u00e2ncora \u00abFestival Hist\u00f3rico VRSA Setecentista\u00bb e \u00abMonte Gordo Sand Race\u00bb.<\/strong><\/p>\n","protected":false},"excerpt":{"rendered":"<p>O Munic\u00edpio de Vila Real de Santo Ant\u00f3nio apresentou, esta quinta-feira, na&nbsp;Bolsa de Turismo de Lisboa (BTL) 2025, o seu&nbsp;Plano<\/p>\n","protected":false},"author":1,"featured_media":48298,"comment_status":"closed","ping_status":"closed","sticky":false,"template":"","format":"standard","meta":{"colormag_page_container_layout":"default_layout","colormag_page_sidebar_layout":"default_layout","_monsterinsights_skip_tracking":false,"_monsterinsights_sitenote_active":false,"_monsterinsights_sitenote_note":"","_monsterinsights_sitenote_category":0,"jetpack_post_was_ever_published":false,"_jetpack_newsletter_access":"","_jetpack_dont_email_post_to_subs":false,"_jetpack_newsletter_tier_id":0,"_jetpack_memberships_contains_paywalled_content":false,"_jetpack_memberships_contains_paid_content":false,"footnotes":"","jetpack_publicize_message":"","jetpack_publicize_feature_enabled":true,"jetpack_social_post_already_shared":true,"jetpack_social_options":{"image_generator_settings":{"template":"highway","default_image_id":0,"font":"","enabled":false},"version":2}},"categories":[17],"tags":[36,45,123],"class_list":["post-48297","post","type-post","status-publish","format-standard","has-post-thumbnail","hentry","category-turismo","tag-algarve","tag-turismo","tag-vila-real-de-sto-antonio"],"yoast_head":"<!-- This site is optimized with the Yoast SEO plugin v27.5 - https:\/\/yoast.com\/product\/yoast-seo-wordpress\/ -->\n<title>Vila Real de Santo Ant\u00f3nio apresenta Plano Estrat\u00e9gico de Turismo na BTL 2025 - Algarve 7<\/title>\n<meta name=\"description\" content=\"Vila Real de Santo Ant\u00f3nio apresenta Plano Estrat\u00e9gico de Turismo na BTL 2025 Turismo\" \/>\n<meta name=\"robots\" content=\"index, follow, max-snippet:-1, max-image-preview:large, max-video-preview:-1\" \/>\n<link rel=\"canonical\" href=\"https:\/\/algarve7.pt\/index.php\/2025\/03\/vila-real-de-santo-antonio-apresenta-plano-estrategico-de-turismo-na-btl-2025\/turismo\/10\/30\/\" \/>\n<meta property=\"og:locale\" content=\"pt_PT\" \/>\n<meta property=\"og:type\" content=\"article\" \/>\n<meta property=\"og:title\" content=\"Vila Real de Santo Ant\u00f3nio apresenta Plano Estrat\u00e9gico de Turismo na BTL 2025 - Algarve 7\" \/>\n<meta property=\"og:description\" content=\"Vila Real de Santo Ant\u00f3nio apresenta Plano Estrat\u00e9gico de Turismo na BTL 2025 Turismo\" \/>\n<meta property=\"og:url\" content=\"https:\/\/algarve7.pt\/index.php\/2025\/03\/vila-real-de-santo-antonio-apresenta-plano-estrategico-de-turismo-na-btl-2025\/turismo\/10\/30\/\" \/>\n<meta property=\"og:site_name\" content=\"Algarve 7\" \/>\n<meta property=\"article:publisher\" content=\"https:\/\/www.facebook.com\/algarve7\" \/>\n<meta property=\"article:author\" content=\"https:\/\/www.facebook.com\/algarve7\" \/>\n<meta property=\"article:published_time\" content=\"2025-03-14T10:30:00+00:00\" \/>\n<meta property=\"og:image\" content=\"https:\/\/algarve7.pt\/wp-content\/uploads\/2025\/03\/BTL-2025_Vila-Real-de-Santo-Antonio-marca-presenca-n-a-BTL-2025-1.jpg\" \/>\n\t<meta property=\"og:image:width\" content=\"800\" \/>\n\t<meta property=\"og:image:height\" content=\"500\" \/>\n\t<meta property=\"og:image:type\" content=\"image\/jpeg\" \/>\n<meta name=\"author\" content=\"Algarve 7\" \/>\n<meta name=\"twitter:card\" content=\"summary_large_image\" \/>\n<meta name=\"twitter:creator\" content=\"@Algarvesete\" \/>\n<meta name=\"twitter:site\" content=\"@Algarvesete\" \/>\n<meta name=\"twitter:label1\" content=\"Escrito por\" \/>\n\t<meta name=\"twitter:data1\" content=\"Algarve 7\" \/>\n\t<meta name=\"twitter:label2\" content=\"Tempo estimado de leitura\" \/>\n\t<meta name=\"twitter:data2\" content=\"3 minutos\" \/>\n<script type=\"application\/ld+json\" class=\"yoast-schema-graph\">{\"@context\":\"https:\\\/\\\/schema.org\",\"@graph\":[{\"@type\":\"Article\",\"@id\":\"https:\\\/\\\/algarve7.pt\\\/index.php\\\/2025\\\/03\\\/vila-real-de-santo-antonio-apresenta-plano-estrategico-de-turismo-na-btl-2025\\\/turismo\\\/10\\\/30\\\/#article\",\"isPartOf\":{\"@id\":\"https:\\\/\\\/algarve7.pt\\\/index.php\\\/2025\\\/03\\\/vila-real-de-santo-antonio-apresenta-plano-estrategico-de-turismo-na-btl-2025\\\/turismo\\\/10\\\/30\\\/\"},\"author\":{\"name\":\"Algarve 7\",\"@id\":\"https:\\\/\\\/algarve7.pt\\\/#\\\/schema\\\/person\\\/23fa70681308e7b319a3204bcea45e0c\"},\"headline\":\"Vila Real de Santo Ant\u00f3nio apresenta Plano Estrat\u00e9gico de Turismo na BTL 2025\",\"datePublished\":\"2025-03-14T10:30:00+00:00\",\"mainEntityOfPage\":{\"@id\":\"https:\\\/\\\/algarve7.pt\\\/index.php\\\/2025\\\/03\\\/vila-real-de-santo-antonio-apresenta-plano-estrategico-de-turismo-na-btl-2025\\\/turismo\\\/10\\\/30\\\/\"},\"wordCount\":555,\"publisher\":{\"@id\":\"https:\\\/\\\/algarve7.pt\\\/#organization\"},\"image\":{\"@id\":\"https:\\\/\\\/algarve7.pt\\\/index.php\\\/2025\\\/03\\\/vila-real-de-santo-antonio-apresenta-plano-estrategico-de-turismo-na-btl-2025\\\/turismo\\\/10\\\/30\\\/#primaryimage\"},\"thumbnailUrl\":\"https:\\\/\\\/algarve7.pt\\\/wp-content\\\/uploads\\\/2025\\\/03\\\/BTL-2025_Vila-Real-de-Santo-Antonio-marca-presenca-n-a-BTL-2025-1.jpg\",\"keywords\":[\"Algarve\",\"Turismo\",\"Vila Real de St\u00ba Ant\u00f3nio\"],\"articleSection\":[\"Turismo\"],\"inLanguage\":\"pt-PT\"},{\"@type\":\"WebPage\",\"@id\":\"https:\\\/\\\/algarve7.pt\\\/index.php\\\/2025\\\/03\\\/vila-real-de-santo-antonio-apresenta-plano-estrategico-de-turismo-na-btl-2025\\\/turismo\\\/10\\\/30\\\/\",\"url\":\"https:\\\/\\\/algarve7.pt\\\/index.php\\\/2025\\\/03\\\/vila-real-de-santo-antonio-apresenta-plano-estrategico-de-turismo-na-btl-2025\\\/turismo\\\/10\\\/30\\\/\",\"name\":\"Vila Real de Santo Ant\u00f3nio apresenta Plano Estrat\u00e9gico de Turismo na BTL 2025 - Algarve 7\",\"isPartOf\":{\"@id\":\"https:\\\/\\\/algarve7.pt\\\/#website\"},\"primaryImageOfPage\":{\"@id\":\"https:\\\/\\\/algarve7.pt\\\/index.php\\\/2025\\\/03\\\/vila-real-de-santo-antonio-apresenta-plano-estrategico-de-turismo-na-btl-2025\\\/turismo\\\/10\\\/30\\\/#primaryimage\"},\"image\":{\"@id\":\"https:\\\/\\\/algarve7.pt\\\/index.php\\\/2025\\\/03\\\/vila-real-de-santo-antonio-apresenta-plano-estrategico-de-turismo-na-btl-2025\\\/turismo\\\/10\\\/30\\\/#primaryimage\"},\"thumbnailUrl\":\"https:\\\/\\\/algarve7.pt\\\/wp-content\\\/uploads\\\/2025\\\/03\\\/BTL-2025_Vila-Real-de-Santo-Antonio-marca-presenca-n-a-BTL-2025-1.jpg\",\"datePublished\":\"2025-03-14T10:30:00+00:00\",\"description\":\"Vila Real de Santo Ant\u00f3nio apresenta Plano Estrat\u00e9gico de Turismo na BTL 2025 Turismo\",\"breadcrumb\":{\"@id\":\"https:\\\/\\\/algarve7.pt\\\/index.php\\\/2025\\\/03\\\/vila-real-de-santo-antonio-apresenta-plano-estrategico-de-turismo-na-btl-2025\\\/turismo\\\/10\\\/30\\\/#breadcrumb\"},\"inLanguage\":\"pt-PT\",\"potentialAction\":[{\"@type\":\"ReadAction\",\"target\":[\"https:\\\/\\\/algarve7.pt\\\/index.php\\\/2025\\\/03\\\/vila-real-de-santo-antonio-apresenta-plano-estrategico-de-turismo-na-btl-2025\\\/turismo\\\/10\\\/30\\\/\"]}]},{\"@type\":\"ImageObject\",\"inLanguage\":\"pt-PT\",\"@id\":\"https:\\\/\\\/algarve7.pt\\\/index.php\\\/2025\\\/03\\\/vila-real-de-santo-antonio-apresenta-plano-estrategico-de-turismo-na-btl-2025\\\/turismo\\\/10\\\/30\\\/#primaryimage\",\"url\":\"https:\\\/\\\/algarve7.pt\\\/wp-content\\\/uploads\\\/2025\\\/03\\\/BTL-2025_Vila-Real-de-Santo-Antonio-marca-presenca-n-a-BTL-2025-1.jpg\",\"contentUrl\":\"https:\\\/\\\/algarve7.pt\\\/wp-content\\\/uploads\\\/2025\\\/03\\\/BTL-2025_Vila-Real-de-Santo-Antonio-marca-presenca-n-a-BTL-2025-1.jpg\",\"width\":800,\"height\":500},{\"@type\":\"BreadcrumbList\",\"@id\":\"https:\\\/\\\/algarve7.pt\\\/index.php\\\/2025\\\/03\\\/vila-real-de-santo-antonio-apresenta-plano-estrategico-de-turismo-na-btl-2025\\\/turismo\\\/10\\\/30\\\/#breadcrumb\",\"itemListElement\":[{\"@type\":\"ListItem\",\"position\":1,\"name\":\"In\u00edcio\",\"item\":\"https:\\\/\\\/algarve7.pt\\\/\"},{\"@type\":\"ListItem\",\"position\":2,\"name\":\"Vila Real de Santo Ant\u00f3nio apresenta Plano Estrat\u00e9gico de Turismo na BTL 2025\"}]},{\"@type\":\"WebSite\",\"@id\":\"https:\\\/\\\/algarve7.pt\\\/#website\",\"url\":\"https:\\\/\\\/algarve7.pt\\\/\",\"name\":\"Algarve 7\",\"description\":\"Informa\u00e7\u00e3o sobre o Algarve\",\"publisher\":{\"@id\":\"https:\\\/\\\/algarve7.pt\\\/#organization\"},\"potentialAction\":[{\"@type\":\"SearchAction\",\"target\":{\"@type\":\"EntryPoint\",\"urlTemplate\":\"https:\\\/\\\/algarve7.pt\\\/?s={search_term_string}\"},\"query-input\":{\"@type\":\"PropertyValueSpecification\",\"valueRequired\":true,\"valueName\":\"search_term_string\"}}],\"inLanguage\":\"pt-PT\"},{\"@type\":\"Organization\",\"@id\":\"https:\\\/\\\/algarve7.pt\\\/#organization\",\"name\":\"Algarve 7\",\"url\":\"https:\\\/\\\/algarve7.pt\\\/\",\"logo\":{\"@type\":\"ImageObject\",\"inLanguage\":\"pt-PT\",\"@id\":\"https:\\\/\\\/algarve7.pt\\\/#\\\/schema\\\/logo\\\/image\\\/\",\"url\":\"https:\\\/\\\/algarve7.pt\\\/wp-content\\\/uploads\\\/2020\\\/10\\\/Logo-8.jpg\",\"contentUrl\":\"https:\\\/\\\/algarve7.pt\\\/wp-content\\\/uploads\\\/2020\\\/10\\\/Logo-8.jpg\",\"width\":1680,\"height\":1186,\"caption\":\"Algarve 7\"},\"image\":{\"@id\":\"https:\\\/\\\/algarve7.pt\\\/#\\\/schema\\\/logo\\\/image\\\/\"},\"sameAs\":[\"https:\\\/\\\/www.facebook.com\\\/algarve7\",\"https:\\\/\\\/x.com\\\/Algarvesete\",\"https:\\\/\\\/www.instagram.com\\\/jornalalgarve7\\\/\",\"https:\\\/\\\/www.linkedin.com\\\/company\\\/algarve7\",\"https:\\\/\\\/www.pinterest.pt\\\/geral0939\\\/_created\\\/\"]},{\"@type\":\"Person\",\"@id\":\"https:\\\/\\\/algarve7.pt\\\/#\\\/schema\\\/person\\\/23fa70681308e7b319a3204bcea45e0c\",\"name\":\"Algarve 7\",\"sameAs\":[\"https:\\\/\\\/algarve7.pt\",\"https:\\\/\\\/www.facebook.com\\\/algarve7\"],\"url\":\"https:\\\/\\\/algarve7.pt\\\/index.php\\\/author\\\/geralalgarve7-pt\\\/\"}]}<\/script>\n<!-- \/ Yoast SEO plugin. -->","yoast_head_json":{"title":"Vila Real de Santo Ant\u00f3nio apresenta Plano Estrat\u00e9gico de Turismo na BTL 2025 - Algarve 7","description":"Vila Real de Santo Ant\u00f3nio apresenta Plano Estrat\u00e9gico de Turismo na BTL 2025 Turismo","robots":{"index":"index","follow":"follow","max-snippet":"max-snippet:-1","max-image-preview":"max-image-preview:large","max-video-preview":"max-video-preview:-1"},"canonical":"https:\/\/algarve7.pt\/index.php\/2025\/03\/vila-real-de-santo-antonio-apresenta-plano-estrategico-de-turismo-na-btl-2025\/turismo\/10\/30\/","og_locale":"pt_PT","og_type":"article","og_title":"Vila Real de Santo Ant\u00f3nio apresenta Plano Estrat\u00e9gico de Turismo na BTL 2025 - Algarve 7","og_description":"Vila Real de Santo Ant\u00f3nio apresenta Plano Estrat\u00e9gico de Turismo na BTL 2025 Turismo","og_url":"https:\/\/algarve7.pt\/index.php\/2025\/03\/vila-real-de-santo-antonio-apresenta-plano-estrategico-de-turismo-na-btl-2025\/turismo\/10\/30\/","og_site_name":"Algarve 7","article_publisher":"https:\/\/www.facebook.com\/algarve7","article_author":"https:\/\/www.facebook.com\/algarve7","article_published_time":"2025-03-14T10:30:00+00:00","og_image":[{"width":800,"height":500,"url":"https:\/\/algarve7.pt\/wp-content\/uploads\/2025\/03\/BTL-2025_Vila-Real-de-Santo-Antonio-marca-presenca-n-a-BTL-2025-1.jpg","type":"image\/jpeg"}],"author":"Algarve 7","twitter_card":"summary_large_image","twitter_creator":"@Algarvesete","twitter_site":"@Algarvesete","twitter_misc":{"Escrito por":"Algarve 7","Tempo estimado de leitura":"3 minutos"},"schema":{"@context":"https:\/\/schema.org","@graph":[{"@type":"Article","@id":"https:\/\/algarve7.pt\/index.php\/2025\/03\/vila-real-de-santo-antonio-apresenta-plano-estrategico-de-turismo-na-btl-2025\/turismo\/10\/30\/#article","isPartOf":{"@id":"https:\/\/algarve7.pt\/index.php\/2025\/03\/vila-real-de-santo-antonio-apresenta-plano-estrategico-de-turismo-na-btl-2025\/turismo\/10\/30\/"},"author":{"name":"Algarve 7","@id":"https:\/\/algarve7.pt\/#\/schema\/person\/23fa70681308e7b319a3204bcea45e0c"},"headline":"Vila Real de Santo Ant\u00f3nio apresenta Plano Estrat\u00e9gico de Turismo na BTL 2025","datePublished":"2025-03-14T10:30:00+00:00","mainEntityOfPage":{"@id":"https:\/\/algarve7.pt\/index.php\/2025\/03\/vila-real-de-santo-antonio-apresenta-plano-estrategico-de-turismo-na-btl-2025\/turismo\/10\/30\/"},"wordCount":555,"publisher":{"@id":"https:\/\/algarve7.pt\/#organization"},"image":{"@id":"https:\/\/algarve7.pt\/index.php\/2025\/03\/vila-real-de-santo-antonio-apresenta-plano-estrategico-de-turismo-na-btl-2025\/turismo\/10\/30\/#primaryimage"},"thumbnailUrl":"https:\/\/algarve7.pt\/wp-content\/uploads\/2025\/03\/BTL-2025_Vila-Real-de-Santo-Antonio-marca-presenca-n-a-BTL-2025-1.jpg","keywords":["Algarve","Turismo","Vila Real de St\u00ba Ant\u00f3nio"],"articleSection":["Turismo"],"inLanguage":"pt-PT"},{"@type":"WebPage","@id":"https:\/\/algarve7.pt\/index.php\/2025\/03\/vila-real-de-santo-antonio-apresenta-plano-estrategico-de-turismo-na-btl-2025\/turismo\/10\/30\/","url":"https:\/\/algarve7.pt\/index.php\/2025\/03\/vila-real-de-santo-antonio-apresenta-plano-estrategico-de-turismo-na-btl-2025\/turismo\/10\/30\/","name":"Vila Real de Santo Ant\u00f3nio apresenta Plano Estrat\u00e9gico de Turismo na BTL 2025 - Algarve 7","isPartOf":{"@id":"https:\/\/algarve7.pt\/#website"},"primaryImageOfPage":{"@id":"https:\/\/algarve7.pt\/index.php\/2025\/03\/vila-real-de-santo-antonio-apresenta-plano-estrategico-de-turismo-na-btl-2025\/turismo\/10\/30\/#primaryimage"},"image":{"@id":"https:\/\/algarve7.pt\/index.php\/2025\/03\/vila-real-de-santo-antonio-apresenta-plano-estrategico-de-turismo-na-btl-2025\/turismo\/10\/30\/#primaryimage"},"thumbnailUrl":"https:\/\/algarve7.pt\/wp-content\/uploads\/2025\/03\/BTL-2025_Vila-Real-de-Santo-Antonio-marca-presenca-n-a-BTL-2025-1.jpg","datePublished":"2025-03-14T10:30:00+00:00","description":"Vila Real de Santo Ant\u00f3nio apresenta Plano Estrat\u00e9gico de Turismo na BTL 2025 Turismo","breadcrumb":{"@id":"https:\/\/algarve7.pt\/index.php\/2025\/03\/vila-real-de-santo-antonio-apresenta-plano-estrategico-de-turismo-na-btl-2025\/turismo\/10\/30\/#breadcrumb"},"inLanguage":"pt-PT","potentialAction":[{"@type":"ReadAction","target":["https:\/\/algarve7.pt\/index.php\/2025\/03\/vila-real-de-santo-antonio-apresenta-plano-estrategico-de-turismo-na-btl-2025\/turismo\/10\/30\/"]}]},{"@type":"ImageObject","inLanguage":"pt-PT","@id":"https:\/\/algarve7.pt\/index.php\/2025\/03\/vila-real-de-santo-antonio-apresenta-plano-estrategico-de-turismo-na-btl-2025\/turismo\/10\/30\/#primaryimage","url":"https:\/\/algarve7.pt\/wp-content\/uploads\/2025\/03\/BTL-2025_Vila-Real-de-Santo-Antonio-marca-presenca-n-a-BTL-2025-1.jpg","contentUrl":"https:\/\/algarve7.pt\/wp-content\/uploads\/2025\/03\/BTL-2025_Vila-Real-de-Santo-Antonio-marca-presenca-n-a-BTL-2025-1.jpg","width":800,"height":500},{"@type":"BreadcrumbList","@id":"https:\/\/algarve7.pt\/index.php\/2025\/03\/vila-real-de-santo-antonio-apresenta-plano-estrategico-de-turismo-na-btl-2025\/turismo\/10\/30\/#breadcrumb","itemListElement":[{"@type":"ListItem","position":1,"name":"In\u00edcio","item":"https:\/\/algarve7.pt\/"},{"@type":"ListItem","position":2,"name":"Vila Real de Santo Ant\u00f3nio apresenta Plano Estrat\u00e9gico de Turismo na BTL 2025"}]},{"@type":"WebSite","@id":"https:\/\/algarve7.pt\/#website","url":"https:\/\/algarve7.pt\/","name":"Algarve 7","description":"Informa\u00e7\u00e3o sobre o Algarve","publisher":{"@id":"https:\/\/algarve7.pt\/#organization"},"potentialAction":[{"@type":"SearchAction","target":{"@type":"EntryPoint","urlTemplate":"https:\/\/algarve7.pt\/?s={search_term_string}"},"query-input":{"@type":"PropertyValueSpecification","valueRequired":true,"valueName":"search_term_string"}}],"inLanguage":"pt-PT"},{"@type":"Organization","@id":"https:\/\/algarve7.pt\/#organization","name":"Algarve 7","url":"https:\/\/algarve7.pt\/","logo":{"@type":"ImageObject","inLanguage":"pt-PT","@id":"https:\/\/algarve7.pt\/#\/schema\/logo\/image\/","url":"https:\/\/algarve7.pt\/wp-content\/uploads\/2020\/10\/Logo-8.jpg","contentUrl":"https:\/\/algarve7.pt\/wp-content\/uploads\/2020\/10\/Logo-8.jpg","width":1680,"height":1186,"caption":"Algarve 7"},"image":{"@id":"https:\/\/algarve7.pt\/#\/schema\/logo\/image\/"},"sameAs":["https:\/\/www.facebook.com\/algarve7","https:\/\/x.com\/Algarvesete","https:\/\/www.instagram.com\/jornalalgarve7\/","https:\/\/www.linkedin.com\/company\/algarve7","https:\/\/www.pinterest.pt\/geral0939\/_created\/"]},{"@type":"Person","@id":"https:\/\/algarve7.pt\/#\/schema\/person\/23fa70681308e7b319a3204bcea45e0c","name":"Algarve 7","sameAs":["https:\/\/algarve7.pt","https:\/\/www.facebook.com\/algarve7"],"url":"https:\/\/algarve7.pt\/index.php\/author\/geralalgarve7-pt\/"}]}},"jetpack_publicize_connections":[],"jetpack_featured_media_url":"https:\/\/algarve7.pt\/wp-content\/uploads\/2025\/03\/BTL-2025_Vila-Real-de-Santo-Antonio-marca-presenca-n-a-BTL-2025-1.jpg","jetpack_shortlink":"https:\/\/wp.me\/pcezmW-cyZ","jetpack_sharing_enabled":true,"_links":{"self":[{"href":"https:\/\/algarve7.pt\/index.php\/wp-json\/wp\/v2\/posts\/48297","targetHints":{"allow":["GET"]}}],"collection":[{"href":"https:\/\/algarve7.pt\/index.php\/wp-json\/wp\/v2\/posts"}],"about":[{"href":"https:\/\/algarve7.pt\/index.php\/wp-json\/wp\/v2\/types\/post"}],"author":[{"embeddable":true,"href":"https:\/\/algarve7.pt\/index.php\/wp-json\/wp\/v2\/users\/1"}],"replies":[{"embeddable":true,"href":"https:\/\/algarve7.pt\/index.php\/wp-json\/wp\/v2\/comments?post=48297"}],"version-history":[{"count":0,"href":"https:\/\/algarve7.pt\/index.php\/wp-json\/wp\/v2\/posts\/48297\/revisions"}],"wp:featuredmedia":[{"embeddable":true,"href":"https:\/\/algarve7.pt\/index.php\/wp-json\/wp\/v2\/media\/48298"}],"wp:attachment":[{"href":"https:\/\/algarve7.pt\/index.php\/wp-json\/wp\/v2\/media?parent=48297"}],"wp:term":[{"taxonomy":"category","embeddable":true,"href":"https:\/\/algarve7.pt\/index.php\/wp-json\/wp\/v2\/categories?post=48297"},{"taxonomy":"post_tag","embeddable":true,"href":"https:\/\/algarve7.pt\/index.php\/wp-json\/wp\/v2\/tags?post=48297"}],"curies":[{"name":"wp","href":"https:\/\/api.w.org\/{rel}","templated":true}]}}