{"id":48274,"date":"2025-03-12T13:52:45","date_gmt":"2025-03-12T13:52:45","guid":{"rendered":"https:\/\/algarve7.pt\/?p=48274"},"modified":"2025-03-12T13:52:47","modified_gmt":"2025-03-12T13:52:47","slug":"tetra-pak-e-sociedade-ponto-verde-lancam-nova-edicao-de-concurso-nacional-de-incentivo-a-reciclagem","status":"publish","type":"post","link":"https:\/\/algarve7.pt\/index.php\/2025\/03\/tetra-pak-e-sociedade-ponto-verde-lancam-nova-edicao-de-concurso-nacional-de-incentivo-a-reciclagem\/ambiente\/13\/52\/","title":{"rendered":"Tetra Pak e sociedade ponto verde lan\u00e7am nova edi\u00e7\u00e3o de concurso nacional de incentivo \u00e0 reciclagem"},"content":{"rendered":"\n<p>A\u00a0Tetra Pak, em parceria com a\u00a0Sociedade Ponto Verde\u00a0(SPV), regressa, este ano, com a terceira edi\u00e7\u00e3o do concurso \u201cMelhor Desempenho, Mais Reciclagem\u201d com o objetivo de incentivar a recolha para reciclagem de embalagens de cart\u00e3o para alimentos l\u00edquidos (ECAL), como por exemplo pacotes de leite ou sumos.\u00a0Os destinat\u00e1rios s\u00e3o os\u00a0Sistemas de Gest\u00e3o de Res\u00edduos Urbanos (SGRU), em Portugal Continental e Ilhas (Madeira e A\u00e7ores).<\/p>\n\n\n\n<p>O desempenho dos SGRU, em 2025, ser\u00e1 avaliado tendo em conta duas categorias \u2013 SGRU Continente e SGRU Ilhas. Para cada categoria ser\u00e3o atribu\u00eddos dois pr\u00e9mios, tendo em conta o maior aumento percentual de ECAL retomadas, face ao ano 2024, e a maior recolha&nbsp;<em>per capita,<\/em>&nbsp;em 2025.<\/p>\n\n\n\n<p>Cada um dos quatro SGRU premiados ir\u00e1 receber cinco mil euros. Este valor dever\u00e1&nbsp;ser investido em atividades que promovam o aumento da recolha de ECAL,&nbsp;como a realiza\u00e7\u00e3o de campanhas de comunica\u00e7\u00e3o e sensibiliza\u00e7\u00e3o ou a aquisi\u00e7\u00e3o de equipamento.&nbsp;<\/p>\n\n\n\n<p>Caso o mesmo SGRU ganhe nos dois crit\u00e9rios, os pr\u00e9mios n\u00e3o s\u00e3o cumulativos, sendo entregue \u00e0 segunda entidade que apresente os melhores n\u00fameros. Os resultados do concurso ser\u00e3o divulgados at\u00e9 ao final de fevereiro de 2026.<\/p>\n\n\n\n<p><strong>Ingrid Falc\u00e3o, Sustainability Manager da Tetra Pak<\/strong>, afirma:&nbsp;<em>\u201cMais uma vez, apelamos ao sentido de comunidade de todos, pois o trabalho dos SGRU depende do nosso esfor\u00e7o coletivo em reciclar mais as embalagens que usamos, diariamente, em casa, sejam de leite, natas, polpa de tomate ou vinho. Este concurso tem registado resultados consistentes de crescimento e, este ano, estamos de volta para premiar quatro entidades, o maior n\u00famero desde que lan\u00e7\u00e1mos a primeira edi\u00e7\u00e3o, em 2021\u201d.&nbsp;<\/em><\/p>\n\n\n\n<p><strong>Para Ana Trigo Morais, CEO da Sociedade Ponto Verde<\/strong>:&nbsp;<em>\u201cesta iniciativa com a Tetra Pak refor\u00e7a a colabora\u00e7\u00e3o entre a SPV e os nossos clientes e parceiros, nomeadamente os SGRU, um trabalho que \u00e9 essencial quando existe o objetivo de aumentarmos de forma significativa a recolha de recicl\u00e1veis no nosso pa\u00eds, designadamente de embalagens de cart\u00e3o para alimentos l\u00edquidos. Temos de continuar este caminho, mas tamb\u00e9m o investimento na proximidade \u00e0s comunidades locais, que tem de traduzir-se na presta\u00e7\u00e3o de um melhor n\u00edvel de servi\u00e7o aos cidad\u00e3os para que haja mais deposi\u00e7\u00e3o seletiva e posterior recolha de embalagens. S\u00f3 assim o pa\u00eds conseguir\u00e1 alcan\u00e7ar as metas que est\u00e3o definidas para esta \u00e1rea.\u201d<\/em><\/p>\n\n\n\n<p>O concurso \u201cMelhor Desempenho, Mais Reciclagem\u201d decorre at\u00e9 ao final de 2025. Aos SGRU n\u00e3o \u00e9 exigida qualquer inscri\u00e7\u00e3o.<\/p>\n","protected":false},"excerpt":{"rendered":"<p>A\u00a0Tetra Pak, em parceria com a\u00a0Sociedade Ponto Verde\u00a0(SPV), regressa, este ano, com a terceira edi\u00e7\u00e3o do concurso \u201cMelhor Desempenho, Mais<\/p>\n","protected":false},"author":1,"featured_media":48275,"comment_status":"closed","ping_status":"closed","sticky":false,"template":"","format":"standard","meta":{"colormag_page_container_layout":"default_layout","colormag_page_sidebar_layout":"default_layout","_monsterinsights_skip_tracking":false,"_monsterinsights_sitenote_active":false,"_monsterinsights_sitenote_note":"","_monsterinsights_sitenote_category":0,"jetpack_post_was_ever_published":false,"_jetpack_newsletter_access":"","_jetpack_dont_email_post_to_subs":false,"_jetpack_newsletter_tier_id":0,"_jetpack_memberships_contains_paywalled_content":false,"_jetpack_memberships_contains_paid_content":false,"footnotes":"","jetpack_publicize_message":"","jetpack_publicize_feature_enabled":true,"jetpack_social_post_already_shared":true,"jetpack_social_options":{"image_generator_settings":{"template":"highway","default_image_id":0,"font":"","enabled":false},"version":2}},"categories":[5],"tags":[32,98],"class_list":["post-48274","post","type-post","status-publish","format-standard","has-post-thumbnail","hentry","category-ambiente","tag-ambiente","tag-nacional"],"yoast_head":"<!-- This site is optimized with the Yoast SEO plugin v27.5 - https:\/\/yoast.com\/product\/yoast-seo-wordpress\/ -->\n<title>Tetra Pak e sociedade ponto verde lan\u00e7am nova edi\u00e7\u00e3o de concurso nacional de incentivo \u00e0 reciclagem - Algarve 7<\/title>\n<meta name=\"description\" content=\"Tetra Pak e sociedade ponto verde lan\u00e7am nova edi\u00e7\u00e3o de concurso nacional de incentivo \u00e0 reciclagem Ambiente\" \/>\n<meta name=\"robots\" content=\"index, follow, max-snippet:-1, max-image-preview:large, max-video-preview:-1\" \/>\n<link rel=\"canonical\" href=\"https:\/\/algarve7.pt\/index.php\/2025\/03\/tetra-pak-e-sociedade-ponto-verde-lancam-nova-edicao-de-concurso-nacional-de-incentivo-a-reciclagem\/ambiente\/13\/52\/\" \/>\n<meta property=\"og:locale\" content=\"pt_PT\" \/>\n<meta property=\"og:type\" content=\"article\" \/>\n<meta property=\"og:title\" content=\"Tetra Pak e sociedade ponto verde lan\u00e7am nova edi\u00e7\u00e3o de concurso nacional de incentivo \u00e0 reciclagem - Algarve 7\" \/>\n<meta property=\"og:description\" content=\"Tetra Pak e sociedade ponto verde lan\u00e7am nova edi\u00e7\u00e3o de concurso nacional de incentivo \u00e0 reciclagem Ambiente\" \/>\n<meta property=\"og:url\" content=\"https:\/\/algarve7.pt\/index.php\/2025\/03\/tetra-pak-e-sociedade-ponto-verde-lancam-nova-edicao-de-concurso-nacional-de-incentivo-a-reciclagem\/ambiente\/13\/52\/\" \/>\n<meta property=\"og:site_name\" content=\"Algarve 7\" \/>\n<meta property=\"article:publisher\" content=\"https:\/\/www.facebook.com\/algarve7\" \/>\n<meta property=\"article:author\" content=\"https:\/\/www.facebook.com\/algarve7\" \/>\n<meta property=\"article:published_time\" content=\"2025-03-12T13:52:45+00:00\" \/>\n<meta property=\"article:modified_time\" content=\"2025-03-12T13:52:47+00:00\" \/>\n<meta property=\"og:image\" content=\"https:\/\/algarve7.pt\/wp-content\/uploads\/2025\/03\/Captura-de-ecra-2025-03-12-as-13.48.42.png\" \/>\n\t<meta property=\"og:image:width\" content=\"800\" \/>\n\t<meta property=\"og:image:height\" content=\"500\" \/>\n\t<meta property=\"og:image:type\" content=\"image\/png\" \/>\n<meta name=\"author\" content=\"Algarve 7\" \/>\n<meta name=\"twitter:card\" content=\"summary_large_image\" \/>\n<meta name=\"twitter:creator\" content=\"@Algarvesete\" \/>\n<meta name=\"twitter:site\" content=\"@Algarvesete\" \/>\n<meta name=\"twitter:label1\" content=\"Escrito por\" \/>\n\t<meta name=\"twitter:data1\" content=\"Algarve 7\" \/>\n\t<meta name=\"twitter:label2\" content=\"Tempo estimado de leitura\" \/>\n\t<meta name=\"twitter:data2\" content=\"3 minutos\" \/>\n<script type=\"application\/ld+json\" class=\"yoast-schema-graph\">{\"@context\":\"https:\\\/\\\/schema.org\",\"@graph\":[{\"@type\":\"Article\",\"@id\":\"https:\\\/\\\/algarve7.pt\\\/index.php\\\/2025\\\/03\\\/tetra-pak-e-sociedade-ponto-verde-lancam-nova-edicao-de-concurso-nacional-de-incentivo-a-reciclagem\\\/ambiente\\\/13\\\/52\\\/#article\",\"isPartOf\":{\"@id\":\"https:\\\/\\\/algarve7.pt\\\/index.php\\\/2025\\\/03\\\/tetra-pak-e-sociedade-ponto-verde-lancam-nova-edicao-de-concurso-nacional-de-incentivo-a-reciclagem\\\/ambiente\\\/13\\\/52\\\/\"},\"author\":{\"name\":\"Algarve 7\",\"@id\":\"https:\\\/\\\/algarve7.pt\\\/#\\\/schema\\\/person\\\/23fa70681308e7b319a3204bcea45e0c\"},\"headline\":\"Tetra Pak e sociedade ponto verde lan\u00e7am nova edi\u00e7\u00e3o de concurso nacional de incentivo \u00e0 reciclagem\",\"datePublished\":\"2025-03-12T13:52:45+00:00\",\"dateModified\":\"2025-03-12T13:52:47+00:00\",\"mainEntityOfPage\":{\"@id\":\"https:\\\/\\\/algarve7.pt\\\/index.php\\\/2025\\\/03\\\/tetra-pak-e-sociedade-ponto-verde-lancam-nova-edicao-de-concurso-nacional-de-incentivo-a-reciclagem\\\/ambiente\\\/13\\\/52\\\/\"},\"wordCount\":457,\"publisher\":{\"@id\":\"https:\\\/\\\/algarve7.pt\\\/#organization\"},\"image\":{\"@id\":\"https:\\\/\\\/algarve7.pt\\\/index.php\\\/2025\\\/03\\\/tetra-pak-e-sociedade-ponto-verde-lancam-nova-edicao-de-concurso-nacional-de-incentivo-a-reciclagem\\\/ambiente\\\/13\\\/52\\\/#primaryimage\"},\"thumbnailUrl\":\"https:\\\/\\\/algarve7.pt\\\/wp-content\\\/uploads\\\/2025\\\/03\\\/Captura-de-ecra-2025-03-12-as-13.48.42.png\",\"keywords\":[\"Ambiente\",\"Nacional\"],\"articleSection\":[\"Ambiente\"],\"inLanguage\":\"pt-PT\"},{\"@type\":\"WebPage\",\"@id\":\"https:\\\/\\\/algarve7.pt\\\/index.php\\\/2025\\\/03\\\/tetra-pak-e-sociedade-ponto-verde-lancam-nova-edicao-de-concurso-nacional-de-incentivo-a-reciclagem\\\/ambiente\\\/13\\\/52\\\/\",\"url\":\"https:\\\/\\\/algarve7.pt\\\/index.php\\\/2025\\\/03\\\/tetra-pak-e-sociedade-ponto-verde-lancam-nova-edicao-de-concurso-nacional-de-incentivo-a-reciclagem\\\/ambiente\\\/13\\\/52\\\/\",\"name\":\"Tetra Pak e sociedade ponto verde lan\u00e7am nova edi\u00e7\u00e3o de concurso nacional de incentivo \u00e0 reciclagem - Algarve 7\",\"isPartOf\":{\"@id\":\"https:\\\/\\\/algarve7.pt\\\/#website\"},\"primaryImageOfPage\":{\"@id\":\"https:\\\/\\\/algarve7.pt\\\/index.php\\\/2025\\\/03\\\/tetra-pak-e-sociedade-ponto-verde-lancam-nova-edicao-de-concurso-nacional-de-incentivo-a-reciclagem\\\/ambiente\\\/13\\\/52\\\/#primaryimage\"},\"image\":{\"@id\":\"https:\\\/\\\/algarve7.pt\\\/index.php\\\/2025\\\/03\\\/tetra-pak-e-sociedade-ponto-verde-lancam-nova-edicao-de-concurso-nacional-de-incentivo-a-reciclagem\\\/ambiente\\\/13\\\/52\\\/#primaryimage\"},\"thumbnailUrl\":\"https:\\\/\\\/algarve7.pt\\\/wp-content\\\/uploads\\\/2025\\\/03\\\/Captura-de-ecra-2025-03-12-as-13.48.42.png\",\"datePublished\":\"2025-03-12T13:52:45+00:00\",\"dateModified\":\"2025-03-12T13:52:47+00:00\",\"description\":\"Tetra Pak e sociedade ponto verde lan\u00e7am nova edi\u00e7\u00e3o de concurso nacional de incentivo \u00e0 reciclagem Ambiente\",\"breadcrumb\":{\"@id\":\"https:\\\/\\\/algarve7.pt\\\/index.php\\\/2025\\\/03\\\/tetra-pak-e-sociedade-ponto-verde-lancam-nova-edicao-de-concurso-nacional-de-incentivo-a-reciclagem\\\/ambiente\\\/13\\\/52\\\/#breadcrumb\"},\"inLanguage\":\"pt-PT\",\"potentialAction\":[{\"@type\":\"ReadAction\",\"target\":[\"https:\\\/\\\/algarve7.pt\\\/index.php\\\/2025\\\/03\\\/tetra-pak-e-sociedade-ponto-verde-lancam-nova-edicao-de-concurso-nacional-de-incentivo-a-reciclagem\\\/ambiente\\\/13\\\/52\\\/\"]}]},{\"@type\":\"ImageObject\",\"inLanguage\":\"pt-PT\",\"@id\":\"https:\\\/\\\/algarve7.pt\\\/index.php\\\/2025\\\/03\\\/tetra-pak-e-sociedade-ponto-verde-lancam-nova-edicao-de-concurso-nacional-de-incentivo-a-reciclagem\\\/ambiente\\\/13\\\/52\\\/#primaryimage\",\"url\":\"https:\\\/\\\/algarve7.pt\\\/wp-content\\\/uploads\\\/2025\\\/03\\\/Captura-de-ecra-2025-03-12-as-13.48.42.png\",\"contentUrl\":\"https:\\\/\\\/algarve7.pt\\\/wp-content\\\/uploads\\\/2025\\\/03\\\/Captura-de-ecra-2025-03-12-as-13.48.42.png\",\"width\":800,\"height\":500},{\"@type\":\"BreadcrumbList\",\"@id\":\"https:\\\/\\\/algarve7.pt\\\/index.php\\\/2025\\\/03\\\/tetra-pak-e-sociedade-ponto-verde-lancam-nova-edicao-de-concurso-nacional-de-incentivo-a-reciclagem\\\/ambiente\\\/13\\\/52\\\/#breadcrumb\",\"itemListElement\":[{\"@type\":\"ListItem\",\"position\":1,\"name\":\"In\u00edcio\",\"item\":\"https:\\\/\\\/algarve7.pt\\\/\"},{\"@type\":\"ListItem\",\"position\":2,\"name\":\"Tetra Pak e sociedade ponto verde lan\u00e7am nova edi\u00e7\u00e3o de concurso nacional de incentivo \u00e0 reciclagem\"}]},{\"@type\":\"WebSite\",\"@id\":\"https:\\\/\\\/algarve7.pt\\\/#website\",\"url\":\"https:\\\/\\\/algarve7.pt\\\/\",\"name\":\"Algarve 7\",\"description\":\"Informa\u00e7\u00e3o sobre o Algarve\",\"publisher\":{\"@id\":\"https:\\\/\\\/algarve7.pt\\\/#organization\"},\"potentialAction\":[{\"@type\":\"SearchAction\",\"target\":{\"@type\":\"EntryPoint\",\"urlTemplate\":\"https:\\\/\\\/algarve7.pt\\\/?s={search_term_string}\"},\"query-input\":{\"@type\":\"PropertyValueSpecification\",\"valueRequired\":true,\"valueName\":\"search_term_string\"}}],\"inLanguage\":\"pt-PT\"},{\"@type\":\"Organization\",\"@id\":\"https:\\\/\\\/algarve7.pt\\\/#organization\",\"name\":\"Algarve 7\",\"url\":\"https:\\\/\\\/algarve7.pt\\\/\",\"logo\":{\"@type\":\"ImageObject\",\"inLanguage\":\"pt-PT\",\"@id\":\"https:\\\/\\\/algarve7.pt\\\/#\\\/schema\\\/logo\\\/image\\\/\",\"url\":\"https:\\\/\\\/algarve7.pt\\\/wp-content\\\/uploads\\\/2020\\\/10\\\/Logo-8.jpg\",\"contentUrl\":\"https:\\\/\\\/algarve7.pt\\\/wp-content\\\/uploads\\\/2020\\\/10\\\/Logo-8.jpg\",\"width\":1680,\"height\":1186,\"caption\":\"Algarve 7\"},\"image\":{\"@id\":\"https:\\\/\\\/algarve7.pt\\\/#\\\/schema\\\/logo\\\/image\\\/\"},\"sameAs\":[\"https:\\\/\\\/www.facebook.com\\\/algarve7\",\"https:\\\/\\\/x.com\\\/Algarvesete\",\"https:\\\/\\\/www.instagram.com\\\/jornalalgarve7\\\/\",\"https:\\\/\\\/www.linkedin.com\\\/company\\\/algarve7\",\"https:\\\/\\\/www.pinterest.pt\\\/geral0939\\\/_created\\\/\"]},{\"@type\":\"Person\",\"@id\":\"https:\\\/\\\/algarve7.pt\\\/#\\\/schema\\\/person\\\/23fa70681308e7b319a3204bcea45e0c\",\"name\":\"Algarve 7\",\"sameAs\":[\"https:\\\/\\\/algarve7.pt\",\"https:\\\/\\\/www.facebook.com\\\/algarve7\"],\"url\":\"https:\\\/\\\/algarve7.pt\\\/index.php\\\/author\\\/geralalgarve7-pt\\\/\"}]}<\/script>\n<!-- \/ Yoast SEO plugin. -->","yoast_head_json":{"title":"Tetra Pak e sociedade ponto verde lan\u00e7am nova edi\u00e7\u00e3o de concurso nacional de incentivo \u00e0 reciclagem - Algarve 7","description":"Tetra Pak e sociedade ponto verde lan\u00e7am nova edi\u00e7\u00e3o de concurso nacional de incentivo \u00e0 reciclagem Ambiente","robots":{"index":"index","follow":"follow","max-snippet":"max-snippet:-1","max-image-preview":"max-image-preview:large","max-video-preview":"max-video-preview:-1"},"canonical":"https:\/\/algarve7.pt\/index.php\/2025\/03\/tetra-pak-e-sociedade-ponto-verde-lancam-nova-edicao-de-concurso-nacional-de-incentivo-a-reciclagem\/ambiente\/13\/52\/","og_locale":"pt_PT","og_type":"article","og_title":"Tetra Pak e sociedade ponto verde lan\u00e7am nova edi\u00e7\u00e3o de concurso nacional de incentivo \u00e0 reciclagem - Algarve 7","og_description":"Tetra Pak e sociedade ponto verde lan\u00e7am nova edi\u00e7\u00e3o de concurso nacional de incentivo \u00e0 reciclagem Ambiente","og_url":"https:\/\/algarve7.pt\/index.php\/2025\/03\/tetra-pak-e-sociedade-ponto-verde-lancam-nova-edicao-de-concurso-nacional-de-incentivo-a-reciclagem\/ambiente\/13\/52\/","og_site_name":"Algarve 7","article_publisher":"https:\/\/www.facebook.com\/algarve7","article_author":"https:\/\/www.facebook.com\/algarve7","article_published_time":"2025-03-12T13:52:45+00:00","article_modified_time":"2025-03-12T13:52:47+00:00","og_image":[{"width":800,"height":500,"url":"https:\/\/algarve7.pt\/wp-content\/uploads\/2025\/03\/Captura-de-ecra-2025-03-12-as-13.48.42.png","type":"image\/png"}],"author":"Algarve 7","twitter_card":"summary_large_image","twitter_creator":"@Algarvesete","twitter_site":"@Algarvesete","twitter_misc":{"Escrito por":"Algarve 7","Tempo estimado de leitura":"3 minutos"},"schema":{"@context":"https:\/\/schema.org","@graph":[{"@type":"Article","@id":"https:\/\/algarve7.pt\/index.php\/2025\/03\/tetra-pak-e-sociedade-ponto-verde-lancam-nova-edicao-de-concurso-nacional-de-incentivo-a-reciclagem\/ambiente\/13\/52\/#article","isPartOf":{"@id":"https:\/\/algarve7.pt\/index.php\/2025\/03\/tetra-pak-e-sociedade-ponto-verde-lancam-nova-edicao-de-concurso-nacional-de-incentivo-a-reciclagem\/ambiente\/13\/52\/"},"author":{"name":"Algarve 7","@id":"https:\/\/algarve7.pt\/#\/schema\/person\/23fa70681308e7b319a3204bcea45e0c"},"headline":"Tetra Pak e sociedade ponto verde lan\u00e7am nova edi\u00e7\u00e3o de concurso nacional de incentivo \u00e0 reciclagem","datePublished":"2025-03-12T13:52:45+00:00","dateModified":"2025-03-12T13:52:47+00:00","mainEntityOfPage":{"@id":"https:\/\/algarve7.pt\/index.php\/2025\/03\/tetra-pak-e-sociedade-ponto-verde-lancam-nova-edicao-de-concurso-nacional-de-incentivo-a-reciclagem\/ambiente\/13\/52\/"},"wordCount":457,"publisher":{"@id":"https:\/\/algarve7.pt\/#organization"},"image":{"@id":"https:\/\/algarve7.pt\/index.php\/2025\/03\/tetra-pak-e-sociedade-ponto-verde-lancam-nova-edicao-de-concurso-nacional-de-incentivo-a-reciclagem\/ambiente\/13\/52\/#primaryimage"},"thumbnailUrl":"https:\/\/algarve7.pt\/wp-content\/uploads\/2025\/03\/Captura-de-ecra-2025-03-12-as-13.48.42.png","keywords":["Ambiente","Nacional"],"articleSection":["Ambiente"],"inLanguage":"pt-PT"},{"@type":"WebPage","@id":"https:\/\/algarve7.pt\/index.php\/2025\/03\/tetra-pak-e-sociedade-ponto-verde-lancam-nova-edicao-de-concurso-nacional-de-incentivo-a-reciclagem\/ambiente\/13\/52\/","url":"https:\/\/algarve7.pt\/index.php\/2025\/03\/tetra-pak-e-sociedade-ponto-verde-lancam-nova-edicao-de-concurso-nacional-de-incentivo-a-reciclagem\/ambiente\/13\/52\/","name":"Tetra Pak e sociedade ponto verde lan\u00e7am nova edi\u00e7\u00e3o de concurso nacional de incentivo \u00e0 reciclagem - Algarve 7","isPartOf":{"@id":"https:\/\/algarve7.pt\/#website"},"primaryImageOfPage":{"@id":"https:\/\/algarve7.pt\/index.php\/2025\/03\/tetra-pak-e-sociedade-ponto-verde-lancam-nova-edicao-de-concurso-nacional-de-incentivo-a-reciclagem\/ambiente\/13\/52\/#primaryimage"},"image":{"@id":"https:\/\/algarve7.pt\/index.php\/2025\/03\/tetra-pak-e-sociedade-ponto-verde-lancam-nova-edicao-de-concurso-nacional-de-incentivo-a-reciclagem\/ambiente\/13\/52\/#primaryimage"},"thumbnailUrl":"https:\/\/algarve7.pt\/wp-content\/uploads\/2025\/03\/Captura-de-ecra-2025-03-12-as-13.48.42.png","datePublished":"2025-03-12T13:52:45+00:00","dateModified":"2025-03-12T13:52:47+00:00","description":"Tetra Pak e sociedade ponto verde lan\u00e7am nova edi\u00e7\u00e3o de concurso nacional de incentivo \u00e0 reciclagem Ambiente","breadcrumb":{"@id":"https:\/\/algarve7.pt\/index.php\/2025\/03\/tetra-pak-e-sociedade-ponto-verde-lancam-nova-edicao-de-concurso-nacional-de-incentivo-a-reciclagem\/ambiente\/13\/52\/#breadcrumb"},"inLanguage":"pt-PT","potentialAction":[{"@type":"ReadAction","target":["https:\/\/algarve7.pt\/index.php\/2025\/03\/tetra-pak-e-sociedade-ponto-verde-lancam-nova-edicao-de-concurso-nacional-de-incentivo-a-reciclagem\/ambiente\/13\/52\/"]}]},{"@type":"ImageObject","inLanguage":"pt-PT","@id":"https:\/\/algarve7.pt\/index.php\/2025\/03\/tetra-pak-e-sociedade-ponto-verde-lancam-nova-edicao-de-concurso-nacional-de-incentivo-a-reciclagem\/ambiente\/13\/52\/#primaryimage","url":"https:\/\/algarve7.pt\/wp-content\/uploads\/2025\/03\/Captura-de-ecra-2025-03-12-as-13.48.42.png","contentUrl":"https:\/\/algarve7.pt\/wp-content\/uploads\/2025\/03\/Captura-de-ecra-2025-03-12-as-13.48.42.png","width":800,"height":500},{"@type":"BreadcrumbList","@id":"https:\/\/algarve7.pt\/index.php\/2025\/03\/tetra-pak-e-sociedade-ponto-verde-lancam-nova-edicao-de-concurso-nacional-de-incentivo-a-reciclagem\/ambiente\/13\/52\/#breadcrumb","itemListElement":[{"@type":"ListItem","position":1,"name":"In\u00edcio","item":"https:\/\/algarve7.pt\/"},{"@type":"ListItem","position":2,"name":"Tetra Pak e sociedade ponto verde lan\u00e7am nova edi\u00e7\u00e3o de concurso nacional de incentivo \u00e0 reciclagem"}]},{"@type":"WebSite","@id":"https:\/\/algarve7.pt\/#website","url":"https:\/\/algarve7.pt\/","name":"Algarve 7","description":"Informa\u00e7\u00e3o sobre o Algarve","publisher":{"@id":"https:\/\/algarve7.pt\/#organization"},"potentialAction":[{"@type":"SearchAction","target":{"@type":"EntryPoint","urlTemplate":"https:\/\/algarve7.pt\/?s={search_term_string}"},"query-input":{"@type":"PropertyValueSpecification","valueRequired":true,"valueName":"search_term_string"}}],"inLanguage":"pt-PT"},{"@type":"Organization","@id":"https:\/\/algarve7.pt\/#organization","name":"Algarve 7","url":"https:\/\/algarve7.pt\/","logo":{"@type":"ImageObject","inLanguage":"pt-PT","@id":"https:\/\/algarve7.pt\/#\/schema\/logo\/image\/","url":"https:\/\/algarve7.pt\/wp-content\/uploads\/2020\/10\/Logo-8.jpg","contentUrl":"https:\/\/algarve7.pt\/wp-content\/uploads\/2020\/10\/Logo-8.jpg","width":1680,"height":1186,"caption":"Algarve 7"},"image":{"@id":"https:\/\/algarve7.pt\/#\/schema\/logo\/image\/"},"sameAs":["https:\/\/www.facebook.com\/algarve7","https:\/\/x.com\/Algarvesete","https:\/\/www.instagram.com\/jornalalgarve7\/","https:\/\/www.linkedin.com\/company\/algarve7","https:\/\/www.pinterest.pt\/geral0939\/_created\/"]},{"@type":"Person","@id":"https:\/\/algarve7.pt\/#\/schema\/person\/23fa70681308e7b319a3204bcea45e0c","name":"Algarve 7","sameAs":["https:\/\/algarve7.pt","https:\/\/www.facebook.com\/algarve7"],"url":"https:\/\/algarve7.pt\/index.php\/author\/geralalgarve7-pt\/"}]}},"jetpack_publicize_connections":[],"jetpack_featured_media_url":"https:\/\/algarve7.pt\/wp-content\/uploads\/2025\/03\/Captura-de-ecra-2025-03-12-as-13.48.42.png","jetpack_shortlink":"https:\/\/wp.me\/pcezmW-cyC","jetpack_sharing_enabled":true,"_links":{"self":[{"href":"https:\/\/algarve7.pt\/index.php\/wp-json\/wp\/v2\/posts\/48274","targetHints":{"allow":["GET"]}}],"collection":[{"href":"https:\/\/algarve7.pt\/index.php\/wp-json\/wp\/v2\/posts"}],"about":[{"href":"https:\/\/algarve7.pt\/index.php\/wp-json\/wp\/v2\/types\/post"}],"author":[{"embeddable":true,"href":"https:\/\/algarve7.pt\/index.php\/wp-json\/wp\/v2\/users\/1"}],"replies":[{"embeddable":true,"href":"https:\/\/algarve7.pt\/index.php\/wp-json\/wp\/v2\/comments?post=48274"}],"version-history":[{"count":0,"href":"https:\/\/algarve7.pt\/index.php\/wp-json\/wp\/v2\/posts\/48274\/revisions"}],"wp:featuredmedia":[{"embeddable":true,"href":"https:\/\/algarve7.pt\/index.php\/wp-json\/wp\/v2\/media\/48275"}],"wp:attachment":[{"href":"https:\/\/algarve7.pt\/index.php\/wp-json\/wp\/v2\/media?parent=48274"}],"wp:term":[{"taxonomy":"category","embeddable":true,"href":"https:\/\/algarve7.pt\/index.php\/wp-json\/wp\/v2\/categories?post=48274"},{"taxonomy":"post_tag","embeddable":true,"href":"https:\/\/algarve7.pt\/index.php\/wp-json\/wp\/v2\/tags?post=48274"}],"curies":[{"name":"wp","href":"https:\/\/api.w.org\/{rel}","templated":true}]}}