{"id":48256,"date":"2025-03-12T10:00:00","date_gmt":"2025-03-12T10:00:00","guid":{"rendered":"https:\/\/algarve7.pt\/?p=48256"},"modified":"2025-03-12T09:15:50","modified_gmt":"2025-03-12T09:15:50","slug":"semana-da-leitura-de-tavira-leva-miudos-a-votos","status":"publish","type":"post","link":"https:\/\/algarve7.pt\/index.php\/2025\/03\/semana-da-leitura-de-tavira-leva-miudos-a-votos\/cultura\/10\/00\/","title":{"rendered":"Semana da Leitura de Tavira leva \u201cMi\u00fados a Votos\u201d"},"content":{"rendered":"\n<p>No \u00e2mbito da Semana da Leitura, a Rede de Bibliotecas Escolares anuncia, no dia 14 de mar\u00e7o, no programa da manh\u00e3, na R\u00e1dio Gil\u00e3o, o resultado dos livros mais votados no seguimento da iniciativa \u201cMi\u00fados a Votos\u201d.<\/p>\n\n\n\n<p>Organizada a n\u00edvel nacional pela Rede de Bibliotecas Escolares e pela Vis\u00e3o J\u00fanior, esta atividade chega, este ano, \u00e0 nona edi\u00e7\u00e3o.<\/p>\n\n\n\n<p>Este projeto permite que os alunos do 1.\u00ba ao 12.\u00ba ano de escolaridade escolham os seus livros favoritos, atrav\u00e9s da participa\u00e7\u00e3o de um processo eleitoral que simula as normas de uma elei\u00e7\u00e3o real. Deste modo, as crian\u00e7as e os jovens ter\u00e3o a oportunidade de escolher o livro que mais gostam, contribuindo para a forma\u00e7\u00e3o de uma comunidade leitora mais ativa e envolvida.<\/p>\n\n\n\n<p>A a\u00e7\u00e3o, em Tavira, ser\u00e1 uma possibilidade para celebrar a criatividade e o gosto pela leitura das crian\u00e7as do concelho, destacando os livros que mais marcaram os seus cora\u00e7\u00f5es, ao longo do seu percurso de vida.<\/p>\n\n\n\n<p>O an\u00fancio das obras vencedoras ser\u00e1 aguardado com grande expetativa, refletindo a diversidade de gostos e interesses de jovens leitores.&nbsp;&nbsp;<\/p>\n","protected":false},"excerpt":{"rendered":"<p>No \u00e2mbito da Semana da Leitura, a Rede de Bibliotecas Escolares anuncia, no dia 14 de mar\u00e7o, no programa da<\/p>\n","protected":false},"author":1,"featured_media":48257,"comment_status":"closed","ping_status":"closed","sticky":false,"template":"","format":"standard","meta":{"colormag_page_container_layout":"default_layout","colormag_page_sidebar_layout":"default_layout","_monsterinsights_skip_tracking":false,"_monsterinsights_sitenote_active":false,"_monsterinsights_sitenote_note":"","_monsterinsights_sitenote_category":0,"jetpack_post_was_ever_published":false,"_jetpack_newsletter_access":"","_jetpack_dont_email_post_to_subs":false,"_jetpack_newsletter_tier_id":0,"_jetpack_memberships_contains_paywalled_content":false,"_jetpack_memberships_contains_paid_content":false,"footnotes":"","jetpack_publicize_message":"","jetpack_publicize_feature_enabled":true,"jetpack_social_post_already_shared":true,"jetpack_social_options":{"image_generator_settings":{"template":"highway","default_image_id":0,"font":"","enabled":false},"version":2}},"categories":[14],"tags":[36,35,54],"class_list":["post-48256","post","type-post","status-publish","format-standard","has-post-thumbnail","hentry","category-cultura","tag-algarve","tag-cultura","tag-tavira"],"yoast_head":"<!-- This site is optimized with the Yoast SEO plugin v27.5 - https:\/\/yoast.com\/product\/yoast-seo-wordpress\/ -->\n<title>Semana da Leitura de Tavira leva \u201cMi\u00fados a Votos\u201d - Algarve 7<\/title>\n<meta name=\"description\" content=\"Semana da Leitura de Tavira leva \u201cMi\u00fados a Votos\u201d Cultura\" \/>\n<meta name=\"robots\" content=\"index, follow, max-snippet:-1, max-image-preview:large, max-video-preview:-1\" \/>\n<link rel=\"canonical\" href=\"https:\/\/algarve7.pt\/index.php\/2025\/03\/semana-da-leitura-de-tavira-leva-miudos-a-votos\/cultura\/10\/00\/\" \/>\n<meta property=\"og:locale\" content=\"pt_PT\" \/>\n<meta property=\"og:type\" content=\"article\" \/>\n<meta property=\"og:title\" content=\"Semana da Leitura de Tavira leva \u201cMi\u00fados a Votos\u201d - Algarve 7\" \/>\n<meta property=\"og:description\" content=\"Semana da Leitura de Tavira leva \u201cMi\u00fados a Votos\u201d Cultura\" \/>\n<meta property=\"og:url\" content=\"https:\/\/algarve7.pt\/index.php\/2025\/03\/semana-da-leitura-de-tavira-leva-miudos-a-votos\/cultura\/10\/00\/\" \/>\n<meta property=\"og:site_name\" content=\"Algarve 7\" \/>\n<meta property=\"article:publisher\" content=\"https:\/\/www.facebook.com\/algarve7\" \/>\n<meta property=\"article:author\" content=\"https:\/\/www.facebook.com\/algarve7\" \/>\n<meta property=\"article:published_time\" content=\"2025-03-12T10:00:00+00:00\" \/>\n<meta property=\"og:image\" content=\"https:\/\/algarve7.pt\/wp-content\/uploads\/2025\/03\/Captura-de-ecra-2025-03-12-as-09.12.36.png\" \/>\n\t<meta property=\"og:image:width\" content=\"800\" \/>\n\t<meta property=\"og:image:height\" content=\"500\" \/>\n\t<meta property=\"og:image:type\" content=\"image\/png\" \/>\n<meta name=\"author\" content=\"Algarve 7\" \/>\n<meta name=\"twitter:card\" content=\"summary_large_image\" \/>\n<meta name=\"twitter:creator\" content=\"@Algarvesete\" \/>\n<meta name=\"twitter:site\" content=\"@Algarvesete\" \/>\n<meta name=\"twitter:label1\" content=\"Escrito por\" \/>\n\t<meta name=\"twitter:data1\" content=\"Algarve 7\" \/>\n\t<meta name=\"twitter:label2\" content=\"Tempo estimado de leitura\" \/>\n\t<meta name=\"twitter:data2\" content=\"2 minutos\" \/>\n<script type=\"application\/ld+json\" class=\"yoast-schema-graph\">{\"@context\":\"https:\\\/\\\/schema.org\",\"@graph\":[{\"@type\":\"Article\",\"@id\":\"https:\\\/\\\/algarve7.pt\\\/index.php\\\/2025\\\/03\\\/semana-da-leitura-de-tavira-leva-miudos-a-votos\\\/cultura\\\/10\\\/00\\\/#article\",\"isPartOf\":{\"@id\":\"https:\\\/\\\/algarve7.pt\\\/index.php\\\/2025\\\/03\\\/semana-da-leitura-de-tavira-leva-miudos-a-votos\\\/cultura\\\/10\\\/00\\\/\"},\"author\":{\"name\":\"Algarve 7\",\"@id\":\"https:\\\/\\\/algarve7.pt\\\/#\\\/schema\\\/person\\\/23fa70681308e7b319a3204bcea45e0c\"},\"headline\":\"Semana da Leitura de Tavira leva \u201cMi\u00fados a Votos\u201d\",\"datePublished\":\"2025-03-12T10:00:00+00:00\",\"mainEntityOfPage\":{\"@id\":\"https:\\\/\\\/algarve7.pt\\\/index.php\\\/2025\\\/03\\\/semana-da-leitura-de-tavira-leva-miudos-a-votos\\\/cultura\\\/10\\\/00\\\/\"},\"wordCount\":202,\"publisher\":{\"@id\":\"https:\\\/\\\/algarve7.pt\\\/#organization\"},\"image\":{\"@id\":\"https:\\\/\\\/algarve7.pt\\\/index.php\\\/2025\\\/03\\\/semana-da-leitura-de-tavira-leva-miudos-a-votos\\\/cultura\\\/10\\\/00\\\/#primaryimage\"},\"thumbnailUrl\":\"https:\\\/\\\/algarve7.pt\\\/wp-content\\\/uploads\\\/2025\\\/03\\\/Captura-de-ecra-2025-03-12-as-09.12.36.png\",\"keywords\":[\"Algarve\",\"Cultura\",\"Tavira\"],\"articleSection\":[\"Cultura\"],\"inLanguage\":\"pt-PT\"},{\"@type\":\"WebPage\",\"@id\":\"https:\\\/\\\/algarve7.pt\\\/index.php\\\/2025\\\/03\\\/semana-da-leitura-de-tavira-leva-miudos-a-votos\\\/cultura\\\/10\\\/00\\\/\",\"url\":\"https:\\\/\\\/algarve7.pt\\\/index.php\\\/2025\\\/03\\\/semana-da-leitura-de-tavira-leva-miudos-a-votos\\\/cultura\\\/10\\\/00\\\/\",\"name\":\"Semana da Leitura de Tavira leva \u201cMi\u00fados a Votos\u201d - Algarve 7\",\"isPartOf\":{\"@id\":\"https:\\\/\\\/algarve7.pt\\\/#website\"},\"primaryImageOfPage\":{\"@id\":\"https:\\\/\\\/algarve7.pt\\\/index.php\\\/2025\\\/03\\\/semana-da-leitura-de-tavira-leva-miudos-a-votos\\\/cultura\\\/10\\\/00\\\/#primaryimage\"},\"image\":{\"@id\":\"https:\\\/\\\/algarve7.pt\\\/index.php\\\/2025\\\/03\\\/semana-da-leitura-de-tavira-leva-miudos-a-votos\\\/cultura\\\/10\\\/00\\\/#primaryimage\"},\"thumbnailUrl\":\"https:\\\/\\\/algarve7.pt\\\/wp-content\\\/uploads\\\/2025\\\/03\\\/Captura-de-ecra-2025-03-12-as-09.12.36.png\",\"datePublished\":\"2025-03-12T10:00:00+00:00\",\"description\":\"Semana da Leitura de Tavira leva \u201cMi\u00fados a Votos\u201d Cultura\",\"breadcrumb\":{\"@id\":\"https:\\\/\\\/algarve7.pt\\\/index.php\\\/2025\\\/03\\\/semana-da-leitura-de-tavira-leva-miudos-a-votos\\\/cultura\\\/10\\\/00\\\/#breadcrumb\"},\"inLanguage\":\"pt-PT\",\"potentialAction\":[{\"@type\":\"ReadAction\",\"target\":[\"https:\\\/\\\/algarve7.pt\\\/index.php\\\/2025\\\/03\\\/semana-da-leitura-de-tavira-leva-miudos-a-votos\\\/cultura\\\/10\\\/00\\\/\"]}]},{\"@type\":\"ImageObject\",\"inLanguage\":\"pt-PT\",\"@id\":\"https:\\\/\\\/algarve7.pt\\\/index.php\\\/2025\\\/03\\\/semana-da-leitura-de-tavira-leva-miudos-a-votos\\\/cultura\\\/10\\\/00\\\/#primaryimage\",\"url\":\"https:\\\/\\\/algarve7.pt\\\/wp-content\\\/uploads\\\/2025\\\/03\\\/Captura-de-ecra-2025-03-12-as-09.12.36.png\",\"contentUrl\":\"https:\\\/\\\/algarve7.pt\\\/wp-content\\\/uploads\\\/2025\\\/03\\\/Captura-de-ecra-2025-03-12-as-09.12.36.png\",\"width\":800,\"height\":500},{\"@type\":\"BreadcrumbList\",\"@id\":\"https:\\\/\\\/algarve7.pt\\\/index.php\\\/2025\\\/03\\\/semana-da-leitura-de-tavira-leva-miudos-a-votos\\\/cultura\\\/10\\\/00\\\/#breadcrumb\",\"itemListElement\":[{\"@type\":\"ListItem\",\"position\":1,\"name\":\"In\u00edcio\",\"item\":\"https:\\\/\\\/algarve7.pt\\\/\"},{\"@type\":\"ListItem\",\"position\":2,\"name\":\"Semana da Leitura de Tavira leva \u201cMi\u00fados a Votos\u201d\"}]},{\"@type\":\"WebSite\",\"@id\":\"https:\\\/\\\/algarve7.pt\\\/#website\",\"url\":\"https:\\\/\\\/algarve7.pt\\\/\",\"name\":\"Algarve 7\",\"description\":\"Informa\u00e7\u00e3o sobre o Algarve\",\"publisher\":{\"@id\":\"https:\\\/\\\/algarve7.pt\\\/#organization\"},\"potentialAction\":[{\"@type\":\"SearchAction\",\"target\":{\"@type\":\"EntryPoint\",\"urlTemplate\":\"https:\\\/\\\/algarve7.pt\\\/?s={search_term_string}\"},\"query-input\":{\"@type\":\"PropertyValueSpecification\",\"valueRequired\":true,\"valueName\":\"search_term_string\"}}],\"inLanguage\":\"pt-PT\"},{\"@type\":\"Organization\",\"@id\":\"https:\\\/\\\/algarve7.pt\\\/#organization\",\"name\":\"Algarve 7\",\"url\":\"https:\\\/\\\/algarve7.pt\\\/\",\"logo\":{\"@type\":\"ImageObject\",\"inLanguage\":\"pt-PT\",\"@id\":\"https:\\\/\\\/algarve7.pt\\\/#\\\/schema\\\/logo\\\/image\\\/\",\"url\":\"https:\\\/\\\/algarve7.pt\\\/wp-content\\\/uploads\\\/2020\\\/10\\\/Logo-8.jpg\",\"contentUrl\":\"https:\\\/\\\/algarve7.pt\\\/wp-content\\\/uploads\\\/2020\\\/10\\\/Logo-8.jpg\",\"width\":1680,\"height\":1186,\"caption\":\"Algarve 7\"},\"image\":{\"@id\":\"https:\\\/\\\/algarve7.pt\\\/#\\\/schema\\\/logo\\\/image\\\/\"},\"sameAs\":[\"https:\\\/\\\/www.facebook.com\\\/algarve7\",\"https:\\\/\\\/x.com\\\/Algarvesete\",\"https:\\\/\\\/www.instagram.com\\\/jornalalgarve7\\\/\",\"https:\\\/\\\/www.linkedin.com\\\/company\\\/algarve7\",\"https:\\\/\\\/www.pinterest.pt\\\/geral0939\\\/_created\\\/\"]},{\"@type\":\"Person\",\"@id\":\"https:\\\/\\\/algarve7.pt\\\/#\\\/schema\\\/person\\\/23fa70681308e7b319a3204bcea45e0c\",\"name\":\"Algarve 7\",\"sameAs\":[\"https:\\\/\\\/algarve7.pt\",\"https:\\\/\\\/www.facebook.com\\\/algarve7\"],\"url\":\"https:\\\/\\\/algarve7.pt\\\/index.php\\\/author\\\/geralalgarve7-pt\\\/\"}]}<\/script>\n<!-- \/ Yoast SEO plugin. -->","yoast_head_json":{"title":"Semana da Leitura de Tavira leva \u201cMi\u00fados a Votos\u201d - Algarve 7","description":"Semana da Leitura de Tavira leva \u201cMi\u00fados a Votos\u201d Cultura","robots":{"index":"index","follow":"follow","max-snippet":"max-snippet:-1","max-image-preview":"max-image-preview:large","max-video-preview":"max-video-preview:-1"},"canonical":"https:\/\/algarve7.pt\/index.php\/2025\/03\/semana-da-leitura-de-tavira-leva-miudos-a-votos\/cultura\/10\/00\/","og_locale":"pt_PT","og_type":"article","og_title":"Semana da Leitura de Tavira leva \u201cMi\u00fados a Votos\u201d - Algarve 7","og_description":"Semana da Leitura de Tavira leva \u201cMi\u00fados a Votos\u201d Cultura","og_url":"https:\/\/algarve7.pt\/index.php\/2025\/03\/semana-da-leitura-de-tavira-leva-miudos-a-votos\/cultura\/10\/00\/","og_site_name":"Algarve 7","article_publisher":"https:\/\/www.facebook.com\/algarve7","article_author":"https:\/\/www.facebook.com\/algarve7","article_published_time":"2025-03-12T10:00:00+00:00","og_image":[{"width":800,"height":500,"url":"https:\/\/algarve7.pt\/wp-content\/uploads\/2025\/03\/Captura-de-ecra-2025-03-12-as-09.12.36.png","type":"image\/png"}],"author":"Algarve 7","twitter_card":"summary_large_image","twitter_creator":"@Algarvesete","twitter_site":"@Algarvesete","twitter_misc":{"Escrito por":"Algarve 7","Tempo estimado de leitura":"2 minutos"},"schema":{"@context":"https:\/\/schema.org","@graph":[{"@type":"Article","@id":"https:\/\/algarve7.pt\/index.php\/2025\/03\/semana-da-leitura-de-tavira-leva-miudos-a-votos\/cultura\/10\/00\/#article","isPartOf":{"@id":"https:\/\/algarve7.pt\/index.php\/2025\/03\/semana-da-leitura-de-tavira-leva-miudos-a-votos\/cultura\/10\/00\/"},"author":{"name":"Algarve 7","@id":"https:\/\/algarve7.pt\/#\/schema\/person\/23fa70681308e7b319a3204bcea45e0c"},"headline":"Semana da Leitura de Tavira leva \u201cMi\u00fados a Votos\u201d","datePublished":"2025-03-12T10:00:00+00:00","mainEntityOfPage":{"@id":"https:\/\/algarve7.pt\/index.php\/2025\/03\/semana-da-leitura-de-tavira-leva-miudos-a-votos\/cultura\/10\/00\/"},"wordCount":202,"publisher":{"@id":"https:\/\/algarve7.pt\/#organization"},"image":{"@id":"https:\/\/algarve7.pt\/index.php\/2025\/03\/semana-da-leitura-de-tavira-leva-miudos-a-votos\/cultura\/10\/00\/#primaryimage"},"thumbnailUrl":"https:\/\/algarve7.pt\/wp-content\/uploads\/2025\/03\/Captura-de-ecra-2025-03-12-as-09.12.36.png","keywords":["Algarve","Cultura","Tavira"],"articleSection":["Cultura"],"inLanguage":"pt-PT"},{"@type":"WebPage","@id":"https:\/\/algarve7.pt\/index.php\/2025\/03\/semana-da-leitura-de-tavira-leva-miudos-a-votos\/cultura\/10\/00\/","url":"https:\/\/algarve7.pt\/index.php\/2025\/03\/semana-da-leitura-de-tavira-leva-miudos-a-votos\/cultura\/10\/00\/","name":"Semana da Leitura de Tavira leva \u201cMi\u00fados a Votos\u201d - Algarve 7","isPartOf":{"@id":"https:\/\/algarve7.pt\/#website"},"primaryImageOfPage":{"@id":"https:\/\/algarve7.pt\/index.php\/2025\/03\/semana-da-leitura-de-tavira-leva-miudos-a-votos\/cultura\/10\/00\/#primaryimage"},"image":{"@id":"https:\/\/algarve7.pt\/index.php\/2025\/03\/semana-da-leitura-de-tavira-leva-miudos-a-votos\/cultura\/10\/00\/#primaryimage"},"thumbnailUrl":"https:\/\/algarve7.pt\/wp-content\/uploads\/2025\/03\/Captura-de-ecra-2025-03-12-as-09.12.36.png","datePublished":"2025-03-12T10:00:00+00:00","description":"Semana da Leitura de Tavira leva \u201cMi\u00fados a Votos\u201d Cultura","breadcrumb":{"@id":"https:\/\/algarve7.pt\/index.php\/2025\/03\/semana-da-leitura-de-tavira-leva-miudos-a-votos\/cultura\/10\/00\/#breadcrumb"},"inLanguage":"pt-PT","potentialAction":[{"@type":"ReadAction","target":["https:\/\/algarve7.pt\/index.php\/2025\/03\/semana-da-leitura-de-tavira-leva-miudos-a-votos\/cultura\/10\/00\/"]}]},{"@type":"ImageObject","inLanguage":"pt-PT","@id":"https:\/\/algarve7.pt\/index.php\/2025\/03\/semana-da-leitura-de-tavira-leva-miudos-a-votos\/cultura\/10\/00\/#primaryimage","url":"https:\/\/algarve7.pt\/wp-content\/uploads\/2025\/03\/Captura-de-ecra-2025-03-12-as-09.12.36.png","contentUrl":"https:\/\/algarve7.pt\/wp-content\/uploads\/2025\/03\/Captura-de-ecra-2025-03-12-as-09.12.36.png","width":800,"height":500},{"@type":"BreadcrumbList","@id":"https:\/\/algarve7.pt\/index.php\/2025\/03\/semana-da-leitura-de-tavira-leva-miudos-a-votos\/cultura\/10\/00\/#breadcrumb","itemListElement":[{"@type":"ListItem","position":1,"name":"In\u00edcio","item":"https:\/\/algarve7.pt\/"},{"@type":"ListItem","position":2,"name":"Semana da Leitura de Tavira leva \u201cMi\u00fados a Votos\u201d"}]},{"@type":"WebSite","@id":"https:\/\/algarve7.pt\/#website","url":"https:\/\/algarve7.pt\/","name":"Algarve 7","description":"Informa\u00e7\u00e3o sobre o Algarve","publisher":{"@id":"https:\/\/algarve7.pt\/#organization"},"potentialAction":[{"@type":"SearchAction","target":{"@type":"EntryPoint","urlTemplate":"https:\/\/algarve7.pt\/?s={search_term_string}"},"query-input":{"@type":"PropertyValueSpecification","valueRequired":true,"valueName":"search_term_string"}}],"inLanguage":"pt-PT"},{"@type":"Organization","@id":"https:\/\/algarve7.pt\/#organization","name":"Algarve 7","url":"https:\/\/algarve7.pt\/","logo":{"@type":"ImageObject","inLanguage":"pt-PT","@id":"https:\/\/algarve7.pt\/#\/schema\/logo\/image\/","url":"https:\/\/algarve7.pt\/wp-content\/uploads\/2020\/10\/Logo-8.jpg","contentUrl":"https:\/\/algarve7.pt\/wp-content\/uploads\/2020\/10\/Logo-8.jpg","width":1680,"height":1186,"caption":"Algarve 7"},"image":{"@id":"https:\/\/algarve7.pt\/#\/schema\/logo\/image\/"},"sameAs":["https:\/\/www.facebook.com\/algarve7","https:\/\/x.com\/Algarvesete","https:\/\/www.instagram.com\/jornalalgarve7\/","https:\/\/www.linkedin.com\/company\/algarve7","https:\/\/www.pinterest.pt\/geral0939\/_created\/"]},{"@type":"Person","@id":"https:\/\/algarve7.pt\/#\/schema\/person\/23fa70681308e7b319a3204bcea45e0c","name":"Algarve 7","sameAs":["https:\/\/algarve7.pt","https:\/\/www.facebook.com\/algarve7"],"url":"https:\/\/algarve7.pt\/index.php\/author\/geralalgarve7-pt\/"}]}},"jetpack_publicize_connections":[],"jetpack_featured_media_url":"https:\/\/algarve7.pt\/wp-content\/uploads\/2025\/03\/Captura-de-ecra-2025-03-12-as-09.12.36.png","jetpack_shortlink":"https:\/\/wp.me\/pcezmW-cyk","jetpack_sharing_enabled":true,"_links":{"self":[{"href":"https:\/\/algarve7.pt\/index.php\/wp-json\/wp\/v2\/posts\/48256","targetHints":{"allow":["GET"]}}],"collection":[{"href":"https:\/\/algarve7.pt\/index.php\/wp-json\/wp\/v2\/posts"}],"about":[{"href":"https:\/\/algarve7.pt\/index.php\/wp-json\/wp\/v2\/types\/post"}],"author":[{"embeddable":true,"href":"https:\/\/algarve7.pt\/index.php\/wp-json\/wp\/v2\/users\/1"}],"replies":[{"embeddable":true,"href":"https:\/\/algarve7.pt\/index.php\/wp-json\/wp\/v2\/comments?post=48256"}],"version-history":[{"count":0,"href":"https:\/\/algarve7.pt\/index.php\/wp-json\/wp\/v2\/posts\/48256\/revisions"}],"wp:featuredmedia":[{"embeddable":true,"href":"https:\/\/algarve7.pt\/index.php\/wp-json\/wp\/v2\/media\/48257"}],"wp:attachment":[{"href":"https:\/\/algarve7.pt\/index.php\/wp-json\/wp\/v2\/media?parent=48256"}],"wp:term":[{"taxonomy":"category","embeddable":true,"href":"https:\/\/algarve7.pt\/index.php\/wp-json\/wp\/v2\/categories?post=48256"},{"taxonomy":"post_tag","embeddable":true,"href":"https:\/\/algarve7.pt\/index.php\/wp-json\/wp\/v2\/tags?post=48256"}],"curies":[{"name":"wp","href":"https:\/\/api.w.org\/{rel}","templated":true}]}}