{"id":4821,"date":"2020-12-21T21:00:00","date_gmt":"2020-12-21T21:00:00","guid":{"rendered":"https:\/\/algarve7.pt\/?p=4821"},"modified":"2020-12-21T17:58:07","modified_gmt":"2020-12-21T17:58:07","slug":"programa-operacional-do-algarve-apoia-programacao-cultural-em-rede-com-oitocentos-mil-euros","status":"publish","type":"post","link":"https:\/\/algarve7.pt\/index.php\/2020\/12\/programa-operacional-do-algarve-apoia-programacao-cultural-em-rede-com-oitocentos-mil-euros\/cultura\/21\/00\/","title":{"rendered":"Programa Operacional do Algarve apoia Programa\u00e7\u00e3o Cultural em Rede com oitocentos mil euros"},"content":{"rendered":"\n<p>Nos termos do\u00a0<a href=\"https:\/\/algarve2020.pt\/info\/aviso\/alg-14-2020-15\"><u>Aviso n.\u00ba <\/u><\/a><u><a href=\"https:\/\/algarve2020.pt\/info\/aviso\/alg-14-2020-15\" target=\"_blank\" rel=\"noreferrer noopener\">ALG<\/a><\/u><a href=\"https:\/\/algarve2020.pt\/info\/aviso\/alg-14-2020-15\"><u>-14-2020-15<\/u><\/a>, o Programa Operacional do Algarve aprovou a candidatura da Programa\u00e7\u00e3o Cultural em Rede, apresentada pela Comunidade Intermunicipal do Algarve, pela Dire\u00e7\u00e3o Regional de Cultura e pelos dezasseis munic\u00edpios, no valor global de 800.000 Euros, destinada ao financiamento\u00a0de eventos associados ao patrim\u00f3nio, \u00e0 cultura e a bens culturais, com impacte na regi\u00e3o, bem como a divulga\u00e7\u00e3o e integra\u00e7\u00e3o territorial, atrav\u00e9s de iniciativas de coopera\u00e7\u00e3o territorial e institucional que permitam integrar a programa\u00e7\u00e3o cultural, as visitas guiadas e a divulga\u00e7\u00e3o de equipamentos e bens culturais do Algarve.<\/p>\n\n\n\n<p>Visando especialmente eventos culturais ligados \u00e0 dinamiza\u00e7\u00e3o, promo\u00e7\u00e3o e desenvolvimento do patrim\u00f3nio material e imaterial, enquanto instrumento de diferencia\u00e7\u00e3o e competitividade dos territ\u00f3rios designadamente atrav\u00e9s da sua qualifica\u00e7\u00e3o e valoriza\u00e7\u00e3o tur\u00edstica, este apoio incentiva a coopera\u00e7\u00e3o, as parcerias e o trabalho em rede dos Munic\u00edpios, entidades privadas sem fins lucrativos e dos agentes culturais, estando previsto que as opera\u00e7\u00f5es tenham a dura\u00e7\u00e3o m\u00e1xima de 18 meses e beneficiem de uma taxa de cofinanciamento com natureza regressiva, sendo de 100% no primeiro ano e, caso a programa\u00e7\u00e3o seja continuada, de 95% no segundo ano da opera\u00e7\u00e3o.<\/p>\n\n\n\n<p>Desta forma, o Programa Operacional do Algarve contribui para apoiar os artistas locais de cada Munic\u00edpio, promovendo a realiza\u00e7\u00e3o de itiner\u00e2ncia dos setenta projetos inclu\u00eddos, sendo sessenta por cento deles apresentados ao ar livre.&nbsp;<\/p>\n\n\n\n<p>A generalidade dos eventos previstos realiza-se fora da denominada \u201c\u00e9poca alta do turismo de sol e mar, de forma a contrariar a sazonalidade do setor tur\u00edstico e melhorar a oferta cultural para a popula\u00e7\u00e3o residente em perman\u00eancia no Algarve, complementando uma estrat\u00e9gia de diversifica\u00e7\u00e3o da atividade econ\u00f3mica e de descentraliza\u00e7\u00e3o dos eventos culturais na regi\u00e3o, favorecendo as comunidades do barrocal e do interior serrano.<\/p>\n\n\n\n<p>Consulte\u00a0<strong><u><a href=\"https:\/\/algarve2020.pt\/info\/projetos-aprovados\" target=\"_blank\" rel=\"noreferrer noopener\">AQUI<\/a><\/u><\/strong>\u00a0este e outros projetos apoiados no \u00e2mbito do Programa Operacional do Algarve, com o apoio dos fundos da Uni\u00e3o Europeia.O Programa Operacional do Algarve \u00e9 dirigido por uma Comiss\u00e3o Diretiva liderada pelo presidente da CCDR ALGARVE, tendo como vogais o presidente da AMAL e um representante da Universidade do Algarve.<\/p>\n","protected":false},"excerpt":{"rendered":"<p>Nos termos do\u00a0Aviso n.\u00ba ALG-14-2020-15, o Programa Operacional do Algarve aprovou a candidatura da Programa\u00e7\u00e3o Cultural em Rede, apresentada pela<\/p>\n","protected":false},"author":1,"featured_media":2834,"comment_status":"closed","ping_status":"open","sticky":false,"template":"","format":"standard","meta":{"colormag_page_container_layout":"default_layout","colormag_page_sidebar_layout":"default_layout","_monsterinsights_skip_tracking":false,"_monsterinsights_sitenote_active":false,"_monsterinsights_sitenote_note":"","_monsterinsights_sitenote_category":0,"jetpack_post_was_ever_published":false,"_jetpack_newsletter_access":"","_jetpack_dont_email_post_to_subs":false,"_jetpack_newsletter_tier_id":0,"_jetpack_memberships_contains_paywalled_content":false,"_jetpack_memberships_contains_paid_content":false,"footnotes":"","jetpack_publicize_message":"","jetpack_publicize_feature_enabled":true,"jetpack_social_post_already_shared":true,"jetpack_social_options":{"image_generator_settings":{"template":"highway","default_image_id":0,"font":"","enabled":false},"version":2}},"categories":[14],"tags":[36,143,35],"class_list":["post-4821","post","type-post","status-publish","format-standard","has-post-thumbnail","hentry","category-cultura","tag-algarve","tag-ccdr-algarve","tag-cultura"],"yoast_head":"<!-- This site is optimized with the Yoast SEO plugin v27.5 - https:\/\/yoast.com\/product\/yoast-seo-wordpress\/ -->\n<title>Programa Operacional do Algarve apoia Programa\u00e7\u00e3o Cultural em Rede com oitocentos mil euros - Algarve 7<\/title>\n<meta name=\"description\" content=\"Programa Operacional do Algarve apoia Programa\u00e7\u00e3o Cultural em Rede com oitocentos mil euros Cultura\" \/>\n<meta name=\"robots\" content=\"index, follow, max-snippet:-1, max-image-preview:large, max-video-preview:-1\" \/>\n<link rel=\"canonical\" href=\"https:\/\/algarve7.pt\/index.php\/2020\/12\/programa-operacional-do-algarve-apoia-programacao-cultural-em-rede-com-oitocentos-mil-euros\/cultura\/21\/00\/\" \/>\n<meta property=\"og:locale\" content=\"pt_PT\" \/>\n<meta property=\"og:type\" content=\"article\" \/>\n<meta property=\"og:title\" content=\"Programa Operacional do Algarve apoia Programa\u00e7\u00e3o Cultural em Rede com oitocentos mil euros - Algarve 7\" \/>\n<meta property=\"og:description\" content=\"Programa Operacional do Algarve apoia Programa\u00e7\u00e3o Cultural em Rede com oitocentos mil euros Cultura\" \/>\n<meta property=\"og:url\" content=\"https:\/\/algarve7.pt\/index.php\/2020\/12\/programa-operacional-do-algarve-apoia-programacao-cultural-em-rede-com-oitocentos-mil-euros\/cultura\/21\/00\/\" \/>\n<meta property=\"og:site_name\" content=\"Algarve 7\" \/>\n<meta property=\"article:publisher\" content=\"https:\/\/www.facebook.com\/algarve7\" \/>\n<meta property=\"article:author\" content=\"https:\/\/www.facebook.com\/algarve7\" \/>\n<meta property=\"article:published_time\" content=\"2020-12-21T21:00:00+00:00\" \/>\n<meta property=\"og:image\" content=\"https:\/\/algarve7.pt\/wp-content\/uploads\/2020\/10\/Algarve2020_logo-1.jpg\" \/>\n\t<meta property=\"og:image:width\" content=\"1785\" \/>\n\t<meta property=\"og:image:height\" content=\"801\" \/>\n\t<meta property=\"og:image:type\" content=\"image\/jpeg\" \/>\n<meta name=\"author\" content=\"Algarve 7\" \/>\n<meta name=\"twitter:card\" content=\"summary_large_image\" \/>\n<meta name=\"twitter:creator\" content=\"@Algarvesete\" \/>\n<meta name=\"twitter:site\" content=\"@Algarvesete\" \/>\n<meta name=\"twitter:label1\" content=\"Escrito por\" \/>\n\t<meta name=\"twitter:data1\" content=\"Algarve 7\" \/>\n\t<meta name=\"twitter:label2\" content=\"Tempo estimado de leitura\" \/>\n\t<meta name=\"twitter:data2\" content=\"2 minutos\" \/>\n<script type=\"application\/ld+json\" class=\"yoast-schema-graph\">{\"@context\":\"https:\\\/\\\/schema.org\",\"@graph\":[{\"@type\":\"Article\",\"@id\":\"https:\\\/\\\/algarve7.pt\\\/index.php\\\/2020\\\/12\\\/programa-operacional-do-algarve-apoia-programacao-cultural-em-rede-com-oitocentos-mil-euros\\\/cultura\\\/21\\\/00\\\/#article\",\"isPartOf\":{\"@id\":\"https:\\\/\\\/algarve7.pt\\\/index.php\\\/2020\\\/12\\\/programa-operacional-do-algarve-apoia-programacao-cultural-em-rede-com-oitocentos-mil-euros\\\/cultura\\\/21\\\/00\\\/\"},\"author\":{\"name\":\"Algarve 7\",\"@id\":\"https:\\\/\\\/algarve7.pt\\\/#\\\/schema\\\/person\\\/23fa70681308e7b319a3204bcea45e0c\"},\"headline\":\"Programa Operacional do Algarve apoia Programa\u00e7\u00e3o Cultural em Rede com oitocentos mil euros\",\"datePublished\":\"2020-12-21T21:00:00+00:00\",\"mainEntityOfPage\":{\"@id\":\"https:\\\/\\\/algarve7.pt\\\/index.php\\\/2020\\\/12\\\/programa-operacional-do-algarve-apoia-programacao-cultural-em-rede-com-oitocentos-mil-euros\\\/cultura\\\/21\\\/00\\\/\"},\"wordCount\":390,\"publisher\":{\"@id\":\"https:\\\/\\\/algarve7.pt\\\/#organization\"},\"image\":{\"@id\":\"https:\\\/\\\/algarve7.pt\\\/index.php\\\/2020\\\/12\\\/programa-operacional-do-algarve-apoia-programacao-cultural-em-rede-com-oitocentos-mil-euros\\\/cultura\\\/21\\\/00\\\/#primaryimage\"},\"thumbnailUrl\":\"https:\\\/\\\/algarve7.pt\\\/wp-content\\\/uploads\\\/2020\\\/10\\\/Algarve2020_logo-1.jpg\",\"keywords\":[\"Algarve\",\"CCDR Algarve\",\"Cultura\"],\"articleSection\":[\"Cultura\"],\"inLanguage\":\"pt-PT\"},{\"@type\":\"WebPage\",\"@id\":\"https:\\\/\\\/algarve7.pt\\\/index.php\\\/2020\\\/12\\\/programa-operacional-do-algarve-apoia-programacao-cultural-em-rede-com-oitocentos-mil-euros\\\/cultura\\\/21\\\/00\\\/\",\"url\":\"https:\\\/\\\/algarve7.pt\\\/index.php\\\/2020\\\/12\\\/programa-operacional-do-algarve-apoia-programacao-cultural-em-rede-com-oitocentos-mil-euros\\\/cultura\\\/21\\\/00\\\/\",\"name\":\"Programa Operacional do Algarve apoia Programa\u00e7\u00e3o Cultural em Rede com oitocentos mil euros - Algarve 7\",\"isPartOf\":{\"@id\":\"https:\\\/\\\/algarve7.pt\\\/#website\"},\"primaryImageOfPage\":{\"@id\":\"https:\\\/\\\/algarve7.pt\\\/index.php\\\/2020\\\/12\\\/programa-operacional-do-algarve-apoia-programacao-cultural-em-rede-com-oitocentos-mil-euros\\\/cultura\\\/21\\\/00\\\/#primaryimage\"},\"image\":{\"@id\":\"https:\\\/\\\/algarve7.pt\\\/index.php\\\/2020\\\/12\\\/programa-operacional-do-algarve-apoia-programacao-cultural-em-rede-com-oitocentos-mil-euros\\\/cultura\\\/21\\\/00\\\/#primaryimage\"},\"thumbnailUrl\":\"https:\\\/\\\/algarve7.pt\\\/wp-content\\\/uploads\\\/2020\\\/10\\\/Algarve2020_logo-1.jpg\",\"datePublished\":\"2020-12-21T21:00:00+00:00\",\"description\":\"Programa Operacional do Algarve apoia Programa\u00e7\u00e3o Cultural em Rede com oitocentos mil euros Cultura\",\"breadcrumb\":{\"@id\":\"https:\\\/\\\/algarve7.pt\\\/index.php\\\/2020\\\/12\\\/programa-operacional-do-algarve-apoia-programacao-cultural-em-rede-com-oitocentos-mil-euros\\\/cultura\\\/21\\\/00\\\/#breadcrumb\"},\"inLanguage\":\"pt-PT\",\"potentialAction\":[{\"@type\":\"ReadAction\",\"target\":[\"https:\\\/\\\/algarve7.pt\\\/index.php\\\/2020\\\/12\\\/programa-operacional-do-algarve-apoia-programacao-cultural-em-rede-com-oitocentos-mil-euros\\\/cultura\\\/21\\\/00\\\/\"]}]},{\"@type\":\"ImageObject\",\"inLanguage\":\"pt-PT\",\"@id\":\"https:\\\/\\\/algarve7.pt\\\/index.php\\\/2020\\\/12\\\/programa-operacional-do-algarve-apoia-programacao-cultural-em-rede-com-oitocentos-mil-euros\\\/cultura\\\/21\\\/00\\\/#primaryimage\",\"url\":\"https:\\\/\\\/algarve7.pt\\\/wp-content\\\/uploads\\\/2020\\\/10\\\/Algarve2020_logo-1.jpg\",\"contentUrl\":\"https:\\\/\\\/algarve7.pt\\\/wp-content\\\/uploads\\\/2020\\\/10\\\/Algarve2020_logo-1.jpg\",\"width\":1785,\"height\":801},{\"@type\":\"BreadcrumbList\",\"@id\":\"https:\\\/\\\/algarve7.pt\\\/index.php\\\/2020\\\/12\\\/programa-operacional-do-algarve-apoia-programacao-cultural-em-rede-com-oitocentos-mil-euros\\\/cultura\\\/21\\\/00\\\/#breadcrumb\",\"itemListElement\":[{\"@type\":\"ListItem\",\"position\":1,\"name\":\"In\u00edcio\",\"item\":\"https:\\\/\\\/algarve7.pt\\\/\"},{\"@type\":\"ListItem\",\"position\":2,\"name\":\"Programa Operacional do Algarve apoia Programa\u00e7\u00e3o Cultural em Rede com oitocentos mil euros\"}]},{\"@type\":\"WebSite\",\"@id\":\"https:\\\/\\\/algarve7.pt\\\/#website\",\"url\":\"https:\\\/\\\/algarve7.pt\\\/\",\"name\":\"Algarve 7\",\"description\":\"Informa\u00e7\u00e3o sobre o Algarve\",\"publisher\":{\"@id\":\"https:\\\/\\\/algarve7.pt\\\/#organization\"},\"potentialAction\":[{\"@type\":\"SearchAction\",\"target\":{\"@type\":\"EntryPoint\",\"urlTemplate\":\"https:\\\/\\\/algarve7.pt\\\/?s={search_term_string}\"},\"query-input\":{\"@type\":\"PropertyValueSpecification\",\"valueRequired\":true,\"valueName\":\"search_term_string\"}}],\"inLanguage\":\"pt-PT\"},{\"@type\":\"Organization\",\"@id\":\"https:\\\/\\\/algarve7.pt\\\/#organization\",\"name\":\"Algarve 7\",\"url\":\"https:\\\/\\\/algarve7.pt\\\/\",\"logo\":{\"@type\":\"ImageObject\",\"inLanguage\":\"pt-PT\",\"@id\":\"https:\\\/\\\/algarve7.pt\\\/#\\\/schema\\\/logo\\\/image\\\/\",\"url\":\"https:\\\/\\\/algarve7.pt\\\/wp-content\\\/uploads\\\/2020\\\/10\\\/Logo-8.jpg\",\"contentUrl\":\"https:\\\/\\\/algarve7.pt\\\/wp-content\\\/uploads\\\/2020\\\/10\\\/Logo-8.jpg\",\"width\":1680,\"height\":1186,\"caption\":\"Algarve 7\"},\"image\":{\"@id\":\"https:\\\/\\\/algarve7.pt\\\/#\\\/schema\\\/logo\\\/image\\\/\"},\"sameAs\":[\"https:\\\/\\\/www.facebook.com\\\/algarve7\",\"https:\\\/\\\/x.com\\\/Algarvesete\",\"https:\\\/\\\/www.instagram.com\\\/jornalalgarve7\\\/\",\"https:\\\/\\\/www.linkedin.com\\\/company\\\/algarve7\",\"https:\\\/\\\/www.pinterest.pt\\\/geral0939\\\/_created\\\/\"]},{\"@type\":\"Person\",\"@id\":\"https:\\\/\\\/algarve7.pt\\\/#\\\/schema\\\/person\\\/23fa70681308e7b319a3204bcea45e0c\",\"name\":\"Algarve 7\",\"sameAs\":[\"https:\\\/\\\/algarve7.pt\",\"https:\\\/\\\/www.facebook.com\\\/algarve7\"],\"url\":\"https:\\\/\\\/algarve7.pt\\\/index.php\\\/author\\\/geralalgarve7-pt\\\/\"}]}<\/script>\n<!-- \/ Yoast SEO plugin. -->","yoast_head_json":{"title":"Programa Operacional do Algarve apoia Programa\u00e7\u00e3o Cultural em Rede com oitocentos mil euros - Algarve 7","description":"Programa Operacional do Algarve apoia Programa\u00e7\u00e3o Cultural em Rede com oitocentos mil euros Cultura","robots":{"index":"index","follow":"follow","max-snippet":"max-snippet:-1","max-image-preview":"max-image-preview:large","max-video-preview":"max-video-preview:-1"},"canonical":"https:\/\/algarve7.pt\/index.php\/2020\/12\/programa-operacional-do-algarve-apoia-programacao-cultural-em-rede-com-oitocentos-mil-euros\/cultura\/21\/00\/","og_locale":"pt_PT","og_type":"article","og_title":"Programa Operacional do Algarve apoia Programa\u00e7\u00e3o Cultural em Rede com oitocentos mil euros - Algarve 7","og_description":"Programa Operacional do Algarve apoia Programa\u00e7\u00e3o Cultural em Rede com oitocentos mil euros Cultura","og_url":"https:\/\/algarve7.pt\/index.php\/2020\/12\/programa-operacional-do-algarve-apoia-programacao-cultural-em-rede-com-oitocentos-mil-euros\/cultura\/21\/00\/","og_site_name":"Algarve 7","article_publisher":"https:\/\/www.facebook.com\/algarve7","article_author":"https:\/\/www.facebook.com\/algarve7","article_published_time":"2020-12-21T21:00:00+00:00","og_image":[{"width":1785,"height":801,"url":"https:\/\/algarve7.pt\/wp-content\/uploads\/2020\/10\/Algarve2020_logo-1.jpg","type":"image\/jpeg"}],"author":"Algarve 7","twitter_card":"summary_large_image","twitter_creator":"@Algarvesete","twitter_site":"@Algarvesete","twitter_misc":{"Escrito por":"Algarve 7","Tempo estimado de leitura":"2 minutos"},"schema":{"@context":"https:\/\/schema.org","@graph":[{"@type":"Article","@id":"https:\/\/algarve7.pt\/index.php\/2020\/12\/programa-operacional-do-algarve-apoia-programacao-cultural-em-rede-com-oitocentos-mil-euros\/cultura\/21\/00\/#article","isPartOf":{"@id":"https:\/\/algarve7.pt\/index.php\/2020\/12\/programa-operacional-do-algarve-apoia-programacao-cultural-em-rede-com-oitocentos-mil-euros\/cultura\/21\/00\/"},"author":{"name":"Algarve 7","@id":"https:\/\/algarve7.pt\/#\/schema\/person\/23fa70681308e7b319a3204bcea45e0c"},"headline":"Programa Operacional do Algarve apoia Programa\u00e7\u00e3o Cultural em Rede com oitocentos mil euros","datePublished":"2020-12-21T21:00:00+00:00","mainEntityOfPage":{"@id":"https:\/\/algarve7.pt\/index.php\/2020\/12\/programa-operacional-do-algarve-apoia-programacao-cultural-em-rede-com-oitocentos-mil-euros\/cultura\/21\/00\/"},"wordCount":390,"publisher":{"@id":"https:\/\/algarve7.pt\/#organization"},"image":{"@id":"https:\/\/algarve7.pt\/index.php\/2020\/12\/programa-operacional-do-algarve-apoia-programacao-cultural-em-rede-com-oitocentos-mil-euros\/cultura\/21\/00\/#primaryimage"},"thumbnailUrl":"https:\/\/algarve7.pt\/wp-content\/uploads\/2020\/10\/Algarve2020_logo-1.jpg","keywords":["Algarve","CCDR Algarve","Cultura"],"articleSection":["Cultura"],"inLanguage":"pt-PT"},{"@type":"WebPage","@id":"https:\/\/algarve7.pt\/index.php\/2020\/12\/programa-operacional-do-algarve-apoia-programacao-cultural-em-rede-com-oitocentos-mil-euros\/cultura\/21\/00\/","url":"https:\/\/algarve7.pt\/index.php\/2020\/12\/programa-operacional-do-algarve-apoia-programacao-cultural-em-rede-com-oitocentos-mil-euros\/cultura\/21\/00\/","name":"Programa Operacional do Algarve apoia Programa\u00e7\u00e3o Cultural em Rede com oitocentos mil euros - Algarve 7","isPartOf":{"@id":"https:\/\/algarve7.pt\/#website"},"primaryImageOfPage":{"@id":"https:\/\/algarve7.pt\/index.php\/2020\/12\/programa-operacional-do-algarve-apoia-programacao-cultural-em-rede-com-oitocentos-mil-euros\/cultura\/21\/00\/#primaryimage"},"image":{"@id":"https:\/\/algarve7.pt\/index.php\/2020\/12\/programa-operacional-do-algarve-apoia-programacao-cultural-em-rede-com-oitocentos-mil-euros\/cultura\/21\/00\/#primaryimage"},"thumbnailUrl":"https:\/\/algarve7.pt\/wp-content\/uploads\/2020\/10\/Algarve2020_logo-1.jpg","datePublished":"2020-12-21T21:00:00+00:00","description":"Programa Operacional do Algarve apoia Programa\u00e7\u00e3o Cultural em Rede com oitocentos mil euros Cultura","breadcrumb":{"@id":"https:\/\/algarve7.pt\/index.php\/2020\/12\/programa-operacional-do-algarve-apoia-programacao-cultural-em-rede-com-oitocentos-mil-euros\/cultura\/21\/00\/#breadcrumb"},"inLanguage":"pt-PT","potentialAction":[{"@type":"ReadAction","target":["https:\/\/algarve7.pt\/index.php\/2020\/12\/programa-operacional-do-algarve-apoia-programacao-cultural-em-rede-com-oitocentos-mil-euros\/cultura\/21\/00\/"]}]},{"@type":"ImageObject","inLanguage":"pt-PT","@id":"https:\/\/algarve7.pt\/index.php\/2020\/12\/programa-operacional-do-algarve-apoia-programacao-cultural-em-rede-com-oitocentos-mil-euros\/cultura\/21\/00\/#primaryimage","url":"https:\/\/algarve7.pt\/wp-content\/uploads\/2020\/10\/Algarve2020_logo-1.jpg","contentUrl":"https:\/\/algarve7.pt\/wp-content\/uploads\/2020\/10\/Algarve2020_logo-1.jpg","width":1785,"height":801},{"@type":"BreadcrumbList","@id":"https:\/\/algarve7.pt\/index.php\/2020\/12\/programa-operacional-do-algarve-apoia-programacao-cultural-em-rede-com-oitocentos-mil-euros\/cultura\/21\/00\/#breadcrumb","itemListElement":[{"@type":"ListItem","position":1,"name":"In\u00edcio","item":"https:\/\/algarve7.pt\/"},{"@type":"ListItem","position":2,"name":"Programa Operacional do Algarve apoia Programa\u00e7\u00e3o Cultural em Rede com oitocentos mil euros"}]},{"@type":"WebSite","@id":"https:\/\/algarve7.pt\/#website","url":"https:\/\/algarve7.pt\/","name":"Algarve 7","description":"Informa\u00e7\u00e3o sobre o Algarve","publisher":{"@id":"https:\/\/algarve7.pt\/#organization"},"potentialAction":[{"@type":"SearchAction","target":{"@type":"EntryPoint","urlTemplate":"https:\/\/algarve7.pt\/?s={search_term_string}"},"query-input":{"@type":"PropertyValueSpecification","valueRequired":true,"valueName":"search_term_string"}}],"inLanguage":"pt-PT"},{"@type":"Organization","@id":"https:\/\/algarve7.pt\/#organization","name":"Algarve 7","url":"https:\/\/algarve7.pt\/","logo":{"@type":"ImageObject","inLanguage":"pt-PT","@id":"https:\/\/algarve7.pt\/#\/schema\/logo\/image\/","url":"https:\/\/algarve7.pt\/wp-content\/uploads\/2020\/10\/Logo-8.jpg","contentUrl":"https:\/\/algarve7.pt\/wp-content\/uploads\/2020\/10\/Logo-8.jpg","width":1680,"height":1186,"caption":"Algarve 7"},"image":{"@id":"https:\/\/algarve7.pt\/#\/schema\/logo\/image\/"},"sameAs":["https:\/\/www.facebook.com\/algarve7","https:\/\/x.com\/Algarvesete","https:\/\/www.instagram.com\/jornalalgarve7\/","https:\/\/www.linkedin.com\/company\/algarve7","https:\/\/www.pinterest.pt\/geral0939\/_created\/"]},{"@type":"Person","@id":"https:\/\/algarve7.pt\/#\/schema\/person\/23fa70681308e7b319a3204bcea45e0c","name":"Algarve 7","sameAs":["https:\/\/algarve7.pt","https:\/\/www.facebook.com\/algarve7"],"url":"https:\/\/algarve7.pt\/index.php\/author\/geralalgarve7-pt\/"}]}},"jetpack_publicize_connections":[],"jetpack_featured_media_url":"https:\/\/algarve7.pt\/wp-content\/uploads\/2020\/10\/Algarve2020_logo-1.jpg","jetpack_shortlink":"https:\/\/wp.me\/pcezmW-1fL","jetpack_sharing_enabled":true,"_links":{"self":[{"href":"https:\/\/algarve7.pt\/index.php\/wp-json\/wp\/v2\/posts\/4821","targetHints":{"allow":["GET"]}}],"collection":[{"href":"https:\/\/algarve7.pt\/index.php\/wp-json\/wp\/v2\/posts"}],"about":[{"href":"https:\/\/algarve7.pt\/index.php\/wp-json\/wp\/v2\/types\/post"}],"author":[{"embeddable":true,"href":"https:\/\/algarve7.pt\/index.php\/wp-json\/wp\/v2\/users\/1"}],"replies":[{"embeddable":true,"href":"https:\/\/algarve7.pt\/index.php\/wp-json\/wp\/v2\/comments?post=4821"}],"version-history":[{"count":0,"href":"https:\/\/algarve7.pt\/index.php\/wp-json\/wp\/v2\/posts\/4821\/revisions"}],"wp:featuredmedia":[{"embeddable":true,"href":"https:\/\/algarve7.pt\/index.php\/wp-json\/wp\/v2\/media\/2834"}],"wp:attachment":[{"href":"https:\/\/algarve7.pt\/index.php\/wp-json\/wp\/v2\/media?parent=4821"}],"wp:term":[{"taxonomy":"category","embeddable":true,"href":"https:\/\/algarve7.pt\/index.php\/wp-json\/wp\/v2\/categories?post=4821"},{"taxonomy":"post_tag","embeddable":true,"href":"https:\/\/algarve7.pt\/index.php\/wp-json\/wp\/v2\/tags?post=4821"}],"curies":[{"name":"wp","href":"https:\/\/api.w.org\/{rel}","templated":true}]}}