{"id":48193,"date":"2025-03-11T09:15:00","date_gmt":"2025-03-11T09:15:00","guid":{"rendered":"https:\/\/algarve7.pt\/?p=48193"},"modified":"2025-03-10T18:40:31","modified_gmt":"2025-03-10T18:40:31","slug":"zero-quer-consulta-publica-agua-que-une-algumas-prioridades-certas-numa-estrategia-desequilibrada-entre-ambiente-e-agricultura","status":"publish","type":"post","link":"https:\/\/algarve7.pt\/index.php\/2025\/03\/zero-quer-consulta-publica-agua-que-une-algumas-prioridades-certas-numa-estrategia-desequilibrada-entre-ambiente-e-agricultura\/ambiente\/09\/15\/","title":{"rendered":"ZERO quer consulta p\u00fablica \u201c\u00c1gua que une\u201d \u2013 Algumas prioridades certas numa estrat\u00e9gia desequilibrada entre ambiente e agricultura"},"content":{"rendered":"\n<p>A ZERO \u2013 Associa\u00e7\u00e3o Sistema Terrestre Sustent\u00e1vel acompanhou a apresenta\u00e7\u00e3o da Estrat\u00e9gia Nacional \u201c\u00c1gua que Une\u201d, realizada ontem em Coimbra. A associa\u00e7\u00e3o alerta para a&nbsp;<strong>necessidade de conhecer em detalhe os fundamentos<\/strong>&nbsp;desta estrat\u00e9gia e defende que um tema de t\u00e3o elevada import\u00e2ncia&nbsp;<strong>exige um processo de consulta p\u00fablica alargado<\/strong>, permitindo \u00e0 sociedade civil pronunciar-se e contribuir para solu\u00e7\u00f5es mais equilibradas e sustent\u00e1veis. Por um lado,&nbsp;<strong>h\u00e1 v\u00e1rias prioridades<\/strong>&nbsp;com destaque para o aumento da efici\u00eancia h\u00eddrica e promo\u00e7\u00e3o do uso racional da \u00e1gua, a redu\u00e7\u00e3o das perdas de \u00e1gua nos sistemas de abastecimento p\u00fablico, agr\u00edcola, tur\u00edstica, industrial, ou a promo\u00e7\u00e3o da utiliza\u00e7\u00e3o de \u00e1gua residual tratada,<strong>&nbsp;que s\u00e3o de louvar<\/strong>. Por outro, a&nbsp;<strong>estrat\u00e9gia apresentada confirma uma duvidosa aposta no forte aumento da oferta de \u00e1gua para responder \u00e0quelas que t\u00eam sido as exig\u00eancias do setor agr\u00edcola<\/strong>, favorecendo a expans\u00e3o de um modelo intensivo e altamente consumidor de recursos h\u00eddricos<strong>. Este caminho ignora os desafios clim\u00e1ticos futuros e tem implica\u00e7\u00f5es ambientais, econ\u00f3micas e sociais graves<\/strong>, especialmente porque&nbsp;<strong>n\u00e3o assegura um equil\u00edbrio adequado entre a resposta que \u00e9 dada \u00e0s necessidades agr\u00edcolas e a resposta a vertentes fundamentais como a efici\u00eancia h\u00eddrica e a necessidade de preserva\u00e7\u00e3o dos ecossistemas.<\/strong><\/p>\n\n\n\n<p><strong>Investimento de 5 mil milh\u00f5es de euros exige uma defini\u00e7\u00e3o clara de prioridades e uma calendariza\u00e7\u00e3o detalhada<\/strong><\/p>\n\n\n\n<p>A implementa\u00e7\u00e3o desta estrat\u00e9gia implica um&nbsp;<strong>investimento extremamente avultado<\/strong>, na ordem dos 5 mil milh\u00f5es de euros, um montante que&nbsp;<strong>requer uma calendariza\u00e7\u00e3o detalhada dos investimentos previstos, em particular daqueles que s\u00e3o considerados priorit\u00e1rios, bem como a identifica\u00e7\u00e3o clara das respetivas fontes de financiamento.<\/strong><\/p>\n\n\n\n<p><strong>Um elemento fundamental a clarificar \u00e9 a corre\u00e7\u00e3o do valor da taxa de recursos h\u00eddricos pela agricultura, atualmente extremamente diminuto e inferior a 10% do total da receita, quando o usso corresponde a 70%.&nbsp;<\/strong><\/p>\n\n\n\n<p><strong>Sem um plano de a\u00e7\u00e3o bem definido, existe o risco de canalizar recursos p\u00fablicos para infraestruturas de utilidade duvidosa<\/strong>&nbsp;ou que, a longo prazo, n\u00e3o consigam responder eficazmente aos desafios colocados por situa\u00e7\u00f5es de seca e de escassez h\u00eddrica. A estrat\u00e9gia deve garantir que os investimentos s\u00e3o direcionados para solu\u00e7\u00f5es sustent\u00e1veis e adaptadas \u00e0s realidades clim\u00e1ticas do pa\u00eds.<\/p>\n\n\n\n<p><strong>Aposta em novas barragens ignora os riscos da redu\u00e7\u00e3o da disponibilidade h\u00eddrica<\/strong><\/p>\n\n\n\n<p>A estrat\u00e9gia do Governo assume que haver\u00e1 disponibilidade de \u00e1gua suficiente para encher novas barragens e abastecer as \u00e1reas de regadio associadas. No entanto, as previs\u00f5es clim\u00e1ticas indicam uma redu\u00e7\u00e3o progressiva da disponibilidade h\u00eddrica em v\u00e1rias bacias hidrogr\u00e1ficas do pa\u00eds, o que poder\u00e1 tornar insustent\u00e1vel a capta\u00e7\u00e3o de \u00e1gua, especialmente em per\u00edodos de seca prolongada.&nbsp;<strong>Mais ainda, o impacte ambiental de barragens \u00e9 enorme e esse \u00e9 um fator fundamental de decis\u00e3o.<\/strong><\/p>\n\n\n\n<p><strong>A constru\u00e7\u00e3o da barragem de Alportel, uma das infraestruturas previstas, pode n\u00e3o conseguir garantir os volumes de \u00e1gua esperados numa regi\u00e3o onde os n\u00edveis de precipita\u00e7\u00e3o n\u00e3o t\u00eam permitido recuperar os baixos n\u00edveis de armazenamento nas barragens j\u00e1 existentes.<\/strong>&nbsp;O risco de um investimento elevado resultar numa estrutura subaproveitada ou ineficaz n\u00e3o pode ser ignorado.<\/p>\n\n\n\n<p><strong>Estrat\u00e9gia perpetua um modelo agr\u00edcola intensivo que perpetua vulnerabilidades e ignora a necessidade de diversifica\u00e7\u00e3o<\/strong><\/p>\n\n\n\n<p>A&nbsp;<strong>estrat\u00e9gia ir\u00e1 perpetuar as atuais pol\u00edticas agr\u00edcolas que favorecem o desenvolvimento de um modelo agr\u00edcola baseado em culturas permanentes, para exporta\u00e7\u00e3o, de elevado consumo h\u00eddrico, negligenciando a necessidade de produ\u00e7\u00e3o de bens alimentares fundamentais para a soberania alimentar do pa\u00eds, nomeadamente uma aposta na produ\u00e7\u00e3o de leguminosas,<\/strong>&nbsp;que contribuiriam para a redu\u00e7\u00e3o da depend\u00eancia externa, para a melhoria da fertilidade dos solos e para a redu\u00e7\u00e3o do consumo de \u00e1gua, tornando o sistema agr\u00edcola mais resiliente e sustent\u00e1vel.&nbsp;<\/p>\n\n\n\n<p><strong>A ZERO apela ao Governo para que ap\u00f3s a consulta p\u00fablica haja uma reavalia\u00e7\u00e3o desta estrat\u00e9gia agora proposta que ser\u00e1 integrada no pr\u00f3ximo Plano Nacional da \u00c1gua<\/strong>, garantindo que a gest\u00e3o da \u00e1gua seja feita de forma respons\u00e1vel, equilibrada e com foco na sustentabilidade a longo prazo, protegendo os recursos h\u00eddricos e assegurando um futuro mais resiliente para a agricultura.<\/p>\n\n\n\n<p>Fonte: Zero<\/p>\n","protected":false},"excerpt":{"rendered":"<p>A ZERO \u2013 Associa\u00e7\u00e3o Sistema Terrestre Sustent\u00e1vel acompanhou a apresenta\u00e7\u00e3o da Estrat\u00e9gia Nacional \u201c\u00c1gua que Une\u201d, realizada ontem em Coimbra.<\/p>\n","protected":false},"author":1,"featured_media":15489,"comment_status":"closed","ping_status":"closed","sticky":false,"template":"","format":"standard","meta":{"colormag_page_container_layout":"default_layout","colormag_page_sidebar_layout":"default_layout","_monsterinsights_skip_tracking":false,"_monsterinsights_sitenote_active":false,"_monsterinsights_sitenote_note":"","_monsterinsights_sitenote_category":0,"jetpack_post_was_ever_published":false,"_jetpack_newsletter_access":"","_jetpack_dont_email_post_to_subs":false,"_jetpack_newsletter_tier_id":0,"_jetpack_memberships_contains_paywalled_content":false,"_jetpack_memberships_contains_paid_content":false,"footnotes":"","jetpack_publicize_message":"","jetpack_publicize_feature_enabled":true,"jetpack_social_post_already_shared":true,"jetpack_social_options":{"image_generator_settings":{"template":"highway","default_image_id":0,"font":"","enabled":false},"version":2}},"categories":[5],"tags":[36,32,220],"class_list":["post-48193","post","type-post","status-publish","format-standard","has-post-thumbnail","hentry","category-ambiente","tag-algarve","tag-ambiente","tag-zero"],"yoast_head":"<!-- This site is optimized with the Yoast SEO plugin v27.5 - https:\/\/yoast.com\/product\/yoast-seo-wordpress\/ -->\n<title>ZERO quer consulta p\u00fablica \u201c\u00c1gua que une\u201d \u2013 Algumas prioridades certas numa estrat\u00e9gia desequilibrada entre ambiente e agricultura - Algarve 7<\/title>\n<meta name=\"description\" content=\"ZERO quer consulta p\u00fablica \u201c\u00c1gua que une\u201d \u2013 Algumas prioridades certas numa estrat\u00e9gia desequilibrada entre ambiente e agricultura Ambiente\" \/>\n<meta name=\"robots\" content=\"index, follow, max-snippet:-1, max-image-preview:large, max-video-preview:-1\" \/>\n<link rel=\"canonical\" href=\"https:\/\/algarve7.pt\/index.php\/2025\/03\/zero-quer-consulta-publica-agua-que-une-algumas-prioridades-certas-numa-estrategia-desequilibrada-entre-ambiente-e-agricultura\/ambiente\/09\/15\/\" \/>\n<meta property=\"og:locale\" content=\"pt_PT\" \/>\n<meta property=\"og:type\" content=\"article\" \/>\n<meta property=\"og:title\" content=\"ZERO quer consulta p\u00fablica \u201c\u00c1gua que une\u201d \u2013 Algumas prioridades certas numa estrat\u00e9gia desequilibrada entre ambiente e agricultura - Algarve 7\" \/>\n<meta property=\"og:description\" content=\"ZERO quer consulta p\u00fablica \u201c\u00c1gua que une\u201d \u2013 Algumas prioridades certas numa estrat\u00e9gia desequilibrada entre ambiente e agricultura Ambiente\" \/>\n<meta property=\"og:url\" content=\"https:\/\/algarve7.pt\/index.php\/2025\/03\/zero-quer-consulta-publica-agua-que-une-algumas-prioridades-certas-numa-estrategia-desequilibrada-entre-ambiente-e-agricultura\/ambiente\/09\/15\/\" \/>\n<meta property=\"og:site_name\" content=\"Algarve 7\" \/>\n<meta property=\"article:publisher\" content=\"https:\/\/www.facebook.com\/algarve7\" \/>\n<meta property=\"article:author\" content=\"https:\/\/www.facebook.com\/algarve7\" \/>\n<meta property=\"article:published_time\" content=\"2025-03-11T09:15:00+00:00\" \/>\n<meta property=\"og:image\" content=\"https:\/\/algarve7.pt\/wp-content\/uploads\/2022\/02\/Barragem-de-Odeleite-Fev-2022.jpg\" \/>\n\t<meta property=\"og:image:width\" content=\"1456\" \/>\n\t<meta property=\"og:image:height\" content=\"971\" \/>\n\t<meta property=\"og:image:type\" content=\"image\/jpeg\" \/>\n<meta name=\"author\" content=\"Algarve 7\" \/>\n<meta name=\"twitter:card\" content=\"summary_large_image\" \/>\n<meta name=\"twitter:creator\" content=\"@Algarvesete\" \/>\n<meta name=\"twitter:site\" content=\"@Algarvesete\" \/>\n<meta name=\"twitter:label1\" content=\"Escrito por\" \/>\n\t<meta name=\"twitter:data1\" content=\"Algarve 7\" \/>\n\t<meta name=\"twitter:label2\" content=\"Tempo estimado de leitura\" \/>\n\t<meta name=\"twitter:data2\" content=\"4 minutos\" \/>\n<script type=\"application\/ld+json\" class=\"yoast-schema-graph\">{\"@context\":\"https:\\\/\\\/schema.org\",\"@graph\":[{\"@type\":\"Article\",\"@id\":\"https:\\\/\\\/algarve7.pt\\\/index.php\\\/2025\\\/03\\\/zero-quer-consulta-publica-agua-que-une-algumas-prioridades-certas-numa-estrategia-desequilibrada-entre-ambiente-e-agricultura\\\/ambiente\\\/09\\\/15\\\/#article\",\"isPartOf\":{\"@id\":\"https:\\\/\\\/algarve7.pt\\\/index.php\\\/2025\\\/03\\\/zero-quer-consulta-publica-agua-que-une-algumas-prioridades-certas-numa-estrategia-desequilibrada-entre-ambiente-e-agricultura\\\/ambiente\\\/09\\\/15\\\/\"},\"author\":{\"name\":\"Algarve 7\",\"@id\":\"https:\\\/\\\/algarve7.pt\\\/#\\\/schema\\\/person\\\/23fa70681308e7b319a3204bcea45e0c\"},\"headline\":\"ZERO quer consulta p\u00fablica \u201c\u00c1gua que une\u201d \u2013 Algumas prioridades certas numa estrat\u00e9gia desequilibrada entre ambiente e agricultura\",\"datePublished\":\"2025-03-11T09:15:00+00:00\",\"mainEntityOfPage\":{\"@id\":\"https:\\\/\\\/algarve7.pt\\\/index.php\\\/2025\\\/03\\\/zero-quer-consulta-publica-agua-que-une-algumas-prioridades-certas-numa-estrategia-desequilibrada-entre-ambiente-e-agricultura\\\/ambiente\\\/09\\\/15\\\/\"},\"wordCount\":781,\"publisher\":{\"@id\":\"https:\\\/\\\/algarve7.pt\\\/#organization\"},\"image\":{\"@id\":\"https:\\\/\\\/algarve7.pt\\\/index.php\\\/2025\\\/03\\\/zero-quer-consulta-publica-agua-que-une-algumas-prioridades-certas-numa-estrategia-desequilibrada-entre-ambiente-e-agricultura\\\/ambiente\\\/09\\\/15\\\/#primaryimage\"},\"thumbnailUrl\":\"https:\\\/\\\/algarve7.pt\\\/wp-content\\\/uploads\\\/2022\\\/02\\\/Barragem-de-Odeleite-Fev-2022.jpg\",\"keywords\":[\"Algarve\",\"Ambiente\",\"ZERO\"],\"articleSection\":[\"Ambiente\"],\"inLanguage\":\"pt-PT\"},{\"@type\":\"WebPage\",\"@id\":\"https:\\\/\\\/algarve7.pt\\\/index.php\\\/2025\\\/03\\\/zero-quer-consulta-publica-agua-que-une-algumas-prioridades-certas-numa-estrategia-desequilibrada-entre-ambiente-e-agricultura\\\/ambiente\\\/09\\\/15\\\/\",\"url\":\"https:\\\/\\\/algarve7.pt\\\/index.php\\\/2025\\\/03\\\/zero-quer-consulta-publica-agua-que-une-algumas-prioridades-certas-numa-estrategia-desequilibrada-entre-ambiente-e-agricultura\\\/ambiente\\\/09\\\/15\\\/\",\"name\":\"ZERO quer consulta p\u00fablica \u201c\u00c1gua que une\u201d \u2013 Algumas prioridades certas numa estrat\u00e9gia desequilibrada entre ambiente e agricultura - Algarve 7\",\"isPartOf\":{\"@id\":\"https:\\\/\\\/algarve7.pt\\\/#website\"},\"primaryImageOfPage\":{\"@id\":\"https:\\\/\\\/algarve7.pt\\\/index.php\\\/2025\\\/03\\\/zero-quer-consulta-publica-agua-que-une-algumas-prioridades-certas-numa-estrategia-desequilibrada-entre-ambiente-e-agricultura\\\/ambiente\\\/09\\\/15\\\/#primaryimage\"},\"image\":{\"@id\":\"https:\\\/\\\/algarve7.pt\\\/index.php\\\/2025\\\/03\\\/zero-quer-consulta-publica-agua-que-une-algumas-prioridades-certas-numa-estrategia-desequilibrada-entre-ambiente-e-agricultura\\\/ambiente\\\/09\\\/15\\\/#primaryimage\"},\"thumbnailUrl\":\"https:\\\/\\\/algarve7.pt\\\/wp-content\\\/uploads\\\/2022\\\/02\\\/Barragem-de-Odeleite-Fev-2022.jpg\",\"datePublished\":\"2025-03-11T09:15:00+00:00\",\"description\":\"ZERO quer consulta p\u00fablica \u201c\u00c1gua que une\u201d \u2013 Algumas prioridades certas numa estrat\u00e9gia desequilibrada entre ambiente e agricultura Ambiente\",\"breadcrumb\":{\"@id\":\"https:\\\/\\\/algarve7.pt\\\/index.php\\\/2025\\\/03\\\/zero-quer-consulta-publica-agua-que-une-algumas-prioridades-certas-numa-estrategia-desequilibrada-entre-ambiente-e-agricultura\\\/ambiente\\\/09\\\/15\\\/#breadcrumb\"},\"inLanguage\":\"pt-PT\",\"potentialAction\":[{\"@type\":\"ReadAction\",\"target\":[\"https:\\\/\\\/algarve7.pt\\\/index.php\\\/2025\\\/03\\\/zero-quer-consulta-publica-agua-que-une-algumas-prioridades-certas-numa-estrategia-desequilibrada-entre-ambiente-e-agricultura\\\/ambiente\\\/09\\\/15\\\/\"]}]},{\"@type\":\"ImageObject\",\"inLanguage\":\"pt-PT\",\"@id\":\"https:\\\/\\\/algarve7.pt\\\/index.php\\\/2025\\\/03\\\/zero-quer-consulta-publica-agua-que-une-algumas-prioridades-certas-numa-estrategia-desequilibrada-entre-ambiente-e-agricultura\\\/ambiente\\\/09\\\/15\\\/#primaryimage\",\"url\":\"https:\\\/\\\/algarve7.pt\\\/wp-content\\\/uploads\\\/2022\\\/02\\\/Barragem-de-Odeleite-Fev-2022.jpg\",\"contentUrl\":\"https:\\\/\\\/algarve7.pt\\\/wp-content\\\/uploads\\\/2022\\\/02\\\/Barragem-de-Odeleite-Fev-2022.jpg\",\"width\":1456,\"height\":971},{\"@type\":\"BreadcrumbList\",\"@id\":\"https:\\\/\\\/algarve7.pt\\\/index.php\\\/2025\\\/03\\\/zero-quer-consulta-publica-agua-que-une-algumas-prioridades-certas-numa-estrategia-desequilibrada-entre-ambiente-e-agricultura\\\/ambiente\\\/09\\\/15\\\/#breadcrumb\",\"itemListElement\":[{\"@type\":\"ListItem\",\"position\":1,\"name\":\"In\u00edcio\",\"item\":\"https:\\\/\\\/algarve7.pt\\\/\"},{\"@type\":\"ListItem\",\"position\":2,\"name\":\"ZERO quer consulta p\u00fablica \u201c\u00c1gua que une\u201d \u2013 Algumas prioridades certas numa estrat\u00e9gia desequilibrada entre ambiente e agricultura\"}]},{\"@type\":\"WebSite\",\"@id\":\"https:\\\/\\\/algarve7.pt\\\/#website\",\"url\":\"https:\\\/\\\/algarve7.pt\\\/\",\"name\":\"Algarve 7\",\"description\":\"Informa\u00e7\u00e3o sobre o Algarve\",\"publisher\":{\"@id\":\"https:\\\/\\\/algarve7.pt\\\/#organization\"},\"potentialAction\":[{\"@type\":\"SearchAction\",\"target\":{\"@type\":\"EntryPoint\",\"urlTemplate\":\"https:\\\/\\\/algarve7.pt\\\/?s={search_term_string}\"},\"query-input\":{\"@type\":\"PropertyValueSpecification\",\"valueRequired\":true,\"valueName\":\"search_term_string\"}}],\"inLanguage\":\"pt-PT\"},{\"@type\":\"Organization\",\"@id\":\"https:\\\/\\\/algarve7.pt\\\/#organization\",\"name\":\"Algarve 7\",\"url\":\"https:\\\/\\\/algarve7.pt\\\/\",\"logo\":{\"@type\":\"ImageObject\",\"inLanguage\":\"pt-PT\",\"@id\":\"https:\\\/\\\/algarve7.pt\\\/#\\\/schema\\\/logo\\\/image\\\/\",\"url\":\"https:\\\/\\\/algarve7.pt\\\/wp-content\\\/uploads\\\/2020\\\/10\\\/Logo-8.jpg\",\"contentUrl\":\"https:\\\/\\\/algarve7.pt\\\/wp-content\\\/uploads\\\/2020\\\/10\\\/Logo-8.jpg\",\"width\":1680,\"height\":1186,\"caption\":\"Algarve 7\"},\"image\":{\"@id\":\"https:\\\/\\\/algarve7.pt\\\/#\\\/schema\\\/logo\\\/image\\\/\"},\"sameAs\":[\"https:\\\/\\\/www.facebook.com\\\/algarve7\",\"https:\\\/\\\/x.com\\\/Algarvesete\",\"https:\\\/\\\/www.instagram.com\\\/jornalalgarve7\\\/\",\"https:\\\/\\\/www.linkedin.com\\\/company\\\/algarve7\",\"https:\\\/\\\/www.pinterest.pt\\\/geral0939\\\/_created\\\/\"]},{\"@type\":\"Person\",\"@id\":\"https:\\\/\\\/algarve7.pt\\\/#\\\/schema\\\/person\\\/23fa70681308e7b319a3204bcea45e0c\",\"name\":\"Algarve 7\",\"sameAs\":[\"https:\\\/\\\/algarve7.pt\",\"https:\\\/\\\/www.facebook.com\\\/algarve7\"],\"url\":\"https:\\\/\\\/algarve7.pt\\\/index.php\\\/author\\\/geralalgarve7-pt\\\/\"}]}<\/script>\n<!-- \/ Yoast SEO plugin. -->","yoast_head_json":{"title":"ZERO quer consulta p\u00fablica \u201c\u00c1gua que une\u201d \u2013 Algumas prioridades certas numa estrat\u00e9gia desequilibrada entre ambiente e agricultura - Algarve 7","description":"ZERO quer consulta p\u00fablica \u201c\u00c1gua que une\u201d \u2013 Algumas prioridades certas numa estrat\u00e9gia desequilibrada entre ambiente e agricultura Ambiente","robots":{"index":"index","follow":"follow","max-snippet":"max-snippet:-1","max-image-preview":"max-image-preview:large","max-video-preview":"max-video-preview:-1"},"canonical":"https:\/\/algarve7.pt\/index.php\/2025\/03\/zero-quer-consulta-publica-agua-que-une-algumas-prioridades-certas-numa-estrategia-desequilibrada-entre-ambiente-e-agricultura\/ambiente\/09\/15\/","og_locale":"pt_PT","og_type":"article","og_title":"ZERO quer consulta p\u00fablica \u201c\u00c1gua que une\u201d \u2013 Algumas prioridades certas numa estrat\u00e9gia desequilibrada entre ambiente e agricultura - Algarve 7","og_description":"ZERO quer consulta p\u00fablica \u201c\u00c1gua que une\u201d \u2013 Algumas prioridades certas numa estrat\u00e9gia desequilibrada entre ambiente e agricultura Ambiente","og_url":"https:\/\/algarve7.pt\/index.php\/2025\/03\/zero-quer-consulta-publica-agua-que-une-algumas-prioridades-certas-numa-estrategia-desequilibrada-entre-ambiente-e-agricultura\/ambiente\/09\/15\/","og_site_name":"Algarve 7","article_publisher":"https:\/\/www.facebook.com\/algarve7","article_author":"https:\/\/www.facebook.com\/algarve7","article_published_time":"2025-03-11T09:15:00+00:00","og_image":[{"width":1456,"height":971,"url":"https:\/\/algarve7.pt\/wp-content\/uploads\/2022\/02\/Barragem-de-Odeleite-Fev-2022.jpg","type":"image\/jpeg"}],"author":"Algarve 7","twitter_card":"summary_large_image","twitter_creator":"@Algarvesete","twitter_site":"@Algarvesete","twitter_misc":{"Escrito por":"Algarve 7","Tempo estimado de leitura":"4 minutos"},"schema":{"@context":"https:\/\/schema.org","@graph":[{"@type":"Article","@id":"https:\/\/algarve7.pt\/index.php\/2025\/03\/zero-quer-consulta-publica-agua-que-une-algumas-prioridades-certas-numa-estrategia-desequilibrada-entre-ambiente-e-agricultura\/ambiente\/09\/15\/#article","isPartOf":{"@id":"https:\/\/algarve7.pt\/index.php\/2025\/03\/zero-quer-consulta-publica-agua-que-une-algumas-prioridades-certas-numa-estrategia-desequilibrada-entre-ambiente-e-agricultura\/ambiente\/09\/15\/"},"author":{"name":"Algarve 7","@id":"https:\/\/algarve7.pt\/#\/schema\/person\/23fa70681308e7b319a3204bcea45e0c"},"headline":"ZERO quer consulta p\u00fablica \u201c\u00c1gua que une\u201d \u2013 Algumas prioridades certas numa estrat\u00e9gia desequilibrada entre ambiente e agricultura","datePublished":"2025-03-11T09:15:00+00:00","mainEntityOfPage":{"@id":"https:\/\/algarve7.pt\/index.php\/2025\/03\/zero-quer-consulta-publica-agua-que-une-algumas-prioridades-certas-numa-estrategia-desequilibrada-entre-ambiente-e-agricultura\/ambiente\/09\/15\/"},"wordCount":781,"publisher":{"@id":"https:\/\/algarve7.pt\/#organization"},"image":{"@id":"https:\/\/algarve7.pt\/index.php\/2025\/03\/zero-quer-consulta-publica-agua-que-une-algumas-prioridades-certas-numa-estrategia-desequilibrada-entre-ambiente-e-agricultura\/ambiente\/09\/15\/#primaryimage"},"thumbnailUrl":"https:\/\/algarve7.pt\/wp-content\/uploads\/2022\/02\/Barragem-de-Odeleite-Fev-2022.jpg","keywords":["Algarve","Ambiente","ZERO"],"articleSection":["Ambiente"],"inLanguage":"pt-PT"},{"@type":"WebPage","@id":"https:\/\/algarve7.pt\/index.php\/2025\/03\/zero-quer-consulta-publica-agua-que-une-algumas-prioridades-certas-numa-estrategia-desequilibrada-entre-ambiente-e-agricultura\/ambiente\/09\/15\/","url":"https:\/\/algarve7.pt\/index.php\/2025\/03\/zero-quer-consulta-publica-agua-que-une-algumas-prioridades-certas-numa-estrategia-desequilibrada-entre-ambiente-e-agricultura\/ambiente\/09\/15\/","name":"ZERO quer consulta p\u00fablica \u201c\u00c1gua que une\u201d \u2013 Algumas prioridades certas numa estrat\u00e9gia desequilibrada entre ambiente e agricultura - Algarve 7","isPartOf":{"@id":"https:\/\/algarve7.pt\/#website"},"primaryImageOfPage":{"@id":"https:\/\/algarve7.pt\/index.php\/2025\/03\/zero-quer-consulta-publica-agua-que-une-algumas-prioridades-certas-numa-estrategia-desequilibrada-entre-ambiente-e-agricultura\/ambiente\/09\/15\/#primaryimage"},"image":{"@id":"https:\/\/algarve7.pt\/index.php\/2025\/03\/zero-quer-consulta-publica-agua-que-une-algumas-prioridades-certas-numa-estrategia-desequilibrada-entre-ambiente-e-agricultura\/ambiente\/09\/15\/#primaryimage"},"thumbnailUrl":"https:\/\/algarve7.pt\/wp-content\/uploads\/2022\/02\/Barragem-de-Odeleite-Fev-2022.jpg","datePublished":"2025-03-11T09:15:00+00:00","description":"ZERO quer consulta p\u00fablica \u201c\u00c1gua que une\u201d \u2013 Algumas prioridades certas numa estrat\u00e9gia desequilibrada entre ambiente e agricultura Ambiente","breadcrumb":{"@id":"https:\/\/algarve7.pt\/index.php\/2025\/03\/zero-quer-consulta-publica-agua-que-une-algumas-prioridades-certas-numa-estrategia-desequilibrada-entre-ambiente-e-agricultura\/ambiente\/09\/15\/#breadcrumb"},"inLanguage":"pt-PT","potentialAction":[{"@type":"ReadAction","target":["https:\/\/algarve7.pt\/index.php\/2025\/03\/zero-quer-consulta-publica-agua-que-une-algumas-prioridades-certas-numa-estrategia-desequilibrada-entre-ambiente-e-agricultura\/ambiente\/09\/15\/"]}]},{"@type":"ImageObject","inLanguage":"pt-PT","@id":"https:\/\/algarve7.pt\/index.php\/2025\/03\/zero-quer-consulta-publica-agua-que-une-algumas-prioridades-certas-numa-estrategia-desequilibrada-entre-ambiente-e-agricultura\/ambiente\/09\/15\/#primaryimage","url":"https:\/\/algarve7.pt\/wp-content\/uploads\/2022\/02\/Barragem-de-Odeleite-Fev-2022.jpg","contentUrl":"https:\/\/algarve7.pt\/wp-content\/uploads\/2022\/02\/Barragem-de-Odeleite-Fev-2022.jpg","width":1456,"height":971},{"@type":"BreadcrumbList","@id":"https:\/\/algarve7.pt\/index.php\/2025\/03\/zero-quer-consulta-publica-agua-que-une-algumas-prioridades-certas-numa-estrategia-desequilibrada-entre-ambiente-e-agricultura\/ambiente\/09\/15\/#breadcrumb","itemListElement":[{"@type":"ListItem","position":1,"name":"In\u00edcio","item":"https:\/\/algarve7.pt\/"},{"@type":"ListItem","position":2,"name":"ZERO quer consulta p\u00fablica \u201c\u00c1gua que une\u201d \u2013 Algumas prioridades certas numa estrat\u00e9gia desequilibrada entre ambiente e agricultura"}]},{"@type":"WebSite","@id":"https:\/\/algarve7.pt\/#website","url":"https:\/\/algarve7.pt\/","name":"Algarve 7","description":"Informa\u00e7\u00e3o sobre o Algarve","publisher":{"@id":"https:\/\/algarve7.pt\/#organization"},"potentialAction":[{"@type":"SearchAction","target":{"@type":"EntryPoint","urlTemplate":"https:\/\/algarve7.pt\/?s={search_term_string}"},"query-input":{"@type":"PropertyValueSpecification","valueRequired":true,"valueName":"search_term_string"}}],"inLanguage":"pt-PT"},{"@type":"Organization","@id":"https:\/\/algarve7.pt\/#organization","name":"Algarve 7","url":"https:\/\/algarve7.pt\/","logo":{"@type":"ImageObject","inLanguage":"pt-PT","@id":"https:\/\/algarve7.pt\/#\/schema\/logo\/image\/","url":"https:\/\/algarve7.pt\/wp-content\/uploads\/2020\/10\/Logo-8.jpg","contentUrl":"https:\/\/algarve7.pt\/wp-content\/uploads\/2020\/10\/Logo-8.jpg","width":1680,"height":1186,"caption":"Algarve 7"},"image":{"@id":"https:\/\/algarve7.pt\/#\/schema\/logo\/image\/"},"sameAs":["https:\/\/www.facebook.com\/algarve7","https:\/\/x.com\/Algarvesete","https:\/\/www.instagram.com\/jornalalgarve7\/","https:\/\/www.linkedin.com\/company\/algarve7","https:\/\/www.pinterest.pt\/geral0939\/_created\/"]},{"@type":"Person","@id":"https:\/\/algarve7.pt\/#\/schema\/person\/23fa70681308e7b319a3204bcea45e0c","name":"Algarve 7","sameAs":["https:\/\/algarve7.pt","https:\/\/www.facebook.com\/algarve7"],"url":"https:\/\/algarve7.pt\/index.php\/author\/geralalgarve7-pt\/"}]}},"jetpack_publicize_connections":[],"jetpack_featured_media_url":"https:\/\/algarve7.pt\/wp-content\/uploads\/2022\/02\/Barragem-de-Odeleite-Fev-2022.jpg","jetpack_shortlink":"https:\/\/wp.me\/pcezmW-cxj","jetpack_sharing_enabled":true,"_links":{"self":[{"href":"https:\/\/algarve7.pt\/index.php\/wp-json\/wp\/v2\/posts\/48193","targetHints":{"allow":["GET"]}}],"collection":[{"href":"https:\/\/algarve7.pt\/index.php\/wp-json\/wp\/v2\/posts"}],"about":[{"href":"https:\/\/algarve7.pt\/index.php\/wp-json\/wp\/v2\/types\/post"}],"author":[{"embeddable":true,"href":"https:\/\/algarve7.pt\/index.php\/wp-json\/wp\/v2\/users\/1"}],"replies":[{"embeddable":true,"href":"https:\/\/algarve7.pt\/index.php\/wp-json\/wp\/v2\/comments?post=48193"}],"version-history":[{"count":0,"href":"https:\/\/algarve7.pt\/index.php\/wp-json\/wp\/v2\/posts\/48193\/revisions"}],"wp:featuredmedia":[{"embeddable":true,"href":"https:\/\/algarve7.pt\/index.php\/wp-json\/wp\/v2\/media\/15489"}],"wp:attachment":[{"href":"https:\/\/algarve7.pt\/index.php\/wp-json\/wp\/v2\/media?parent=48193"}],"wp:term":[{"taxonomy":"category","embeddable":true,"href":"https:\/\/algarve7.pt\/index.php\/wp-json\/wp\/v2\/categories?post=48193"},{"taxonomy":"post_tag","embeddable":true,"href":"https:\/\/algarve7.pt\/index.php\/wp-json\/wp\/v2\/tags?post=48193"}],"curies":[{"name":"wp","href":"https:\/\/api.w.org\/{rel}","templated":true}]}}