{"id":48170,"date":"2025-03-11T07:30:00","date_gmt":"2025-03-11T07:30:00","guid":{"rendered":"https:\/\/algarve7.pt\/?p=48170"},"modified":"2025-03-10T17:52:45","modified_gmt":"2025-03-10T17:52:45","slug":"oficina-presencial-recuperacao-de-ribeiras-tecnicas-de-engenharia-natural-a-15-de-marco-no-parque-municipal-do-sitio-das-fontes-lagoa-em-estombar","status":"publish","type":"post","link":"https:\/\/algarve7.pt\/index.php\/2025\/03\/oficina-presencial-recuperacao-de-ribeiras-tecnicas-de-engenharia-natural-a-15-de-marco-no-parque-municipal-do-sitio-das-fontes-lagoa-em-estombar\/ambiente\/07\/30\/","title":{"rendered":"Oficina Presencial Recupera\u00e7\u00e3o de Ribeiras: T\u00e9cnicas de Engenharia Natural a 15 de mar\u00e7o no Parque Municipal do S\u00edtio das Fontes Lagoa em Est\u00f4mbar"},"content":{"rendered":"\n<p>O\u00a0Munic\u00edpio de Lagoa\u00a0em parceira com a\u00a0Marca-ADL\u00a0Associa\u00e7\u00e3o de Desenvolvimento Local, vai promover no pr\u00f3ximo dia 15 de mar\u00e7o, s\u00e1bado, entre as 09h00 e as 13h00, no Parque Municipal do S\u00edtio das Fontes, em Est\u00f4mbar, a Oficina Presencial \u2692\ufe0f<strong>Recupera\u00e7\u00e3o de Ribeiras: T\u00e9cnicas de Engenharia Natural<\/strong>, com Jer\u00f3nimo Silva (Marca-ADL). Esta atividade realiza-se no \u00e2mbito da Comemora\u00e7\u00e3o do Dia Internacional pelos Rios.<\/p>\n\n\n\n<p>Sinopse: A engenharia natural surge como uma solu\u00e7\u00e3o ecol\u00f3gica inovadora e eficaz para a recupera\u00e7\u00e3o de sistemas vivos e a resolu\u00e7\u00e3o de problemas ambientais. Cada vez mais presente na Europa e em Portugal, esta abordagem oferece uma resposta duradoura e econ\u00f3mica, utilizando materiais vivos que se adaptam e evoluem com o tempo.<br><br>De modo a dar a conhecer as fun\u00e7\u00f5es ecol\u00f3gicas desempenhadas pelas ribeiras, essenciais para a preserva\u00e7\u00e3o da paisagem agr\u00edcola e para a seguran\u00e7a urbana no que respeita \u00e0 mitiga\u00e7\u00e3o dos efeitos das cheias, o Munic\u00edpio de Lagoa, em colabora\u00e7\u00e3o com a Associa\u00e7\u00e3o Marca Adl., a Sociedade Portuguesa de Ecologia e o\u00a0Programa Bandeira Azul da Europa, ir\u00e1 comemorar o Dia Internacional pelos Rios atrav\u00e9s da realiza\u00e7\u00e3o de uma Oficina Presencial dedicada \u00e0 Recupera\u00e7\u00e3o de Rios e Ribeiras, utilizando T\u00e9cnicas de Engenharia Natural.<br><br>O evento, agendado para o pr\u00f3ximo dia 15 de mar\u00e7o (s\u00e1bado), \u00e0s 09h00, ser\u00e1 conduzido pelo Eng.\u00ba Jer\u00f3nimo Silva (Marca Adl) e dividido em duas partes. Na primeira parte, te\u00f3rica, os participantes aprender\u00e3o sobre a Engenharia Natural, a import\u00e2ncia das ribeiras e as pr\u00e1ticas necess\u00e1rias para conservar as galerias rip\u00edcolas e limpar as linhas de \u00e1gua. O foco ser\u00e1 na recupera\u00e7\u00e3o e estabiliza\u00e7\u00e3o de margens erodidas, utilizando solu\u00e7\u00f5es sustent\u00e1veis.<br><br>A segunda parte ser\u00e1 te\u00f3rico-pr\u00e1tica, incluindo estudos de caso e uma visita de campo para observar as margens de ribeiras intervencionadas. Os participantes ter\u00e3o a oportunidade de analisar problemas reais e sugerir solu\u00e7\u00f5es, al\u00e9m de assistir a uma demonstra\u00e7\u00e3o pr\u00e1tica de t\u00e9cnicas de Engenharia Natural. A atividade ter\u00e1 o seu t\u00e9rmino \u00e0s 13h00, e ser\u00e1 acreditada como uma a\u00e7\u00e3o de curta dura\u00e7\u00e3o pela\u00a0Sociedade Portuguesa de Ecologia (SPECO).<\/p>\n","protected":false},"excerpt":{"rendered":"<p>O\u00a0Munic\u00edpio de Lagoa\u00a0em parceira com a\u00a0Marca-ADL\u00a0Associa\u00e7\u00e3o de Desenvolvimento Local, vai promover no pr\u00f3ximo dia 15 de mar\u00e7o, s\u00e1bado, entre as<\/p>\n","protected":false},"author":1,"featured_media":48171,"comment_status":"closed","ping_status":"closed","sticky":false,"template":"","format":"standard","meta":{"colormag_page_container_layout":"default_layout","colormag_page_sidebar_layout":"default_layout","_monsterinsights_skip_tracking":false,"_monsterinsights_sitenote_active":false,"_monsterinsights_sitenote_note":"","_monsterinsights_sitenote_category":0,"jetpack_post_was_ever_published":false,"_jetpack_newsletter_access":"","_jetpack_dont_email_post_to_subs":false,"_jetpack_newsletter_tier_id":0,"_jetpack_memberships_contains_paywalled_content":false,"_jetpack_memberships_contains_paid_content":false,"footnotes":"","jetpack_publicize_message":"","jetpack_publicize_feature_enabled":true,"jetpack_social_post_already_shared":true,"jetpack_social_options":{"image_generator_settings":{"template":"highway","default_image_id":0,"font":"","enabled":false},"version":2}},"categories":[5],"tags":[36,32,48],"class_list":["post-48170","post","type-post","status-publish","format-standard","has-post-thumbnail","hentry","category-ambiente","tag-algarve","tag-ambiente","tag-lagoa"],"yoast_head":"<!-- This site is optimized with the Yoast SEO plugin v27.5 - https:\/\/yoast.com\/product\/yoast-seo-wordpress\/ -->\n<title>Oficina Presencial Recupera\u00e7\u00e3o de Ribeiras: T\u00e9cnicas de Engenharia Natural a 15 de mar\u00e7o no Parque Municipal do S\u00edtio das Fontes Lagoa em Est\u00f4mbar - Algarve 7<\/title>\n<meta name=\"description\" content=\"Oficina Presencial Recupera\u00e7\u00e3o de Ribeiras: T\u00e9cnicas de Engenharia Natural a 15 de mar\u00e7o no Parque Municipal do S\u00edtio das Fontes Lagoa em Est\u00f4mbar Ambiente\" \/>\n<meta name=\"robots\" content=\"index, follow, max-snippet:-1, max-image-preview:large, max-video-preview:-1\" \/>\n<link rel=\"canonical\" href=\"https:\/\/algarve7.pt\/index.php\/2025\/03\/oficina-presencial-recuperacao-de-ribeiras-tecnicas-de-engenharia-natural-a-15-de-marco-no-parque-municipal-do-sitio-das-fontes-lagoa-em-estombar\/ambiente\/07\/30\/\" \/>\n<meta property=\"og:locale\" content=\"pt_PT\" \/>\n<meta property=\"og:type\" content=\"article\" \/>\n<meta property=\"og:title\" content=\"Oficina Presencial Recupera\u00e7\u00e3o de Ribeiras: T\u00e9cnicas de Engenharia Natural a 15 de mar\u00e7o no Parque Municipal do S\u00edtio das Fontes Lagoa em Est\u00f4mbar - Algarve 7\" \/>\n<meta property=\"og:description\" content=\"Oficina Presencial Recupera\u00e7\u00e3o de Ribeiras: T\u00e9cnicas de Engenharia Natural a 15 de mar\u00e7o no Parque Municipal do S\u00edtio das Fontes Lagoa em Est\u00f4mbar Ambiente\" \/>\n<meta property=\"og:url\" content=\"https:\/\/algarve7.pt\/index.php\/2025\/03\/oficina-presencial-recuperacao-de-ribeiras-tecnicas-de-engenharia-natural-a-15-de-marco-no-parque-municipal-do-sitio-das-fontes-lagoa-em-estombar\/ambiente\/07\/30\/\" \/>\n<meta property=\"og:site_name\" content=\"Algarve 7\" \/>\n<meta property=\"article:publisher\" content=\"https:\/\/www.facebook.com\/algarve7\" \/>\n<meta property=\"article:author\" content=\"https:\/\/www.facebook.com\/algarve7\" \/>\n<meta property=\"article:published_time\" content=\"2025-03-11T07:30:00+00:00\" \/>\n<meta property=\"og:image\" content=\"https:\/\/algarve7.pt\/wp-content\/uploads\/2025\/03\/Captura-de-ecra-2025-03-10-as-17.49.06.png\" \/>\n\t<meta property=\"og:image:width\" content=\"800\" \/>\n\t<meta property=\"og:image:height\" content=\"500\" \/>\n\t<meta property=\"og:image:type\" content=\"image\/png\" \/>\n<meta name=\"author\" content=\"Algarve 7\" \/>\n<meta name=\"twitter:card\" content=\"summary_large_image\" \/>\n<meta name=\"twitter:creator\" content=\"@Algarvesete\" \/>\n<meta name=\"twitter:site\" content=\"@Algarvesete\" \/>\n<meta name=\"twitter:label1\" content=\"Escrito por\" \/>\n\t<meta name=\"twitter:data1\" content=\"Algarve 7\" \/>\n\t<meta name=\"twitter:label2\" content=\"Tempo estimado de leitura\" \/>\n\t<meta name=\"twitter:data2\" content=\"3 minutos\" \/>\n<script type=\"application\/ld+json\" class=\"yoast-schema-graph\">{\"@context\":\"https:\\\/\\\/schema.org\",\"@graph\":[{\"@type\":\"Article\",\"@id\":\"https:\\\/\\\/algarve7.pt\\\/index.php\\\/2025\\\/03\\\/oficina-presencial-recuperacao-de-ribeiras-tecnicas-de-engenharia-natural-a-15-de-marco-no-parque-municipal-do-sitio-das-fontes-lagoa-em-estombar\\\/ambiente\\\/07\\\/30\\\/#article\",\"isPartOf\":{\"@id\":\"https:\\\/\\\/algarve7.pt\\\/index.php\\\/2025\\\/03\\\/oficina-presencial-recuperacao-de-ribeiras-tecnicas-de-engenharia-natural-a-15-de-marco-no-parque-municipal-do-sitio-das-fontes-lagoa-em-estombar\\\/ambiente\\\/07\\\/30\\\/\"},\"author\":{\"name\":\"Algarve 7\",\"@id\":\"https:\\\/\\\/algarve7.pt\\\/#\\\/schema\\\/person\\\/23fa70681308e7b319a3204bcea45e0c\"},\"headline\":\"Oficina Presencial Recupera\u00e7\u00e3o de Ribeiras: T\u00e9cnicas de Engenharia Natural a 15 de mar\u00e7o no Parque Municipal do S\u00edtio das Fontes Lagoa em Est\u00f4mbar\",\"datePublished\":\"2025-03-11T07:30:00+00:00\",\"mainEntityOfPage\":{\"@id\":\"https:\\\/\\\/algarve7.pt\\\/index.php\\\/2025\\\/03\\\/oficina-presencial-recuperacao-de-ribeiras-tecnicas-de-engenharia-natural-a-15-de-marco-no-parque-municipal-do-sitio-das-fontes-lagoa-em-estombar\\\/ambiente\\\/07\\\/30\\\/\"},\"wordCount\":411,\"publisher\":{\"@id\":\"https:\\\/\\\/algarve7.pt\\\/#organization\"},\"image\":{\"@id\":\"https:\\\/\\\/algarve7.pt\\\/index.php\\\/2025\\\/03\\\/oficina-presencial-recuperacao-de-ribeiras-tecnicas-de-engenharia-natural-a-15-de-marco-no-parque-municipal-do-sitio-das-fontes-lagoa-em-estombar\\\/ambiente\\\/07\\\/30\\\/#primaryimage\"},\"thumbnailUrl\":\"https:\\\/\\\/algarve7.pt\\\/wp-content\\\/uploads\\\/2025\\\/03\\\/Captura-de-ecra-2025-03-10-as-17.49.06.png\",\"keywords\":[\"Algarve\",\"Ambiente\",\"Lagoa\"],\"articleSection\":[\"Ambiente\"],\"inLanguage\":\"pt-PT\"},{\"@type\":\"WebPage\",\"@id\":\"https:\\\/\\\/algarve7.pt\\\/index.php\\\/2025\\\/03\\\/oficina-presencial-recuperacao-de-ribeiras-tecnicas-de-engenharia-natural-a-15-de-marco-no-parque-municipal-do-sitio-das-fontes-lagoa-em-estombar\\\/ambiente\\\/07\\\/30\\\/\",\"url\":\"https:\\\/\\\/algarve7.pt\\\/index.php\\\/2025\\\/03\\\/oficina-presencial-recuperacao-de-ribeiras-tecnicas-de-engenharia-natural-a-15-de-marco-no-parque-municipal-do-sitio-das-fontes-lagoa-em-estombar\\\/ambiente\\\/07\\\/30\\\/\",\"name\":\"Oficina Presencial Recupera\u00e7\u00e3o de Ribeiras: T\u00e9cnicas de Engenharia Natural a 15 de mar\u00e7o no Parque Municipal do S\u00edtio das Fontes Lagoa em Est\u00f4mbar - Algarve 7\",\"isPartOf\":{\"@id\":\"https:\\\/\\\/algarve7.pt\\\/#website\"},\"primaryImageOfPage\":{\"@id\":\"https:\\\/\\\/algarve7.pt\\\/index.php\\\/2025\\\/03\\\/oficina-presencial-recuperacao-de-ribeiras-tecnicas-de-engenharia-natural-a-15-de-marco-no-parque-municipal-do-sitio-das-fontes-lagoa-em-estombar\\\/ambiente\\\/07\\\/30\\\/#primaryimage\"},\"image\":{\"@id\":\"https:\\\/\\\/algarve7.pt\\\/index.php\\\/2025\\\/03\\\/oficina-presencial-recuperacao-de-ribeiras-tecnicas-de-engenharia-natural-a-15-de-marco-no-parque-municipal-do-sitio-das-fontes-lagoa-em-estombar\\\/ambiente\\\/07\\\/30\\\/#primaryimage\"},\"thumbnailUrl\":\"https:\\\/\\\/algarve7.pt\\\/wp-content\\\/uploads\\\/2025\\\/03\\\/Captura-de-ecra-2025-03-10-as-17.49.06.png\",\"datePublished\":\"2025-03-11T07:30:00+00:00\",\"description\":\"Oficina Presencial Recupera\u00e7\u00e3o de Ribeiras: T\u00e9cnicas de Engenharia Natural a 15 de mar\u00e7o no Parque Municipal do S\u00edtio das Fontes Lagoa em Est\u00f4mbar Ambiente\",\"breadcrumb\":{\"@id\":\"https:\\\/\\\/algarve7.pt\\\/index.php\\\/2025\\\/03\\\/oficina-presencial-recuperacao-de-ribeiras-tecnicas-de-engenharia-natural-a-15-de-marco-no-parque-municipal-do-sitio-das-fontes-lagoa-em-estombar\\\/ambiente\\\/07\\\/30\\\/#breadcrumb\"},\"inLanguage\":\"pt-PT\",\"potentialAction\":[{\"@type\":\"ReadAction\",\"target\":[\"https:\\\/\\\/algarve7.pt\\\/index.php\\\/2025\\\/03\\\/oficina-presencial-recuperacao-de-ribeiras-tecnicas-de-engenharia-natural-a-15-de-marco-no-parque-municipal-do-sitio-das-fontes-lagoa-em-estombar\\\/ambiente\\\/07\\\/30\\\/\"]}]},{\"@type\":\"ImageObject\",\"inLanguage\":\"pt-PT\",\"@id\":\"https:\\\/\\\/algarve7.pt\\\/index.php\\\/2025\\\/03\\\/oficina-presencial-recuperacao-de-ribeiras-tecnicas-de-engenharia-natural-a-15-de-marco-no-parque-municipal-do-sitio-das-fontes-lagoa-em-estombar\\\/ambiente\\\/07\\\/30\\\/#primaryimage\",\"url\":\"https:\\\/\\\/algarve7.pt\\\/wp-content\\\/uploads\\\/2025\\\/03\\\/Captura-de-ecra-2025-03-10-as-17.49.06.png\",\"contentUrl\":\"https:\\\/\\\/algarve7.pt\\\/wp-content\\\/uploads\\\/2025\\\/03\\\/Captura-de-ecra-2025-03-10-as-17.49.06.png\",\"width\":800,\"height\":500},{\"@type\":\"BreadcrumbList\",\"@id\":\"https:\\\/\\\/algarve7.pt\\\/index.php\\\/2025\\\/03\\\/oficina-presencial-recuperacao-de-ribeiras-tecnicas-de-engenharia-natural-a-15-de-marco-no-parque-municipal-do-sitio-das-fontes-lagoa-em-estombar\\\/ambiente\\\/07\\\/30\\\/#breadcrumb\",\"itemListElement\":[{\"@type\":\"ListItem\",\"position\":1,\"name\":\"In\u00edcio\",\"item\":\"https:\\\/\\\/algarve7.pt\\\/\"},{\"@type\":\"ListItem\",\"position\":2,\"name\":\"Oficina Presencial Recupera\u00e7\u00e3o de Ribeiras: T\u00e9cnicas de Engenharia Natural a 15 de mar\u00e7o no Parque Municipal do S\u00edtio das Fontes Lagoa em Est\u00f4mbar\"}]},{\"@type\":\"WebSite\",\"@id\":\"https:\\\/\\\/algarve7.pt\\\/#website\",\"url\":\"https:\\\/\\\/algarve7.pt\\\/\",\"name\":\"Algarve 7\",\"description\":\"Informa\u00e7\u00e3o sobre o Algarve\",\"publisher\":{\"@id\":\"https:\\\/\\\/algarve7.pt\\\/#organization\"},\"potentialAction\":[{\"@type\":\"SearchAction\",\"target\":{\"@type\":\"EntryPoint\",\"urlTemplate\":\"https:\\\/\\\/algarve7.pt\\\/?s={search_term_string}\"},\"query-input\":{\"@type\":\"PropertyValueSpecification\",\"valueRequired\":true,\"valueName\":\"search_term_string\"}}],\"inLanguage\":\"pt-PT\"},{\"@type\":\"Organization\",\"@id\":\"https:\\\/\\\/algarve7.pt\\\/#organization\",\"name\":\"Algarve 7\",\"url\":\"https:\\\/\\\/algarve7.pt\\\/\",\"logo\":{\"@type\":\"ImageObject\",\"inLanguage\":\"pt-PT\",\"@id\":\"https:\\\/\\\/algarve7.pt\\\/#\\\/schema\\\/logo\\\/image\\\/\",\"url\":\"https:\\\/\\\/algarve7.pt\\\/wp-content\\\/uploads\\\/2020\\\/10\\\/Logo-8.jpg\",\"contentUrl\":\"https:\\\/\\\/algarve7.pt\\\/wp-content\\\/uploads\\\/2020\\\/10\\\/Logo-8.jpg\",\"width\":1680,\"height\":1186,\"caption\":\"Algarve 7\"},\"image\":{\"@id\":\"https:\\\/\\\/algarve7.pt\\\/#\\\/schema\\\/logo\\\/image\\\/\"},\"sameAs\":[\"https:\\\/\\\/www.facebook.com\\\/algarve7\",\"https:\\\/\\\/x.com\\\/Algarvesete\",\"https:\\\/\\\/www.instagram.com\\\/jornalalgarve7\\\/\",\"https:\\\/\\\/www.linkedin.com\\\/company\\\/algarve7\",\"https:\\\/\\\/www.pinterest.pt\\\/geral0939\\\/_created\\\/\"]},{\"@type\":\"Person\",\"@id\":\"https:\\\/\\\/algarve7.pt\\\/#\\\/schema\\\/person\\\/23fa70681308e7b319a3204bcea45e0c\",\"name\":\"Algarve 7\",\"sameAs\":[\"https:\\\/\\\/algarve7.pt\",\"https:\\\/\\\/www.facebook.com\\\/algarve7\"],\"url\":\"https:\\\/\\\/algarve7.pt\\\/index.php\\\/author\\\/geralalgarve7-pt\\\/\"}]}<\/script>\n<!-- \/ Yoast SEO plugin. -->","yoast_head_json":{"title":"Oficina Presencial Recupera\u00e7\u00e3o de Ribeiras: T\u00e9cnicas de Engenharia Natural a 15 de mar\u00e7o no Parque Municipal do S\u00edtio das Fontes Lagoa em Est\u00f4mbar - Algarve 7","description":"Oficina Presencial Recupera\u00e7\u00e3o de Ribeiras: T\u00e9cnicas de Engenharia Natural a 15 de mar\u00e7o no Parque Municipal do S\u00edtio das Fontes Lagoa em Est\u00f4mbar Ambiente","robots":{"index":"index","follow":"follow","max-snippet":"max-snippet:-1","max-image-preview":"max-image-preview:large","max-video-preview":"max-video-preview:-1"},"canonical":"https:\/\/algarve7.pt\/index.php\/2025\/03\/oficina-presencial-recuperacao-de-ribeiras-tecnicas-de-engenharia-natural-a-15-de-marco-no-parque-municipal-do-sitio-das-fontes-lagoa-em-estombar\/ambiente\/07\/30\/","og_locale":"pt_PT","og_type":"article","og_title":"Oficina Presencial Recupera\u00e7\u00e3o de Ribeiras: T\u00e9cnicas de Engenharia Natural a 15 de mar\u00e7o no Parque Municipal do S\u00edtio das Fontes Lagoa em Est\u00f4mbar - Algarve 7","og_description":"Oficina Presencial Recupera\u00e7\u00e3o de Ribeiras: T\u00e9cnicas de Engenharia Natural a 15 de mar\u00e7o no Parque Municipal do S\u00edtio das Fontes Lagoa em Est\u00f4mbar Ambiente","og_url":"https:\/\/algarve7.pt\/index.php\/2025\/03\/oficina-presencial-recuperacao-de-ribeiras-tecnicas-de-engenharia-natural-a-15-de-marco-no-parque-municipal-do-sitio-das-fontes-lagoa-em-estombar\/ambiente\/07\/30\/","og_site_name":"Algarve 7","article_publisher":"https:\/\/www.facebook.com\/algarve7","article_author":"https:\/\/www.facebook.com\/algarve7","article_published_time":"2025-03-11T07:30:00+00:00","og_image":[{"width":800,"height":500,"url":"https:\/\/algarve7.pt\/wp-content\/uploads\/2025\/03\/Captura-de-ecra-2025-03-10-as-17.49.06.png","type":"image\/png"}],"author":"Algarve 7","twitter_card":"summary_large_image","twitter_creator":"@Algarvesete","twitter_site":"@Algarvesete","twitter_misc":{"Escrito por":"Algarve 7","Tempo estimado de leitura":"3 minutos"},"schema":{"@context":"https:\/\/schema.org","@graph":[{"@type":"Article","@id":"https:\/\/algarve7.pt\/index.php\/2025\/03\/oficina-presencial-recuperacao-de-ribeiras-tecnicas-de-engenharia-natural-a-15-de-marco-no-parque-municipal-do-sitio-das-fontes-lagoa-em-estombar\/ambiente\/07\/30\/#article","isPartOf":{"@id":"https:\/\/algarve7.pt\/index.php\/2025\/03\/oficina-presencial-recuperacao-de-ribeiras-tecnicas-de-engenharia-natural-a-15-de-marco-no-parque-municipal-do-sitio-das-fontes-lagoa-em-estombar\/ambiente\/07\/30\/"},"author":{"name":"Algarve 7","@id":"https:\/\/algarve7.pt\/#\/schema\/person\/23fa70681308e7b319a3204bcea45e0c"},"headline":"Oficina Presencial Recupera\u00e7\u00e3o de Ribeiras: T\u00e9cnicas de Engenharia Natural a 15 de mar\u00e7o no Parque Municipal do S\u00edtio das Fontes Lagoa em Est\u00f4mbar","datePublished":"2025-03-11T07:30:00+00:00","mainEntityOfPage":{"@id":"https:\/\/algarve7.pt\/index.php\/2025\/03\/oficina-presencial-recuperacao-de-ribeiras-tecnicas-de-engenharia-natural-a-15-de-marco-no-parque-municipal-do-sitio-das-fontes-lagoa-em-estombar\/ambiente\/07\/30\/"},"wordCount":411,"publisher":{"@id":"https:\/\/algarve7.pt\/#organization"},"image":{"@id":"https:\/\/algarve7.pt\/index.php\/2025\/03\/oficina-presencial-recuperacao-de-ribeiras-tecnicas-de-engenharia-natural-a-15-de-marco-no-parque-municipal-do-sitio-das-fontes-lagoa-em-estombar\/ambiente\/07\/30\/#primaryimage"},"thumbnailUrl":"https:\/\/algarve7.pt\/wp-content\/uploads\/2025\/03\/Captura-de-ecra-2025-03-10-as-17.49.06.png","keywords":["Algarve","Ambiente","Lagoa"],"articleSection":["Ambiente"],"inLanguage":"pt-PT"},{"@type":"WebPage","@id":"https:\/\/algarve7.pt\/index.php\/2025\/03\/oficina-presencial-recuperacao-de-ribeiras-tecnicas-de-engenharia-natural-a-15-de-marco-no-parque-municipal-do-sitio-das-fontes-lagoa-em-estombar\/ambiente\/07\/30\/","url":"https:\/\/algarve7.pt\/index.php\/2025\/03\/oficina-presencial-recuperacao-de-ribeiras-tecnicas-de-engenharia-natural-a-15-de-marco-no-parque-municipal-do-sitio-das-fontes-lagoa-em-estombar\/ambiente\/07\/30\/","name":"Oficina Presencial Recupera\u00e7\u00e3o de Ribeiras: T\u00e9cnicas de Engenharia Natural a 15 de mar\u00e7o no Parque Municipal do S\u00edtio das Fontes Lagoa em Est\u00f4mbar - Algarve 7","isPartOf":{"@id":"https:\/\/algarve7.pt\/#website"},"primaryImageOfPage":{"@id":"https:\/\/algarve7.pt\/index.php\/2025\/03\/oficina-presencial-recuperacao-de-ribeiras-tecnicas-de-engenharia-natural-a-15-de-marco-no-parque-municipal-do-sitio-das-fontes-lagoa-em-estombar\/ambiente\/07\/30\/#primaryimage"},"image":{"@id":"https:\/\/algarve7.pt\/index.php\/2025\/03\/oficina-presencial-recuperacao-de-ribeiras-tecnicas-de-engenharia-natural-a-15-de-marco-no-parque-municipal-do-sitio-das-fontes-lagoa-em-estombar\/ambiente\/07\/30\/#primaryimage"},"thumbnailUrl":"https:\/\/algarve7.pt\/wp-content\/uploads\/2025\/03\/Captura-de-ecra-2025-03-10-as-17.49.06.png","datePublished":"2025-03-11T07:30:00+00:00","description":"Oficina Presencial Recupera\u00e7\u00e3o de Ribeiras: T\u00e9cnicas de Engenharia Natural a 15 de mar\u00e7o no Parque Municipal do S\u00edtio das Fontes Lagoa em Est\u00f4mbar Ambiente","breadcrumb":{"@id":"https:\/\/algarve7.pt\/index.php\/2025\/03\/oficina-presencial-recuperacao-de-ribeiras-tecnicas-de-engenharia-natural-a-15-de-marco-no-parque-municipal-do-sitio-das-fontes-lagoa-em-estombar\/ambiente\/07\/30\/#breadcrumb"},"inLanguage":"pt-PT","potentialAction":[{"@type":"ReadAction","target":["https:\/\/algarve7.pt\/index.php\/2025\/03\/oficina-presencial-recuperacao-de-ribeiras-tecnicas-de-engenharia-natural-a-15-de-marco-no-parque-municipal-do-sitio-das-fontes-lagoa-em-estombar\/ambiente\/07\/30\/"]}]},{"@type":"ImageObject","inLanguage":"pt-PT","@id":"https:\/\/algarve7.pt\/index.php\/2025\/03\/oficina-presencial-recuperacao-de-ribeiras-tecnicas-de-engenharia-natural-a-15-de-marco-no-parque-municipal-do-sitio-das-fontes-lagoa-em-estombar\/ambiente\/07\/30\/#primaryimage","url":"https:\/\/algarve7.pt\/wp-content\/uploads\/2025\/03\/Captura-de-ecra-2025-03-10-as-17.49.06.png","contentUrl":"https:\/\/algarve7.pt\/wp-content\/uploads\/2025\/03\/Captura-de-ecra-2025-03-10-as-17.49.06.png","width":800,"height":500},{"@type":"BreadcrumbList","@id":"https:\/\/algarve7.pt\/index.php\/2025\/03\/oficina-presencial-recuperacao-de-ribeiras-tecnicas-de-engenharia-natural-a-15-de-marco-no-parque-municipal-do-sitio-das-fontes-lagoa-em-estombar\/ambiente\/07\/30\/#breadcrumb","itemListElement":[{"@type":"ListItem","position":1,"name":"In\u00edcio","item":"https:\/\/algarve7.pt\/"},{"@type":"ListItem","position":2,"name":"Oficina Presencial Recupera\u00e7\u00e3o de Ribeiras: T\u00e9cnicas de Engenharia Natural a 15 de mar\u00e7o no Parque Municipal do S\u00edtio das Fontes Lagoa em Est\u00f4mbar"}]},{"@type":"WebSite","@id":"https:\/\/algarve7.pt\/#website","url":"https:\/\/algarve7.pt\/","name":"Algarve 7","description":"Informa\u00e7\u00e3o sobre o Algarve","publisher":{"@id":"https:\/\/algarve7.pt\/#organization"},"potentialAction":[{"@type":"SearchAction","target":{"@type":"EntryPoint","urlTemplate":"https:\/\/algarve7.pt\/?s={search_term_string}"},"query-input":{"@type":"PropertyValueSpecification","valueRequired":true,"valueName":"search_term_string"}}],"inLanguage":"pt-PT"},{"@type":"Organization","@id":"https:\/\/algarve7.pt\/#organization","name":"Algarve 7","url":"https:\/\/algarve7.pt\/","logo":{"@type":"ImageObject","inLanguage":"pt-PT","@id":"https:\/\/algarve7.pt\/#\/schema\/logo\/image\/","url":"https:\/\/algarve7.pt\/wp-content\/uploads\/2020\/10\/Logo-8.jpg","contentUrl":"https:\/\/algarve7.pt\/wp-content\/uploads\/2020\/10\/Logo-8.jpg","width":1680,"height":1186,"caption":"Algarve 7"},"image":{"@id":"https:\/\/algarve7.pt\/#\/schema\/logo\/image\/"},"sameAs":["https:\/\/www.facebook.com\/algarve7","https:\/\/x.com\/Algarvesete","https:\/\/www.instagram.com\/jornalalgarve7\/","https:\/\/www.linkedin.com\/company\/algarve7","https:\/\/www.pinterest.pt\/geral0939\/_created\/"]},{"@type":"Person","@id":"https:\/\/algarve7.pt\/#\/schema\/person\/23fa70681308e7b319a3204bcea45e0c","name":"Algarve 7","sameAs":["https:\/\/algarve7.pt","https:\/\/www.facebook.com\/algarve7"],"url":"https:\/\/algarve7.pt\/index.php\/author\/geralalgarve7-pt\/"}]}},"jetpack_publicize_connections":[],"jetpack_featured_media_url":"https:\/\/algarve7.pt\/wp-content\/uploads\/2025\/03\/Captura-de-ecra-2025-03-10-as-17.49.06.png","jetpack_shortlink":"https:\/\/wp.me\/pcezmW-cwW","jetpack_sharing_enabled":true,"_links":{"self":[{"href":"https:\/\/algarve7.pt\/index.php\/wp-json\/wp\/v2\/posts\/48170","targetHints":{"allow":["GET"]}}],"collection":[{"href":"https:\/\/algarve7.pt\/index.php\/wp-json\/wp\/v2\/posts"}],"about":[{"href":"https:\/\/algarve7.pt\/index.php\/wp-json\/wp\/v2\/types\/post"}],"author":[{"embeddable":true,"href":"https:\/\/algarve7.pt\/index.php\/wp-json\/wp\/v2\/users\/1"}],"replies":[{"embeddable":true,"href":"https:\/\/algarve7.pt\/index.php\/wp-json\/wp\/v2\/comments?post=48170"}],"version-history":[{"count":0,"href":"https:\/\/algarve7.pt\/index.php\/wp-json\/wp\/v2\/posts\/48170\/revisions"}],"wp:featuredmedia":[{"embeddable":true,"href":"https:\/\/algarve7.pt\/index.php\/wp-json\/wp\/v2\/media\/48171"}],"wp:attachment":[{"href":"https:\/\/algarve7.pt\/index.php\/wp-json\/wp\/v2\/media?parent=48170"}],"wp:term":[{"taxonomy":"category","embeddable":true,"href":"https:\/\/algarve7.pt\/index.php\/wp-json\/wp\/v2\/categories?post=48170"},{"taxonomy":"post_tag","embeddable":true,"href":"https:\/\/algarve7.pt\/index.php\/wp-json\/wp\/v2\/tags?post=48170"}],"curies":[{"name":"wp","href":"https:\/\/api.w.org\/{rel}","templated":true}]}}