{"id":48091,"date":"2025-03-09T09:40:00","date_gmt":"2025-03-09T09:40:00","guid":{"rendered":"https:\/\/algarve7.pt\/?p=48091"},"modified":"2025-03-07T09:29:35","modified_gmt":"2025-03-07T09:29:35","slug":"municipio-inaugura-as-novas-instalacoes-do-centro-de-distribuicao-e-gestao-de-aguas-de-lagoa","status":"publish","type":"post","link":"https:\/\/algarve7.pt\/index.php\/2025\/03\/municipio-inaugura-as-novas-instalacoes-do-centro-de-distribuicao-e-gestao-de-aguas-de-lagoa\/ambiente\/09\/40\/","title":{"rendered":"Munic\u00edpio inaugura as Novas Instala\u00e7\u00f5es do Centro de Distribui\u00e7\u00e3o e Gest\u00e3o de \u00c1guas de Lagoa"},"content":{"rendered":"\n<p>Decorreu no dia de ontem, 5 de mar\u00e7o de 2025, a inaugura\u00e7\u00e3o das novas instala\u00e7\u00f5es do Centro de Distribui\u00e7\u00e3o e Gest\u00e3o de \u00c1guas de Lagoa, um marco significativo no refor\u00e7o da efici\u00eancia e qualidade dos servi\u00e7os p\u00fablicos prestados aos Lagoenses.<\/p>\n\n\n\n<p>Este novo centro representa um passo importante na moderniza\u00e7\u00e3o e centraliza\u00e7\u00e3o da gest\u00e3o dos sistemas de abastecimento de \u00e1gua, drenagem de \u00e1guas residuais urbanas e \u00e1guas pluviais, bem como na melhoria do atendimento e da informa\u00e7\u00e3o aos utilizadores dos servi\u00e7os de \u00e1guas e res\u00edduos urbanos.<\/p>\n\n\n\n<p>A obra de constru\u00e7\u00e3o e adapta\u00e7\u00e3o das novas instala\u00e7\u00f5es teve um valor global de&nbsp;<strong>578.709,69\u20ac<\/strong>, um investimento significativo para a melhoria dos servi\u00e7os de \u00e1gua e saneamento no concelho de Lagoa. Este valor reflete o compromisso do munic\u00edpio com a moderniza\u00e7\u00e3o da infraestrutura e com a qualidade dos servi\u00e7os prestados \u00e0 popula\u00e7\u00e3o.<\/p>\n\n\n\n<p><strong>Val\u00eancias e Fun\u00e7\u00f5es<\/strong><br>O Centro de Distribui\u00e7\u00e3o e Gest\u00e3o de \u00c1guas de Lagoa assume uma s\u00e9rie de responsabilidades essenciais para a gest\u00e3o e opera\u00e7\u00e3o dos servi\u00e7os, nomeadamente:<\/p>\n\n\n\n<p>\u2022 Gest\u00e3o do Sistema P\u00fablico de Abastecimento de \u00c1gua: Garantir o fornecimento cont\u00ednuo e de qualidade de \u00e1gua \u00e0 popula\u00e7\u00e3o;<br>\u2022 Gest\u00e3o do Sistema P\u00fablico de Drenagem de \u00c1guas Residuais Urbanas: Assegurar o correto tratamento e escoamento das \u00e1guas residuais;<br>\u2022 Gest\u00e3o do Sistema P\u00fablico de Drenagem de \u00c1guas Pluviais: Prevenir alagamentos e assegurar a drenagem eficaz das \u00e1guas da chuva;<br>\u2022 Contrata\u00e7\u00e3o dos Servi\u00e7os de \u00c1guas e Res\u00edduos Urbanos: Gerir a contrata\u00e7\u00e3o e os servi\u00e7os relacionados;<br>\u2022 Leitura, Processamento e Cobran\u00e7a dos Consumos de \u00c1gua e Res\u00edduos Urbanos: Efetuar a leitura de consumos e proceder \u00e0 fatura\u00e7\u00e3o e cobran\u00e7a;<br>\u2022 Atendimento e Informa\u00e7\u00e3o aos Utilizadores: Garantir um servi\u00e7o de atendimento eficiente, com informa\u00e7\u00f5es claras e acess\u00edveis para todos os utilizadores dos servi\u00e7os de \u00e1guas e res\u00edduos.&nbsp;<br>A mais-valia deste novo espa\u00e7o reside na centraliza\u00e7\u00e3o de todos os servi\u00e7os t\u00e9cnicos, operacionais e administrativos num \u00fanico edif\u00edcio, proporcionando uma gest\u00e3o mais \u00e1gil e eficiente dos recursos e servi\u00e7os prestados. Este modelo integrado permitir\u00e1 n\u00e3o s\u00f3 uma melhor resposta \u00e0s necessidades da popula\u00e7\u00e3o, como tamb\u00e9m otimizar\u00e1 a opera\u00e7\u00e3o do sistema de \u00e1guas e saneamento, assegurando uma gest\u00e3o mais eficaz e sustent\u00e1vel dos servi\u00e7os.<\/p>\n\n\n\n<p><strong>Instala\u00e7\u00f5es de Refer\u00eancia<\/strong><br>As novas instala\u00e7\u00f5es incluem diversas \u00e1reas que garantem a operacionalidade e a efici\u00eancia do centro, distribu\u00eddas entre o piso t\u00e9rreo e o primeiro andar, e s\u00e3o compostas por:<\/p>\n\n\n\n<p>\u2022 Centro de Controlo: Equipado com sistemas de telegest\u00e3o, para monitoriza\u00e7\u00e3o e gest\u00e3o remota dos sistemas de \u00e1gua e drenagem;<br>\u2022 Gabinetes T\u00e9cnicos e Administrativos: Divididos para facilitar o trabalho das diversas equipas, com destaque para o Gabinete de Gest\u00e3o de Perdas e o Gabinete de Dete\u00e7\u00e3o de Fugas;<br>\u2022 \u00c1rea Operacional: Inclui espa\u00e7os para o Gabinete de Leitura de Contadores e Oficina;<br>\u2022 Espa\u00e7os de Apoio: Refeit\u00f3rio, salas de reuni\u00f5es e instala\u00e7\u00f5es sanit\u00e1rias.<\/p>\n\n\n\n<p><strong>Zonas de Medi\u00e7\u00e3o e Controlo (ZMC\u00b4s)<\/strong><br>No \u00e2mbito da moderniza\u00e7\u00e3o e melhoria dos processos operacionais, a instala\u00e7\u00e3o das Zonas de Medi\u00e7\u00e3o e Controlo (ZMC\u00b4s) constitui um dos maiores avan\u00e7os. Estes sistemas ser\u00e3o respons\u00e1veis por fornecer dados em tempo real sobre o consumo de \u00e1gua e as condi\u00e7\u00f5es operacionais das infraestruturas. Com esta tecnologia, ser\u00e1 poss\u00edvel monitorizar, de forma eficiente, a rede de abastecimento e drenagem, permitindo uma gest\u00e3o de recursos mais eficaz e a dete\u00e7\u00e3o precoce de anomalias, como perdas de \u00e1gua ou falhas no sistema. As ZMC\u00b4s ser\u00e3o, assim, um auxiliar fundamental na tomada de decis\u00f5es mais informadas, promovendo a sustentabilidade e a efici\u00eancia do servi\u00e7o prestado aos Lagoenses.<\/p>\n\n\n\n<p>O Presidente da C\u00e2mara Municipal de Lagoa, Lu\u00eds Encarna\u00e7\u00e3o, destaca que \u201c<em>a inaugura\u00e7\u00e3o do Centro de Distribui\u00e7\u00e3o e Gest\u00e3o de \u00c1guas de Lagoa \u00e9 um momento de grande relev\u00e2ncia para o nosso concelho. Este novo espa\u00e7o n\u00e3o \u00e9 apenas um s\u00edmbolo de moderniza\u00e7\u00e3o, mas tamb\u00e9m um reflexo do nosso compromisso cont\u00ednuo com a melhoria da qualidade de vida dos Lagoenses. Ao centralizar a gest\u00e3o dos servi\u00e7os de \u00e1guas e saneamento, conseguimos proporcionar uma resposta mais r\u00e1pida, eficaz e transparente \u00e0s necessidades da nossa popula\u00e7\u00e3o, promovendo a sustentabilidade e a efici\u00eancia no uso dos recursos. Este \u00e9 um passo importante para Lagoa e para todos os que aqui vivem e trabalham.<\/em>\u201d<\/p>\n","protected":false},"excerpt":{"rendered":"<p>Decorreu no dia de ontem, 5 de mar\u00e7o de 2025, a inaugura\u00e7\u00e3o das novas instala\u00e7\u00f5es do Centro de Distribui\u00e7\u00e3o e<\/p>\n","protected":false},"author":1,"featured_media":48092,"comment_status":"closed","ping_status":"closed","sticky":false,"template":"","format":"standard","meta":{"colormag_page_container_layout":"default_layout","colormag_page_sidebar_layout":"default_layout","_monsterinsights_skip_tracking":false,"_monsterinsights_sitenote_active":false,"_monsterinsights_sitenote_note":"","_monsterinsights_sitenote_category":0,"jetpack_post_was_ever_published":false,"_jetpack_newsletter_access":"","_jetpack_dont_email_post_to_subs":false,"_jetpack_newsletter_tier_id":0,"_jetpack_memberships_contains_paywalled_content":false,"_jetpack_memberships_contains_paid_content":false,"footnotes":"","jetpack_publicize_message":"","jetpack_publicize_feature_enabled":true,"jetpack_social_post_already_shared":true,"jetpack_social_options":{"image_generator_settings":{"template":"highway","default_image_id":0,"font":"","enabled":false},"version":2}},"categories":[5],"tags":[36,32,48],"class_list":["post-48091","post","type-post","status-publish","format-standard","has-post-thumbnail","hentry","category-ambiente","tag-algarve","tag-ambiente","tag-lagoa"],"yoast_head":"<!-- This site is optimized with the Yoast SEO plugin v27.5 - https:\/\/yoast.com\/product\/yoast-seo-wordpress\/ -->\n<title>Munic\u00edpio inaugura as Novas Instala\u00e7\u00f5es do Centro de Distribui\u00e7\u00e3o e Gest\u00e3o de \u00c1guas de Lagoa - Algarve 7<\/title>\n<meta name=\"description\" content=\"Munic\u00edpio inaugura as Novas Instala\u00e7\u00f5es do Centro de Distribui\u00e7\u00e3o e Gest\u00e3o de \u00c1guas de Lagoa Ambiente\" \/>\n<meta name=\"robots\" content=\"index, follow, max-snippet:-1, max-image-preview:large, max-video-preview:-1\" \/>\n<link rel=\"canonical\" href=\"https:\/\/algarve7.pt\/index.php\/2025\/03\/municipio-inaugura-as-novas-instalacoes-do-centro-de-distribuicao-e-gestao-de-aguas-de-lagoa\/ambiente\/09\/40\/\" \/>\n<meta property=\"og:locale\" content=\"pt_PT\" \/>\n<meta property=\"og:type\" content=\"article\" \/>\n<meta property=\"og:title\" content=\"Munic\u00edpio inaugura as Novas Instala\u00e7\u00f5es do Centro de Distribui\u00e7\u00e3o e Gest\u00e3o de \u00c1guas de Lagoa - Algarve 7\" \/>\n<meta property=\"og:description\" content=\"Munic\u00edpio inaugura as Novas Instala\u00e7\u00f5es do Centro de Distribui\u00e7\u00e3o e Gest\u00e3o de \u00c1guas de Lagoa Ambiente\" \/>\n<meta property=\"og:url\" content=\"https:\/\/algarve7.pt\/index.php\/2025\/03\/municipio-inaugura-as-novas-instalacoes-do-centro-de-distribuicao-e-gestao-de-aguas-de-lagoa\/ambiente\/09\/40\/\" \/>\n<meta property=\"og:site_name\" content=\"Algarve 7\" \/>\n<meta property=\"article:publisher\" content=\"https:\/\/www.facebook.com\/algarve7\" \/>\n<meta property=\"article:author\" content=\"https:\/\/www.facebook.com\/algarve7\" \/>\n<meta property=\"article:published_time\" content=\"2025-03-09T09:40:00+00:00\" \/>\n<meta property=\"og:image\" content=\"https:\/\/algarve7.pt\/wp-content\/uploads\/2025\/03\/Inauguracao-Centro-distribuicao-de-gest-de-aguas-de-Lagoa-05-03-2025-9.jpg\" \/>\n\t<meta property=\"og:image:width\" content=\"800\" \/>\n\t<meta property=\"og:image:height\" content=\"500\" \/>\n\t<meta property=\"og:image:type\" content=\"image\/jpeg\" \/>\n<meta name=\"author\" content=\"Algarve 7\" \/>\n<meta name=\"twitter:card\" content=\"summary_large_image\" \/>\n<meta name=\"twitter:creator\" content=\"@Algarvesete\" \/>\n<meta name=\"twitter:site\" content=\"@Algarvesete\" \/>\n<meta name=\"twitter:label1\" content=\"Escrito por\" \/>\n\t<meta name=\"twitter:data1\" content=\"Algarve 7\" \/>\n\t<meta name=\"twitter:label2\" content=\"Tempo estimado de leitura\" \/>\n\t<meta name=\"twitter:data2\" content=\"4 minutos\" \/>\n<script type=\"application\/ld+json\" class=\"yoast-schema-graph\">{\"@context\":\"https:\\\/\\\/schema.org\",\"@graph\":[{\"@type\":\"Article\",\"@id\":\"https:\\\/\\\/algarve7.pt\\\/index.php\\\/2025\\\/03\\\/municipio-inaugura-as-novas-instalacoes-do-centro-de-distribuicao-e-gestao-de-aguas-de-lagoa\\\/ambiente\\\/09\\\/40\\\/#article\",\"isPartOf\":{\"@id\":\"https:\\\/\\\/algarve7.pt\\\/index.php\\\/2025\\\/03\\\/municipio-inaugura-as-novas-instalacoes-do-centro-de-distribuicao-e-gestao-de-aguas-de-lagoa\\\/ambiente\\\/09\\\/40\\\/\"},\"author\":{\"name\":\"Algarve 7\",\"@id\":\"https:\\\/\\\/algarve7.pt\\\/#\\\/schema\\\/person\\\/23fa70681308e7b319a3204bcea45e0c\"},\"headline\":\"Munic\u00edpio inaugura as Novas Instala\u00e7\u00f5es do Centro de Distribui\u00e7\u00e3o e Gest\u00e3o de \u00c1guas de Lagoa\",\"datePublished\":\"2025-03-09T09:40:00+00:00\",\"mainEntityOfPage\":{\"@id\":\"https:\\\/\\\/algarve7.pt\\\/index.php\\\/2025\\\/03\\\/municipio-inaugura-as-novas-instalacoes-do-centro-de-distribuicao-e-gestao-de-aguas-de-lagoa\\\/ambiente\\\/09\\\/40\\\/\"},\"wordCount\":805,\"publisher\":{\"@id\":\"https:\\\/\\\/algarve7.pt\\\/#organization\"},\"image\":{\"@id\":\"https:\\\/\\\/algarve7.pt\\\/index.php\\\/2025\\\/03\\\/municipio-inaugura-as-novas-instalacoes-do-centro-de-distribuicao-e-gestao-de-aguas-de-lagoa\\\/ambiente\\\/09\\\/40\\\/#primaryimage\"},\"thumbnailUrl\":\"https:\\\/\\\/algarve7.pt\\\/wp-content\\\/uploads\\\/2025\\\/03\\\/Inauguracao-Centro-distribuicao-de-gest-de-aguas-de-Lagoa-05-03-2025-9.jpg\",\"keywords\":[\"Algarve\",\"Ambiente\",\"Lagoa\"],\"articleSection\":[\"Ambiente\"],\"inLanguage\":\"pt-PT\"},{\"@type\":\"WebPage\",\"@id\":\"https:\\\/\\\/algarve7.pt\\\/index.php\\\/2025\\\/03\\\/municipio-inaugura-as-novas-instalacoes-do-centro-de-distribuicao-e-gestao-de-aguas-de-lagoa\\\/ambiente\\\/09\\\/40\\\/\",\"url\":\"https:\\\/\\\/algarve7.pt\\\/index.php\\\/2025\\\/03\\\/municipio-inaugura-as-novas-instalacoes-do-centro-de-distribuicao-e-gestao-de-aguas-de-lagoa\\\/ambiente\\\/09\\\/40\\\/\",\"name\":\"Munic\u00edpio inaugura as Novas Instala\u00e7\u00f5es do Centro de Distribui\u00e7\u00e3o e Gest\u00e3o de \u00c1guas de Lagoa - Algarve 7\",\"isPartOf\":{\"@id\":\"https:\\\/\\\/algarve7.pt\\\/#website\"},\"primaryImageOfPage\":{\"@id\":\"https:\\\/\\\/algarve7.pt\\\/index.php\\\/2025\\\/03\\\/municipio-inaugura-as-novas-instalacoes-do-centro-de-distribuicao-e-gestao-de-aguas-de-lagoa\\\/ambiente\\\/09\\\/40\\\/#primaryimage\"},\"image\":{\"@id\":\"https:\\\/\\\/algarve7.pt\\\/index.php\\\/2025\\\/03\\\/municipio-inaugura-as-novas-instalacoes-do-centro-de-distribuicao-e-gestao-de-aguas-de-lagoa\\\/ambiente\\\/09\\\/40\\\/#primaryimage\"},\"thumbnailUrl\":\"https:\\\/\\\/algarve7.pt\\\/wp-content\\\/uploads\\\/2025\\\/03\\\/Inauguracao-Centro-distribuicao-de-gest-de-aguas-de-Lagoa-05-03-2025-9.jpg\",\"datePublished\":\"2025-03-09T09:40:00+00:00\",\"description\":\"Munic\u00edpio inaugura as Novas Instala\u00e7\u00f5es do Centro de Distribui\u00e7\u00e3o e Gest\u00e3o de \u00c1guas de Lagoa Ambiente\",\"breadcrumb\":{\"@id\":\"https:\\\/\\\/algarve7.pt\\\/index.php\\\/2025\\\/03\\\/municipio-inaugura-as-novas-instalacoes-do-centro-de-distribuicao-e-gestao-de-aguas-de-lagoa\\\/ambiente\\\/09\\\/40\\\/#breadcrumb\"},\"inLanguage\":\"pt-PT\",\"potentialAction\":[{\"@type\":\"ReadAction\",\"target\":[\"https:\\\/\\\/algarve7.pt\\\/index.php\\\/2025\\\/03\\\/municipio-inaugura-as-novas-instalacoes-do-centro-de-distribuicao-e-gestao-de-aguas-de-lagoa\\\/ambiente\\\/09\\\/40\\\/\"]}]},{\"@type\":\"ImageObject\",\"inLanguage\":\"pt-PT\",\"@id\":\"https:\\\/\\\/algarve7.pt\\\/index.php\\\/2025\\\/03\\\/municipio-inaugura-as-novas-instalacoes-do-centro-de-distribuicao-e-gestao-de-aguas-de-lagoa\\\/ambiente\\\/09\\\/40\\\/#primaryimage\",\"url\":\"https:\\\/\\\/algarve7.pt\\\/wp-content\\\/uploads\\\/2025\\\/03\\\/Inauguracao-Centro-distribuicao-de-gest-de-aguas-de-Lagoa-05-03-2025-9.jpg\",\"contentUrl\":\"https:\\\/\\\/algarve7.pt\\\/wp-content\\\/uploads\\\/2025\\\/03\\\/Inauguracao-Centro-distribuicao-de-gest-de-aguas-de-Lagoa-05-03-2025-9.jpg\",\"width\":800,\"height\":500},{\"@type\":\"BreadcrumbList\",\"@id\":\"https:\\\/\\\/algarve7.pt\\\/index.php\\\/2025\\\/03\\\/municipio-inaugura-as-novas-instalacoes-do-centro-de-distribuicao-e-gestao-de-aguas-de-lagoa\\\/ambiente\\\/09\\\/40\\\/#breadcrumb\",\"itemListElement\":[{\"@type\":\"ListItem\",\"position\":1,\"name\":\"In\u00edcio\",\"item\":\"https:\\\/\\\/algarve7.pt\\\/\"},{\"@type\":\"ListItem\",\"position\":2,\"name\":\"Munic\u00edpio inaugura as Novas Instala\u00e7\u00f5es do Centro de Distribui\u00e7\u00e3o e Gest\u00e3o de \u00c1guas de Lagoa\"}]},{\"@type\":\"WebSite\",\"@id\":\"https:\\\/\\\/algarve7.pt\\\/#website\",\"url\":\"https:\\\/\\\/algarve7.pt\\\/\",\"name\":\"Algarve 7\",\"description\":\"Informa\u00e7\u00e3o sobre o Algarve\",\"publisher\":{\"@id\":\"https:\\\/\\\/algarve7.pt\\\/#organization\"},\"potentialAction\":[{\"@type\":\"SearchAction\",\"target\":{\"@type\":\"EntryPoint\",\"urlTemplate\":\"https:\\\/\\\/algarve7.pt\\\/?s={search_term_string}\"},\"query-input\":{\"@type\":\"PropertyValueSpecification\",\"valueRequired\":true,\"valueName\":\"search_term_string\"}}],\"inLanguage\":\"pt-PT\"},{\"@type\":\"Organization\",\"@id\":\"https:\\\/\\\/algarve7.pt\\\/#organization\",\"name\":\"Algarve 7\",\"url\":\"https:\\\/\\\/algarve7.pt\\\/\",\"logo\":{\"@type\":\"ImageObject\",\"inLanguage\":\"pt-PT\",\"@id\":\"https:\\\/\\\/algarve7.pt\\\/#\\\/schema\\\/logo\\\/image\\\/\",\"url\":\"https:\\\/\\\/algarve7.pt\\\/wp-content\\\/uploads\\\/2020\\\/10\\\/Logo-8.jpg\",\"contentUrl\":\"https:\\\/\\\/algarve7.pt\\\/wp-content\\\/uploads\\\/2020\\\/10\\\/Logo-8.jpg\",\"width\":1680,\"height\":1186,\"caption\":\"Algarve 7\"},\"image\":{\"@id\":\"https:\\\/\\\/algarve7.pt\\\/#\\\/schema\\\/logo\\\/image\\\/\"},\"sameAs\":[\"https:\\\/\\\/www.facebook.com\\\/algarve7\",\"https:\\\/\\\/x.com\\\/Algarvesete\",\"https:\\\/\\\/www.instagram.com\\\/jornalalgarve7\\\/\",\"https:\\\/\\\/www.linkedin.com\\\/company\\\/algarve7\",\"https:\\\/\\\/www.pinterest.pt\\\/geral0939\\\/_created\\\/\"]},{\"@type\":\"Person\",\"@id\":\"https:\\\/\\\/algarve7.pt\\\/#\\\/schema\\\/person\\\/23fa70681308e7b319a3204bcea45e0c\",\"name\":\"Algarve 7\",\"sameAs\":[\"https:\\\/\\\/algarve7.pt\",\"https:\\\/\\\/www.facebook.com\\\/algarve7\"],\"url\":\"https:\\\/\\\/algarve7.pt\\\/index.php\\\/author\\\/geralalgarve7-pt\\\/\"}]}<\/script>\n<!-- \/ Yoast SEO plugin. -->","yoast_head_json":{"title":"Munic\u00edpio inaugura as Novas Instala\u00e7\u00f5es do Centro de Distribui\u00e7\u00e3o e Gest\u00e3o de \u00c1guas de Lagoa - Algarve 7","description":"Munic\u00edpio inaugura as Novas Instala\u00e7\u00f5es do Centro de Distribui\u00e7\u00e3o e Gest\u00e3o de \u00c1guas de Lagoa Ambiente","robots":{"index":"index","follow":"follow","max-snippet":"max-snippet:-1","max-image-preview":"max-image-preview:large","max-video-preview":"max-video-preview:-1"},"canonical":"https:\/\/algarve7.pt\/index.php\/2025\/03\/municipio-inaugura-as-novas-instalacoes-do-centro-de-distribuicao-e-gestao-de-aguas-de-lagoa\/ambiente\/09\/40\/","og_locale":"pt_PT","og_type":"article","og_title":"Munic\u00edpio inaugura as Novas Instala\u00e7\u00f5es do Centro de Distribui\u00e7\u00e3o e Gest\u00e3o de \u00c1guas de Lagoa - Algarve 7","og_description":"Munic\u00edpio inaugura as Novas Instala\u00e7\u00f5es do Centro de Distribui\u00e7\u00e3o e Gest\u00e3o de \u00c1guas de Lagoa Ambiente","og_url":"https:\/\/algarve7.pt\/index.php\/2025\/03\/municipio-inaugura-as-novas-instalacoes-do-centro-de-distribuicao-e-gestao-de-aguas-de-lagoa\/ambiente\/09\/40\/","og_site_name":"Algarve 7","article_publisher":"https:\/\/www.facebook.com\/algarve7","article_author":"https:\/\/www.facebook.com\/algarve7","article_published_time":"2025-03-09T09:40:00+00:00","og_image":[{"width":800,"height":500,"url":"https:\/\/algarve7.pt\/wp-content\/uploads\/2025\/03\/Inauguracao-Centro-distribuicao-de-gest-de-aguas-de-Lagoa-05-03-2025-9.jpg","type":"image\/jpeg"}],"author":"Algarve 7","twitter_card":"summary_large_image","twitter_creator":"@Algarvesete","twitter_site":"@Algarvesete","twitter_misc":{"Escrito por":"Algarve 7","Tempo estimado de leitura":"4 minutos"},"schema":{"@context":"https:\/\/schema.org","@graph":[{"@type":"Article","@id":"https:\/\/algarve7.pt\/index.php\/2025\/03\/municipio-inaugura-as-novas-instalacoes-do-centro-de-distribuicao-e-gestao-de-aguas-de-lagoa\/ambiente\/09\/40\/#article","isPartOf":{"@id":"https:\/\/algarve7.pt\/index.php\/2025\/03\/municipio-inaugura-as-novas-instalacoes-do-centro-de-distribuicao-e-gestao-de-aguas-de-lagoa\/ambiente\/09\/40\/"},"author":{"name":"Algarve 7","@id":"https:\/\/algarve7.pt\/#\/schema\/person\/23fa70681308e7b319a3204bcea45e0c"},"headline":"Munic\u00edpio inaugura as Novas Instala\u00e7\u00f5es do Centro de Distribui\u00e7\u00e3o e Gest\u00e3o de \u00c1guas de Lagoa","datePublished":"2025-03-09T09:40:00+00:00","mainEntityOfPage":{"@id":"https:\/\/algarve7.pt\/index.php\/2025\/03\/municipio-inaugura-as-novas-instalacoes-do-centro-de-distribuicao-e-gestao-de-aguas-de-lagoa\/ambiente\/09\/40\/"},"wordCount":805,"publisher":{"@id":"https:\/\/algarve7.pt\/#organization"},"image":{"@id":"https:\/\/algarve7.pt\/index.php\/2025\/03\/municipio-inaugura-as-novas-instalacoes-do-centro-de-distribuicao-e-gestao-de-aguas-de-lagoa\/ambiente\/09\/40\/#primaryimage"},"thumbnailUrl":"https:\/\/algarve7.pt\/wp-content\/uploads\/2025\/03\/Inauguracao-Centro-distribuicao-de-gest-de-aguas-de-Lagoa-05-03-2025-9.jpg","keywords":["Algarve","Ambiente","Lagoa"],"articleSection":["Ambiente"],"inLanguage":"pt-PT"},{"@type":"WebPage","@id":"https:\/\/algarve7.pt\/index.php\/2025\/03\/municipio-inaugura-as-novas-instalacoes-do-centro-de-distribuicao-e-gestao-de-aguas-de-lagoa\/ambiente\/09\/40\/","url":"https:\/\/algarve7.pt\/index.php\/2025\/03\/municipio-inaugura-as-novas-instalacoes-do-centro-de-distribuicao-e-gestao-de-aguas-de-lagoa\/ambiente\/09\/40\/","name":"Munic\u00edpio inaugura as Novas Instala\u00e7\u00f5es do Centro de Distribui\u00e7\u00e3o e Gest\u00e3o de \u00c1guas de Lagoa - Algarve 7","isPartOf":{"@id":"https:\/\/algarve7.pt\/#website"},"primaryImageOfPage":{"@id":"https:\/\/algarve7.pt\/index.php\/2025\/03\/municipio-inaugura-as-novas-instalacoes-do-centro-de-distribuicao-e-gestao-de-aguas-de-lagoa\/ambiente\/09\/40\/#primaryimage"},"image":{"@id":"https:\/\/algarve7.pt\/index.php\/2025\/03\/municipio-inaugura-as-novas-instalacoes-do-centro-de-distribuicao-e-gestao-de-aguas-de-lagoa\/ambiente\/09\/40\/#primaryimage"},"thumbnailUrl":"https:\/\/algarve7.pt\/wp-content\/uploads\/2025\/03\/Inauguracao-Centro-distribuicao-de-gest-de-aguas-de-Lagoa-05-03-2025-9.jpg","datePublished":"2025-03-09T09:40:00+00:00","description":"Munic\u00edpio inaugura as Novas Instala\u00e7\u00f5es do Centro de Distribui\u00e7\u00e3o e Gest\u00e3o de \u00c1guas de Lagoa Ambiente","breadcrumb":{"@id":"https:\/\/algarve7.pt\/index.php\/2025\/03\/municipio-inaugura-as-novas-instalacoes-do-centro-de-distribuicao-e-gestao-de-aguas-de-lagoa\/ambiente\/09\/40\/#breadcrumb"},"inLanguage":"pt-PT","potentialAction":[{"@type":"ReadAction","target":["https:\/\/algarve7.pt\/index.php\/2025\/03\/municipio-inaugura-as-novas-instalacoes-do-centro-de-distribuicao-e-gestao-de-aguas-de-lagoa\/ambiente\/09\/40\/"]}]},{"@type":"ImageObject","inLanguage":"pt-PT","@id":"https:\/\/algarve7.pt\/index.php\/2025\/03\/municipio-inaugura-as-novas-instalacoes-do-centro-de-distribuicao-e-gestao-de-aguas-de-lagoa\/ambiente\/09\/40\/#primaryimage","url":"https:\/\/algarve7.pt\/wp-content\/uploads\/2025\/03\/Inauguracao-Centro-distribuicao-de-gest-de-aguas-de-Lagoa-05-03-2025-9.jpg","contentUrl":"https:\/\/algarve7.pt\/wp-content\/uploads\/2025\/03\/Inauguracao-Centro-distribuicao-de-gest-de-aguas-de-Lagoa-05-03-2025-9.jpg","width":800,"height":500},{"@type":"BreadcrumbList","@id":"https:\/\/algarve7.pt\/index.php\/2025\/03\/municipio-inaugura-as-novas-instalacoes-do-centro-de-distribuicao-e-gestao-de-aguas-de-lagoa\/ambiente\/09\/40\/#breadcrumb","itemListElement":[{"@type":"ListItem","position":1,"name":"In\u00edcio","item":"https:\/\/algarve7.pt\/"},{"@type":"ListItem","position":2,"name":"Munic\u00edpio inaugura as Novas Instala\u00e7\u00f5es do Centro de Distribui\u00e7\u00e3o e Gest\u00e3o de \u00c1guas de Lagoa"}]},{"@type":"WebSite","@id":"https:\/\/algarve7.pt\/#website","url":"https:\/\/algarve7.pt\/","name":"Algarve 7","description":"Informa\u00e7\u00e3o sobre o Algarve","publisher":{"@id":"https:\/\/algarve7.pt\/#organization"},"potentialAction":[{"@type":"SearchAction","target":{"@type":"EntryPoint","urlTemplate":"https:\/\/algarve7.pt\/?s={search_term_string}"},"query-input":{"@type":"PropertyValueSpecification","valueRequired":true,"valueName":"search_term_string"}}],"inLanguage":"pt-PT"},{"@type":"Organization","@id":"https:\/\/algarve7.pt\/#organization","name":"Algarve 7","url":"https:\/\/algarve7.pt\/","logo":{"@type":"ImageObject","inLanguage":"pt-PT","@id":"https:\/\/algarve7.pt\/#\/schema\/logo\/image\/","url":"https:\/\/algarve7.pt\/wp-content\/uploads\/2020\/10\/Logo-8.jpg","contentUrl":"https:\/\/algarve7.pt\/wp-content\/uploads\/2020\/10\/Logo-8.jpg","width":1680,"height":1186,"caption":"Algarve 7"},"image":{"@id":"https:\/\/algarve7.pt\/#\/schema\/logo\/image\/"},"sameAs":["https:\/\/www.facebook.com\/algarve7","https:\/\/x.com\/Algarvesete","https:\/\/www.instagram.com\/jornalalgarve7\/","https:\/\/www.linkedin.com\/company\/algarve7","https:\/\/www.pinterest.pt\/geral0939\/_created\/"]},{"@type":"Person","@id":"https:\/\/algarve7.pt\/#\/schema\/person\/23fa70681308e7b319a3204bcea45e0c","name":"Algarve 7","sameAs":["https:\/\/algarve7.pt","https:\/\/www.facebook.com\/algarve7"],"url":"https:\/\/algarve7.pt\/index.php\/author\/geralalgarve7-pt\/"}]}},"jetpack_publicize_connections":[],"jetpack_featured_media_url":"https:\/\/algarve7.pt\/wp-content\/uploads\/2025\/03\/Inauguracao-Centro-distribuicao-de-gest-de-aguas-de-Lagoa-05-03-2025-9.jpg","jetpack_shortlink":"https:\/\/wp.me\/pcezmW-cvF","jetpack_sharing_enabled":true,"_links":{"self":[{"href":"https:\/\/algarve7.pt\/index.php\/wp-json\/wp\/v2\/posts\/48091","targetHints":{"allow":["GET"]}}],"collection":[{"href":"https:\/\/algarve7.pt\/index.php\/wp-json\/wp\/v2\/posts"}],"about":[{"href":"https:\/\/algarve7.pt\/index.php\/wp-json\/wp\/v2\/types\/post"}],"author":[{"embeddable":true,"href":"https:\/\/algarve7.pt\/index.php\/wp-json\/wp\/v2\/users\/1"}],"replies":[{"embeddable":true,"href":"https:\/\/algarve7.pt\/index.php\/wp-json\/wp\/v2\/comments?post=48091"}],"version-history":[{"count":0,"href":"https:\/\/algarve7.pt\/index.php\/wp-json\/wp\/v2\/posts\/48091\/revisions"}],"wp:featuredmedia":[{"embeddable":true,"href":"https:\/\/algarve7.pt\/index.php\/wp-json\/wp\/v2\/media\/48092"}],"wp:attachment":[{"href":"https:\/\/algarve7.pt\/index.php\/wp-json\/wp\/v2\/media?parent=48091"}],"wp:term":[{"taxonomy":"category","embeddable":true,"href":"https:\/\/algarve7.pt\/index.php\/wp-json\/wp\/v2\/categories?post=48091"},{"taxonomy":"post_tag","embeddable":true,"href":"https:\/\/algarve7.pt\/index.php\/wp-json\/wp\/v2\/tags?post=48091"}],"curies":[{"name":"wp","href":"https:\/\/api.w.org\/{rel}","templated":true}]}}