{"id":48061,"date":"2025-03-07T07:09:00","date_gmt":"2025-03-07T07:09:00","guid":{"rendered":"https:\/\/algarve7.pt\/?p=48061"},"modified":"2025-03-06T23:11:29","modified_gmt":"2025-03-06T23:11:29","slug":"araujo-e-luis-juntam-se-a-elias-na-segunda-ronda-do-the-campus-quinta-do-lago-open","status":"publish","type":"post","link":"https:\/\/algarve7.pt\/index.php\/2025\/03\/araujo-e-luis-juntam-se-a-elias-na-segunda-ronda-do-the-campus-quinta-do-lago-open\/desporto\/07\/09\/","title":{"rendered":"Ara\u00fajo e Lu\u00eds juntam-se a Elias na segunda ronda do The Campus Quinta do Lago Open"},"content":{"rendered":"\n<p>Depois de&nbsp;<strong>Gast\u00e3o Elias<\/strong>&nbsp;na ter\u00e7a-feira, esta quinta-feira foi a vez de&nbsp;<strong>Pedro Ara\u00fajo<\/strong>&nbsp;e&nbsp;<strong>Tom\u00e1s Lu\u00eds<\/strong>&nbsp;avan\u00e7arem para a segunda ronda do ITF M25 organizado pelo The Campus no Resort da Quinta do Lago.&nbsp;<strong>Tiago Pereira, Diogo Marques<\/strong>&nbsp;e&nbsp;<strong>Vicente<\/strong>&nbsp;<strong>Couto<\/strong>&nbsp;seguiram o caminho inverso.<\/p>\n\n\n\n<p>Num dia sem chuva, o primeiro a seguir em frente foi Pedro Ara\u00fajo (415.\u00ba classificado no&nbsp;<em>ranking<\/em>&nbsp;ATP). \u00c0 procura de vit\u00f3rias, o lisboeta de 22 anos interrompeu a s\u00e9rie negativa no Algarve \u2014 tinha perdido os \u00faltimos tr\u00eas encontros, dois em Vila Real de Santo Ant\u00f3nio e um em Faro \u2014 ao superar o&nbsp;<em>qualifier<\/em>&nbsp;espanhol&nbsp;<strong>Andres Fernandez Casanovas<\/strong>&nbsp;(1141.\u00ba) por 7-5 e 6-4.<\/p>\n\n\n\n<p>Oitavo cabe\u00e7a de s\u00e9rie, o pupilo de&nbsp;<strong>Frederico Marques<\/strong>&nbsp;precisou de recuperar de 1-5 na primeira partida e no final reconheceu que essa reviravolta foi determinante para a troca de ascendente:&nbsp;<strong>&#8220;Ele come\u00e7ou muito bem o encontro, estava a falhar pouqu\u00edssimo, mas sentiu-se mais cansado na parte final do primeiro&nbsp;<em>set<\/em>&nbsp;e eu tentei aproveitar isso. Obviamente que a 1-5 n\u00e3o estava a pensar em recuperar e ganhar o set, mas sim em ganhar um jogo, dois e ir passo a passo, mas acabei por ganhar jogos e jogos. Ele tornou-se mais agressivo e isso n\u00e3o jogou muito a favor dele, por isso acabei por aproveitar e a partir da\u00ed j\u00e1 me senti mais confort\u00e1vel&#8221;.<\/strong><\/p>\n\n\n\n<p>Pedro Ara\u00fajo foi o primeiro vencedor luso do dia e marcou encontro com espanhol,&nbsp;<strong>Mario Gonzalez Fernandez<\/strong>&nbsp;(579.\u00ba), que j\u00e1 tinha avan\u00e7ado na quarta-feira.<\/p>\n\n\n\n<p>Igualmente em frente seguiu Tom\u00e1s Lu\u00eds (1344.\u00ba). Em bom plano na \u00faltima semana, que assinalou a primeira vez na carreira em que chegou aos quartos de final de um ITF M25, o jovem de Tavira voltou a superar um jogador mais cotado, desta vez ao dar a volta ao norte-americano&nbsp;<strong>Toby Kodat<\/strong>&nbsp;(361.\u00ba) para vencer o quarto pr\u00e9-designado pelos parciais de 4-6, 6-3 e 7-5.<\/p>\n\n\n\n<p><strong>\u201cDepois da semana passada, que foi a melhor da minha vida desde que comecei a jogar profissionalmente, o maior desafio come\u00e7ou antes do jogo: era mentalizar-me de que aquela semana acabou e de que nesta come\u00e7a uma nova e de que se quero chegar a um patamar superior tenho de deixar para tr\u00e1s e ir jogo a jogo\u201d<\/strong>, explicou, sorridente, depois de rubricar uma das melhores vit\u00f3rias da carreira sob o olhar atento do treinador,&nbsp;<strong>Pedro Pereira<\/strong>, e da m\u00e3e.<\/p>\n\n\n\n<p><strong>\u201cN\u00e3o tive muito tempo para treinar aqui e adaptar-me aos campos, mas fui encontrando as minhas sensa\u00e7\u00f5es com o decorrer do encontro e a minha direita melhorou muito. Senti-me muito bem e estou muito feliz&#8221;<\/strong>, acrescentou Lu\u00eds, que tal como em Faro voltou a falar da mentalidade que tem tentado entrosar:&nbsp;<strong>&#8220;Quando voltei dos Estados Unidos da Am\u00e9rica senti que o meu jogo estava l\u00e1, mas andava meio perdido no campo. Ent\u00e3o decidi que se era para me ganharem, tinha de ser depois de darem a vida para o conseguirem.<\/strong><\/p>\n\n\n\n<p>Para igualar a campanha da semana passada, Tom\u00e1s Lu\u00eds ter\u00e1 de vingar a derrota do compatriota Vicente Couto. Depois de ultrapassar o&nbsp;<em>qualifying<\/em>&nbsp;para chegar pela primeira vez a um quadro principal, o filho de&nbsp;<strong>Emanuel Couto<\/strong>&nbsp;come\u00e7ou bem na quarta-feira (2-0), mas n\u00e3o regressou bem no dia seguinte e perdeu os 12 jogos realizados nesta quinta-feira, que resultaram numa derrota por 6-2 e 6-0 frente ao tamb\u00e9m&nbsp;<em>qualifier<\/em>&nbsp;<strong>Alejandro Lopez Escribano<\/strong>, de Espanha.<\/p>\n\n\n\n<p>Um pouco antes, Diogo Marques (853.\u00ba) perdeu com o brit\u00e2nico&nbsp;<strong>Finn Bass<\/strong>&nbsp;(953.\u00ba) por 6-3 e 6-2 num embate que tinha ficado interrompido a 6-3 e 4-1 na v\u00e9spera.<\/p>\n\n\n\n<p>A jornada tamb\u00e9m n\u00e3o sorriu a Tiago Pereira. Quatro dias depois de jogar pela primeira vez a final de um ITF M25 (terminou o Faro Open como vice-campe\u00e3o na sequ\u00eancia de uma jornada dupla), o melhor tenista algarvio da atualidade (505.\u00ba) esteve longe do n\u00edvel apresentado na campanha anterior e cedeu por 7-6(2) e 6-4 para o canadiano&nbsp;<strong>Justin Boulais<\/strong>&nbsp;(945.\u00ba).<\/p>\n\n\n\n<p>Se as condi\u00e7\u00f5es meteorol\u00f3gicas o permitirem, esta sexta-feira ser\u00e1 sin\u00f3nima de jornada dupla para os primeiros vencedores, pois est\u00e3o agendados os oito encontros da segunda ronda (todos para a parte da manh\u00e3, a partir das 10 horas) e os quatro quartos de final (j\u00e1 da parte da tarde, em hor\u00e1rio a definir).<\/p>\n\n\n\n<p>Al\u00e9m de Ara\u00fajo e Lu\u00eds, que ir\u00e3o a jogo logo no arranque da jornada, tamb\u00e9m Gast\u00e3o Elias voltar\u00e1 \u00e0 a\u00e7\u00e3o. O jogador de 34 anos venceu ainda na ter\u00e7a-feira, ap\u00f3s uma maratona de 3h26, e procura a s\u00e9tima vit\u00f3ria consecutiva no Algarve, onde h\u00e1 semana e meia regressou aos t\u00edtulos quase tr\u00eas anos depois ao triunfar em Vila Real de Santo Ant\u00f3nio.&nbsp;O advers\u00e1rio ser\u00e1 o brit\u00e2nico&nbsp;<strong>George Loffhagen<\/strong>.<\/p>\n","protected":false},"excerpt":{"rendered":"<p>Depois de&nbsp;Gast\u00e3o Elias&nbsp;na ter\u00e7a-feira, esta quinta-feira foi a vez de&nbsp;Pedro Ara\u00fajo&nbsp;e&nbsp;Tom\u00e1s Lu\u00eds&nbsp;avan\u00e7arem para a segunda ronda do ITF M25 organizado<\/p>\n","protected":false},"author":1,"featured_media":48062,"comment_status":"closed","ping_status":"closed","sticky":false,"template":"","format":"standard","meta":{"colormag_page_container_layout":"default_layout","colormag_page_sidebar_layout":"default_layout","_monsterinsights_skip_tracking":false,"_monsterinsights_sitenote_active":false,"_monsterinsights_sitenote_note":"","_monsterinsights_sitenote_category":0,"jetpack_post_was_ever_published":false,"_jetpack_newsletter_access":"","_jetpack_dont_email_post_to_subs":false,"_jetpack_newsletter_tier_id":0,"_jetpack_memberships_contains_paywalled_content":false,"_jetpack_memberships_contains_paid_content":false,"footnotes":"","jetpack_publicize_message":"","jetpack_publicize_feature_enabled":true,"jetpack_social_post_already_shared":true,"jetpack_social_options":{"image_generator_settings":{"template":"highway","default_image_id":0,"font":"","enabled":false},"version":2}},"categories":[15],"tags":[36,40],"class_list":["post-48061","post","type-post","status-publish","format-standard","has-post-thumbnail","hentry","category-desporto","tag-algarve","tag-desporto"],"yoast_head":"<!-- This site is optimized with the Yoast SEO plugin v27.5 - https:\/\/yoast.com\/product\/yoast-seo-wordpress\/ -->\n<title>Ara\u00fajo e Lu\u00eds juntam-se a Elias na segunda ronda do The Campus Quinta do Lago Open - Algarve 7<\/title>\n<meta name=\"description\" content=\"Ara\u00fajo e Lu\u00eds juntam-se a Elias na segunda ronda do The Campus Quinta do Lago Open Desporto\" \/>\n<meta name=\"robots\" content=\"index, follow, max-snippet:-1, max-image-preview:large, max-video-preview:-1\" \/>\n<link rel=\"canonical\" href=\"https:\/\/algarve7.pt\/index.php\/2025\/03\/araujo-e-luis-juntam-se-a-elias-na-segunda-ronda-do-the-campus-quinta-do-lago-open\/desporto\/07\/09\/\" \/>\n<meta property=\"og:locale\" content=\"pt_PT\" \/>\n<meta property=\"og:type\" content=\"article\" \/>\n<meta property=\"og:title\" content=\"Ara\u00fajo e Lu\u00eds juntam-se a Elias na segunda ronda do The Campus Quinta do Lago Open - Algarve 7\" \/>\n<meta property=\"og:description\" content=\"Ara\u00fajo e Lu\u00eds juntam-se a Elias na segunda ronda do The Campus Quinta do Lago Open Desporto\" \/>\n<meta property=\"og:url\" content=\"https:\/\/algarve7.pt\/index.php\/2025\/03\/araujo-e-luis-juntam-se-a-elias-na-segunda-ronda-do-the-campus-quinta-do-lago-open\/desporto\/07\/09\/\" \/>\n<meta property=\"og:site_name\" content=\"Algarve 7\" \/>\n<meta property=\"article:publisher\" content=\"https:\/\/www.facebook.com\/algarve7\" \/>\n<meta property=\"article:author\" content=\"https:\/\/www.facebook.com\/algarve7\" \/>\n<meta property=\"article:published_time\" content=\"2025-03-07T07:09:00+00:00\" \/>\n<meta property=\"og:image\" content=\"https:\/\/algarve7.pt\/wp-content\/uploads\/2025\/03\/Tomas-Luis.jpg\" \/>\n\t<meta property=\"og:image:width\" content=\"800\" \/>\n\t<meta property=\"og:image:height\" content=\"500\" \/>\n\t<meta property=\"og:image:type\" content=\"image\/jpeg\" \/>\n<meta name=\"author\" content=\"Algarve 7\" \/>\n<meta name=\"twitter:card\" content=\"summary_large_image\" \/>\n<meta name=\"twitter:creator\" content=\"@Algarvesete\" \/>\n<meta name=\"twitter:site\" content=\"@Algarvesete\" \/>\n<meta name=\"twitter:label1\" content=\"Escrito por\" \/>\n\t<meta name=\"twitter:data1\" content=\"Algarve 7\" \/>\n\t<meta name=\"twitter:label2\" content=\"Tempo estimado de leitura\" \/>\n\t<meta name=\"twitter:data2\" content=\"5 minutos\" \/>\n<script type=\"application\/ld+json\" class=\"yoast-schema-graph\">{\"@context\":\"https:\\\/\\\/schema.org\",\"@graph\":[{\"@type\":\"Article\",\"@id\":\"https:\\\/\\\/algarve7.pt\\\/index.php\\\/2025\\\/03\\\/araujo-e-luis-juntam-se-a-elias-na-segunda-ronda-do-the-campus-quinta-do-lago-open\\\/desporto\\\/07\\\/09\\\/#article\",\"isPartOf\":{\"@id\":\"https:\\\/\\\/algarve7.pt\\\/index.php\\\/2025\\\/03\\\/araujo-e-luis-juntam-se-a-elias-na-segunda-ronda-do-the-campus-quinta-do-lago-open\\\/desporto\\\/07\\\/09\\\/\"},\"author\":{\"name\":\"Algarve 7\",\"@id\":\"https:\\\/\\\/algarve7.pt\\\/#\\\/schema\\\/person\\\/23fa70681308e7b319a3204bcea45e0c\"},\"headline\":\"Ara\u00fajo e Lu\u00eds juntam-se a Elias na segunda ronda do The Campus Quinta do Lago Open\",\"datePublished\":\"2025-03-07T07:09:00+00:00\",\"mainEntityOfPage\":{\"@id\":\"https:\\\/\\\/algarve7.pt\\\/index.php\\\/2025\\\/03\\\/araujo-e-luis-juntam-se-a-elias-na-segunda-ronda-do-the-campus-quinta-do-lago-open\\\/desporto\\\/07\\\/09\\\/\"},\"wordCount\":877,\"publisher\":{\"@id\":\"https:\\\/\\\/algarve7.pt\\\/#organization\"},\"image\":{\"@id\":\"https:\\\/\\\/algarve7.pt\\\/index.php\\\/2025\\\/03\\\/araujo-e-luis-juntam-se-a-elias-na-segunda-ronda-do-the-campus-quinta-do-lago-open\\\/desporto\\\/07\\\/09\\\/#primaryimage\"},\"thumbnailUrl\":\"https:\\\/\\\/algarve7.pt\\\/wp-content\\\/uploads\\\/2025\\\/03\\\/Tomas-Luis.jpg\",\"keywords\":[\"Algarve\",\"Desporto\"],\"articleSection\":[\"Desporto\"],\"inLanguage\":\"pt-PT\"},{\"@type\":\"WebPage\",\"@id\":\"https:\\\/\\\/algarve7.pt\\\/index.php\\\/2025\\\/03\\\/araujo-e-luis-juntam-se-a-elias-na-segunda-ronda-do-the-campus-quinta-do-lago-open\\\/desporto\\\/07\\\/09\\\/\",\"url\":\"https:\\\/\\\/algarve7.pt\\\/index.php\\\/2025\\\/03\\\/araujo-e-luis-juntam-se-a-elias-na-segunda-ronda-do-the-campus-quinta-do-lago-open\\\/desporto\\\/07\\\/09\\\/\",\"name\":\"Ara\u00fajo e Lu\u00eds juntam-se a Elias na segunda ronda do The Campus Quinta do Lago Open - Algarve 7\",\"isPartOf\":{\"@id\":\"https:\\\/\\\/algarve7.pt\\\/#website\"},\"primaryImageOfPage\":{\"@id\":\"https:\\\/\\\/algarve7.pt\\\/index.php\\\/2025\\\/03\\\/araujo-e-luis-juntam-se-a-elias-na-segunda-ronda-do-the-campus-quinta-do-lago-open\\\/desporto\\\/07\\\/09\\\/#primaryimage\"},\"image\":{\"@id\":\"https:\\\/\\\/algarve7.pt\\\/index.php\\\/2025\\\/03\\\/araujo-e-luis-juntam-se-a-elias-na-segunda-ronda-do-the-campus-quinta-do-lago-open\\\/desporto\\\/07\\\/09\\\/#primaryimage\"},\"thumbnailUrl\":\"https:\\\/\\\/algarve7.pt\\\/wp-content\\\/uploads\\\/2025\\\/03\\\/Tomas-Luis.jpg\",\"datePublished\":\"2025-03-07T07:09:00+00:00\",\"description\":\"Ara\u00fajo e Lu\u00eds juntam-se a Elias na segunda ronda do The Campus Quinta do Lago Open Desporto\",\"breadcrumb\":{\"@id\":\"https:\\\/\\\/algarve7.pt\\\/index.php\\\/2025\\\/03\\\/araujo-e-luis-juntam-se-a-elias-na-segunda-ronda-do-the-campus-quinta-do-lago-open\\\/desporto\\\/07\\\/09\\\/#breadcrumb\"},\"inLanguage\":\"pt-PT\",\"potentialAction\":[{\"@type\":\"ReadAction\",\"target\":[\"https:\\\/\\\/algarve7.pt\\\/index.php\\\/2025\\\/03\\\/araujo-e-luis-juntam-se-a-elias-na-segunda-ronda-do-the-campus-quinta-do-lago-open\\\/desporto\\\/07\\\/09\\\/\"]}]},{\"@type\":\"ImageObject\",\"inLanguage\":\"pt-PT\",\"@id\":\"https:\\\/\\\/algarve7.pt\\\/index.php\\\/2025\\\/03\\\/araujo-e-luis-juntam-se-a-elias-na-segunda-ronda-do-the-campus-quinta-do-lago-open\\\/desporto\\\/07\\\/09\\\/#primaryimage\",\"url\":\"https:\\\/\\\/algarve7.pt\\\/wp-content\\\/uploads\\\/2025\\\/03\\\/Tomas-Luis.jpg\",\"contentUrl\":\"https:\\\/\\\/algarve7.pt\\\/wp-content\\\/uploads\\\/2025\\\/03\\\/Tomas-Luis.jpg\",\"width\":800,\"height\":500},{\"@type\":\"BreadcrumbList\",\"@id\":\"https:\\\/\\\/algarve7.pt\\\/index.php\\\/2025\\\/03\\\/araujo-e-luis-juntam-se-a-elias-na-segunda-ronda-do-the-campus-quinta-do-lago-open\\\/desporto\\\/07\\\/09\\\/#breadcrumb\",\"itemListElement\":[{\"@type\":\"ListItem\",\"position\":1,\"name\":\"In\u00edcio\",\"item\":\"https:\\\/\\\/algarve7.pt\\\/\"},{\"@type\":\"ListItem\",\"position\":2,\"name\":\"Ara\u00fajo e Lu\u00eds juntam-se a Elias na segunda ronda do The Campus Quinta do Lago Open\"}]},{\"@type\":\"WebSite\",\"@id\":\"https:\\\/\\\/algarve7.pt\\\/#website\",\"url\":\"https:\\\/\\\/algarve7.pt\\\/\",\"name\":\"Algarve 7\",\"description\":\"Informa\u00e7\u00e3o sobre o Algarve\",\"publisher\":{\"@id\":\"https:\\\/\\\/algarve7.pt\\\/#organization\"},\"potentialAction\":[{\"@type\":\"SearchAction\",\"target\":{\"@type\":\"EntryPoint\",\"urlTemplate\":\"https:\\\/\\\/algarve7.pt\\\/?s={search_term_string}\"},\"query-input\":{\"@type\":\"PropertyValueSpecification\",\"valueRequired\":true,\"valueName\":\"search_term_string\"}}],\"inLanguage\":\"pt-PT\"},{\"@type\":\"Organization\",\"@id\":\"https:\\\/\\\/algarve7.pt\\\/#organization\",\"name\":\"Algarve 7\",\"url\":\"https:\\\/\\\/algarve7.pt\\\/\",\"logo\":{\"@type\":\"ImageObject\",\"inLanguage\":\"pt-PT\",\"@id\":\"https:\\\/\\\/algarve7.pt\\\/#\\\/schema\\\/logo\\\/image\\\/\",\"url\":\"https:\\\/\\\/algarve7.pt\\\/wp-content\\\/uploads\\\/2020\\\/10\\\/Logo-8.jpg\",\"contentUrl\":\"https:\\\/\\\/algarve7.pt\\\/wp-content\\\/uploads\\\/2020\\\/10\\\/Logo-8.jpg\",\"width\":1680,\"height\":1186,\"caption\":\"Algarve 7\"},\"image\":{\"@id\":\"https:\\\/\\\/algarve7.pt\\\/#\\\/schema\\\/logo\\\/image\\\/\"},\"sameAs\":[\"https:\\\/\\\/www.facebook.com\\\/algarve7\",\"https:\\\/\\\/x.com\\\/Algarvesete\",\"https:\\\/\\\/www.instagram.com\\\/jornalalgarve7\\\/\",\"https:\\\/\\\/www.linkedin.com\\\/company\\\/algarve7\",\"https:\\\/\\\/www.pinterest.pt\\\/geral0939\\\/_created\\\/\"]},{\"@type\":\"Person\",\"@id\":\"https:\\\/\\\/algarve7.pt\\\/#\\\/schema\\\/person\\\/23fa70681308e7b319a3204bcea45e0c\",\"name\":\"Algarve 7\",\"sameAs\":[\"https:\\\/\\\/algarve7.pt\",\"https:\\\/\\\/www.facebook.com\\\/algarve7\"],\"url\":\"https:\\\/\\\/algarve7.pt\\\/index.php\\\/author\\\/geralalgarve7-pt\\\/\"}]}<\/script>\n<!-- \/ Yoast SEO plugin. -->","yoast_head_json":{"title":"Ara\u00fajo e Lu\u00eds juntam-se a Elias na segunda ronda do The Campus Quinta do Lago Open - Algarve 7","description":"Ara\u00fajo e Lu\u00eds juntam-se a Elias na segunda ronda do The Campus Quinta do Lago Open Desporto","robots":{"index":"index","follow":"follow","max-snippet":"max-snippet:-1","max-image-preview":"max-image-preview:large","max-video-preview":"max-video-preview:-1"},"canonical":"https:\/\/algarve7.pt\/index.php\/2025\/03\/araujo-e-luis-juntam-se-a-elias-na-segunda-ronda-do-the-campus-quinta-do-lago-open\/desporto\/07\/09\/","og_locale":"pt_PT","og_type":"article","og_title":"Ara\u00fajo e Lu\u00eds juntam-se a Elias na segunda ronda do The Campus Quinta do Lago Open - Algarve 7","og_description":"Ara\u00fajo e Lu\u00eds juntam-se a Elias na segunda ronda do The Campus Quinta do Lago Open Desporto","og_url":"https:\/\/algarve7.pt\/index.php\/2025\/03\/araujo-e-luis-juntam-se-a-elias-na-segunda-ronda-do-the-campus-quinta-do-lago-open\/desporto\/07\/09\/","og_site_name":"Algarve 7","article_publisher":"https:\/\/www.facebook.com\/algarve7","article_author":"https:\/\/www.facebook.com\/algarve7","article_published_time":"2025-03-07T07:09:00+00:00","og_image":[{"width":800,"height":500,"url":"https:\/\/algarve7.pt\/wp-content\/uploads\/2025\/03\/Tomas-Luis.jpg","type":"image\/jpeg"}],"author":"Algarve 7","twitter_card":"summary_large_image","twitter_creator":"@Algarvesete","twitter_site":"@Algarvesete","twitter_misc":{"Escrito por":"Algarve 7","Tempo estimado de leitura":"5 minutos"},"schema":{"@context":"https:\/\/schema.org","@graph":[{"@type":"Article","@id":"https:\/\/algarve7.pt\/index.php\/2025\/03\/araujo-e-luis-juntam-se-a-elias-na-segunda-ronda-do-the-campus-quinta-do-lago-open\/desporto\/07\/09\/#article","isPartOf":{"@id":"https:\/\/algarve7.pt\/index.php\/2025\/03\/araujo-e-luis-juntam-se-a-elias-na-segunda-ronda-do-the-campus-quinta-do-lago-open\/desporto\/07\/09\/"},"author":{"name":"Algarve 7","@id":"https:\/\/algarve7.pt\/#\/schema\/person\/23fa70681308e7b319a3204bcea45e0c"},"headline":"Ara\u00fajo e Lu\u00eds juntam-se a Elias na segunda ronda do The Campus Quinta do Lago Open","datePublished":"2025-03-07T07:09:00+00:00","mainEntityOfPage":{"@id":"https:\/\/algarve7.pt\/index.php\/2025\/03\/araujo-e-luis-juntam-se-a-elias-na-segunda-ronda-do-the-campus-quinta-do-lago-open\/desporto\/07\/09\/"},"wordCount":877,"publisher":{"@id":"https:\/\/algarve7.pt\/#organization"},"image":{"@id":"https:\/\/algarve7.pt\/index.php\/2025\/03\/araujo-e-luis-juntam-se-a-elias-na-segunda-ronda-do-the-campus-quinta-do-lago-open\/desporto\/07\/09\/#primaryimage"},"thumbnailUrl":"https:\/\/algarve7.pt\/wp-content\/uploads\/2025\/03\/Tomas-Luis.jpg","keywords":["Algarve","Desporto"],"articleSection":["Desporto"],"inLanguage":"pt-PT"},{"@type":"WebPage","@id":"https:\/\/algarve7.pt\/index.php\/2025\/03\/araujo-e-luis-juntam-se-a-elias-na-segunda-ronda-do-the-campus-quinta-do-lago-open\/desporto\/07\/09\/","url":"https:\/\/algarve7.pt\/index.php\/2025\/03\/araujo-e-luis-juntam-se-a-elias-na-segunda-ronda-do-the-campus-quinta-do-lago-open\/desporto\/07\/09\/","name":"Ara\u00fajo e Lu\u00eds juntam-se a Elias na segunda ronda do The Campus Quinta do Lago Open - Algarve 7","isPartOf":{"@id":"https:\/\/algarve7.pt\/#website"},"primaryImageOfPage":{"@id":"https:\/\/algarve7.pt\/index.php\/2025\/03\/araujo-e-luis-juntam-se-a-elias-na-segunda-ronda-do-the-campus-quinta-do-lago-open\/desporto\/07\/09\/#primaryimage"},"image":{"@id":"https:\/\/algarve7.pt\/index.php\/2025\/03\/araujo-e-luis-juntam-se-a-elias-na-segunda-ronda-do-the-campus-quinta-do-lago-open\/desporto\/07\/09\/#primaryimage"},"thumbnailUrl":"https:\/\/algarve7.pt\/wp-content\/uploads\/2025\/03\/Tomas-Luis.jpg","datePublished":"2025-03-07T07:09:00+00:00","description":"Ara\u00fajo e Lu\u00eds juntam-se a Elias na segunda ronda do The Campus Quinta do Lago Open Desporto","breadcrumb":{"@id":"https:\/\/algarve7.pt\/index.php\/2025\/03\/araujo-e-luis-juntam-se-a-elias-na-segunda-ronda-do-the-campus-quinta-do-lago-open\/desporto\/07\/09\/#breadcrumb"},"inLanguage":"pt-PT","potentialAction":[{"@type":"ReadAction","target":["https:\/\/algarve7.pt\/index.php\/2025\/03\/araujo-e-luis-juntam-se-a-elias-na-segunda-ronda-do-the-campus-quinta-do-lago-open\/desporto\/07\/09\/"]}]},{"@type":"ImageObject","inLanguage":"pt-PT","@id":"https:\/\/algarve7.pt\/index.php\/2025\/03\/araujo-e-luis-juntam-se-a-elias-na-segunda-ronda-do-the-campus-quinta-do-lago-open\/desporto\/07\/09\/#primaryimage","url":"https:\/\/algarve7.pt\/wp-content\/uploads\/2025\/03\/Tomas-Luis.jpg","contentUrl":"https:\/\/algarve7.pt\/wp-content\/uploads\/2025\/03\/Tomas-Luis.jpg","width":800,"height":500},{"@type":"BreadcrumbList","@id":"https:\/\/algarve7.pt\/index.php\/2025\/03\/araujo-e-luis-juntam-se-a-elias-na-segunda-ronda-do-the-campus-quinta-do-lago-open\/desporto\/07\/09\/#breadcrumb","itemListElement":[{"@type":"ListItem","position":1,"name":"In\u00edcio","item":"https:\/\/algarve7.pt\/"},{"@type":"ListItem","position":2,"name":"Ara\u00fajo e Lu\u00eds juntam-se a Elias na segunda ronda do The Campus Quinta do Lago Open"}]},{"@type":"WebSite","@id":"https:\/\/algarve7.pt\/#website","url":"https:\/\/algarve7.pt\/","name":"Algarve 7","description":"Informa\u00e7\u00e3o sobre o Algarve","publisher":{"@id":"https:\/\/algarve7.pt\/#organization"},"potentialAction":[{"@type":"SearchAction","target":{"@type":"EntryPoint","urlTemplate":"https:\/\/algarve7.pt\/?s={search_term_string}"},"query-input":{"@type":"PropertyValueSpecification","valueRequired":true,"valueName":"search_term_string"}}],"inLanguage":"pt-PT"},{"@type":"Organization","@id":"https:\/\/algarve7.pt\/#organization","name":"Algarve 7","url":"https:\/\/algarve7.pt\/","logo":{"@type":"ImageObject","inLanguage":"pt-PT","@id":"https:\/\/algarve7.pt\/#\/schema\/logo\/image\/","url":"https:\/\/algarve7.pt\/wp-content\/uploads\/2020\/10\/Logo-8.jpg","contentUrl":"https:\/\/algarve7.pt\/wp-content\/uploads\/2020\/10\/Logo-8.jpg","width":1680,"height":1186,"caption":"Algarve 7"},"image":{"@id":"https:\/\/algarve7.pt\/#\/schema\/logo\/image\/"},"sameAs":["https:\/\/www.facebook.com\/algarve7","https:\/\/x.com\/Algarvesete","https:\/\/www.instagram.com\/jornalalgarve7\/","https:\/\/www.linkedin.com\/company\/algarve7","https:\/\/www.pinterest.pt\/geral0939\/_created\/"]},{"@type":"Person","@id":"https:\/\/algarve7.pt\/#\/schema\/person\/23fa70681308e7b319a3204bcea45e0c","name":"Algarve 7","sameAs":["https:\/\/algarve7.pt","https:\/\/www.facebook.com\/algarve7"],"url":"https:\/\/algarve7.pt\/index.php\/author\/geralalgarve7-pt\/"}]}},"jetpack_publicize_connections":[],"jetpack_featured_media_url":"https:\/\/algarve7.pt\/wp-content\/uploads\/2025\/03\/Tomas-Luis.jpg","jetpack_shortlink":"https:\/\/wp.me\/pcezmW-cvb","jetpack_sharing_enabled":true,"_links":{"self":[{"href":"https:\/\/algarve7.pt\/index.php\/wp-json\/wp\/v2\/posts\/48061","targetHints":{"allow":["GET"]}}],"collection":[{"href":"https:\/\/algarve7.pt\/index.php\/wp-json\/wp\/v2\/posts"}],"about":[{"href":"https:\/\/algarve7.pt\/index.php\/wp-json\/wp\/v2\/types\/post"}],"author":[{"embeddable":true,"href":"https:\/\/algarve7.pt\/index.php\/wp-json\/wp\/v2\/users\/1"}],"replies":[{"embeddable":true,"href":"https:\/\/algarve7.pt\/index.php\/wp-json\/wp\/v2\/comments?post=48061"}],"version-history":[{"count":0,"href":"https:\/\/algarve7.pt\/index.php\/wp-json\/wp\/v2\/posts\/48061\/revisions"}],"wp:featuredmedia":[{"embeddable":true,"href":"https:\/\/algarve7.pt\/index.php\/wp-json\/wp\/v2\/media\/48062"}],"wp:attachment":[{"href":"https:\/\/algarve7.pt\/index.php\/wp-json\/wp\/v2\/media?parent=48061"}],"wp:term":[{"taxonomy":"category","embeddable":true,"href":"https:\/\/algarve7.pt\/index.php\/wp-json\/wp\/v2\/categories?post=48061"},{"taxonomy":"post_tag","embeddable":true,"href":"https:\/\/algarve7.pt\/index.php\/wp-json\/wp\/v2\/tags?post=48061"}],"curies":[{"name":"wp","href":"https:\/\/api.w.org\/{rel}","templated":true}]}}