{"id":47950,"date":"2025-03-05T07:00:00","date_gmt":"2025-03-05T07:00:00","guid":{"rendered":"https:\/\/algarve7.pt\/?p=47950"},"modified":"2025-03-04T15:59:50","modified_gmt":"2025-03-04T15:59:50","slug":"vilamoura-encerra-em-grande-a-51a-edicao-do-torneio-internacional-de-vela-do-carnaval","status":"publish","type":"post","link":"https:\/\/algarve7.pt\/index.php\/2025\/03\/vilamoura-encerra-em-grande-a-51a-edicao-do-torneio-internacional-de-vela-do-carnaval\/desporto\/07\/00\/","title":{"rendered":"Vilamoura encerra em grande a 51\u00aa edi\u00e7\u00e3o do Torneio Internacional de Vela do Carnaval"},"content":{"rendered":"\n<p><em>\u201cUm enorme sucesso o 51\u00ba Torneio Internacional de vela do Carnaval de Vilamoura.<\/em><\/p>\n\n\n\n<p><em>A 51\u00ba Edi\u00e7\u00e3o do Torneio, pautou-se pela presen\u00e7a massiva de velejadores Estrangeiros, que demonstra a confian\u00e7a que os mesmos, voltaram a depositar na capacidade organizativa do Clube Internacional da Marina de Vilamoura.<\/em><\/p>\n\n\n\n<p><em>Com muito eventos Internacionais a acontecerem em Vilamoura anualmente, voltamos a captar a aten\u00e7\u00e3o das equipas Internacionais para participarem neste prestigiado Torneio\u201d<\/em><\/p>\n\n\n\n<p>Palavras de Isolete Correia, CEO do Vilamoura World e Presidente do Clube Internacional da Marina de Vilamoura.<\/p>\n\n\n\n<p>Com mais de 350 embarca\u00e7\u00f5es em prova, distribu\u00eddas por sete classes \u2013&nbsp;<strong>Optimist, Optimist J\u00fanior, ILCA 4, ILCA 6, ILCA 7, Snipe e 420<\/strong>&nbsp;\u2013 a competi\u00e7\u00e3o decorreu em tr\u00eas campos de regata, reunindo atletas de&nbsp;<strong>17 pa\u00edses<\/strong>. A forte participa\u00e7\u00e3o espanhola voltou a destacar-se, sendo a frota internacional mais numerosa a seguir a Portugal.<\/p>\n\n\n\n<p>Este torneio, teve um significado especial para muitos dos velejadores presentes, que j\u00e1 olham para dezembro, altura em que Vilamoura ser\u00e1 palco do&nbsp;<strong>Campeonato do Mundo da Juventude<\/strong>. Para v\u00e1rios atletas, estas regatas serviram como um primeiro teste para a grande competi\u00e7\u00e3o internacional que se avizinha.<\/p>\n\n\n\n<p>Em termos nacionais, a prova voltou a desempenhar um papel determinante no calend\u00e1rio competitivo, contando para os rankings das classes&nbsp;<strong>420, ILCA 4, ILCA 6 e ILCA 7<\/strong>.<\/p>\n\n\n\n<p>Ap\u00f3s tr\u00eas dias intensos de competi\u00e7\u00e3o, os vencedores das respetivas classes foram:<\/p>\n\n\n\n<p><strong>Optimist<\/strong>&nbsp;<strong>Juvenil<\/strong>\u2013 Guilherme Ryder (Portugal)<br><strong>Optimist Infantil<\/strong>&nbsp;\u2013 Tom\u00e1s CAETANO (Portugal)<br><strong>ILCA 4<\/strong>&nbsp;\u2013 David CABRITA (Portugal)<br><strong>ILCA 6<\/strong>&nbsp;\u2013 Jiri TOMES (Rep\u00fablica Checa)<br><strong>ILCA 7<\/strong>&nbsp;\u2013 Louren\u00e7o MATEUS (Portugal)<br><strong>Snipe<\/strong>&nbsp;\u2013 Damian BORRAS CAMPS e Maria CORREA (Espanha)<br><strong>420<\/strong>&nbsp;\u2013 Constan\u00e7a QUARESMA e Marta COSTA (Portugal)<\/p>\n\n\n\n<p>A 51\u00aa edi\u00e7\u00e3o contou com o apoio institucional da&nbsp;<strong>C\u00e2mara Municipal de Loul\u00e9, Junta de Freguesia de Quarteira, Inframoura, Marina de Vilamoura, Vilamoura World<\/strong>, bem como da&nbsp;<strong>Federa\u00e7\u00e3o Portuguesa de Vela, Associa\u00e7\u00e3o Regional de Vela do Sul, IPDJ, Prow Group<\/strong>&nbsp;e&nbsp;<strong>D. Pedro Hotels<\/strong>.<\/p>\n\n\n\n<p>Vilamoura despede-se assim de mais uma edi\u00e7\u00e3o memor\u00e1vel do&nbsp;<strong>Torneio Internacional de Vela do Carnaval<\/strong>, refor\u00e7ando a sua posi\u00e7\u00e3o como um dos destinos de vela mais prestigiados do mundo.<\/p>\n","protected":false},"excerpt":{"rendered":"<p>\u201cUm enorme sucesso o 51\u00ba Torneio Internacional de vela do Carnaval de Vilamoura. A 51\u00ba Edi\u00e7\u00e3o do Torneio, pautou-se pela<\/p>\n","protected":false},"author":1,"featured_media":47951,"comment_status":"closed","ping_status":"closed","sticky":false,"template":"","format":"standard","meta":{"colormag_page_container_layout":"default_layout","colormag_page_sidebar_layout":"default_layout","_monsterinsights_skip_tracking":false,"_monsterinsights_sitenote_active":false,"_monsterinsights_sitenote_note":"","_monsterinsights_sitenote_category":0,"jetpack_post_was_ever_published":false,"_jetpack_newsletter_access":"","_jetpack_dont_email_post_to_subs":false,"_jetpack_newsletter_tier_id":0,"_jetpack_memberships_contains_paywalled_content":false,"_jetpack_memberships_contains_paid_content":false,"footnotes":"","jetpack_publicize_message":"","jetpack_publicize_feature_enabled":true,"jetpack_social_post_already_shared":true,"jetpack_social_options":{"image_generator_settings":{"template":"highway","default_image_id":0,"font":"","enabled":false},"version":2}},"categories":[15],"tags":[36,40,105,121],"class_list":["post-47950","post","type-post","status-publish","format-standard","has-post-thumbnail","hentry","category-desporto","tag-algarve","tag-desporto","tag-vela","tag-vilamoura"],"yoast_head":"<!-- This site is optimized with the Yoast SEO plugin v27.5 - https:\/\/yoast.com\/product\/yoast-seo-wordpress\/ -->\n<title>Vilamoura encerra em grande a 51\u00aa edi\u00e7\u00e3o do Torneio Internacional de Vela do Carnaval - Algarve 7<\/title>\n<meta name=\"description\" content=\"Vilamoura encerra em grande a 51\u00aa edi\u00e7\u00e3o do Torneio Internacional de Vela do Carnaval Desporto\" \/>\n<meta name=\"robots\" content=\"index, follow, max-snippet:-1, max-image-preview:large, max-video-preview:-1\" \/>\n<link rel=\"canonical\" href=\"https:\/\/algarve7.pt\/index.php\/2025\/03\/vilamoura-encerra-em-grande-a-51a-edicao-do-torneio-internacional-de-vela-do-carnaval\/desporto\/07\/00\/\" \/>\n<meta property=\"og:locale\" content=\"pt_PT\" \/>\n<meta property=\"og:type\" content=\"article\" \/>\n<meta property=\"og:title\" content=\"Vilamoura encerra em grande a 51\u00aa edi\u00e7\u00e3o do Torneio Internacional de Vela do Carnaval - Algarve 7\" \/>\n<meta property=\"og:description\" content=\"Vilamoura encerra em grande a 51\u00aa edi\u00e7\u00e3o do Torneio Internacional de Vela do Carnaval Desporto\" \/>\n<meta property=\"og:url\" content=\"https:\/\/algarve7.pt\/index.php\/2025\/03\/vilamoura-encerra-em-grande-a-51a-edicao-do-torneio-internacional-de-vela-do-carnaval\/desporto\/07\/00\/\" \/>\n<meta property=\"og:site_name\" content=\"Algarve 7\" \/>\n<meta property=\"article:publisher\" content=\"https:\/\/www.facebook.com\/algarve7\" \/>\n<meta property=\"article:author\" content=\"https:\/\/www.facebook.com\/algarve7\" \/>\n<meta property=\"article:published_time\" content=\"2025-03-05T07:00:00+00:00\" \/>\n<meta property=\"og:image\" content=\"https:\/\/algarve7.pt\/wp-content\/uploads\/2025\/03\/03032025-5P7A9089.jpg\" \/>\n\t<meta property=\"og:image:width\" content=\"800\" \/>\n\t<meta property=\"og:image:height\" content=\"500\" \/>\n\t<meta property=\"og:image:type\" content=\"image\/jpeg\" \/>\n<meta name=\"author\" content=\"Algarve 7\" \/>\n<meta name=\"twitter:card\" content=\"summary_large_image\" \/>\n<meta name=\"twitter:creator\" content=\"@Algarvesete\" \/>\n<meta name=\"twitter:site\" content=\"@Algarvesete\" \/>\n<meta name=\"twitter:label1\" content=\"Escrito por\" \/>\n\t<meta name=\"twitter:data1\" content=\"Algarve 7\" \/>\n\t<meta name=\"twitter:label2\" content=\"Tempo estimado de leitura\" \/>\n\t<meta name=\"twitter:data2\" content=\"3 minutos\" \/>\n<script type=\"application\/ld+json\" class=\"yoast-schema-graph\">{\"@context\":\"https:\\\/\\\/schema.org\",\"@graph\":[{\"@type\":\"Article\",\"@id\":\"https:\\\/\\\/algarve7.pt\\\/index.php\\\/2025\\\/03\\\/vilamoura-encerra-em-grande-a-51a-edicao-do-torneio-internacional-de-vela-do-carnaval\\\/desporto\\\/07\\\/00\\\/#article\",\"isPartOf\":{\"@id\":\"https:\\\/\\\/algarve7.pt\\\/index.php\\\/2025\\\/03\\\/vilamoura-encerra-em-grande-a-51a-edicao-do-torneio-internacional-de-vela-do-carnaval\\\/desporto\\\/07\\\/00\\\/\"},\"author\":{\"name\":\"Algarve 7\",\"@id\":\"https:\\\/\\\/algarve7.pt\\\/#\\\/schema\\\/person\\\/23fa70681308e7b319a3204bcea45e0c\"},\"headline\":\"Vilamoura encerra em grande a 51\u00aa edi\u00e7\u00e3o do Torneio Internacional de Vela do Carnaval\",\"datePublished\":\"2025-03-05T07:00:00+00:00\",\"mainEntityOfPage\":{\"@id\":\"https:\\\/\\\/algarve7.pt\\\/index.php\\\/2025\\\/03\\\/vilamoura-encerra-em-grande-a-51a-edicao-do-torneio-internacional-de-vela-do-carnaval\\\/desporto\\\/07\\\/00\\\/\"},\"wordCount\":380,\"publisher\":{\"@id\":\"https:\\\/\\\/algarve7.pt\\\/#organization\"},\"image\":{\"@id\":\"https:\\\/\\\/algarve7.pt\\\/index.php\\\/2025\\\/03\\\/vilamoura-encerra-em-grande-a-51a-edicao-do-torneio-internacional-de-vela-do-carnaval\\\/desporto\\\/07\\\/00\\\/#primaryimage\"},\"thumbnailUrl\":\"https:\\\/\\\/algarve7.pt\\\/wp-content\\\/uploads\\\/2025\\\/03\\\/03032025-5P7A9089.jpg\",\"keywords\":[\"Algarve\",\"Desporto\",\"Vela\",\"Vilamoura\"],\"articleSection\":[\"Desporto\"],\"inLanguage\":\"pt-PT\"},{\"@type\":\"WebPage\",\"@id\":\"https:\\\/\\\/algarve7.pt\\\/index.php\\\/2025\\\/03\\\/vilamoura-encerra-em-grande-a-51a-edicao-do-torneio-internacional-de-vela-do-carnaval\\\/desporto\\\/07\\\/00\\\/\",\"url\":\"https:\\\/\\\/algarve7.pt\\\/index.php\\\/2025\\\/03\\\/vilamoura-encerra-em-grande-a-51a-edicao-do-torneio-internacional-de-vela-do-carnaval\\\/desporto\\\/07\\\/00\\\/\",\"name\":\"Vilamoura encerra em grande a 51\u00aa edi\u00e7\u00e3o do Torneio Internacional de Vela do Carnaval - Algarve 7\",\"isPartOf\":{\"@id\":\"https:\\\/\\\/algarve7.pt\\\/#website\"},\"primaryImageOfPage\":{\"@id\":\"https:\\\/\\\/algarve7.pt\\\/index.php\\\/2025\\\/03\\\/vilamoura-encerra-em-grande-a-51a-edicao-do-torneio-internacional-de-vela-do-carnaval\\\/desporto\\\/07\\\/00\\\/#primaryimage\"},\"image\":{\"@id\":\"https:\\\/\\\/algarve7.pt\\\/index.php\\\/2025\\\/03\\\/vilamoura-encerra-em-grande-a-51a-edicao-do-torneio-internacional-de-vela-do-carnaval\\\/desporto\\\/07\\\/00\\\/#primaryimage\"},\"thumbnailUrl\":\"https:\\\/\\\/algarve7.pt\\\/wp-content\\\/uploads\\\/2025\\\/03\\\/03032025-5P7A9089.jpg\",\"datePublished\":\"2025-03-05T07:00:00+00:00\",\"description\":\"Vilamoura encerra em grande a 51\u00aa edi\u00e7\u00e3o do Torneio Internacional de Vela do Carnaval Desporto\",\"breadcrumb\":{\"@id\":\"https:\\\/\\\/algarve7.pt\\\/index.php\\\/2025\\\/03\\\/vilamoura-encerra-em-grande-a-51a-edicao-do-torneio-internacional-de-vela-do-carnaval\\\/desporto\\\/07\\\/00\\\/#breadcrumb\"},\"inLanguage\":\"pt-PT\",\"potentialAction\":[{\"@type\":\"ReadAction\",\"target\":[\"https:\\\/\\\/algarve7.pt\\\/index.php\\\/2025\\\/03\\\/vilamoura-encerra-em-grande-a-51a-edicao-do-torneio-internacional-de-vela-do-carnaval\\\/desporto\\\/07\\\/00\\\/\"]}]},{\"@type\":\"ImageObject\",\"inLanguage\":\"pt-PT\",\"@id\":\"https:\\\/\\\/algarve7.pt\\\/index.php\\\/2025\\\/03\\\/vilamoura-encerra-em-grande-a-51a-edicao-do-torneio-internacional-de-vela-do-carnaval\\\/desporto\\\/07\\\/00\\\/#primaryimage\",\"url\":\"https:\\\/\\\/algarve7.pt\\\/wp-content\\\/uploads\\\/2025\\\/03\\\/03032025-5P7A9089.jpg\",\"contentUrl\":\"https:\\\/\\\/algarve7.pt\\\/wp-content\\\/uploads\\\/2025\\\/03\\\/03032025-5P7A9089.jpg\",\"width\":800,\"height\":500},{\"@type\":\"BreadcrumbList\",\"@id\":\"https:\\\/\\\/algarve7.pt\\\/index.php\\\/2025\\\/03\\\/vilamoura-encerra-em-grande-a-51a-edicao-do-torneio-internacional-de-vela-do-carnaval\\\/desporto\\\/07\\\/00\\\/#breadcrumb\",\"itemListElement\":[{\"@type\":\"ListItem\",\"position\":1,\"name\":\"In\u00edcio\",\"item\":\"https:\\\/\\\/algarve7.pt\\\/\"},{\"@type\":\"ListItem\",\"position\":2,\"name\":\"Vilamoura encerra em grande a 51\u00aa edi\u00e7\u00e3o do Torneio Internacional de Vela do Carnaval\"}]},{\"@type\":\"WebSite\",\"@id\":\"https:\\\/\\\/algarve7.pt\\\/#website\",\"url\":\"https:\\\/\\\/algarve7.pt\\\/\",\"name\":\"Algarve 7\",\"description\":\"Informa\u00e7\u00e3o sobre o Algarve\",\"publisher\":{\"@id\":\"https:\\\/\\\/algarve7.pt\\\/#organization\"},\"potentialAction\":[{\"@type\":\"SearchAction\",\"target\":{\"@type\":\"EntryPoint\",\"urlTemplate\":\"https:\\\/\\\/algarve7.pt\\\/?s={search_term_string}\"},\"query-input\":{\"@type\":\"PropertyValueSpecification\",\"valueRequired\":true,\"valueName\":\"search_term_string\"}}],\"inLanguage\":\"pt-PT\"},{\"@type\":\"Organization\",\"@id\":\"https:\\\/\\\/algarve7.pt\\\/#organization\",\"name\":\"Algarve 7\",\"url\":\"https:\\\/\\\/algarve7.pt\\\/\",\"logo\":{\"@type\":\"ImageObject\",\"inLanguage\":\"pt-PT\",\"@id\":\"https:\\\/\\\/algarve7.pt\\\/#\\\/schema\\\/logo\\\/image\\\/\",\"url\":\"https:\\\/\\\/algarve7.pt\\\/wp-content\\\/uploads\\\/2020\\\/10\\\/Logo-8.jpg\",\"contentUrl\":\"https:\\\/\\\/algarve7.pt\\\/wp-content\\\/uploads\\\/2020\\\/10\\\/Logo-8.jpg\",\"width\":1680,\"height\":1186,\"caption\":\"Algarve 7\"},\"image\":{\"@id\":\"https:\\\/\\\/algarve7.pt\\\/#\\\/schema\\\/logo\\\/image\\\/\"},\"sameAs\":[\"https:\\\/\\\/www.facebook.com\\\/algarve7\",\"https:\\\/\\\/x.com\\\/Algarvesete\",\"https:\\\/\\\/www.instagram.com\\\/jornalalgarve7\\\/\",\"https:\\\/\\\/www.linkedin.com\\\/company\\\/algarve7\",\"https:\\\/\\\/www.pinterest.pt\\\/geral0939\\\/_created\\\/\"]},{\"@type\":\"Person\",\"@id\":\"https:\\\/\\\/algarve7.pt\\\/#\\\/schema\\\/person\\\/23fa70681308e7b319a3204bcea45e0c\",\"name\":\"Algarve 7\",\"sameAs\":[\"https:\\\/\\\/algarve7.pt\",\"https:\\\/\\\/www.facebook.com\\\/algarve7\"],\"url\":\"https:\\\/\\\/algarve7.pt\\\/index.php\\\/author\\\/geralalgarve7-pt\\\/\"}]}<\/script>\n<!-- \/ Yoast SEO plugin. -->","yoast_head_json":{"title":"Vilamoura encerra em grande a 51\u00aa edi\u00e7\u00e3o do Torneio Internacional de Vela do Carnaval - Algarve 7","description":"Vilamoura encerra em grande a 51\u00aa edi\u00e7\u00e3o do Torneio Internacional de Vela do Carnaval Desporto","robots":{"index":"index","follow":"follow","max-snippet":"max-snippet:-1","max-image-preview":"max-image-preview:large","max-video-preview":"max-video-preview:-1"},"canonical":"https:\/\/algarve7.pt\/index.php\/2025\/03\/vilamoura-encerra-em-grande-a-51a-edicao-do-torneio-internacional-de-vela-do-carnaval\/desporto\/07\/00\/","og_locale":"pt_PT","og_type":"article","og_title":"Vilamoura encerra em grande a 51\u00aa edi\u00e7\u00e3o do Torneio Internacional de Vela do Carnaval - Algarve 7","og_description":"Vilamoura encerra em grande a 51\u00aa edi\u00e7\u00e3o do Torneio Internacional de Vela do Carnaval Desporto","og_url":"https:\/\/algarve7.pt\/index.php\/2025\/03\/vilamoura-encerra-em-grande-a-51a-edicao-do-torneio-internacional-de-vela-do-carnaval\/desporto\/07\/00\/","og_site_name":"Algarve 7","article_publisher":"https:\/\/www.facebook.com\/algarve7","article_author":"https:\/\/www.facebook.com\/algarve7","article_published_time":"2025-03-05T07:00:00+00:00","og_image":[{"width":800,"height":500,"url":"https:\/\/algarve7.pt\/wp-content\/uploads\/2025\/03\/03032025-5P7A9089.jpg","type":"image\/jpeg"}],"author":"Algarve 7","twitter_card":"summary_large_image","twitter_creator":"@Algarvesete","twitter_site":"@Algarvesete","twitter_misc":{"Escrito por":"Algarve 7","Tempo estimado de leitura":"3 minutos"},"schema":{"@context":"https:\/\/schema.org","@graph":[{"@type":"Article","@id":"https:\/\/algarve7.pt\/index.php\/2025\/03\/vilamoura-encerra-em-grande-a-51a-edicao-do-torneio-internacional-de-vela-do-carnaval\/desporto\/07\/00\/#article","isPartOf":{"@id":"https:\/\/algarve7.pt\/index.php\/2025\/03\/vilamoura-encerra-em-grande-a-51a-edicao-do-torneio-internacional-de-vela-do-carnaval\/desporto\/07\/00\/"},"author":{"name":"Algarve 7","@id":"https:\/\/algarve7.pt\/#\/schema\/person\/23fa70681308e7b319a3204bcea45e0c"},"headline":"Vilamoura encerra em grande a 51\u00aa edi\u00e7\u00e3o do Torneio Internacional de Vela do Carnaval","datePublished":"2025-03-05T07:00:00+00:00","mainEntityOfPage":{"@id":"https:\/\/algarve7.pt\/index.php\/2025\/03\/vilamoura-encerra-em-grande-a-51a-edicao-do-torneio-internacional-de-vela-do-carnaval\/desporto\/07\/00\/"},"wordCount":380,"publisher":{"@id":"https:\/\/algarve7.pt\/#organization"},"image":{"@id":"https:\/\/algarve7.pt\/index.php\/2025\/03\/vilamoura-encerra-em-grande-a-51a-edicao-do-torneio-internacional-de-vela-do-carnaval\/desporto\/07\/00\/#primaryimage"},"thumbnailUrl":"https:\/\/algarve7.pt\/wp-content\/uploads\/2025\/03\/03032025-5P7A9089.jpg","keywords":["Algarve","Desporto","Vela","Vilamoura"],"articleSection":["Desporto"],"inLanguage":"pt-PT"},{"@type":"WebPage","@id":"https:\/\/algarve7.pt\/index.php\/2025\/03\/vilamoura-encerra-em-grande-a-51a-edicao-do-torneio-internacional-de-vela-do-carnaval\/desporto\/07\/00\/","url":"https:\/\/algarve7.pt\/index.php\/2025\/03\/vilamoura-encerra-em-grande-a-51a-edicao-do-torneio-internacional-de-vela-do-carnaval\/desporto\/07\/00\/","name":"Vilamoura encerra em grande a 51\u00aa edi\u00e7\u00e3o do Torneio Internacional de Vela do Carnaval - Algarve 7","isPartOf":{"@id":"https:\/\/algarve7.pt\/#website"},"primaryImageOfPage":{"@id":"https:\/\/algarve7.pt\/index.php\/2025\/03\/vilamoura-encerra-em-grande-a-51a-edicao-do-torneio-internacional-de-vela-do-carnaval\/desporto\/07\/00\/#primaryimage"},"image":{"@id":"https:\/\/algarve7.pt\/index.php\/2025\/03\/vilamoura-encerra-em-grande-a-51a-edicao-do-torneio-internacional-de-vela-do-carnaval\/desporto\/07\/00\/#primaryimage"},"thumbnailUrl":"https:\/\/algarve7.pt\/wp-content\/uploads\/2025\/03\/03032025-5P7A9089.jpg","datePublished":"2025-03-05T07:00:00+00:00","description":"Vilamoura encerra em grande a 51\u00aa edi\u00e7\u00e3o do Torneio Internacional de Vela do Carnaval Desporto","breadcrumb":{"@id":"https:\/\/algarve7.pt\/index.php\/2025\/03\/vilamoura-encerra-em-grande-a-51a-edicao-do-torneio-internacional-de-vela-do-carnaval\/desporto\/07\/00\/#breadcrumb"},"inLanguage":"pt-PT","potentialAction":[{"@type":"ReadAction","target":["https:\/\/algarve7.pt\/index.php\/2025\/03\/vilamoura-encerra-em-grande-a-51a-edicao-do-torneio-internacional-de-vela-do-carnaval\/desporto\/07\/00\/"]}]},{"@type":"ImageObject","inLanguage":"pt-PT","@id":"https:\/\/algarve7.pt\/index.php\/2025\/03\/vilamoura-encerra-em-grande-a-51a-edicao-do-torneio-internacional-de-vela-do-carnaval\/desporto\/07\/00\/#primaryimage","url":"https:\/\/algarve7.pt\/wp-content\/uploads\/2025\/03\/03032025-5P7A9089.jpg","contentUrl":"https:\/\/algarve7.pt\/wp-content\/uploads\/2025\/03\/03032025-5P7A9089.jpg","width":800,"height":500},{"@type":"BreadcrumbList","@id":"https:\/\/algarve7.pt\/index.php\/2025\/03\/vilamoura-encerra-em-grande-a-51a-edicao-do-torneio-internacional-de-vela-do-carnaval\/desporto\/07\/00\/#breadcrumb","itemListElement":[{"@type":"ListItem","position":1,"name":"In\u00edcio","item":"https:\/\/algarve7.pt\/"},{"@type":"ListItem","position":2,"name":"Vilamoura encerra em grande a 51\u00aa edi\u00e7\u00e3o do Torneio Internacional de Vela do Carnaval"}]},{"@type":"WebSite","@id":"https:\/\/algarve7.pt\/#website","url":"https:\/\/algarve7.pt\/","name":"Algarve 7","description":"Informa\u00e7\u00e3o sobre o Algarve","publisher":{"@id":"https:\/\/algarve7.pt\/#organization"},"potentialAction":[{"@type":"SearchAction","target":{"@type":"EntryPoint","urlTemplate":"https:\/\/algarve7.pt\/?s={search_term_string}"},"query-input":{"@type":"PropertyValueSpecification","valueRequired":true,"valueName":"search_term_string"}}],"inLanguage":"pt-PT"},{"@type":"Organization","@id":"https:\/\/algarve7.pt\/#organization","name":"Algarve 7","url":"https:\/\/algarve7.pt\/","logo":{"@type":"ImageObject","inLanguage":"pt-PT","@id":"https:\/\/algarve7.pt\/#\/schema\/logo\/image\/","url":"https:\/\/algarve7.pt\/wp-content\/uploads\/2020\/10\/Logo-8.jpg","contentUrl":"https:\/\/algarve7.pt\/wp-content\/uploads\/2020\/10\/Logo-8.jpg","width":1680,"height":1186,"caption":"Algarve 7"},"image":{"@id":"https:\/\/algarve7.pt\/#\/schema\/logo\/image\/"},"sameAs":["https:\/\/www.facebook.com\/algarve7","https:\/\/x.com\/Algarvesete","https:\/\/www.instagram.com\/jornalalgarve7\/","https:\/\/www.linkedin.com\/company\/algarve7","https:\/\/www.pinterest.pt\/geral0939\/_created\/"]},{"@type":"Person","@id":"https:\/\/algarve7.pt\/#\/schema\/person\/23fa70681308e7b319a3204bcea45e0c","name":"Algarve 7","sameAs":["https:\/\/algarve7.pt","https:\/\/www.facebook.com\/algarve7"],"url":"https:\/\/algarve7.pt\/index.php\/author\/geralalgarve7-pt\/"}]}},"jetpack_publicize_connections":[],"jetpack_featured_media_url":"https:\/\/algarve7.pt\/wp-content\/uploads\/2025\/03\/03032025-5P7A9089.jpg","jetpack_shortlink":"https:\/\/wp.me\/pcezmW-cto","jetpack_sharing_enabled":true,"_links":{"self":[{"href":"https:\/\/algarve7.pt\/index.php\/wp-json\/wp\/v2\/posts\/47950","targetHints":{"allow":["GET"]}}],"collection":[{"href":"https:\/\/algarve7.pt\/index.php\/wp-json\/wp\/v2\/posts"}],"about":[{"href":"https:\/\/algarve7.pt\/index.php\/wp-json\/wp\/v2\/types\/post"}],"author":[{"embeddable":true,"href":"https:\/\/algarve7.pt\/index.php\/wp-json\/wp\/v2\/users\/1"}],"replies":[{"embeddable":true,"href":"https:\/\/algarve7.pt\/index.php\/wp-json\/wp\/v2\/comments?post=47950"}],"version-history":[{"count":0,"href":"https:\/\/algarve7.pt\/index.php\/wp-json\/wp\/v2\/posts\/47950\/revisions"}],"wp:featuredmedia":[{"embeddable":true,"href":"https:\/\/algarve7.pt\/index.php\/wp-json\/wp\/v2\/media\/47951"}],"wp:attachment":[{"href":"https:\/\/algarve7.pt\/index.php\/wp-json\/wp\/v2\/media?parent=47950"}],"wp:term":[{"taxonomy":"category","embeddable":true,"href":"https:\/\/algarve7.pt\/index.php\/wp-json\/wp\/v2\/categories?post=47950"},{"taxonomy":"post_tag","embeddable":true,"href":"https:\/\/algarve7.pt\/index.php\/wp-json\/wp\/v2\/tags?post=47950"}],"curies":[{"name":"wp","href":"https:\/\/api.w.org\/{rel}","templated":true}]}}