{"id":47884,"date":"2025-03-02T09:55:13","date_gmt":"2025-03-02T09:55:13","guid":{"rendered":"https:\/\/algarve7.pt\/?p=47884"},"modified":"2025-03-02T09:55:15","modified_gmt":"2025-03-02T09:55:15","slug":"frederico-silva-e-tiago-pereira-nas-meias-finais-do-faro-open-e-a-procura-de-jornada-dupla","status":"publish","type":"post","link":"https:\/\/algarve7.pt\/index.php\/2025\/03\/frederico-silva-e-tiago-pereira-nas-meias-finais-do-faro-open-e-a-procura-de-jornada-dupla\/desporto\/09\/55\/","title":{"rendered":"Frederico Silva e Tiago Pereira nas meias-finais do Faro Open e \u00e0 procura de jornada dupla"},"content":{"rendered":"\n<p><strong>Frederico Silva<\/strong>&nbsp;e&nbsp;<strong>Tiago Pereira<\/strong>&nbsp;voltaram a vencer e mantiveram em cima da mesa o cen\u00e1rio de uma final discutida por dois portugueses, mas a chuva impediu uma jornada dupla e adiou a realiza\u00e7\u00e3o das meias-finais do Faro Open para domingo.&nbsp;<strong>Diogo Marques<\/strong>&nbsp;foi travado nas meias-finais de pares e j\u00e1 sob os holofotes os finlandeses<strong>&nbsp;Patrick Kaukovalta e Eero Vasa<\/strong>&nbsp;foram coroados campe\u00f5es.<\/p>\n\n\n\n<p>O primeiro a garantir um lugar nas meias-finais foi Tiago Pereira. O melhor tenista algarvio da atualidade (est\u00e1 no 502.\u00ba lugar do&nbsp;<em>ranking<\/em>&nbsp;ATP) levou a melhor sobre o espanhol&nbsp;<strong>Tomas Curras Abasolo<\/strong>&nbsp;(915.\u00ba), vencedor do torneio&nbsp;<em>wild card<\/em>, com os parciais de 6-4 e 7-6(9) num duelo em que precisou de recuperar de um duplo&nbsp;<em>break<\/em>&nbsp;de desvantagem na segunda partida e de anular dois&nbsp;<em>set points&nbsp;<\/em>no&nbsp;<em>tie-break<\/em>.<\/p>\n\n\n\n<p><strong>&#8220;Fiz um excelente jogo. Ele joga muito mais do que o&nbsp;<em>ranking<\/em>&nbsp;dele diz e ali\u00e1s j\u00e1 ganhou a advers\u00e1rios dur\u00edssimos. Tive de lutar muito para conseguir sair por cima. Ele \u00e9 um jogador bastante imprevis\u00edvel e eu, para ser sincero, estava \u00e0 espera de algo diferente. Acelera muito em pancadas que eu diria que n\u00e3o s\u00e3o as pancadas certas para o fazer, mas a verdade \u00e9 que estava a funcionar. Tem uma excelente esquerda, quer a cruzada quer a paralela, e mesmo a direita \u00e9 muito s\u00f3lida\u201d<\/strong>, contou na entrevista ap\u00f3s rubricar a terceira vit\u00f3ria da semana.<\/p>\n\n\n\n<p>A vit\u00f3ria de Tiago Pereira ainda foi assinada ao ar livre, mas a de Frederico Silva (262.\u00ba) j\u00e1 aconteceu nos campos cobertos. Quarto cabe\u00e7a de s\u00e9rie, o caldense superou o compatriota&nbsp;<strong>Tom\u00e1s Lu\u00eds<\/strong>&nbsp;(1343.\u00ba) por 6-3 e 6-2 num encontro que foi interrompido e transferido ap\u00f3s 15 minutos por causa das condi\u00e7\u00f5es meteorol\u00f3gicas.<\/p>\n\n\n\n<p>As dificuldades de adapta\u00e7\u00e3o a um&nbsp;<em>court<\/em>&nbsp;mais r\u00e1pido e com mais reflexos foram vis\u00edveis nos dois portugueses, mas o mais cotado acabou por quebrar a resist\u00eancia do jovem algarvio, apurado para os quartos de final de um torneio internacional pela segunda vez na carreira (primeira nesta categoria), e depois de recuperar o&nbsp;<em>break<\/em>&nbsp;de atraso na primeira partida agarrou o ascendente at\u00e9 ao fim.<\/p>\n\n\n\n<p><strong>&#8220;At\u00e9 agora tenho conseguido ultrapassar bem os desafios que me v\u00e3o aparecendo pela frente. Hoje foi mais um complicado porque come\u00e7\u00e1mos c\u00e1 fora, depois fomos para dentro e as condi\u00e7\u00f5es s\u00e3o totalmente diferentes. N\u00e3o foi f\u00e1cil adaptar-me \u00e0s condi\u00e7\u00f5es, mas no segundo&nbsp;<em>set<\/em>&nbsp;j\u00e1 me senti mais confort\u00e1vel\u201d<\/strong>, reconheceu o mais cotado dos jogadores portugueses que viajaram at\u00e9 ao Algarve.<\/p>\n\n\n\n<p>Tom\u00e1s Lu\u00eds foi o quarto compatriota que Frederico Silva enfrentou nas \u00faltimas tr\u00eas semanas e mereceu elogios:&nbsp;<strong>&#8220;Tem evolu\u00eddo bastante nos \u00faltimos meses e est\u00e1 com um n\u00edvel muito melhor em rela\u00e7\u00e3o \u00e0s \u00faltimas vezes em que o tinha visto. Treinei algumas vezes com ele nos Challengers do in\u00edcio do ano e j\u00e1 tinha notado essa evolu\u00e7\u00e3o. \u00c9 um jogador consistente, que se movimenta bastante bem e obriga a jogar. Ainda pode evoluir no peso de bola e nas bolas de defini\u00e7\u00e3o do ponto, mas est\u00e1 com uma base de consist\u00eancia muito boa e uma boa base para evoluir.&#8221;<\/strong><\/p>\n\n\n\n<p>Inicialmente, as meias-finais tamb\u00e9m se realizariam este s\u00e1bado, mas o atraso causado pela chuva e impossibilidade de se utilizar o segundo campo coberto levaram ao adiamento para domingo, que assim ser\u00e1 elevado a jornada dupla.<\/p>\n\n\n\n<p>Logo \u00e0s 10 horas, e em simult\u00e2neo, Frederico Silva discutir\u00e1 o apuramento para a final com o alem\u00e3o&nbsp;<strong>Marko Topo<\/strong>&nbsp;(399.\u00ba), que liderava por 4-6, 6-2 e 2-0 quando&nbsp;<strong>Gabi Adrian Boitan<\/strong>&nbsp;(376.\u00ba) desistiu, e Tiago Pereira discutir\u00e1 o acesso ao encontro do t\u00edtulo com&nbsp;<strong>Liam Broady<\/strong>&nbsp;(702.\u00ba). O brit\u00e2nico j\u00e1 esteve no top 100 e este s\u00e1bado passou pelo chin\u00eas&nbsp;<strong>Yi Zhou<\/strong>&nbsp;(375.\u00ba) com os parciais de 6-4 e 6-4.<\/p>\n\n\n\n<p>Nos pares, Diogo Marques e o espanhol&nbsp;<strong>Rafael Izquierdo Luque<\/strong>&nbsp;perderam por 0-6, 7-6(4) e 10-7 com o norte-americano&nbsp;<strong>Andre Ilagan<\/strong>&nbsp;e o japon\u00eas&nbsp;<strong>Ryotaro Taguchi<\/strong>, que um par de horas depois cederam pelos parciais de 7-5 e 6-4 para os finlandeses<strong>&nbsp;Patrick Kaukovalta e Eero Vasa<\/strong>&nbsp;na decis\u00e3o.<\/p>\n","protected":false},"excerpt":{"rendered":"<p>Frederico Silva&nbsp;e&nbsp;Tiago Pereira&nbsp;voltaram a vencer e mantiveram em cima da mesa o cen\u00e1rio de uma final discutida por dois portugueses,<\/p>\n","protected":false},"author":1,"featured_media":47885,"comment_status":"closed","ping_status":"closed","sticky":false,"template":"","format":"standard","meta":{"colormag_page_container_layout":"default_layout","colormag_page_sidebar_layout":"default_layout","_monsterinsights_skip_tracking":false,"_monsterinsights_sitenote_active":false,"_monsterinsights_sitenote_note":"","_monsterinsights_sitenote_category":0,"jetpack_post_was_ever_published":false,"_jetpack_newsletter_access":"","_jetpack_dont_email_post_to_subs":false,"_jetpack_newsletter_tier_id":0,"_jetpack_memberships_contains_paywalled_content":false,"_jetpack_memberships_contains_paid_content":false,"footnotes":"","jetpack_publicize_message":"","jetpack_publicize_feature_enabled":true,"jetpack_social_post_already_shared":true,"jetpack_social_options":{"image_generator_settings":{"template":"highway","default_image_id":0,"font":"","enabled":false},"version":2}},"categories":[15],"tags":[36,40,57],"class_list":["post-47884","post","type-post","status-publish","format-standard","has-post-thumbnail","hentry","category-desporto","tag-algarve","tag-desporto","tag-faro"],"yoast_head":"<!-- This site is optimized with the Yoast SEO plugin v27.5 - https:\/\/yoast.com\/product\/yoast-seo-wordpress\/ -->\n<title>Frederico Silva e Tiago Pereira nas meias-finais do Faro Open e \u00e0 procura de jornada dupla - Algarve 7<\/title>\n<meta name=\"description\" content=\"Frederico Silva e Tiago Pereira nas meias-finais do Faro Open e \u00e0 procura de jornada dupla Desporto\" \/>\n<meta name=\"robots\" content=\"index, follow, max-snippet:-1, max-image-preview:large, max-video-preview:-1\" \/>\n<link rel=\"canonical\" href=\"https:\/\/algarve7.pt\/index.php\/2025\/03\/frederico-silva-e-tiago-pereira-nas-meias-finais-do-faro-open-e-a-procura-de-jornada-dupla\/desporto\/09\/55\/\" \/>\n<meta property=\"og:locale\" content=\"pt_PT\" \/>\n<meta property=\"og:type\" content=\"article\" \/>\n<meta property=\"og:title\" content=\"Frederico Silva e Tiago Pereira nas meias-finais do Faro Open e \u00e0 procura de jornada dupla - Algarve 7\" \/>\n<meta property=\"og:description\" content=\"Frederico Silva e Tiago Pereira nas meias-finais do Faro Open e \u00e0 procura de jornada dupla Desporto\" \/>\n<meta property=\"og:url\" content=\"https:\/\/algarve7.pt\/index.php\/2025\/03\/frederico-silva-e-tiago-pereira-nas-meias-finais-do-faro-open-e-a-procura-de-jornada-dupla\/desporto\/09\/55\/\" \/>\n<meta property=\"og:site_name\" content=\"Algarve 7\" \/>\n<meta property=\"article:publisher\" content=\"https:\/\/www.facebook.com\/algarve7\" \/>\n<meta property=\"article:author\" content=\"https:\/\/www.facebook.com\/algarve7\" \/>\n<meta property=\"article:published_time\" content=\"2025-03-02T09:55:13+00:00\" \/>\n<meta property=\"article:modified_time\" content=\"2025-03-02T09:55:15+00:00\" \/>\n<meta property=\"og:image\" content=\"https:\/\/algarve7.pt\/wp-content\/uploads\/2025\/03\/Frederico-Silva.jpg\" \/>\n\t<meta property=\"og:image:width\" content=\"800\" \/>\n\t<meta property=\"og:image:height\" content=\"500\" \/>\n\t<meta property=\"og:image:type\" content=\"image\/jpeg\" \/>\n<meta name=\"author\" content=\"Algarve 7\" \/>\n<meta name=\"twitter:card\" content=\"summary_large_image\" \/>\n<meta name=\"twitter:creator\" content=\"@Algarvesete\" \/>\n<meta name=\"twitter:site\" content=\"@Algarvesete\" \/>\n<meta name=\"twitter:label1\" content=\"Escrito por\" \/>\n\t<meta name=\"twitter:data1\" content=\"Algarve 7\" \/>\n\t<meta name=\"twitter:label2\" content=\"Tempo estimado de leitura\" \/>\n\t<meta name=\"twitter:data2\" content=\"4 minutos\" \/>\n<script type=\"application\/ld+json\" class=\"yoast-schema-graph\">{\"@context\":\"https:\\\/\\\/schema.org\",\"@graph\":[{\"@type\":\"Article\",\"@id\":\"https:\\\/\\\/algarve7.pt\\\/index.php\\\/2025\\\/03\\\/frederico-silva-e-tiago-pereira-nas-meias-finais-do-faro-open-e-a-procura-de-jornada-dupla\\\/desporto\\\/09\\\/55\\\/#article\",\"isPartOf\":{\"@id\":\"https:\\\/\\\/algarve7.pt\\\/index.php\\\/2025\\\/03\\\/frederico-silva-e-tiago-pereira-nas-meias-finais-do-faro-open-e-a-procura-de-jornada-dupla\\\/desporto\\\/09\\\/55\\\/\"},\"author\":{\"name\":\"Algarve 7\",\"@id\":\"https:\\\/\\\/algarve7.pt\\\/#\\\/schema\\\/person\\\/23fa70681308e7b319a3204bcea45e0c\"},\"headline\":\"Frederico Silva e Tiago Pereira nas meias-finais do Faro Open e \u00e0 procura de jornada dupla\",\"datePublished\":\"2025-03-02T09:55:13+00:00\",\"dateModified\":\"2025-03-02T09:55:15+00:00\",\"mainEntityOfPage\":{\"@id\":\"https:\\\/\\\/algarve7.pt\\\/index.php\\\/2025\\\/03\\\/frederico-silva-e-tiago-pereira-nas-meias-finais-do-faro-open-e-a-procura-de-jornada-dupla\\\/desporto\\\/09\\\/55\\\/\"},\"wordCount\":758,\"publisher\":{\"@id\":\"https:\\\/\\\/algarve7.pt\\\/#organization\"},\"image\":{\"@id\":\"https:\\\/\\\/algarve7.pt\\\/index.php\\\/2025\\\/03\\\/frederico-silva-e-tiago-pereira-nas-meias-finais-do-faro-open-e-a-procura-de-jornada-dupla\\\/desporto\\\/09\\\/55\\\/#primaryimage\"},\"thumbnailUrl\":\"https:\\\/\\\/algarve7.pt\\\/wp-content\\\/uploads\\\/2025\\\/03\\\/Frederico-Silva.jpg\",\"keywords\":[\"Algarve\",\"Desporto\",\"Faro\"],\"articleSection\":[\"Desporto\"],\"inLanguage\":\"pt-PT\"},{\"@type\":\"WebPage\",\"@id\":\"https:\\\/\\\/algarve7.pt\\\/index.php\\\/2025\\\/03\\\/frederico-silva-e-tiago-pereira-nas-meias-finais-do-faro-open-e-a-procura-de-jornada-dupla\\\/desporto\\\/09\\\/55\\\/\",\"url\":\"https:\\\/\\\/algarve7.pt\\\/index.php\\\/2025\\\/03\\\/frederico-silva-e-tiago-pereira-nas-meias-finais-do-faro-open-e-a-procura-de-jornada-dupla\\\/desporto\\\/09\\\/55\\\/\",\"name\":\"Frederico Silva e Tiago Pereira nas meias-finais do Faro Open e \u00e0 procura de jornada dupla - Algarve 7\",\"isPartOf\":{\"@id\":\"https:\\\/\\\/algarve7.pt\\\/#website\"},\"primaryImageOfPage\":{\"@id\":\"https:\\\/\\\/algarve7.pt\\\/index.php\\\/2025\\\/03\\\/frederico-silva-e-tiago-pereira-nas-meias-finais-do-faro-open-e-a-procura-de-jornada-dupla\\\/desporto\\\/09\\\/55\\\/#primaryimage\"},\"image\":{\"@id\":\"https:\\\/\\\/algarve7.pt\\\/index.php\\\/2025\\\/03\\\/frederico-silva-e-tiago-pereira-nas-meias-finais-do-faro-open-e-a-procura-de-jornada-dupla\\\/desporto\\\/09\\\/55\\\/#primaryimage\"},\"thumbnailUrl\":\"https:\\\/\\\/algarve7.pt\\\/wp-content\\\/uploads\\\/2025\\\/03\\\/Frederico-Silva.jpg\",\"datePublished\":\"2025-03-02T09:55:13+00:00\",\"dateModified\":\"2025-03-02T09:55:15+00:00\",\"description\":\"Frederico Silva e Tiago Pereira nas meias-finais do Faro Open e \u00e0 procura de jornada dupla Desporto\",\"breadcrumb\":{\"@id\":\"https:\\\/\\\/algarve7.pt\\\/index.php\\\/2025\\\/03\\\/frederico-silva-e-tiago-pereira-nas-meias-finais-do-faro-open-e-a-procura-de-jornada-dupla\\\/desporto\\\/09\\\/55\\\/#breadcrumb\"},\"inLanguage\":\"pt-PT\",\"potentialAction\":[{\"@type\":\"ReadAction\",\"target\":[\"https:\\\/\\\/algarve7.pt\\\/index.php\\\/2025\\\/03\\\/frederico-silva-e-tiago-pereira-nas-meias-finais-do-faro-open-e-a-procura-de-jornada-dupla\\\/desporto\\\/09\\\/55\\\/\"]}]},{\"@type\":\"ImageObject\",\"inLanguage\":\"pt-PT\",\"@id\":\"https:\\\/\\\/algarve7.pt\\\/index.php\\\/2025\\\/03\\\/frederico-silva-e-tiago-pereira-nas-meias-finais-do-faro-open-e-a-procura-de-jornada-dupla\\\/desporto\\\/09\\\/55\\\/#primaryimage\",\"url\":\"https:\\\/\\\/algarve7.pt\\\/wp-content\\\/uploads\\\/2025\\\/03\\\/Frederico-Silva.jpg\",\"contentUrl\":\"https:\\\/\\\/algarve7.pt\\\/wp-content\\\/uploads\\\/2025\\\/03\\\/Frederico-Silva.jpg\",\"width\":800,\"height\":500},{\"@type\":\"BreadcrumbList\",\"@id\":\"https:\\\/\\\/algarve7.pt\\\/index.php\\\/2025\\\/03\\\/frederico-silva-e-tiago-pereira-nas-meias-finais-do-faro-open-e-a-procura-de-jornada-dupla\\\/desporto\\\/09\\\/55\\\/#breadcrumb\",\"itemListElement\":[{\"@type\":\"ListItem\",\"position\":1,\"name\":\"In\u00edcio\",\"item\":\"https:\\\/\\\/algarve7.pt\\\/\"},{\"@type\":\"ListItem\",\"position\":2,\"name\":\"Frederico Silva e Tiago Pereira nas meias-finais do Faro Open e \u00e0 procura de jornada dupla\"}]},{\"@type\":\"WebSite\",\"@id\":\"https:\\\/\\\/algarve7.pt\\\/#website\",\"url\":\"https:\\\/\\\/algarve7.pt\\\/\",\"name\":\"Algarve 7\",\"description\":\"Informa\u00e7\u00e3o sobre o Algarve\",\"publisher\":{\"@id\":\"https:\\\/\\\/algarve7.pt\\\/#organization\"},\"potentialAction\":[{\"@type\":\"SearchAction\",\"target\":{\"@type\":\"EntryPoint\",\"urlTemplate\":\"https:\\\/\\\/algarve7.pt\\\/?s={search_term_string}\"},\"query-input\":{\"@type\":\"PropertyValueSpecification\",\"valueRequired\":true,\"valueName\":\"search_term_string\"}}],\"inLanguage\":\"pt-PT\"},{\"@type\":\"Organization\",\"@id\":\"https:\\\/\\\/algarve7.pt\\\/#organization\",\"name\":\"Algarve 7\",\"url\":\"https:\\\/\\\/algarve7.pt\\\/\",\"logo\":{\"@type\":\"ImageObject\",\"inLanguage\":\"pt-PT\",\"@id\":\"https:\\\/\\\/algarve7.pt\\\/#\\\/schema\\\/logo\\\/image\\\/\",\"url\":\"https:\\\/\\\/algarve7.pt\\\/wp-content\\\/uploads\\\/2020\\\/10\\\/Logo-8.jpg\",\"contentUrl\":\"https:\\\/\\\/algarve7.pt\\\/wp-content\\\/uploads\\\/2020\\\/10\\\/Logo-8.jpg\",\"width\":1680,\"height\":1186,\"caption\":\"Algarve 7\"},\"image\":{\"@id\":\"https:\\\/\\\/algarve7.pt\\\/#\\\/schema\\\/logo\\\/image\\\/\"},\"sameAs\":[\"https:\\\/\\\/www.facebook.com\\\/algarve7\",\"https:\\\/\\\/x.com\\\/Algarvesete\",\"https:\\\/\\\/www.instagram.com\\\/jornalalgarve7\\\/\",\"https:\\\/\\\/www.linkedin.com\\\/company\\\/algarve7\",\"https:\\\/\\\/www.pinterest.pt\\\/geral0939\\\/_created\\\/\"]},{\"@type\":\"Person\",\"@id\":\"https:\\\/\\\/algarve7.pt\\\/#\\\/schema\\\/person\\\/23fa70681308e7b319a3204bcea45e0c\",\"name\":\"Algarve 7\",\"sameAs\":[\"https:\\\/\\\/algarve7.pt\",\"https:\\\/\\\/www.facebook.com\\\/algarve7\"],\"url\":\"https:\\\/\\\/algarve7.pt\\\/index.php\\\/author\\\/geralalgarve7-pt\\\/\"}]}<\/script>\n<!-- \/ Yoast SEO plugin. -->","yoast_head_json":{"title":"Frederico Silva e Tiago Pereira nas meias-finais do Faro Open e \u00e0 procura de jornada dupla - Algarve 7","description":"Frederico Silva e Tiago Pereira nas meias-finais do Faro Open e \u00e0 procura de jornada dupla Desporto","robots":{"index":"index","follow":"follow","max-snippet":"max-snippet:-1","max-image-preview":"max-image-preview:large","max-video-preview":"max-video-preview:-1"},"canonical":"https:\/\/algarve7.pt\/index.php\/2025\/03\/frederico-silva-e-tiago-pereira-nas-meias-finais-do-faro-open-e-a-procura-de-jornada-dupla\/desporto\/09\/55\/","og_locale":"pt_PT","og_type":"article","og_title":"Frederico Silva e Tiago Pereira nas meias-finais do Faro Open e \u00e0 procura de jornada dupla - Algarve 7","og_description":"Frederico Silva e Tiago Pereira nas meias-finais do Faro Open e \u00e0 procura de jornada dupla Desporto","og_url":"https:\/\/algarve7.pt\/index.php\/2025\/03\/frederico-silva-e-tiago-pereira-nas-meias-finais-do-faro-open-e-a-procura-de-jornada-dupla\/desporto\/09\/55\/","og_site_name":"Algarve 7","article_publisher":"https:\/\/www.facebook.com\/algarve7","article_author":"https:\/\/www.facebook.com\/algarve7","article_published_time":"2025-03-02T09:55:13+00:00","article_modified_time":"2025-03-02T09:55:15+00:00","og_image":[{"width":800,"height":500,"url":"https:\/\/algarve7.pt\/wp-content\/uploads\/2025\/03\/Frederico-Silva.jpg","type":"image\/jpeg"}],"author":"Algarve 7","twitter_card":"summary_large_image","twitter_creator":"@Algarvesete","twitter_site":"@Algarvesete","twitter_misc":{"Escrito por":"Algarve 7","Tempo estimado de leitura":"4 minutos"},"schema":{"@context":"https:\/\/schema.org","@graph":[{"@type":"Article","@id":"https:\/\/algarve7.pt\/index.php\/2025\/03\/frederico-silva-e-tiago-pereira-nas-meias-finais-do-faro-open-e-a-procura-de-jornada-dupla\/desporto\/09\/55\/#article","isPartOf":{"@id":"https:\/\/algarve7.pt\/index.php\/2025\/03\/frederico-silva-e-tiago-pereira-nas-meias-finais-do-faro-open-e-a-procura-de-jornada-dupla\/desporto\/09\/55\/"},"author":{"name":"Algarve 7","@id":"https:\/\/algarve7.pt\/#\/schema\/person\/23fa70681308e7b319a3204bcea45e0c"},"headline":"Frederico Silva e Tiago Pereira nas meias-finais do Faro Open e \u00e0 procura de jornada dupla","datePublished":"2025-03-02T09:55:13+00:00","dateModified":"2025-03-02T09:55:15+00:00","mainEntityOfPage":{"@id":"https:\/\/algarve7.pt\/index.php\/2025\/03\/frederico-silva-e-tiago-pereira-nas-meias-finais-do-faro-open-e-a-procura-de-jornada-dupla\/desporto\/09\/55\/"},"wordCount":758,"publisher":{"@id":"https:\/\/algarve7.pt\/#organization"},"image":{"@id":"https:\/\/algarve7.pt\/index.php\/2025\/03\/frederico-silva-e-tiago-pereira-nas-meias-finais-do-faro-open-e-a-procura-de-jornada-dupla\/desporto\/09\/55\/#primaryimage"},"thumbnailUrl":"https:\/\/algarve7.pt\/wp-content\/uploads\/2025\/03\/Frederico-Silva.jpg","keywords":["Algarve","Desporto","Faro"],"articleSection":["Desporto"],"inLanguage":"pt-PT"},{"@type":"WebPage","@id":"https:\/\/algarve7.pt\/index.php\/2025\/03\/frederico-silva-e-tiago-pereira-nas-meias-finais-do-faro-open-e-a-procura-de-jornada-dupla\/desporto\/09\/55\/","url":"https:\/\/algarve7.pt\/index.php\/2025\/03\/frederico-silva-e-tiago-pereira-nas-meias-finais-do-faro-open-e-a-procura-de-jornada-dupla\/desporto\/09\/55\/","name":"Frederico Silva e Tiago Pereira nas meias-finais do Faro Open e \u00e0 procura de jornada dupla - Algarve 7","isPartOf":{"@id":"https:\/\/algarve7.pt\/#website"},"primaryImageOfPage":{"@id":"https:\/\/algarve7.pt\/index.php\/2025\/03\/frederico-silva-e-tiago-pereira-nas-meias-finais-do-faro-open-e-a-procura-de-jornada-dupla\/desporto\/09\/55\/#primaryimage"},"image":{"@id":"https:\/\/algarve7.pt\/index.php\/2025\/03\/frederico-silva-e-tiago-pereira-nas-meias-finais-do-faro-open-e-a-procura-de-jornada-dupla\/desporto\/09\/55\/#primaryimage"},"thumbnailUrl":"https:\/\/algarve7.pt\/wp-content\/uploads\/2025\/03\/Frederico-Silva.jpg","datePublished":"2025-03-02T09:55:13+00:00","dateModified":"2025-03-02T09:55:15+00:00","description":"Frederico Silva e Tiago Pereira nas meias-finais do Faro Open e \u00e0 procura de jornada dupla Desporto","breadcrumb":{"@id":"https:\/\/algarve7.pt\/index.php\/2025\/03\/frederico-silva-e-tiago-pereira-nas-meias-finais-do-faro-open-e-a-procura-de-jornada-dupla\/desporto\/09\/55\/#breadcrumb"},"inLanguage":"pt-PT","potentialAction":[{"@type":"ReadAction","target":["https:\/\/algarve7.pt\/index.php\/2025\/03\/frederico-silva-e-tiago-pereira-nas-meias-finais-do-faro-open-e-a-procura-de-jornada-dupla\/desporto\/09\/55\/"]}]},{"@type":"ImageObject","inLanguage":"pt-PT","@id":"https:\/\/algarve7.pt\/index.php\/2025\/03\/frederico-silva-e-tiago-pereira-nas-meias-finais-do-faro-open-e-a-procura-de-jornada-dupla\/desporto\/09\/55\/#primaryimage","url":"https:\/\/algarve7.pt\/wp-content\/uploads\/2025\/03\/Frederico-Silva.jpg","contentUrl":"https:\/\/algarve7.pt\/wp-content\/uploads\/2025\/03\/Frederico-Silva.jpg","width":800,"height":500},{"@type":"BreadcrumbList","@id":"https:\/\/algarve7.pt\/index.php\/2025\/03\/frederico-silva-e-tiago-pereira-nas-meias-finais-do-faro-open-e-a-procura-de-jornada-dupla\/desporto\/09\/55\/#breadcrumb","itemListElement":[{"@type":"ListItem","position":1,"name":"In\u00edcio","item":"https:\/\/algarve7.pt\/"},{"@type":"ListItem","position":2,"name":"Frederico Silva e Tiago Pereira nas meias-finais do Faro Open e \u00e0 procura de jornada dupla"}]},{"@type":"WebSite","@id":"https:\/\/algarve7.pt\/#website","url":"https:\/\/algarve7.pt\/","name":"Algarve 7","description":"Informa\u00e7\u00e3o sobre o Algarve","publisher":{"@id":"https:\/\/algarve7.pt\/#organization"},"potentialAction":[{"@type":"SearchAction","target":{"@type":"EntryPoint","urlTemplate":"https:\/\/algarve7.pt\/?s={search_term_string}"},"query-input":{"@type":"PropertyValueSpecification","valueRequired":true,"valueName":"search_term_string"}}],"inLanguage":"pt-PT"},{"@type":"Organization","@id":"https:\/\/algarve7.pt\/#organization","name":"Algarve 7","url":"https:\/\/algarve7.pt\/","logo":{"@type":"ImageObject","inLanguage":"pt-PT","@id":"https:\/\/algarve7.pt\/#\/schema\/logo\/image\/","url":"https:\/\/algarve7.pt\/wp-content\/uploads\/2020\/10\/Logo-8.jpg","contentUrl":"https:\/\/algarve7.pt\/wp-content\/uploads\/2020\/10\/Logo-8.jpg","width":1680,"height":1186,"caption":"Algarve 7"},"image":{"@id":"https:\/\/algarve7.pt\/#\/schema\/logo\/image\/"},"sameAs":["https:\/\/www.facebook.com\/algarve7","https:\/\/x.com\/Algarvesete","https:\/\/www.instagram.com\/jornalalgarve7\/","https:\/\/www.linkedin.com\/company\/algarve7","https:\/\/www.pinterest.pt\/geral0939\/_created\/"]},{"@type":"Person","@id":"https:\/\/algarve7.pt\/#\/schema\/person\/23fa70681308e7b319a3204bcea45e0c","name":"Algarve 7","sameAs":["https:\/\/algarve7.pt","https:\/\/www.facebook.com\/algarve7"],"url":"https:\/\/algarve7.pt\/index.php\/author\/geralalgarve7-pt\/"}]}},"jetpack_publicize_connections":[],"jetpack_featured_media_url":"https:\/\/algarve7.pt\/wp-content\/uploads\/2025\/03\/Frederico-Silva.jpg","jetpack_shortlink":"https:\/\/wp.me\/pcezmW-csk","jetpack_sharing_enabled":true,"_links":{"self":[{"href":"https:\/\/algarve7.pt\/index.php\/wp-json\/wp\/v2\/posts\/47884","targetHints":{"allow":["GET"]}}],"collection":[{"href":"https:\/\/algarve7.pt\/index.php\/wp-json\/wp\/v2\/posts"}],"about":[{"href":"https:\/\/algarve7.pt\/index.php\/wp-json\/wp\/v2\/types\/post"}],"author":[{"embeddable":true,"href":"https:\/\/algarve7.pt\/index.php\/wp-json\/wp\/v2\/users\/1"}],"replies":[{"embeddable":true,"href":"https:\/\/algarve7.pt\/index.php\/wp-json\/wp\/v2\/comments?post=47884"}],"version-history":[{"count":0,"href":"https:\/\/algarve7.pt\/index.php\/wp-json\/wp\/v2\/posts\/47884\/revisions"}],"wp:featuredmedia":[{"embeddable":true,"href":"https:\/\/algarve7.pt\/index.php\/wp-json\/wp\/v2\/media\/47885"}],"wp:attachment":[{"href":"https:\/\/algarve7.pt\/index.php\/wp-json\/wp\/v2\/media?parent=47884"}],"wp:term":[{"taxonomy":"category","embeddable":true,"href":"https:\/\/algarve7.pt\/index.php\/wp-json\/wp\/v2\/categories?post=47884"},{"taxonomy":"post_tag","embeddable":true,"href":"https:\/\/algarve7.pt\/index.php\/wp-json\/wp\/v2\/tags?post=47884"}],"curies":[{"name":"wp","href":"https:\/\/api.w.org\/{rel}","templated":true}]}}