{"id":47881,"date":"2025-03-02T11:15:00","date_gmt":"2025-03-02T11:15:00","guid":{"rendered":"https:\/\/algarve7.pt\/?p=47881"},"modified":"2025-03-01T21:23:59","modified_gmt":"2025-03-01T21:23:59","slug":"futuros-universitarios-vieram-conhecer-e-sentir-a-ualg-nos-dias-abertos","status":"publish","type":"post","link":"https:\/\/algarve7.pt\/index.php\/2025\/03\/futuros-universitarios-vieram-conhecer-e-sentir-a-ualg-nos-dias-abertos\/educacao\/11\/15\/","title":{"rendered":"Futuros universit\u00e1rios vieram conhecer e sentir a UAlg nos \u201cDias Abertos\u201d"},"content":{"rendered":"\n<p><strong>A Universidade do Algarve voltou a \u201cabrir&nbsp;as suas portas\u201d, nos dias 25 e 26 de fevereiro, a cerca de 2 500 visitantes, com o objetivo de se dar a conhecer aos alunos dos ensinos b\u00e1sico e secund\u00e1rio, ajudando-os a esclarecer todas as suas d\u00favidas.<\/strong><\/p>\n\n\n\n<p>Os&nbsp;\u201cDias Abertos\u201d&nbsp;apresentaram um programa variado, que contemplou v\u00e1rias atividades de car\u00e1cter informativo, pedag\u00f3gico, experimental e l\u00fadico.&nbsp;Todas as iniciativas foram pensadas de forma a desafiar e interpelar os conhecimentos dos jovens, estimulando o seu sentido cr\u00edtico, a assimila\u00e7\u00e3o de novos conceitos ou a estrutura\u00e7\u00e3o de mat\u00e9rias j\u00e1 abordadas em sala de aula, atrav\u00e9s das v\u00e1rias disciplinas que constituem os curr\u00edculos do ensino b\u00e1sico e secund\u00e1rio em Portugal.<\/p>\n\n\n\n<p>Nestes dias abertos participaram alunos oriundos de escolas de todos os concelhos do Algarve, Alto e Baixo Alentejo, Lisboa e de outras escolas de v\u00e1rios pontos do Pa\u00eds.<\/p>\n\n\n\n<p>Os espa\u00e7os, habitualmente dedicados \u00e0s aulas e \u00e0 investiga\u00e7\u00e3o, estiveram durante dois dias repletos de atividades preparadas para os alunos que se deslocaram \u00e0 Universidade. Foram muitos os docentes, mas tamb\u00e9m os estudantes da UAlg que colaboraram nesta iniciativa, esclarecendo os visitantes sobre as decis\u00f5es futuras. Todavia, se \u00e9 importante real\u00e7ar o interesse dos visitantes pelos Dias Abertos, tamb\u00e9m \u00e9 essencial real\u00e7ar a envolv\u00eancia dos estudantes da UAlg nesta iniciativa para acolher da melhor forma os futuros universit\u00e1rios.&nbsp;<\/p>\n\n\n\n<p>Com mais de uma centena de atividades, distribu\u00eddas pelos dois&nbsp;<em>campi<\/em>&nbsp;(Penha e Gambelas), os visitantes usufru\u00edram de visitas guiadas \u00e0s unidades org\u00e2nicas, departamentos e laborat\u00f3rios, onde puderam realizar atividades, esclarecer d\u00favidas, fazer ci\u00eancia, conhecer o dia a dia da UAlg e interagir com docentes, investigadores, alunos e funcion\u00e1rios.&nbsp;<\/p>\n\n\n\n<p>O programa disponibilizou ainda a todos os alunos palestras, workshops, exposi\u00e7\u00f5es e atividades desportivas.<\/p>\n\n\n\n<p>A iniciativa, dirigida a professores e estudantes, do 9\u00ba ao 12\u00baano, procurou ainda envolver outros agentes educativos e encarregados de educa\u00e7\u00e3o.<\/p>\n","protected":false},"excerpt":{"rendered":"<p>A Universidade do Algarve voltou a \u201cabrir&nbsp;as suas portas\u201d, nos dias 25 e 26 de fevereiro, a cerca de 2<\/p>\n","protected":false},"author":1,"featured_media":47882,"comment_status":"closed","ping_status":"closed","sticky":false,"template":"","format":"standard","meta":{"colormag_page_container_layout":"default_layout","colormag_page_sidebar_layout":"default_layout","_monsterinsights_skip_tracking":false,"_monsterinsights_sitenote_active":false,"_monsterinsights_sitenote_note":"","_monsterinsights_sitenote_category":0,"jetpack_post_was_ever_published":false,"_jetpack_newsletter_access":"","_jetpack_dont_email_post_to_subs":false,"_jetpack_newsletter_tier_id":0,"_jetpack_memberships_contains_paywalled_content":false,"_jetpack_memberships_contains_paid_content":false,"footnotes":"","jetpack_publicize_message":"","jetpack_publicize_feature_enabled":true,"jetpack_social_post_already_shared":true,"jetpack_social_options":{"image_generator_settings":{"template":"highway","default_image_id":0,"font":"","enabled":false},"version":2}},"categories":[93],"tags":[36,74,182],"class_list":["post-47881","post","type-post","status-publish","format-standard","has-post-thumbnail","hentry","category-educacao","tag-algarve","tag-educacao","tag-ualg"],"yoast_head":"<!-- This site is optimized with the Yoast SEO plugin v27.5 - https:\/\/yoast.com\/product\/yoast-seo-wordpress\/ -->\n<title>Futuros universit\u00e1rios vieram conhecer e sentir a UAlg nos \u201cDias Abertos\u201d - Algarve 7<\/title>\n<meta name=\"description\" content=\"Futuros universit\u00e1rios vieram conhecer e sentir a UAlg nos \u201cDias Abertos\u201d Educa\u00e7\u00e3o\" \/>\n<meta name=\"robots\" content=\"index, follow, max-snippet:-1, max-image-preview:large, max-video-preview:-1\" \/>\n<link rel=\"canonical\" href=\"https:\/\/algarve7.pt\/index.php\/2025\/03\/futuros-universitarios-vieram-conhecer-e-sentir-a-ualg-nos-dias-abertos\/educacao\/11\/15\/\" \/>\n<meta property=\"og:locale\" content=\"pt_PT\" \/>\n<meta property=\"og:type\" content=\"article\" \/>\n<meta property=\"og:title\" content=\"Futuros universit\u00e1rios vieram conhecer e sentir a UAlg nos \u201cDias Abertos\u201d - Algarve 7\" \/>\n<meta property=\"og:description\" content=\"Futuros universit\u00e1rios vieram conhecer e sentir a UAlg nos \u201cDias Abertos\u201d Educa\u00e7\u00e3o\" \/>\n<meta property=\"og:url\" content=\"https:\/\/algarve7.pt\/index.php\/2025\/03\/futuros-universitarios-vieram-conhecer-e-sentir-a-ualg-nos-dias-abertos\/educacao\/11\/15\/\" \/>\n<meta property=\"og:site_name\" content=\"Algarve 7\" \/>\n<meta property=\"article:publisher\" content=\"https:\/\/www.facebook.com\/algarve7\" \/>\n<meta property=\"article:author\" content=\"https:\/\/www.facebook.com\/algarve7\" \/>\n<meta property=\"article:published_time\" content=\"2025-03-02T11:15:00+00:00\" \/>\n<meta property=\"og:image\" content=\"https:\/\/algarve7.pt\/wp-content\/uploads\/2025\/03\/primage_78401.jpeg\" \/>\n\t<meta property=\"og:image:width\" content=\"800\" \/>\n\t<meta property=\"og:image:height\" content=\"500\" \/>\n\t<meta property=\"og:image:type\" content=\"image\/jpeg\" \/>\n<meta name=\"author\" content=\"Algarve 7\" \/>\n<meta name=\"twitter:card\" content=\"summary_large_image\" \/>\n<meta name=\"twitter:creator\" content=\"@Algarvesete\" \/>\n<meta name=\"twitter:site\" content=\"@Algarvesete\" \/>\n<meta name=\"twitter:label1\" content=\"Escrito por\" \/>\n\t<meta name=\"twitter:data1\" content=\"Algarve 7\" \/>\n\t<meta name=\"twitter:label2\" content=\"Tempo estimado de leitura\" \/>\n\t<meta name=\"twitter:data2\" content=\"2 minutos\" \/>\n<script type=\"application\/ld+json\" class=\"yoast-schema-graph\">{\"@context\":\"https:\\\/\\\/schema.org\",\"@graph\":[{\"@type\":\"Article\",\"@id\":\"https:\\\/\\\/algarve7.pt\\\/index.php\\\/2025\\\/03\\\/futuros-universitarios-vieram-conhecer-e-sentir-a-ualg-nos-dias-abertos\\\/educacao\\\/11\\\/15\\\/#article\",\"isPartOf\":{\"@id\":\"https:\\\/\\\/algarve7.pt\\\/index.php\\\/2025\\\/03\\\/futuros-universitarios-vieram-conhecer-e-sentir-a-ualg-nos-dias-abertos\\\/educacao\\\/11\\\/15\\\/\"},\"author\":{\"name\":\"Algarve 7\",\"@id\":\"https:\\\/\\\/algarve7.pt\\\/#\\\/schema\\\/person\\\/23fa70681308e7b319a3204bcea45e0c\"},\"headline\":\"Futuros universit\u00e1rios vieram conhecer e sentir a UAlg nos \u201cDias Abertos\u201d\",\"datePublished\":\"2025-03-02T11:15:00+00:00\",\"mainEntityOfPage\":{\"@id\":\"https:\\\/\\\/algarve7.pt\\\/index.php\\\/2025\\\/03\\\/futuros-universitarios-vieram-conhecer-e-sentir-a-ualg-nos-dias-abertos\\\/educacao\\\/11\\\/15\\\/\"},\"wordCount\":351,\"publisher\":{\"@id\":\"https:\\\/\\\/algarve7.pt\\\/#organization\"},\"image\":{\"@id\":\"https:\\\/\\\/algarve7.pt\\\/index.php\\\/2025\\\/03\\\/futuros-universitarios-vieram-conhecer-e-sentir-a-ualg-nos-dias-abertos\\\/educacao\\\/11\\\/15\\\/#primaryimage\"},\"thumbnailUrl\":\"https:\\\/\\\/algarve7.pt\\\/wp-content\\\/uploads\\\/2025\\\/03\\\/primage_78401.jpeg\",\"keywords\":[\"Algarve\",\"Educa\u00e7\u00e3o\",\"UALG\"],\"articleSection\":[\"Educa\u00e7\u00e3o\"],\"inLanguage\":\"pt-PT\"},{\"@type\":\"WebPage\",\"@id\":\"https:\\\/\\\/algarve7.pt\\\/index.php\\\/2025\\\/03\\\/futuros-universitarios-vieram-conhecer-e-sentir-a-ualg-nos-dias-abertos\\\/educacao\\\/11\\\/15\\\/\",\"url\":\"https:\\\/\\\/algarve7.pt\\\/index.php\\\/2025\\\/03\\\/futuros-universitarios-vieram-conhecer-e-sentir-a-ualg-nos-dias-abertos\\\/educacao\\\/11\\\/15\\\/\",\"name\":\"Futuros universit\u00e1rios vieram conhecer e sentir a UAlg nos \u201cDias Abertos\u201d - Algarve 7\",\"isPartOf\":{\"@id\":\"https:\\\/\\\/algarve7.pt\\\/#website\"},\"primaryImageOfPage\":{\"@id\":\"https:\\\/\\\/algarve7.pt\\\/index.php\\\/2025\\\/03\\\/futuros-universitarios-vieram-conhecer-e-sentir-a-ualg-nos-dias-abertos\\\/educacao\\\/11\\\/15\\\/#primaryimage\"},\"image\":{\"@id\":\"https:\\\/\\\/algarve7.pt\\\/index.php\\\/2025\\\/03\\\/futuros-universitarios-vieram-conhecer-e-sentir-a-ualg-nos-dias-abertos\\\/educacao\\\/11\\\/15\\\/#primaryimage\"},\"thumbnailUrl\":\"https:\\\/\\\/algarve7.pt\\\/wp-content\\\/uploads\\\/2025\\\/03\\\/primage_78401.jpeg\",\"datePublished\":\"2025-03-02T11:15:00+00:00\",\"description\":\"Futuros universit\u00e1rios vieram conhecer e sentir a UAlg nos \u201cDias Abertos\u201d Educa\u00e7\u00e3o\",\"breadcrumb\":{\"@id\":\"https:\\\/\\\/algarve7.pt\\\/index.php\\\/2025\\\/03\\\/futuros-universitarios-vieram-conhecer-e-sentir-a-ualg-nos-dias-abertos\\\/educacao\\\/11\\\/15\\\/#breadcrumb\"},\"inLanguage\":\"pt-PT\",\"potentialAction\":[{\"@type\":\"ReadAction\",\"target\":[\"https:\\\/\\\/algarve7.pt\\\/index.php\\\/2025\\\/03\\\/futuros-universitarios-vieram-conhecer-e-sentir-a-ualg-nos-dias-abertos\\\/educacao\\\/11\\\/15\\\/\"]}]},{\"@type\":\"ImageObject\",\"inLanguage\":\"pt-PT\",\"@id\":\"https:\\\/\\\/algarve7.pt\\\/index.php\\\/2025\\\/03\\\/futuros-universitarios-vieram-conhecer-e-sentir-a-ualg-nos-dias-abertos\\\/educacao\\\/11\\\/15\\\/#primaryimage\",\"url\":\"https:\\\/\\\/algarve7.pt\\\/wp-content\\\/uploads\\\/2025\\\/03\\\/primage_78401.jpeg\",\"contentUrl\":\"https:\\\/\\\/algarve7.pt\\\/wp-content\\\/uploads\\\/2025\\\/03\\\/primage_78401.jpeg\",\"width\":800,\"height\":500},{\"@type\":\"BreadcrumbList\",\"@id\":\"https:\\\/\\\/algarve7.pt\\\/index.php\\\/2025\\\/03\\\/futuros-universitarios-vieram-conhecer-e-sentir-a-ualg-nos-dias-abertos\\\/educacao\\\/11\\\/15\\\/#breadcrumb\",\"itemListElement\":[{\"@type\":\"ListItem\",\"position\":1,\"name\":\"In\u00edcio\",\"item\":\"https:\\\/\\\/algarve7.pt\\\/\"},{\"@type\":\"ListItem\",\"position\":2,\"name\":\"Futuros universit\u00e1rios vieram conhecer e sentir a UAlg nos \u201cDias Abertos\u201d\"}]},{\"@type\":\"WebSite\",\"@id\":\"https:\\\/\\\/algarve7.pt\\\/#website\",\"url\":\"https:\\\/\\\/algarve7.pt\\\/\",\"name\":\"Algarve 7\",\"description\":\"Informa\u00e7\u00e3o sobre o Algarve\",\"publisher\":{\"@id\":\"https:\\\/\\\/algarve7.pt\\\/#organization\"},\"potentialAction\":[{\"@type\":\"SearchAction\",\"target\":{\"@type\":\"EntryPoint\",\"urlTemplate\":\"https:\\\/\\\/algarve7.pt\\\/?s={search_term_string}\"},\"query-input\":{\"@type\":\"PropertyValueSpecification\",\"valueRequired\":true,\"valueName\":\"search_term_string\"}}],\"inLanguage\":\"pt-PT\"},{\"@type\":\"Organization\",\"@id\":\"https:\\\/\\\/algarve7.pt\\\/#organization\",\"name\":\"Algarve 7\",\"url\":\"https:\\\/\\\/algarve7.pt\\\/\",\"logo\":{\"@type\":\"ImageObject\",\"inLanguage\":\"pt-PT\",\"@id\":\"https:\\\/\\\/algarve7.pt\\\/#\\\/schema\\\/logo\\\/image\\\/\",\"url\":\"https:\\\/\\\/algarve7.pt\\\/wp-content\\\/uploads\\\/2020\\\/10\\\/Logo-8.jpg\",\"contentUrl\":\"https:\\\/\\\/algarve7.pt\\\/wp-content\\\/uploads\\\/2020\\\/10\\\/Logo-8.jpg\",\"width\":1680,\"height\":1186,\"caption\":\"Algarve 7\"},\"image\":{\"@id\":\"https:\\\/\\\/algarve7.pt\\\/#\\\/schema\\\/logo\\\/image\\\/\"},\"sameAs\":[\"https:\\\/\\\/www.facebook.com\\\/algarve7\",\"https:\\\/\\\/x.com\\\/Algarvesete\",\"https:\\\/\\\/www.instagram.com\\\/jornalalgarve7\\\/\",\"https:\\\/\\\/www.linkedin.com\\\/company\\\/algarve7\",\"https:\\\/\\\/www.pinterest.pt\\\/geral0939\\\/_created\\\/\"]},{\"@type\":\"Person\",\"@id\":\"https:\\\/\\\/algarve7.pt\\\/#\\\/schema\\\/person\\\/23fa70681308e7b319a3204bcea45e0c\",\"name\":\"Algarve 7\",\"sameAs\":[\"https:\\\/\\\/algarve7.pt\",\"https:\\\/\\\/www.facebook.com\\\/algarve7\"],\"url\":\"https:\\\/\\\/algarve7.pt\\\/index.php\\\/author\\\/geralalgarve7-pt\\\/\"}]}<\/script>\n<!-- \/ Yoast SEO plugin. -->","yoast_head_json":{"title":"Futuros universit\u00e1rios vieram conhecer e sentir a UAlg nos \u201cDias Abertos\u201d - Algarve 7","description":"Futuros universit\u00e1rios vieram conhecer e sentir a UAlg nos \u201cDias Abertos\u201d Educa\u00e7\u00e3o","robots":{"index":"index","follow":"follow","max-snippet":"max-snippet:-1","max-image-preview":"max-image-preview:large","max-video-preview":"max-video-preview:-1"},"canonical":"https:\/\/algarve7.pt\/index.php\/2025\/03\/futuros-universitarios-vieram-conhecer-e-sentir-a-ualg-nos-dias-abertos\/educacao\/11\/15\/","og_locale":"pt_PT","og_type":"article","og_title":"Futuros universit\u00e1rios vieram conhecer e sentir a UAlg nos \u201cDias Abertos\u201d - Algarve 7","og_description":"Futuros universit\u00e1rios vieram conhecer e sentir a UAlg nos \u201cDias Abertos\u201d Educa\u00e7\u00e3o","og_url":"https:\/\/algarve7.pt\/index.php\/2025\/03\/futuros-universitarios-vieram-conhecer-e-sentir-a-ualg-nos-dias-abertos\/educacao\/11\/15\/","og_site_name":"Algarve 7","article_publisher":"https:\/\/www.facebook.com\/algarve7","article_author":"https:\/\/www.facebook.com\/algarve7","article_published_time":"2025-03-02T11:15:00+00:00","og_image":[{"width":800,"height":500,"url":"https:\/\/algarve7.pt\/wp-content\/uploads\/2025\/03\/primage_78401.jpeg","type":"image\/jpeg"}],"author":"Algarve 7","twitter_card":"summary_large_image","twitter_creator":"@Algarvesete","twitter_site":"@Algarvesete","twitter_misc":{"Escrito por":"Algarve 7","Tempo estimado de leitura":"2 minutos"},"schema":{"@context":"https:\/\/schema.org","@graph":[{"@type":"Article","@id":"https:\/\/algarve7.pt\/index.php\/2025\/03\/futuros-universitarios-vieram-conhecer-e-sentir-a-ualg-nos-dias-abertos\/educacao\/11\/15\/#article","isPartOf":{"@id":"https:\/\/algarve7.pt\/index.php\/2025\/03\/futuros-universitarios-vieram-conhecer-e-sentir-a-ualg-nos-dias-abertos\/educacao\/11\/15\/"},"author":{"name":"Algarve 7","@id":"https:\/\/algarve7.pt\/#\/schema\/person\/23fa70681308e7b319a3204bcea45e0c"},"headline":"Futuros universit\u00e1rios vieram conhecer e sentir a UAlg nos \u201cDias Abertos\u201d","datePublished":"2025-03-02T11:15:00+00:00","mainEntityOfPage":{"@id":"https:\/\/algarve7.pt\/index.php\/2025\/03\/futuros-universitarios-vieram-conhecer-e-sentir-a-ualg-nos-dias-abertos\/educacao\/11\/15\/"},"wordCount":351,"publisher":{"@id":"https:\/\/algarve7.pt\/#organization"},"image":{"@id":"https:\/\/algarve7.pt\/index.php\/2025\/03\/futuros-universitarios-vieram-conhecer-e-sentir-a-ualg-nos-dias-abertos\/educacao\/11\/15\/#primaryimage"},"thumbnailUrl":"https:\/\/algarve7.pt\/wp-content\/uploads\/2025\/03\/primage_78401.jpeg","keywords":["Algarve","Educa\u00e7\u00e3o","UALG"],"articleSection":["Educa\u00e7\u00e3o"],"inLanguage":"pt-PT"},{"@type":"WebPage","@id":"https:\/\/algarve7.pt\/index.php\/2025\/03\/futuros-universitarios-vieram-conhecer-e-sentir-a-ualg-nos-dias-abertos\/educacao\/11\/15\/","url":"https:\/\/algarve7.pt\/index.php\/2025\/03\/futuros-universitarios-vieram-conhecer-e-sentir-a-ualg-nos-dias-abertos\/educacao\/11\/15\/","name":"Futuros universit\u00e1rios vieram conhecer e sentir a UAlg nos \u201cDias Abertos\u201d - Algarve 7","isPartOf":{"@id":"https:\/\/algarve7.pt\/#website"},"primaryImageOfPage":{"@id":"https:\/\/algarve7.pt\/index.php\/2025\/03\/futuros-universitarios-vieram-conhecer-e-sentir-a-ualg-nos-dias-abertos\/educacao\/11\/15\/#primaryimage"},"image":{"@id":"https:\/\/algarve7.pt\/index.php\/2025\/03\/futuros-universitarios-vieram-conhecer-e-sentir-a-ualg-nos-dias-abertos\/educacao\/11\/15\/#primaryimage"},"thumbnailUrl":"https:\/\/algarve7.pt\/wp-content\/uploads\/2025\/03\/primage_78401.jpeg","datePublished":"2025-03-02T11:15:00+00:00","description":"Futuros universit\u00e1rios vieram conhecer e sentir a UAlg nos \u201cDias Abertos\u201d Educa\u00e7\u00e3o","breadcrumb":{"@id":"https:\/\/algarve7.pt\/index.php\/2025\/03\/futuros-universitarios-vieram-conhecer-e-sentir-a-ualg-nos-dias-abertos\/educacao\/11\/15\/#breadcrumb"},"inLanguage":"pt-PT","potentialAction":[{"@type":"ReadAction","target":["https:\/\/algarve7.pt\/index.php\/2025\/03\/futuros-universitarios-vieram-conhecer-e-sentir-a-ualg-nos-dias-abertos\/educacao\/11\/15\/"]}]},{"@type":"ImageObject","inLanguage":"pt-PT","@id":"https:\/\/algarve7.pt\/index.php\/2025\/03\/futuros-universitarios-vieram-conhecer-e-sentir-a-ualg-nos-dias-abertos\/educacao\/11\/15\/#primaryimage","url":"https:\/\/algarve7.pt\/wp-content\/uploads\/2025\/03\/primage_78401.jpeg","contentUrl":"https:\/\/algarve7.pt\/wp-content\/uploads\/2025\/03\/primage_78401.jpeg","width":800,"height":500},{"@type":"BreadcrumbList","@id":"https:\/\/algarve7.pt\/index.php\/2025\/03\/futuros-universitarios-vieram-conhecer-e-sentir-a-ualg-nos-dias-abertos\/educacao\/11\/15\/#breadcrumb","itemListElement":[{"@type":"ListItem","position":1,"name":"In\u00edcio","item":"https:\/\/algarve7.pt\/"},{"@type":"ListItem","position":2,"name":"Futuros universit\u00e1rios vieram conhecer e sentir a UAlg nos \u201cDias Abertos\u201d"}]},{"@type":"WebSite","@id":"https:\/\/algarve7.pt\/#website","url":"https:\/\/algarve7.pt\/","name":"Algarve 7","description":"Informa\u00e7\u00e3o sobre o Algarve","publisher":{"@id":"https:\/\/algarve7.pt\/#organization"},"potentialAction":[{"@type":"SearchAction","target":{"@type":"EntryPoint","urlTemplate":"https:\/\/algarve7.pt\/?s={search_term_string}"},"query-input":{"@type":"PropertyValueSpecification","valueRequired":true,"valueName":"search_term_string"}}],"inLanguage":"pt-PT"},{"@type":"Organization","@id":"https:\/\/algarve7.pt\/#organization","name":"Algarve 7","url":"https:\/\/algarve7.pt\/","logo":{"@type":"ImageObject","inLanguage":"pt-PT","@id":"https:\/\/algarve7.pt\/#\/schema\/logo\/image\/","url":"https:\/\/algarve7.pt\/wp-content\/uploads\/2020\/10\/Logo-8.jpg","contentUrl":"https:\/\/algarve7.pt\/wp-content\/uploads\/2020\/10\/Logo-8.jpg","width":1680,"height":1186,"caption":"Algarve 7"},"image":{"@id":"https:\/\/algarve7.pt\/#\/schema\/logo\/image\/"},"sameAs":["https:\/\/www.facebook.com\/algarve7","https:\/\/x.com\/Algarvesete","https:\/\/www.instagram.com\/jornalalgarve7\/","https:\/\/www.linkedin.com\/company\/algarve7","https:\/\/www.pinterest.pt\/geral0939\/_created\/"]},{"@type":"Person","@id":"https:\/\/algarve7.pt\/#\/schema\/person\/23fa70681308e7b319a3204bcea45e0c","name":"Algarve 7","sameAs":["https:\/\/algarve7.pt","https:\/\/www.facebook.com\/algarve7"],"url":"https:\/\/algarve7.pt\/index.php\/author\/geralalgarve7-pt\/"}]}},"jetpack_publicize_connections":[],"jetpack_featured_media_url":"https:\/\/algarve7.pt\/wp-content\/uploads\/2025\/03\/primage_78401.jpeg","jetpack_shortlink":"https:\/\/wp.me\/pcezmW-csh","jetpack_sharing_enabled":true,"_links":{"self":[{"href":"https:\/\/algarve7.pt\/index.php\/wp-json\/wp\/v2\/posts\/47881","targetHints":{"allow":["GET"]}}],"collection":[{"href":"https:\/\/algarve7.pt\/index.php\/wp-json\/wp\/v2\/posts"}],"about":[{"href":"https:\/\/algarve7.pt\/index.php\/wp-json\/wp\/v2\/types\/post"}],"author":[{"embeddable":true,"href":"https:\/\/algarve7.pt\/index.php\/wp-json\/wp\/v2\/users\/1"}],"replies":[{"embeddable":true,"href":"https:\/\/algarve7.pt\/index.php\/wp-json\/wp\/v2\/comments?post=47881"}],"version-history":[{"count":0,"href":"https:\/\/algarve7.pt\/index.php\/wp-json\/wp\/v2\/posts\/47881\/revisions"}],"wp:featuredmedia":[{"embeddable":true,"href":"https:\/\/algarve7.pt\/index.php\/wp-json\/wp\/v2\/media\/47882"}],"wp:attachment":[{"href":"https:\/\/algarve7.pt\/index.php\/wp-json\/wp\/v2\/media?parent=47881"}],"wp:term":[{"taxonomy":"category","embeddable":true,"href":"https:\/\/algarve7.pt\/index.php\/wp-json\/wp\/v2\/categories?post=47881"},{"taxonomy":"post_tag","embeddable":true,"href":"https:\/\/algarve7.pt\/index.php\/wp-json\/wp\/v2\/tags?post=47881"}],"curies":[{"name":"wp","href":"https:\/\/api.w.org\/{rel}","templated":true}]}}