{"id":47779,"date":"2025-02-28T08:15:00","date_gmt":"2025-02-28T08:15:00","guid":{"rendered":"https:\/\/algarve7.pt\/?p=47779"},"modified":"2025-02-27T18:29:02","modified_gmt":"2025-02-27T18:29:02","slug":"alcoutim-recebe-jornadas-do-mundo-rural-nos-dias-13-e-14-de-marco","status":"publish","type":"post","link":"https:\/\/algarve7.pt\/index.php\/2025\/02\/alcoutim-recebe-jornadas-do-mundo-rural-nos-dias-13-e-14-de-marco\/atualidade\/08\/15\/","title":{"rendered":"Alcoutim recebe Jornadas do Mundo Rural nos dias 13 e 14 de mar\u00e7o"},"content":{"rendered":"\n<p>O Munic\u00edpio de Alcoutim promove, nos dias 13 e 14 de mar\u00e7o, as Jornadas do Mundo Rural, um evento que visa debater desafios e oportunidades do setor agr\u00edcola e ambiental, com destaque para a gest\u00e3o da \u00e1gua, o despovoamento rural e as pr\u00e1ticas agroambientais sustent\u00e1veis. O evento decorrer\u00e1 no Espa\u00e7o Guadiana, reunindo especialistas, entidades e produtores para um di\u00e1logo aberto sobre o futuro do meio rural.<\/p>\n\n\n\n<p>A import\u00e2ncia da \u00e1gua para o territ\u00f3rio ser\u00e1 um dos temas centrais, abordando o seu estado atual e o seu papel na mitiga\u00e7\u00e3o do despovoamento. Especialistas da \u00e1rea ir\u00e3o discutir estrat\u00e9gias para otimizar o uso deste recurso essencial e garantir a sua sustentabilidade a longo prazo.<\/p>\n\n\n\n<p>Outro foco do evento ser\u00e1 a valoriza\u00e7\u00e3o das pr\u00e1ticas agroambientais, destacando medidas inovadoras para promover a resili\u00eancia dos ecossistemas agr\u00edcolas e florestais.<\/p>\n\n\n\n<p>A partilha de experi\u00eancias entre investigadores, produtores e entidades do setor contribuir\u00e1 para a identifica\u00e7\u00e3o de solu\u00e7\u00f5es pr\u00e1ticas e eficazes para a regi\u00e3o.<\/p>\n\n\n\n<p>A forma\u00e7\u00e3o e qualifica\u00e7\u00e3o profissional tamb\u00e9m ser\u00e3o debatidas, explorando a oferta educativa na \u00e1rea agr\u00edcola no sul do pa\u00eds. Ser\u00e3o apresentados casos de sucesso que demonstram o impacto positivo da forma\u00e7\u00e3o especializada no desenvolvimento sustent\u00e1vel do setor.<\/p>\n\n\n\n<p>As Jornadas do Mundo Rural representam uma oportunidade para aprofundar conhecimentos e fomentar a coopera\u00e7\u00e3o entre diferentes agentes do territ\u00f3rio,<\/p>\n\n\n\n<p>refor\u00e7ando a import\u00e2ncia do meio rural na economia e identidade da regi\u00e3o.<\/p>\n\n\n\n<p>O evento, organizado pela C\u00e2mara Municipal de Alcoutim em parceria com a C\u00e2mara Municipal de M\u00e9rtola, Associa\u00e7\u00e3o Cumeadas e diversas entidades locais e nacionais e visa promover a discuss\u00e3o construtiva e a busca de solu\u00e7\u00f5es para os desafios enfrentados pelo mundo rural.<\/p>\n\n\n\n<p><strong>Programa completo e inscri\u00e7\u00f5es dispon\u00edveis em:<\/strong>\u00a0<a href=\"https:\/\/cm-alcoutim.pt\/36998\/\" target=\"_blank\" rel=\"noreferrer noopener\">https:\/\/cm-alcoutim.pt\/36998\/<\/a><\/p>\n","protected":false},"excerpt":{"rendered":"<p>O Munic\u00edpio de Alcoutim promove, nos dias 13 e 14 de mar\u00e7o, as Jornadas do Mundo Rural, um evento que<\/p>\n","protected":false},"author":1,"featured_media":47780,"comment_status":"closed","ping_status":"closed","sticky":false,"template":"","format":"standard","meta":{"colormag_page_container_layout":"default_layout","colormag_page_sidebar_layout":"default_layout","_monsterinsights_skip_tracking":false,"_monsterinsights_sitenote_active":false,"_monsterinsights_sitenote_note":"","_monsterinsights_sitenote_category":0,"jetpack_post_was_ever_published":false,"_jetpack_newsletter_access":"","_jetpack_dont_email_post_to_subs":false,"_jetpack_newsletter_tier_id":0,"_jetpack_memberships_contains_paywalled_content":false,"_jetpack_memberships_contains_paid_content":false,"footnotes":"","jetpack_publicize_message":"","jetpack_publicize_feature_enabled":true,"jetpack_social_post_already_shared":true,"jetpack_social_options":{"image_generator_settings":{"template":"highway","default_image_id":0,"font":"","enabled":false},"version":2}},"categories":[11],"tags":[79,36,62],"class_list":["post-47779","post","type-post","status-publish","format-standard","has-post-thumbnail","hentry","category-atualidade","tag-alcoutim","tag-algarve","tag-atualidade"],"yoast_head":"<!-- This site is optimized with the Yoast SEO plugin v27.4 - https:\/\/yoast.com\/product\/yoast-seo-wordpress\/ -->\n<title>Alcoutim recebe Jornadas do Mundo Rural nos dias 13 e 14 de mar\u00e7o - Algarve 7<\/title>\n<meta name=\"description\" content=\"Alcoutim recebe Jornadas do Mundo Rural nos dias 13 e 14 de mar\u00e7o Atualidade\" \/>\n<meta name=\"robots\" content=\"index, follow, max-snippet:-1, max-image-preview:large, max-video-preview:-1\" \/>\n<link rel=\"canonical\" href=\"https:\/\/algarve7.pt\/index.php\/2025\/02\/alcoutim-recebe-jornadas-do-mundo-rural-nos-dias-13-e-14-de-marco\/atualidade\/08\/15\/\" \/>\n<meta property=\"og:locale\" content=\"pt_PT\" \/>\n<meta property=\"og:type\" content=\"article\" \/>\n<meta property=\"og:title\" content=\"Alcoutim recebe Jornadas do Mundo Rural nos dias 13 e 14 de mar\u00e7o - Algarve 7\" \/>\n<meta property=\"og:description\" content=\"Alcoutim recebe Jornadas do Mundo Rural nos dias 13 e 14 de mar\u00e7o Atualidade\" \/>\n<meta property=\"og:url\" content=\"https:\/\/algarve7.pt\/index.php\/2025\/02\/alcoutim-recebe-jornadas-do-mundo-rural-nos-dias-13-e-14-de-marco\/atualidade\/08\/15\/\" \/>\n<meta property=\"og:site_name\" content=\"Algarve 7\" \/>\n<meta property=\"article:publisher\" content=\"https:\/\/www.facebook.com\/algarve7\" \/>\n<meta property=\"article:author\" content=\"https:\/\/www.facebook.com\/algarve7\" \/>\n<meta property=\"article:published_time\" content=\"2025-02-28T08:15:00+00:00\" \/>\n<meta property=\"og:image\" content=\"https:\/\/algarve7.pt\/wp-content\/uploads\/2025\/02\/Captura-de-ecra-2025-02-27-as-18.27.34.png\" \/>\n\t<meta property=\"og:image:width\" content=\"800\" \/>\n\t<meta property=\"og:image:height\" content=\"500\" \/>\n\t<meta property=\"og:image:type\" content=\"image\/png\" \/>\n<meta name=\"author\" content=\"Algarve 7\" \/>\n<meta name=\"twitter:card\" content=\"summary_large_image\" \/>\n<meta name=\"twitter:creator\" content=\"@Algarvesete\" \/>\n<meta name=\"twitter:site\" content=\"@Algarvesete\" \/>\n<meta name=\"twitter:label1\" content=\"Escrito por\" \/>\n\t<meta name=\"twitter:data1\" content=\"Algarve 7\" \/>\n\t<meta name=\"twitter:label2\" content=\"Tempo estimado de leitura\" \/>\n\t<meta name=\"twitter:data2\" content=\"2 minutos\" \/>\n<script type=\"application\/ld+json\" class=\"yoast-schema-graph\">{\"@context\":\"https:\\\/\\\/schema.org\",\"@graph\":[{\"@type\":\"Article\",\"@id\":\"https:\\\/\\\/algarve7.pt\\\/index.php\\\/2025\\\/02\\\/alcoutim-recebe-jornadas-do-mundo-rural-nos-dias-13-e-14-de-marco\\\/atualidade\\\/08\\\/15\\\/#article\",\"isPartOf\":{\"@id\":\"https:\\\/\\\/algarve7.pt\\\/index.php\\\/2025\\\/02\\\/alcoutim-recebe-jornadas-do-mundo-rural-nos-dias-13-e-14-de-marco\\\/atualidade\\\/08\\\/15\\\/\"},\"author\":{\"name\":\"Algarve 7\",\"@id\":\"https:\\\/\\\/algarve7.pt\\\/#\\\/schema\\\/person\\\/23fa70681308e7b319a3204bcea45e0c\"},\"headline\":\"Alcoutim recebe Jornadas do Mundo Rural nos dias 13 e 14 de mar\u00e7o\",\"datePublished\":\"2025-02-28T08:15:00+00:00\",\"mainEntityOfPage\":{\"@id\":\"https:\\\/\\\/algarve7.pt\\\/index.php\\\/2025\\\/02\\\/alcoutim-recebe-jornadas-do-mundo-rural-nos-dias-13-e-14-de-marco\\\/atualidade\\\/08\\\/15\\\/\"},\"wordCount\":331,\"publisher\":{\"@id\":\"https:\\\/\\\/algarve7.pt\\\/#organization\"},\"image\":{\"@id\":\"https:\\\/\\\/algarve7.pt\\\/index.php\\\/2025\\\/02\\\/alcoutim-recebe-jornadas-do-mundo-rural-nos-dias-13-e-14-de-marco\\\/atualidade\\\/08\\\/15\\\/#primaryimage\"},\"thumbnailUrl\":\"https:\\\/\\\/algarve7.pt\\\/wp-content\\\/uploads\\\/2025\\\/02\\\/Captura-de-ecra-2025-02-27-as-18.27.34.png\",\"keywords\":[\"Alcoutim\",\"Algarve\",\"Atualidade\"],\"articleSection\":[\"Atualidade\"],\"inLanguage\":\"pt-PT\"},{\"@type\":\"WebPage\",\"@id\":\"https:\\\/\\\/algarve7.pt\\\/index.php\\\/2025\\\/02\\\/alcoutim-recebe-jornadas-do-mundo-rural-nos-dias-13-e-14-de-marco\\\/atualidade\\\/08\\\/15\\\/\",\"url\":\"https:\\\/\\\/algarve7.pt\\\/index.php\\\/2025\\\/02\\\/alcoutim-recebe-jornadas-do-mundo-rural-nos-dias-13-e-14-de-marco\\\/atualidade\\\/08\\\/15\\\/\",\"name\":\"Alcoutim recebe Jornadas do Mundo Rural nos dias 13 e 14 de mar\u00e7o - Algarve 7\",\"isPartOf\":{\"@id\":\"https:\\\/\\\/algarve7.pt\\\/#website\"},\"primaryImageOfPage\":{\"@id\":\"https:\\\/\\\/algarve7.pt\\\/index.php\\\/2025\\\/02\\\/alcoutim-recebe-jornadas-do-mundo-rural-nos-dias-13-e-14-de-marco\\\/atualidade\\\/08\\\/15\\\/#primaryimage\"},\"image\":{\"@id\":\"https:\\\/\\\/algarve7.pt\\\/index.php\\\/2025\\\/02\\\/alcoutim-recebe-jornadas-do-mundo-rural-nos-dias-13-e-14-de-marco\\\/atualidade\\\/08\\\/15\\\/#primaryimage\"},\"thumbnailUrl\":\"https:\\\/\\\/algarve7.pt\\\/wp-content\\\/uploads\\\/2025\\\/02\\\/Captura-de-ecra-2025-02-27-as-18.27.34.png\",\"datePublished\":\"2025-02-28T08:15:00+00:00\",\"description\":\"Alcoutim recebe Jornadas do Mundo Rural nos dias 13 e 14 de mar\u00e7o Atualidade\",\"breadcrumb\":{\"@id\":\"https:\\\/\\\/algarve7.pt\\\/index.php\\\/2025\\\/02\\\/alcoutim-recebe-jornadas-do-mundo-rural-nos-dias-13-e-14-de-marco\\\/atualidade\\\/08\\\/15\\\/#breadcrumb\"},\"inLanguage\":\"pt-PT\",\"potentialAction\":[{\"@type\":\"ReadAction\",\"target\":[\"https:\\\/\\\/algarve7.pt\\\/index.php\\\/2025\\\/02\\\/alcoutim-recebe-jornadas-do-mundo-rural-nos-dias-13-e-14-de-marco\\\/atualidade\\\/08\\\/15\\\/\"]}]},{\"@type\":\"ImageObject\",\"inLanguage\":\"pt-PT\",\"@id\":\"https:\\\/\\\/algarve7.pt\\\/index.php\\\/2025\\\/02\\\/alcoutim-recebe-jornadas-do-mundo-rural-nos-dias-13-e-14-de-marco\\\/atualidade\\\/08\\\/15\\\/#primaryimage\",\"url\":\"https:\\\/\\\/algarve7.pt\\\/wp-content\\\/uploads\\\/2025\\\/02\\\/Captura-de-ecra-2025-02-27-as-18.27.34.png\",\"contentUrl\":\"https:\\\/\\\/algarve7.pt\\\/wp-content\\\/uploads\\\/2025\\\/02\\\/Captura-de-ecra-2025-02-27-as-18.27.34.png\",\"width\":800,\"height\":500},{\"@type\":\"BreadcrumbList\",\"@id\":\"https:\\\/\\\/algarve7.pt\\\/index.php\\\/2025\\\/02\\\/alcoutim-recebe-jornadas-do-mundo-rural-nos-dias-13-e-14-de-marco\\\/atualidade\\\/08\\\/15\\\/#breadcrumb\",\"itemListElement\":[{\"@type\":\"ListItem\",\"position\":1,\"name\":\"In\u00edcio\",\"item\":\"https:\\\/\\\/algarve7.pt\\\/\"},{\"@type\":\"ListItem\",\"position\":2,\"name\":\"Alcoutim recebe Jornadas do Mundo Rural nos dias 13 e 14 de mar\u00e7o\"}]},{\"@type\":\"WebSite\",\"@id\":\"https:\\\/\\\/algarve7.pt\\\/#website\",\"url\":\"https:\\\/\\\/algarve7.pt\\\/\",\"name\":\"Algarve 7\",\"description\":\"Informa\u00e7\u00e3o sobre o Algarve\",\"publisher\":{\"@id\":\"https:\\\/\\\/algarve7.pt\\\/#organization\"},\"potentialAction\":[{\"@type\":\"SearchAction\",\"target\":{\"@type\":\"EntryPoint\",\"urlTemplate\":\"https:\\\/\\\/algarve7.pt\\\/?s={search_term_string}\"},\"query-input\":{\"@type\":\"PropertyValueSpecification\",\"valueRequired\":true,\"valueName\":\"search_term_string\"}}],\"inLanguage\":\"pt-PT\"},{\"@type\":\"Organization\",\"@id\":\"https:\\\/\\\/algarve7.pt\\\/#organization\",\"name\":\"Algarve 7\",\"url\":\"https:\\\/\\\/algarve7.pt\\\/\",\"logo\":{\"@type\":\"ImageObject\",\"inLanguage\":\"pt-PT\",\"@id\":\"https:\\\/\\\/algarve7.pt\\\/#\\\/schema\\\/logo\\\/image\\\/\",\"url\":\"https:\\\/\\\/algarve7.pt\\\/wp-content\\\/uploads\\\/2020\\\/10\\\/Logo-8.jpg\",\"contentUrl\":\"https:\\\/\\\/algarve7.pt\\\/wp-content\\\/uploads\\\/2020\\\/10\\\/Logo-8.jpg\",\"width\":1680,\"height\":1186,\"caption\":\"Algarve 7\"},\"image\":{\"@id\":\"https:\\\/\\\/algarve7.pt\\\/#\\\/schema\\\/logo\\\/image\\\/\"},\"sameAs\":[\"https:\\\/\\\/www.facebook.com\\\/algarve7\",\"https:\\\/\\\/x.com\\\/Algarvesete\",\"https:\\\/\\\/www.instagram.com\\\/jornalalgarve7\\\/\",\"https:\\\/\\\/www.linkedin.com\\\/company\\\/algarve7\",\"https:\\\/\\\/www.pinterest.pt\\\/geral0939\\\/_created\\\/\"]},{\"@type\":\"Person\",\"@id\":\"https:\\\/\\\/algarve7.pt\\\/#\\\/schema\\\/person\\\/23fa70681308e7b319a3204bcea45e0c\",\"name\":\"Algarve 7\",\"sameAs\":[\"https:\\\/\\\/algarve7.pt\",\"https:\\\/\\\/www.facebook.com\\\/algarve7\"],\"url\":\"https:\\\/\\\/algarve7.pt\\\/index.php\\\/author\\\/geralalgarve7-pt\\\/\"}]}<\/script>\n<!-- \/ Yoast SEO plugin. -->","yoast_head_json":{"title":"Alcoutim recebe Jornadas do Mundo Rural nos dias 13 e 14 de mar\u00e7o - Algarve 7","description":"Alcoutim recebe Jornadas do Mundo Rural nos dias 13 e 14 de mar\u00e7o Atualidade","robots":{"index":"index","follow":"follow","max-snippet":"max-snippet:-1","max-image-preview":"max-image-preview:large","max-video-preview":"max-video-preview:-1"},"canonical":"https:\/\/algarve7.pt\/index.php\/2025\/02\/alcoutim-recebe-jornadas-do-mundo-rural-nos-dias-13-e-14-de-marco\/atualidade\/08\/15\/","og_locale":"pt_PT","og_type":"article","og_title":"Alcoutim recebe Jornadas do Mundo Rural nos dias 13 e 14 de mar\u00e7o - Algarve 7","og_description":"Alcoutim recebe Jornadas do Mundo Rural nos dias 13 e 14 de mar\u00e7o Atualidade","og_url":"https:\/\/algarve7.pt\/index.php\/2025\/02\/alcoutim-recebe-jornadas-do-mundo-rural-nos-dias-13-e-14-de-marco\/atualidade\/08\/15\/","og_site_name":"Algarve 7","article_publisher":"https:\/\/www.facebook.com\/algarve7","article_author":"https:\/\/www.facebook.com\/algarve7","article_published_time":"2025-02-28T08:15:00+00:00","og_image":[{"width":800,"height":500,"url":"https:\/\/algarve7.pt\/wp-content\/uploads\/2025\/02\/Captura-de-ecra-2025-02-27-as-18.27.34.png","type":"image\/png"}],"author":"Algarve 7","twitter_card":"summary_large_image","twitter_creator":"@Algarvesete","twitter_site":"@Algarvesete","twitter_misc":{"Escrito por":"Algarve 7","Tempo estimado de leitura":"2 minutos"},"schema":{"@context":"https:\/\/schema.org","@graph":[{"@type":"Article","@id":"https:\/\/algarve7.pt\/index.php\/2025\/02\/alcoutim-recebe-jornadas-do-mundo-rural-nos-dias-13-e-14-de-marco\/atualidade\/08\/15\/#article","isPartOf":{"@id":"https:\/\/algarve7.pt\/index.php\/2025\/02\/alcoutim-recebe-jornadas-do-mundo-rural-nos-dias-13-e-14-de-marco\/atualidade\/08\/15\/"},"author":{"name":"Algarve 7","@id":"https:\/\/algarve7.pt\/#\/schema\/person\/23fa70681308e7b319a3204bcea45e0c"},"headline":"Alcoutim recebe Jornadas do Mundo Rural nos dias 13 e 14 de mar\u00e7o","datePublished":"2025-02-28T08:15:00+00:00","mainEntityOfPage":{"@id":"https:\/\/algarve7.pt\/index.php\/2025\/02\/alcoutim-recebe-jornadas-do-mundo-rural-nos-dias-13-e-14-de-marco\/atualidade\/08\/15\/"},"wordCount":331,"publisher":{"@id":"https:\/\/algarve7.pt\/#organization"},"image":{"@id":"https:\/\/algarve7.pt\/index.php\/2025\/02\/alcoutim-recebe-jornadas-do-mundo-rural-nos-dias-13-e-14-de-marco\/atualidade\/08\/15\/#primaryimage"},"thumbnailUrl":"https:\/\/algarve7.pt\/wp-content\/uploads\/2025\/02\/Captura-de-ecra-2025-02-27-as-18.27.34.png","keywords":["Alcoutim","Algarve","Atualidade"],"articleSection":["Atualidade"],"inLanguage":"pt-PT"},{"@type":"WebPage","@id":"https:\/\/algarve7.pt\/index.php\/2025\/02\/alcoutim-recebe-jornadas-do-mundo-rural-nos-dias-13-e-14-de-marco\/atualidade\/08\/15\/","url":"https:\/\/algarve7.pt\/index.php\/2025\/02\/alcoutim-recebe-jornadas-do-mundo-rural-nos-dias-13-e-14-de-marco\/atualidade\/08\/15\/","name":"Alcoutim recebe Jornadas do Mundo Rural nos dias 13 e 14 de mar\u00e7o - Algarve 7","isPartOf":{"@id":"https:\/\/algarve7.pt\/#website"},"primaryImageOfPage":{"@id":"https:\/\/algarve7.pt\/index.php\/2025\/02\/alcoutim-recebe-jornadas-do-mundo-rural-nos-dias-13-e-14-de-marco\/atualidade\/08\/15\/#primaryimage"},"image":{"@id":"https:\/\/algarve7.pt\/index.php\/2025\/02\/alcoutim-recebe-jornadas-do-mundo-rural-nos-dias-13-e-14-de-marco\/atualidade\/08\/15\/#primaryimage"},"thumbnailUrl":"https:\/\/algarve7.pt\/wp-content\/uploads\/2025\/02\/Captura-de-ecra-2025-02-27-as-18.27.34.png","datePublished":"2025-02-28T08:15:00+00:00","description":"Alcoutim recebe Jornadas do Mundo Rural nos dias 13 e 14 de mar\u00e7o Atualidade","breadcrumb":{"@id":"https:\/\/algarve7.pt\/index.php\/2025\/02\/alcoutim-recebe-jornadas-do-mundo-rural-nos-dias-13-e-14-de-marco\/atualidade\/08\/15\/#breadcrumb"},"inLanguage":"pt-PT","potentialAction":[{"@type":"ReadAction","target":["https:\/\/algarve7.pt\/index.php\/2025\/02\/alcoutim-recebe-jornadas-do-mundo-rural-nos-dias-13-e-14-de-marco\/atualidade\/08\/15\/"]}]},{"@type":"ImageObject","inLanguage":"pt-PT","@id":"https:\/\/algarve7.pt\/index.php\/2025\/02\/alcoutim-recebe-jornadas-do-mundo-rural-nos-dias-13-e-14-de-marco\/atualidade\/08\/15\/#primaryimage","url":"https:\/\/algarve7.pt\/wp-content\/uploads\/2025\/02\/Captura-de-ecra-2025-02-27-as-18.27.34.png","contentUrl":"https:\/\/algarve7.pt\/wp-content\/uploads\/2025\/02\/Captura-de-ecra-2025-02-27-as-18.27.34.png","width":800,"height":500},{"@type":"BreadcrumbList","@id":"https:\/\/algarve7.pt\/index.php\/2025\/02\/alcoutim-recebe-jornadas-do-mundo-rural-nos-dias-13-e-14-de-marco\/atualidade\/08\/15\/#breadcrumb","itemListElement":[{"@type":"ListItem","position":1,"name":"In\u00edcio","item":"https:\/\/algarve7.pt\/"},{"@type":"ListItem","position":2,"name":"Alcoutim recebe Jornadas do Mundo Rural nos dias 13 e 14 de mar\u00e7o"}]},{"@type":"WebSite","@id":"https:\/\/algarve7.pt\/#website","url":"https:\/\/algarve7.pt\/","name":"Algarve 7","description":"Informa\u00e7\u00e3o sobre o Algarve","publisher":{"@id":"https:\/\/algarve7.pt\/#organization"},"potentialAction":[{"@type":"SearchAction","target":{"@type":"EntryPoint","urlTemplate":"https:\/\/algarve7.pt\/?s={search_term_string}"},"query-input":{"@type":"PropertyValueSpecification","valueRequired":true,"valueName":"search_term_string"}}],"inLanguage":"pt-PT"},{"@type":"Organization","@id":"https:\/\/algarve7.pt\/#organization","name":"Algarve 7","url":"https:\/\/algarve7.pt\/","logo":{"@type":"ImageObject","inLanguage":"pt-PT","@id":"https:\/\/algarve7.pt\/#\/schema\/logo\/image\/","url":"https:\/\/algarve7.pt\/wp-content\/uploads\/2020\/10\/Logo-8.jpg","contentUrl":"https:\/\/algarve7.pt\/wp-content\/uploads\/2020\/10\/Logo-8.jpg","width":1680,"height":1186,"caption":"Algarve 7"},"image":{"@id":"https:\/\/algarve7.pt\/#\/schema\/logo\/image\/"},"sameAs":["https:\/\/www.facebook.com\/algarve7","https:\/\/x.com\/Algarvesete","https:\/\/www.instagram.com\/jornalalgarve7\/","https:\/\/www.linkedin.com\/company\/algarve7","https:\/\/www.pinterest.pt\/geral0939\/_created\/"]},{"@type":"Person","@id":"https:\/\/algarve7.pt\/#\/schema\/person\/23fa70681308e7b319a3204bcea45e0c","name":"Algarve 7","sameAs":["https:\/\/algarve7.pt","https:\/\/www.facebook.com\/algarve7"],"url":"https:\/\/algarve7.pt\/index.php\/author\/geralalgarve7-pt\/"}]}},"jetpack_publicize_connections":[],"jetpack_featured_media_url":"https:\/\/algarve7.pt\/wp-content\/uploads\/2025\/02\/Captura-de-ecra-2025-02-27-as-18.27.34.png","jetpack_shortlink":"https:\/\/wp.me\/pcezmW-cqD","jetpack_sharing_enabled":true,"_links":{"self":[{"href":"https:\/\/algarve7.pt\/index.php\/wp-json\/wp\/v2\/posts\/47779","targetHints":{"allow":["GET"]}}],"collection":[{"href":"https:\/\/algarve7.pt\/index.php\/wp-json\/wp\/v2\/posts"}],"about":[{"href":"https:\/\/algarve7.pt\/index.php\/wp-json\/wp\/v2\/types\/post"}],"author":[{"embeddable":true,"href":"https:\/\/algarve7.pt\/index.php\/wp-json\/wp\/v2\/users\/1"}],"replies":[{"embeddable":true,"href":"https:\/\/algarve7.pt\/index.php\/wp-json\/wp\/v2\/comments?post=47779"}],"version-history":[{"count":0,"href":"https:\/\/algarve7.pt\/index.php\/wp-json\/wp\/v2\/posts\/47779\/revisions"}],"wp:featuredmedia":[{"embeddable":true,"href":"https:\/\/algarve7.pt\/index.php\/wp-json\/wp\/v2\/media\/47780"}],"wp:attachment":[{"href":"https:\/\/algarve7.pt\/index.php\/wp-json\/wp\/v2\/media?parent=47779"}],"wp:term":[{"taxonomy":"category","embeddable":true,"href":"https:\/\/algarve7.pt\/index.php\/wp-json\/wp\/v2\/categories?post=47779"},{"taxonomy":"post_tag","embeddable":true,"href":"https:\/\/algarve7.pt\/index.php\/wp-json\/wp\/v2\/tags?post=47779"}],"curies":[{"name":"wp","href":"https:\/\/api.w.org\/{rel}","templated":true}]}}