{"id":47610,"date":"2025-02-22T09:45:00","date_gmt":"2025-02-22T09:45:00","guid":{"rendered":"https:\/\/algarve7.pt\/?p=47610"},"modified":"2025-02-22T09:30:11","modified_gmt":"2025-02-22T09:30:11","slug":"gnr-e-ivv-assinam-protocolo-para-reforcar-a-fiscalizacao-no-setor-vitivinicola","status":"publish","type":"post","link":"https:\/\/algarve7.pt\/index.php\/2025\/02\/gnr-e-ivv-assinam-protocolo-para-reforcar-a-fiscalizacao-no-setor-vitivinicola\/nacional\/09\/45\/","title":{"rendered":"GNR e IVV assinam Protocolo para refor\u00e7ar a fiscaliza\u00e7\u00e3o no Setor Vitivin\u00edcola"},"content":{"rendered":"\n<p>A Guarda Nacional Republicana (GNR) e o Instituto da Vinha e do Vinho, I.P. (IVV), hoje, dia 21 de fevereiro, assinaram um Protocolo de Coopera\u00e7\u00e3o com o objetivo de refor\u00e7ar a fiscaliza\u00e7\u00e3o e o controlo dos tr\u00e2nsitos de vinhos em Portugal, fortalecendo as medidas de preven\u00e7\u00e3o e combate a eventuais irregularidades que possam afetar o setor vitivin\u00edcola.<\/p>\n\n\n\n<p>Este protocolo visa garantir o regular funcionamento deste setor de elevada import\u00e2ncia para o tecido empresarial e para a economia em geral, atrav\u00e9s de uma atua\u00e7\u00e3o conjunta em quatro \u00e1reas fundamentais:<\/p>\n\n\n\n<ul class=\"wp-block-list\">\n<li>Forma\u00e7\u00e3o;<\/li>\n\n\n\n<li>Sensibiliza\u00e7\u00e3o;<\/li>\n\n\n\n<li>Fiscaliza\u00e7\u00e3o;<\/li>\n\n\n\n<li>Coopera\u00e7\u00e3o.<\/li>\n<\/ul>\n\n\n\n<p>Esta iniciativa vem refor\u00e7ar a efici\u00eancia da fiscaliza\u00e7\u00e3o, no combate aos eventuais fen\u00f3menos il\u00edcitos, decorrentes da entrada irregular de produtos vitivin\u00edcolas no circuito econ\u00f3mico, apelando-se \u00e0 colabora\u00e7\u00e3o de todas entidades do setor, no sentido de serem denunciadas junto do IVV,\u00a0 poss\u00edveis pr\u00e1ticas que justifiquem uma verifica\u00e7\u00e3o atenta, atrav\u00e9s do canal dispon\u00edvel para o efeito :\u00a0<a href=\"http:\/\/servicos.ivv.gov.pt\/odfrontend\/publico\/servicos\/formularios\/1\" target=\"_blank\" rel=\"noreferrer noopener\">http:\/\/servicos.ivv.gov.pt\/odfrontend\/publico\/servicos\/formularios\/1<\/a><\/p>\n","protected":false},"excerpt":{"rendered":"<p>A Guarda Nacional Republicana (GNR) e o Instituto da Vinha e do Vinho, I.P. (IVV), hoje, dia 21 de fevereiro,<\/p>\n","protected":false},"author":1,"featured_media":47611,"comment_status":"closed","ping_status":"closed","sticky":false,"template":"","format":"standard","meta":{"colormag_page_container_layout":"default_layout","colormag_page_sidebar_layout":"default_layout","_monsterinsights_skip_tracking":false,"_monsterinsights_sitenote_active":false,"_monsterinsights_sitenote_note":"","_monsterinsights_sitenote_category":0,"jetpack_post_was_ever_published":false,"_jetpack_newsletter_access":"","_jetpack_dont_email_post_to_subs":false,"_jetpack_newsletter_tier_id":0,"_jetpack_memberships_contains_paywalled_content":false,"_jetpack_memberships_contains_paid_content":false,"footnotes":"","jetpack_publicize_message":"","jetpack_publicize_feature_enabled":true,"jetpack_social_post_already_shared":true,"jetpack_social_options":{"image_generator_settings":{"template":"highway","default_image_id":0,"font":"","enabled":false},"version":2}},"categories":[189],"tags":[140,1159,98],"class_list":["post-47610","post","type-post","status-publish","format-standard","has-post-thumbnail","hentry","category-nacional","tag-gnr","tag-instituto-da-vinha-e-do-vinho","tag-nacional"],"yoast_head":"<!-- This site is optimized with the Yoast SEO plugin v27.5 - https:\/\/yoast.com\/product\/yoast-seo-wordpress\/ -->\n<title>GNR e IVV assinam Protocolo para refor\u00e7ar a fiscaliza\u00e7\u00e3o no Setor Vitivin\u00edcola - Algarve 7<\/title>\n<meta name=\"description\" content=\"GNR e IVV assinam Protocolo para refor\u00e7ar a fiscaliza\u00e7\u00e3o no Setor Vitivin\u00edcola Nacional\" \/>\n<meta name=\"robots\" content=\"index, follow, max-snippet:-1, max-image-preview:large, max-video-preview:-1\" \/>\n<link rel=\"canonical\" href=\"https:\/\/algarve7.pt\/index.php\/2025\/02\/gnr-e-ivv-assinam-protocolo-para-reforcar-a-fiscalizacao-no-setor-vitivinicola\/nacional\/09\/45\/\" \/>\n<meta property=\"og:locale\" content=\"pt_PT\" \/>\n<meta property=\"og:type\" content=\"article\" \/>\n<meta property=\"og:title\" content=\"GNR e IVV assinam Protocolo para refor\u00e7ar a fiscaliza\u00e7\u00e3o no Setor Vitivin\u00edcola - Algarve 7\" \/>\n<meta property=\"og:description\" content=\"GNR e IVV assinam Protocolo para refor\u00e7ar a fiscaliza\u00e7\u00e3o no Setor Vitivin\u00edcola Nacional\" \/>\n<meta property=\"og:url\" content=\"https:\/\/algarve7.pt\/index.php\/2025\/02\/gnr-e-ivv-assinam-protocolo-para-reforcar-a-fiscalizacao-no-setor-vitivinicola\/nacional\/09\/45\/\" \/>\n<meta property=\"og:site_name\" content=\"Algarve 7\" \/>\n<meta property=\"article:publisher\" content=\"https:\/\/www.facebook.com\/algarve7\" \/>\n<meta property=\"article:author\" content=\"https:\/\/www.facebook.com\/algarve7\" \/>\n<meta property=\"article:published_time\" content=\"2025-02-22T09:45:00+00:00\" \/>\n<meta property=\"og:image\" content=\"https:\/\/algarve7.pt\/wp-content\/uploads\/2025\/02\/purple_grapes_553462.jpg\" \/>\n\t<meta property=\"og:image:width\" content=\"800\" \/>\n\t<meta property=\"og:image:height\" content=\"500\" \/>\n\t<meta property=\"og:image:type\" content=\"image\/jpeg\" \/>\n<meta name=\"author\" content=\"Algarve 7\" \/>\n<meta name=\"twitter:card\" content=\"summary_large_image\" \/>\n<meta name=\"twitter:creator\" content=\"@Algarvesete\" \/>\n<meta name=\"twitter:site\" content=\"@Algarvesete\" \/>\n<meta name=\"twitter:label1\" content=\"Escrito por\" \/>\n\t<meta name=\"twitter:data1\" content=\"Algarve 7\" \/>\n\t<meta name=\"twitter:label2\" content=\"Tempo estimado de leitura\" \/>\n\t<meta name=\"twitter:data2\" content=\"2 minutos\" \/>\n<script type=\"application\/ld+json\" class=\"yoast-schema-graph\">{\"@context\":\"https:\\\/\\\/schema.org\",\"@graph\":[{\"@type\":\"Article\",\"@id\":\"https:\\\/\\\/algarve7.pt\\\/index.php\\\/2025\\\/02\\\/gnr-e-ivv-assinam-protocolo-para-reforcar-a-fiscalizacao-no-setor-vitivinicola\\\/nacional\\\/09\\\/45\\\/#article\",\"isPartOf\":{\"@id\":\"https:\\\/\\\/algarve7.pt\\\/index.php\\\/2025\\\/02\\\/gnr-e-ivv-assinam-protocolo-para-reforcar-a-fiscalizacao-no-setor-vitivinicola\\\/nacional\\\/09\\\/45\\\/\"},\"author\":{\"name\":\"Algarve 7\",\"@id\":\"https:\\\/\\\/algarve7.pt\\\/#\\\/schema\\\/person\\\/23fa70681308e7b319a3204bcea45e0c\"},\"headline\":\"GNR e IVV assinam Protocolo para refor\u00e7ar a fiscaliza\u00e7\u00e3o no Setor Vitivin\u00edcola\",\"datePublished\":\"2025-02-22T09:45:00+00:00\",\"mainEntityOfPage\":{\"@id\":\"https:\\\/\\\/algarve7.pt\\\/index.php\\\/2025\\\/02\\\/gnr-e-ivv-assinam-protocolo-para-reforcar-a-fiscalizacao-no-setor-vitivinicola\\\/nacional\\\/09\\\/45\\\/\"},\"wordCount\":195,\"publisher\":{\"@id\":\"https:\\\/\\\/algarve7.pt\\\/#organization\"},\"image\":{\"@id\":\"https:\\\/\\\/algarve7.pt\\\/index.php\\\/2025\\\/02\\\/gnr-e-ivv-assinam-protocolo-para-reforcar-a-fiscalizacao-no-setor-vitivinicola\\\/nacional\\\/09\\\/45\\\/#primaryimage\"},\"thumbnailUrl\":\"https:\\\/\\\/algarve7.pt\\\/wp-content\\\/uploads\\\/2025\\\/02\\\/purple_grapes_553462.jpg\",\"keywords\":[\"GNR\",\"Instituto da Vinha e do Vinho\",\"Nacional\"],\"articleSection\":[\"Nacional\"],\"inLanguage\":\"pt-PT\"},{\"@type\":\"WebPage\",\"@id\":\"https:\\\/\\\/algarve7.pt\\\/index.php\\\/2025\\\/02\\\/gnr-e-ivv-assinam-protocolo-para-reforcar-a-fiscalizacao-no-setor-vitivinicola\\\/nacional\\\/09\\\/45\\\/\",\"url\":\"https:\\\/\\\/algarve7.pt\\\/index.php\\\/2025\\\/02\\\/gnr-e-ivv-assinam-protocolo-para-reforcar-a-fiscalizacao-no-setor-vitivinicola\\\/nacional\\\/09\\\/45\\\/\",\"name\":\"GNR e IVV assinam Protocolo para refor\u00e7ar a fiscaliza\u00e7\u00e3o no Setor Vitivin\u00edcola - Algarve 7\",\"isPartOf\":{\"@id\":\"https:\\\/\\\/algarve7.pt\\\/#website\"},\"primaryImageOfPage\":{\"@id\":\"https:\\\/\\\/algarve7.pt\\\/index.php\\\/2025\\\/02\\\/gnr-e-ivv-assinam-protocolo-para-reforcar-a-fiscalizacao-no-setor-vitivinicola\\\/nacional\\\/09\\\/45\\\/#primaryimage\"},\"image\":{\"@id\":\"https:\\\/\\\/algarve7.pt\\\/index.php\\\/2025\\\/02\\\/gnr-e-ivv-assinam-protocolo-para-reforcar-a-fiscalizacao-no-setor-vitivinicola\\\/nacional\\\/09\\\/45\\\/#primaryimage\"},\"thumbnailUrl\":\"https:\\\/\\\/algarve7.pt\\\/wp-content\\\/uploads\\\/2025\\\/02\\\/purple_grapes_553462.jpg\",\"datePublished\":\"2025-02-22T09:45:00+00:00\",\"description\":\"GNR e IVV assinam Protocolo para refor\u00e7ar a fiscaliza\u00e7\u00e3o no Setor Vitivin\u00edcola Nacional\",\"breadcrumb\":{\"@id\":\"https:\\\/\\\/algarve7.pt\\\/index.php\\\/2025\\\/02\\\/gnr-e-ivv-assinam-protocolo-para-reforcar-a-fiscalizacao-no-setor-vitivinicola\\\/nacional\\\/09\\\/45\\\/#breadcrumb\"},\"inLanguage\":\"pt-PT\",\"potentialAction\":[{\"@type\":\"ReadAction\",\"target\":[\"https:\\\/\\\/algarve7.pt\\\/index.php\\\/2025\\\/02\\\/gnr-e-ivv-assinam-protocolo-para-reforcar-a-fiscalizacao-no-setor-vitivinicola\\\/nacional\\\/09\\\/45\\\/\"]}]},{\"@type\":\"ImageObject\",\"inLanguage\":\"pt-PT\",\"@id\":\"https:\\\/\\\/algarve7.pt\\\/index.php\\\/2025\\\/02\\\/gnr-e-ivv-assinam-protocolo-para-reforcar-a-fiscalizacao-no-setor-vitivinicola\\\/nacional\\\/09\\\/45\\\/#primaryimage\",\"url\":\"https:\\\/\\\/algarve7.pt\\\/wp-content\\\/uploads\\\/2025\\\/02\\\/purple_grapes_553462.jpg\",\"contentUrl\":\"https:\\\/\\\/algarve7.pt\\\/wp-content\\\/uploads\\\/2025\\\/02\\\/purple_grapes_553462.jpg\",\"width\":800,\"height\":500},{\"@type\":\"BreadcrumbList\",\"@id\":\"https:\\\/\\\/algarve7.pt\\\/index.php\\\/2025\\\/02\\\/gnr-e-ivv-assinam-protocolo-para-reforcar-a-fiscalizacao-no-setor-vitivinicola\\\/nacional\\\/09\\\/45\\\/#breadcrumb\",\"itemListElement\":[{\"@type\":\"ListItem\",\"position\":1,\"name\":\"In\u00edcio\",\"item\":\"https:\\\/\\\/algarve7.pt\\\/\"},{\"@type\":\"ListItem\",\"position\":2,\"name\":\"GNR e IVV assinam Protocolo para refor\u00e7ar a fiscaliza\u00e7\u00e3o no Setor Vitivin\u00edcola\"}]},{\"@type\":\"WebSite\",\"@id\":\"https:\\\/\\\/algarve7.pt\\\/#website\",\"url\":\"https:\\\/\\\/algarve7.pt\\\/\",\"name\":\"Algarve 7\",\"description\":\"Informa\u00e7\u00e3o sobre o Algarve\",\"publisher\":{\"@id\":\"https:\\\/\\\/algarve7.pt\\\/#organization\"},\"potentialAction\":[{\"@type\":\"SearchAction\",\"target\":{\"@type\":\"EntryPoint\",\"urlTemplate\":\"https:\\\/\\\/algarve7.pt\\\/?s={search_term_string}\"},\"query-input\":{\"@type\":\"PropertyValueSpecification\",\"valueRequired\":true,\"valueName\":\"search_term_string\"}}],\"inLanguage\":\"pt-PT\"},{\"@type\":\"Organization\",\"@id\":\"https:\\\/\\\/algarve7.pt\\\/#organization\",\"name\":\"Algarve 7\",\"url\":\"https:\\\/\\\/algarve7.pt\\\/\",\"logo\":{\"@type\":\"ImageObject\",\"inLanguage\":\"pt-PT\",\"@id\":\"https:\\\/\\\/algarve7.pt\\\/#\\\/schema\\\/logo\\\/image\\\/\",\"url\":\"https:\\\/\\\/algarve7.pt\\\/wp-content\\\/uploads\\\/2020\\\/10\\\/Logo-8.jpg\",\"contentUrl\":\"https:\\\/\\\/algarve7.pt\\\/wp-content\\\/uploads\\\/2020\\\/10\\\/Logo-8.jpg\",\"width\":1680,\"height\":1186,\"caption\":\"Algarve 7\"},\"image\":{\"@id\":\"https:\\\/\\\/algarve7.pt\\\/#\\\/schema\\\/logo\\\/image\\\/\"},\"sameAs\":[\"https:\\\/\\\/www.facebook.com\\\/algarve7\",\"https:\\\/\\\/x.com\\\/Algarvesete\",\"https:\\\/\\\/www.instagram.com\\\/jornalalgarve7\\\/\",\"https:\\\/\\\/www.linkedin.com\\\/company\\\/algarve7\",\"https:\\\/\\\/www.pinterest.pt\\\/geral0939\\\/_created\\\/\"]},{\"@type\":\"Person\",\"@id\":\"https:\\\/\\\/algarve7.pt\\\/#\\\/schema\\\/person\\\/23fa70681308e7b319a3204bcea45e0c\",\"name\":\"Algarve 7\",\"sameAs\":[\"https:\\\/\\\/algarve7.pt\",\"https:\\\/\\\/www.facebook.com\\\/algarve7\"],\"url\":\"https:\\\/\\\/algarve7.pt\\\/index.php\\\/author\\\/geralalgarve7-pt\\\/\"}]}<\/script>\n<!-- \/ Yoast SEO plugin. -->","yoast_head_json":{"title":"GNR e IVV assinam Protocolo para refor\u00e7ar a fiscaliza\u00e7\u00e3o no Setor Vitivin\u00edcola - Algarve 7","description":"GNR e IVV assinam Protocolo para refor\u00e7ar a fiscaliza\u00e7\u00e3o no Setor Vitivin\u00edcola Nacional","robots":{"index":"index","follow":"follow","max-snippet":"max-snippet:-1","max-image-preview":"max-image-preview:large","max-video-preview":"max-video-preview:-1"},"canonical":"https:\/\/algarve7.pt\/index.php\/2025\/02\/gnr-e-ivv-assinam-protocolo-para-reforcar-a-fiscalizacao-no-setor-vitivinicola\/nacional\/09\/45\/","og_locale":"pt_PT","og_type":"article","og_title":"GNR e IVV assinam Protocolo para refor\u00e7ar a fiscaliza\u00e7\u00e3o no Setor Vitivin\u00edcola - Algarve 7","og_description":"GNR e IVV assinam Protocolo para refor\u00e7ar a fiscaliza\u00e7\u00e3o no Setor Vitivin\u00edcola Nacional","og_url":"https:\/\/algarve7.pt\/index.php\/2025\/02\/gnr-e-ivv-assinam-protocolo-para-reforcar-a-fiscalizacao-no-setor-vitivinicola\/nacional\/09\/45\/","og_site_name":"Algarve 7","article_publisher":"https:\/\/www.facebook.com\/algarve7","article_author":"https:\/\/www.facebook.com\/algarve7","article_published_time":"2025-02-22T09:45:00+00:00","og_image":[{"width":800,"height":500,"url":"https:\/\/algarve7.pt\/wp-content\/uploads\/2025\/02\/purple_grapes_553462.jpg","type":"image\/jpeg"}],"author":"Algarve 7","twitter_card":"summary_large_image","twitter_creator":"@Algarvesete","twitter_site":"@Algarvesete","twitter_misc":{"Escrito por":"Algarve 7","Tempo estimado de leitura":"2 minutos"},"schema":{"@context":"https:\/\/schema.org","@graph":[{"@type":"Article","@id":"https:\/\/algarve7.pt\/index.php\/2025\/02\/gnr-e-ivv-assinam-protocolo-para-reforcar-a-fiscalizacao-no-setor-vitivinicola\/nacional\/09\/45\/#article","isPartOf":{"@id":"https:\/\/algarve7.pt\/index.php\/2025\/02\/gnr-e-ivv-assinam-protocolo-para-reforcar-a-fiscalizacao-no-setor-vitivinicola\/nacional\/09\/45\/"},"author":{"name":"Algarve 7","@id":"https:\/\/algarve7.pt\/#\/schema\/person\/23fa70681308e7b319a3204bcea45e0c"},"headline":"GNR e IVV assinam Protocolo para refor\u00e7ar a fiscaliza\u00e7\u00e3o no Setor Vitivin\u00edcola","datePublished":"2025-02-22T09:45:00+00:00","mainEntityOfPage":{"@id":"https:\/\/algarve7.pt\/index.php\/2025\/02\/gnr-e-ivv-assinam-protocolo-para-reforcar-a-fiscalizacao-no-setor-vitivinicola\/nacional\/09\/45\/"},"wordCount":195,"publisher":{"@id":"https:\/\/algarve7.pt\/#organization"},"image":{"@id":"https:\/\/algarve7.pt\/index.php\/2025\/02\/gnr-e-ivv-assinam-protocolo-para-reforcar-a-fiscalizacao-no-setor-vitivinicola\/nacional\/09\/45\/#primaryimage"},"thumbnailUrl":"https:\/\/algarve7.pt\/wp-content\/uploads\/2025\/02\/purple_grapes_553462.jpg","keywords":["GNR","Instituto da Vinha e do Vinho","Nacional"],"articleSection":["Nacional"],"inLanguage":"pt-PT"},{"@type":"WebPage","@id":"https:\/\/algarve7.pt\/index.php\/2025\/02\/gnr-e-ivv-assinam-protocolo-para-reforcar-a-fiscalizacao-no-setor-vitivinicola\/nacional\/09\/45\/","url":"https:\/\/algarve7.pt\/index.php\/2025\/02\/gnr-e-ivv-assinam-protocolo-para-reforcar-a-fiscalizacao-no-setor-vitivinicola\/nacional\/09\/45\/","name":"GNR e IVV assinam Protocolo para refor\u00e7ar a fiscaliza\u00e7\u00e3o no Setor Vitivin\u00edcola - Algarve 7","isPartOf":{"@id":"https:\/\/algarve7.pt\/#website"},"primaryImageOfPage":{"@id":"https:\/\/algarve7.pt\/index.php\/2025\/02\/gnr-e-ivv-assinam-protocolo-para-reforcar-a-fiscalizacao-no-setor-vitivinicola\/nacional\/09\/45\/#primaryimage"},"image":{"@id":"https:\/\/algarve7.pt\/index.php\/2025\/02\/gnr-e-ivv-assinam-protocolo-para-reforcar-a-fiscalizacao-no-setor-vitivinicola\/nacional\/09\/45\/#primaryimage"},"thumbnailUrl":"https:\/\/algarve7.pt\/wp-content\/uploads\/2025\/02\/purple_grapes_553462.jpg","datePublished":"2025-02-22T09:45:00+00:00","description":"GNR e IVV assinam Protocolo para refor\u00e7ar a fiscaliza\u00e7\u00e3o no Setor Vitivin\u00edcola Nacional","breadcrumb":{"@id":"https:\/\/algarve7.pt\/index.php\/2025\/02\/gnr-e-ivv-assinam-protocolo-para-reforcar-a-fiscalizacao-no-setor-vitivinicola\/nacional\/09\/45\/#breadcrumb"},"inLanguage":"pt-PT","potentialAction":[{"@type":"ReadAction","target":["https:\/\/algarve7.pt\/index.php\/2025\/02\/gnr-e-ivv-assinam-protocolo-para-reforcar-a-fiscalizacao-no-setor-vitivinicola\/nacional\/09\/45\/"]}]},{"@type":"ImageObject","inLanguage":"pt-PT","@id":"https:\/\/algarve7.pt\/index.php\/2025\/02\/gnr-e-ivv-assinam-protocolo-para-reforcar-a-fiscalizacao-no-setor-vitivinicola\/nacional\/09\/45\/#primaryimage","url":"https:\/\/algarve7.pt\/wp-content\/uploads\/2025\/02\/purple_grapes_553462.jpg","contentUrl":"https:\/\/algarve7.pt\/wp-content\/uploads\/2025\/02\/purple_grapes_553462.jpg","width":800,"height":500},{"@type":"BreadcrumbList","@id":"https:\/\/algarve7.pt\/index.php\/2025\/02\/gnr-e-ivv-assinam-protocolo-para-reforcar-a-fiscalizacao-no-setor-vitivinicola\/nacional\/09\/45\/#breadcrumb","itemListElement":[{"@type":"ListItem","position":1,"name":"In\u00edcio","item":"https:\/\/algarve7.pt\/"},{"@type":"ListItem","position":2,"name":"GNR e IVV assinam Protocolo para refor\u00e7ar a fiscaliza\u00e7\u00e3o no Setor Vitivin\u00edcola"}]},{"@type":"WebSite","@id":"https:\/\/algarve7.pt\/#website","url":"https:\/\/algarve7.pt\/","name":"Algarve 7","description":"Informa\u00e7\u00e3o sobre o Algarve","publisher":{"@id":"https:\/\/algarve7.pt\/#organization"},"potentialAction":[{"@type":"SearchAction","target":{"@type":"EntryPoint","urlTemplate":"https:\/\/algarve7.pt\/?s={search_term_string}"},"query-input":{"@type":"PropertyValueSpecification","valueRequired":true,"valueName":"search_term_string"}}],"inLanguage":"pt-PT"},{"@type":"Organization","@id":"https:\/\/algarve7.pt\/#organization","name":"Algarve 7","url":"https:\/\/algarve7.pt\/","logo":{"@type":"ImageObject","inLanguage":"pt-PT","@id":"https:\/\/algarve7.pt\/#\/schema\/logo\/image\/","url":"https:\/\/algarve7.pt\/wp-content\/uploads\/2020\/10\/Logo-8.jpg","contentUrl":"https:\/\/algarve7.pt\/wp-content\/uploads\/2020\/10\/Logo-8.jpg","width":1680,"height":1186,"caption":"Algarve 7"},"image":{"@id":"https:\/\/algarve7.pt\/#\/schema\/logo\/image\/"},"sameAs":["https:\/\/www.facebook.com\/algarve7","https:\/\/x.com\/Algarvesete","https:\/\/www.instagram.com\/jornalalgarve7\/","https:\/\/www.linkedin.com\/company\/algarve7","https:\/\/www.pinterest.pt\/geral0939\/_created\/"]},{"@type":"Person","@id":"https:\/\/algarve7.pt\/#\/schema\/person\/23fa70681308e7b319a3204bcea45e0c","name":"Algarve 7","sameAs":["https:\/\/algarve7.pt","https:\/\/www.facebook.com\/algarve7"],"url":"https:\/\/algarve7.pt\/index.php\/author\/geralalgarve7-pt\/"}]}},"jetpack_publicize_connections":[],"jetpack_featured_media_url":"https:\/\/algarve7.pt\/wp-content\/uploads\/2025\/02\/purple_grapes_553462.jpg","jetpack_shortlink":"https:\/\/wp.me\/pcezmW-cnU","jetpack_sharing_enabled":true,"_links":{"self":[{"href":"https:\/\/algarve7.pt\/index.php\/wp-json\/wp\/v2\/posts\/47610","targetHints":{"allow":["GET"]}}],"collection":[{"href":"https:\/\/algarve7.pt\/index.php\/wp-json\/wp\/v2\/posts"}],"about":[{"href":"https:\/\/algarve7.pt\/index.php\/wp-json\/wp\/v2\/types\/post"}],"author":[{"embeddable":true,"href":"https:\/\/algarve7.pt\/index.php\/wp-json\/wp\/v2\/users\/1"}],"replies":[{"embeddable":true,"href":"https:\/\/algarve7.pt\/index.php\/wp-json\/wp\/v2\/comments?post=47610"}],"version-history":[{"count":0,"href":"https:\/\/algarve7.pt\/index.php\/wp-json\/wp\/v2\/posts\/47610\/revisions"}],"wp:featuredmedia":[{"embeddable":true,"href":"https:\/\/algarve7.pt\/index.php\/wp-json\/wp\/v2\/media\/47611"}],"wp:attachment":[{"href":"https:\/\/algarve7.pt\/index.php\/wp-json\/wp\/v2\/media?parent=47610"}],"wp:term":[{"taxonomy":"category","embeddable":true,"href":"https:\/\/algarve7.pt\/index.php\/wp-json\/wp\/v2\/categories?post=47610"},{"taxonomy":"post_tag","embeddable":true,"href":"https:\/\/algarve7.pt\/index.php\/wp-json\/wp\/v2\/tags?post=47610"}],"curies":[{"name":"wp","href":"https:\/\/api.w.org\/{rel}","templated":true}]}}