{"id":47569,"date":"2025-02-21T09:45:00","date_gmt":"2025-02-21T09:45:00","guid":{"rendered":"https:\/\/algarve7.pt\/?p=47569"},"modified":"2025-02-21T13:01:23","modified_gmt":"2025-02-21T13:01:23","slug":"portimao-celebra-o-carnaval-com-forte-apoio-do-associativismo-local","status":"publish","type":"post","link":"https:\/\/algarve7.pt\/index.php\/2025\/02\/portimao-celebra-o-carnaval-com-forte-apoio-do-associativismo-local\/cultura\/09\/45\/","title":{"rendered":"Portim\u00e3o celebra o Carnaval com forte apoio do Associativismo Local"},"content":{"rendered":"\n<p>Portim\u00e3o volta a brincar ao Carnaval atrav\u00e9s de um conjunto de iniciativas que v\u00e3o dos bailes \u00e0s matin\u00e9s e dos desfiles aos cortejos aleg\u00f3ricos, prometendo divertir toda a gente, ou n\u00e3o fosse esta uma festa de profundo cariz popular.<\/p>\n\n\n\n<p>Este ano sob o tema \u201cSustentabilidade\u201d, o Carnaval de Portim\u00e3o inspira-se na ado\u00e7\u00e3o de um consumo respons\u00e1vel, que nos permita satisfazer as necessidades humanas tanto no presente quanto no futuro, que d\u00e1 o mote para a festa e na qual participar\u00e3o 13 carros aleg\u00f3ricos e nove grupos carnavalescos, com muita m\u00fasica e folia.<\/p>\n\n\n\n<p>No dia 28 de fevereiro, entre as 10h00 e as 11h30, ter\u00e1 lugar o grande desfile de abertura do programa carnavalesco, com a participa\u00e7\u00e3o de crian\u00e7as das escolas do munic\u00edpio, devidamente mascaradas, e do Bombo\u00e9mia \u2013 Grupo de Percuss\u00e3o da Universidade do Minho, com concentra\u00e7\u00e3o marcada para a Pra\u00e7a da Rep\u00fablica e passagem pela Rua Direita em dire\u00e7\u00e3o ao Largo 1\u00ba de Maio.\u00a0<\/p>\n\n\n\n<p><strong>BAILES E MASCARINHAS<\/strong><\/p>\n\n\n\n<p>Quanto aos bailes de Carnaval, que estimulam a imagina\u00e7\u00e3o dos foli\u00f5es, atrav\u00e9s de criativas mascarinhas, e s\u00e3o expoentes do dinamismo festivo desta \u00e9poca, ter\u00e3o lugar nos seguintes locais e datas: Associa\u00e7\u00e3o Cultural e Desportiva Alvorense 1\u00ba de Dezembro ( 1, 3 e 4 mar\u00e7o, bailes \u00e0s 21h00 e dia 2 mar\u00e7o, matin\u00e9 \u00e0s 18h00); Boa Esperan\u00e7a Atl\u00e9tico Clube Portimonense (1 e 3 mar\u00e7o bailes \u00e0s 21h30); Clube de Instru\u00e7\u00e3o e Recreio Mexilhoeirense (4 mar\u00e7o, matin\u00e9 \u00e0s 17h00); Clube Desportivo e Recreativo da Pedra Mourinha (1 e 3 mar\u00e7o, bailes \u00e0s 21h30); Clube Uni\u00e3o Portimonense (2 mar\u00e7o \u00e0s 20h00 decorrer\u00e1 o \u201cAssalto\u201d e o Concurso de M\u00e1scaras e a 3 mar\u00e7o, baile \u00e0s 21h00); Sporting Gl\u00f3ria ou Morte Portimonense, 15 e 22 fevereiro, bailes \u00e0s 21h00 e 1, 3 e 4 mar\u00e7o, bailes \u00e0s 21h00); Sociedade Recreativa Figueirense (2 mar\u00e7o matin\u00e9 \u00e0s 17h00 e 4 mar\u00e7o, matin\u00e9 \u00e0s 18h00); Sociedade Vencedora Portimonense (1 e 3 mar\u00e7o bailes \u00e0s 21h30 e 4 mar\u00e7o, matin\u00e9 \u00e0s 18h00);<\/p>\n\n\n\n<p><strong>DESFILE DE CARROS ALEG\u00d3RICOS<\/strong><\/p>\n\n\n\n<p>No dia 4 de mar\u00e7o, pelas 15h00, ir\u00e1 ter lugar na Zona Ribeirinha de Portim\u00e3o, o Desfile de Carros Aleg\u00f3ricos com a presen\u00e7a de 13 viaturas decoradas com temas alusivos \u00e0 sustentabilidade e que contar\u00e1 com a participa\u00e7\u00e3o de nove coletividades. O ponto alto ser\u00e1, assim, na ter\u00e7a-feira de Carnaval, \u00e0 beira do rio Arade, com um desfile pautado por muita m\u00fasica, cor e anima\u00e7\u00e3o e que promete ser uma festa centrada na espontaneidade das associa\u00e7\u00f5es locais, que dar\u00e3o vida e energia \u00e0s tradi\u00e7\u00f5es do Entrudo.<\/p>\n\n\n\n<p><strong>Dias da Percuss\u00e3o<\/strong><\/p>\n\n\n\n<p>Para emprestar mais ritmo \u00e0 festa, Portim\u00e3o recebe de 28 de fevereiro e 2 de mar\u00e7o, a quarta edi\u00e7\u00e3o dos Dias de Percuss\u00e3o, cuja diversificada programa\u00e7\u00e3o, onde se incluem v\u00e1rias atua\u00e7\u00f5es ao vivo em emblem\u00e1ticos espa\u00e7os p\u00fablicos da cidade, pode ser consultada no seguinte endere\u00e7o eletr\u00f3nico:&nbsp;<a href=\"https:\/\/www.dpportimao.pt\/\" target=\"_blank\" rel=\"noreferrer noopener\">https:\/\/www.dpportimao.pt\/<\/a><\/p>\n\n\n\n<p>Apresentadas as propostas para este per\u00edodo, Portim\u00e3o convida residentes e visitantes a viverem com muita folia e alegria as tradi\u00e7\u00f5es carnavalescas, pois &#8211; como diz o povo &#8211; \u201ca vida s\u00e3o dois dias e o Carnaval s\u00e3o tr\u00eas\u201d.<\/p>\n","protected":false},"excerpt":{"rendered":"<p>Portim\u00e3o volta a brincar ao Carnaval atrav\u00e9s de um conjunto de iniciativas que v\u00e3o dos bailes \u00e0s matin\u00e9s e dos<\/p>\n","protected":false},"author":1,"featured_media":47570,"comment_status":"closed","ping_status":"closed","sticky":false,"template":"","format":"standard","meta":{"colormag_page_container_layout":"default_layout","colormag_page_sidebar_layout":"default_layout","_monsterinsights_skip_tracking":false,"_monsterinsights_sitenote_active":false,"_monsterinsights_sitenote_note":"","_monsterinsights_sitenote_category":0,"jetpack_post_was_ever_published":false,"_jetpack_newsletter_access":"","_jetpack_dont_email_post_to_subs":false,"_jetpack_newsletter_tier_id":0,"_jetpack_memberships_contains_paywalled_content":false,"_jetpack_memberships_contains_paid_content":false,"footnotes":"","jetpack_publicize_message":"","jetpack_publicize_feature_enabled":true,"jetpack_social_post_already_shared":true,"jetpack_social_options":{"image_generator_settings":{"template":"highway","default_image_id":0,"font":"","enabled":false},"version":2}},"categories":[14],"tags":[36,187,35,72],"class_list":["post-47569","post","type-post","status-publish","format-standard","has-post-thumbnail","hentry","category-cultura","tag-algarve","tag-carnaval","tag-cultura","tag-portimao"],"yoast_head":"<!-- This site is optimized with the Yoast SEO plugin v27.4 - https:\/\/yoast.com\/product\/yoast-seo-wordpress\/ -->\n<title>Portim\u00e3o celebra o Carnaval com forte apoio do Associativismo Local - Algarve 7<\/title>\n<meta name=\"description\" content=\"Portim\u00e3o celebra o Carnaval com forte apoio do Associativismo Local Cultura\" \/>\n<meta name=\"robots\" content=\"index, follow, max-snippet:-1, max-image-preview:large, max-video-preview:-1\" \/>\n<link rel=\"canonical\" href=\"https:\/\/algarve7.pt\/index.php\/2025\/02\/portimao-celebra-o-carnaval-com-forte-apoio-do-associativismo-local\/cultura\/09\/45\/\" \/>\n<meta property=\"og:locale\" content=\"pt_PT\" \/>\n<meta property=\"og:type\" content=\"article\" \/>\n<meta property=\"og:title\" content=\"Portim\u00e3o celebra o Carnaval com forte apoio do Associativismo Local - Algarve 7\" \/>\n<meta property=\"og:description\" content=\"Portim\u00e3o celebra o Carnaval com forte apoio do Associativismo Local Cultura\" \/>\n<meta property=\"og:url\" content=\"https:\/\/algarve7.pt\/index.php\/2025\/02\/portimao-celebra-o-carnaval-com-forte-apoio-do-associativismo-local\/cultura\/09\/45\/\" \/>\n<meta property=\"og:site_name\" content=\"Algarve 7\" \/>\n<meta property=\"article:publisher\" content=\"https:\/\/www.facebook.com\/algarve7\" \/>\n<meta property=\"article:author\" content=\"https:\/\/www.facebook.com\/algarve7\" \/>\n<meta property=\"article:published_time\" content=\"2025-02-21T09:45:00+00:00\" \/>\n<meta property=\"article:modified_time\" content=\"2025-02-21T13:01:23+00:00\" \/>\n<meta property=\"og:image\" content=\"https:\/\/algarve7.pt\/wp-content\/uploads\/2025\/02\/Carnaval-em-Portimao-1.jpg\" \/>\n\t<meta property=\"og:image:width\" content=\"800\" \/>\n\t<meta property=\"og:image:height\" content=\"500\" \/>\n\t<meta property=\"og:image:type\" content=\"image\/jpeg\" \/>\n<meta name=\"author\" content=\"Algarve 7\" \/>\n<meta name=\"twitter:card\" content=\"summary_large_image\" \/>\n<meta name=\"twitter:creator\" content=\"@Algarvesete\" \/>\n<meta name=\"twitter:site\" content=\"@Algarvesete\" \/>\n<meta name=\"twitter:label1\" content=\"Escrito por\" \/>\n\t<meta name=\"twitter:data1\" content=\"Algarve 7\" \/>\n\t<meta name=\"twitter:label2\" content=\"Tempo estimado de leitura\" \/>\n\t<meta name=\"twitter:data2\" content=\"3 minutos\" \/>\n<script type=\"application\/ld+json\" class=\"yoast-schema-graph\">{\"@context\":\"https:\\\/\\\/schema.org\",\"@graph\":[{\"@type\":\"Article\",\"@id\":\"https:\\\/\\\/algarve7.pt\\\/index.php\\\/2025\\\/02\\\/portimao-celebra-o-carnaval-com-forte-apoio-do-associativismo-local\\\/cultura\\\/09\\\/45\\\/#article\",\"isPartOf\":{\"@id\":\"https:\\\/\\\/algarve7.pt\\\/index.php\\\/2025\\\/02\\\/portimao-celebra-o-carnaval-com-forte-apoio-do-associativismo-local\\\/cultura\\\/09\\\/45\\\/\"},\"author\":{\"name\":\"Algarve 7\",\"@id\":\"https:\\\/\\\/algarve7.pt\\\/#\\\/schema\\\/person\\\/23fa70681308e7b319a3204bcea45e0c\"},\"headline\":\"Portim\u00e3o celebra o Carnaval com forte apoio do Associativismo Local\",\"datePublished\":\"2025-02-21T09:45:00+00:00\",\"dateModified\":\"2025-02-21T13:01:23+00:00\",\"mainEntityOfPage\":{\"@id\":\"https:\\\/\\\/algarve7.pt\\\/index.php\\\/2025\\\/02\\\/portimao-celebra-o-carnaval-com-forte-apoio-do-associativismo-local\\\/cultura\\\/09\\\/45\\\/\"},\"wordCount\":557,\"publisher\":{\"@id\":\"https:\\\/\\\/algarve7.pt\\\/#organization\"},\"image\":{\"@id\":\"https:\\\/\\\/algarve7.pt\\\/index.php\\\/2025\\\/02\\\/portimao-celebra-o-carnaval-com-forte-apoio-do-associativismo-local\\\/cultura\\\/09\\\/45\\\/#primaryimage\"},\"thumbnailUrl\":\"https:\\\/\\\/algarve7.pt\\\/wp-content\\\/uploads\\\/2025\\\/02\\\/Carnaval-em-Portimao-1.jpg\",\"keywords\":[\"Algarve\",\"Carnaval\",\"Cultura\",\"Portim\u00e3o\"],\"articleSection\":[\"Cultura\"],\"inLanguage\":\"pt-PT\"},{\"@type\":\"WebPage\",\"@id\":\"https:\\\/\\\/algarve7.pt\\\/index.php\\\/2025\\\/02\\\/portimao-celebra-o-carnaval-com-forte-apoio-do-associativismo-local\\\/cultura\\\/09\\\/45\\\/\",\"url\":\"https:\\\/\\\/algarve7.pt\\\/index.php\\\/2025\\\/02\\\/portimao-celebra-o-carnaval-com-forte-apoio-do-associativismo-local\\\/cultura\\\/09\\\/45\\\/\",\"name\":\"Portim\u00e3o celebra o Carnaval com forte apoio do Associativismo Local - Algarve 7\",\"isPartOf\":{\"@id\":\"https:\\\/\\\/algarve7.pt\\\/#website\"},\"primaryImageOfPage\":{\"@id\":\"https:\\\/\\\/algarve7.pt\\\/index.php\\\/2025\\\/02\\\/portimao-celebra-o-carnaval-com-forte-apoio-do-associativismo-local\\\/cultura\\\/09\\\/45\\\/#primaryimage\"},\"image\":{\"@id\":\"https:\\\/\\\/algarve7.pt\\\/index.php\\\/2025\\\/02\\\/portimao-celebra-o-carnaval-com-forte-apoio-do-associativismo-local\\\/cultura\\\/09\\\/45\\\/#primaryimage\"},\"thumbnailUrl\":\"https:\\\/\\\/algarve7.pt\\\/wp-content\\\/uploads\\\/2025\\\/02\\\/Carnaval-em-Portimao-1.jpg\",\"datePublished\":\"2025-02-21T09:45:00+00:00\",\"dateModified\":\"2025-02-21T13:01:23+00:00\",\"description\":\"Portim\u00e3o celebra o Carnaval com forte apoio do Associativismo Local Cultura\",\"breadcrumb\":{\"@id\":\"https:\\\/\\\/algarve7.pt\\\/index.php\\\/2025\\\/02\\\/portimao-celebra-o-carnaval-com-forte-apoio-do-associativismo-local\\\/cultura\\\/09\\\/45\\\/#breadcrumb\"},\"inLanguage\":\"pt-PT\",\"potentialAction\":[{\"@type\":\"ReadAction\",\"target\":[\"https:\\\/\\\/algarve7.pt\\\/index.php\\\/2025\\\/02\\\/portimao-celebra-o-carnaval-com-forte-apoio-do-associativismo-local\\\/cultura\\\/09\\\/45\\\/\"]}]},{\"@type\":\"ImageObject\",\"inLanguage\":\"pt-PT\",\"@id\":\"https:\\\/\\\/algarve7.pt\\\/index.php\\\/2025\\\/02\\\/portimao-celebra-o-carnaval-com-forte-apoio-do-associativismo-local\\\/cultura\\\/09\\\/45\\\/#primaryimage\",\"url\":\"https:\\\/\\\/algarve7.pt\\\/wp-content\\\/uploads\\\/2025\\\/02\\\/Carnaval-em-Portimao-1.jpg\",\"contentUrl\":\"https:\\\/\\\/algarve7.pt\\\/wp-content\\\/uploads\\\/2025\\\/02\\\/Carnaval-em-Portimao-1.jpg\",\"width\":800,\"height\":500},{\"@type\":\"BreadcrumbList\",\"@id\":\"https:\\\/\\\/algarve7.pt\\\/index.php\\\/2025\\\/02\\\/portimao-celebra-o-carnaval-com-forte-apoio-do-associativismo-local\\\/cultura\\\/09\\\/45\\\/#breadcrumb\",\"itemListElement\":[{\"@type\":\"ListItem\",\"position\":1,\"name\":\"In\u00edcio\",\"item\":\"https:\\\/\\\/algarve7.pt\\\/\"},{\"@type\":\"ListItem\",\"position\":2,\"name\":\"Portim\u00e3o celebra o Carnaval com forte apoio do Associativismo Local\"}]},{\"@type\":\"WebSite\",\"@id\":\"https:\\\/\\\/algarve7.pt\\\/#website\",\"url\":\"https:\\\/\\\/algarve7.pt\\\/\",\"name\":\"Algarve 7\",\"description\":\"Informa\u00e7\u00e3o sobre o Algarve\",\"publisher\":{\"@id\":\"https:\\\/\\\/algarve7.pt\\\/#organization\"},\"potentialAction\":[{\"@type\":\"SearchAction\",\"target\":{\"@type\":\"EntryPoint\",\"urlTemplate\":\"https:\\\/\\\/algarve7.pt\\\/?s={search_term_string}\"},\"query-input\":{\"@type\":\"PropertyValueSpecification\",\"valueRequired\":true,\"valueName\":\"search_term_string\"}}],\"inLanguage\":\"pt-PT\"},{\"@type\":\"Organization\",\"@id\":\"https:\\\/\\\/algarve7.pt\\\/#organization\",\"name\":\"Algarve 7\",\"url\":\"https:\\\/\\\/algarve7.pt\\\/\",\"logo\":{\"@type\":\"ImageObject\",\"inLanguage\":\"pt-PT\",\"@id\":\"https:\\\/\\\/algarve7.pt\\\/#\\\/schema\\\/logo\\\/image\\\/\",\"url\":\"https:\\\/\\\/algarve7.pt\\\/wp-content\\\/uploads\\\/2020\\\/10\\\/Logo-8.jpg\",\"contentUrl\":\"https:\\\/\\\/algarve7.pt\\\/wp-content\\\/uploads\\\/2020\\\/10\\\/Logo-8.jpg\",\"width\":1680,\"height\":1186,\"caption\":\"Algarve 7\"},\"image\":{\"@id\":\"https:\\\/\\\/algarve7.pt\\\/#\\\/schema\\\/logo\\\/image\\\/\"},\"sameAs\":[\"https:\\\/\\\/www.facebook.com\\\/algarve7\",\"https:\\\/\\\/x.com\\\/Algarvesete\",\"https:\\\/\\\/www.instagram.com\\\/jornalalgarve7\\\/\",\"https:\\\/\\\/www.linkedin.com\\\/company\\\/algarve7\",\"https:\\\/\\\/www.pinterest.pt\\\/geral0939\\\/_created\\\/\"]},{\"@type\":\"Person\",\"@id\":\"https:\\\/\\\/algarve7.pt\\\/#\\\/schema\\\/person\\\/23fa70681308e7b319a3204bcea45e0c\",\"name\":\"Algarve 7\",\"sameAs\":[\"https:\\\/\\\/algarve7.pt\",\"https:\\\/\\\/www.facebook.com\\\/algarve7\"],\"url\":\"https:\\\/\\\/algarve7.pt\\\/index.php\\\/author\\\/geralalgarve7-pt\\\/\"}]}<\/script>\n<!-- \/ Yoast SEO plugin. -->","yoast_head_json":{"title":"Portim\u00e3o celebra o Carnaval com forte apoio do Associativismo Local - Algarve 7","description":"Portim\u00e3o celebra o Carnaval com forte apoio do Associativismo Local Cultura","robots":{"index":"index","follow":"follow","max-snippet":"max-snippet:-1","max-image-preview":"max-image-preview:large","max-video-preview":"max-video-preview:-1"},"canonical":"https:\/\/algarve7.pt\/index.php\/2025\/02\/portimao-celebra-o-carnaval-com-forte-apoio-do-associativismo-local\/cultura\/09\/45\/","og_locale":"pt_PT","og_type":"article","og_title":"Portim\u00e3o celebra o Carnaval com forte apoio do Associativismo Local - Algarve 7","og_description":"Portim\u00e3o celebra o Carnaval com forte apoio do Associativismo Local Cultura","og_url":"https:\/\/algarve7.pt\/index.php\/2025\/02\/portimao-celebra-o-carnaval-com-forte-apoio-do-associativismo-local\/cultura\/09\/45\/","og_site_name":"Algarve 7","article_publisher":"https:\/\/www.facebook.com\/algarve7","article_author":"https:\/\/www.facebook.com\/algarve7","article_published_time":"2025-02-21T09:45:00+00:00","article_modified_time":"2025-02-21T13:01:23+00:00","og_image":[{"width":800,"height":500,"url":"https:\/\/algarve7.pt\/wp-content\/uploads\/2025\/02\/Carnaval-em-Portimao-1.jpg","type":"image\/jpeg"}],"author":"Algarve 7","twitter_card":"summary_large_image","twitter_creator":"@Algarvesete","twitter_site":"@Algarvesete","twitter_misc":{"Escrito por":"Algarve 7","Tempo estimado de leitura":"3 minutos"},"schema":{"@context":"https:\/\/schema.org","@graph":[{"@type":"Article","@id":"https:\/\/algarve7.pt\/index.php\/2025\/02\/portimao-celebra-o-carnaval-com-forte-apoio-do-associativismo-local\/cultura\/09\/45\/#article","isPartOf":{"@id":"https:\/\/algarve7.pt\/index.php\/2025\/02\/portimao-celebra-o-carnaval-com-forte-apoio-do-associativismo-local\/cultura\/09\/45\/"},"author":{"name":"Algarve 7","@id":"https:\/\/algarve7.pt\/#\/schema\/person\/23fa70681308e7b319a3204bcea45e0c"},"headline":"Portim\u00e3o celebra o Carnaval com forte apoio do Associativismo Local","datePublished":"2025-02-21T09:45:00+00:00","dateModified":"2025-02-21T13:01:23+00:00","mainEntityOfPage":{"@id":"https:\/\/algarve7.pt\/index.php\/2025\/02\/portimao-celebra-o-carnaval-com-forte-apoio-do-associativismo-local\/cultura\/09\/45\/"},"wordCount":557,"publisher":{"@id":"https:\/\/algarve7.pt\/#organization"},"image":{"@id":"https:\/\/algarve7.pt\/index.php\/2025\/02\/portimao-celebra-o-carnaval-com-forte-apoio-do-associativismo-local\/cultura\/09\/45\/#primaryimage"},"thumbnailUrl":"https:\/\/algarve7.pt\/wp-content\/uploads\/2025\/02\/Carnaval-em-Portimao-1.jpg","keywords":["Algarve","Carnaval","Cultura","Portim\u00e3o"],"articleSection":["Cultura"],"inLanguage":"pt-PT"},{"@type":"WebPage","@id":"https:\/\/algarve7.pt\/index.php\/2025\/02\/portimao-celebra-o-carnaval-com-forte-apoio-do-associativismo-local\/cultura\/09\/45\/","url":"https:\/\/algarve7.pt\/index.php\/2025\/02\/portimao-celebra-o-carnaval-com-forte-apoio-do-associativismo-local\/cultura\/09\/45\/","name":"Portim\u00e3o celebra o Carnaval com forte apoio do Associativismo Local - Algarve 7","isPartOf":{"@id":"https:\/\/algarve7.pt\/#website"},"primaryImageOfPage":{"@id":"https:\/\/algarve7.pt\/index.php\/2025\/02\/portimao-celebra-o-carnaval-com-forte-apoio-do-associativismo-local\/cultura\/09\/45\/#primaryimage"},"image":{"@id":"https:\/\/algarve7.pt\/index.php\/2025\/02\/portimao-celebra-o-carnaval-com-forte-apoio-do-associativismo-local\/cultura\/09\/45\/#primaryimage"},"thumbnailUrl":"https:\/\/algarve7.pt\/wp-content\/uploads\/2025\/02\/Carnaval-em-Portimao-1.jpg","datePublished":"2025-02-21T09:45:00+00:00","dateModified":"2025-02-21T13:01:23+00:00","description":"Portim\u00e3o celebra o Carnaval com forte apoio do Associativismo Local Cultura","breadcrumb":{"@id":"https:\/\/algarve7.pt\/index.php\/2025\/02\/portimao-celebra-o-carnaval-com-forte-apoio-do-associativismo-local\/cultura\/09\/45\/#breadcrumb"},"inLanguage":"pt-PT","potentialAction":[{"@type":"ReadAction","target":["https:\/\/algarve7.pt\/index.php\/2025\/02\/portimao-celebra-o-carnaval-com-forte-apoio-do-associativismo-local\/cultura\/09\/45\/"]}]},{"@type":"ImageObject","inLanguage":"pt-PT","@id":"https:\/\/algarve7.pt\/index.php\/2025\/02\/portimao-celebra-o-carnaval-com-forte-apoio-do-associativismo-local\/cultura\/09\/45\/#primaryimage","url":"https:\/\/algarve7.pt\/wp-content\/uploads\/2025\/02\/Carnaval-em-Portimao-1.jpg","contentUrl":"https:\/\/algarve7.pt\/wp-content\/uploads\/2025\/02\/Carnaval-em-Portimao-1.jpg","width":800,"height":500},{"@type":"BreadcrumbList","@id":"https:\/\/algarve7.pt\/index.php\/2025\/02\/portimao-celebra-o-carnaval-com-forte-apoio-do-associativismo-local\/cultura\/09\/45\/#breadcrumb","itemListElement":[{"@type":"ListItem","position":1,"name":"In\u00edcio","item":"https:\/\/algarve7.pt\/"},{"@type":"ListItem","position":2,"name":"Portim\u00e3o celebra o Carnaval com forte apoio do Associativismo Local"}]},{"@type":"WebSite","@id":"https:\/\/algarve7.pt\/#website","url":"https:\/\/algarve7.pt\/","name":"Algarve 7","description":"Informa\u00e7\u00e3o sobre o Algarve","publisher":{"@id":"https:\/\/algarve7.pt\/#organization"},"potentialAction":[{"@type":"SearchAction","target":{"@type":"EntryPoint","urlTemplate":"https:\/\/algarve7.pt\/?s={search_term_string}"},"query-input":{"@type":"PropertyValueSpecification","valueRequired":true,"valueName":"search_term_string"}}],"inLanguage":"pt-PT"},{"@type":"Organization","@id":"https:\/\/algarve7.pt\/#organization","name":"Algarve 7","url":"https:\/\/algarve7.pt\/","logo":{"@type":"ImageObject","inLanguage":"pt-PT","@id":"https:\/\/algarve7.pt\/#\/schema\/logo\/image\/","url":"https:\/\/algarve7.pt\/wp-content\/uploads\/2020\/10\/Logo-8.jpg","contentUrl":"https:\/\/algarve7.pt\/wp-content\/uploads\/2020\/10\/Logo-8.jpg","width":1680,"height":1186,"caption":"Algarve 7"},"image":{"@id":"https:\/\/algarve7.pt\/#\/schema\/logo\/image\/"},"sameAs":["https:\/\/www.facebook.com\/algarve7","https:\/\/x.com\/Algarvesete","https:\/\/www.instagram.com\/jornalalgarve7\/","https:\/\/www.linkedin.com\/company\/algarve7","https:\/\/www.pinterest.pt\/geral0939\/_created\/"]},{"@type":"Person","@id":"https:\/\/algarve7.pt\/#\/schema\/person\/23fa70681308e7b319a3204bcea45e0c","name":"Algarve 7","sameAs":["https:\/\/algarve7.pt","https:\/\/www.facebook.com\/algarve7"],"url":"https:\/\/algarve7.pt\/index.php\/author\/geralalgarve7-pt\/"}]}},"jetpack_publicize_connections":[],"jetpack_featured_media_url":"https:\/\/algarve7.pt\/wp-content\/uploads\/2025\/02\/Carnaval-em-Portimao-1.jpg","jetpack_shortlink":"https:\/\/wp.me\/pcezmW-cnf","jetpack_sharing_enabled":true,"_links":{"self":[{"href":"https:\/\/algarve7.pt\/index.php\/wp-json\/wp\/v2\/posts\/47569","targetHints":{"allow":["GET"]}}],"collection":[{"href":"https:\/\/algarve7.pt\/index.php\/wp-json\/wp\/v2\/posts"}],"about":[{"href":"https:\/\/algarve7.pt\/index.php\/wp-json\/wp\/v2\/types\/post"}],"author":[{"embeddable":true,"href":"https:\/\/algarve7.pt\/index.php\/wp-json\/wp\/v2\/users\/1"}],"replies":[{"embeddable":true,"href":"https:\/\/algarve7.pt\/index.php\/wp-json\/wp\/v2\/comments?post=47569"}],"version-history":[{"count":0,"href":"https:\/\/algarve7.pt\/index.php\/wp-json\/wp\/v2\/posts\/47569\/revisions"}],"wp:featuredmedia":[{"embeddable":true,"href":"https:\/\/algarve7.pt\/index.php\/wp-json\/wp\/v2\/media\/47570"}],"wp:attachment":[{"href":"https:\/\/algarve7.pt\/index.php\/wp-json\/wp\/v2\/media?parent=47569"}],"wp:term":[{"taxonomy":"category","embeddable":true,"href":"https:\/\/algarve7.pt\/index.php\/wp-json\/wp\/v2\/categories?post=47569"},{"taxonomy":"post_tag","embeddable":true,"href":"https:\/\/algarve7.pt\/index.php\/wp-json\/wp\/v2\/tags?post=47569"}],"curies":[{"name":"wp","href":"https:\/\/api.w.org\/{rel}","templated":true}]}}