{"id":47501,"date":"2025-02-20T07:30:00","date_gmt":"2025-02-20T07:30:00","guid":{"rendered":"https:\/\/algarve7.pt\/?p=47501"},"modified":"2025-02-19T18:49:54","modified_gmt":"2025-02-19T18:49:54","slug":"novo-projeto-da-quinta-do-peral-ensina-jovens-a-criar-a-sua-propria-horta","status":"publish","type":"post","link":"https:\/\/algarve7.pt\/index.php\/2025\/02\/novo-projeto-da-quinta-do-peral-ensina-jovens-a-criar-a-sua-propria-horta\/atualidade\/07\/30\/","title":{"rendered":"Novo projeto da Quinta do Peral ensina jovens a criar a sua pr\u00f3pria horta"},"content":{"rendered":"\n<p><strong>O Centro de Interpreta\u00e7\u00e3o e Educa\u00e7\u00e3o Ambiental do Munic\u00edpio de S\u00e3o Br\u00e1s de Alportel &#8220;Quinta do Peral&#8221; inicia este s\u00e1bado, 22 de fevereiro, o projeto &#8220;A tua horta na Quinta&#8221;.&nbsp;<\/strong><\/p>\n\n\n\n<p><strong>Integrada no programa de atividades &#8220;S\u00e1bados na Quinta&#8221;, a iniciativa \u00e9 dirigida a crian\u00e7as dos seis aos doze anos e vai ensinar a import\u00e2ncia da reciclagem de res\u00edduos org\u00e2nicos e da sua utiliza\u00e7\u00e3o na cria\u00e7\u00e3o de uma horta livre de fertilizantes de s\u00edntese.<\/strong><\/p>\n\n\n\n<p>Esta atividade interativa e educativa proporciona uma experi\u00eancia \u00fanica ao ar livre, para crian\u00e7as e fam\u00edlias, sensibilizando os mais jovens para pr\u00e1ticas sustent\u00e1veis e incentivando o contacto direto com a natureza.<\/p>\n\n\n\n<figure class=\"wp-block-image aligncenter size-large is-resized\"><img loading=\"lazy\" decoding=\"async\" width=\"368\" height=\"520\" src=\"https:\/\/algarve7.pt\/wp-content\/uploads\/2025\/02\/cartaz_Quinta-do-Peral_22fev_2025-368x520.png\" alt=\"\" class=\"wp-image-47503\" style=\"width:406px;height:auto\" srcset=\"https:\/\/algarve7.pt\/wp-content\/uploads\/2025\/02\/cartaz_Quinta-do-Peral_22fev_2025-368x520.png 368w, https:\/\/algarve7.pt\/wp-content\/uploads\/2025\/02\/cartaz_Quinta-do-Peral_22fev_2025-212x300.png 212w, https:\/\/algarve7.pt\/wp-content\/uploads\/2025\/02\/cartaz_Quinta-do-Peral_22fev_2025-768x1085.png 768w, https:\/\/algarve7.pt\/wp-content\/uploads\/2025\/02\/cartaz_Quinta-do-Peral_22fev_2025-1087x1536.png 1087w, https:\/\/algarve7.pt\/wp-content\/uploads\/2025\/02\/cartaz_Quinta-do-Peral_22fev_2025-1449x2048.png 1449w\" sizes=\"auto, (max-width: 368px) 100vw, 368px\" \/><\/figure>\n\n\n\n<p>A Quinta do Peral est\u00e1 integrada no Servi\u00e7o Municipal de Educa\u00e7\u00e3o Ambiental, n\u00facleo deste trabalho assumido como priorit\u00e1rio pela autarquia s\u00e3o-brasense, que mant\u00e9m o seu compromisso com a promo\u00e7\u00e3o de boas pr\u00e1ticas ambientais, refor\u00e7ando a sensibiliza\u00e7\u00e3o junto da comunidade atrav\u00e9s de diversas iniciativas realizadas ao longo do ano. Com a\u00e7\u00f5es direcionadas \u00e0s escolas do concelho e da regi\u00e3o, \u00e0 Universidade S\u00e9nior, entidades locais e regionais e comunidade em geral, o munic\u00edpio pretende inspirar uma mudan\u00e7a de h\u00e1bitos que contribua para a sustentabilidade ambiental.<\/p>\n\n\n\n<p>Entre as muitas atividades promovidas por este servi\u00e7o municipal e pela Quinta do Peral, destacam-se as iniciativas realizadas no \u00faltimo ano no \u00e2mbito da Semana Europeia de Preven\u00e7\u00e3o de Res\u00edduos, que abordou o tema &#8220;O desperd\u00edcio alimentar n\u00e3o tem paladar&#8221;. A\u00e7\u00f5es de limpeza no Parque da Fonte F\u00e9rrea, uma feira de trocas de artigos em segunda m\u00e3o e uma visita ao Ve\u00edculo de Educa\u00e7\u00e3o Ambiental da Algar &#8211; Valoriza\u00e7\u00e3o e Tratamento de Res\u00edduos S\u00f3lidos, S.A., foram algumas das iniciativas de destaque.<\/p>\n\n\n\n<p><strong>Pequenos Gestos, Grande Impacto<\/strong><\/p>\n\n\n\n<p>A problem\u00e1tica do desperd\u00edcio alimentar n\u00e3o pode ser ignorada. Para minimizar este problema, cada cidad\u00e3o pode adotar pr\u00e1ticas simples e eficazes no seu dia a dia:<\/p>\n\n\n\n<p>\u2022&nbsp;&nbsp;&nbsp;&nbsp;&nbsp;&nbsp;&nbsp;&nbsp;Planeamento das refei\u00e7\u00f5es: comprar apenas o necess\u00e1rio.<\/p>\n\n\n\n<p>\u2022&nbsp;&nbsp;&nbsp;&nbsp;&nbsp;&nbsp;&nbsp;&nbsp;Prefer\u00eancia por produtos n\u00e3o embalados: mais ecol\u00f3gico e sustent\u00e1vel.<\/p>\n\n\n\n<p>\u2022&nbsp;&nbsp;&nbsp;&nbsp;&nbsp;&nbsp;&nbsp;&nbsp;Deposi\u00e7\u00e3o correta de embalagens: utiliza\u00e7\u00e3o adequada dos ecopontos.<\/p>\n\n\n\n<p>\u2022&nbsp;&nbsp;&nbsp;&nbsp;&nbsp;&nbsp;&nbsp;&nbsp;Compostagem dom\u00e9stica: transformar restos org\u00e2nicos em fertilizante natural.<\/p>\n\n\n\n<p><strong>Sensibiliza\u00e7\u00e3o cont\u00ednua para um Futuro Sustent\u00e1vel<\/strong><\/p>\n\n\n\n<p>A educa\u00e7\u00e3o ambiental continuar\u00e1 a ser uma prioridade para o munic\u00edpio, promovendo pr\u00e1ticas sustent\u00e1veis e incentivando a participa\u00e7\u00e3o ativa da comunidade.<\/p>\n\n\n\n<p>Porque proteger o planeta come\u00e7a em cada um de n\u00f3s.<\/p>\n","protected":false},"excerpt":{"rendered":"<p>O Centro de Interpreta\u00e7\u00e3o e Educa\u00e7\u00e3o Ambiental do Munic\u00edpio de S\u00e3o Br\u00e1s de Alportel &#8220;Quinta do Peral&#8221; inicia este s\u00e1bado,<\/p>\n","protected":false},"author":1,"featured_media":47502,"comment_status":"closed","ping_status":"closed","sticky":false,"template":"","format":"standard","meta":{"colormag_page_container_layout":"default_layout","colormag_page_sidebar_layout":"default_layout","_monsterinsights_skip_tracking":false,"_monsterinsights_sitenote_active":false,"_monsterinsights_sitenote_note":"","_monsterinsights_sitenote_category":0,"jetpack_post_was_ever_published":false,"_jetpack_newsletter_access":"","_jetpack_dont_email_post_to_subs":false,"_jetpack_newsletter_tier_id":0,"_jetpack_memberships_contains_paywalled_content":false,"_jetpack_memberships_contains_paid_content":false,"footnotes":"","jetpack_publicize_message":"","jetpack_publicize_feature_enabled":true,"jetpack_social_post_already_shared":true,"jetpack_social_options":{"image_generator_settings":{"template":"highway","default_image_id":0,"font":"","enabled":false},"version":2}},"categories":[11],"tags":[36,62,63],"class_list":["post-47501","post","type-post","status-publish","format-standard","has-post-thumbnail","hentry","category-atualidade","tag-algarve","tag-atualidade","tag-sao-bras-de-alportel"],"yoast_head":"<!-- This site is optimized with the Yoast SEO plugin v27.5 - https:\/\/yoast.com\/product\/yoast-seo-wordpress\/ -->\n<title>Novo projeto da Quinta do Peral ensina jovens a criar a sua pr\u00f3pria horta - Algarve 7<\/title>\n<meta name=\"description\" content=\"Novo projeto da Quinta do Peral ensina jovens a criar a sua pr\u00f3pria horta Atualidade\" \/>\n<meta name=\"robots\" content=\"index, follow, max-snippet:-1, max-image-preview:large, max-video-preview:-1\" \/>\n<link rel=\"canonical\" href=\"https:\/\/algarve7.pt\/index.php\/2025\/02\/novo-projeto-da-quinta-do-peral-ensina-jovens-a-criar-a-sua-propria-horta\/atualidade\/07\/30\/\" \/>\n<meta property=\"og:locale\" content=\"pt_PT\" \/>\n<meta property=\"og:type\" content=\"article\" \/>\n<meta property=\"og:title\" content=\"Novo projeto da Quinta do Peral ensina jovens a criar a sua pr\u00f3pria horta - Algarve 7\" \/>\n<meta property=\"og:description\" content=\"Novo projeto da Quinta do Peral ensina jovens a criar a sua pr\u00f3pria horta Atualidade\" \/>\n<meta property=\"og:url\" content=\"https:\/\/algarve7.pt\/index.php\/2025\/02\/novo-projeto-da-quinta-do-peral-ensina-jovens-a-criar-a-sua-propria-horta\/atualidade\/07\/30\/\" \/>\n<meta property=\"og:site_name\" content=\"Algarve 7\" \/>\n<meta property=\"article:publisher\" content=\"https:\/\/www.facebook.com\/algarve7\" \/>\n<meta property=\"article:author\" content=\"https:\/\/www.facebook.com\/algarve7\" \/>\n<meta property=\"article:published_time\" content=\"2025-02-20T07:30:00+00:00\" \/>\n<meta property=\"og:image\" content=\"https:\/\/algarve7.pt\/wp-content\/uploads\/2025\/02\/Horta-Quinta-do-Peral-2.jpeg\" \/>\n\t<meta property=\"og:image:width\" content=\"800\" \/>\n\t<meta property=\"og:image:height\" content=\"500\" \/>\n\t<meta property=\"og:image:type\" content=\"image\/jpeg\" \/>\n<meta name=\"author\" content=\"Algarve 7\" \/>\n<meta name=\"twitter:card\" content=\"summary_large_image\" \/>\n<meta name=\"twitter:creator\" content=\"@Algarvesete\" \/>\n<meta name=\"twitter:site\" content=\"@Algarvesete\" \/>\n<meta name=\"twitter:label1\" content=\"Escrito por\" \/>\n\t<meta name=\"twitter:data1\" content=\"Algarve 7\" \/>\n\t<meta name=\"twitter:label2\" content=\"Tempo estimado de leitura\" \/>\n\t<meta name=\"twitter:data2\" content=\"3 minutos\" \/>\n<script type=\"application\/ld+json\" class=\"yoast-schema-graph\">{\"@context\":\"https:\\\/\\\/schema.org\",\"@graph\":[{\"@type\":\"Article\",\"@id\":\"https:\\\/\\\/algarve7.pt\\\/index.php\\\/2025\\\/02\\\/novo-projeto-da-quinta-do-peral-ensina-jovens-a-criar-a-sua-propria-horta\\\/atualidade\\\/07\\\/30\\\/#article\",\"isPartOf\":{\"@id\":\"https:\\\/\\\/algarve7.pt\\\/index.php\\\/2025\\\/02\\\/novo-projeto-da-quinta-do-peral-ensina-jovens-a-criar-a-sua-propria-horta\\\/atualidade\\\/07\\\/30\\\/\"},\"author\":{\"name\":\"Algarve 7\",\"@id\":\"https:\\\/\\\/algarve7.pt\\\/#\\\/schema\\\/person\\\/23fa70681308e7b319a3204bcea45e0c\"},\"headline\":\"Novo projeto da Quinta do Peral ensina jovens a criar a sua pr\u00f3pria horta\",\"datePublished\":\"2025-02-20T07:30:00+00:00\",\"mainEntityOfPage\":{\"@id\":\"https:\\\/\\\/algarve7.pt\\\/index.php\\\/2025\\\/02\\\/novo-projeto-da-quinta-do-peral-ensina-jovens-a-criar-a-sua-propria-horta\\\/atualidade\\\/07\\\/30\\\/\"},\"wordCount\":487,\"publisher\":{\"@id\":\"https:\\\/\\\/algarve7.pt\\\/#organization\"},\"image\":{\"@id\":\"https:\\\/\\\/algarve7.pt\\\/index.php\\\/2025\\\/02\\\/novo-projeto-da-quinta-do-peral-ensina-jovens-a-criar-a-sua-propria-horta\\\/atualidade\\\/07\\\/30\\\/#primaryimage\"},\"thumbnailUrl\":\"https:\\\/\\\/algarve7.pt\\\/wp-content\\\/uploads\\\/2025\\\/02\\\/Horta-Quinta-do-Peral-2.jpeg\",\"keywords\":[\"Algarve\",\"Atualidade\",\"S\u00e3o Br\u00e1s de Alportel\"],\"articleSection\":[\"Atualidade\"],\"inLanguage\":\"pt-PT\"},{\"@type\":\"WebPage\",\"@id\":\"https:\\\/\\\/algarve7.pt\\\/index.php\\\/2025\\\/02\\\/novo-projeto-da-quinta-do-peral-ensina-jovens-a-criar-a-sua-propria-horta\\\/atualidade\\\/07\\\/30\\\/\",\"url\":\"https:\\\/\\\/algarve7.pt\\\/index.php\\\/2025\\\/02\\\/novo-projeto-da-quinta-do-peral-ensina-jovens-a-criar-a-sua-propria-horta\\\/atualidade\\\/07\\\/30\\\/\",\"name\":\"Novo projeto da Quinta do Peral ensina jovens a criar a sua pr\u00f3pria horta - Algarve 7\",\"isPartOf\":{\"@id\":\"https:\\\/\\\/algarve7.pt\\\/#website\"},\"primaryImageOfPage\":{\"@id\":\"https:\\\/\\\/algarve7.pt\\\/index.php\\\/2025\\\/02\\\/novo-projeto-da-quinta-do-peral-ensina-jovens-a-criar-a-sua-propria-horta\\\/atualidade\\\/07\\\/30\\\/#primaryimage\"},\"image\":{\"@id\":\"https:\\\/\\\/algarve7.pt\\\/index.php\\\/2025\\\/02\\\/novo-projeto-da-quinta-do-peral-ensina-jovens-a-criar-a-sua-propria-horta\\\/atualidade\\\/07\\\/30\\\/#primaryimage\"},\"thumbnailUrl\":\"https:\\\/\\\/algarve7.pt\\\/wp-content\\\/uploads\\\/2025\\\/02\\\/Horta-Quinta-do-Peral-2.jpeg\",\"datePublished\":\"2025-02-20T07:30:00+00:00\",\"description\":\"Novo projeto da Quinta do Peral ensina jovens a criar a sua pr\u00f3pria horta Atualidade\",\"breadcrumb\":{\"@id\":\"https:\\\/\\\/algarve7.pt\\\/index.php\\\/2025\\\/02\\\/novo-projeto-da-quinta-do-peral-ensina-jovens-a-criar-a-sua-propria-horta\\\/atualidade\\\/07\\\/30\\\/#breadcrumb\"},\"inLanguage\":\"pt-PT\",\"potentialAction\":[{\"@type\":\"ReadAction\",\"target\":[\"https:\\\/\\\/algarve7.pt\\\/index.php\\\/2025\\\/02\\\/novo-projeto-da-quinta-do-peral-ensina-jovens-a-criar-a-sua-propria-horta\\\/atualidade\\\/07\\\/30\\\/\"]}]},{\"@type\":\"ImageObject\",\"inLanguage\":\"pt-PT\",\"@id\":\"https:\\\/\\\/algarve7.pt\\\/index.php\\\/2025\\\/02\\\/novo-projeto-da-quinta-do-peral-ensina-jovens-a-criar-a-sua-propria-horta\\\/atualidade\\\/07\\\/30\\\/#primaryimage\",\"url\":\"https:\\\/\\\/algarve7.pt\\\/wp-content\\\/uploads\\\/2025\\\/02\\\/Horta-Quinta-do-Peral-2.jpeg\",\"contentUrl\":\"https:\\\/\\\/algarve7.pt\\\/wp-content\\\/uploads\\\/2025\\\/02\\\/Horta-Quinta-do-Peral-2.jpeg\",\"width\":800,\"height\":500},{\"@type\":\"BreadcrumbList\",\"@id\":\"https:\\\/\\\/algarve7.pt\\\/index.php\\\/2025\\\/02\\\/novo-projeto-da-quinta-do-peral-ensina-jovens-a-criar-a-sua-propria-horta\\\/atualidade\\\/07\\\/30\\\/#breadcrumb\",\"itemListElement\":[{\"@type\":\"ListItem\",\"position\":1,\"name\":\"In\u00edcio\",\"item\":\"https:\\\/\\\/algarve7.pt\\\/\"},{\"@type\":\"ListItem\",\"position\":2,\"name\":\"Novo projeto da Quinta do Peral ensina jovens a criar a sua pr\u00f3pria horta\"}]},{\"@type\":\"WebSite\",\"@id\":\"https:\\\/\\\/algarve7.pt\\\/#website\",\"url\":\"https:\\\/\\\/algarve7.pt\\\/\",\"name\":\"Algarve 7\",\"description\":\"Informa\u00e7\u00e3o sobre o Algarve\",\"publisher\":{\"@id\":\"https:\\\/\\\/algarve7.pt\\\/#organization\"},\"potentialAction\":[{\"@type\":\"SearchAction\",\"target\":{\"@type\":\"EntryPoint\",\"urlTemplate\":\"https:\\\/\\\/algarve7.pt\\\/?s={search_term_string}\"},\"query-input\":{\"@type\":\"PropertyValueSpecification\",\"valueRequired\":true,\"valueName\":\"search_term_string\"}}],\"inLanguage\":\"pt-PT\"},{\"@type\":\"Organization\",\"@id\":\"https:\\\/\\\/algarve7.pt\\\/#organization\",\"name\":\"Algarve 7\",\"url\":\"https:\\\/\\\/algarve7.pt\\\/\",\"logo\":{\"@type\":\"ImageObject\",\"inLanguage\":\"pt-PT\",\"@id\":\"https:\\\/\\\/algarve7.pt\\\/#\\\/schema\\\/logo\\\/image\\\/\",\"url\":\"https:\\\/\\\/algarve7.pt\\\/wp-content\\\/uploads\\\/2020\\\/10\\\/Logo-8.jpg\",\"contentUrl\":\"https:\\\/\\\/algarve7.pt\\\/wp-content\\\/uploads\\\/2020\\\/10\\\/Logo-8.jpg\",\"width\":1680,\"height\":1186,\"caption\":\"Algarve 7\"},\"image\":{\"@id\":\"https:\\\/\\\/algarve7.pt\\\/#\\\/schema\\\/logo\\\/image\\\/\"},\"sameAs\":[\"https:\\\/\\\/www.facebook.com\\\/algarve7\",\"https:\\\/\\\/x.com\\\/Algarvesete\",\"https:\\\/\\\/www.instagram.com\\\/jornalalgarve7\\\/\",\"https:\\\/\\\/www.linkedin.com\\\/company\\\/algarve7\",\"https:\\\/\\\/www.pinterest.pt\\\/geral0939\\\/_created\\\/\"]},{\"@type\":\"Person\",\"@id\":\"https:\\\/\\\/algarve7.pt\\\/#\\\/schema\\\/person\\\/23fa70681308e7b319a3204bcea45e0c\",\"name\":\"Algarve 7\",\"sameAs\":[\"https:\\\/\\\/algarve7.pt\",\"https:\\\/\\\/www.facebook.com\\\/algarve7\"],\"url\":\"https:\\\/\\\/algarve7.pt\\\/index.php\\\/author\\\/geralalgarve7-pt\\\/\"}]}<\/script>\n<!-- \/ Yoast SEO plugin. -->","yoast_head_json":{"title":"Novo projeto da Quinta do Peral ensina jovens a criar a sua pr\u00f3pria horta - Algarve 7","description":"Novo projeto da Quinta do Peral ensina jovens a criar a sua pr\u00f3pria horta Atualidade","robots":{"index":"index","follow":"follow","max-snippet":"max-snippet:-1","max-image-preview":"max-image-preview:large","max-video-preview":"max-video-preview:-1"},"canonical":"https:\/\/algarve7.pt\/index.php\/2025\/02\/novo-projeto-da-quinta-do-peral-ensina-jovens-a-criar-a-sua-propria-horta\/atualidade\/07\/30\/","og_locale":"pt_PT","og_type":"article","og_title":"Novo projeto da Quinta do Peral ensina jovens a criar a sua pr\u00f3pria horta - Algarve 7","og_description":"Novo projeto da Quinta do Peral ensina jovens a criar a sua pr\u00f3pria horta Atualidade","og_url":"https:\/\/algarve7.pt\/index.php\/2025\/02\/novo-projeto-da-quinta-do-peral-ensina-jovens-a-criar-a-sua-propria-horta\/atualidade\/07\/30\/","og_site_name":"Algarve 7","article_publisher":"https:\/\/www.facebook.com\/algarve7","article_author":"https:\/\/www.facebook.com\/algarve7","article_published_time":"2025-02-20T07:30:00+00:00","og_image":[{"width":800,"height":500,"url":"https:\/\/algarve7.pt\/wp-content\/uploads\/2025\/02\/Horta-Quinta-do-Peral-2.jpeg","type":"image\/jpeg"}],"author":"Algarve 7","twitter_card":"summary_large_image","twitter_creator":"@Algarvesete","twitter_site":"@Algarvesete","twitter_misc":{"Escrito por":"Algarve 7","Tempo estimado de leitura":"3 minutos"},"schema":{"@context":"https:\/\/schema.org","@graph":[{"@type":"Article","@id":"https:\/\/algarve7.pt\/index.php\/2025\/02\/novo-projeto-da-quinta-do-peral-ensina-jovens-a-criar-a-sua-propria-horta\/atualidade\/07\/30\/#article","isPartOf":{"@id":"https:\/\/algarve7.pt\/index.php\/2025\/02\/novo-projeto-da-quinta-do-peral-ensina-jovens-a-criar-a-sua-propria-horta\/atualidade\/07\/30\/"},"author":{"name":"Algarve 7","@id":"https:\/\/algarve7.pt\/#\/schema\/person\/23fa70681308e7b319a3204bcea45e0c"},"headline":"Novo projeto da Quinta do Peral ensina jovens a criar a sua pr\u00f3pria horta","datePublished":"2025-02-20T07:30:00+00:00","mainEntityOfPage":{"@id":"https:\/\/algarve7.pt\/index.php\/2025\/02\/novo-projeto-da-quinta-do-peral-ensina-jovens-a-criar-a-sua-propria-horta\/atualidade\/07\/30\/"},"wordCount":487,"publisher":{"@id":"https:\/\/algarve7.pt\/#organization"},"image":{"@id":"https:\/\/algarve7.pt\/index.php\/2025\/02\/novo-projeto-da-quinta-do-peral-ensina-jovens-a-criar-a-sua-propria-horta\/atualidade\/07\/30\/#primaryimage"},"thumbnailUrl":"https:\/\/algarve7.pt\/wp-content\/uploads\/2025\/02\/Horta-Quinta-do-Peral-2.jpeg","keywords":["Algarve","Atualidade","S\u00e3o Br\u00e1s de Alportel"],"articleSection":["Atualidade"],"inLanguage":"pt-PT"},{"@type":"WebPage","@id":"https:\/\/algarve7.pt\/index.php\/2025\/02\/novo-projeto-da-quinta-do-peral-ensina-jovens-a-criar-a-sua-propria-horta\/atualidade\/07\/30\/","url":"https:\/\/algarve7.pt\/index.php\/2025\/02\/novo-projeto-da-quinta-do-peral-ensina-jovens-a-criar-a-sua-propria-horta\/atualidade\/07\/30\/","name":"Novo projeto da Quinta do Peral ensina jovens a criar a sua pr\u00f3pria horta - Algarve 7","isPartOf":{"@id":"https:\/\/algarve7.pt\/#website"},"primaryImageOfPage":{"@id":"https:\/\/algarve7.pt\/index.php\/2025\/02\/novo-projeto-da-quinta-do-peral-ensina-jovens-a-criar-a-sua-propria-horta\/atualidade\/07\/30\/#primaryimage"},"image":{"@id":"https:\/\/algarve7.pt\/index.php\/2025\/02\/novo-projeto-da-quinta-do-peral-ensina-jovens-a-criar-a-sua-propria-horta\/atualidade\/07\/30\/#primaryimage"},"thumbnailUrl":"https:\/\/algarve7.pt\/wp-content\/uploads\/2025\/02\/Horta-Quinta-do-Peral-2.jpeg","datePublished":"2025-02-20T07:30:00+00:00","description":"Novo projeto da Quinta do Peral ensina jovens a criar a sua pr\u00f3pria horta Atualidade","breadcrumb":{"@id":"https:\/\/algarve7.pt\/index.php\/2025\/02\/novo-projeto-da-quinta-do-peral-ensina-jovens-a-criar-a-sua-propria-horta\/atualidade\/07\/30\/#breadcrumb"},"inLanguage":"pt-PT","potentialAction":[{"@type":"ReadAction","target":["https:\/\/algarve7.pt\/index.php\/2025\/02\/novo-projeto-da-quinta-do-peral-ensina-jovens-a-criar-a-sua-propria-horta\/atualidade\/07\/30\/"]}]},{"@type":"ImageObject","inLanguage":"pt-PT","@id":"https:\/\/algarve7.pt\/index.php\/2025\/02\/novo-projeto-da-quinta-do-peral-ensina-jovens-a-criar-a-sua-propria-horta\/atualidade\/07\/30\/#primaryimage","url":"https:\/\/algarve7.pt\/wp-content\/uploads\/2025\/02\/Horta-Quinta-do-Peral-2.jpeg","contentUrl":"https:\/\/algarve7.pt\/wp-content\/uploads\/2025\/02\/Horta-Quinta-do-Peral-2.jpeg","width":800,"height":500},{"@type":"BreadcrumbList","@id":"https:\/\/algarve7.pt\/index.php\/2025\/02\/novo-projeto-da-quinta-do-peral-ensina-jovens-a-criar-a-sua-propria-horta\/atualidade\/07\/30\/#breadcrumb","itemListElement":[{"@type":"ListItem","position":1,"name":"In\u00edcio","item":"https:\/\/algarve7.pt\/"},{"@type":"ListItem","position":2,"name":"Novo projeto da Quinta do Peral ensina jovens a criar a sua pr\u00f3pria horta"}]},{"@type":"WebSite","@id":"https:\/\/algarve7.pt\/#website","url":"https:\/\/algarve7.pt\/","name":"Algarve 7","description":"Informa\u00e7\u00e3o sobre o Algarve","publisher":{"@id":"https:\/\/algarve7.pt\/#organization"},"potentialAction":[{"@type":"SearchAction","target":{"@type":"EntryPoint","urlTemplate":"https:\/\/algarve7.pt\/?s={search_term_string}"},"query-input":{"@type":"PropertyValueSpecification","valueRequired":true,"valueName":"search_term_string"}}],"inLanguage":"pt-PT"},{"@type":"Organization","@id":"https:\/\/algarve7.pt\/#organization","name":"Algarve 7","url":"https:\/\/algarve7.pt\/","logo":{"@type":"ImageObject","inLanguage":"pt-PT","@id":"https:\/\/algarve7.pt\/#\/schema\/logo\/image\/","url":"https:\/\/algarve7.pt\/wp-content\/uploads\/2020\/10\/Logo-8.jpg","contentUrl":"https:\/\/algarve7.pt\/wp-content\/uploads\/2020\/10\/Logo-8.jpg","width":1680,"height":1186,"caption":"Algarve 7"},"image":{"@id":"https:\/\/algarve7.pt\/#\/schema\/logo\/image\/"},"sameAs":["https:\/\/www.facebook.com\/algarve7","https:\/\/x.com\/Algarvesete","https:\/\/www.instagram.com\/jornalalgarve7\/","https:\/\/www.linkedin.com\/company\/algarve7","https:\/\/www.pinterest.pt\/geral0939\/_created\/"]},{"@type":"Person","@id":"https:\/\/algarve7.pt\/#\/schema\/person\/23fa70681308e7b319a3204bcea45e0c","name":"Algarve 7","sameAs":["https:\/\/algarve7.pt","https:\/\/www.facebook.com\/algarve7"],"url":"https:\/\/algarve7.pt\/index.php\/author\/geralalgarve7-pt\/"}]}},"jetpack_publicize_connections":[],"jetpack_featured_media_url":"https:\/\/algarve7.pt\/wp-content\/uploads\/2025\/02\/Horta-Quinta-do-Peral-2.jpeg","jetpack_shortlink":"https:\/\/wp.me\/pcezmW-cm9","jetpack_sharing_enabled":true,"_links":{"self":[{"href":"https:\/\/algarve7.pt\/index.php\/wp-json\/wp\/v2\/posts\/47501","targetHints":{"allow":["GET"]}}],"collection":[{"href":"https:\/\/algarve7.pt\/index.php\/wp-json\/wp\/v2\/posts"}],"about":[{"href":"https:\/\/algarve7.pt\/index.php\/wp-json\/wp\/v2\/types\/post"}],"author":[{"embeddable":true,"href":"https:\/\/algarve7.pt\/index.php\/wp-json\/wp\/v2\/users\/1"}],"replies":[{"embeddable":true,"href":"https:\/\/algarve7.pt\/index.php\/wp-json\/wp\/v2\/comments?post=47501"}],"version-history":[{"count":0,"href":"https:\/\/algarve7.pt\/index.php\/wp-json\/wp\/v2\/posts\/47501\/revisions"}],"wp:featuredmedia":[{"embeddable":true,"href":"https:\/\/algarve7.pt\/index.php\/wp-json\/wp\/v2\/media\/47502"}],"wp:attachment":[{"href":"https:\/\/algarve7.pt\/index.php\/wp-json\/wp\/v2\/media?parent=47501"}],"wp:term":[{"taxonomy":"category","embeddable":true,"href":"https:\/\/algarve7.pt\/index.php\/wp-json\/wp\/v2\/categories?post=47501"},{"taxonomy":"post_tag","embeddable":true,"href":"https:\/\/algarve7.pt\/index.php\/wp-json\/wp\/v2\/tags?post=47501"}],"curies":[{"name":"wp","href":"https:\/\/api.w.org\/{rel}","templated":true}]}}