{"id":47494,"date":"2025-02-20T07:15:00","date_gmt":"2025-02-20T07:15:00","guid":{"rendered":"https:\/\/algarve7.pt\/?p=47494"},"modified":"2025-02-19T18:18:15","modified_gmt":"2025-02-19T18:18:15","slug":"a-pensar-em-ter-um-animal-de-estimacao-algarveshopping-promove-campanha-de-adocao","status":"publish","type":"post","link":"https:\/\/algarve7.pt\/index.php\/2025\/02\/a-pensar-em-ter-um-animal-de-estimacao-algarveshopping-promove-campanha-de-adocao\/atualidade\/07\/15\/","title":{"rendered":"A pensar em ter um animal de estima\u00e7\u00e3o? AlgarveShopping promove campanha de ado\u00e7\u00e3o"},"content":{"rendered":"\n<p>O AlgarveShopping volta a juntar-se \u00e0 Animal Rescue Algarve (ARA) para promover mais uma campanha de ado\u00e7\u00e3o de animais de estima\u00e7\u00e3o, que ter\u00e1 lugar este s\u00e1bado, dia 22 de fevereiro, na zona central, no Piso 0, junto do Meeting Point, das 10h00 \u00e0s 17h00.<\/p>\n\n\n\n<p>O objetivo da iniciativa passa por promover a ado\u00e7\u00e3o respons\u00e1vel, oferecendo aos visitantes a oportunidade de encontrar um novo membro para as suas fam\u00edlias. Al\u00e9m de ficar a conhecer os seis patudos que v\u00e3o estar no centro comercial, este pode ser o momento ideal para agendar uma visita ao abrigo e a outros animais que l\u00e1 vivem.\u00a0<strong>Alguns deles s\u00e3o os protagonistas de uma sess\u00e3o fotogr\u00e1fica capaz de derreter cora\u00e7\u00f5es\u00a0<\/strong><a href=\"https:\/\/app.box.com\/s\/31xibxgtqmqvzg36w7cmkrhdz0tovktz\" target=\"_blank\" rel=\"noreferrer noopener\"><strong>(fotografias, aqui).<\/strong><\/a><\/p>\n\n\n\n<p>A ARA \u00e9 uma associa\u00e7\u00e3o dedicada a recolher, reabilitar e realojar animais em necessidade. Em simult\u00e2neo, organiza v\u00e1rias campanhas de sensibiliza\u00e7\u00e3o para alertar a comunidade sobre a import\u00e2ncia de uma ado\u00e7\u00e3o respons\u00e1vel, v\u00e1rias das quais neste centro comercial.<\/p>\n\n\n\n<p>Enquanto palco destas a\u00e7\u00f5es, o AlgarveShopping refor\u00e7a o compromisso com a comunidade, colocando a sua dimens\u00e3o e visibilidade ao servi\u00e7o de boas causas. A par disso, \u00e9, desde 2023, um centro comercial&nbsp;<em>Pet Friendly<\/em>, que permite que os animais de estima\u00e7\u00e3o acompanhem os seus donos durante a visita, n\u00e3o s\u00f3 nas \u00e1reas comuns, mas tamb\u00e9m nas v\u00e1rias lojas que est\u00e3o devidamente assinaladas.<\/p>\n\n\n\n<p>Campanha de ado\u00e7\u00e3o de animais<\/p>\n\n\n\n<p><strong>Data<\/strong>: 22 de fevereiro<\/p>\n\n\n\n<p><strong>Local<\/strong>: Algarve, AlgarveShopping, Piso 0, Zona central<\/p>\n","protected":false},"excerpt":{"rendered":"<p>O AlgarveShopping volta a juntar-se \u00e0 Animal Rescue Algarve (ARA) para promover mais uma campanha de ado\u00e7\u00e3o de animais de<\/p>\n","protected":false},"author":1,"featured_media":47495,"comment_status":"closed","ping_status":"closed","sticky":false,"template":"","format":"standard","meta":{"colormag_page_container_layout":"default_layout","colormag_page_sidebar_layout":"default_layout","_monsterinsights_skip_tracking":false,"_monsterinsights_sitenote_active":false,"_monsterinsights_sitenote_note":"","_monsterinsights_sitenote_category":0,"jetpack_post_was_ever_published":false,"_jetpack_newsletter_access":"","_jetpack_dont_email_post_to_subs":false,"_jetpack_newsletter_tier_id":0,"_jetpack_memberships_contains_paywalled_content":false,"_jetpack_memberships_contains_paid_content":false,"footnotes":"","jetpack_publicize_message":"","jetpack_publicize_feature_enabled":true,"jetpack_social_post_already_shared":true,"jetpack_social_options":{"image_generator_settings":{"template":"highway","default_image_id":0,"font":"","enabled":false},"version":2}},"categories":[11],"tags":[36,62,31],"class_list":["post-47494","post","type-post","status-publish","format-standard","has-post-thumbnail","hentry","category-atualidade","tag-algarve","tag-atualidade","tag-loule"],"yoast_head":"<!-- This site is optimized with the Yoast SEO plugin v27.5 - https:\/\/yoast.com\/product\/yoast-seo-wordpress\/ -->\n<title>A pensar em ter um animal de estima\u00e7\u00e3o? AlgarveShopping promove campanha de ado\u00e7\u00e3o - Algarve 7<\/title>\n<meta name=\"description\" content=\"A pensar em ter um animal de estima\u00e7\u00e3o? AlgarveShopping promove campanha de ado\u00e7\u00e3o Atualidade\" \/>\n<meta name=\"robots\" content=\"index, follow, max-snippet:-1, max-image-preview:large, max-video-preview:-1\" \/>\n<link rel=\"canonical\" href=\"https:\/\/algarve7.pt\/index.php\/2025\/02\/a-pensar-em-ter-um-animal-de-estimacao-algarveshopping-promove-campanha-de-adocao\/atualidade\/07\/15\/\" \/>\n<meta property=\"og:locale\" content=\"pt_PT\" \/>\n<meta property=\"og:type\" content=\"article\" \/>\n<meta property=\"og:title\" content=\"A pensar em ter um animal de estima\u00e7\u00e3o? AlgarveShopping promove campanha de ado\u00e7\u00e3o - Algarve 7\" \/>\n<meta property=\"og:description\" content=\"A pensar em ter um animal de estima\u00e7\u00e3o? AlgarveShopping promove campanha de ado\u00e7\u00e3o Atualidade\" \/>\n<meta property=\"og:url\" content=\"https:\/\/algarve7.pt\/index.php\/2025\/02\/a-pensar-em-ter-um-animal-de-estimacao-algarveshopping-promove-campanha-de-adocao\/atualidade\/07\/15\/\" \/>\n<meta property=\"og:site_name\" content=\"Algarve 7\" \/>\n<meta property=\"article:publisher\" content=\"https:\/\/www.facebook.com\/algarve7\" \/>\n<meta property=\"article:author\" content=\"https:\/\/www.facebook.com\/algarve7\" \/>\n<meta property=\"article:published_time\" content=\"2025-02-20T07:15:00+00:00\" \/>\n<meta property=\"og:image\" content=\"https:\/\/algarve7.pt\/wp-content\/uploads\/2025\/02\/ARA-_-CampanhaAdocao.png\" \/>\n\t<meta property=\"og:image:width\" content=\"800\" \/>\n\t<meta property=\"og:image:height\" content=\"500\" \/>\n\t<meta property=\"og:image:type\" content=\"image\/png\" \/>\n<meta name=\"author\" content=\"Algarve 7\" \/>\n<meta name=\"twitter:card\" content=\"summary_large_image\" \/>\n<meta name=\"twitter:creator\" content=\"@Algarvesete\" \/>\n<meta name=\"twitter:site\" content=\"@Algarvesete\" \/>\n<meta name=\"twitter:label1\" content=\"Escrito por\" \/>\n\t<meta name=\"twitter:data1\" content=\"Algarve 7\" \/>\n\t<meta name=\"twitter:label2\" content=\"Tempo estimado de leitura\" \/>\n\t<meta name=\"twitter:data2\" content=\"2 minutos\" \/>\n<script type=\"application\/ld+json\" class=\"yoast-schema-graph\">{\"@context\":\"https:\\\/\\\/schema.org\",\"@graph\":[{\"@type\":\"Article\",\"@id\":\"https:\\\/\\\/algarve7.pt\\\/index.php\\\/2025\\\/02\\\/a-pensar-em-ter-um-animal-de-estimacao-algarveshopping-promove-campanha-de-adocao\\\/atualidade\\\/07\\\/15\\\/#article\",\"isPartOf\":{\"@id\":\"https:\\\/\\\/algarve7.pt\\\/index.php\\\/2025\\\/02\\\/a-pensar-em-ter-um-animal-de-estimacao-algarveshopping-promove-campanha-de-adocao\\\/atualidade\\\/07\\\/15\\\/\"},\"author\":{\"name\":\"Algarve 7\",\"@id\":\"https:\\\/\\\/algarve7.pt\\\/#\\\/schema\\\/person\\\/23fa70681308e7b319a3204bcea45e0c\"},\"headline\":\"A pensar em ter um animal de estima\u00e7\u00e3o? AlgarveShopping promove campanha de ado\u00e7\u00e3o\",\"datePublished\":\"2025-02-20T07:15:00+00:00\",\"mainEntityOfPage\":{\"@id\":\"https:\\\/\\\/algarve7.pt\\\/index.php\\\/2025\\\/02\\\/a-pensar-em-ter-um-animal-de-estimacao-algarveshopping-promove-campanha-de-adocao\\\/atualidade\\\/07\\\/15\\\/\"},\"wordCount\":270,\"publisher\":{\"@id\":\"https:\\\/\\\/algarve7.pt\\\/#organization\"},\"image\":{\"@id\":\"https:\\\/\\\/algarve7.pt\\\/index.php\\\/2025\\\/02\\\/a-pensar-em-ter-um-animal-de-estimacao-algarveshopping-promove-campanha-de-adocao\\\/atualidade\\\/07\\\/15\\\/#primaryimage\"},\"thumbnailUrl\":\"https:\\\/\\\/algarve7.pt\\\/wp-content\\\/uploads\\\/2025\\\/02\\\/ARA-_-CampanhaAdocao.png\",\"keywords\":[\"Algarve\",\"Atualidade\",\"Loul\u00e9\"],\"articleSection\":[\"Atualidade\"],\"inLanguage\":\"pt-PT\"},{\"@type\":\"WebPage\",\"@id\":\"https:\\\/\\\/algarve7.pt\\\/index.php\\\/2025\\\/02\\\/a-pensar-em-ter-um-animal-de-estimacao-algarveshopping-promove-campanha-de-adocao\\\/atualidade\\\/07\\\/15\\\/\",\"url\":\"https:\\\/\\\/algarve7.pt\\\/index.php\\\/2025\\\/02\\\/a-pensar-em-ter-um-animal-de-estimacao-algarveshopping-promove-campanha-de-adocao\\\/atualidade\\\/07\\\/15\\\/\",\"name\":\"A pensar em ter um animal de estima\u00e7\u00e3o? AlgarveShopping promove campanha de ado\u00e7\u00e3o - Algarve 7\",\"isPartOf\":{\"@id\":\"https:\\\/\\\/algarve7.pt\\\/#website\"},\"primaryImageOfPage\":{\"@id\":\"https:\\\/\\\/algarve7.pt\\\/index.php\\\/2025\\\/02\\\/a-pensar-em-ter-um-animal-de-estimacao-algarveshopping-promove-campanha-de-adocao\\\/atualidade\\\/07\\\/15\\\/#primaryimage\"},\"image\":{\"@id\":\"https:\\\/\\\/algarve7.pt\\\/index.php\\\/2025\\\/02\\\/a-pensar-em-ter-um-animal-de-estimacao-algarveshopping-promove-campanha-de-adocao\\\/atualidade\\\/07\\\/15\\\/#primaryimage\"},\"thumbnailUrl\":\"https:\\\/\\\/algarve7.pt\\\/wp-content\\\/uploads\\\/2025\\\/02\\\/ARA-_-CampanhaAdocao.png\",\"datePublished\":\"2025-02-20T07:15:00+00:00\",\"description\":\"A pensar em ter um animal de estima\u00e7\u00e3o? AlgarveShopping promove campanha de ado\u00e7\u00e3o Atualidade\",\"breadcrumb\":{\"@id\":\"https:\\\/\\\/algarve7.pt\\\/index.php\\\/2025\\\/02\\\/a-pensar-em-ter-um-animal-de-estimacao-algarveshopping-promove-campanha-de-adocao\\\/atualidade\\\/07\\\/15\\\/#breadcrumb\"},\"inLanguage\":\"pt-PT\",\"potentialAction\":[{\"@type\":\"ReadAction\",\"target\":[\"https:\\\/\\\/algarve7.pt\\\/index.php\\\/2025\\\/02\\\/a-pensar-em-ter-um-animal-de-estimacao-algarveshopping-promove-campanha-de-adocao\\\/atualidade\\\/07\\\/15\\\/\"]}]},{\"@type\":\"ImageObject\",\"inLanguage\":\"pt-PT\",\"@id\":\"https:\\\/\\\/algarve7.pt\\\/index.php\\\/2025\\\/02\\\/a-pensar-em-ter-um-animal-de-estimacao-algarveshopping-promove-campanha-de-adocao\\\/atualidade\\\/07\\\/15\\\/#primaryimage\",\"url\":\"https:\\\/\\\/algarve7.pt\\\/wp-content\\\/uploads\\\/2025\\\/02\\\/ARA-_-CampanhaAdocao.png\",\"contentUrl\":\"https:\\\/\\\/algarve7.pt\\\/wp-content\\\/uploads\\\/2025\\\/02\\\/ARA-_-CampanhaAdocao.png\",\"width\":800,\"height\":500},{\"@type\":\"BreadcrumbList\",\"@id\":\"https:\\\/\\\/algarve7.pt\\\/index.php\\\/2025\\\/02\\\/a-pensar-em-ter-um-animal-de-estimacao-algarveshopping-promove-campanha-de-adocao\\\/atualidade\\\/07\\\/15\\\/#breadcrumb\",\"itemListElement\":[{\"@type\":\"ListItem\",\"position\":1,\"name\":\"In\u00edcio\",\"item\":\"https:\\\/\\\/algarve7.pt\\\/\"},{\"@type\":\"ListItem\",\"position\":2,\"name\":\"A pensar em ter um animal de estima\u00e7\u00e3o? AlgarveShopping promove campanha de ado\u00e7\u00e3o\"}]},{\"@type\":\"WebSite\",\"@id\":\"https:\\\/\\\/algarve7.pt\\\/#website\",\"url\":\"https:\\\/\\\/algarve7.pt\\\/\",\"name\":\"Algarve 7\",\"description\":\"Informa\u00e7\u00e3o sobre o Algarve\",\"publisher\":{\"@id\":\"https:\\\/\\\/algarve7.pt\\\/#organization\"},\"potentialAction\":[{\"@type\":\"SearchAction\",\"target\":{\"@type\":\"EntryPoint\",\"urlTemplate\":\"https:\\\/\\\/algarve7.pt\\\/?s={search_term_string}\"},\"query-input\":{\"@type\":\"PropertyValueSpecification\",\"valueRequired\":true,\"valueName\":\"search_term_string\"}}],\"inLanguage\":\"pt-PT\"},{\"@type\":\"Organization\",\"@id\":\"https:\\\/\\\/algarve7.pt\\\/#organization\",\"name\":\"Algarve 7\",\"url\":\"https:\\\/\\\/algarve7.pt\\\/\",\"logo\":{\"@type\":\"ImageObject\",\"inLanguage\":\"pt-PT\",\"@id\":\"https:\\\/\\\/algarve7.pt\\\/#\\\/schema\\\/logo\\\/image\\\/\",\"url\":\"https:\\\/\\\/algarve7.pt\\\/wp-content\\\/uploads\\\/2020\\\/10\\\/Logo-8.jpg\",\"contentUrl\":\"https:\\\/\\\/algarve7.pt\\\/wp-content\\\/uploads\\\/2020\\\/10\\\/Logo-8.jpg\",\"width\":1680,\"height\":1186,\"caption\":\"Algarve 7\"},\"image\":{\"@id\":\"https:\\\/\\\/algarve7.pt\\\/#\\\/schema\\\/logo\\\/image\\\/\"},\"sameAs\":[\"https:\\\/\\\/www.facebook.com\\\/algarve7\",\"https:\\\/\\\/x.com\\\/Algarvesete\",\"https:\\\/\\\/www.instagram.com\\\/jornalalgarve7\\\/\",\"https:\\\/\\\/www.linkedin.com\\\/company\\\/algarve7\",\"https:\\\/\\\/www.pinterest.pt\\\/geral0939\\\/_created\\\/\"]},{\"@type\":\"Person\",\"@id\":\"https:\\\/\\\/algarve7.pt\\\/#\\\/schema\\\/person\\\/23fa70681308e7b319a3204bcea45e0c\",\"name\":\"Algarve 7\",\"sameAs\":[\"https:\\\/\\\/algarve7.pt\",\"https:\\\/\\\/www.facebook.com\\\/algarve7\"],\"url\":\"https:\\\/\\\/algarve7.pt\\\/index.php\\\/author\\\/geralalgarve7-pt\\\/\"}]}<\/script>\n<!-- \/ Yoast SEO plugin. -->","yoast_head_json":{"title":"A pensar em ter um animal de estima\u00e7\u00e3o? AlgarveShopping promove campanha de ado\u00e7\u00e3o - Algarve 7","description":"A pensar em ter um animal de estima\u00e7\u00e3o? AlgarveShopping promove campanha de ado\u00e7\u00e3o Atualidade","robots":{"index":"index","follow":"follow","max-snippet":"max-snippet:-1","max-image-preview":"max-image-preview:large","max-video-preview":"max-video-preview:-1"},"canonical":"https:\/\/algarve7.pt\/index.php\/2025\/02\/a-pensar-em-ter-um-animal-de-estimacao-algarveshopping-promove-campanha-de-adocao\/atualidade\/07\/15\/","og_locale":"pt_PT","og_type":"article","og_title":"A pensar em ter um animal de estima\u00e7\u00e3o? AlgarveShopping promove campanha de ado\u00e7\u00e3o - Algarve 7","og_description":"A pensar em ter um animal de estima\u00e7\u00e3o? AlgarveShopping promove campanha de ado\u00e7\u00e3o Atualidade","og_url":"https:\/\/algarve7.pt\/index.php\/2025\/02\/a-pensar-em-ter-um-animal-de-estimacao-algarveshopping-promove-campanha-de-adocao\/atualidade\/07\/15\/","og_site_name":"Algarve 7","article_publisher":"https:\/\/www.facebook.com\/algarve7","article_author":"https:\/\/www.facebook.com\/algarve7","article_published_time":"2025-02-20T07:15:00+00:00","og_image":[{"width":800,"height":500,"url":"https:\/\/algarve7.pt\/wp-content\/uploads\/2025\/02\/ARA-_-CampanhaAdocao.png","type":"image\/png"}],"author":"Algarve 7","twitter_card":"summary_large_image","twitter_creator":"@Algarvesete","twitter_site":"@Algarvesete","twitter_misc":{"Escrito por":"Algarve 7","Tempo estimado de leitura":"2 minutos"},"schema":{"@context":"https:\/\/schema.org","@graph":[{"@type":"Article","@id":"https:\/\/algarve7.pt\/index.php\/2025\/02\/a-pensar-em-ter-um-animal-de-estimacao-algarveshopping-promove-campanha-de-adocao\/atualidade\/07\/15\/#article","isPartOf":{"@id":"https:\/\/algarve7.pt\/index.php\/2025\/02\/a-pensar-em-ter-um-animal-de-estimacao-algarveshopping-promove-campanha-de-adocao\/atualidade\/07\/15\/"},"author":{"name":"Algarve 7","@id":"https:\/\/algarve7.pt\/#\/schema\/person\/23fa70681308e7b319a3204bcea45e0c"},"headline":"A pensar em ter um animal de estima\u00e7\u00e3o? AlgarveShopping promove campanha de ado\u00e7\u00e3o","datePublished":"2025-02-20T07:15:00+00:00","mainEntityOfPage":{"@id":"https:\/\/algarve7.pt\/index.php\/2025\/02\/a-pensar-em-ter-um-animal-de-estimacao-algarveshopping-promove-campanha-de-adocao\/atualidade\/07\/15\/"},"wordCount":270,"publisher":{"@id":"https:\/\/algarve7.pt\/#organization"},"image":{"@id":"https:\/\/algarve7.pt\/index.php\/2025\/02\/a-pensar-em-ter-um-animal-de-estimacao-algarveshopping-promove-campanha-de-adocao\/atualidade\/07\/15\/#primaryimage"},"thumbnailUrl":"https:\/\/algarve7.pt\/wp-content\/uploads\/2025\/02\/ARA-_-CampanhaAdocao.png","keywords":["Algarve","Atualidade","Loul\u00e9"],"articleSection":["Atualidade"],"inLanguage":"pt-PT"},{"@type":"WebPage","@id":"https:\/\/algarve7.pt\/index.php\/2025\/02\/a-pensar-em-ter-um-animal-de-estimacao-algarveshopping-promove-campanha-de-adocao\/atualidade\/07\/15\/","url":"https:\/\/algarve7.pt\/index.php\/2025\/02\/a-pensar-em-ter-um-animal-de-estimacao-algarveshopping-promove-campanha-de-adocao\/atualidade\/07\/15\/","name":"A pensar em ter um animal de estima\u00e7\u00e3o? AlgarveShopping promove campanha de ado\u00e7\u00e3o - Algarve 7","isPartOf":{"@id":"https:\/\/algarve7.pt\/#website"},"primaryImageOfPage":{"@id":"https:\/\/algarve7.pt\/index.php\/2025\/02\/a-pensar-em-ter-um-animal-de-estimacao-algarveshopping-promove-campanha-de-adocao\/atualidade\/07\/15\/#primaryimage"},"image":{"@id":"https:\/\/algarve7.pt\/index.php\/2025\/02\/a-pensar-em-ter-um-animal-de-estimacao-algarveshopping-promove-campanha-de-adocao\/atualidade\/07\/15\/#primaryimage"},"thumbnailUrl":"https:\/\/algarve7.pt\/wp-content\/uploads\/2025\/02\/ARA-_-CampanhaAdocao.png","datePublished":"2025-02-20T07:15:00+00:00","description":"A pensar em ter um animal de estima\u00e7\u00e3o? AlgarveShopping promove campanha de ado\u00e7\u00e3o Atualidade","breadcrumb":{"@id":"https:\/\/algarve7.pt\/index.php\/2025\/02\/a-pensar-em-ter-um-animal-de-estimacao-algarveshopping-promove-campanha-de-adocao\/atualidade\/07\/15\/#breadcrumb"},"inLanguage":"pt-PT","potentialAction":[{"@type":"ReadAction","target":["https:\/\/algarve7.pt\/index.php\/2025\/02\/a-pensar-em-ter-um-animal-de-estimacao-algarveshopping-promove-campanha-de-adocao\/atualidade\/07\/15\/"]}]},{"@type":"ImageObject","inLanguage":"pt-PT","@id":"https:\/\/algarve7.pt\/index.php\/2025\/02\/a-pensar-em-ter-um-animal-de-estimacao-algarveshopping-promove-campanha-de-adocao\/atualidade\/07\/15\/#primaryimage","url":"https:\/\/algarve7.pt\/wp-content\/uploads\/2025\/02\/ARA-_-CampanhaAdocao.png","contentUrl":"https:\/\/algarve7.pt\/wp-content\/uploads\/2025\/02\/ARA-_-CampanhaAdocao.png","width":800,"height":500},{"@type":"BreadcrumbList","@id":"https:\/\/algarve7.pt\/index.php\/2025\/02\/a-pensar-em-ter-um-animal-de-estimacao-algarveshopping-promove-campanha-de-adocao\/atualidade\/07\/15\/#breadcrumb","itemListElement":[{"@type":"ListItem","position":1,"name":"In\u00edcio","item":"https:\/\/algarve7.pt\/"},{"@type":"ListItem","position":2,"name":"A pensar em ter um animal de estima\u00e7\u00e3o? AlgarveShopping promove campanha de ado\u00e7\u00e3o"}]},{"@type":"WebSite","@id":"https:\/\/algarve7.pt\/#website","url":"https:\/\/algarve7.pt\/","name":"Algarve 7","description":"Informa\u00e7\u00e3o sobre o Algarve","publisher":{"@id":"https:\/\/algarve7.pt\/#organization"},"potentialAction":[{"@type":"SearchAction","target":{"@type":"EntryPoint","urlTemplate":"https:\/\/algarve7.pt\/?s={search_term_string}"},"query-input":{"@type":"PropertyValueSpecification","valueRequired":true,"valueName":"search_term_string"}}],"inLanguage":"pt-PT"},{"@type":"Organization","@id":"https:\/\/algarve7.pt\/#organization","name":"Algarve 7","url":"https:\/\/algarve7.pt\/","logo":{"@type":"ImageObject","inLanguage":"pt-PT","@id":"https:\/\/algarve7.pt\/#\/schema\/logo\/image\/","url":"https:\/\/algarve7.pt\/wp-content\/uploads\/2020\/10\/Logo-8.jpg","contentUrl":"https:\/\/algarve7.pt\/wp-content\/uploads\/2020\/10\/Logo-8.jpg","width":1680,"height":1186,"caption":"Algarve 7"},"image":{"@id":"https:\/\/algarve7.pt\/#\/schema\/logo\/image\/"},"sameAs":["https:\/\/www.facebook.com\/algarve7","https:\/\/x.com\/Algarvesete","https:\/\/www.instagram.com\/jornalalgarve7\/","https:\/\/www.linkedin.com\/company\/algarve7","https:\/\/www.pinterest.pt\/geral0939\/_created\/"]},{"@type":"Person","@id":"https:\/\/algarve7.pt\/#\/schema\/person\/23fa70681308e7b319a3204bcea45e0c","name":"Algarve 7","sameAs":["https:\/\/algarve7.pt","https:\/\/www.facebook.com\/algarve7"],"url":"https:\/\/algarve7.pt\/index.php\/author\/geralalgarve7-pt\/"}]}},"jetpack_publicize_connections":[],"jetpack_featured_media_url":"https:\/\/algarve7.pt\/wp-content\/uploads\/2025\/02\/ARA-_-CampanhaAdocao.png","jetpack_shortlink":"https:\/\/wp.me\/pcezmW-cm2","jetpack_sharing_enabled":true,"_links":{"self":[{"href":"https:\/\/algarve7.pt\/index.php\/wp-json\/wp\/v2\/posts\/47494","targetHints":{"allow":["GET"]}}],"collection":[{"href":"https:\/\/algarve7.pt\/index.php\/wp-json\/wp\/v2\/posts"}],"about":[{"href":"https:\/\/algarve7.pt\/index.php\/wp-json\/wp\/v2\/types\/post"}],"author":[{"embeddable":true,"href":"https:\/\/algarve7.pt\/index.php\/wp-json\/wp\/v2\/users\/1"}],"replies":[{"embeddable":true,"href":"https:\/\/algarve7.pt\/index.php\/wp-json\/wp\/v2\/comments?post=47494"}],"version-history":[{"count":0,"href":"https:\/\/algarve7.pt\/index.php\/wp-json\/wp\/v2\/posts\/47494\/revisions"}],"wp:featuredmedia":[{"embeddable":true,"href":"https:\/\/algarve7.pt\/index.php\/wp-json\/wp\/v2\/media\/47495"}],"wp:attachment":[{"href":"https:\/\/algarve7.pt\/index.php\/wp-json\/wp\/v2\/media?parent=47494"}],"wp:term":[{"taxonomy":"category","embeddable":true,"href":"https:\/\/algarve7.pt\/index.php\/wp-json\/wp\/v2\/categories?post=47494"},{"taxonomy":"post_tag","embeddable":true,"href":"https:\/\/algarve7.pt\/index.php\/wp-json\/wp\/v2\/tags?post=47494"}],"curies":[{"name":"wp","href":"https:\/\/api.w.org\/{rel}","templated":true}]}}